{"id":6998,"date":"2024-12-09T05:00:36","date_gmt":"2024-12-09T08:00:36","guid":{"rendered":"https:\/\/diariodepe.com.br\/cri\/?p=6998"},"modified":"2024-12-09T05:00:36","modified_gmt":"2024-12-09T08:00:36","slug":"forcas-da-oposicao-na-siria-anunciam-derrubada-do-regime-de-bashar-al-assad-2","status":"publish","type":"post","link":"https:\/\/diariodepe.com.br\/cri\/2024\/12\/09\/forcas-da-oposicao-na-siria-anunciam-derrubada-do-regime-de-bashar-al-assad-2\/","title":{"rendered":"For\u00e7as da oposi\u00e7\u00e3o na S\u00edria anunciam derrubada do regime de Bashar al-Assad"},"content":{"rendered":"<p><span lang=\"PT-BR\">As for\u00e7as de oposi\u00e7\u00e3o na S\u00edria anunciaram neste domingo (8), nos canais de televis\u00e3o estatais, que haviam assumido o controle da capital Damasco, derrubando o regime do presidente Bashar al-Assad, que estava no poder h\u00e1 24 anos.<\/span><\/p>\n<p><span lang=\"PT-BR\">De acordo com relatos da m\u00eddia, o ex\u00e9rcito nacional s\u00edrio disse que o regime de Bashar al-Assad chegou ao fim. O primeiro-ministro do pa\u00eds, Mohammed Jalali, afirmou tamb\u00e9m neste domingo que estava pronto para cooperar com qualquer l\u00edder escolhido pelo povo.<\/span><\/p>\n","protected":false},"excerpt":{"rendered":"<p>As for\u00e7as de oposi\u00e7\u00e3o na S\u00edria anunciaram neste domingo (8), nos canais de televis\u00e3o estatais, que haviam assumido o controle da capital Damasco, derrubando o regime do presidente Bashar al-Assad, que estava no poder h\u00e1 24 anos. De acordo com&#8230;<\/p>\n","protected":false},"author":2,"featured_media":0,"comment_status":"open","ping_status":"open","sticky":false,"template":"","format":"standard","meta":{"footnotes":""},"categories":[8],"tags":[],"class_list":["post-6998","post","type-post","status-publish","format-standard","hentry","category-internacional"],"yoast_head":"<!-- This site is optimized with the Yoast SEO plugin v27.4 - https:\/\/yoast.com\/product\/yoast-seo-wordpress\/ -->\n<title>For\u00e7as da oposi\u00e7\u00e3o na S\u00edria anunciam derrubada do regime de Bashar al-Assad - CRI e Diario de Pernambuco<\/title>\n<meta name=\"robots\" content=\"index, follow, max-snippet:-1, max-image-preview:large, max-video-preview:-1\" \/>\n<link rel=\"canonical\" href=\"https:\/\/diariodepe.com.br\/cri\/2024\/12\/09\/forcas-da-oposicao-na-siria-anunciam-derrubada-do-regime-de-bashar-al-assad-2\/\" \/>\n<meta property=\"og:locale\" content=\"pt_BR\" \/>\n<meta property=\"og:type\" content=\"article\" \/>\n<meta property=\"og:title\" content=\"For\u00e7as da oposi\u00e7\u00e3o na S\u00edria anunciam derrubada do regime de Bashar al-Assad - CRI e Diario de Pernambuco\" \/>\n<meta property=\"og:description\" content=\"As for\u00e7as de oposi\u00e7\u00e3o na S\u00edria anunciaram neste domingo (8), nos canais de televis\u00e3o estatais, que haviam assumido o controle da capital Damasco, derrubando o regime do presidente Bashar al-Assad, que estava no poder h\u00e1 24 anos. De acordo com...\" \/>\n<meta property=\"og:url\" content=\"https:\/\/diariodepe.com.br\/cri\/2024\/12\/09\/forcas-da-oposicao-na-siria-anunciam-derrubada-do-regime-de-bashar-al-assad-2\/\" \/>\n<meta property=\"og:site_name\" content=\"CRI e Diario de Pernambuco\" \/>\n<meta property=\"article:published_time\" content=\"2024-12-09T08:00:36+00:00\" \/>\n<meta name=\"author\" content=\"Ismael Lucas S. Pereira\" \/>\n<meta name=\"twitter:card\" content=\"summary_large_image\" \/>\n<meta name=\"twitter:label1\" content=\"Escrito por\" \/>\n\t<meta name=\"twitter:data1\" content=\"Ismael Lucas S. Pereira\" \/>\n\t<meta name=\"twitter:label2\" content=\"Est. tempo de leitura\" \/>\n\t<meta name=\"twitter:data2\" content=\"1 minuto\" \/>\n<script type=\"application\/ld+json\" class=\"yoast-schema-graph\">{\"@context\":\"https:\\\/\\\/schema.org\",\"@graph\":[{\"@type\":\"Article\",\"@id\":\"https:\\\/\\\/diariodepe.com.br\\\/cri\\\/2024\\\/12\\\/09\\\/forcas-da-oposicao-na-siria-anunciam-derrubada-do-regime-de-bashar-al-assad-2\\\/#article\",\"isPartOf\":{\"@id\":\"https:\\\/\\\/diariodepe.com.br\\\/cri\\\/2024\\\/12\\\/09\\\/forcas-da-oposicao-na-siria-anunciam-derrubada-do-regime-de-bashar-al-assad-2\\\/\"},\"author\":{\"name\":\"Ismael Lucas S. Pereira\",\"@id\":\"https:\\\/\\\/diariodepe.com.br\\\/cri\\\/#\\\/schema\\\/person\\\/121bb28d84f1a5b1205ef4ce9c2e0c6b\"},\"headline\":\"For\u00e7as da oposi\u00e7\u00e3o na S\u00edria anunciam derrubada do regime de Bashar al-Assad\",\"datePublished\":\"2024-12-09T08:00:36+00:00\",\"mainEntityOfPage\":{\"@id\":\"https:\\\/\\\/diariodepe.com.br\\\/cri\\\/2024\\\/12\\\/09\\\/forcas-da-oposicao-na-siria-anunciam-derrubada-do-regime-de-bashar-al-assad-2\\\/\"},\"wordCount\":101,\"commentCount\":0,\"publisher\":{\"@id\":\"https:\\\/\\\/diariodepe.com.br\\\/cri\\\/#organization\"},\"articleSection\":[\"Internacional\"],\"inLanguage\":\"pt-BR\",\"potentialAction\":[{\"@type\":\"CommentAction\",\"name\":\"Comment\",\"target\":[\"https:\\\/\\\/diariodepe.com.br\\\/cri\\\/2024\\\/12\\\/09\\\/forcas-da-oposicao-na-siria-anunciam-derrubada-do-regime-de-bashar-al-assad-2\\\/#respond\"]}]},{\"@type\":\"WebPage\",\"@id\":\"https:\\\/\\\/diariodepe.com.br\\\/cri\\\/2024\\\/12\\\/09\\\/forcas-da-oposicao-na-siria-anunciam-derrubada-do-regime-de-bashar-al-assad-2\\\/\",\"url\":\"https:\\\/\\\/diariodepe.com.br\\\/cri\\\/2024\\\/12\\\/09\\\/forcas-da-oposicao-na-siria-anunciam-derrubada-do-regime-de-bashar-al-assad-2\\\/\",\"name\":\"For\u00e7as da oposi\u00e7\u00e3o na S\u00edria anunciam derrubada do regime de Bashar al-Assad - CRI e Diario de Pernambuco\",\"isPartOf\":{\"@id\":\"https:\\\/\\\/diariodepe.com.br\\\/cri\\\/#website\"},\"datePublished\":\"2024-12-09T08:00:36+00:00\",\"breadcrumb\":{\"@id\":\"https:\\\/\\\/diariodepe.com.br\\\/cri\\\/2024\\\/12\\\/09\\\/forcas-da-oposicao-na-siria-anunciam-derrubada-do-regime-de-bashar-al-assad-2\\\/#breadcrumb\"},\"inLanguage\":\"pt-BR\",\"potentialAction\":[{\"@type\":\"ReadAction\",\"target\":[\"https:\\\/\\\/diariodepe.com.br\\\/cri\\\/2024\\\/12\\\/09\\\/forcas-da-oposicao-na-siria-anunciam-derrubada-do-regime-de-bashar-al-assad-2\\\/\"]}]},{\"@type\":\"BreadcrumbList\",\"@id\":\"https:\\\/\\\/diariodepe.com.br\\\/cri\\\/2024\\\/12\\\/09\\\/forcas-da-oposicao-na-siria-anunciam-derrubada-do-regime-de-bashar-al-assad-2\\\/#breadcrumb\",\"itemListElement\":[{\"@type\":\"ListItem\",\"position\":1,\"name\":\"In\u00edcio\",\"item\":\"https:\\\/\\\/diariodepe.com.br\\\/cri\\\/\"},{\"@type\":\"ListItem\",\"position\":2,\"name\":\"For\u00e7as da oposi\u00e7\u00e3o na S\u00edria anunciam derrubada do regime de Bashar al-Assad\"}]},{\"@type\":\"WebSite\",\"@id\":\"https:\\\/\\\/diariodepe.com.br\\\/cri\\\/#website\",\"url\":\"https:\\\/\\\/diariodepe.com.br\\\/cri\\\/\",\"name\":\"CRI e Diario de Pernambuco\",\"description\":\"R\u00e1dio Internacional da China\",\"publisher\":{\"@id\":\"https:\\\/\\\/diariodepe.com.br\\\/cri\\\/#organization\"},\"potentialAction\":[{\"@type\":\"SearchAction\",\"target\":{\"@type\":\"EntryPoint\",\"urlTemplate\":\"https:\\\/\\\/diariodepe.com.br\\\/cri\\\/?s={search_term_string}\"},\"query-input\":{\"@type\":\"PropertyValueSpecification\",\"valueRequired\":true,\"valueName\":\"search_term_string\"}}],\"inLanguage\":\"pt-BR\"},{\"@type\":\"Organization\",\"@id\":\"https:\\\/\\\/diariodepe.com.br\\\/cri\\\/#organization\",\"name\":\"CRI e Diario de Pernambuco\",\"url\":\"https:\\\/\\\/diariodepe.com.br\\\/cri\\\/\",\"logo\":{\"@type\":\"ImageObject\",\"inLanguage\":\"pt-BR\",\"@id\":\"https:\\\/\\\/diariodepe.com.br\\\/cri\\\/#\\\/schema\\\/logo\\\/image\\\/\",\"url\":\"https:\\\/\\\/diariodepe.com.br\\\/cri\\\/wp-content\\\/uploads\\\/sites\\\/2\\\/2022\\\/12\\\/cropped-Logo.jpg\",\"contentUrl\":\"https:\\\/\\\/diariodepe.com.br\\\/cri\\\/wp-content\\\/uploads\\\/sites\\\/2\\\/2022\\\/12\\\/cropped-Logo.jpg\",\"width\":700,\"height\":59,\"caption\":\"CRI e Diario de Pernambuco\"},\"image\":{\"@id\":\"https:\\\/\\\/diariodepe.com.br\\\/cri\\\/#\\\/schema\\\/logo\\\/image\\\/\"}},{\"@type\":\"Person\",\"@id\":\"https:\\\/\\\/diariodepe.com.br\\\/cri\\\/#\\\/schema\\\/person\\\/121bb28d84f1a5b1205ef4ce9c2e0c6b\",\"name\":\"Ismael Lucas S. Pereira\",\"image\":{\"@type\":\"ImageObject\",\"inLanguage\":\"pt-BR\",\"@id\":\"https:\\\/\\\/secure.gravatar.com\\\/avatar\\\/887a0f3b5a7ceea963a48499fb883ffce6b5037362def025c52c2505b15d63e4?s=96&d=mm&r=g\",\"url\":\"https:\\\/\\\/secure.gravatar.com\\\/avatar\\\/887a0f3b5a7ceea963a48499fb883ffce6b5037362def025c52c2505b15d63e4?s=96&d=mm&r=g\",\"contentUrl\":\"https:\\\/\\\/secure.gravatar.com\\\/avatar\\\/887a0f3b5a7ceea963a48499fb883ffce6b5037362def025c52c2505b15d63e4?s=96&d=mm&r=g\",\"caption\":\"Ismael Lucas S. Pereira\"},\"url\":\"https:\\\/\\\/diariodepe.com.br\\\/cri\\\/author\\\/ismael-lucas\\\/\"}]}<\/script>\n<!-- \/ Yoast SEO plugin. -->","yoast_head_json":{"title":"For\u00e7as da oposi\u00e7\u00e3o na S\u00edria anunciam derrubada do regime de Bashar al-Assad - CRI e Diario de Pernambuco","robots":{"index":"index","follow":"follow","max-snippet":"max-snippet:-1","max-image-preview":"max-image-preview:large","max-video-preview":"max-video-preview:-1"},"canonical":"https:\/\/diariodepe.com.br\/cri\/2024\/12\/09\/forcas-da-oposicao-na-siria-anunciam-derrubada-do-regime-de-bashar-al-assad-2\/","og_locale":"pt_BR","og_type":"article","og_title":"For\u00e7as da oposi\u00e7\u00e3o na S\u00edria anunciam derrubada do regime de Bashar al-Assad - CRI e Diario de Pernambuco","og_description":"As for\u00e7as de oposi\u00e7\u00e3o na S\u00edria anunciaram neste domingo (8), nos canais de televis\u00e3o estatais, que haviam assumido o controle da capital Damasco, derrubando o regime do presidente Bashar al-Assad, que estava no poder h\u00e1 24 anos. De acordo com...","og_url":"https:\/\/diariodepe.com.br\/cri\/2024\/12\/09\/forcas-da-oposicao-na-siria-anunciam-derrubada-do-regime-de-bashar-al-assad-2\/","og_site_name":"CRI e Diario de Pernambuco","article_published_time":"2024-12-09T08:00:36+00:00","author":"Ismael Lucas S. Pereira","twitter_card":"summary_large_image","twitter_misc":{"Escrito por":"Ismael Lucas S. Pereira","Est. tempo de leitura":"1 minuto"},"schema":{"@context":"https:\/\/schema.org","@graph":[{"@type":"Article","@id":"https:\/\/diariodepe.com.br\/cri\/2024\/12\/09\/forcas-da-oposicao-na-siria-anunciam-derrubada-do-regime-de-bashar-al-assad-2\/#article","isPartOf":{"@id":"https:\/\/diariodepe.com.br\/cri\/2024\/12\/09\/forcas-da-oposicao-na-siria-anunciam-derrubada-do-regime-de-bashar-al-assad-2\/"},"author":{"name":"Ismael Lucas S. Pereira","@id":"https:\/\/diariodepe.com.br\/cri\/#\/schema\/person\/121bb28d84f1a5b1205ef4ce9c2e0c6b"},"headline":"For\u00e7as da oposi\u00e7\u00e3o na S\u00edria anunciam derrubada do regime de Bashar al-Assad","datePublished":"2024-12-09T08:00:36+00:00","mainEntityOfPage":{"@id":"https:\/\/diariodepe.com.br\/cri\/2024\/12\/09\/forcas-da-oposicao-na-siria-anunciam-derrubada-do-regime-de-bashar-al-assad-2\/"},"wordCount":101,"commentCount":0,"publisher":{"@id":"https:\/\/diariodepe.com.br\/cri\/#organization"},"articleSection":["Internacional"],"inLanguage":"pt-BR","potentialAction":[{"@type":"CommentAction","name":"Comment","target":["https:\/\/diariodepe.com.br\/cri\/2024\/12\/09\/forcas-da-oposicao-na-siria-anunciam-derrubada-do-regime-de-bashar-al-assad-2\/#respond"]}]},{"@type":"WebPage","@id":"https:\/\/diariodepe.com.br\/cri\/2024\/12\/09\/forcas-da-oposicao-na-siria-anunciam-derrubada-do-regime-de-bashar-al-assad-2\/","url":"https:\/\/diariodepe.com.br\/cri\/2024\/12\/09\/forcas-da-oposicao-na-siria-anunciam-derrubada-do-regime-de-bashar-al-assad-2\/","name":"For\u00e7as da oposi\u00e7\u00e3o na S\u00edria anunciam derrubada do regime de Bashar al-Assad - CRI e Diario de Pernambuco","isPartOf":{"@id":"https:\/\/diariodepe.com.br\/cri\/#website"},"datePublished":"2024-12-09T08:00:36+00:00","breadcrumb":{"@id":"https:\/\/diariodepe.com.br\/cri\/2024\/12\/09\/forcas-da-oposicao-na-siria-anunciam-derrubada-do-regime-de-bashar-al-assad-2\/#breadcrumb"},"inLanguage":"pt-BR","potentialAction":[{"@type":"ReadAction","target":["https:\/\/diariodepe.com.br\/cri\/2024\/12\/09\/forcas-da-oposicao-na-siria-anunciam-derrubada-do-regime-de-bashar-al-assad-2\/"]}]},{"@type":"BreadcrumbList","@id":"https:\/\/diariodepe.com.br\/cri\/2024\/12\/09\/forcas-da-oposicao-na-siria-anunciam-derrubada-do-regime-de-bashar-al-assad-2\/#breadcrumb","itemListElement":[{"@type":"ListItem","position":1,"name":"In\u00edcio","item":"https:\/\/diariodepe.com.br\/cri\/"},{"@type":"ListItem","position":2,"name":"For\u00e7as da oposi\u00e7\u00e3o na S\u00edria anunciam derrubada do regime de Bashar al-Assad"}]},{"@type":"WebSite","@id":"https:\/\/diariodepe.com.br\/cri\/#website","url":"https:\/\/diariodepe.com.br\/cri\/","name":"CRI e Diario de Pernambuco","description":"R\u00e1dio Internacional da China","publisher":{"@id":"https:\/\/diariodepe.com.br\/cri\/#organization"},"potentialAction":[{"@type":"SearchAction","target":{"@type":"EntryPoint","urlTemplate":"https:\/\/diariodepe.com.br\/cri\/?s={search_term_string}"},"query-input":{"@type":"PropertyValueSpecification","valueRequired":true,"valueName":"search_term_string"}}],"inLanguage":"pt-BR"},{"@type":"Organization","@id":"https:\/\/diariodepe.com.br\/cri\/#organization","name":"CRI e Diario de Pernambuco","url":"https:\/\/diariodepe.com.br\/cri\/","logo":{"@type":"ImageObject","inLanguage":"pt-BR","@id":"https:\/\/diariodepe.com.br\/cri\/#\/schema\/logo\/image\/","url":"https:\/\/diariodepe.com.br\/cri\/wp-content\/uploads\/sites\/2\/2022\/12\/cropped-Logo.jpg","contentUrl":"https:\/\/diariodepe.com.br\/cri\/wp-content\/uploads\/sites\/2\/2022\/12\/cropped-Logo.jpg","width":700,"height":59,"caption":"CRI e Diario de Pernambuco"},"image":{"@id":"https:\/\/diariodepe.com.br\/cri\/#\/schema\/logo\/image\/"}},{"@type":"Person","@id":"https:\/\/diariodepe.com.br\/cri\/#\/schema\/person\/121bb28d84f1a5b1205ef4ce9c2e0c6b","name":"Ismael Lucas S. Pereira","image":{"@type":"ImageObject","inLanguage":"pt-BR","@id":"https:\/\/secure.gravatar.com\/avatar\/887a0f3b5a7ceea963a48499fb883ffce6b5037362def025c52c2505b15d63e4?s=96&d=mm&r=g","url":"https:\/\/secure.gravatar.com\/avatar\/887a0f3b5a7ceea963a48499fb883ffce6b5037362def025c52c2505b15d63e4?s=96&d=mm&r=g","contentUrl":"https:\/\/secure.gravatar.com\/avatar\/887a0f3b5a7ceea963a48499fb883ffce6b5037362def025c52c2505b15d63e4?s=96&d=mm&r=g","caption":"Ismael Lucas S. Pereira"},"url":"https:\/\/diariodepe.com.br\/cri\/author\/ismael-lucas\/"}]}},"cc_featured_image_caption":{"caption_text":false,"source_text":false,"source_url":false},"amp_enabled":true,"_links":{"self":[{"href":"https:\/\/diariodepe.com.br\/cri\/wp-json\/wp\/v2\/posts\/6998","targetHints":{"allow":["GET"]}}],"collection":[{"href":"https:\/\/diariodepe.com.br\/cri\/wp-json\/wp\/v2\/posts"}],"about":[{"href":"https:\/\/diariodepe.com.br\/cri\/wp-json\/wp\/v2\/types\/post"}],"author":[{"embeddable":true,"href":"https:\/\/diariodepe.com.br\/cri\/wp-json\/wp\/v2\/users\/2"}],"replies":[{"embeddable":true,"href":"https:\/\/diariodepe.com.br\/cri\/wp-json\/wp\/v2\/comments?post=6998"}],"version-history":[{"count":1,"href":"https:\/\/diariodepe.com.br\/cri\/wp-json\/wp\/v2\/posts\/6998\/revisions"}],"predecessor-version":[{"id":6999,"href":"https:\/\/diariodepe.com.br\/cri\/wp-json\/wp\/v2\/posts\/6998\/revisions\/6999"}],"wp:attachment":[{"href":"https:\/\/diariodepe.com.br\/cri\/wp-json\/wp\/v2\/media?parent=6998"}],"wp:term":[{"taxonomy":"category","embeddable":true,"href":"https:\/\/diariodepe.com.br\/cri\/wp-json\/wp\/v2\/categories?post=6998"},{"taxonomy":"post_tag","embeddable":true,"href":"https:\/\/diariodepe.com.br\/cri\/wp-json\/wp\/v2\/tags?post=6998"}],"curies":[{"name":"wp","href":"https:\/\/api.w.org\/{rel}","templated":true}]}}