{"id":6971,"date":"2024-12-03T06:15:19","date_gmt":"2024-12-03T09:15:19","guid":{"rendered":"https:\/\/diariodepe.com.br\/cri\/?p=6971"},"modified":"2024-12-03T06:15:19","modified_gmt":"2024-12-03T09:15:19","slug":"v-conferencia-internacional-de-cooperacao-portugal-china-sob-o-signo-da-cooperacao-portugal-china-no-contexto-da-ue-e-do-sul-global-o-erguer-do-brasil-e-da-africa","status":"publish","type":"post","link":"https:\/\/diariodepe.com.br\/cri\/2024\/12\/03\/v-conferencia-internacional-de-cooperacao-portugal-china-sob-o-signo-da-cooperacao-portugal-china-no-contexto-da-ue-e-do-sul-global-o-erguer-do-brasil-e-da-africa\/","title":{"rendered":"V Confer\u00eancia Internacional de Coopera\u00e7\u00e3o Portugal-China, sob o signo da Coopera\u00e7\u00e3o Portugal-China, no contexto da UE e do Sul Global, o erguer do Brasil e da \u00c1frica"},"content":{"rendered":"<p align=\"justify\">A V Confer\u00eancia foi uma iniciativa da C\u00e2mara de Coopera\u00e7\u00e3o e Desenvolvimento de Portugal China, do Observat\u00f3rio da China, e da Uni\u00e3o de Associa\u00e7\u00f5es de Coopera\u00e7\u00e3o e Amizade Portugal-China, com o apoio da Embaixada da China em Portugal, e refor\u00e7ada pelo Instituto Nacional de Estrat\u00e9gia Global da China e o Centro Cultural e Cient\u00edfico de Macau. O presidente de Portugal saudou a Confer\u00eancia.<\/p>\n<p align=\"justify\">\u00a0<img decoding=\"async\" src=\"https:\/\/38picres.cgtn.com\/photoAlbum\/page\/performance\/img\/2024\/12\/2\/1733130834052_856.jpg\" width=\"100%\" height=\"auto\" \/><\/p>\n<p align=\"justify\">\u201cA China, desempenha hoje um papel fundamental na negocia\u00e7\u00e3o dos conflitos e na conten\u00e7\u00e3o da guerra\u201d, afirmou o presidente da Uni\u00e3o das Associa\u00e7\u00f5es de Coopera\u00e7\u00e3o e Amizade Portugal-China, professor Ant\u00f3nio dos Santos Queir\u00f3s, sublinhando que se Portugal n\u00e3o se integrar, cada vez mais, nesse polo (sem ter de excluir a UE e outras parcerias internacionais), nos planos cultural, pol\u00edtico e econ\u00f3mico, nos pr\u00f3ximos dec\u00e9nios, a sua diplomacia global tornar-se-\u00e1 completamente irrelevante. Concluindo: \u201c\u00c9 a constru\u00e7\u00e3o do pilar representado pela coopera\u00e7\u00e3o multilateral dos Pa\u00edses de L\u00edngua Portuguesa com a China que pode restituir a Portugal a sua plena soberania, se a UE se desagregar ou renascer como uma Nova Democracia\u201d.<\/p>\n<p align=\"justify\">\n<p align=\"justify\">Em conson\u00e2ncia com esta vis\u00e3o, o Major General Agostinho Costa, vice-presidente do Centro de Estudos EuroDefense-Portugal, analisou a situa\u00e7\u00e3o mundial a partir do confronto entre dois blocos geopol\u00edticos, em ascens\u00e3o, aquele que a China lidera, que conclama as na\u00e7\u00f5es para a cria\u00e7\u00e3o de uma nova ordem internacional de harmonia e coopera\u00e7\u00e3o pac\u00edfica e o outrora bloco hegem\u00f3nico, anglo-americano, que n\u00e3o desiste de resistir pela for\u00e7a \u00e0 irrevers\u00edvel perda dessa hegemonia.<\/p>\n<p align=\"justify\">\n<p align=\"justify\">Alberto Laplaine Guimar\u00e3es, secret\u00e1rio-geral da C\u00e2mara Municipal de Lisboa, fez um veemente apelo \u00e0 paz como causa comum de toda a humanidade.<\/p>\n<p align=\"justify\">\n<p>O embaixador da China em Portugal, Zhao Bentang,\u00a0sublinhou, na sua comunica\u00e7\u00e3o, a import\u00e2ncia da recente resolu\u00e7\u00e3o da terceira sess\u00e3o plen\u00e1ria do 20\u00ba Comit\u00ea Central do Partido Comunista da China (PCCh), enfatizando que a moderniza\u00e7\u00e3o chinesa segue o caminho do desenvolvimento pac\u00edfico e compartilhado, assente numa pol\u00edtica externa de paz, mas tamb\u00e9m ecologicamente sustent\u00e1vel.<\/p>\n<p align=\"justify\">\n<p align=\"justify\">O General Pinto Ramalho, presidente da Associa\u00e7\u00e3o Multissecular de Amizade Portugal-China, antigo chefe do Estado-Maior do Ex\u00e9rcito, valorizou a longa e cordial rela\u00e7\u00e3o entre Portugal e a China, e valorizou tamb\u00e9m o apelo \u00e0 solidariedade e a busca da manuten\u00e7\u00e3o da capacidade de interven\u00e7\u00e3o da ONU, previsto na Agenda para a Paz.<\/p>\n<p align=\"justify\">\n<p align=\"justify\">A pesquisadora do Observat\u00f3rio da China\u00a0(OC) e diretora da C\u00e2mara de Coopera\u00e7\u00e3o e Desenvolvimento Portugal-China (CCDPCh), Caroline Cicarello, afirmou que a Iniciativa Cintur\u00e3o e Rota (ICR) representa a express\u00e3o internacional da capacidade chinesa de proje\u00e7\u00e3o da oferta e da procura ao n\u00edvel mais elevado das industriais tradicionais e tecnol\u00f3gicas, como pontuado por Xi Jinping.<\/p>\n<p align=\"justify\">\n<p align=\"justify\">O consultor da Presid\u00eancia do Novo Banco de Desenvolvimento (NDB), Elias Jabbour, disse: \u201cExiste uma globaliza\u00e7\u00e3o liderada pela China, intimamente ligada com a capacidade da China em exportar bens de uso. Isso impulsiona a multipolaridade. Os BRICS+ n\u00e3o surgem como uma alian\u00e7a antiocidental, apenas n\u00e3o \u00e9 uma articula\u00e7\u00e3o de pa\u00edses ocidentais no desenvolvimento econ\u00f4mico\u201d.<\/p>\n<p align=\"justify\">\n<p align=\"justify\">Pedro Anjos, do OC e da UALP, disse que o Brasil, maior economia da Am\u00e9rica do Sul e principal parceiro comercial da China, assume um papel central na din\u00e2mica comercial global. O Timor-Leste\u00a0refor\u00e7a a integra\u00e7\u00e3o da China no sudeste asi\u00e1tico, enquanto Portugal, com o seu acesso ao mercado europeu, \u00e9 um elo vital para a diplomacia econ\u00f4mica da China.<\/p>\n<p align=\"justify\">\n<p align=\"justify\">O professor Paulo Duarte, da Universidade\u00a0Lus\u00f3fona e da Universidade\u00a0do Minho, com uma interven\u00e7\u00e3o cr\u00edtica sobre o posicionamento da Europa ao sabor da estrat\u00e9gia definida pelos EUA. Real\u00e7ou a descarboniza\u00e7\u00e3o na China, apontando significativos progressos em diversas \u00e1reas.<\/p>\n<p align=\"justify\">\n<p align=\"justify\">Cristina de Jesus, anterior deputada da Assembleia da Rep\u00fablica, da CCDPCh e da Universidade\u00a0Aveiro analisou a China como l\u00edder mundial do turismo emissor e da sua transi\u00e7\u00e3o para o novo paradigma de turismo ambiental. A ecociviliza\u00e7\u00e3o \u00e9 como um novo paradigma para o desenvolvimento da China e do mundo, o turismo chin\u00eas como ind\u00fastria da paz e da regenera\u00e7\u00e3o dos ecossistemas.<\/p>\n<p align=\"justify\">\n<p align=\"justify\">A professora Maria Fernanda Ilh\u00e9u, presidente da Associa\u00e7\u00e3o Amigos do Cintur\u00e3o e Rota (Nova Roda da Seda), evidenciou o crescimento dos investimentos estrangeiros na China, como um fator crucial para estabilizar e dar confian\u00e7a ao mercado internacional e a import\u00e2ncia dos investimentos chineses para o desenvolvimento sustent\u00e1vel dos pa\u00edses do\u00a0SUL, a economia mundial e a redu\u00e7\u00e3o da pobreza.<\/p>\n<p align=\"justify\">\n<p align=\"justify\">O Dr. Jo\u00e3o Santos Pinto, da C\u00e2mara de Com\u00e9rcio e Ind\u00fastria Luso-Brasileira (CCILB), destacou o papel hist\u00f3rico da C\u00e2mara, sublinhando as facilidades oferecidas pela CCILB aos empres\u00e1rios, nomeadamente o apoio log\u00edstico, a assessoria comercial e jur\u00eddica, com o objetivo de fomentar o fortalecimento das economias do Mercosul e da Uni\u00e3o Europeia.<\/p>\n<p align=\"justify\">\n<p align=\"justify\">O Dr. Bernardo Mendia, secret\u00e1rio-geral da C\u00e2mara de Com\u00e9rcio e Ind\u00fastria Luso-Chinesa (CCILC) e presidente da C\u00e2mara de Com\u00e9rcio e Ind\u00fastria Portugal-Hong Kong (PHKCCI), analisou as oportunidades de colabora\u00e7\u00e3o entre Portugal, a parte continental da China\u00a0e Hong Kong, real\u00e7ando o papel estrat\u00e9gico das c\u00e2maras de com\u00e9rcio na dinamiza\u00e7\u00e3o de parcerias econ\u00f4micas e comerciais.<\/p>\n<p align=\"justify\">\n<p align=\"justify\">O Sr. Y Ping Chow, presidente da C\u00e2mara do Com\u00e9rcio Portugal-China PME (CCPC-PME), salientou a import\u00e2ncia de um visa golden tecnol\u00f3gico em Portugal, como forma de atrair investimento para as \u00e1reas tecnol\u00f3gicas e de investiga\u00e7\u00e3o e exaltou os acordos realizados no \u00e2mbito do projeto\u00a0da\u00a0Grande \u00c1rea da Ba\u00eda Guangdong-Hong Kong-Macau, no\u00a0\u00faltimo F\u00f3rum Macau.<\/p>\n<p align=\"justify\">\n<p align=\"justify\">O Sr. Choi Man Hin, presidente da Associa\u00e7\u00e3o de Comerciantes e Industriais Luso-Chinesa\u00a0sublinhou o impacto do Cintur\u00e3o e Rota (Nova Roda da Seda)\u00a0nas rela\u00e7\u00f5es entre a Uni\u00e3o Europeia e a Rep\u00fablica Popular da China, atendendo \u00e0 evolu\u00e7\u00e3o das rela\u00e7\u00f5es entre ambos nos \u00faltimos vinte anos, assim como ao interesse em aderir a este megaprojeto dos pa\u00edses que integram os BRICS.<\/p>\n<p align=\"justify\">\n<p align=\"justify\">O Dr. Ant\u00f3nio Costa Silva, ministro da Economia do XXIII Governo de Portugal, na \u00e1rea energ\u00e9tica, referiu a vantagem comparativa de Portugal relativamente \u00e0 Europa, atrav\u00e9s dos pre\u00e7os significativamente mais baixos, valorizando a aposta de Portugal nas energias renov\u00e1veis atrav\u00e9s de parcerias estrat\u00e9gicas como a EDP.<\/p>\n<p align=\"justify\">\n<p align=\"justify\">O Dr. Rui Lourido, presidente do OC, historiou as rela\u00e7\u00f5es de coopera\u00e7\u00e3o entre os PLP e a China e as iniciativas do OC, destacando o reposit\u00f3rio digital sobre Macau.<\/p>\n<p align=\"justify\">\n<p align=\"justify\">A professora Gao Haihong, presidente do Centro de Investiga\u00e7\u00e3o de Finan\u00e7as Internacionais, do Instituto Nacional de Estrat\u00e9gia Global (NIGS), da Academia de Ci\u00eancias Sociais da China, apresentou as propostas da China para a reforma democr\u00e1tica do sistema financeiro internacional.<\/p>\n<p align=\"justify\">\n<p align=\"justify\">O Dr. Lu\u00eds \u00c1lvaro Campos Ferreira, atual secret\u00e1rio-geral da Uni\u00e3o das Cidades Capitais de L\u00edngua Portuguesa (UCCLA) e antigo secret\u00e1rio de Estado dos Neg\u00f3cios Estrangeiros e Coopera\u00e7\u00e3o do XX Governo, e o Dr. Vitor Ramalho, o seu antecessor, defenderam o desenvolvimento da coopera\u00e7\u00e3o a todos os n\u00edveis, destacando o papel das autarquias.<\/p>\n","protected":false},"excerpt":{"rendered":"<p>A V Confer\u00eancia foi uma iniciativa da C\u00e2mara de Coopera\u00e7\u00e3o e Desenvolvimento de Portugal China, do Observat\u00f3rio da China, e da Uni\u00e3o de Associa\u00e7\u00f5es de Coopera\u00e7\u00e3o e Amizade Portugal-China, com o apoio da Embaixada da China em Portugal, e refor\u00e7ada&#8230;<\/p>\n","protected":false},"author":2,"featured_media":0,"comment_status":"open","ping_status":"open","sticky":false,"template":"","format":"standard","meta":{"footnotes":""},"categories":[8],"tags":[],"class_list":["post-6971","post","type-post","status-publish","format-standard","hentry","category-internacional"],"yoast_head":"<!-- This site is optimized with the Yoast SEO plugin v27.4 - https:\/\/yoast.com\/product\/yoast-seo-wordpress\/ -->\n<title>V Confer\u00eancia Internacional de Coopera\u00e7\u00e3o Portugal-China, sob o signo da Coopera\u00e7\u00e3o Portugal-China, no contexto da UE e do Sul Global, o erguer do Brasil e da \u00c1frica - CRI e Diario de Pernambuco<\/title>\n<meta name=\"robots\" content=\"index, follow, max-snippet:-1, max-image-preview:large, max-video-preview:-1\" \/>\n<link rel=\"canonical\" href=\"https:\/\/diariodepe.com.br\/cri\/2024\/12\/03\/v-conferencia-internacional-de-cooperacao-portugal-china-sob-o-signo-da-cooperacao-portugal-china-no-contexto-da-ue-e-do-sul-global-o-erguer-do-brasil-e-da-africa\/\" \/>\n<meta property=\"og:locale\" content=\"pt_BR\" \/>\n<meta property=\"og:type\" content=\"article\" \/>\n<meta property=\"og:title\" content=\"V Confer\u00eancia Internacional de Coopera\u00e7\u00e3o Portugal-China, sob o signo da Coopera\u00e7\u00e3o Portugal-China, no contexto da UE e do Sul Global, o erguer do Brasil e da \u00c1frica - CRI e Diario de Pernambuco\" \/>\n<meta property=\"og:description\" content=\"A V Confer\u00eancia foi uma iniciativa da C\u00e2mara de Coopera\u00e7\u00e3o e Desenvolvimento de Portugal China, do Observat\u00f3rio da China, e da Uni\u00e3o de Associa\u00e7\u00f5es de Coopera\u00e7\u00e3o e Amizade Portugal-China, com o apoio da Embaixada da China em Portugal, e refor\u00e7ada...\" \/>\n<meta property=\"og:url\" content=\"https:\/\/diariodepe.com.br\/cri\/2024\/12\/03\/v-conferencia-internacional-de-cooperacao-portugal-china-sob-o-signo-da-cooperacao-portugal-china-no-contexto-da-ue-e-do-sul-global-o-erguer-do-brasil-e-da-africa\/\" \/>\n<meta property=\"og:site_name\" content=\"CRI e Diario de Pernambuco\" \/>\n<meta property=\"article:published_time\" content=\"2024-12-03T09:15:19+00:00\" \/>\n<meta property=\"og:image\" content=\"https:\/\/38picres.cgtn.com\/photoAlbum\/page\/performance\/img\/2024\/12\/2\/1733130834052_856.jpg\" \/>\n<meta name=\"author\" content=\"Ismael Lucas S. Pereira\" \/>\n<meta name=\"twitter:card\" content=\"summary_large_image\" \/>\n<meta name=\"twitter:label1\" content=\"Escrito por\" \/>\n\t<meta name=\"twitter:data1\" content=\"Ismael Lucas S. Pereira\" \/>\n\t<meta name=\"twitter:label2\" content=\"Est. tempo de leitura\" \/>\n\t<meta name=\"twitter:data2\" content=\"7 minutos\" \/>\n<script type=\"application\/ld+json\" class=\"yoast-schema-graph\">{\"@context\":\"https:\\\/\\\/schema.org\",\"@graph\":[{\"@type\":\"Article\",\"@id\":\"https:\\\/\\\/diariodepe.com.br\\\/cri\\\/2024\\\/12\\\/03\\\/v-conferencia-internacional-de-cooperacao-portugal-china-sob-o-signo-da-cooperacao-portugal-china-no-contexto-da-ue-e-do-sul-global-o-erguer-do-brasil-e-da-africa\\\/#article\",\"isPartOf\":{\"@id\":\"https:\\\/\\\/diariodepe.com.br\\\/cri\\\/2024\\\/12\\\/03\\\/v-conferencia-internacional-de-cooperacao-portugal-china-sob-o-signo-da-cooperacao-portugal-china-no-contexto-da-ue-e-do-sul-global-o-erguer-do-brasil-e-da-africa\\\/\"},\"author\":{\"name\":\"Ismael Lucas S. Pereira\",\"@id\":\"https:\\\/\\\/diariodepe.com.br\\\/cri\\\/#\\\/schema\\\/person\\\/121bb28d84f1a5b1205ef4ce9c2e0c6b\"},\"headline\":\"V Confer\u00eancia Internacional de Coopera\u00e7\u00e3o Portugal-China, sob o signo da Coopera\u00e7\u00e3o Portugal-China, no contexto da UE e do Sul Global, o erguer do Brasil e da \u00c1frica\",\"datePublished\":\"2024-12-03T09:15:19+00:00\",\"mainEntityOfPage\":{\"@id\":\"https:\\\/\\\/diariodepe.com.br\\\/cri\\\/2024\\\/12\\\/03\\\/v-conferencia-internacional-de-cooperacao-portugal-china-sob-o-signo-da-cooperacao-portugal-china-no-contexto-da-ue-e-do-sul-global-o-erguer-do-brasil-e-da-africa\\\/\"},\"wordCount\":1273,\"commentCount\":0,\"publisher\":{\"@id\":\"https:\\\/\\\/diariodepe.com.br\\\/cri\\\/#organization\"},\"image\":{\"@id\":\"https:\\\/\\\/diariodepe.com.br\\\/cri\\\/2024\\\/12\\\/03\\\/v-conferencia-internacional-de-cooperacao-portugal-china-sob-o-signo-da-cooperacao-portugal-china-no-contexto-da-ue-e-do-sul-global-o-erguer-do-brasil-e-da-africa\\\/#primaryimage\"},\"thumbnailUrl\":\"https:\\\/\\\/38picres.cgtn.com\\\/photoAlbum\\\/page\\\/performance\\\/img\\\/2024\\\/12\\\/2\\\/1733130834052_856.jpg\",\"articleSection\":[\"Internacional\"],\"inLanguage\":\"pt-BR\",\"potentialAction\":[{\"@type\":\"CommentAction\",\"name\":\"Comment\",\"target\":[\"https:\\\/\\\/diariodepe.com.br\\\/cri\\\/2024\\\/12\\\/03\\\/v-conferencia-internacional-de-cooperacao-portugal-china-sob-o-signo-da-cooperacao-portugal-china-no-contexto-da-ue-e-do-sul-global-o-erguer-do-brasil-e-da-africa\\\/#respond\"]}]},{\"@type\":\"WebPage\",\"@id\":\"https:\\\/\\\/diariodepe.com.br\\\/cri\\\/2024\\\/12\\\/03\\\/v-conferencia-internacional-de-cooperacao-portugal-china-sob-o-signo-da-cooperacao-portugal-china-no-contexto-da-ue-e-do-sul-global-o-erguer-do-brasil-e-da-africa\\\/\",\"url\":\"https:\\\/\\\/diariodepe.com.br\\\/cri\\\/2024\\\/12\\\/03\\\/v-conferencia-internacional-de-cooperacao-portugal-china-sob-o-signo-da-cooperacao-portugal-china-no-contexto-da-ue-e-do-sul-global-o-erguer-do-brasil-e-da-africa\\\/\",\"name\":\"V Confer\u00eancia Internacional de Coopera\u00e7\u00e3o Portugal-China, sob o signo da Coopera\u00e7\u00e3o Portugal-China, no contexto da UE e do Sul Global, o erguer do Brasil e da \u00c1frica - CRI e Diario de Pernambuco\",\"isPartOf\":{\"@id\":\"https:\\\/\\\/diariodepe.com.br\\\/cri\\\/#website\"},\"primaryImageOfPage\":{\"@id\":\"https:\\\/\\\/diariodepe.com.br\\\/cri\\\/2024\\\/12\\\/03\\\/v-conferencia-internacional-de-cooperacao-portugal-china-sob-o-signo-da-cooperacao-portugal-china-no-contexto-da-ue-e-do-sul-global-o-erguer-do-brasil-e-da-africa\\\/#primaryimage\"},\"image\":{\"@id\":\"https:\\\/\\\/diariodepe.com.br\\\/cri\\\/2024\\\/12\\\/03\\\/v-conferencia-internacional-de-cooperacao-portugal-china-sob-o-signo-da-cooperacao-portugal-china-no-contexto-da-ue-e-do-sul-global-o-erguer-do-brasil-e-da-africa\\\/#primaryimage\"},\"thumbnailUrl\":\"https:\\\/\\\/38picres.cgtn.com\\\/photoAlbum\\\/page\\\/performance\\\/img\\\/2024\\\/12\\\/2\\\/1733130834052_856.jpg\",\"datePublished\":\"2024-12-03T09:15:19+00:00\",\"breadcrumb\":{\"@id\":\"https:\\\/\\\/diariodepe.com.br\\\/cri\\\/2024\\\/12\\\/03\\\/v-conferencia-internacional-de-cooperacao-portugal-china-sob-o-signo-da-cooperacao-portugal-china-no-contexto-da-ue-e-do-sul-global-o-erguer-do-brasil-e-da-africa\\\/#breadcrumb\"},\"inLanguage\":\"pt-BR\",\"potentialAction\":[{\"@type\":\"ReadAction\",\"target\":[\"https:\\\/\\\/diariodepe.com.br\\\/cri\\\/2024\\\/12\\\/03\\\/v-conferencia-internacional-de-cooperacao-portugal-china-sob-o-signo-da-cooperacao-portugal-china-no-contexto-da-ue-e-do-sul-global-o-erguer-do-brasil-e-da-africa\\\/\"]}]},{\"@type\":\"ImageObject\",\"inLanguage\":\"pt-BR\",\"@id\":\"https:\\\/\\\/diariodepe.com.br\\\/cri\\\/2024\\\/12\\\/03\\\/v-conferencia-internacional-de-cooperacao-portugal-china-sob-o-signo-da-cooperacao-portugal-china-no-contexto-da-ue-e-do-sul-global-o-erguer-do-brasil-e-da-africa\\\/#primaryimage\",\"url\":\"https:\\\/\\\/38picres.cgtn.com\\\/photoAlbum\\\/page\\\/performance\\\/img\\\/2024\\\/12\\\/2\\\/1733130834052_856.jpg\",\"contentUrl\":\"https:\\\/\\\/38picres.cgtn.com\\\/photoAlbum\\\/page\\\/performance\\\/img\\\/2024\\\/12\\\/2\\\/1733130834052_856.jpg\"},{\"@type\":\"BreadcrumbList\",\"@id\":\"https:\\\/\\\/diariodepe.com.br\\\/cri\\\/2024\\\/12\\\/03\\\/v-conferencia-internacional-de-cooperacao-portugal-china-sob-o-signo-da-cooperacao-portugal-china-no-contexto-da-ue-e-do-sul-global-o-erguer-do-brasil-e-da-africa\\\/#breadcrumb\",\"itemListElement\":[{\"@type\":\"ListItem\",\"position\":1,\"name\":\"In\u00edcio\",\"item\":\"https:\\\/\\\/diariodepe.com.br\\\/cri\\\/\"},{\"@type\":\"ListItem\",\"position\":2,\"name\":\"V Confer\u00eancia Internacional de Coopera\u00e7\u00e3o Portugal-China, sob o signo da Coopera\u00e7\u00e3o Portugal-China, no contexto da UE e do Sul Global, o erguer do Brasil e da \u00c1frica\"}]},{\"@type\":\"WebSite\",\"@id\":\"https:\\\/\\\/diariodepe.com.br\\\/cri\\\/#website\",\"url\":\"https:\\\/\\\/diariodepe.com.br\\\/cri\\\/\",\"name\":\"CRI e Diario de Pernambuco\",\"description\":\"R\u00e1dio Internacional da China\",\"publisher\":{\"@id\":\"https:\\\/\\\/diariodepe.com.br\\\/cri\\\/#organization\"},\"potentialAction\":[{\"@type\":\"SearchAction\",\"target\":{\"@type\":\"EntryPoint\",\"urlTemplate\":\"https:\\\/\\\/diariodepe.com.br\\\/cri\\\/?s={search_term_string}\"},\"query-input\":{\"@type\":\"PropertyValueSpecification\",\"valueRequired\":true,\"valueName\":\"search_term_string\"}}],\"inLanguage\":\"pt-BR\"},{\"@type\":\"Organization\",\"@id\":\"https:\\\/\\\/diariodepe.com.br\\\/cri\\\/#organization\",\"name\":\"CRI e Diario de Pernambuco\",\"url\":\"https:\\\/\\\/diariodepe.com.br\\\/cri\\\/\",\"logo\":{\"@type\":\"ImageObject\",\"inLanguage\":\"pt-BR\",\"@id\":\"https:\\\/\\\/diariodepe.com.br\\\/cri\\\/#\\\/schema\\\/logo\\\/image\\\/\",\"url\":\"https:\\\/\\\/diariodepe.com.br\\\/cri\\\/wp-content\\\/uploads\\\/sites\\\/2\\\/2022\\\/12\\\/cropped-Logo.jpg\",\"contentUrl\":\"https:\\\/\\\/diariodepe.com.br\\\/cri\\\/wp-content\\\/uploads\\\/sites\\\/2\\\/2022\\\/12\\\/cropped-Logo.jpg\",\"width\":700,\"height\":59,\"caption\":\"CRI e Diario de Pernambuco\"},\"image\":{\"@id\":\"https:\\\/\\\/diariodepe.com.br\\\/cri\\\/#\\\/schema\\\/logo\\\/image\\\/\"}},{\"@type\":\"Person\",\"@id\":\"https:\\\/\\\/diariodepe.com.br\\\/cri\\\/#\\\/schema\\\/person\\\/121bb28d84f1a5b1205ef4ce9c2e0c6b\",\"name\":\"Ismael Lucas S. Pereira\",\"image\":{\"@type\":\"ImageObject\",\"inLanguage\":\"pt-BR\",\"@id\":\"https:\\\/\\\/secure.gravatar.com\\\/avatar\\\/887a0f3b5a7ceea963a48499fb883ffce6b5037362def025c52c2505b15d63e4?s=96&d=mm&r=g\",\"url\":\"https:\\\/\\\/secure.gravatar.com\\\/avatar\\\/887a0f3b5a7ceea963a48499fb883ffce6b5037362def025c52c2505b15d63e4?s=96&d=mm&r=g\",\"contentUrl\":\"https:\\\/\\\/secure.gravatar.com\\\/avatar\\\/887a0f3b5a7ceea963a48499fb883ffce6b5037362def025c52c2505b15d63e4?s=96&d=mm&r=g\",\"caption\":\"Ismael Lucas S. Pereira\"},\"url\":\"https:\\\/\\\/diariodepe.com.br\\\/cri\\\/author\\\/ismael-lucas\\\/\"}]}<\/script>\n<!-- \/ Yoast SEO plugin. -->","yoast_head_json":{"title":"V Confer\u00eancia Internacional de Coopera\u00e7\u00e3o Portugal-China, sob o signo da Coopera\u00e7\u00e3o Portugal-China, no contexto da UE e do Sul Global, o erguer do Brasil e da \u00c1frica - CRI e Diario de Pernambuco","robots":{"index":"index","follow":"follow","max-snippet":"max-snippet:-1","max-image-preview":"max-image-preview:large","max-video-preview":"max-video-preview:-1"},"canonical":"https:\/\/diariodepe.com.br\/cri\/2024\/12\/03\/v-conferencia-internacional-de-cooperacao-portugal-china-sob-o-signo-da-cooperacao-portugal-china-no-contexto-da-ue-e-do-sul-global-o-erguer-do-brasil-e-da-africa\/","og_locale":"pt_BR","og_type":"article","og_title":"V Confer\u00eancia Internacional de Coopera\u00e7\u00e3o Portugal-China, sob o signo da Coopera\u00e7\u00e3o Portugal-China, no contexto da UE e do Sul Global, o erguer do Brasil e da \u00c1frica - CRI e Diario de Pernambuco","og_description":"A V Confer\u00eancia foi uma iniciativa da C\u00e2mara de Coopera\u00e7\u00e3o e Desenvolvimento de Portugal China, do Observat\u00f3rio da China, e da Uni\u00e3o de Associa\u00e7\u00f5es de Coopera\u00e7\u00e3o e Amizade Portugal-China, com o apoio da Embaixada da China em Portugal, e refor\u00e7ada...","og_url":"https:\/\/diariodepe.com.br\/cri\/2024\/12\/03\/v-conferencia-internacional-de-cooperacao-portugal-china-sob-o-signo-da-cooperacao-portugal-china-no-contexto-da-ue-e-do-sul-global-o-erguer-do-brasil-e-da-africa\/","og_site_name":"CRI e Diario de Pernambuco","article_published_time":"2024-12-03T09:15:19+00:00","og_image":[{"url":"https:\/\/38picres.cgtn.com\/photoAlbum\/page\/performance\/img\/2024\/12\/2\/1733130834052_856.jpg","type":"","width":"","height":""}],"author":"Ismael Lucas S. Pereira","twitter_card":"summary_large_image","twitter_misc":{"Escrito por":"Ismael Lucas S. Pereira","Est. tempo de leitura":"7 minutos"},"schema":{"@context":"https:\/\/schema.org","@graph":[{"@type":"Article","@id":"https:\/\/diariodepe.com.br\/cri\/2024\/12\/03\/v-conferencia-internacional-de-cooperacao-portugal-china-sob-o-signo-da-cooperacao-portugal-china-no-contexto-da-ue-e-do-sul-global-o-erguer-do-brasil-e-da-africa\/#article","isPartOf":{"@id":"https:\/\/diariodepe.com.br\/cri\/2024\/12\/03\/v-conferencia-internacional-de-cooperacao-portugal-china-sob-o-signo-da-cooperacao-portugal-china-no-contexto-da-ue-e-do-sul-global-o-erguer-do-brasil-e-da-africa\/"},"author":{"name":"Ismael Lucas S. Pereira","@id":"https:\/\/diariodepe.com.br\/cri\/#\/schema\/person\/121bb28d84f1a5b1205ef4ce9c2e0c6b"},"headline":"V Confer\u00eancia Internacional de Coopera\u00e7\u00e3o Portugal-China, sob o signo da Coopera\u00e7\u00e3o Portugal-China, no contexto da UE e do Sul Global, o erguer do Brasil e da \u00c1frica","datePublished":"2024-12-03T09:15:19+00:00","mainEntityOfPage":{"@id":"https:\/\/diariodepe.com.br\/cri\/2024\/12\/03\/v-conferencia-internacional-de-cooperacao-portugal-china-sob-o-signo-da-cooperacao-portugal-china-no-contexto-da-ue-e-do-sul-global-o-erguer-do-brasil-e-da-africa\/"},"wordCount":1273,"commentCount":0,"publisher":{"@id":"https:\/\/diariodepe.com.br\/cri\/#organization"},"image":{"@id":"https:\/\/diariodepe.com.br\/cri\/2024\/12\/03\/v-conferencia-internacional-de-cooperacao-portugal-china-sob-o-signo-da-cooperacao-portugal-china-no-contexto-da-ue-e-do-sul-global-o-erguer-do-brasil-e-da-africa\/#primaryimage"},"thumbnailUrl":"https:\/\/38picres.cgtn.com\/photoAlbum\/page\/performance\/img\/2024\/12\/2\/1733130834052_856.jpg","articleSection":["Internacional"],"inLanguage":"pt-BR","potentialAction":[{"@type":"CommentAction","name":"Comment","target":["https:\/\/diariodepe.com.br\/cri\/2024\/12\/03\/v-conferencia-internacional-de-cooperacao-portugal-china-sob-o-signo-da-cooperacao-portugal-china-no-contexto-da-ue-e-do-sul-global-o-erguer-do-brasil-e-da-africa\/#respond"]}]},{"@type":"WebPage","@id":"https:\/\/diariodepe.com.br\/cri\/2024\/12\/03\/v-conferencia-internacional-de-cooperacao-portugal-china-sob-o-signo-da-cooperacao-portugal-china-no-contexto-da-ue-e-do-sul-global-o-erguer-do-brasil-e-da-africa\/","url":"https:\/\/diariodepe.com.br\/cri\/2024\/12\/03\/v-conferencia-internacional-de-cooperacao-portugal-china-sob-o-signo-da-cooperacao-portugal-china-no-contexto-da-ue-e-do-sul-global-o-erguer-do-brasil-e-da-africa\/","name":"V Confer\u00eancia Internacional de Coopera\u00e7\u00e3o Portugal-China, sob o signo da Coopera\u00e7\u00e3o Portugal-China, no contexto da UE e do Sul Global, o erguer do Brasil e da \u00c1frica - CRI e Diario de Pernambuco","isPartOf":{"@id":"https:\/\/diariodepe.com.br\/cri\/#website"},"primaryImageOfPage":{"@id":"https:\/\/diariodepe.com.br\/cri\/2024\/12\/03\/v-conferencia-internacional-de-cooperacao-portugal-china-sob-o-signo-da-cooperacao-portugal-china-no-contexto-da-ue-e-do-sul-global-o-erguer-do-brasil-e-da-africa\/#primaryimage"},"image":{"@id":"https:\/\/diariodepe.com.br\/cri\/2024\/12\/03\/v-conferencia-internacional-de-cooperacao-portugal-china-sob-o-signo-da-cooperacao-portugal-china-no-contexto-da-ue-e-do-sul-global-o-erguer-do-brasil-e-da-africa\/#primaryimage"},"thumbnailUrl":"https:\/\/38picres.cgtn.com\/photoAlbum\/page\/performance\/img\/2024\/12\/2\/1733130834052_856.jpg","datePublished":"2024-12-03T09:15:19+00:00","breadcrumb":{"@id":"https:\/\/diariodepe.com.br\/cri\/2024\/12\/03\/v-conferencia-internacional-de-cooperacao-portugal-china-sob-o-signo-da-cooperacao-portugal-china-no-contexto-da-ue-e-do-sul-global-o-erguer-do-brasil-e-da-africa\/#breadcrumb"},"inLanguage":"pt-BR","potentialAction":[{"@type":"ReadAction","target":["https:\/\/diariodepe.com.br\/cri\/2024\/12\/03\/v-conferencia-internacional-de-cooperacao-portugal-china-sob-o-signo-da-cooperacao-portugal-china-no-contexto-da-ue-e-do-sul-global-o-erguer-do-brasil-e-da-africa\/"]}]},{"@type":"ImageObject","inLanguage":"pt-BR","@id":"https:\/\/diariodepe.com.br\/cri\/2024\/12\/03\/v-conferencia-internacional-de-cooperacao-portugal-china-sob-o-signo-da-cooperacao-portugal-china-no-contexto-da-ue-e-do-sul-global-o-erguer-do-brasil-e-da-africa\/#primaryimage","url":"https:\/\/38picres.cgtn.com\/photoAlbum\/page\/performance\/img\/2024\/12\/2\/1733130834052_856.jpg","contentUrl":"https:\/\/38picres.cgtn.com\/photoAlbum\/page\/performance\/img\/2024\/12\/2\/1733130834052_856.jpg"},{"@type":"BreadcrumbList","@id":"https:\/\/diariodepe.com.br\/cri\/2024\/12\/03\/v-conferencia-internacional-de-cooperacao-portugal-china-sob-o-signo-da-cooperacao-portugal-china-no-contexto-da-ue-e-do-sul-global-o-erguer-do-brasil-e-da-africa\/#breadcrumb","itemListElement":[{"@type":"ListItem","position":1,"name":"In\u00edcio","item":"https:\/\/diariodepe.com.br\/cri\/"},{"@type":"ListItem","position":2,"name":"V Confer\u00eancia Internacional de Coopera\u00e7\u00e3o Portugal-China, sob o signo da Coopera\u00e7\u00e3o Portugal-China, no contexto da UE e do Sul Global, o erguer do Brasil e da \u00c1frica"}]},{"@type":"WebSite","@id":"https:\/\/diariodepe.com.br\/cri\/#website","url":"https:\/\/diariodepe.com.br\/cri\/","name":"CRI e Diario de Pernambuco","description":"R\u00e1dio Internacional da China","publisher":{"@id":"https:\/\/diariodepe.com.br\/cri\/#organization"},"potentialAction":[{"@type":"SearchAction","target":{"@type":"EntryPoint","urlTemplate":"https:\/\/diariodepe.com.br\/cri\/?s={search_term_string}"},"query-input":{"@type":"PropertyValueSpecification","valueRequired":true,"valueName":"search_term_string"}}],"inLanguage":"pt-BR"},{"@type":"Organization","@id":"https:\/\/diariodepe.com.br\/cri\/#organization","name":"CRI e Diario de Pernambuco","url":"https:\/\/diariodepe.com.br\/cri\/","logo":{"@type":"ImageObject","inLanguage":"pt-BR","@id":"https:\/\/diariodepe.com.br\/cri\/#\/schema\/logo\/image\/","url":"https:\/\/diariodepe.com.br\/cri\/wp-content\/uploads\/sites\/2\/2022\/12\/cropped-Logo.jpg","contentUrl":"https:\/\/diariodepe.com.br\/cri\/wp-content\/uploads\/sites\/2\/2022\/12\/cropped-Logo.jpg","width":700,"height":59,"caption":"CRI e Diario de Pernambuco"},"image":{"@id":"https:\/\/diariodepe.com.br\/cri\/#\/schema\/logo\/image\/"}},{"@type":"Person","@id":"https:\/\/diariodepe.com.br\/cri\/#\/schema\/person\/121bb28d84f1a5b1205ef4ce9c2e0c6b","name":"Ismael Lucas S. Pereira","image":{"@type":"ImageObject","inLanguage":"pt-BR","@id":"https:\/\/secure.gravatar.com\/avatar\/887a0f3b5a7ceea963a48499fb883ffce6b5037362def025c52c2505b15d63e4?s=96&d=mm&r=g","url":"https:\/\/secure.gravatar.com\/avatar\/887a0f3b5a7ceea963a48499fb883ffce6b5037362def025c52c2505b15d63e4?s=96&d=mm&r=g","contentUrl":"https:\/\/secure.gravatar.com\/avatar\/887a0f3b5a7ceea963a48499fb883ffce6b5037362def025c52c2505b15d63e4?s=96&d=mm&r=g","caption":"Ismael Lucas S. Pereira"},"url":"https:\/\/diariodepe.com.br\/cri\/author\/ismael-lucas\/"}]}},"cc_featured_image_caption":{"caption_text":false,"source_text":false,"source_url":false},"amp_enabled":true,"_links":{"self":[{"href":"https:\/\/diariodepe.com.br\/cri\/wp-json\/wp\/v2\/posts\/6971","targetHints":{"allow":["GET"]}}],"collection":[{"href":"https:\/\/diariodepe.com.br\/cri\/wp-json\/wp\/v2\/posts"}],"about":[{"href":"https:\/\/diariodepe.com.br\/cri\/wp-json\/wp\/v2\/types\/post"}],"author":[{"embeddable":true,"href":"https:\/\/diariodepe.com.br\/cri\/wp-json\/wp\/v2\/users\/2"}],"replies":[{"embeddable":true,"href":"https:\/\/diariodepe.com.br\/cri\/wp-json\/wp\/v2\/comments?post=6971"}],"version-history":[{"count":1,"href":"https:\/\/diariodepe.com.br\/cri\/wp-json\/wp\/v2\/posts\/6971\/revisions"}],"predecessor-version":[{"id":6972,"href":"https:\/\/diariodepe.com.br\/cri\/wp-json\/wp\/v2\/posts\/6971\/revisions\/6972"}],"wp:attachment":[{"href":"https:\/\/diariodepe.com.br\/cri\/wp-json\/wp\/v2\/media?parent=6971"}],"wp:term":[{"taxonomy":"category","embeddable":true,"href":"https:\/\/diariodepe.com.br\/cri\/wp-json\/wp\/v2\/categories?post=6971"},{"taxonomy":"post_tag","embeddable":true,"href":"https:\/\/diariodepe.com.br\/cri\/wp-json\/wp\/v2\/tags?post=6971"}],"curies":[{"name":"wp","href":"https:\/\/api.w.org\/{rel}","templated":true}]}}