{"id":6967,"date":"2024-12-01T00:46:52","date_gmt":"2024-12-01T03:46:52","guid":{"rendered":"https:\/\/diariodepe.com.br\/cri\/?p=6967"},"modified":"2024-12-01T00:46:52","modified_gmt":"2024-12-01T03:46:52","slug":"diplomacia-de-chefe-de-estado-da-china-injeta-confianca-e-energia-no-desenvolvimento-global","status":"publish","type":"post","link":"https:\/\/diariodepe.com.br\/cri\/2024\/12\/01\/diplomacia-de-chefe-de-estado-da-china-injeta-confianca-e-energia-no-desenvolvimento-global\/","title":{"rendered":"Diplomacia de chefe de Estado da China injeta confian\u00e7a e energia no desenvolvimento global"},"content":{"rendered":"<div class=\"detailContent\" data-v-75a287ca=\"\">\n<div class=\"swiper_box pc\" data-v-3e75cd00=\"\">\n<div class=\"swiper swiper-initialized swiper-horizontal swiper-autoheight swiper-backface-hidden\" data-v-3e75cd00=\"\">\n<div id=\"swiper-wrapper-2389b3daf6989171\" class=\"swiper-wrapper\" aria-live=\"off\">\n<div class=\"swiper-slide\" role=\"group\" data-v-3e75cd00=\"\" aria-label=\"1 \/ 5\">\n<div class=\"swiper_item\" data-v-3e75cd00=\"\">\n<div class=\"content\" data-v-3e75cd00=\"\"><img decoding=\"async\" src=\"https:\/\/38picres.cgtn.com\/photoAlbum\/page\/performance\/img\/2024\/11\/29\/1732868666524_410.png\" data-v-3e75cd00=\"\" \/><\/p>\n<div class=\"title\" data-v-3e75cd00=\"\">Em 2024, o presidente chin\u00eas, Xi Jinping, realizou uma s\u00e9rie de a\u00e7\u00f5es diplom\u00e1ticas que tiveram uma repercuss\u00e3o positiva na comunidade internacional. Em diversos momentos de grande relev\u00e2ncia, suas palavras refletiram o pensamento genu\u00edno de um chefe de Estado tanto na intermedia\u00e7\u00e3o de diverg\u00eancias como no incentivo ao desenvolvimento global.<\/div>\n<\/div>\n<\/div>\n<\/div>\n<div class=\"swiper-slide\" role=\"group\" data-v-3e75cd00=\"\" aria-label=\"2 \/ 5\">\n<div class=\"swiper_item\" data-v-3e75cd00=\"\">\n<div class=\"content\" data-v-3e75cd00=\"\"><img decoding=\"async\" src=\"https:\/\/38picres.cgtn.com\/photoAlbum\/page\/performance\/img\/2024\/11\/29\/1732868674239_604.png\" data-v-3e75cd00=\"\" \/><\/p>\n<div class=\"title\" data-v-3e75cd00=\"\">Entre 5 e 10 de maio, Xi Jinping visitou a Fran\u00e7a, a S\u00e9rvia e a Hungria. Na ocasi\u00e3o, ele esclareceu de forma profunda o significado da moderniza\u00e7\u00e3o chinesa para o mundo, destacando que o desenvolvimento de alta qualidade do pa\u00eds disponibilizar\u00e1 um maior mercado para as na\u00e7\u00f5es europeias e criar\u00e1 mais oportunidades de ganhos compartilhados.<\/div>\n<\/div>\n<\/div>\n<\/div>\n<div class=\"swiper-slide\" role=\"group\" data-v-3e75cd00=\"\" aria-label=\"3 \/ 5\">\n<div class=\"swiper_item\" data-v-3e75cd00=\"\">\n<div class=\"content\" data-v-3e75cd00=\"\"><img decoding=\"async\" src=\"https:\/\/38picres.cgtn.com\/photoAlbum\/page\/performance\/img\/2024\/11\/29\/1732868677980_402.jpg\" data-v-3e75cd00=\"\" \/><\/p>\n<div class=\"title\" data-v-3e75cd00=\"\">O F\u00f3rum de Coopera\u00e7\u00e3o China-\u00c1frica (FOCAC) 2024 foi realizado de 4 a 6 de setembro, na capital chinesa. Na c\u00fapula, Xi Jinping expressou a vontade de refor\u00e7ar a parceria com as na\u00e7\u00f5es africanas atrav\u00e9s da Iniciativa Cintur\u00e3o e Rota, al\u00e9m do desejo de trabalhar com todos os pa\u00edses do mundo para impulsionar o desenvolvimento da economia digital.<\/div>\n<\/div>\n<\/div>\n<\/div>\n<div class=\"swiper-slide swiper-slide-prev\" role=\"group\" data-v-3e75cd00=\"\" aria-label=\"4 \/ 5\">\n<div class=\"swiper_item\" data-v-3e75cd00=\"\">\n<div class=\"content\" data-v-3e75cd00=\"\"><img decoding=\"async\" src=\"https:\/\/38picres.cgtn.com\/photoAlbum\/page\/performance\/img\/2024\/11\/29\/1732868683174_923.png\" data-v-3e75cd00=\"\" \/><\/p>\n<div class=\"title\" data-v-3e75cd00=\"\">Na 16\u00aa C\u00fapula do Brics, em Kazan, na R\u00fassia, de 22 a 24 de outubro\uff0co l\u00edder chin\u00eas ressaltou o ingresso de mais integrantes no bloco como um marco significativo desde a funda\u00e7\u00e3o da organiza\u00e7\u00e3o, e um acontecimento que simboliza a evolu\u00e7\u00e3o da conjuntura internacional. Durante seu discurso, ele reiterou a import\u00e2ncia de fortalecer o multilateralismo e promover o desenvolvimento e a seguran\u00e7a do mundo, com base no princ\u00edpio de justi\u00e7a.<\/div>\n<\/div>\n<\/div>\n<\/div>\n<div class=\"swiper-slide swiper-slide-visible swiper-slide-active\" role=\"group\" data-v-3e75cd00=\"\" aria-label=\"5 \/ 5\">\n<div class=\"swiper_item\" data-v-3e75cd00=\"\">\n<div class=\"content\" data-v-3e75cd00=\"\"><img decoding=\"async\" src=\"https:\/\/38picres.cgtn.com\/photoAlbum\/page\/performance\/img\/2024\/11\/29\/1732868689076_837.png\" data-v-3e75cd00=\"\" \/><\/p>\n<div class=\"title\" data-v-3e75cd00=\"\">Na viagem \u00e0 Am\u00e9rica do Sul entre os dias 13 e 23 de novembro, Xi Jinping compareceu \u00e0 31\u00aa Reuni\u00e3o de L\u00edderes da Apec, em Lima, capital do Peru e \u00e0 19\u00aa C\u00fapula do G20, no Rio de Janeiro, Brasil. Na reuni\u00e3o da Apec, Xi Jinping prop\u00f4s o estabelecimento de um padr\u00e3o de coopera\u00e7\u00e3o aberto e inclusivo na \u00c1sia-Pac\u00edfico. Na c\u00fapula do G20, o dirigente chin\u00eas compartilhou as experi\u00eancias do pa\u00eds na erradica\u00e7\u00e3o da pobreza e apresentou uma s\u00e9rie de medidas pr\u00e1ticas para promover o desenvolvimento global e melhorar a governan\u00e7a internacional.<\/div>\n<\/div>\n<\/div>\n<\/div>\n<\/div>\n<div class=\"swiper-button-prev\" tabindex=\"0\" role=\"button\" aria-label=\"Previous slide\" aria-controls=\"swiper-wrapper-2389b3daf6989171\" aria-disabled=\"false\"><\/div>\n<\/div>\n<\/div>\n<\/div>\n","protected":false},"excerpt":{"rendered":"<p>Em 2024, o presidente chin\u00eas, Xi Jinping, realizou uma s\u00e9rie de a\u00e7\u00f5es diplom\u00e1ticas que tiveram uma repercuss\u00e3o positiva na comunidade internacional. Em diversos momentos de grande relev\u00e2ncia, suas palavras refletiram o pensamento genu\u00edno de um chefe de Estado tanto na&#8230;<\/p>\n","protected":false},"author":2,"featured_media":0,"comment_status":"open","ping_status":"open","sticky":false,"template":"","format":"standard","meta":{"footnotes":""},"categories":[3],"tags":[],"class_list":["post-6967","post","type-post","status-publish","format-standard","hentry","category-china"],"yoast_head":"<!-- This site is optimized with the Yoast SEO plugin v27.4 - https:\/\/yoast.com\/product\/yoast-seo-wordpress\/ -->\n<title>Diplomacia de chefe de Estado da China injeta confian\u00e7a e energia no desenvolvimento global - CRI e Diario de Pernambuco<\/title>\n<meta name=\"robots\" content=\"index, follow, max-snippet:-1, max-image-preview:large, max-video-preview:-1\" \/>\n<link rel=\"canonical\" href=\"https:\/\/diariodepe.com.br\/cri\/2024\/12\/01\/diplomacia-de-chefe-de-estado-da-china-injeta-confianca-e-energia-no-desenvolvimento-global\/\" \/>\n<meta property=\"og:locale\" content=\"pt_BR\" \/>\n<meta property=\"og:type\" content=\"article\" \/>\n<meta property=\"og:title\" content=\"Diplomacia de chefe de Estado da China injeta confian\u00e7a e energia no desenvolvimento global - CRI e Diario de Pernambuco\" \/>\n<meta property=\"og:description\" content=\"Em 2024, o presidente chin\u00eas, Xi Jinping, realizou uma s\u00e9rie de a\u00e7\u00f5es diplom\u00e1ticas que tiveram uma repercuss\u00e3o positiva na comunidade internacional. Em diversos momentos de grande relev\u00e2ncia, suas palavras refletiram o pensamento genu\u00edno de um chefe de Estado tanto na...\" \/>\n<meta property=\"og:url\" content=\"https:\/\/diariodepe.com.br\/cri\/2024\/12\/01\/diplomacia-de-chefe-de-estado-da-china-injeta-confianca-e-energia-no-desenvolvimento-global\/\" \/>\n<meta property=\"og:site_name\" content=\"CRI e Diario de Pernambuco\" \/>\n<meta property=\"article:published_time\" content=\"2024-12-01T03:46:52+00:00\" \/>\n<meta property=\"og:image\" content=\"https:\/\/38picres.cgtn.com\/photoAlbum\/page\/performance\/img\/2024\/11\/29\/1732868666524_410.png\" \/>\n<meta name=\"author\" content=\"Ismael Lucas S. Pereira\" \/>\n<meta name=\"twitter:card\" content=\"summary_large_image\" \/>\n<meta name=\"twitter:label1\" content=\"Escrito por\" \/>\n\t<meta name=\"twitter:data1\" content=\"Ismael Lucas S. Pereira\" \/>\n\t<meta name=\"twitter:label2\" content=\"Est. tempo de leitura\" \/>\n\t<meta name=\"twitter:data2\" content=\"3 minutos\" \/>\n<script type=\"application\/ld+json\" class=\"yoast-schema-graph\">{\"@context\":\"https:\\\/\\\/schema.org\",\"@graph\":[{\"@type\":\"Article\",\"@id\":\"https:\\\/\\\/diariodepe.com.br\\\/cri\\\/2024\\\/12\\\/01\\\/diplomacia-de-chefe-de-estado-da-china-injeta-confianca-e-energia-no-desenvolvimento-global\\\/#article\",\"isPartOf\":{\"@id\":\"https:\\\/\\\/diariodepe.com.br\\\/cri\\\/2024\\\/12\\\/01\\\/diplomacia-de-chefe-de-estado-da-china-injeta-confianca-e-energia-no-desenvolvimento-global\\\/\"},\"author\":{\"name\":\"Ismael Lucas S. Pereira\",\"@id\":\"https:\\\/\\\/diariodepe.com.br\\\/cri\\\/#\\\/schema\\\/person\\\/121bb28d84f1a5b1205ef4ce9c2e0c6b\"},\"headline\":\"Diplomacia de chefe de Estado da China injeta confian\u00e7a e energia no desenvolvimento global\",\"datePublished\":\"2024-12-01T03:46:52+00:00\",\"mainEntityOfPage\":{\"@id\":\"https:\\\/\\\/diariodepe.com.br\\\/cri\\\/2024\\\/12\\\/01\\\/diplomacia-de-chefe-de-estado-da-china-injeta-confianca-e-energia-no-desenvolvimento-global\\\/\"},\"wordCount\":376,\"commentCount\":0,\"publisher\":{\"@id\":\"https:\\\/\\\/diariodepe.com.br\\\/cri\\\/#organization\"},\"image\":{\"@id\":\"https:\\\/\\\/diariodepe.com.br\\\/cri\\\/2024\\\/12\\\/01\\\/diplomacia-de-chefe-de-estado-da-china-injeta-confianca-e-energia-no-desenvolvimento-global\\\/#primaryimage\"},\"thumbnailUrl\":\"https:\\\/\\\/38picres.cgtn.com\\\/photoAlbum\\\/page\\\/performance\\\/img\\\/2024\\\/11\\\/29\\\/1732868666524_410.png\",\"articleSection\":[\"China\"],\"inLanguage\":\"pt-BR\",\"potentialAction\":[{\"@type\":\"CommentAction\",\"name\":\"Comment\",\"target\":[\"https:\\\/\\\/diariodepe.com.br\\\/cri\\\/2024\\\/12\\\/01\\\/diplomacia-de-chefe-de-estado-da-china-injeta-confianca-e-energia-no-desenvolvimento-global\\\/#respond\"]}]},{\"@type\":\"WebPage\",\"@id\":\"https:\\\/\\\/diariodepe.com.br\\\/cri\\\/2024\\\/12\\\/01\\\/diplomacia-de-chefe-de-estado-da-china-injeta-confianca-e-energia-no-desenvolvimento-global\\\/\",\"url\":\"https:\\\/\\\/diariodepe.com.br\\\/cri\\\/2024\\\/12\\\/01\\\/diplomacia-de-chefe-de-estado-da-china-injeta-confianca-e-energia-no-desenvolvimento-global\\\/\",\"name\":\"Diplomacia de chefe de Estado da China injeta confian\u00e7a e energia no desenvolvimento global - CRI e Diario de Pernambuco\",\"isPartOf\":{\"@id\":\"https:\\\/\\\/diariodepe.com.br\\\/cri\\\/#website\"},\"primaryImageOfPage\":{\"@id\":\"https:\\\/\\\/diariodepe.com.br\\\/cri\\\/2024\\\/12\\\/01\\\/diplomacia-de-chefe-de-estado-da-china-injeta-confianca-e-energia-no-desenvolvimento-global\\\/#primaryimage\"},\"image\":{\"@id\":\"https:\\\/\\\/diariodepe.com.br\\\/cri\\\/2024\\\/12\\\/01\\\/diplomacia-de-chefe-de-estado-da-china-injeta-confianca-e-energia-no-desenvolvimento-global\\\/#primaryimage\"},\"thumbnailUrl\":\"https:\\\/\\\/38picres.cgtn.com\\\/photoAlbum\\\/page\\\/performance\\\/img\\\/2024\\\/11\\\/29\\\/1732868666524_410.png\",\"datePublished\":\"2024-12-01T03:46:52+00:00\",\"breadcrumb\":{\"@id\":\"https:\\\/\\\/diariodepe.com.br\\\/cri\\\/2024\\\/12\\\/01\\\/diplomacia-de-chefe-de-estado-da-china-injeta-confianca-e-energia-no-desenvolvimento-global\\\/#breadcrumb\"},\"inLanguage\":\"pt-BR\",\"potentialAction\":[{\"@type\":\"ReadAction\",\"target\":[\"https:\\\/\\\/diariodepe.com.br\\\/cri\\\/2024\\\/12\\\/01\\\/diplomacia-de-chefe-de-estado-da-china-injeta-confianca-e-energia-no-desenvolvimento-global\\\/\"]}]},{\"@type\":\"ImageObject\",\"inLanguage\":\"pt-BR\",\"@id\":\"https:\\\/\\\/diariodepe.com.br\\\/cri\\\/2024\\\/12\\\/01\\\/diplomacia-de-chefe-de-estado-da-china-injeta-confianca-e-energia-no-desenvolvimento-global\\\/#primaryimage\",\"url\":\"https:\\\/\\\/38picres.cgtn.com\\\/photoAlbum\\\/page\\\/performance\\\/img\\\/2024\\\/11\\\/29\\\/1732868666524_410.png\",\"contentUrl\":\"https:\\\/\\\/38picres.cgtn.com\\\/photoAlbum\\\/page\\\/performance\\\/img\\\/2024\\\/11\\\/29\\\/1732868666524_410.png\"},{\"@type\":\"BreadcrumbList\",\"@id\":\"https:\\\/\\\/diariodepe.com.br\\\/cri\\\/2024\\\/12\\\/01\\\/diplomacia-de-chefe-de-estado-da-china-injeta-confianca-e-energia-no-desenvolvimento-global\\\/#breadcrumb\",\"itemListElement\":[{\"@type\":\"ListItem\",\"position\":1,\"name\":\"In\u00edcio\",\"item\":\"https:\\\/\\\/diariodepe.com.br\\\/cri\\\/\"},{\"@type\":\"ListItem\",\"position\":2,\"name\":\"Diplomacia de chefe de Estado da China injeta confian\u00e7a e energia no desenvolvimento global\"}]},{\"@type\":\"WebSite\",\"@id\":\"https:\\\/\\\/diariodepe.com.br\\\/cri\\\/#website\",\"url\":\"https:\\\/\\\/diariodepe.com.br\\\/cri\\\/\",\"name\":\"CRI e Diario de Pernambuco\",\"description\":\"R\u00e1dio Internacional da China\",\"publisher\":{\"@id\":\"https:\\\/\\\/diariodepe.com.br\\\/cri\\\/#organization\"},\"potentialAction\":[{\"@type\":\"SearchAction\",\"target\":{\"@type\":\"EntryPoint\",\"urlTemplate\":\"https:\\\/\\\/diariodepe.com.br\\\/cri\\\/?s={search_term_string}\"},\"query-input\":{\"@type\":\"PropertyValueSpecification\",\"valueRequired\":true,\"valueName\":\"search_term_string\"}}],\"inLanguage\":\"pt-BR\"},{\"@type\":\"Organization\",\"@id\":\"https:\\\/\\\/diariodepe.com.br\\\/cri\\\/#organization\",\"name\":\"CRI e Diario de Pernambuco\",\"url\":\"https:\\\/\\\/diariodepe.com.br\\\/cri\\\/\",\"logo\":{\"@type\":\"ImageObject\",\"inLanguage\":\"pt-BR\",\"@id\":\"https:\\\/\\\/diariodepe.com.br\\\/cri\\\/#\\\/schema\\\/logo\\\/image\\\/\",\"url\":\"https:\\\/\\\/diariodepe.com.br\\\/cri\\\/wp-content\\\/uploads\\\/sites\\\/2\\\/2022\\\/12\\\/cropped-Logo.jpg\",\"contentUrl\":\"https:\\\/\\\/diariodepe.com.br\\\/cri\\\/wp-content\\\/uploads\\\/sites\\\/2\\\/2022\\\/12\\\/cropped-Logo.jpg\",\"width\":700,\"height\":59,\"caption\":\"CRI e Diario de Pernambuco\"},\"image\":{\"@id\":\"https:\\\/\\\/diariodepe.com.br\\\/cri\\\/#\\\/schema\\\/logo\\\/image\\\/\"}},{\"@type\":\"Person\",\"@id\":\"https:\\\/\\\/diariodepe.com.br\\\/cri\\\/#\\\/schema\\\/person\\\/121bb28d84f1a5b1205ef4ce9c2e0c6b\",\"name\":\"Ismael Lucas S. Pereira\",\"image\":{\"@type\":\"ImageObject\",\"inLanguage\":\"pt-BR\",\"@id\":\"https:\\\/\\\/secure.gravatar.com\\\/avatar\\\/887a0f3b5a7ceea963a48499fb883ffce6b5037362def025c52c2505b15d63e4?s=96&d=mm&r=g\",\"url\":\"https:\\\/\\\/secure.gravatar.com\\\/avatar\\\/887a0f3b5a7ceea963a48499fb883ffce6b5037362def025c52c2505b15d63e4?s=96&d=mm&r=g\",\"contentUrl\":\"https:\\\/\\\/secure.gravatar.com\\\/avatar\\\/887a0f3b5a7ceea963a48499fb883ffce6b5037362def025c52c2505b15d63e4?s=96&d=mm&r=g\",\"caption\":\"Ismael Lucas S. Pereira\"},\"url\":\"https:\\\/\\\/diariodepe.com.br\\\/cri\\\/author\\\/ismael-lucas\\\/\"}]}<\/script>\n<!-- \/ Yoast SEO plugin. -->","yoast_head_json":{"title":"Diplomacia de chefe de Estado da China injeta confian\u00e7a e energia no desenvolvimento global - CRI e Diario de Pernambuco","robots":{"index":"index","follow":"follow","max-snippet":"max-snippet:-1","max-image-preview":"max-image-preview:large","max-video-preview":"max-video-preview:-1"},"canonical":"https:\/\/diariodepe.com.br\/cri\/2024\/12\/01\/diplomacia-de-chefe-de-estado-da-china-injeta-confianca-e-energia-no-desenvolvimento-global\/","og_locale":"pt_BR","og_type":"article","og_title":"Diplomacia de chefe de Estado da China injeta confian\u00e7a e energia no desenvolvimento global - CRI e Diario de Pernambuco","og_description":"Em 2024, o presidente chin\u00eas, Xi Jinping, realizou uma s\u00e9rie de a\u00e7\u00f5es diplom\u00e1ticas que tiveram uma repercuss\u00e3o positiva na comunidade internacional. Em diversos momentos de grande relev\u00e2ncia, suas palavras refletiram o pensamento genu\u00edno de um chefe de Estado tanto na...","og_url":"https:\/\/diariodepe.com.br\/cri\/2024\/12\/01\/diplomacia-de-chefe-de-estado-da-china-injeta-confianca-e-energia-no-desenvolvimento-global\/","og_site_name":"CRI e Diario de Pernambuco","article_published_time":"2024-12-01T03:46:52+00:00","og_image":[{"url":"https:\/\/38picres.cgtn.com\/photoAlbum\/page\/performance\/img\/2024\/11\/29\/1732868666524_410.png","type":"","width":"","height":""}],"author":"Ismael Lucas S. Pereira","twitter_card":"summary_large_image","twitter_misc":{"Escrito por":"Ismael Lucas S. Pereira","Est. tempo de leitura":"3 minutos"},"schema":{"@context":"https:\/\/schema.org","@graph":[{"@type":"Article","@id":"https:\/\/diariodepe.com.br\/cri\/2024\/12\/01\/diplomacia-de-chefe-de-estado-da-china-injeta-confianca-e-energia-no-desenvolvimento-global\/#article","isPartOf":{"@id":"https:\/\/diariodepe.com.br\/cri\/2024\/12\/01\/diplomacia-de-chefe-de-estado-da-china-injeta-confianca-e-energia-no-desenvolvimento-global\/"},"author":{"name":"Ismael Lucas S. Pereira","@id":"https:\/\/diariodepe.com.br\/cri\/#\/schema\/person\/121bb28d84f1a5b1205ef4ce9c2e0c6b"},"headline":"Diplomacia de chefe de Estado da China injeta confian\u00e7a e energia no desenvolvimento global","datePublished":"2024-12-01T03:46:52+00:00","mainEntityOfPage":{"@id":"https:\/\/diariodepe.com.br\/cri\/2024\/12\/01\/diplomacia-de-chefe-de-estado-da-china-injeta-confianca-e-energia-no-desenvolvimento-global\/"},"wordCount":376,"commentCount":0,"publisher":{"@id":"https:\/\/diariodepe.com.br\/cri\/#organization"},"image":{"@id":"https:\/\/diariodepe.com.br\/cri\/2024\/12\/01\/diplomacia-de-chefe-de-estado-da-china-injeta-confianca-e-energia-no-desenvolvimento-global\/#primaryimage"},"thumbnailUrl":"https:\/\/38picres.cgtn.com\/photoAlbum\/page\/performance\/img\/2024\/11\/29\/1732868666524_410.png","articleSection":["China"],"inLanguage":"pt-BR","potentialAction":[{"@type":"CommentAction","name":"Comment","target":["https:\/\/diariodepe.com.br\/cri\/2024\/12\/01\/diplomacia-de-chefe-de-estado-da-china-injeta-confianca-e-energia-no-desenvolvimento-global\/#respond"]}]},{"@type":"WebPage","@id":"https:\/\/diariodepe.com.br\/cri\/2024\/12\/01\/diplomacia-de-chefe-de-estado-da-china-injeta-confianca-e-energia-no-desenvolvimento-global\/","url":"https:\/\/diariodepe.com.br\/cri\/2024\/12\/01\/diplomacia-de-chefe-de-estado-da-china-injeta-confianca-e-energia-no-desenvolvimento-global\/","name":"Diplomacia de chefe de Estado da China injeta confian\u00e7a e energia no desenvolvimento global - CRI e Diario de Pernambuco","isPartOf":{"@id":"https:\/\/diariodepe.com.br\/cri\/#website"},"primaryImageOfPage":{"@id":"https:\/\/diariodepe.com.br\/cri\/2024\/12\/01\/diplomacia-de-chefe-de-estado-da-china-injeta-confianca-e-energia-no-desenvolvimento-global\/#primaryimage"},"image":{"@id":"https:\/\/diariodepe.com.br\/cri\/2024\/12\/01\/diplomacia-de-chefe-de-estado-da-china-injeta-confianca-e-energia-no-desenvolvimento-global\/#primaryimage"},"thumbnailUrl":"https:\/\/38picres.cgtn.com\/photoAlbum\/page\/performance\/img\/2024\/11\/29\/1732868666524_410.png","datePublished":"2024-12-01T03:46:52+00:00","breadcrumb":{"@id":"https:\/\/diariodepe.com.br\/cri\/2024\/12\/01\/diplomacia-de-chefe-de-estado-da-china-injeta-confianca-e-energia-no-desenvolvimento-global\/#breadcrumb"},"inLanguage":"pt-BR","potentialAction":[{"@type":"ReadAction","target":["https:\/\/diariodepe.com.br\/cri\/2024\/12\/01\/diplomacia-de-chefe-de-estado-da-china-injeta-confianca-e-energia-no-desenvolvimento-global\/"]}]},{"@type":"ImageObject","inLanguage":"pt-BR","@id":"https:\/\/diariodepe.com.br\/cri\/2024\/12\/01\/diplomacia-de-chefe-de-estado-da-china-injeta-confianca-e-energia-no-desenvolvimento-global\/#primaryimage","url":"https:\/\/38picres.cgtn.com\/photoAlbum\/page\/performance\/img\/2024\/11\/29\/1732868666524_410.png","contentUrl":"https:\/\/38picres.cgtn.com\/photoAlbum\/page\/performance\/img\/2024\/11\/29\/1732868666524_410.png"},{"@type":"BreadcrumbList","@id":"https:\/\/diariodepe.com.br\/cri\/2024\/12\/01\/diplomacia-de-chefe-de-estado-da-china-injeta-confianca-e-energia-no-desenvolvimento-global\/#breadcrumb","itemListElement":[{"@type":"ListItem","position":1,"name":"In\u00edcio","item":"https:\/\/diariodepe.com.br\/cri\/"},{"@type":"ListItem","position":2,"name":"Diplomacia de chefe de Estado da China injeta confian\u00e7a e energia no desenvolvimento global"}]},{"@type":"WebSite","@id":"https:\/\/diariodepe.com.br\/cri\/#website","url":"https:\/\/diariodepe.com.br\/cri\/","name":"CRI e Diario de Pernambuco","description":"R\u00e1dio Internacional da China","publisher":{"@id":"https:\/\/diariodepe.com.br\/cri\/#organization"},"potentialAction":[{"@type":"SearchAction","target":{"@type":"EntryPoint","urlTemplate":"https:\/\/diariodepe.com.br\/cri\/?s={search_term_string}"},"query-input":{"@type":"PropertyValueSpecification","valueRequired":true,"valueName":"search_term_string"}}],"inLanguage":"pt-BR"},{"@type":"Organization","@id":"https:\/\/diariodepe.com.br\/cri\/#organization","name":"CRI e Diario de Pernambuco","url":"https:\/\/diariodepe.com.br\/cri\/","logo":{"@type":"ImageObject","inLanguage":"pt-BR","@id":"https:\/\/diariodepe.com.br\/cri\/#\/schema\/logo\/image\/","url":"https:\/\/diariodepe.com.br\/cri\/wp-content\/uploads\/sites\/2\/2022\/12\/cropped-Logo.jpg","contentUrl":"https:\/\/diariodepe.com.br\/cri\/wp-content\/uploads\/sites\/2\/2022\/12\/cropped-Logo.jpg","width":700,"height":59,"caption":"CRI e Diario de Pernambuco"},"image":{"@id":"https:\/\/diariodepe.com.br\/cri\/#\/schema\/logo\/image\/"}},{"@type":"Person","@id":"https:\/\/diariodepe.com.br\/cri\/#\/schema\/person\/121bb28d84f1a5b1205ef4ce9c2e0c6b","name":"Ismael Lucas S. Pereira","image":{"@type":"ImageObject","inLanguage":"pt-BR","@id":"https:\/\/secure.gravatar.com\/avatar\/887a0f3b5a7ceea963a48499fb883ffce6b5037362def025c52c2505b15d63e4?s=96&d=mm&r=g","url":"https:\/\/secure.gravatar.com\/avatar\/887a0f3b5a7ceea963a48499fb883ffce6b5037362def025c52c2505b15d63e4?s=96&d=mm&r=g","contentUrl":"https:\/\/secure.gravatar.com\/avatar\/887a0f3b5a7ceea963a48499fb883ffce6b5037362def025c52c2505b15d63e4?s=96&d=mm&r=g","caption":"Ismael Lucas S. Pereira"},"url":"https:\/\/diariodepe.com.br\/cri\/author\/ismael-lucas\/"}]}},"cc_featured_image_caption":{"caption_text":false,"source_text":false,"source_url":false},"amp_enabled":true,"_links":{"self":[{"href":"https:\/\/diariodepe.com.br\/cri\/wp-json\/wp\/v2\/posts\/6967","targetHints":{"allow":["GET"]}}],"collection":[{"href":"https:\/\/diariodepe.com.br\/cri\/wp-json\/wp\/v2\/posts"}],"about":[{"href":"https:\/\/diariodepe.com.br\/cri\/wp-json\/wp\/v2\/types\/post"}],"author":[{"embeddable":true,"href":"https:\/\/diariodepe.com.br\/cri\/wp-json\/wp\/v2\/users\/2"}],"replies":[{"embeddable":true,"href":"https:\/\/diariodepe.com.br\/cri\/wp-json\/wp\/v2\/comments?post=6967"}],"version-history":[{"count":1,"href":"https:\/\/diariodepe.com.br\/cri\/wp-json\/wp\/v2\/posts\/6967\/revisions"}],"predecessor-version":[{"id":6968,"href":"https:\/\/diariodepe.com.br\/cri\/wp-json\/wp\/v2\/posts\/6967\/revisions\/6968"}],"wp:attachment":[{"href":"https:\/\/diariodepe.com.br\/cri\/wp-json\/wp\/v2\/media?parent=6967"}],"wp:term":[{"taxonomy":"category","embeddable":true,"href":"https:\/\/diariodepe.com.br\/cri\/wp-json\/wp\/v2\/categories?post=6967"},{"taxonomy":"post_tag","embeddable":true,"href":"https:\/\/diariodepe.com.br\/cri\/wp-json\/wp\/v2\/tags?post=6967"}],"curies":[{"name":"wp","href":"https:\/\/api.w.org\/{rel}","templated":true}]}}