{"id":6961,"date":"2024-11-29T05:59:37","date_gmt":"2024-11-29T08:59:37","guid":{"rendered":"https:\/\/diariodepe.com.br\/cri\/?p=6961"},"modified":"2024-11-29T05:59:37","modified_gmt":"2024-11-29T08:59:37","slug":"xi-jinping-pede-maior-contribuicao-para-promover-adaptacao-do-marxismo-ao-contexto-chines-e-aos-nossos-tempos","status":"publish","type":"post","link":"https:\/\/diariodepe.com.br\/cri\/2024\/11\/29\/xi-jinping-pede-maior-contribuicao-para-promover-adaptacao-do-marxismo-ao-contexto-chines-e-aos-nossos-tempos\/","title":{"rendered":"Xi Jinping pede maior contribui\u00e7\u00e3o para promover adapta\u00e7\u00e3o do marxismo ao contexto chin\u00eas e aos nossos tempos"},"content":{"rendered":"<p>O presidente chin\u00eas, Xi Jinping, deu recentemente uma importante instru\u00e7\u00e3o sobre o estudo e o desenvolvimento da teoria do marxismo na nova era, que constituem um projeto b\u00e1sico e estrat\u00e9gico do desenvolvimento te\u00f3rico do Partido.<\/p>\n<p>O l\u00edder chin\u00eas reiterou que na nova era e na nova jornada, \u00e9 preciso inovar com base na tradi\u00e7\u00e3o, divulgar o Pensamento sobre o Socialismo com Caracter\u00edsticas Chinesas na Nova Era, envidar esfor\u00e7os para aprofundar o estudo sistem\u00e1tico e acad\u00eamico, refor\u00e7ar a relev\u00e2ncia e efic\u00e1cia do estudo e da divulga\u00e7\u00e3o, a fim de promover o melhor entendimento das teorias inovadoras do Partido.<\/p>\n<p>Xi Jinping pediu ainda mais esfor\u00e7os no estudo de\u00a0quest\u00f5es importantes como a promo\u00e7\u00e3o do desenvolvimento de um pa\u00eds forte atrav\u00e9s da moderniza\u00e7\u00e3o chinesa e da revitaliza\u00e7\u00e3o nacional, na cria\u00e7\u00e3o de um sistema de conhecimento aut\u00f4nomo para filosofia e ci\u00eancias sociais na China, assim como na forma\u00e7\u00e3o de talentos te\u00f3ricos de alto calibre, a fim de contribuir ainda mais para promover a adapta\u00e7\u00e3o do marxismo ao contexto chin\u00eas e aos nossos tempos.<\/p>\n<p>Uma reuni\u00e3o sobre o estudo e desenvolvimento da teoria do marxismo foi realizada nesta sexta-feira (29) em Beijing, na qual foi transmitida a instru\u00e7\u00e3o de Xi Jinping.<\/p>\n","protected":false},"excerpt":{"rendered":"<p>O presidente chin\u00eas, Xi Jinping, deu recentemente uma importante instru\u00e7\u00e3o sobre o estudo e o desenvolvimento da teoria do marxismo na nova era, que constituem um projeto b\u00e1sico e estrat\u00e9gico do desenvolvimento te\u00f3rico do Partido. O l\u00edder chin\u00eas reiterou que&#8230;<\/p>\n","protected":false},"author":2,"featured_media":0,"comment_status":"open","ping_status":"open","sticky":false,"template":"","format":"standard","meta":{"footnotes":""},"categories":[3],"tags":[],"class_list":["post-6961","post","type-post","status-publish","format-standard","hentry","category-china"],"yoast_head":"<!-- This site is optimized with the Yoast SEO plugin v27.4 - https:\/\/yoast.com\/product\/yoast-seo-wordpress\/ -->\n<title>Xi Jinping pede maior contribui\u00e7\u00e3o para promover adapta\u00e7\u00e3o do marxismo ao contexto chin\u00eas e aos nossos tempos - CRI e Diario de Pernambuco<\/title>\n<meta name=\"robots\" content=\"index, follow, max-snippet:-1, max-image-preview:large, max-video-preview:-1\" \/>\n<link rel=\"canonical\" href=\"https:\/\/diariodepe.com.br\/cri\/2024\/11\/29\/xi-jinping-pede-maior-contribuicao-para-promover-adaptacao-do-marxismo-ao-contexto-chines-e-aos-nossos-tempos\/\" \/>\n<meta property=\"og:locale\" content=\"pt_BR\" \/>\n<meta property=\"og:type\" content=\"article\" \/>\n<meta property=\"og:title\" content=\"Xi Jinping pede maior contribui\u00e7\u00e3o para promover adapta\u00e7\u00e3o do marxismo ao contexto chin\u00eas e aos nossos tempos - CRI e Diario de Pernambuco\" \/>\n<meta property=\"og:description\" content=\"O presidente chin\u00eas, Xi Jinping, deu recentemente uma importante instru\u00e7\u00e3o sobre o estudo e o desenvolvimento da teoria do marxismo na nova era, que constituem um projeto b\u00e1sico e estrat\u00e9gico do desenvolvimento te\u00f3rico do Partido. O l\u00edder chin\u00eas reiterou que...\" \/>\n<meta property=\"og:url\" content=\"https:\/\/diariodepe.com.br\/cri\/2024\/11\/29\/xi-jinping-pede-maior-contribuicao-para-promover-adaptacao-do-marxismo-ao-contexto-chines-e-aos-nossos-tempos\/\" \/>\n<meta property=\"og:site_name\" content=\"CRI e Diario de Pernambuco\" \/>\n<meta property=\"article:published_time\" content=\"2024-11-29T08:59:37+00:00\" \/>\n<meta name=\"author\" content=\"Ismael Lucas S. Pereira\" \/>\n<meta name=\"twitter:card\" content=\"summary_large_image\" \/>\n<meta name=\"twitter:label1\" content=\"Escrito por\" \/>\n\t<meta name=\"twitter:data1\" content=\"Ismael Lucas S. Pereira\" \/>\n<script type=\"application\/ld+json\" class=\"yoast-schema-graph\">{\"@context\":\"https:\\\/\\\/schema.org\",\"@graph\":[{\"@type\":\"Article\",\"@id\":\"https:\\\/\\\/diariodepe.com.br\\\/cri\\\/2024\\\/11\\\/29\\\/xi-jinping-pede-maior-contribuicao-para-promover-adaptacao-do-marxismo-ao-contexto-chines-e-aos-nossos-tempos\\\/#article\",\"isPartOf\":{\"@id\":\"https:\\\/\\\/diariodepe.com.br\\\/cri\\\/2024\\\/11\\\/29\\\/xi-jinping-pede-maior-contribuicao-para-promover-adaptacao-do-marxismo-ao-contexto-chines-e-aos-nossos-tempos\\\/\"},\"author\":{\"name\":\"Ismael Lucas S. Pereira\",\"@id\":\"https:\\\/\\\/diariodepe.com.br\\\/cri\\\/#\\\/schema\\\/person\\\/121bb28d84f1a5b1205ef4ce9c2e0c6b\"},\"headline\":\"Xi Jinping pede maior contribui\u00e7\u00e3o para promover adapta\u00e7\u00e3o do marxismo ao contexto chin\u00eas e aos nossos tempos\",\"datePublished\":\"2024-11-29T08:59:37+00:00\",\"mainEntityOfPage\":{\"@id\":\"https:\\\/\\\/diariodepe.com.br\\\/cri\\\/2024\\\/11\\\/29\\\/xi-jinping-pede-maior-contribuicao-para-promover-adaptacao-do-marxismo-ao-contexto-chines-e-aos-nossos-tempos\\\/\"},\"wordCount\":246,\"commentCount\":0,\"publisher\":{\"@id\":\"https:\\\/\\\/diariodepe.com.br\\\/cri\\\/#organization\"},\"articleSection\":[\"China\"],\"inLanguage\":\"pt-BR\",\"potentialAction\":[{\"@type\":\"CommentAction\",\"name\":\"Comment\",\"target\":[\"https:\\\/\\\/diariodepe.com.br\\\/cri\\\/2024\\\/11\\\/29\\\/xi-jinping-pede-maior-contribuicao-para-promover-adaptacao-do-marxismo-ao-contexto-chines-e-aos-nossos-tempos\\\/#respond\"]}]},{\"@type\":\"WebPage\",\"@id\":\"https:\\\/\\\/diariodepe.com.br\\\/cri\\\/2024\\\/11\\\/29\\\/xi-jinping-pede-maior-contribuicao-para-promover-adaptacao-do-marxismo-ao-contexto-chines-e-aos-nossos-tempos\\\/\",\"url\":\"https:\\\/\\\/diariodepe.com.br\\\/cri\\\/2024\\\/11\\\/29\\\/xi-jinping-pede-maior-contribuicao-para-promover-adaptacao-do-marxismo-ao-contexto-chines-e-aos-nossos-tempos\\\/\",\"name\":\"Xi Jinping pede maior contribui\u00e7\u00e3o para promover adapta\u00e7\u00e3o do marxismo ao contexto chin\u00eas e aos nossos tempos - CRI e Diario de Pernambuco\",\"isPartOf\":{\"@id\":\"https:\\\/\\\/diariodepe.com.br\\\/cri\\\/#website\"},\"datePublished\":\"2024-11-29T08:59:37+00:00\",\"breadcrumb\":{\"@id\":\"https:\\\/\\\/diariodepe.com.br\\\/cri\\\/2024\\\/11\\\/29\\\/xi-jinping-pede-maior-contribuicao-para-promover-adaptacao-do-marxismo-ao-contexto-chines-e-aos-nossos-tempos\\\/#breadcrumb\"},\"inLanguage\":\"pt-BR\",\"potentialAction\":[{\"@type\":\"ReadAction\",\"target\":[\"https:\\\/\\\/diariodepe.com.br\\\/cri\\\/2024\\\/11\\\/29\\\/xi-jinping-pede-maior-contribuicao-para-promover-adaptacao-do-marxismo-ao-contexto-chines-e-aos-nossos-tempos\\\/\"]}]},{\"@type\":\"BreadcrumbList\",\"@id\":\"https:\\\/\\\/diariodepe.com.br\\\/cri\\\/2024\\\/11\\\/29\\\/xi-jinping-pede-maior-contribuicao-para-promover-adaptacao-do-marxismo-ao-contexto-chines-e-aos-nossos-tempos\\\/#breadcrumb\",\"itemListElement\":[{\"@type\":\"ListItem\",\"position\":1,\"name\":\"In\u00edcio\",\"item\":\"https:\\\/\\\/diariodepe.com.br\\\/cri\\\/\"},{\"@type\":\"ListItem\",\"position\":2,\"name\":\"Xi Jinping pede maior contribui\u00e7\u00e3o para promover adapta\u00e7\u00e3o do marxismo ao contexto chin\u00eas e aos nossos tempos\"}]},{\"@type\":\"WebSite\",\"@id\":\"https:\\\/\\\/diariodepe.com.br\\\/cri\\\/#website\",\"url\":\"https:\\\/\\\/diariodepe.com.br\\\/cri\\\/\",\"name\":\"CRI e Diario de Pernambuco\",\"description\":\"R\u00e1dio Internacional da China\",\"publisher\":{\"@id\":\"https:\\\/\\\/diariodepe.com.br\\\/cri\\\/#organization\"},\"potentialAction\":[{\"@type\":\"SearchAction\",\"target\":{\"@type\":\"EntryPoint\",\"urlTemplate\":\"https:\\\/\\\/diariodepe.com.br\\\/cri\\\/?s={search_term_string}\"},\"query-input\":{\"@type\":\"PropertyValueSpecification\",\"valueRequired\":true,\"valueName\":\"search_term_string\"}}],\"inLanguage\":\"pt-BR\"},{\"@type\":\"Organization\",\"@id\":\"https:\\\/\\\/diariodepe.com.br\\\/cri\\\/#organization\",\"name\":\"CRI e Diario de Pernambuco\",\"url\":\"https:\\\/\\\/diariodepe.com.br\\\/cri\\\/\",\"logo\":{\"@type\":\"ImageObject\",\"inLanguage\":\"pt-BR\",\"@id\":\"https:\\\/\\\/diariodepe.com.br\\\/cri\\\/#\\\/schema\\\/logo\\\/image\\\/\",\"url\":\"https:\\\/\\\/diariodepe.com.br\\\/cri\\\/wp-content\\\/uploads\\\/sites\\\/2\\\/2022\\\/12\\\/cropped-Logo.jpg\",\"contentUrl\":\"https:\\\/\\\/diariodepe.com.br\\\/cri\\\/wp-content\\\/uploads\\\/sites\\\/2\\\/2022\\\/12\\\/cropped-Logo.jpg\",\"width\":700,\"height\":59,\"caption\":\"CRI e Diario de Pernambuco\"},\"image\":{\"@id\":\"https:\\\/\\\/diariodepe.com.br\\\/cri\\\/#\\\/schema\\\/logo\\\/image\\\/\"}},{\"@type\":\"Person\",\"@id\":\"https:\\\/\\\/diariodepe.com.br\\\/cri\\\/#\\\/schema\\\/person\\\/121bb28d84f1a5b1205ef4ce9c2e0c6b\",\"name\":\"Ismael Lucas S. Pereira\",\"image\":{\"@type\":\"ImageObject\",\"inLanguage\":\"pt-BR\",\"@id\":\"https:\\\/\\\/secure.gravatar.com\\\/avatar\\\/887a0f3b5a7ceea963a48499fb883ffce6b5037362def025c52c2505b15d63e4?s=96&d=mm&r=g\",\"url\":\"https:\\\/\\\/secure.gravatar.com\\\/avatar\\\/887a0f3b5a7ceea963a48499fb883ffce6b5037362def025c52c2505b15d63e4?s=96&d=mm&r=g\",\"contentUrl\":\"https:\\\/\\\/secure.gravatar.com\\\/avatar\\\/887a0f3b5a7ceea963a48499fb883ffce6b5037362def025c52c2505b15d63e4?s=96&d=mm&r=g\",\"caption\":\"Ismael Lucas S. Pereira\"},\"url\":\"https:\\\/\\\/diariodepe.com.br\\\/cri\\\/author\\\/ismael-lucas\\\/\"}]}<\/script>\n<!-- \/ Yoast SEO plugin. -->","yoast_head_json":{"title":"Xi Jinping pede maior contribui\u00e7\u00e3o para promover adapta\u00e7\u00e3o do marxismo ao contexto chin\u00eas e aos nossos tempos - CRI e Diario de Pernambuco","robots":{"index":"index","follow":"follow","max-snippet":"max-snippet:-1","max-image-preview":"max-image-preview:large","max-video-preview":"max-video-preview:-1"},"canonical":"https:\/\/diariodepe.com.br\/cri\/2024\/11\/29\/xi-jinping-pede-maior-contribuicao-para-promover-adaptacao-do-marxismo-ao-contexto-chines-e-aos-nossos-tempos\/","og_locale":"pt_BR","og_type":"article","og_title":"Xi Jinping pede maior contribui\u00e7\u00e3o para promover adapta\u00e7\u00e3o do marxismo ao contexto chin\u00eas e aos nossos tempos - CRI e Diario de Pernambuco","og_description":"O presidente chin\u00eas, Xi Jinping, deu recentemente uma importante instru\u00e7\u00e3o sobre o estudo e o desenvolvimento da teoria do marxismo na nova era, que constituem um projeto b\u00e1sico e estrat\u00e9gico do desenvolvimento te\u00f3rico do Partido. O l\u00edder chin\u00eas reiterou que...","og_url":"https:\/\/diariodepe.com.br\/cri\/2024\/11\/29\/xi-jinping-pede-maior-contribuicao-para-promover-adaptacao-do-marxismo-ao-contexto-chines-e-aos-nossos-tempos\/","og_site_name":"CRI e Diario de Pernambuco","article_published_time":"2024-11-29T08:59:37+00:00","author":"Ismael Lucas S. Pereira","twitter_card":"summary_large_image","twitter_misc":{"Escrito por":"Ismael Lucas S. Pereira"},"schema":{"@context":"https:\/\/schema.org","@graph":[{"@type":"Article","@id":"https:\/\/diariodepe.com.br\/cri\/2024\/11\/29\/xi-jinping-pede-maior-contribuicao-para-promover-adaptacao-do-marxismo-ao-contexto-chines-e-aos-nossos-tempos\/#article","isPartOf":{"@id":"https:\/\/diariodepe.com.br\/cri\/2024\/11\/29\/xi-jinping-pede-maior-contribuicao-para-promover-adaptacao-do-marxismo-ao-contexto-chines-e-aos-nossos-tempos\/"},"author":{"name":"Ismael Lucas S. Pereira","@id":"https:\/\/diariodepe.com.br\/cri\/#\/schema\/person\/121bb28d84f1a5b1205ef4ce9c2e0c6b"},"headline":"Xi Jinping pede maior contribui\u00e7\u00e3o para promover adapta\u00e7\u00e3o do marxismo ao contexto chin\u00eas e aos nossos tempos","datePublished":"2024-11-29T08:59:37+00:00","mainEntityOfPage":{"@id":"https:\/\/diariodepe.com.br\/cri\/2024\/11\/29\/xi-jinping-pede-maior-contribuicao-para-promover-adaptacao-do-marxismo-ao-contexto-chines-e-aos-nossos-tempos\/"},"wordCount":246,"commentCount":0,"publisher":{"@id":"https:\/\/diariodepe.com.br\/cri\/#organization"},"articleSection":["China"],"inLanguage":"pt-BR","potentialAction":[{"@type":"CommentAction","name":"Comment","target":["https:\/\/diariodepe.com.br\/cri\/2024\/11\/29\/xi-jinping-pede-maior-contribuicao-para-promover-adaptacao-do-marxismo-ao-contexto-chines-e-aos-nossos-tempos\/#respond"]}]},{"@type":"WebPage","@id":"https:\/\/diariodepe.com.br\/cri\/2024\/11\/29\/xi-jinping-pede-maior-contribuicao-para-promover-adaptacao-do-marxismo-ao-contexto-chines-e-aos-nossos-tempos\/","url":"https:\/\/diariodepe.com.br\/cri\/2024\/11\/29\/xi-jinping-pede-maior-contribuicao-para-promover-adaptacao-do-marxismo-ao-contexto-chines-e-aos-nossos-tempos\/","name":"Xi Jinping pede maior contribui\u00e7\u00e3o para promover adapta\u00e7\u00e3o do marxismo ao contexto chin\u00eas e aos nossos tempos - CRI e Diario de Pernambuco","isPartOf":{"@id":"https:\/\/diariodepe.com.br\/cri\/#website"},"datePublished":"2024-11-29T08:59:37+00:00","breadcrumb":{"@id":"https:\/\/diariodepe.com.br\/cri\/2024\/11\/29\/xi-jinping-pede-maior-contribuicao-para-promover-adaptacao-do-marxismo-ao-contexto-chines-e-aos-nossos-tempos\/#breadcrumb"},"inLanguage":"pt-BR","potentialAction":[{"@type":"ReadAction","target":["https:\/\/diariodepe.com.br\/cri\/2024\/11\/29\/xi-jinping-pede-maior-contribuicao-para-promover-adaptacao-do-marxismo-ao-contexto-chines-e-aos-nossos-tempos\/"]}]},{"@type":"BreadcrumbList","@id":"https:\/\/diariodepe.com.br\/cri\/2024\/11\/29\/xi-jinping-pede-maior-contribuicao-para-promover-adaptacao-do-marxismo-ao-contexto-chines-e-aos-nossos-tempos\/#breadcrumb","itemListElement":[{"@type":"ListItem","position":1,"name":"In\u00edcio","item":"https:\/\/diariodepe.com.br\/cri\/"},{"@type":"ListItem","position":2,"name":"Xi Jinping pede maior contribui\u00e7\u00e3o para promover adapta\u00e7\u00e3o do marxismo ao contexto chin\u00eas e aos nossos tempos"}]},{"@type":"WebSite","@id":"https:\/\/diariodepe.com.br\/cri\/#website","url":"https:\/\/diariodepe.com.br\/cri\/","name":"CRI e Diario de Pernambuco","description":"R\u00e1dio Internacional da China","publisher":{"@id":"https:\/\/diariodepe.com.br\/cri\/#organization"},"potentialAction":[{"@type":"SearchAction","target":{"@type":"EntryPoint","urlTemplate":"https:\/\/diariodepe.com.br\/cri\/?s={search_term_string}"},"query-input":{"@type":"PropertyValueSpecification","valueRequired":true,"valueName":"search_term_string"}}],"inLanguage":"pt-BR"},{"@type":"Organization","@id":"https:\/\/diariodepe.com.br\/cri\/#organization","name":"CRI e Diario de Pernambuco","url":"https:\/\/diariodepe.com.br\/cri\/","logo":{"@type":"ImageObject","inLanguage":"pt-BR","@id":"https:\/\/diariodepe.com.br\/cri\/#\/schema\/logo\/image\/","url":"https:\/\/diariodepe.com.br\/cri\/wp-content\/uploads\/sites\/2\/2022\/12\/cropped-Logo.jpg","contentUrl":"https:\/\/diariodepe.com.br\/cri\/wp-content\/uploads\/sites\/2\/2022\/12\/cropped-Logo.jpg","width":700,"height":59,"caption":"CRI e Diario de Pernambuco"},"image":{"@id":"https:\/\/diariodepe.com.br\/cri\/#\/schema\/logo\/image\/"}},{"@type":"Person","@id":"https:\/\/diariodepe.com.br\/cri\/#\/schema\/person\/121bb28d84f1a5b1205ef4ce9c2e0c6b","name":"Ismael Lucas S. Pereira","image":{"@type":"ImageObject","inLanguage":"pt-BR","@id":"https:\/\/secure.gravatar.com\/avatar\/887a0f3b5a7ceea963a48499fb883ffce6b5037362def025c52c2505b15d63e4?s=96&d=mm&r=g","url":"https:\/\/secure.gravatar.com\/avatar\/887a0f3b5a7ceea963a48499fb883ffce6b5037362def025c52c2505b15d63e4?s=96&d=mm&r=g","contentUrl":"https:\/\/secure.gravatar.com\/avatar\/887a0f3b5a7ceea963a48499fb883ffce6b5037362def025c52c2505b15d63e4?s=96&d=mm&r=g","caption":"Ismael Lucas S. Pereira"},"url":"https:\/\/diariodepe.com.br\/cri\/author\/ismael-lucas\/"}]}},"cc_featured_image_caption":{"caption_text":false,"source_text":false,"source_url":false},"amp_enabled":true,"_links":{"self":[{"href":"https:\/\/diariodepe.com.br\/cri\/wp-json\/wp\/v2\/posts\/6961","targetHints":{"allow":["GET"]}}],"collection":[{"href":"https:\/\/diariodepe.com.br\/cri\/wp-json\/wp\/v2\/posts"}],"about":[{"href":"https:\/\/diariodepe.com.br\/cri\/wp-json\/wp\/v2\/types\/post"}],"author":[{"embeddable":true,"href":"https:\/\/diariodepe.com.br\/cri\/wp-json\/wp\/v2\/users\/2"}],"replies":[{"embeddable":true,"href":"https:\/\/diariodepe.com.br\/cri\/wp-json\/wp\/v2\/comments?post=6961"}],"version-history":[{"count":1,"href":"https:\/\/diariodepe.com.br\/cri\/wp-json\/wp\/v2\/posts\/6961\/revisions"}],"predecessor-version":[{"id":6962,"href":"https:\/\/diariodepe.com.br\/cri\/wp-json\/wp\/v2\/posts\/6961\/revisions\/6962"}],"wp:attachment":[{"href":"https:\/\/diariodepe.com.br\/cri\/wp-json\/wp\/v2\/media?parent=6961"}],"wp:term":[{"taxonomy":"category","embeddable":true,"href":"https:\/\/diariodepe.com.br\/cri\/wp-json\/wp\/v2\/categories?post=6961"},{"taxonomy":"post_tag","embeddable":true,"href":"https:\/\/diariodepe.com.br\/cri\/wp-json\/wp\/v2\/tags?post=6961"}],"curies":[{"name":"wp","href":"https:\/\/api.w.org\/{rel}","templated":true}]}}