{"id":696,"date":"2023-03-01T04:02:19","date_gmt":"2023-03-01T07:02:19","guid":{"rendered":"https:\/\/diariodepe.com.br\/cri\/?p=696"},"modified":"2023-03-01T04:02:20","modified_gmt":"2023-03-01T07:02:20","slug":"comentario-china-lanca-propostas-para-resolver-adequadamente-a-crise-ucraniana","status":"publish","type":"post","link":"https:\/\/diariodepe.com.br\/cri\/2023\/03\/01\/comentario-china-lanca-propostas-para-resolver-adequadamente-a-crise-ucraniana\/","title":{"rendered":"Coment\u00e1rio: China lan\u00e7a propostas para resolver adequadamente a crise ucraniana"},"content":{"rendered":"\n<p>Os conflitos entre a R\u00fassia e a Ucr\u00e2nia completaram um ano no dia 24. Na mesma data, o governo chin\u00eas divulgou a \u201cPosi\u00e7\u00e3o da China sobre a Solu\u00e7\u00e3o Pol\u00edtica da Crise da Ucr\u00e2nia\u201d, oferecendo a sabedoria chinesa para resolver o problema.<\/p>\n\n\n\n<p>No \u00faltimo ano, a crise ucraniana n\u00e3o s\u00f3 causou grandes perdas para a Ucr\u00e2nia e a R\u00fassia, como tamb\u00e9m impactos negativos para a seguran\u00e7a alimentar e energ\u00e9tica do mundo, \u00e0 infla\u00e7\u00e3o global e ao processo de globaliza\u00e7\u00e3o.<\/p>\n\n\n\n<p>As li\u00e7\u00f5es das duas guerras mundiais e da Guerra Fria j\u00e1 demonstraram que a hegemonia, alian\u00e7as pol\u00edticas e confrontos entre grupos trouxeram apenas guerras e conflitos. A crise ucraniana revelou mais uma vez a verdade que na guerra, todos saem perdendo, e que os di\u00e1logos e as negocia\u00e7\u00f5es s\u00e3o a \u00fanica maneira vi\u00e1vel para resolver as disputas.<\/p>\n\n\n\n<p>A China n\u00e3o \u00e9 uma parte envolvida nesta guerra, mas n\u00e3o ficou de bra\u00e7os cruzados. Neste documento, o pa\u00eds lan\u00e7ou 12 propostas para orientar a resolu\u00e7\u00e3o do problema. O conte\u00fado inclui o princ\u00edpio de respeitar a soberania de todos os pa\u00edses, medidas detalhadas para a crise humanit\u00e1ria e reconstru\u00e7\u00e3o p\u00f3s-guerra entre outras. A publica\u00e7\u00e3o mostra a responsabilidade de uma pot\u00eancia para defender a justi\u00e7a e impulsionar as negocia\u00e7\u00f5es.<\/p>\n\n\n\n<p>Por exemplo, a China enfatiza que todas as medidas favor\u00e1veis ao al\u00edvio da crise humanit\u00e1ria devem ser encorajadas e apoiadas. As a\u00e7\u00f5es humanit\u00e1rias t\u00eam que respeitar o princ\u00edpio de neutralidade e imparcialidade, a fim de evitar a politiza\u00e7\u00e3o da quest\u00e3o humanit\u00e1ria. As partes envolvidas no conflito devem respeitar rigorosamente a lei internacional sobre humanidade, evitar ataques contra civis e instala\u00e7\u00f5es de uso civil, proteger v\u00edtimas de conflitos e respeitar os direitos b\u00e1sicos dos prisioneiros de guerra.<\/p>\n\n\n\n<p>Al\u00e9m disso, a China op\u00f5e-se ao ataque \u00e0s instala\u00e7\u00f5es nucleares de uso pac\u00edfico, incluindo usinas nucleares, e apela \u00e0s partes envolvidas para que respeitem a Conven\u00e7\u00e3o de Seguran\u00e7a Nuclear e a Lei Internacional, a fim de evitar um acidente nuclear deliberado.<\/p>\n\n\n\n<p>\u201cArmas e guerras nucleares n\u00e3o podem ser usadas. A China op\u00f5e-se ao desenvolvimento e uso de armas bioqu\u00edmicas por qualquer pa\u00eds em qualquer situa\u00e7\u00e3o\u201d, consta no documento.<\/p>\n","protected":false},"excerpt":{"rendered":"<p>Os conflitos entre a R\u00fassia e a Ucr\u00e2nia completaram um ano no dia 24. Na mesma data, o governo chin\u00eas divulgou a \u201cPosi\u00e7\u00e3o da China sobre a Solu\u00e7\u00e3o Pol\u00edtica da Crise da Ucr\u00e2nia\u201d, oferecendo a sabedoria chinesa para resolver o&#8230;<\/p>\n","protected":false},"author":2,"featured_media":0,"comment_status":"open","ping_status":"open","sticky":false,"template":"","format":"standard","meta":{"footnotes":""},"categories":[7],"tags":[],"class_list":["post-696","post","type-post","status-publish","format-standard","hentry","category-visao"],"yoast_head":"<!-- This site is optimized with the Yoast SEO plugin v27.4 - https:\/\/yoast.com\/product\/yoast-seo-wordpress\/ -->\n<title>Coment\u00e1rio: China lan\u00e7a propostas para resolver adequadamente a crise ucraniana - CRI e Diario de Pernambuco<\/title>\n<meta name=\"robots\" content=\"index, follow, max-snippet:-1, max-image-preview:large, max-video-preview:-1\" \/>\n<link rel=\"canonical\" href=\"https:\/\/diariodepe.com.br\/cri\/2023\/03\/01\/comentario-china-lanca-propostas-para-resolver-adequadamente-a-crise-ucraniana\/\" \/>\n<meta property=\"og:locale\" content=\"pt_BR\" \/>\n<meta property=\"og:type\" content=\"article\" \/>\n<meta property=\"og:title\" content=\"Coment\u00e1rio: China lan\u00e7a propostas para resolver adequadamente a crise ucraniana - CRI e Diario de Pernambuco\" \/>\n<meta property=\"og:description\" content=\"Os conflitos entre a R\u00fassia e a Ucr\u00e2nia completaram um ano no dia 24. Na mesma data, o governo chin\u00eas divulgou a \u201cPosi\u00e7\u00e3o da China sobre a Solu\u00e7\u00e3o Pol\u00edtica da Crise da Ucr\u00e2nia\u201d, oferecendo a sabedoria chinesa para resolver o...\" \/>\n<meta property=\"og:url\" content=\"https:\/\/diariodepe.com.br\/cri\/2023\/03\/01\/comentario-china-lanca-propostas-para-resolver-adequadamente-a-crise-ucraniana\/\" \/>\n<meta property=\"og:site_name\" content=\"CRI e Diario de Pernambuco\" \/>\n<meta property=\"article:published_time\" content=\"2023-03-01T07:02:19+00:00\" \/>\n<meta property=\"article:modified_time\" content=\"2023-03-01T07:02:20+00:00\" \/>\n<meta name=\"author\" content=\"Ismael Lucas S. Pereira\" \/>\n<meta name=\"twitter:card\" content=\"summary_large_image\" \/>\n<meta name=\"twitter:label1\" content=\"Escrito por\" \/>\n\t<meta name=\"twitter:data1\" content=\"Ismael Lucas S. Pereira\" \/>\n\t<meta name=\"twitter:label2\" content=\"Est. tempo de leitura\" \/>\n\t<meta name=\"twitter:data2\" content=\"2 minutos\" \/>\n<script type=\"application\/ld+json\" class=\"yoast-schema-graph\">{\"@context\":\"https:\\\/\\\/schema.org\",\"@graph\":[{\"@type\":\"Article\",\"@id\":\"https:\\\/\\\/diariodepe.com.br\\\/cri\\\/2023\\\/03\\\/01\\\/comentario-china-lanca-propostas-para-resolver-adequadamente-a-crise-ucraniana\\\/#article\",\"isPartOf\":{\"@id\":\"https:\\\/\\\/diariodepe.com.br\\\/cri\\\/2023\\\/03\\\/01\\\/comentario-china-lanca-propostas-para-resolver-adequadamente-a-crise-ucraniana\\\/\"},\"author\":{\"name\":\"Ismael Lucas S. Pereira\",\"@id\":\"https:\\\/\\\/diariodepe.com.br\\\/cri\\\/#\\\/schema\\\/person\\\/121bb28d84f1a5b1205ef4ce9c2e0c6b\"},\"headline\":\"Coment\u00e1rio: China lan\u00e7a propostas para resolver adequadamente a crise ucraniana\",\"datePublished\":\"2023-03-01T07:02:19+00:00\",\"dateModified\":\"2023-03-01T07:02:20+00:00\",\"mainEntityOfPage\":{\"@id\":\"https:\\\/\\\/diariodepe.com.br\\\/cri\\\/2023\\\/03\\\/01\\\/comentario-china-lanca-propostas-para-resolver-adequadamente-a-crise-ucraniana\\\/\"},\"wordCount\":417,\"commentCount\":0,\"publisher\":{\"@id\":\"https:\\\/\\\/diariodepe.com.br\\\/cri\\\/#organization\"},\"articleSection\":[\"Vis\u00e3o\"],\"inLanguage\":\"pt-BR\",\"potentialAction\":[{\"@type\":\"CommentAction\",\"name\":\"Comment\",\"target\":[\"https:\\\/\\\/diariodepe.com.br\\\/cri\\\/2023\\\/03\\\/01\\\/comentario-china-lanca-propostas-para-resolver-adequadamente-a-crise-ucraniana\\\/#respond\"]}]},{\"@type\":\"WebPage\",\"@id\":\"https:\\\/\\\/diariodepe.com.br\\\/cri\\\/2023\\\/03\\\/01\\\/comentario-china-lanca-propostas-para-resolver-adequadamente-a-crise-ucraniana\\\/\",\"url\":\"https:\\\/\\\/diariodepe.com.br\\\/cri\\\/2023\\\/03\\\/01\\\/comentario-china-lanca-propostas-para-resolver-adequadamente-a-crise-ucraniana\\\/\",\"name\":\"Coment\u00e1rio: China lan\u00e7a propostas para resolver adequadamente a crise ucraniana - CRI e Diario de Pernambuco\",\"isPartOf\":{\"@id\":\"https:\\\/\\\/diariodepe.com.br\\\/cri\\\/#website\"},\"datePublished\":\"2023-03-01T07:02:19+00:00\",\"dateModified\":\"2023-03-01T07:02:20+00:00\",\"breadcrumb\":{\"@id\":\"https:\\\/\\\/diariodepe.com.br\\\/cri\\\/2023\\\/03\\\/01\\\/comentario-china-lanca-propostas-para-resolver-adequadamente-a-crise-ucraniana\\\/#breadcrumb\"},\"inLanguage\":\"pt-BR\",\"potentialAction\":[{\"@type\":\"ReadAction\",\"target\":[\"https:\\\/\\\/diariodepe.com.br\\\/cri\\\/2023\\\/03\\\/01\\\/comentario-china-lanca-propostas-para-resolver-adequadamente-a-crise-ucraniana\\\/\"]}]},{\"@type\":\"BreadcrumbList\",\"@id\":\"https:\\\/\\\/diariodepe.com.br\\\/cri\\\/2023\\\/03\\\/01\\\/comentario-china-lanca-propostas-para-resolver-adequadamente-a-crise-ucraniana\\\/#breadcrumb\",\"itemListElement\":[{\"@type\":\"ListItem\",\"position\":1,\"name\":\"In\u00edcio\",\"item\":\"https:\\\/\\\/diariodepe.com.br\\\/cri\\\/\"},{\"@type\":\"ListItem\",\"position\":2,\"name\":\"Coment\u00e1rio: China lan\u00e7a propostas para resolver adequadamente a crise ucraniana\"}]},{\"@type\":\"WebSite\",\"@id\":\"https:\\\/\\\/diariodepe.com.br\\\/cri\\\/#website\",\"url\":\"https:\\\/\\\/diariodepe.com.br\\\/cri\\\/\",\"name\":\"CRI e Diario de Pernambuco\",\"description\":\"R\u00e1dio Internacional da China\",\"publisher\":{\"@id\":\"https:\\\/\\\/diariodepe.com.br\\\/cri\\\/#organization\"},\"potentialAction\":[{\"@type\":\"SearchAction\",\"target\":{\"@type\":\"EntryPoint\",\"urlTemplate\":\"https:\\\/\\\/diariodepe.com.br\\\/cri\\\/?s={search_term_string}\"},\"query-input\":{\"@type\":\"PropertyValueSpecification\",\"valueRequired\":true,\"valueName\":\"search_term_string\"}}],\"inLanguage\":\"pt-BR\"},{\"@type\":\"Organization\",\"@id\":\"https:\\\/\\\/diariodepe.com.br\\\/cri\\\/#organization\",\"name\":\"CRI e Diario de Pernambuco\",\"url\":\"https:\\\/\\\/diariodepe.com.br\\\/cri\\\/\",\"logo\":{\"@type\":\"ImageObject\",\"inLanguage\":\"pt-BR\",\"@id\":\"https:\\\/\\\/diariodepe.com.br\\\/cri\\\/#\\\/schema\\\/logo\\\/image\\\/\",\"url\":\"https:\\\/\\\/diariodepe.com.br\\\/cri\\\/wp-content\\\/uploads\\\/sites\\\/2\\\/2022\\\/12\\\/cropped-Logo.jpg\",\"contentUrl\":\"https:\\\/\\\/diariodepe.com.br\\\/cri\\\/wp-content\\\/uploads\\\/sites\\\/2\\\/2022\\\/12\\\/cropped-Logo.jpg\",\"width\":700,\"height\":59,\"caption\":\"CRI e Diario de Pernambuco\"},\"image\":{\"@id\":\"https:\\\/\\\/diariodepe.com.br\\\/cri\\\/#\\\/schema\\\/logo\\\/image\\\/\"}},{\"@type\":\"Person\",\"@id\":\"https:\\\/\\\/diariodepe.com.br\\\/cri\\\/#\\\/schema\\\/person\\\/121bb28d84f1a5b1205ef4ce9c2e0c6b\",\"name\":\"Ismael Lucas S. Pereira\",\"image\":{\"@type\":\"ImageObject\",\"inLanguage\":\"pt-BR\",\"@id\":\"https:\\\/\\\/secure.gravatar.com\\\/avatar\\\/887a0f3b5a7ceea963a48499fb883ffce6b5037362def025c52c2505b15d63e4?s=96&d=mm&r=g\",\"url\":\"https:\\\/\\\/secure.gravatar.com\\\/avatar\\\/887a0f3b5a7ceea963a48499fb883ffce6b5037362def025c52c2505b15d63e4?s=96&d=mm&r=g\",\"contentUrl\":\"https:\\\/\\\/secure.gravatar.com\\\/avatar\\\/887a0f3b5a7ceea963a48499fb883ffce6b5037362def025c52c2505b15d63e4?s=96&d=mm&r=g\",\"caption\":\"Ismael Lucas S. Pereira\"},\"url\":\"https:\\\/\\\/diariodepe.com.br\\\/cri\\\/author\\\/ismael-lucas\\\/\"}]}<\/script>\n<!-- \/ Yoast SEO plugin. -->","yoast_head_json":{"title":"Coment\u00e1rio: China lan\u00e7a propostas para resolver adequadamente a crise ucraniana - CRI e Diario de Pernambuco","robots":{"index":"index","follow":"follow","max-snippet":"max-snippet:-1","max-image-preview":"max-image-preview:large","max-video-preview":"max-video-preview:-1"},"canonical":"https:\/\/diariodepe.com.br\/cri\/2023\/03\/01\/comentario-china-lanca-propostas-para-resolver-adequadamente-a-crise-ucraniana\/","og_locale":"pt_BR","og_type":"article","og_title":"Coment\u00e1rio: China lan\u00e7a propostas para resolver adequadamente a crise ucraniana - CRI e Diario de Pernambuco","og_description":"Os conflitos entre a R\u00fassia e a Ucr\u00e2nia completaram um ano no dia 24. Na mesma data, o governo chin\u00eas divulgou a \u201cPosi\u00e7\u00e3o da China sobre a Solu\u00e7\u00e3o Pol\u00edtica da Crise da Ucr\u00e2nia\u201d, oferecendo a sabedoria chinesa para resolver o...","og_url":"https:\/\/diariodepe.com.br\/cri\/2023\/03\/01\/comentario-china-lanca-propostas-para-resolver-adequadamente-a-crise-ucraniana\/","og_site_name":"CRI e Diario de Pernambuco","article_published_time":"2023-03-01T07:02:19+00:00","article_modified_time":"2023-03-01T07:02:20+00:00","author":"Ismael Lucas S. Pereira","twitter_card":"summary_large_image","twitter_misc":{"Escrito por":"Ismael Lucas S. Pereira","Est. tempo de leitura":"2 minutos"},"schema":{"@context":"https:\/\/schema.org","@graph":[{"@type":"Article","@id":"https:\/\/diariodepe.com.br\/cri\/2023\/03\/01\/comentario-china-lanca-propostas-para-resolver-adequadamente-a-crise-ucraniana\/#article","isPartOf":{"@id":"https:\/\/diariodepe.com.br\/cri\/2023\/03\/01\/comentario-china-lanca-propostas-para-resolver-adequadamente-a-crise-ucraniana\/"},"author":{"name":"Ismael Lucas S. Pereira","@id":"https:\/\/diariodepe.com.br\/cri\/#\/schema\/person\/121bb28d84f1a5b1205ef4ce9c2e0c6b"},"headline":"Coment\u00e1rio: China lan\u00e7a propostas para resolver adequadamente a crise ucraniana","datePublished":"2023-03-01T07:02:19+00:00","dateModified":"2023-03-01T07:02:20+00:00","mainEntityOfPage":{"@id":"https:\/\/diariodepe.com.br\/cri\/2023\/03\/01\/comentario-china-lanca-propostas-para-resolver-adequadamente-a-crise-ucraniana\/"},"wordCount":417,"commentCount":0,"publisher":{"@id":"https:\/\/diariodepe.com.br\/cri\/#organization"},"articleSection":["Vis\u00e3o"],"inLanguage":"pt-BR","potentialAction":[{"@type":"CommentAction","name":"Comment","target":["https:\/\/diariodepe.com.br\/cri\/2023\/03\/01\/comentario-china-lanca-propostas-para-resolver-adequadamente-a-crise-ucraniana\/#respond"]}]},{"@type":"WebPage","@id":"https:\/\/diariodepe.com.br\/cri\/2023\/03\/01\/comentario-china-lanca-propostas-para-resolver-adequadamente-a-crise-ucraniana\/","url":"https:\/\/diariodepe.com.br\/cri\/2023\/03\/01\/comentario-china-lanca-propostas-para-resolver-adequadamente-a-crise-ucraniana\/","name":"Coment\u00e1rio: China lan\u00e7a propostas para resolver adequadamente a crise ucraniana - CRI e Diario de Pernambuco","isPartOf":{"@id":"https:\/\/diariodepe.com.br\/cri\/#website"},"datePublished":"2023-03-01T07:02:19+00:00","dateModified":"2023-03-01T07:02:20+00:00","breadcrumb":{"@id":"https:\/\/diariodepe.com.br\/cri\/2023\/03\/01\/comentario-china-lanca-propostas-para-resolver-adequadamente-a-crise-ucraniana\/#breadcrumb"},"inLanguage":"pt-BR","potentialAction":[{"@type":"ReadAction","target":["https:\/\/diariodepe.com.br\/cri\/2023\/03\/01\/comentario-china-lanca-propostas-para-resolver-adequadamente-a-crise-ucraniana\/"]}]},{"@type":"BreadcrumbList","@id":"https:\/\/diariodepe.com.br\/cri\/2023\/03\/01\/comentario-china-lanca-propostas-para-resolver-adequadamente-a-crise-ucraniana\/#breadcrumb","itemListElement":[{"@type":"ListItem","position":1,"name":"In\u00edcio","item":"https:\/\/diariodepe.com.br\/cri\/"},{"@type":"ListItem","position":2,"name":"Coment\u00e1rio: China lan\u00e7a propostas para resolver adequadamente a crise ucraniana"}]},{"@type":"WebSite","@id":"https:\/\/diariodepe.com.br\/cri\/#website","url":"https:\/\/diariodepe.com.br\/cri\/","name":"CRI e Diario de Pernambuco","description":"R\u00e1dio Internacional da China","publisher":{"@id":"https:\/\/diariodepe.com.br\/cri\/#organization"},"potentialAction":[{"@type":"SearchAction","target":{"@type":"EntryPoint","urlTemplate":"https:\/\/diariodepe.com.br\/cri\/?s={search_term_string}"},"query-input":{"@type":"PropertyValueSpecification","valueRequired":true,"valueName":"search_term_string"}}],"inLanguage":"pt-BR"},{"@type":"Organization","@id":"https:\/\/diariodepe.com.br\/cri\/#organization","name":"CRI e Diario de Pernambuco","url":"https:\/\/diariodepe.com.br\/cri\/","logo":{"@type":"ImageObject","inLanguage":"pt-BR","@id":"https:\/\/diariodepe.com.br\/cri\/#\/schema\/logo\/image\/","url":"https:\/\/diariodepe.com.br\/cri\/wp-content\/uploads\/sites\/2\/2022\/12\/cropped-Logo.jpg","contentUrl":"https:\/\/diariodepe.com.br\/cri\/wp-content\/uploads\/sites\/2\/2022\/12\/cropped-Logo.jpg","width":700,"height":59,"caption":"CRI e Diario de Pernambuco"},"image":{"@id":"https:\/\/diariodepe.com.br\/cri\/#\/schema\/logo\/image\/"}},{"@type":"Person","@id":"https:\/\/diariodepe.com.br\/cri\/#\/schema\/person\/121bb28d84f1a5b1205ef4ce9c2e0c6b","name":"Ismael Lucas S. Pereira","image":{"@type":"ImageObject","inLanguage":"pt-BR","@id":"https:\/\/secure.gravatar.com\/avatar\/887a0f3b5a7ceea963a48499fb883ffce6b5037362def025c52c2505b15d63e4?s=96&d=mm&r=g","url":"https:\/\/secure.gravatar.com\/avatar\/887a0f3b5a7ceea963a48499fb883ffce6b5037362def025c52c2505b15d63e4?s=96&d=mm&r=g","contentUrl":"https:\/\/secure.gravatar.com\/avatar\/887a0f3b5a7ceea963a48499fb883ffce6b5037362def025c52c2505b15d63e4?s=96&d=mm&r=g","caption":"Ismael Lucas S. Pereira"},"url":"https:\/\/diariodepe.com.br\/cri\/author\/ismael-lucas\/"}]}},"cc_featured_image_caption":{"caption_text":"","source_text":"","source_url":""},"amp_enabled":true,"_links":{"self":[{"href":"https:\/\/diariodepe.com.br\/cri\/wp-json\/wp\/v2\/posts\/696","targetHints":{"allow":["GET"]}}],"collection":[{"href":"https:\/\/diariodepe.com.br\/cri\/wp-json\/wp\/v2\/posts"}],"about":[{"href":"https:\/\/diariodepe.com.br\/cri\/wp-json\/wp\/v2\/types\/post"}],"author":[{"embeddable":true,"href":"https:\/\/diariodepe.com.br\/cri\/wp-json\/wp\/v2\/users\/2"}],"replies":[{"embeddable":true,"href":"https:\/\/diariodepe.com.br\/cri\/wp-json\/wp\/v2\/comments?post=696"}],"version-history":[{"count":1,"href":"https:\/\/diariodepe.com.br\/cri\/wp-json\/wp\/v2\/posts\/696\/revisions"}],"predecessor-version":[{"id":697,"href":"https:\/\/diariodepe.com.br\/cri\/wp-json\/wp\/v2\/posts\/696\/revisions\/697"}],"wp:attachment":[{"href":"https:\/\/diariodepe.com.br\/cri\/wp-json\/wp\/v2\/media?parent=696"}],"wp:term":[{"taxonomy":"category","embeddable":true,"href":"https:\/\/diariodepe.com.br\/cri\/wp-json\/wp\/v2\/categories?post=696"},{"taxonomy":"post_tag","embeddable":true,"href":"https:\/\/diariodepe.com.br\/cri\/wp-json\/wp\/v2\/tags?post=696"}],"curies":[{"name":"wp","href":"https:\/\/api.w.org\/{rel}","templated":true}]}}