{"id":6959,"date":"2024-11-29T05:57:58","date_gmt":"2024-11-29T08:57:58","guid":{"rendered":"https:\/\/diariodepe.com.br\/cri\/?p=6959"},"modified":"2024-11-29T05:57:58","modified_gmt":"2024-11-29T08:57:58","slug":"gala-do-festival-da-primavera-2025-lanca-tema-e-logotipo","status":"publish","type":"post","link":"https:\/\/diariodepe.com.br\/cri\/2024\/11\/29\/gala-do-festival-da-primavera-2025-lanca-tema-e-logotipo\/","title":{"rendered":"Gala do Festival da Primavera 2025 lan\u00e7a tema e logotipo"},"content":{"rendered":"<p><span lang=\"PT-BR\">\u00a0<\/span><span lang=\"PT-BR\">&#8220;Desperte a Alegria no Ano da Serpente!\u201d Eis o tema da &#8220;Gala do Festival da Primavera de 2025&#8221; produzida pelo Grupo de M\u00eddia da China. Ainda houve a divulga\u00e7\u00e3o nesta sexta-feira (29) do principal logotipo do evento.<\/span><\/p>\n<p><span lang=\"PT-BR\"><img decoding=\"async\" src=\"https:\/\/38picres.cgtn.com\/photoAlbum\/page\/performance\/img\/2024\/11\/29\/1732869861596_962.jpg\" width=\"100%\" height=\"auto\" \/><img decoding=\"async\" src=\"https:\/\/38picres.cgtn.com\/photoAlbum\/page\/performance\/img\/2024\/11\/29\/1732869861636_708.jpg\" width=\"100%\" height=\"auto\" \/><\/span><\/p>\n<p><span lang=\"PT-BR\">Composto simetricamente por dois caracteres chineses\u00a0<\/span>\u5df3<span lang=\"PT-BR\">\u00a0que simbolizam a serpente e representam o \u00e1pice da energia yang e a retra\u00e7\u00e3o da energia yin, o logotipo ilustra o tradicional desenho da cultura chinesa e significa ben\u00e7\u00f5es e bons flu\u00eddos para a vida.<\/span><\/p>\n<p><span lang=\"PT-BR\">A Gala ser\u00e1 realizada na v\u00e9spera do Ano Novo Chin\u00eas, celebrada este ano no dia 28 de janeiro de 2025.<\/span><\/p>\n","protected":false},"excerpt":{"rendered":"<p>\u00a0&#8220;Desperte a Alegria no Ano da Serpente!\u201d Eis o tema da &#8220;Gala do Festival da Primavera de 2025&#8221; produzida pelo Grupo de M\u00eddia da China. Ainda houve a divulga\u00e7\u00e3o nesta sexta-feira (29) do principal logotipo do evento. Composto simetricamente por&#8230;<\/p>\n","protected":false},"author":2,"featured_media":0,"comment_status":"open","ping_status":"open","sticky":false,"template":"","format":"standard","meta":{"footnotes":""},"categories":[5],"tags":[],"class_list":["post-6959","post","type-post","status-publish","format-standard","hentry","category-destaques-capa"],"yoast_head":"<!-- This site is optimized with the Yoast SEO plugin v27.4 - https:\/\/yoast.com\/product\/yoast-seo-wordpress\/ -->\n<title>Gala do Festival da Primavera 2025 lan\u00e7a tema e logotipo - CRI e Diario de Pernambuco<\/title>\n<meta name=\"robots\" content=\"index, follow, max-snippet:-1, max-image-preview:large, max-video-preview:-1\" \/>\n<link rel=\"canonical\" href=\"https:\/\/diariodepe.com.br\/cri\/2024\/11\/29\/gala-do-festival-da-primavera-2025-lanca-tema-e-logotipo\/\" \/>\n<meta property=\"og:locale\" content=\"pt_BR\" \/>\n<meta property=\"og:type\" content=\"article\" \/>\n<meta property=\"og:title\" content=\"Gala do Festival da Primavera 2025 lan\u00e7a tema e logotipo - CRI e Diario de Pernambuco\" \/>\n<meta property=\"og:description\" content=\"\u00a0&#8220;Desperte a Alegria no Ano da Serpente!\u201d Eis o tema da &#8220;Gala do Festival da Primavera de 2025&#8221; produzida pelo Grupo de M\u00eddia da China. Ainda houve a divulga\u00e7\u00e3o nesta sexta-feira (29) do principal logotipo do evento. Composto simetricamente por...\" \/>\n<meta property=\"og:url\" content=\"https:\/\/diariodepe.com.br\/cri\/2024\/11\/29\/gala-do-festival-da-primavera-2025-lanca-tema-e-logotipo\/\" \/>\n<meta property=\"og:site_name\" content=\"CRI e Diario de Pernambuco\" \/>\n<meta property=\"article:published_time\" content=\"2024-11-29T08:57:58+00:00\" \/>\n<meta property=\"og:image\" content=\"https:\/\/38picres.cgtn.com\/photoAlbum\/page\/performance\/img\/2024\/11\/29\/1732869861596_962.jpg\" \/>\n<meta name=\"author\" content=\"Ismael Lucas S. Pereira\" \/>\n<meta name=\"twitter:card\" content=\"summary_large_image\" \/>\n<meta name=\"twitter:label1\" content=\"Escrito por\" \/>\n\t<meta name=\"twitter:data1\" content=\"Ismael Lucas S. Pereira\" \/>\n\t<meta name=\"twitter:label2\" content=\"Est. tempo de leitura\" \/>\n\t<meta name=\"twitter:data2\" content=\"1 minuto\" \/>\n<script type=\"application\/ld+json\" class=\"yoast-schema-graph\">{\"@context\":\"https:\\\/\\\/schema.org\",\"@graph\":[{\"@type\":\"Article\",\"@id\":\"https:\\\/\\\/diariodepe.com.br\\\/cri\\\/2024\\\/11\\\/29\\\/gala-do-festival-da-primavera-2025-lanca-tema-e-logotipo\\\/#article\",\"isPartOf\":{\"@id\":\"https:\\\/\\\/diariodepe.com.br\\\/cri\\\/2024\\\/11\\\/29\\\/gala-do-festival-da-primavera-2025-lanca-tema-e-logotipo\\\/\"},\"author\":{\"name\":\"Ismael Lucas S. Pereira\",\"@id\":\"https:\\\/\\\/diariodepe.com.br\\\/cri\\\/#\\\/schema\\\/person\\\/121bb28d84f1a5b1205ef4ce9c2e0c6b\"},\"headline\":\"Gala do Festival da Primavera 2025 lan\u00e7a tema e logotipo\",\"datePublished\":\"2024-11-29T08:57:58+00:00\",\"mainEntityOfPage\":{\"@id\":\"https:\\\/\\\/diariodepe.com.br\\\/cri\\\/2024\\\/11\\\/29\\\/gala-do-festival-da-primavera-2025-lanca-tema-e-logotipo\\\/\"},\"wordCount\":111,\"commentCount\":0,\"publisher\":{\"@id\":\"https:\\\/\\\/diariodepe.com.br\\\/cri\\\/#organization\"},\"image\":{\"@id\":\"https:\\\/\\\/diariodepe.com.br\\\/cri\\\/2024\\\/11\\\/29\\\/gala-do-festival-da-primavera-2025-lanca-tema-e-logotipo\\\/#primaryimage\"},\"thumbnailUrl\":\"https:\\\/\\\/38picres.cgtn.com\\\/photoAlbum\\\/page\\\/performance\\\/img\\\/2024\\\/11\\\/29\\\/1732869861596_962.jpg\",\"articleSection\":[\"Destaques Capa\"],\"inLanguage\":\"pt-BR\",\"potentialAction\":[{\"@type\":\"CommentAction\",\"name\":\"Comment\",\"target\":[\"https:\\\/\\\/diariodepe.com.br\\\/cri\\\/2024\\\/11\\\/29\\\/gala-do-festival-da-primavera-2025-lanca-tema-e-logotipo\\\/#respond\"]}]},{\"@type\":\"WebPage\",\"@id\":\"https:\\\/\\\/diariodepe.com.br\\\/cri\\\/2024\\\/11\\\/29\\\/gala-do-festival-da-primavera-2025-lanca-tema-e-logotipo\\\/\",\"url\":\"https:\\\/\\\/diariodepe.com.br\\\/cri\\\/2024\\\/11\\\/29\\\/gala-do-festival-da-primavera-2025-lanca-tema-e-logotipo\\\/\",\"name\":\"Gala do Festival da Primavera 2025 lan\u00e7a tema e logotipo - CRI e Diario de Pernambuco\",\"isPartOf\":{\"@id\":\"https:\\\/\\\/diariodepe.com.br\\\/cri\\\/#website\"},\"primaryImageOfPage\":{\"@id\":\"https:\\\/\\\/diariodepe.com.br\\\/cri\\\/2024\\\/11\\\/29\\\/gala-do-festival-da-primavera-2025-lanca-tema-e-logotipo\\\/#primaryimage\"},\"image\":{\"@id\":\"https:\\\/\\\/diariodepe.com.br\\\/cri\\\/2024\\\/11\\\/29\\\/gala-do-festival-da-primavera-2025-lanca-tema-e-logotipo\\\/#primaryimage\"},\"thumbnailUrl\":\"https:\\\/\\\/38picres.cgtn.com\\\/photoAlbum\\\/page\\\/performance\\\/img\\\/2024\\\/11\\\/29\\\/1732869861596_962.jpg\",\"datePublished\":\"2024-11-29T08:57:58+00:00\",\"breadcrumb\":{\"@id\":\"https:\\\/\\\/diariodepe.com.br\\\/cri\\\/2024\\\/11\\\/29\\\/gala-do-festival-da-primavera-2025-lanca-tema-e-logotipo\\\/#breadcrumb\"},\"inLanguage\":\"pt-BR\",\"potentialAction\":[{\"@type\":\"ReadAction\",\"target\":[\"https:\\\/\\\/diariodepe.com.br\\\/cri\\\/2024\\\/11\\\/29\\\/gala-do-festival-da-primavera-2025-lanca-tema-e-logotipo\\\/\"]}]},{\"@type\":\"ImageObject\",\"inLanguage\":\"pt-BR\",\"@id\":\"https:\\\/\\\/diariodepe.com.br\\\/cri\\\/2024\\\/11\\\/29\\\/gala-do-festival-da-primavera-2025-lanca-tema-e-logotipo\\\/#primaryimage\",\"url\":\"https:\\\/\\\/38picres.cgtn.com\\\/photoAlbum\\\/page\\\/performance\\\/img\\\/2024\\\/11\\\/29\\\/1732869861596_962.jpg\",\"contentUrl\":\"https:\\\/\\\/38picres.cgtn.com\\\/photoAlbum\\\/page\\\/performance\\\/img\\\/2024\\\/11\\\/29\\\/1732869861596_962.jpg\"},{\"@type\":\"BreadcrumbList\",\"@id\":\"https:\\\/\\\/diariodepe.com.br\\\/cri\\\/2024\\\/11\\\/29\\\/gala-do-festival-da-primavera-2025-lanca-tema-e-logotipo\\\/#breadcrumb\",\"itemListElement\":[{\"@type\":\"ListItem\",\"position\":1,\"name\":\"In\u00edcio\",\"item\":\"https:\\\/\\\/diariodepe.com.br\\\/cri\\\/\"},{\"@type\":\"ListItem\",\"position\":2,\"name\":\"Gala do Festival da Primavera 2025 lan\u00e7a tema e logotipo\"}]},{\"@type\":\"WebSite\",\"@id\":\"https:\\\/\\\/diariodepe.com.br\\\/cri\\\/#website\",\"url\":\"https:\\\/\\\/diariodepe.com.br\\\/cri\\\/\",\"name\":\"CRI e Diario de Pernambuco\",\"description\":\"R\u00e1dio Internacional da China\",\"publisher\":{\"@id\":\"https:\\\/\\\/diariodepe.com.br\\\/cri\\\/#organization\"},\"potentialAction\":[{\"@type\":\"SearchAction\",\"target\":{\"@type\":\"EntryPoint\",\"urlTemplate\":\"https:\\\/\\\/diariodepe.com.br\\\/cri\\\/?s={search_term_string}\"},\"query-input\":{\"@type\":\"PropertyValueSpecification\",\"valueRequired\":true,\"valueName\":\"search_term_string\"}}],\"inLanguage\":\"pt-BR\"},{\"@type\":\"Organization\",\"@id\":\"https:\\\/\\\/diariodepe.com.br\\\/cri\\\/#organization\",\"name\":\"CRI e Diario de Pernambuco\",\"url\":\"https:\\\/\\\/diariodepe.com.br\\\/cri\\\/\",\"logo\":{\"@type\":\"ImageObject\",\"inLanguage\":\"pt-BR\",\"@id\":\"https:\\\/\\\/diariodepe.com.br\\\/cri\\\/#\\\/schema\\\/logo\\\/image\\\/\",\"url\":\"https:\\\/\\\/diariodepe.com.br\\\/cri\\\/wp-content\\\/uploads\\\/sites\\\/2\\\/2022\\\/12\\\/cropped-Logo.jpg\",\"contentUrl\":\"https:\\\/\\\/diariodepe.com.br\\\/cri\\\/wp-content\\\/uploads\\\/sites\\\/2\\\/2022\\\/12\\\/cropped-Logo.jpg\",\"width\":700,\"height\":59,\"caption\":\"CRI e Diario de Pernambuco\"},\"image\":{\"@id\":\"https:\\\/\\\/diariodepe.com.br\\\/cri\\\/#\\\/schema\\\/logo\\\/image\\\/\"}},{\"@type\":\"Person\",\"@id\":\"https:\\\/\\\/diariodepe.com.br\\\/cri\\\/#\\\/schema\\\/person\\\/121bb28d84f1a5b1205ef4ce9c2e0c6b\",\"name\":\"Ismael Lucas S. Pereira\",\"image\":{\"@type\":\"ImageObject\",\"inLanguage\":\"pt-BR\",\"@id\":\"https:\\\/\\\/secure.gravatar.com\\\/avatar\\\/887a0f3b5a7ceea963a48499fb883ffce6b5037362def025c52c2505b15d63e4?s=96&d=mm&r=g\",\"url\":\"https:\\\/\\\/secure.gravatar.com\\\/avatar\\\/887a0f3b5a7ceea963a48499fb883ffce6b5037362def025c52c2505b15d63e4?s=96&d=mm&r=g\",\"contentUrl\":\"https:\\\/\\\/secure.gravatar.com\\\/avatar\\\/887a0f3b5a7ceea963a48499fb883ffce6b5037362def025c52c2505b15d63e4?s=96&d=mm&r=g\",\"caption\":\"Ismael Lucas S. Pereira\"},\"url\":\"https:\\\/\\\/diariodepe.com.br\\\/cri\\\/author\\\/ismael-lucas\\\/\"}]}<\/script>\n<!-- \/ Yoast SEO plugin. -->","yoast_head_json":{"title":"Gala do Festival da Primavera 2025 lan\u00e7a tema e logotipo - CRI e Diario de Pernambuco","robots":{"index":"index","follow":"follow","max-snippet":"max-snippet:-1","max-image-preview":"max-image-preview:large","max-video-preview":"max-video-preview:-1"},"canonical":"https:\/\/diariodepe.com.br\/cri\/2024\/11\/29\/gala-do-festival-da-primavera-2025-lanca-tema-e-logotipo\/","og_locale":"pt_BR","og_type":"article","og_title":"Gala do Festival da Primavera 2025 lan\u00e7a tema e logotipo - CRI e Diario de Pernambuco","og_description":"\u00a0&#8220;Desperte a Alegria no Ano da Serpente!\u201d Eis o tema da &#8220;Gala do Festival da Primavera de 2025&#8221; produzida pelo Grupo de M\u00eddia da China. Ainda houve a divulga\u00e7\u00e3o nesta sexta-feira (29) do principal logotipo do evento. Composto simetricamente por...","og_url":"https:\/\/diariodepe.com.br\/cri\/2024\/11\/29\/gala-do-festival-da-primavera-2025-lanca-tema-e-logotipo\/","og_site_name":"CRI e Diario de Pernambuco","article_published_time":"2024-11-29T08:57:58+00:00","og_image":[{"url":"https:\/\/38picres.cgtn.com\/photoAlbum\/page\/performance\/img\/2024\/11\/29\/1732869861596_962.jpg","type":"","width":"","height":""}],"author":"Ismael Lucas S. Pereira","twitter_card":"summary_large_image","twitter_misc":{"Escrito por":"Ismael Lucas S. Pereira","Est. tempo de leitura":"1 minuto"},"schema":{"@context":"https:\/\/schema.org","@graph":[{"@type":"Article","@id":"https:\/\/diariodepe.com.br\/cri\/2024\/11\/29\/gala-do-festival-da-primavera-2025-lanca-tema-e-logotipo\/#article","isPartOf":{"@id":"https:\/\/diariodepe.com.br\/cri\/2024\/11\/29\/gala-do-festival-da-primavera-2025-lanca-tema-e-logotipo\/"},"author":{"name":"Ismael Lucas S. Pereira","@id":"https:\/\/diariodepe.com.br\/cri\/#\/schema\/person\/121bb28d84f1a5b1205ef4ce9c2e0c6b"},"headline":"Gala do Festival da Primavera 2025 lan\u00e7a tema e logotipo","datePublished":"2024-11-29T08:57:58+00:00","mainEntityOfPage":{"@id":"https:\/\/diariodepe.com.br\/cri\/2024\/11\/29\/gala-do-festival-da-primavera-2025-lanca-tema-e-logotipo\/"},"wordCount":111,"commentCount":0,"publisher":{"@id":"https:\/\/diariodepe.com.br\/cri\/#organization"},"image":{"@id":"https:\/\/diariodepe.com.br\/cri\/2024\/11\/29\/gala-do-festival-da-primavera-2025-lanca-tema-e-logotipo\/#primaryimage"},"thumbnailUrl":"https:\/\/38picres.cgtn.com\/photoAlbum\/page\/performance\/img\/2024\/11\/29\/1732869861596_962.jpg","articleSection":["Destaques Capa"],"inLanguage":"pt-BR","potentialAction":[{"@type":"CommentAction","name":"Comment","target":["https:\/\/diariodepe.com.br\/cri\/2024\/11\/29\/gala-do-festival-da-primavera-2025-lanca-tema-e-logotipo\/#respond"]}]},{"@type":"WebPage","@id":"https:\/\/diariodepe.com.br\/cri\/2024\/11\/29\/gala-do-festival-da-primavera-2025-lanca-tema-e-logotipo\/","url":"https:\/\/diariodepe.com.br\/cri\/2024\/11\/29\/gala-do-festival-da-primavera-2025-lanca-tema-e-logotipo\/","name":"Gala do Festival da Primavera 2025 lan\u00e7a tema e logotipo - CRI e Diario de Pernambuco","isPartOf":{"@id":"https:\/\/diariodepe.com.br\/cri\/#website"},"primaryImageOfPage":{"@id":"https:\/\/diariodepe.com.br\/cri\/2024\/11\/29\/gala-do-festival-da-primavera-2025-lanca-tema-e-logotipo\/#primaryimage"},"image":{"@id":"https:\/\/diariodepe.com.br\/cri\/2024\/11\/29\/gala-do-festival-da-primavera-2025-lanca-tema-e-logotipo\/#primaryimage"},"thumbnailUrl":"https:\/\/38picres.cgtn.com\/photoAlbum\/page\/performance\/img\/2024\/11\/29\/1732869861596_962.jpg","datePublished":"2024-11-29T08:57:58+00:00","breadcrumb":{"@id":"https:\/\/diariodepe.com.br\/cri\/2024\/11\/29\/gala-do-festival-da-primavera-2025-lanca-tema-e-logotipo\/#breadcrumb"},"inLanguage":"pt-BR","potentialAction":[{"@type":"ReadAction","target":["https:\/\/diariodepe.com.br\/cri\/2024\/11\/29\/gala-do-festival-da-primavera-2025-lanca-tema-e-logotipo\/"]}]},{"@type":"ImageObject","inLanguage":"pt-BR","@id":"https:\/\/diariodepe.com.br\/cri\/2024\/11\/29\/gala-do-festival-da-primavera-2025-lanca-tema-e-logotipo\/#primaryimage","url":"https:\/\/38picres.cgtn.com\/photoAlbum\/page\/performance\/img\/2024\/11\/29\/1732869861596_962.jpg","contentUrl":"https:\/\/38picres.cgtn.com\/photoAlbum\/page\/performance\/img\/2024\/11\/29\/1732869861596_962.jpg"},{"@type":"BreadcrumbList","@id":"https:\/\/diariodepe.com.br\/cri\/2024\/11\/29\/gala-do-festival-da-primavera-2025-lanca-tema-e-logotipo\/#breadcrumb","itemListElement":[{"@type":"ListItem","position":1,"name":"In\u00edcio","item":"https:\/\/diariodepe.com.br\/cri\/"},{"@type":"ListItem","position":2,"name":"Gala do Festival da Primavera 2025 lan\u00e7a tema e logotipo"}]},{"@type":"WebSite","@id":"https:\/\/diariodepe.com.br\/cri\/#website","url":"https:\/\/diariodepe.com.br\/cri\/","name":"CRI e Diario de Pernambuco","description":"R\u00e1dio Internacional da China","publisher":{"@id":"https:\/\/diariodepe.com.br\/cri\/#organization"},"potentialAction":[{"@type":"SearchAction","target":{"@type":"EntryPoint","urlTemplate":"https:\/\/diariodepe.com.br\/cri\/?s={search_term_string}"},"query-input":{"@type":"PropertyValueSpecification","valueRequired":true,"valueName":"search_term_string"}}],"inLanguage":"pt-BR"},{"@type":"Organization","@id":"https:\/\/diariodepe.com.br\/cri\/#organization","name":"CRI e Diario de Pernambuco","url":"https:\/\/diariodepe.com.br\/cri\/","logo":{"@type":"ImageObject","inLanguage":"pt-BR","@id":"https:\/\/diariodepe.com.br\/cri\/#\/schema\/logo\/image\/","url":"https:\/\/diariodepe.com.br\/cri\/wp-content\/uploads\/sites\/2\/2022\/12\/cropped-Logo.jpg","contentUrl":"https:\/\/diariodepe.com.br\/cri\/wp-content\/uploads\/sites\/2\/2022\/12\/cropped-Logo.jpg","width":700,"height":59,"caption":"CRI e Diario de Pernambuco"},"image":{"@id":"https:\/\/diariodepe.com.br\/cri\/#\/schema\/logo\/image\/"}},{"@type":"Person","@id":"https:\/\/diariodepe.com.br\/cri\/#\/schema\/person\/121bb28d84f1a5b1205ef4ce9c2e0c6b","name":"Ismael Lucas S. Pereira","image":{"@type":"ImageObject","inLanguage":"pt-BR","@id":"https:\/\/secure.gravatar.com\/avatar\/887a0f3b5a7ceea963a48499fb883ffce6b5037362def025c52c2505b15d63e4?s=96&d=mm&r=g","url":"https:\/\/secure.gravatar.com\/avatar\/887a0f3b5a7ceea963a48499fb883ffce6b5037362def025c52c2505b15d63e4?s=96&d=mm&r=g","contentUrl":"https:\/\/secure.gravatar.com\/avatar\/887a0f3b5a7ceea963a48499fb883ffce6b5037362def025c52c2505b15d63e4?s=96&d=mm&r=g","caption":"Ismael Lucas S. Pereira"},"url":"https:\/\/diariodepe.com.br\/cri\/author\/ismael-lucas\/"}]}},"cc_featured_image_caption":{"caption_text":false,"source_text":false,"source_url":false},"amp_enabled":true,"_links":{"self":[{"href":"https:\/\/diariodepe.com.br\/cri\/wp-json\/wp\/v2\/posts\/6959","targetHints":{"allow":["GET"]}}],"collection":[{"href":"https:\/\/diariodepe.com.br\/cri\/wp-json\/wp\/v2\/posts"}],"about":[{"href":"https:\/\/diariodepe.com.br\/cri\/wp-json\/wp\/v2\/types\/post"}],"author":[{"embeddable":true,"href":"https:\/\/diariodepe.com.br\/cri\/wp-json\/wp\/v2\/users\/2"}],"replies":[{"embeddable":true,"href":"https:\/\/diariodepe.com.br\/cri\/wp-json\/wp\/v2\/comments?post=6959"}],"version-history":[{"count":1,"href":"https:\/\/diariodepe.com.br\/cri\/wp-json\/wp\/v2\/posts\/6959\/revisions"}],"predecessor-version":[{"id":6960,"href":"https:\/\/diariodepe.com.br\/cri\/wp-json\/wp\/v2\/posts\/6959\/revisions\/6960"}],"wp:attachment":[{"href":"https:\/\/diariodepe.com.br\/cri\/wp-json\/wp\/v2\/media?parent=6959"}],"wp:term":[{"taxonomy":"category","embeddable":true,"href":"https:\/\/diariodepe.com.br\/cri\/wp-json\/wp\/v2\/categories?post=6959"},{"taxonomy":"post_tag","embeddable":true,"href":"https:\/\/diariodepe.com.br\/cri\/wp-json\/wp\/v2\/tags?post=6959"}],"curies":[{"name":"wp","href":"https:\/\/api.w.org\/{rel}","templated":true}]}}