{"id":6945,"date":"2024-11-29T03:37:47","date_gmt":"2024-11-29T06:37:47","guid":{"rendered":"https:\/\/diariodepe.com.br\/cri\/?p=6945"},"modified":"2024-11-29T03:37:47","modified_gmt":"2024-11-29T06:37:47","slug":"sexta-cupula-mundial-de-midia-e-realizada-em-xinjiang","status":"publish","type":"post","link":"https:\/\/diariodepe.com.br\/cri\/2024\/11\/29\/sexta-cupula-mundial-de-midia-e-realizada-em-xinjiang\/","title":{"rendered":"Sexta C\u00fapula Mundial de M\u00eddia \u00e9 realizada em Xinjiang"},"content":{"rendered":"<p data-spm-anchor-id=\"0.0.0.i1\">Foi realizada na manh\u00e3 de hoje (14), em Xinjiang, a 6\u00aa C\u00fapula Mundial de M\u00eddia, com a participa\u00e7\u00e3o de mais de 500 representantes dos 208 principais meios de comunica\u00e7\u00e3o, departamentos governamentais, institui\u00e7\u00f5es de 106 pa\u00edses e regi\u00f5es, al\u00e9m de ag\u00eancias das Na\u00e7\u00f5es Unidas e organiza\u00e7\u00f5es internacionais.<\/p>\n<p>Com o tema \u201cIntelig\u00eancia Artificial e Transforma\u00e7\u00e3o da M\u00eddia\u201d, os participantes debateram e trocaram experi\u00eancias inovadoras no campo, com o objetivo de explorar as oportunidades e desafios que a ind\u00fastria da m\u00eddia enfrenta no contexto do r\u00e1pido desenvolvimento das tecnologias de intelig\u00eancia artificial.<\/p>\n<p>Al\u00e9m disso, os participantes far\u00e3o uma visita de tr\u00eas dias em Xinjiang, onde os jornalistas internacionais ter\u00e3o a oportunidade de conhecer de perto a rica hist\u00f3ria, a cultura vibrante e as conquistas econ\u00f4micas e sociais da regi\u00e3o, apresentando ao mundo a verdadeira Xinjiang.<\/p>\n","protected":false},"excerpt":{"rendered":"<p>Foi realizada na manh\u00e3 de hoje (14), em Xinjiang, a 6\u00aa C\u00fapula Mundial de M\u00eddia, com a participa\u00e7\u00e3o de mais de 500 representantes dos 208 principais meios de comunica\u00e7\u00e3o, departamentos governamentais, institui\u00e7\u00f5es de 106 pa\u00edses e regi\u00f5es, al\u00e9m de ag\u00eancias&#8230;<\/p>\n","protected":false},"author":2,"featured_media":0,"comment_status":"open","ping_status":"open","sticky":false,"template":"","format":"standard","meta":{"footnotes":""},"categories":[3],"tags":[],"class_list":["post-6945","post","type-post","status-publish","format-standard","hentry","category-china"],"yoast_head":"<!-- This site is optimized with the Yoast SEO plugin v27.4 - https:\/\/yoast.com\/product\/yoast-seo-wordpress\/ -->\n<title>Sexta C\u00fapula Mundial de M\u00eddia \u00e9 realizada em Xinjiang - CRI e Diario de Pernambuco<\/title>\n<meta name=\"robots\" content=\"index, follow, max-snippet:-1, max-image-preview:large, max-video-preview:-1\" \/>\n<link rel=\"canonical\" href=\"https:\/\/diariodepe.com.br\/cri\/2024\/11\/29\/sexta-cupula-mundial-de-midia-e-realizada-em-xinjiang\/\" \/>\n<meta property=\"og:locale\" content=\"pt_BR\" \/>\n<meta property=\"og:type\" content=\"article\" \/>\n<meta property=\"og:title\" content=\"Sexta C\u00fapula Mundial de M\u00eddia \u00e9 realizada em Xinjiang - CRI e Diario de Pernambuco\" \/>\n<meta property=\"og:description\" content=\"Foi realizada na manh\u00e3 de hoje (14), em Xinjiang, a 6\u00aa C\u00fapula Mundial de M\u00eddia, com a participa\u00e7\u00e3o de mais de 500 representantes dos 208 principais meios de comunica\u00e7\u00e3o, departamentos governamentais, institui\u00e7\u00f5es de 106 pa\u00edses e regi\u00f5es, al\u00e9m de ag\u00eancias...\" \/>\n<meta property=\"og:url\" content=\"https:\/\/diariodepe.com.br\/cri\/2024\/11\/29\/sexta-cupula-mundial-de-midia-e-realizada-em-xinjiang\/\" \/>\n<meta property=\"og:site_name\" content=\"CRI e Diario de Pernambuco\" \/>\n<meta property=\"article:published_time\" content=\"2024-11-29T06:37:47+00:00\" \/>\n<meta name=\"author\" content=\"Ismael Lucas S. Pereira\" \/>\n<meta name=\"twitter:card\" content=\"summary_large_image\" \/>\n<meta name=\"twitter:label1\" content=\"Escrito por\" \/>\n\t<meta name=\"twitter:data1\" content=\"Ismael Lucas S. Pereira\" \/>\n<script type=\"application\/ld+json\" class=\"yoast-schema-graph\">{\"@context\":\"https:\\\/\\\/schema.org\",\"@graph\":[{\"@type\":\"Article\",\"@id\":\"https:\\\/\\\/diariodepe.com.br\\\/cri\\\/2024\\\/11\\\/29\\\/sexta-cupula-mundial-de-midia-e-realizada-em-xinjiang\\\/#article\",\"isPartOf\":{\"@id\":\"https:\\\/\\\/diariodepe.com.br\\\/cri\\\/2024\\\/11\\\/29\\\/sexta-cupula-mundial-de-midia-e-realizada-em-xinjiang\\\/\"},\"author\":{\"name\":\"Ismael Lucas S. Pereira\",\"@id\":\"https:\\\/\\\/diariodepe.com.br\\\/cri\\\/#\\\/schema\\\/person\\\/121bb28d84f1a5b1205ef4ce9c2e0c6b\"},\"headline\":\"Sexta C\u00fapula Mundial de M\u00eddia \u00e9 realizada em Xinjiang\",\"datePublished\":\"2024-11-29T06:37:47+00:00\",\"mainEntityOfPage\":{\"@id\":\"https:\\\/\\\/diariodepe.com.br\\\/cri\\\/2024\\\/11\\\/29\\\/sexta-cupula-mundial-de-midia-e-realizada-em-xinjiang\\\/\"},\"wordCount\":163,\"commentCount\":0,\"publisher\":{\"@id\":\"https:\\\/\\\/diariodepe.com.br\\\/cri\\\/#organization\"},\"articleSection\":[\"China\"],\"inLanguage\":\"pt-BR\",\"potentialAction\":[{\"@type\":\"CommentAction\",\"name\":\"Comment\",\"target\":[\"https:\\\/\\\/diariodepe.com.br\\\/cri\\\/2024\\\/11\\\/29\\\/sexta-cupula-mundial-de-midia-e-realizada-em-xinjiang\\\/#respond\"]}]},{\"@type\":\"WebPage\",\"@id\":\"https:\\\/\\\/diariodepe.com.br\\\/cri\\\/2024\\\/11\\\/29\\\/sexta-cupula-mundial-de-midia-e-realizada-em-xinjiang\\\/\",\"url\":\"https:\\\/\\\/diariodepe.com.br\\\/cri\\\/2024\\\/11\\\/29\\\/sexta-cupula-mundial-de-midia-e-realizada-em-xinjiang\\\/\",\"name\":\"Sexta C\u00fapula Mundial de M\u00eddia \u00e9 realizada em Xinjiang - CRI e Diario de Pernambuco\",\"isPartOf\":{\"@id\":\"https:\\\/\\\/diariodepe.com.br\\\/cri\\\/#website\"},\"datePublished\":\"2024-11-29T06:37:47+00:00\",\"breadcrumb\":{\"@id\":\"https:\\\/\\\/diariodepe.com.br\\\/cri\\\/2024\\\/11\\\/29\\\/sexta-cupula-mundial-de-midia-e-realizada-em-xinjiang\\\/#breadcrumb\"},\"inLanguage\":\"pt-BR\",\"potentialAction\":[{\"@type\":\"ReadAction\",\"target\":[\"https:\\\/\\\/diariodepe.com.br\\\/cri\\\/2024\\\/11\\\/29\\\/sexta-cupula-mundial-de-midia-e-realizada-em-xinjiang\\\/\"]}]},{\"@type\":\"BreadcrumbList\",\"@id\":\"https:\\\/\\\/diariodepe.com.br\\\/cri\\\/2024\\\/11\\\/29\\\/sexta-cupula-mundial-de-midia-e-realizada-em-xinjiang\\\/#breadcrumb\",\"itemListElement\":[{\"@type\":\"ListItem\",\"position\":1,\"name\":\"In\u00edcio\",\"item\":\"https:\\\/\\\/diariodepe.com.br\\\/cri\\\/\"},{\"@type\":\"ListItem\",\"position\":2,\"name\":\"Sexta C\u00fapula Mundial de M\u00eddia \u00e9 realizada em Xinjiang\"}]},{\"@type\":\"WebSite\",\"@id\":\"https:\\\/\\\/diariodepe.com.br\\\/cri\\\/#website\",\"url\":\"https:\\\/\\\/diariodepe.com.br\\\/cri\\\/\",\"name\":\"CRI e Diario de Pernambuco\",\"description\":\"R\u00e1dio Internacional da China\",\"publisher\":{\"@id\":\"https:\\\/\\\/diariodepe.com.br\\\/cri\\\/#organization\"},\"potentialAction\":[{\"@type\":\"SearchAction\",\"target\":{\"@type\":\"EntryPoint\",\"urlTemplate\":\"https:\\\/\\\/diariodepe.com.br\\\/cri\\\/?s={search_term_string}\"},\"query-input\":{\"@type\":\"PropertyValueSpecification\",\"valueRequired\":true,\"valueName\":\"search_term_string\"}}],\"inLanguage\":\"pt-BR\"},{\"@type\":\"Organization\",\"@id\":\"https:\\\/\\\/diariodepe.com.br\\\/cri\\\/#organization\",\"name\":\"CRI e Diario de Pernambuco\",\"url\":\"https:\\\/\\\/diariodepe.com.br\\\/cri\\\/\",\"logo\":{\"@type\":\"ImageObject\",\"inLanguage\":\"pt-BR\",\"@id\":\"https:\\\/\\\/diariodepe.com.br\\\/cri\\\/#\\\/schema\\\/logo\\\/image\\\/\",\"url\":\"https:\\\/\\\/diariodepe.com.br\\\/cri\\\/wp-content\\\/uploads\\\/sites\\\/2\\\/2022\\\/12\\\/cropped-Logo.jpg\",\"contentUrl\":\"https:\\\/\\\/diariodepe.com.br\\\/cri\\\/wp-content\\\/uploads\\\/sites\\\/2\\\/2022\\\/12\\\/cropped-Logo.jpg\",\"width\":700,\"height\":59,\"caption\":\"CRI e Diario de Pernambuco\"},\"image\":{\"@id\":\"https:\\\/\\\/diariodepe.com.br\\\/cri\\\/#\\\/schema\\\/logo\\\/image\\\/\"}},{\"@type\":\"Person\",\"@id\":\"https:\\\/\\\/diariodepe.com.br\\\/cri\\\/#\\\/schema\\\/person\\\/121bb28d84f1a5b1205ef4ce9c2e0c6b\",\"name\":\"Ismael Lucas S. Pereira\",\"image\":{\"@type\":\"ImageObject\",\"inLanguage\":\"pt-BR\",\"@id\":\"https:\\\/\\\/secure.gravatar.com\\\/avatar\\\/887a0f3b5a7ceea963a48499fb883ffce6b5037362def025c52c2505b15d63e4?s=96&d=mm&r=g\",\"url\":\"https:\\\/\\\/secure.gravatar.com\\\/avatar\\\/887a0f3b5a7ceea963a48499fb883ffce6b5037362def025c52c2505b15d63e4?s=96&d=mm&r=g\",\"contentUrl\":\"https:\\\/\\\/secure.gravatar.com\\\/avatar\\\/887a0f3b5a7ceea963a48499fb883ffce6b5037362def025c52c2505b15d63e4?s=96&d=mm&r=g\",\"caption\":\"Ismael Lucas S. Pereira\"},\"url\":\"https:\\\/\\\/diariodepe.com.br\\\/cri\\\/author\\\/ismael-lucas\\\/\"}]}<\/script>\n<!-- \/ Yoast SEO plugin. -->","yoast_head_json":{"title":"Sexta C\u00fapula Mundial de M\u00eddia \u00e9 realizada em Xinjiang - CRI e Diario de Pernambuco","robots":{"index":"index","follow":"follow","max-snippet":"max-snippet:-1","max-image-preview":"max-image-preview:large","max-video-preview":"max-video-preview:-1"},"canonical":"https:\/\/diariodepe.com.br\/cri\/2024\/11\/29\/sexta-cupula-mundial-de-midia-e-realizada-em-xinjiang\/","og_locale":"pt_BR","og_type":"article","og_title":"Sexta C\u00fapula Mundial de M\u00eddia \u00e9 realizada em Xinjiang - CRI e Diario de Pernambuco","og_description":"Foi realizada na manh\u00e3 de hoje (14), em Xinjiang, a 6\u00aa C\u00fapula Mundial de M\u00eddia, com a participa\u00e7\u00e3o de mais de 500 representantes dos 208 principais meios de comunica\u00e7\u00e3o, departamentos governamentais, institui\u00e7\u00f5es de 106 pa\u00edses e regi\u00f5es, al\u00e9m de ag\u00eancias...","og_url":"https:\/\/diariodepe.com.br\/cri\/2024\/11\/29\/sexta-cupula-mundial-de-midia-e-realizada-em-xinjiang\/","og_site_name":"CRI e Diario de Pernambuco","article_published_time":"2024-11-29T06:37:47+00:00","author":"Ismael Lucas S. Pereira","twitter_card":"summary_large_image","twitter_misc":{"Escrito por":"Ismael Lucas S. Pereira"},"schema":{"@context":"https:\/\/schema.org","@graph":[{"@type":"Article","@id":"https:\/\/diariodepe.com.br\/cri\/2024\/11\/29\/sexta-cupula-mundial-de-midia-e-realizada-em-xinjiang\/#article","isPartOf":{"@id":"https:\/\/diariodepe.com.br\/cri\/2024\/11\/29\/sexta-cupula-mundial-de-midia-e-realizada-em-xinjiang\/"},"author":{"name":"Ismael Lucas S. Pereira","@id":"https:\/\/diariodepe.com.br\/cri\/#\/schema\/person\/121bb28d84f1a5b1205ef4ce9c2e0c6b"},"headline":"Sexta C\u00fapula Mundial de M\u00eddia \u00e9 realizada em Xinjiang","datePublished":"2024-11-29T06:37:47+00:00","mainEntityOfPage":{"@id":"https:\/\/diariodepe.com.br\/cri\/2024\/11\/29\/sexta-cupula-mundial-de-midia-e-realizada-em-xinjiang\/"},"wordCount":163,"commentCount":0,"publisher":{"@id":"https:\/\/diariodepe.com.br\/cri\/#organization"},"articleSection":["China"],"inLanguage":"pt-BR","potentialAction":[{"@type":"CommentAction","name":"Comment","target":["https:\/\/diariodepe.com.br\/cri\/2024\/11\/29\/sexta-cupula-mundial-de-midia-e-realizada-em-xinjiang\/#respond"]}]},{"@type":"WebPage","@id":"https:\/\/diariodepe.com.br\/cri\/2024\/11\/29\/sexta-cupula-mundial-de-midia-e-realizada-em-xinjiang\/","url":"https:\/\/diariodepe.com.br\/cri\/2024\/11\/29\/sexta-cupula-mundial-de-midia-e-realizada-em-xinjiang\/","name":"Sexta C\u00fapula Mundial de M\u00eddia \u00e9 realizada em Xinjiang - CRI e Diario de Pernambuco","isPartOf":{"@id":"https:\/\/diariodepe.com.br\/cri\/#website"},"datePublished":"2024-11-29T06:37:47+00:00","breadcrumb":{"@id":"https:\/\/diariodepe.com.br\/cri\/2024\/11\/29\/sexta-cupula-mundial-de-midia-e-realizada-em-xinjiang\/#breadcrumb"},"inLanguage":"pt-BR","potentialAction":[{"@type":"ReadAction","target":["https:\/\/diariodepe.com.br\/cri\/2024\/11\/29\/sexta-cupula-mundial-de-midia-e-realizada-em-xinjiang\/"]}]},{"@type":"BreadcrumbList","@id":"https:\/\/diariodepe.com.br\/cri\/2024\/11\/29\/sexta-cupula-mundial-de-midia-e-realizada-em-xinjiang\/#breadcrumb","itemListElement":[{"@type":"ListItem","position":1,"name":"In\u00edcio","item":"https:\/\/diariodepe.com.br\/cri\/"},{"@type":"ListItem","position":2,"name":"Sexta C\u00fapula Mundial de M\u00eddia \u00e9 realizada em Xinjiang"}]},{"@type":"WebSite","@id":"https:\/\/diariodepe.com.br\/cri\/#website","url":"https:\/\/diariodepe.com.br\/cri\/","name":"CRI e Diario de Pernambuco","description":"R\u00e1dio Internacional da China","publisher":{"@id":"https:\/\/diariodepe.com.br\/cri\/#organization"},"potentialAction":[{"@type":"SearchAction","target":{"@type":"EntryPoint","urlTemplate":"https:\/\/diariodepe.com.br\/cri\/?s={search_term_string}"},"query-input":{"@type":"PropertyValueSpecification","valueRequired":true,"valueName":"search_term_string"}}],"inLanguage":"pt-BR"},{"@type":"Organization","@id":"https:\/\/diariodepe.com.br\/cri\/#organization","name":"CRI e Diario de Pernambuco","url":"https:\/\/diariodepe.com.br\/cri\/","logo":{"@type":"ImageObject","inLanguage":"pt-BR","@id":"https:\/\/diariodepe.com.br\/cri\/#\/schema\/logo\/image\/","url":"https:\/\/diariodepe.com.br\/cri\/wp-content\/uploads\/sites\/2\/2022\/12\/cropped-Logo.jpg","contentUrl":"https:\/\/diariodepe.com.br\/cri\/wp-content\/uploads\/sites\/2\/2022\/12\/cropped-Logo.jpg","width":700,"height":59,"caption":"CRI e Diario de Pernambuco"},"image":{"@id":"https:\/\/diariodepe.com.br\/cri\/#\/schema\/logo\/image\/"}},{"@type":"Person","@id":"https:\/\/diariodepe.com.br\/cri\/#\/schema\/person\/121bb28d84f1a5b1205ef4ce9c2e0c6b","name":"Ismael Lucas S. Pereira","image":{"@type":"ImageObject","inLanguage":"pt-BR","@id":"https:\/\/secure.gravatar.com\/avatar\/887a0f3b5a7ceea963a48499fb883ffce6b5037362def025c52c2505b15d63e4?s=96&d=mm&r=g","url":"https:\/\/secure.gravatar.com\/avatar\/887a0f3b5a7ceea963a48499fb883ffce6b5037362def025c52c2505b15d63e4?s=96&d=mm&r=g","contentUrl":"https:\/\/secure.gravatar.com\/avatar\/887a0f3b5a7ceea963a48499fb883ffce6b5037362def025c52c2505b15d63e4?s=96&d=mm&r=g","caption":"Ismael Lucas S. Pereira"},"url":"https:\/\/diariodepe.com.br\/cri\/author\/ismael-lucas\/"}]}},"cc_featured_image_caption":{"caption_text":false,"source_text":false,"source_url":false},"amp_enabled":true,"_links":{"self":[{"href":"https:\/\/diariodepe.com.br\/cri\/wp-json\/wp\/v2\/posts\/6945","targetHints":{"allow":["GET"]}}],"collection":[{"href":"https:\/\/diariodepe.com.br\/cri\/wp-json\/wp\/v2\/posts"}],"about":[{"href":"https:\/\/diariodepe.com.br\/cri\/wp-json\/wp\/v2\/types\/post"}],"author":[{"embeddable":true,"href":"https:\/\/diariodepe.com.br\/cri\/wp-json\/wp\/v2\/users\/2"}],"replies":[{"embeddable":true,"href":"https:\/\/diariodepe.com.br\/cri\/wp-json\/wp\/v2\/comments?post=6945"}],"version-history":[{"count":1,"href":"https:\/\/diariodepe.com.br\/cri\/wp-json\/wp\/v2\/posts\/6945\/revisions"}],"predecessor-version":[{"id":6946,"href":"https:\/\/diariodepe.com.br\/cri\/wp-json\/wp\/v2\/posts\/6945\/revisions\/6946"}],"wp:attachment":[{"href":"https:\/\/diariodepe.com.br\/cri\/wp-json\/wp\/v2\/media?parent=6945"}],"wp:term":[{"taxonomy":"category","embeddable":true,"href":"https:\/\/diariodepe.com.br\/cri\/wp-json\/wp\/v2\/categories?post=6945"},{"taxonomy":"post_tag","embeddable":true,"href":"https:\/\/diariodepe.com.br\/cri\/wp-json\/wp\/v2\/tags?post=6945"}],"curies":[{"name":"wp","href":"https:\/\/api.w.org\/{rel}","templated":true}]}}