{"id":6943,"date":"2024-11-29T03:36:17","date_gmt":"2024-11-29T06:36:17","guid":{"rendered":"https:\/\/diariodepe.com.br\/cri\/?p=6943"},"modified":"2024-11-29T03:36:17","modified_gmt":"2024-11-29T06:36:17","slug":"cooperacao-entre-china-e-asean-e-mais-reforcada","status":"publish","type":"post","link":"https:\/\/diariodepe.com.br\/cri\/2024\/11\/29\/cooperacao-entre-china-e-asean-e-mais-reforcada\/","title":{"rendered":"Coopera\u00e7\u00e3o entre China e ASEAN \u00e9 mais refor\u00e7ada"},"content":{"rendered":"<p data-spm-anchor-id=\"0.0.0.i1\">As 44\u00aa e 45\u00aa C\u00fapulas da Associa\u00e7\u00e3o das Na\u00e7\u00f5es do Sudeste Asi\u00e1tico (ASEAN) foram realizadas entre 9 e 11 deste m\u00eas em Vientiane, capital do Laos. No mesmo per\u00edodo, teve a 27\u00aa C\u00fapula China-ASEAN, com a presen\u00e7a do primeiro-ministro chin\u00eas, Li Qiang.<\/p>\n<p>O premier lan\u00e7ou tr\u00eas propostas para continuar aprofundando as coopera\u00e7\u00f5es entre as duas partes, que incluem construir uma rede de conectividade tridimensional, expandir a coopera\u00e7\u00e3o em setores emergentes e aprofundar os interc\u00e2mbios culturais.<\/p>\n<p class=\"photo_img_20190808\"><img decoding=\"async\" src=\"https:\/\/p3crires.cri.cn\/photoworkspace\/cri\/contentimg\/2024\/10\/13\/2024101320282693440.png\" alt=\"\" \/><\/p>\n<p>Este \u00e9 um sinal muito claro de que a China quer continuar refor\u00e7ando rela\u00e7\u00f5es amistosas com os pa\u00edses na regi\u00e3o.<\/p>\n<p>No per\u00edodo recente, as coopera\u00e7\u00f5es entre o lado chin\u00eas e os pa\u00edses do bloco asi\u00e1tico t\u00eam sido muito frut\u00edferas. A China j\u00e1 \u00e9 a maior parceira comercial da ASEAN por 15 anos consecutivos, enquanto a associa\u00e7\u00e3o ocupa a primeira posi\u00e7\u00e3o no com\u00e9rcio com a China nos \u00faltimos quatro anos. Nos primeiros oito meses deste ano, o fluxo bilateral cresceu 10%.<\/p>\n<p>Perante as turbul\u00eancias na situa\u00e7\u00e3o mundial e a interfer\u00eancia do protecionismo no com\u00e9rcio internacional, a China e os pa\u00edses da ASEAN querem fortalecer as coopera\u00e7\u00f5es baseadas na vontade de procurar o desenvolvimento e uma vida melhor para seus povos. Como vizinhos, os dois lados t\u00eam a plena condi\u00e7\u00e3o de ter benef\u00edcios rec\u00edprocos e desenvolvimento comum.<\/p>\n<p>O grande destaque da 27\u00aa C\u00fapula China-ASEAN foi o an\u00fancio da conclus\u00e3o das negocia\u00e7\u00f5es do acordo de livre com\u00e9rcio III, que dever\u00e1 ser assinado no pr\u00f3ximo ano.<\/p>\n<p>A regi\u00e3o de livre com\u00e9rcio China-ASEAN foi criada em 2010. Em 2019, o acordo foi atualizado para a segunda fase. Agora, o acordo III poder\u00e1 facilitar ainda o com\u00e9rcio e promover o desenvolvimento abrangente.<\/p>\n<p>Vale ressaltar que a popula\u00e7\u00e3o da China e dos pa\u00edses da ASEAN ultrapassou dois bilh\u00f5es de pessoas, o que representa um quarto do planeta. Por isso, as coopera\u00e7\u00f5es entre os dois grandes mercados n\u00e3o s\u00f3 elevam o n\u00edvel de integra\u00e7\u00e3o regional, como tamb\u00e9m favorecem a estabilidade da economia global.<\/p>\n<p>Sobre a quest\u00e3o do Mar do Sul da China, Li Qiang deixou claro que \u00e9 legal e razo\u00e1vel que o pa\u00eds tome medidas necess\u00e1rias para defender sua soberania. Mas o pa\u00eds vai continuar resolvendo as diverg\u00eancias com pa\u00edses envolvidos por meio de di\u00e1logos e negocia\u00e7\u00f5es.<\/p>\n","protected":false},"excerpt":{"rendered":"<p>As 44\u00aa e 45\u00aa C\u00fapulas da Associa\u00e7\u00e3o das Na\u00e7\u00f5es do Sudeste Asi\u00e1tico (ASEAN) foram realizadas entre 9 e 11 deste m\u00eas em Vientiane, capital do Laos. No mesmo per\u00edodo, teve a 27\u00aa C\u00fapula China-ASEAN, com a presen\u00e7a do primeiro-ministro chin\u00eas,&#8230;<\/p>\n","protected":false},"author":2,"featured_media":0,"comment_status":"open","ping_status":"open","sticky":false,"template":"","format":"standard","meta":{"footnotes":""},"categories":[7],"tags":[],"class_list":["post-6943","post","type-post","status-publish","format-standard","hentry","category-visao"],"yoast_head":"<!-- This site is optimized with the Yoast SEO plugin v27.4 - https:\/\/yoast.com\/product\/yoast-seo-wordpress\/ -->\n<title>Coopera\u00e7\u00e3o entre China e ASEAN \u00e9 mais refor\u00e7ada - CRI e Diario de Pernambuco<\/title>\n<meta name=\"robots\" content=\"index, follow, max-snippet:-1, max-image-preview:large, max-video-preview:-1\" \/>\n<link rel=\"canonical\" href=\"https:\/\/diariodepe.com.br\/cri\/2024\/11\/29\/cooperacao-entre-china-e-asean-e-mais-reforcada\/\" \/>\n<meta property=\"og:locale\" content=\"pt_BR\" \/>\n<meta property=\"og:type\" content=\"article\" \/>\n<meta property=\"og:title\" content=\"Coopera\u00e7\u00e3o entre China e ASEAN \u00e9 mais refor\u00e7ada - CRI e Diario de Pernambuco\" \/>\n<meta property=\"og:description\" content=\"As 44\u00aa e 45\u00aa C\u00fapulas da Associa\u00e7\u00e3o das Na\u00e7\u00f5es do Sudeste Asi\u00e1tico (ASEAN) foram realizadas entre 9 e 11 deste m\u00eas em Vientiane, capital do Laos. No mesmo per\u00edodo, teve a 27\u00aa C\u00fapula China-ASEAN, com a presen\u00e7a do primeiro-ministro chin\u00eas,...\" \/>\n<meta property=\"og:url\" content=\"https:\/\/diariodepe.com.br\/cri\/2024\/11\/29\/cooperacao-entre-china-e-asean-e-mais-reforcada\/\" \/>\n<meta property=\"og:site_name\" content=\"CRI e Diario de Pernambuco\" \/>\n<meta property=\"article:published_time\" content=\"2024-11-29T06:36:17+00:00\" \/>\n<meta property=\"og:image\" content=\"https:\/\/p3crires.cri.cn\/photoworkspace\/cri\/contentimg\/2024\/10\/13\/2024101320282693440.png\" \/>\n<meta name=\"author\" content=\"Ismael Lucas S. Pereira\" \/>\n<meta name=\"twitter:card\" content=\"summary_large_image\" \/>\n<meta name=\"twitter:label1\" content=\"Escrito por\" \/>\n\t<meta name=\"twitter:data1\" content=\"Ismael Lucas S. Pereira\" \/>\n\t<meta name=\"twitter:label2\" content=\"Est. tempo de leitura\" \/>\n\t<meta name=\"twitter:data2\" content=\"3 minutos\" \/>\n<script type=\"application\/ld+json\" class=\"yoast-schema-graph\">{\"@context\":\"https:\\\/\\\/schema.org\",\"@graph\":[{\"@type\":\"Article\",\"@id\":\"https:\\\/\\\/diariodepe.com.br\\\/cri\\\/2024\\\/11\\\/29\\\/cooperacao-entre-china-e-asean-e-mais-reforcada\\\/#article\",\"isPartOf\":{\"@id\":\"https:\\\/\\\/diariodepe.com.br\\\/cri\\\/2024\\\/11\\\/29\\\/cooperacao-entre-china-e-asean-e-mais-reforcada\\\/\"},\"author\":{\"name\":\"Ismael Lucas S. Pereira\",\"@id\":\"https:\\\/\\\/diariodepe.com.br\\\/cri\\\/#\\\/schema\\\/person\\\/121bb28d84f1a5b1205ef4ce9c2e0c6b\"},\"headline\":\"Coopera\u00e7\u00e3o entre China e ASEAN \u00e9 mais refor\u00e7ada\",\"datePublished\":\"2024-11-29T06:36:17+00:00\",\"mainEntityOfPage\":{\"@id\":\"https:\\\/\\\/diariodepe.com.br\\\/cri\\\/2024\\\/11\\\/29\\\/cooperacao-entre-china-e-asean-e-mais-reforcada\\\/\"},\"wordCount\":425,\"commentCount\":0,\"publisher\":{\"@id\":\"https:\\\/\\\/diariodepe.com.br\\\/cri\\\/#organization\"},\"image\":{\"@id\":\"https:\\\/\\\/diariodepe.com.br\\\/cri\\\/2024\\\/11\\\/29\\\/cooperacao-entre-china-e-asean-e-mais-reforcada\\\/#primaryimage\"},\"thumbnailUrl\":\"https:\\\/\\\/p3crires.cri.cn\\\/photoworkspace\\\/cri\\\/contentimg\\\/2024\\\/10\\\/13\\\/2024101320282693440.png\",\"articleSection\":[\"Vis\u00e3o\"],\"inLanguage\":\"pt-BR\",\"potentialAction\":[{\"@type\":\"CommentAction\",\"name\":\"Comment\",\"target\":[\"https:\\\/\\\/diariodepe.com.br\\\/cri\\\/2024\\\/11\\\/29\\\/cooperacao-entre-china-e-asean-e-mais-reforcada\\\/#respond\"]}]},{\"@type\":\"WebPage\",\"@id\":\"https:\\\/\\\/diariodepe.com.br\\\/cri\\\/2024\\\/11\\\/29\\\/cooperacao-entre-china-e-asean-e-mais-reforcada\\\/\",\"url\":\"https:\\\/\\\/diariodepe.com.br\\\/cri\\\/2024\\\/11\\\/29\\\/cooperacao-entre-china-e-asean-e-mais-reforcada\\\/\",\"name\":\"Coopera\u00e7\u00e3o entre China e ASEAN \u00e9 mais refor\u00e7ada - CRI e Diario de Pernambuco\",\"isPartOf\":{\"@id\":\"https:\\\/\\\/diariodepe.com.br\\\/cri\\\/#website\"},\"primaryImageOfPage\":{\"@id\":\"https:\\\/\\\/diariodepe.com.br\\\/cri\\\/2024\\\/11\\\/29\\\/cooperacao-entre-china-e-asean-e-mais-reforcada\\\/#primaryimage\"},\"image\":{\"@id\":\"https:\\\/\\\/diariodepe.com.br\\\/cri\\\/2024\\\/11\\\/29\\\/cooperacao-entre-china-e-asean-e-mais-reforcada\\\/#primaryimage\"},\"thumbnailUrl\":\"https:\\\/\\\/p3crires.cri.cn\\\/photoworkspace\\\/cri\\\/contentimg\\\/2024\\\/10\\\/13\\\/2024101320282693440.png\",\"datePublished\":\"2024-11-29T06:36:17+00:00\",\"breadcrumb\":{\"@id\":\"https:\\\/\\\/diariodepe.com.br\\\/cri\\\/2024\\\/11\\\/29\\\/cooperacao-entre-china-e-asean-e-mais-reforcada\\\/#breadcrumb\"},\"inLanguage\":\"pt-BR\",\"potentialAction\":[{\"@type\":\"ReadAction\",\"target\":[\"https:\\\/\\\/diariodepe.com.br\\\/cri\\\/2024\\\/11\\\/29\\\/cooperacao-entre-china-e-asean-e-mais-reforcada\\\/\"]}]},{\"@type\":\"ImageObject\",\"inLanguage\":\"pt-BR\",\"@id\":\"https:\\\/\\\/diariodepe.com.br\\\/cri\\\/2024\\\/11\\\/29\\\/cooperacao-entre-china-e-asean-e-mais-reforcada\\\/#primaryimage\",\"url\":\"https:\\\/\\\/p3crires.cri.cn\\\/photoworkspace\\\/cri\\\/contentimg\\\/2024\\\/10\\\/13\\\/2024101320282693440.png\",\"contentUrl\":\"https:\\\/\\\/p3crires.cri.cn\\\/photoworkspace\\\/cri\\\/contentimg\\\/2024\\\/10\\\/13\\\/2024101320282693440.png\"},{\"@type\":\"BreadcrumbList\",\"@id\":\"https:\\\/\\\/diariodepe.com.br\\\/cri\\\/2024\\\/11\\\/29\\\/cooperacao-entre-china-e-asean-e-mais-reforcada\\\/#breadcrumb\",\"itemListElement\":[{\"@type\":\"ListItem\",\"position\":1,\"name\":\"In\u00edcio\",\"item\":\"https:\\\/\\\/diariodepe.com.br\\\/cri\\\/\"},{\"@type\":\"ListItem\",\"position\":2,\"name\":\"Coopera\u00e7\u00e3o entre China e ASEAN \u00e9 mais refor\u00e7ada\"}]},{\"@type\":\"WebSite\",\"@id\":\"https:\\\/\\\/diariodepe.com.br\\\/cri\\\/#website\",\"url\":\"https:\\\/\\\/diariodepe.com.br\\\/cri\\\/\",\"name\":\"CRI e Diario de Pernambuco\",\"description\":\"R\u00e1dio Internacional da China\",\"publisher\":{\"@id\":\"https:\\\/\\\/diariodepe.com.br\\\/cri\\\/#organization\"},\"potentialAction\":[{\"@type\":\"SearchAction\",\"target\":{\"@type\":\"EntryPoint\",\"urlTemplate\":\"https:\\\/\\\/diariodepe.com.br\\\/cri\\\/?s={search_term_string}\"},\"query-input\":{\"@type\":\"PropertyValueSpecification\",\"valueRequired\":true,\"valueName\":\"search_term_string\"}}],\"inLanguage\":\"pt-BR\"},{\"@type\":\"Organization\",\"@id\":\"https:\\\/\\\/diariodepe.com.br\\\/cri\\\/#organization\",\"name\":\"CRI e Diario de Pernambuco\",\"url\":\"https:\\\/\\\/diariodepe.com.br\\\/cri\\\/\",\"logo\":{\"@type\":\"ImageObject\",\"inLanguage\":\"pt-BR\",\"@id\":\"https:\\\/\\\/diariodepe.com.br\\\/cri\\\/#\\\/schema\\\/logo\\\/image\\\/\",\"url\":\"https:\\\/\\\/diariodepe.com.br\\\/cri\\\/wp-content\\\/uploads\\\/sites\\\/2\\\/2022\\\/12\\\/cropped-Logo.jpg\",\"contentUrl\":\"https:\\\/\\\/diariodepe.com.br\\\/cri\\\/wp-content\\\/uploads\\\/sites\\\/2\\\/2022\\\/12\\\/cropped-Logo.jpg\",\"width\":700,\"height\":59,\"caption\":\"CRI e Diario de Pernambuco\"},\"image\":{\"@id\":\"https:\\\/\\\/diariodepe.com.br\\\/cri\\\/#\\\/schema\\\/logo\\\/image\\\/\"}},{\"@type\":\"Person\",\"@id\":\"https:\\\/\\\/diariodepe.com.br\\\/cri\\\/#\\\/schema\\\/person\\\/121bb28d84f1a5b1205ef4ce9c2e0c6b\",\"name\":\"Ismael Lucas S. Pereira\",\"image\":{\"@type\":\"ImageObject\",\"inLanguage\":\"pt-BR\",\"@id\":\"https:\\\/\\\/secure.gravatar.com\\\/avatar\\\/887a0f3b5a7ceea963a48499fb883ffce6b5037362def025c52c2505b15d63e4?s=96&d=mm&r=g\",\"url\":\"https:\\\/\\\/secure.gravatar.com\\\/avatar\\\/887a0f3b5a7ceea963a48499fb883ffce6b5037362def025c52c2505b15d63e4?s=96&d=mm&r=g\",\"contentUrl\":\"https:\\\/\\\/secure.gravatar.com\\\/avatar\\\/887a0f3b5a7ceea963a48499fb883ffce6b5037362def025c52c2505b15d63e4?s=96&d=mm&r=g\",\"caption\":\"Ismael Lucas S. Pereira\"},\"url\":\"https:\\\/\\\/diariodepe.com.br\\\/cri\\\/author\\\/ismael-lucas\\\/\"}]}<\/script>\n<!-- \/ Yoast SEO plugin. -->","yoast_head_json":{"title":"Coopera\u00e7\u00e3o entre China e ASEAN \u00e9 mais refor\u00e7ada - CRI e Diario de Pernambuco","robots":{"index":"index","follow":"follow","max-snippet":"max-snippet:-1","max-image-preview":"max-image-preview:large","max-video-preview":"max-video-preview:-1"},"canonical":"https:\/\/diariodepe.com.br\/cri\/2024\/11\/29\/cooperacao-entre-china-e-asean-e-mais-reforcada\/","og_locale":"pt_BR","og_type":"article","og_title":"Coopera\u00e7\u00e3o entre China e ASEAN \u00e9 mais refor\u00e7ada - CRI e Diario de Pernambuco","og_description":"As 44\u00aa e 45\u00aa C\u00fapulas da Associa\u00e7\u00e3o das Na\u00e7\u00f5es do Sudeste Asi\u00e1tico (ASEAN) foram realizadas entre 9 e 11 deste m\u00eas em Vientiane, capital do Laos. No mesmo per\u00edodo, teve a 27\u00aa C\u00fapula China-ASEAN, com a presen\u00e7a do primeiro-ministro chin\u00eas,...","og_url":"https:\/\/diariodepe.com.br\/cri\/2024\/11\/29\/cooperacao-entre-china-e-asean-e-mais-reforcada\/","og_site_name":"CRI e Diario de Pernambuco","article_published_time":"2024-11-29T06:36:17+00:00","og_image":[{"url":"https:\/\/p3crires.cri.cn\/photoworkspace\/cri\/contentimg\/2024\/10\/13\/2024101320282693440.png","type":"","width":"","height":""}],"author":"Ismael Lucas S. Pereira","twitter_card":"summary_large_image","twitter_misc":{"Escrito por":"Ismael Lucas S. Pereira","Est. tempo de leitura":"3 minutos"},"schema":{"@context":"https:\/\/schema.org","@graph":[{"@type":"Article","@id":"https:\/\/diariodepe.com.br\/cri\/2024\/11\/29\/cooperacao-entre-china-e-asean-e-mais-reforcada\/#article","isPartOf":{"@id":"https:\/\/diariodepe.com.br\/cri\/2024\/11\/29\/cooperacao-entre-china-e-asean-e-mais-reforcada\/"},"author":{"name":"Ismael Lucas S. Pereira","@id":"https:\/\/diariodepe.com.br\/cri\/#\/schema\/person\/121bb28d84f1a5b1205ef4ce9c2e0c6b"},"headline":"Coopera\u00e7\u00e3o entre China e ASEAN \u00e9 mais refor\u00e7ada","datePublished":"2024-11-29T06:36:17+00:00","mainEntityOfPage":{"@id":"https:\/\/diariodepe.com.br\/cri\/2024\/11\/29\/cooperacao-entre-china-e-asean-e-mais-reforcada\/"},"wordCount":425,"commentCount":0,"publisher":{"@id":"https:\/\/diariodepe.com.br\/cri\/#organization"},"image":{"@id":"https:\/\/diariodepe.com.br\/cri\/2024\/11\/29\/cooperacao-entre-china-e-asean-e-mais-reforcada\/#primaryimage"},"thumbnailUrl":"https:\/\/p3crires.cri.cn\/photoworkspace\/cri\/contentimg\/2024\/10\/13\/2024101320282693440.png","articleSection":["Vis\u00e3o"],"inLanguage":"pt-BR","potentialAction":[{"@type":"CommentAction","name":"Comment","target":["https:\/\/diariodepe.com.br\/cri\/2024\/11\/29\/cooperacao-entre-china-e-asean-e-mais-reforcada\/#respond"]}]},{"@type":"WebPage","@id":"https:\/\/diariodepe.com.br\/cri\/2024\/11\/29\/cooperacao-entre-china-e-asean-e-mais-reforcada\/","url":"https:\/\/diariodepe.com.br\/cri\/2024\/11\/29\/cooperacao-entre-china-e-asean-e-mais-reforcada\/","name":"Coopera\u00e7\u00e3o entre China e ASEAN \u00e9 mais refor\u00e7ada - CRI e Diario de Pernambuco","isPartOf":{"@id":"https:\/\/diariodepe.com.br\/cri\/#website"},"primaryImageOfPage":{"@id":"https:\/\/diariodepe.com.br\/cri\/2024\/11\/29\/cooperacao-entre-china-e-asean-e-mais-reforcada\/#primaryimage"},"image":{"@id":"https:\/\/diariodepe.com.br\/cri\/2024\/11\/29\/cooperacao-entre-china-e-asean-e-mais-reforcada\/#primaryimage"},"thumbnailUrl":"https:\/\/p3crires.cri.cn\/photoworkspace\/cri\/contentimg\/2024\/10\/13\/2024101320282693440.png","datePublished":"2024-11-29T06:36:17+00:00","breadcrumb":{"@id":"https:\/\/diariodepe.com.br\/cri\/2024\/11\/29\/cooperacao-entre-china-e-asean-e-mais-reforcada\/#breadcrumb"},"inLanguage":"pt-BR","potentialAction":[{"@type":"ReadAction","target":["https:\/\/diariodepe.com.br\/cri\/2024\/11\/29\/cooperacao-entre-china-e-asean-e-mais-reforcada\/"]}]},{"@type":"ImageObject","inLanguage":"pt-BR","@id":"https:\/\/diariodepe.com.br\/cri\/2024\/11\/29\/cooperacao-entre-china-e-asean-e-mais-reforcada\/#primaryimage","url":"https:\/\/p3crires.cri.cn\/photoworkspace\/cri\/contentimg\/2024\/10\/13\/2024101320282693440.png","contentUrl":"https:\/\/p3crires.cri.cn\/photoworkspace\/cri\/contentimg\/2024\/10\/13\/2024101320282693440.png"},{"@type":"BreadcrumbList","@id":"https:\/\/diariodepe.com.br\/cri\/2024\/11\/29\/cooperacao-entre-china-e-asean-e-mais-reforcada\/#breadcrumb","itemListElement":[{"@type":"ListItem","position":1,"name":"In\u00edcio","item":"https:\/\/diariodepe.com.br\/cri\/"},{"@type":"ListItem","position":2,"name":"Coopera\u00e7\u00e3o entre China e ASEAN \u00e9 mais refor\u00e7ada"}]},{"@type":"WebSite","@id":"https:\/\/diariodepe.com.br\/cri\/#website","url":"https:\/\/diariodepe.com.br\/cri\/","name":"CRI e Diario de Pernambuco","description":"R\u00e1dio Internacional da China","publisher":{"@id":"https:\/\/diariodepe.com.br\/cri\/#organization"},"potentialAction":[{"@type":"SearchAction","target":{"@type":"EntryPoint","urlTemplate":"https:\/\/diariodepe.com.br\/cri\/?s={search_term_string}"},"query-input":{"@type":"PropertyValueSpecification","valueRequired":true,"valueName":"search_term_string"}}],"inLanguage":"pt-BR"},{"@type":"Organization","@id":"https:\/\/diariodepe.com.br\/cri\/#organization","name":"CRI e Diario de Pernambuco","url":"https:\/\/diariodepe.com.br\/cri\/","logo":{"@type":"ImageObject","inLanguage":"pt-BR","@id":"https:\/\/diariodepe.com.br\/cri\/#\/schema\/logo\/image\/","url":"https:\/\/diariodepe.com.br\/cri\/wp-content\/uploads\/sites\/2\/2022\/12\/cropped-Logo.jpg","contentUrl":"https:\/\/diariodepe.com.br\/cri\/wp-content\/uploads\/sites\/2\/2022\/12\/cropped-Logo.jpg","width":700,"height":59,"caption":"CRI e Diario de Pernambuco"},"image":{"@id":"https:\/\/diariodepe.com.br\/cri\/#\/schema\/logo\/image\/"}},{"@type":"Person","@id":"https:\/\/diariodepe.com.br\/cri\/#\/schema\/person\/121bb28d84f1a5b1205ef4ce9c2e0c6b","name":"Ismael Lucas S. Pereira","image":{"@type":"ImageObject","inLanguage":"pt-BR","@id":"https:\/\/secure.gravatar.com\/avatar\/887a0f3b5a7ceea963a48499fb883ffce6b5037362def025c52c2505b15d63e4?s=96&d=mm&r=g","url":"https:\/\/secure.gravatar.com\/avatar\/887a0f3b5a7ceea963a48499fb883ffce6b5037362def025c52c2505b15d63e4?s=96&d=mm&r=g","contentUrl":"https:\/\/secure.gravatar.com\/avatar\/887a0f3b5a7ceea963a48499fb883ffce6b5037362def025c52c2505b15d63e4?s=96&d=mm&r=g","caption":"Ismael Lucas S. Pereira"},"url":"https:\/\/diariodepe.com.br\/cri\/author\/ismael-lucas\/"}]}},"cc_featured_image_caption":{"caption_text":false,"source_text":false,"source_url":false},"amp_enabled":true,"_links":{"self":[{"href":"https:\/\/diariodepe.com.br\/cri\/wp-json\/wp\/v2\/posts\/6943","targetHints":{"allow":["GET"]}}],"collection":[{"href":"https:\/\/diariodepe.com.br\/cri\/wp-json\/wp\/v2\/posts"}],"about":[{"href":"https:\/\/diariodepe.com.br\/cri\/wp-json\/wp\/v2\/types\/post"}],"author":[{"embeddable":true,"href":"https:\/\/diariodepe.com.br\/cri\/wp-json\/wp\/v2\/users\/2"}],"replies":[{"embeddable":true,"href":"https:\/\/diariodepe.com.br\/cri\/wp-json\/wp\/v2\/comments?post=6943"}],"version-history":[{"count":1,"href":"https:\/\/diariodepe.com.br\/cri\/wp-json\/wp\/v2\/posts\/6943\/revisions"}],"predecessor-version":[{"id":6944,"href":"https:\/\/diariodepe.com.br\/cri\/wp-json\/wp\/v2\/posts\/6943\/revisions\/6944"}],"wp:attachment":[{"href":"https:\/\/diariodepe.com.br\/cri\/wp-json\/wp\/v2\/media?parent=6943"}],"wp:term":[{"taxonomy":"category","embeddable":true,"href":"https:\/\/diariodepe.com.br\/cri\/wp-json\/wp\/v2\/categories?post=6943"},{"taxonomy":"post_tag","embeddable":true,"href":"https:\/\/diariodepe.com.br\/cri\/wp-json\/wp\/v2\/tags?post=6943"}],"curies":[{"name":"wp","href":"https:\/\/api.w.org\/{rel}","templated":true}]}}