{"id":6928,"date":"2024-11-29T00:12:19","date_gmt":"2024-11-29T03:12:19","guid":{"rendered":"https:\/\/diariodepe.com.br\/cri\/?p=6928"},"modified":"2024-11-29T00:12:19","modified_gmt":"2024-11-29T03:12:19","slug":"guerra-de-direitos-humanos-iniciada-pelos-eua","status":"publish","type":"post","link":"https:\/\/diariodepe.com.br\/cri\/2024\/11\/29\/guerra-de-direitos-humanos-iniciada-pelos-eua\/","title":{"rendered":"\u201cGuerra de direitos humanos\u201d iniciada pelos EUA"},"content":{"rendered":"<p data-spm-anchor-id=\"0.0.0.i1\"><img decoding=\"async\" src=\"https:\/\/38picres.cgtn.com\/photoAlbum\/page\/performance\/img\/2024\/10\/9\/1728474246024_942.png\" width=\"100%\" height=\"auto\" \/><\/p>\n<p data-spm-anchor-id=\"0.0.0.i1\">Na d\u00e9cada de 1970, os Estados Unidos lan\u00e7aram o slogan da \u201cdiplomacia dos direitos humanos\u201d, com o objetivo de conter a Uni\u00e3o Sovi\u00e9tica. Atualmente, Washington continua ignorando suas pr\u00f3prias fragilidades nesse \u00e2mbito, e jogando a \u201ccarta dos direitos humanos\u201d, que se tornou um meio importante para que o pa\u00eds reprima outras na\u00e7\u00f5es e mantenha sua hegemonia. Isso n\u00e3o apenas afeta as normas b\u00e1sicas das rela\u00e7\u00f5es internacionais, mas tamb\u00e9m tem um s\u00e9rio impacto sobre a estabilidade pol\u00edtica global e o desenvolvimento econ\u00f4mico \u2013 o que vem sendo amplamente criticado pela comunidade internacional.<\/p>\n<p>Para interferir nos assuntos internos de outros pa\u00edses, os Estados Unidos primeiramente fabricam \u201cofensas aos direitos humanos\u201d. Tomemos a Venezuela como exemplo. Nos \u00faltimos anos, o pa\u00eds norte-americano aduziu a exist\u00eancia de \u201cproblemas de direitos humanos\u201d ali como justificativa para expandir as san\u00e7\u00f5es econ\u00f4micas sobre ela, resultando em uma crise venezuelana de ordem econ\u00f4mica, humanit\u00e1ria e de desenvolvimento .<\/p>\n<p>Ao mesmo tempo, os Estados Unidos tamb\u00e9m inventaram documentos relevantes para difamar e reprimir outros pa\u00edses. Tomando a quest\u00e3o de Xinjiang como exemplo, reproduziram repetidamente mentiras em seus relat\u00f3rios e as usaram para impor v\u00e1rias san\u00e7\u00f5es \u00e0 China, inclusive a proibi\u00e7\u00e3o da importa\u00e7\u00e3o de produtos daquela regi\u00e3o e o congelamento dos bens de oficiais chineses. Tudo isso com o objetivo de desacreditar a imagem internacional da China e suprimir o desenvolvimento do pa\u00eds.<\/p>\n<p>Al\u00e9m disso, o uso de uma lei dom\u00e9stica para exercer a \u201cjurisdi\u00e7\u00e3o de bra\u00e7o longo\u201d tamb\u00e9m \u00e9 um meio importante para os Estados Unidos. Desde a eclos\u00e3o do conflito russo-ucraniano, o pa\u00eds imp\u00f4s san\u00e7\u00f5es a v\u00e1rias autoridades e empresas russas com base nessa lei, visando a enfraquecer a R\u00fassia e salvaguardar sua pr\u00f3pria hegemonia.<\/p>\n<p>Al\u00e9m do governo e da m\u00eddia, h\u00e1 outro ator importante na \u201cguerra de direitos humanos\u201d estadunidense \u2013 as organiza\u00e7\u00f5es n\u00e3o governamentais (ONGs). Sob as bandeiras da chamada \u201cdemocracia\u201d e dos \u201cdireitos humanos\u201d, algumas delas incitaram secretamente motins separatistas, planejaram crises pol\u00edticas, inventaram fatos e rumores e se infiltraram massivamente em v\u00e1rias partes do mundo. Entre elas, a mais ativa \u00e9 a National Endowment for Democracy (NED), que continua a receber financiamento da Casa Branca e do Congresso do pa\u00eds.<\/p>\n<p>Os Estados Unidos tamb\u00e9m estenderam sua \u201cm\u00e3o sobre os direitos humanos\u201d aos mecanismos multilaterais. As Na\u00e7\u00f5es Unidas, como cerne da pr\u00e1tica do multilateralismo, abrange quest\u00f5es relacionadas \u00e0 paz, seguran\u00e7a, direitos humanos e outras \u00e1reas importantes, e \u00e9 considerada por Washington como a principal plataforma para travar uma \u201cguerra dos direitos humanos\u201d contra o mundo exterior.<\/p>\n<p>Os direitos humanos n\u00e3o s\u00e3o propriedade exclusiva de alguns pa\u00edses, nem podem ser usados como ferramenta para exercer press\u00e3o sobre os demais e interferir em seus assuntos internos. O fato de os Estados Unidos estarem agindo como \u201c\u00e1rbitro de direitos humanos\u201d quando sua situa\u00e7\u00e3o interna segue em crise n\u00e3o apenas revela a ado\u00e7\u00e3o de um duplo crit\u00e9rio, mas tamb\u00e9m corroi seriamente as bases para uma boa governan\u00e7a global de direitos humanos. Essa atitude contra a tend\u00eancia da hist\u00f3ria s\u00f3 provocar\u00e1 a oposi\u00e7\u00e3o de outras na\u00e7\u00f5es e acelerar\u00e1 o decl\u00ednio da hegemonia estadunidense.<\/p>\n","protected":false},"excerpt":{"rendered":"<p>Na d\u00e9cada de 1970, os Estados Unidos lan\u00e7aram o slogan da \u201cdiplomacia dos direitos humanos\u201d, com o objetivo de conter a Uni\u00e3o Sovi\u00e9tica. Atualmente, Washington continua ignorando suas pr\u00f3prias fragilidades nesse \u00e2mbito, e jogando a \u201ccarta dos direitos humanos\u201d, que&#8230;<\/p>\n","protected":false},"author":2,"featured_media":0,"comment_status":"open","ping_status":"open","sticky":false,"template":"","format":"standard","meta":{"footnotes":""},"categories":[7],"tags":[],"class_list":["post-6928","post","type-post","status-publish","format-standard","hentry","category-visao"],"yoast_head":"<!-- This site is optimized with the Yoast SEO plugin v27.4 - https:\/\/yoast.com\/product\/yoast-seo-wordpress\/ -->\n<title>\u201cGuerra de direitos humanos\u201d iniciada pelos EUA - CRI e Diario de Pernambuco<\/title>\n<meta name=\"robots\" content=\"index, follow, max-snippet:-1, max-image-preview:large, max-video-preview:-1\" \/>\n<link rel=\"canonical\" href=\"https:\/\/diariodepe.com.br\/cri\/2024\/11\/29\/guerra-de-direitos-humanos-iniciada-pelos-eua\/\" \/>\n<meta property=\"og:locale\" content=\"pt_BR\" \/>\n<meta property=\"og:type\" content=\"article\" \/>\n<meta property=\"og:title\" content=\"\u201cGuerra de direitos humanos\u201d iniciada pelos EUA - CRI e Diario de Pernambuco\" \/>\n<meta property=\"og:description\" content=\"Na d\u00e9cada de 1970, os Estados Unidos lan\u00e7aram o slogan da \u201cdiplomacia dos direitos humanos\u201d, com o objetivo de conter a Uni\u00e3o Sovi\u00e9tica. Atualmente, Washington continua ignorando suas pr\u00f3prias fragilidades nesse \u00e2mbito, e jogando a \u201ccarta dos direitos humanos\u201d, que...\" \/>\n<meta property=\"og:url\" content=\"https:\/\/diariodepe.com.br\/cri\/2024\/11\/29\/guerra-de-direitos-humanos-iniciada-pelos-eua\/\" \/>\n<meta property=\"og:site_name\" content=\"CRI e Diario de Pernambuco\" \/>\n<meta property=\"article:published_time\" content=\"2024-11-29T03:12:19+00:00\" \/>\n<meta property=\"og:image\" content=\"https:\/\/38picres.cgtn.com\/photoAlbum\/page\/performance\/img\/2024\/10\/9\/1728474246024_942.png\" \/>\n<meta name=\"author\" content=\"Ismael Lucas S. Pereira\" \/>\n<meta name=\"twitter:card\" content=\"summary_large_image\" \/>\n<meta name=\"twitter:label1\" content=\"Escrito por\" \/>\n\t<meta name=\"twitter:data1\" content=\"Ismael Lucas S. Pereira\" \/>\n\t<meta name=\"twitter:label2\" content=\"Est. tempo de leitura\" \/>\n\t<meta name=\"twitter:data2\" content=\"3 minutos\" \/>\n<script type=\"application\/ld+json\" class=\"yoast-schema-graph\">{\"@context\":\"https:\\\/\\\/schema.org\",\"@graph\":[{\"@type\":\"Article\",\"@id\":\"https:\\\/\\\/diariodepe.com.br\\\/cri\\\/2024\\\/11\\\/29\\\/guerra-de-direitos-humanos-iniciada-pelos-eua\\\/#article\",\"isPartOf\":{\"@id\":\"https:\\\/\\\/diariodepe.com.br\\\/cri\\\/2024\\\/11\\\/29\\\/guerra-de-direitos-humanos-iniciada-pelos-eua\\\/\"},\"author\":{\"name\":\"Ismael Lucas S. Pereira\",\"@id\":\"https:\\\/\\\/diariodepe.com.br\\\/cri\\\/#\\\/schema\\\/person\\\/121bb28d84f1a5b1205ef4ce9c2e0c6b\"},\"headline\":\"\u201cGuerra de direitos humanos\u201d iniciada pelos EUA\",\"datePublished\":\"2024-11-29T03:12:19+00:00\",\"mainEntityOfPage\":{\"@id\":\"https:\\\/\\\/diariodepe.com.br\\\/cri\\\/2024\\\/11\\\/29\\\/guerra-de-direitos-humanos-iniciada-pelos-eua\\\/\"},\"wordCount\":572,\"commentCount\":0,\"publisher\":{\"@id\":\"https:\\\/\\\/diariodepe.com.br\\\/cri\\\/#organization\"},\"image\":{\"@id\":\"https:\\\/\\\/diariodepe.com.br\\\/cri\\\/2024\\\/11\\\/29\\\/guerra-de-direitos-humanos-iniciada-pelos-eua\\\/#primaryimage\"},\"thumbnailUrl\":\"https:\\\/\\\/38picres.cgtn.com\\\/photoAlbum\\\/page\\\/performance\\\/img\\\/2024\\\/10\\\/9\\\/1728474246024_942.png\",\"articleSection\":[\"Vis\u00e3o\"],\"inLanguage\":\"pt-BR\",\"potentialAction\":[{\"@type\":\"CommentAction\",\"name\":\"Comment\",\"target\":[\"https:\\\/\\\/diariodepe.com.br\\\/cri\\\/2024\\\/11\\\/29\\\/guerra-de-direitos-humanos-iniciada-pelos-eua\\\/#respond\"]}]},{\"@type\":\"WebPage\",\"@id\":\"https:\\\/\\\/diariodepe.com.br\\\/cri\\\/2024\\\/11\\\/29\\\/guerra-de-direitos-humanos-iniciada-pelos-eua\\\/\",\"url\":\"https:\\\/\\\/diariodepe.com.br\\\/cri\\\/2024\\\/11\\\/29\\\/guerra-de-direitos-humanos-iniciada-pelos-eua\\\/\",\"name\":\"\u201cGuerra de direitos humanos\u201d iniciada pelos EUA - CRI e Diario de Pernambuco\",\"isPartOf\":{\"@id\":\"https:\\\/\\\/diariodepe.com.br\\\/cri\\\/#website\"},\"primaryImageOfPage\":{\"@id\":\"https:\\\/\\\/diariodepe.com.br\\\/cri\\\/2024\\\/11\\\/29\\\/guerra-de-direitos-humanos-iniciada-pelos-eua\\\/#primaryimage\"},\"image\":{\"@id\":\"https:\\\/\\\/diariodepe.com.br\\\/cri\\\/2024\\\/11\\\/29\\\/guerra-de-direitos-humanos-iniciada-pelos-eua\\\/#primaryimage\"},\"thumbnailUrl\":\"https:\\\/\\\/38picres.cgtn.com\\\/photoAlbum\\\/page\\\/performance\\\/img\\\/2024\\\/10\\\/9\\\/1728474246024_942.png\",\"datePublished\":\"2024-11-29T03:12:19+00:00\",\"breadcrumb\":{\"@id\":\"https:\\\/\\\/diariodepe.com.br\\\/cri\\\/2024\\\/11\\\/29\\\/guerra-de-direitos-humanos-iniciada-pelos-eua\\\/#breadcrumb\"},\"inLanguage\":\"pt-BR\",\"potentialAction\":[{\"@type\":\"ReadAction\",\"target\":[\"https:\\\/\\\/diariodepe.com.br\\\/cri\\\/2024\\\/11\\\/29\\\/guerra-de-direitos-humanos-iniciada-pelos-eua\\\/\"]}]},{\"@type\":\"ImageObject\",\"inLanguage\":\"pt-BR\",\"@id\":\"https:\\\/\\\/diariodepe.com.br\\\/cri\\\/2024\\\/11\\\/29\\\/guerra-de-direitos-humanos-iniciada-pelos-eua\\\/#primaryimage\",\"url\":\"https:\\\/\\\/38picres.cgtn.com\\\/photoAlbum\\\/page\\\/performance\\\/img\\\/2024\\\/10\\\/9\\\/1728474246024_942.png\",\"contentUrl\":\"https:\\\/\\\/38picres.cgtn.com\\\/photoAlbum\\\/page\\\/performance\\\/img\\\/2024\\\/10\\\/9\\\/1728474246024_942.png\"},{\"@type\":\"BreadcrumbList\",\"@id\":\"https:\\\/\\\/diariodepe.com.br\\\/cri\\\/2024\\\/11\\\/29\\\/guerra-de-direitos-humanos-iniciada-pelos-eua\\\/#breadcrumb\",\"itemListElement\":[{\"@type\":\"ListItem\",\"position\":1,\"name\":\"In\u00edcio\",\"item\":\"https:\\\/\\\/diariodepe.com.br\\\/cri\\\/\"},{\"@type\":\"ListItem\",\"position\":2,\"name\":\"\u201cGuerra de direitos humanos\u201d iniciada pelos EUA\"}]},{\"@type\":\"WebSite\",\"@id\":\"https:\\\/\\\/diariodepe.com.br\\\/cri\\\/#website\",\"url\":\"https:\\\/\\\/diariodepe.com.br\\\/cri\\\/\",\"name\":\"CRI e Diario de Pernambuco\",\"description\":\"R\u00e1dio Internacional da China\",\"publisher\":{\"@id\":\"https:\\\/\\\/diariodepe.com.br\\\/cri\\\/#organization\"},\"potentialAction\":[{\"@type\":\"SearchAction\",\"target\":{\"@type\":\"EntryPoint\",\"urlTemplate\":\"https:\\\/\\\/diariodepe.com.br\\\/cri\\\/?s={search_term_string}\"},\"query-input\":{\"@type\":\"PropertyValueSpecification\",\"valueRequired\":true,\"valueName\":\"search_term_string\"}}],\"inLanguage\":\"pt-BR\"},{\"@type\":\"Organization\",\"@id\":\"https:\\\/\\\/diariodepe.com.br\\\/cri\\\/#organization\",\"name\":\"CRI e Diario de Pernambuco\",\"url\":\"https:\\\/\\\/diariodepe.com.br\\\/cri\\\/\",\"logo\":{\"@type\":\"ImageObject\",\"inLanguage\":\"pt-BR\",\"@id\":\"https:\\\/\\\/diariodepe.com.br\\\/cri\\\/#\\\/schema\\\/logo\\\/image\\\/\",\"url\":\"https:\\\/\\\/diariodepe.com.br\\\/cri\\\/wp-content\\\/uploads\\\/sites\\\/2\\\/2022\\\/12\\\/cropped-Logo.jpg\",\"contentUrl\":\"https:\\\/\\\/diariodepe.com.br\\\/cri\\\/wp-content\\\/uploads\\\/sites\\\/2\\\/2022\\\/12\\\/cropped-Logo.jpg\",\"width\":700,\"height\":59,\"caption\":\"CRI e Diario de Pernambuco\"},\"image\":{\"@id\":\"https:\\\/\\\/diariodepe.com.br\\\/cri\\\/#\\\/schema\\\/logo\\\/image\\\/\"}},{\"@type\":\"Person\",\"@id\":\"https:\\\/\\\/diariodepe.com.br\\\/cri\\\/#\\\/schema\\\/person\\\/121bb28d84f1a5b1205ef4ce9c2e0c6b\",\"name\":\"Ismael Lucas S. Pereira\",\"image\":{\"@type\":\"ImageObject\",\"inLanguage\":\"pt-BR\",\"@id\":\"https:\\\/\\\/secure.gravatar.com\\\/avatar\\\/887a0f3b5a7ceea963a48499fb883ffce6b5037362def025c52c2505b15d63e4?s=96&d=mm&r=g\",\"url\":\"https:\\\/\\\/secure.gravatar.com\\\/avatar\\\/887a0f3b5a7ceea963a48499fb883ffce6b5037362def025c52c2505b15d63e4?s=96&d=mm&r=g\",\"contentUrl\":\"https:\\\/\\\/secure.gravatar.com\\\/avatar\\\/887a0f3b5a7ceea963a48499fb883ffce6b5037362def025c52c2505b15d63e4?s=96&d=mm&r=g\",\"caption\":\"Ismael Lucas S. Pereira\"},\"url\":\"https:\\\/\\\/diariodepe.com.br\\\/cri\\\/author\\\/ismael-lucas\\\/\"}]}<\/script>\n<!-- \/ Yoast SEO plugin. -->","yoast_head_json":{"title":"\u201cGuerra de direitos humanos\u201d iniciada pelos EUA - CRI e Diario de Pernambuco","robots":{"index":"index","follow":"follow","max-snippet":"max-snippet:-1","max-image-preview":"max-image-preview:large","max-video-preview":"max-video-preview:-1"},"canonical":"https:\/\/diariodepe.com.br\/cri\/2024\/11\/29\/guerra-de-direitos-humanos-iniciada-pelos-eua\/","og_locale":"pt_BR","og_type":"article","og_title":"\u201cGuerra de direitos humanos\u201d iniciada pelos EUA - CRI e Diario de Pernambuco","og_description":"Na d\u00e9cada de 1970, os Estados Unidos lan\u00e7aram o slogan da \u201cdiplomacia dos direitos humanos\u201d, com o objetivo de conter a Uni\u00e3o Sovi\u00e9tica. Atualmente, Washington continua ignorando suas pr\u00f3prias fragilidades nesse \u00e2mbito, e jogando a \u201ccarta dos direitos humanos\u201d, que...","og_url":"https:\/\/diariodepe.com.br\/cri\/2024\/11\/29\/guerra-de-direitos-humanos-iniciada-pelos-eua\/","og_site_name":"CRI e Diario de Pernambuco","article_published_time":"2024-11-29T03:12:19+00:00","og_image":[{"url":"https:\/\/38picres.cgtn.com\/photoAlbum\/page\/performance\/img\/2024\/10\/9\/1728474246024_942.png","type":"","width":"","height":""}],"author":"Ismael Lucas S. Pereira","twitter_card":"summary_large_image","twitter_misc":{"Escrito por":"Ismael Lucas S. Pereira","Est. tempo de leitura":"3 minutos"},"schema":{"@context":"https:\/\/schema.org","@graph":[{"@type":"Article","@id":"https:\/\/diariodepe.com.br\/cri\/2024\/11\/29\/guerra-de-direitos-humanos-iniciada-pelos-eua\/#article","isPartOf":{"@id":"https:\/\/diariodepe.com.br\/cri\/2024\/11\/29\/guerra-de-direitos-humanos-iniciada-pelos-eua\/"},"author":{"name":"Ismael Lucas S. Pereira","@id":"https:\/\/diariodepe.com.br\/cri\/#\/schema\/person\/121bb28d84f1a5b1205ef4ce9c2e0c6b"},"headline":"\u201cGuerra de direitos humanos\u201d iniciada pelos EUA","datePublished":"2024-11-29T03:12:19+00:00","mainEntityOfPage":{"@id":"https:\/\/diariodepe.com.br\/cri\/2024\/11\/29\/guerra-de-direitos-humanos-iniciada-pelos-eua\/"},"wordCount":572,"commentCount":0,"publisher":{"@id":"https:\/\/diariodepe.com.br\/cri\/#organization"},"image":{"@id":"https:\/\/diariodepe.com.br\/cri\/2024\/11\/29\/guerra-de-direitos-humanos-iniciada-pelos-eua\/#primaryimage"},"thumbnailUrl":"https:\/\/38picres.cgtn.com\/photoAlbum\/page\/performance\/img\/2024\/10\/9\/1728474246024_942.png","articleSection":["Vis\u00e3o"],"inLanguage":"pt-BR","potentialAction":[{"@type":"CommentAction","name":"Comment","target":["https:\/\/diariodepe.com.br\/cri\/2024\/11\/29\/guerra-de-direitos-humanos-iniciada-pelos-eua\/#respond"]}]},{"@type":"WebPage","@id":"https:\/\/diariodepe.com.br\/cri\/2024\/11\/29\/guerra-de-direitos-humanos-iniciada-pelos-eua\/","url":"https:\/\/diariodepe.com.br\/cri\/2024\/11\/29\/guerra-de-direitos-humanos-iniciada-pelos-eua\/","name":"\u201cGuerra de direitos humanos\u201d iniciada pelos EUA - CRI e Diario de Pernambuco","isPartOf":{"@id":"https:\/\/diariodepe.com.br\/cri\/#website"},"primaryImageOfPage":{"@id":"https:\/\/diariodepe.com.br\/cri\/2024\/11\/29\/guerra-de-direitos-humanos-iniciada-pelos-eua\/#primaryimage"},"image":{"@id":"https:\/\/diariodepe.com.br\/cri\/2024\/11\/29\/guerra-de-direitos-humanos-iniciada-pelos-eua\/#primaryimage"},"thumbnailUrl":"https:\/\/38picres.cgtn.com\/photoAlbum\/page\/performance\/img\/2024\/10\/9\/1728474246024_942.png","datePublished":"2024-11-29T03:12:19+00:00","breadcrumb":{"@id":"https:\/\/diariodepe.com.br\/cri\/2024\/11\/29\/guerra-de-direitos-humanos-iniciada-pelos-eua\/#breadcrumb"},"inLanguage":"pt-BR","potentialAction":[{"@type":"ReadAction","target":["https:\/\/diariodepe.com.br\/cri\/2024\/11\/29\/guerra-de-direitos-humanos-iniciada-pelos-eua\/"]}]},{"@type":"ImageObject","inLanguage":"pt-BR","@id":"https:\/\/diariodepe.com.br\/cri\/2024\/11\/29\/guerra-de-direitos-humanos-iniciada-pelos-eua\/#primaryimage","url":"https:\/\/38picres.cgtn.com\/photoAlbum\/page\/performance\/img\/2024\/10\/9\/1728474246024_942.png","contentUrl":"https:\/\/38picres.cgtn.com\/photoAlbum\/page\/performance\/img\/2024\/10\/9\/1728474246024_942.png"},{"@type":"BreadcrumbList","@id":"https:\/\/diariodepe.com.br\/cri\/2024\/11\/29\/guerra-de-direitos-humanos-iniciada-pelos-eua\/#breadcrumb","itemListElement":[{"@type":"ListItem","position":1,"name":"In\u00edcio","item":"https:\/\/diariodepe.com.br\/cri\/"},{"@type":"ListItem","position":2,"name":"\u201cGuerra de direitos humanos\u201d iniciada pelos EUA"}]},{"@type":"WebSite","@id":"https:\/\/diariodepe.com.br\/cri\/#website","url":"https:\/\/diariodepe.com.br\/cri\/","name":"CRI e Diario de Pernambuco","description":"R\u00e1dio Internacional da China","publisher":{"@id":"https:\/\/diariodepe.com.br\/cri\/#organization"},"potentialAction":[{"@type":"SearchAction","target":{"@type":"EntryPoint","urlTemplate":"https:\/\/diariodepe.com.br\/cri\/?s={search_term_string}"},"query-input":{"@type":"PropertyValueSpecification","valueRequired":true,"valueName":"search_term_string"}}],"inLanguage":"pt-BR"},{"@type":"Organization","@id":"https:\/\/diariodepe.com.br\/cri\/#organization","name":"CRI e Diario de Pernambuco","url":"https:\/\/diariodepe.com.br\/cri\/","logo":{"@type":"ImageObject","inLanguage":"pt-BR","@id":"https:\/\/diariodepe.com.br\/cri\/#\/schema\/logo\/image\/","url":"https:\/\/diariodepe.com.br\/cri\/wp-content\/uploads\/sites\/2\/2022\/12\/cropped-Logo.jpg","contentUrl":"https:\/\/diariodepe.com.br\/cri\/wp-content\/uploads\/sites\/2\/2022\/12\/cropped-Logo.jpg","width":700,"height":59,"caption":"CRI e Diario de Pernambuco"},"image":{"@id":"https:\/\/diariodepe.com.br\/cri\/#\/schema\/logo\/image\/"}},{"@type":"Person","@id":"https:\/\/diariodepe.com.br\/cri\/#\/schema\/person\/121bb28d84f1a5b1205ef4ce9c2e0c6b","name":"Ismael Lucas S. Pereira","image":{"@type":"ImageObject","inLanguage":"pt-BR","@id":"https:\/\/secure.gravatar.com\/avatar\/887a0f3b5a7ceea963a48499fb883ffce6b5037362def025c52c2505b15d63e4?s=96&d=mm&r=g","url":"https:\/\/secure.gravatar.com\/avatar\/887a0f3b5a7ceea963a48499fb883ffce6b5037362def025c52c2505b15d63e4?s=96&d=mm&r=g","contentUrl":"https:\/\/secure.gravatar.com\/avatar\/887a0f3b5a7ceea963a48499fb883ffce6b5037362def025c52c2505b15d63e4?s=96&d=mm&r=g","caption":"Ismael Lucas S. Pereira"},"url":"https:\/\/diariodepe.com.br\/cri\/author\/ismael-lucas\/"}]}},"cc_featured_image_caption":{"caption_text":false,"source_text":false,"source_url":false},"amp_enabled":true,"_links":{"self":[{"href":"https:\/\/diariodepe.com.br\/cri\/wp-json\/wp\/v2\/posts\/6928","targetHints":{"allow":["GET"]}}],"collection":[{"href":"https:\/\/diariodepe.com.br\/cri\/wp-json\/wp\/v2\/posts"}],"about":[{"href":"https:\/\/diariodepe.com.br\/cri\/wp-json\/wp\/v2\/types\/post"}],"author":[{"embeddable":true,"href":"https:\/\/diariodepe.com.br\/cri\/wp-json\/wp\/v2\/users\/2"}],"replies":[{"embeddable":true,"href":"https:\/\/diariodepe.com.br\/cri\/wp-json\/wp\/v2\/comments?post=6928"}],"version-history":[{"count":1,"href":"https:\/\/diariodepe.com.br\/cri\/wp-json\/wp\/v2\/posts\/6928\/revisions"}],"predecessor-version":[{"id":6929,"href":"https:\/\/diariodepe.com.br\/cri\/wp-json\/wp\/v2\/posts\/6928\/revisions\/6929"}],"wp:attachment":[{"href":"https:\/\/diariodepe.com.br\/cri\/wp-json\/wp\/v2\/media?parent=6928"}],"wp:term":[{"taxonomy":"category","embeddable":true,"href":"https:\/\/diariodepe.com.br\/cri\/wp-json\/wp\/v2\/categories?post=6928"},{"taxonomy":"post_tag","embeddable":true,"href":"https:\/\/diariodepe.com.br\/cri\/wp-json\/wp\/v2\/tags?post=6928"}],"curies":[{"name":"wp","href":"https:\/\/api.w.org\/{rel}","templated":true}]}}