{"id":6926,"date":"2024-11-29T00:10:39","date_gmt":"2024-11-29T03:10:39","guid":{"rendered":"https:\/\/diariodepe.com.br\/cri\/?p=6926"},"modified":"2024-11-29T00:10:39","modified_gmt":"2024-11-29T03:10:39","slug":"xi-jinping-enfatiza-melhoria-da-capacidade-de-servicos-humanitarios-em-mensagem-para-cruz-vermelha-da-china","status":"publish","type":"post","link":"https:\/\/diariodepe.com.br\/cri\/2024\/11\/29\/xi-jinping-enfatiza-melhoria-da-capacidade-de-servicos-humanitarios-em-mensagem-para-cruz-vermelha-da-china\/","title":{"rendered":"Xi Jinping enfatiza melhoria da capacidade de servi\u00e7os humanit\u00e1rios em mensagem para Cruz Vermelha da China"},"content":{"rendered":"<p><span lang=\"PT-BR\"><img decoding=\"async\" src=\"https:\/\/38picres.cgtn.com\/photoAlbum\/page\/performance\/img\/2024\/10\/9\/1728475329046_165.jpg\" width=\"100%\" height=\"auto\" \/>O 12\u00ba Congresso Nacional da Sociedade da Cruz Vermelha da China foi inaugurado hoje (9) em Beijing. O presidente chin\u00eas, Xi Jinping, enviou uma mensagem de congratula\u00e7\u00f5es ao evento.<\/span><\/p>\n<p><span lang=\"PT-BR\">O presidente chin\u00eas enfatizou que a Sociedade da Cruz Vermelha da China \u00e9 a ponte e o elo do Partido e do governo, estabelecendo uma conex\u00e3o com o povo no campo humanit\u00e1rio. Na nova era, a entidade deve persistir integralmente na lideran\u00e7a do Partido, focar no desenvolvimento de alta qualidade, continuar aprofundando a reforma e a inova\u00e7\u00e3o, aprimorar o avan\u00e7o e a popularidade da natureza pol\u00edtica, fortalecer a constru\u00e7\u00e3o da credibilidade e melhorar a capacidade dos servi\u00e7os humanit\u00e1rios.<\/span><\/p>\n<p><span lang=\"PT-BR\">O l\u00edder chin\u00eas salientou tamb\u00e9m que a Cruz Vermelha da China precisa refor\u00e7ar a coopera\u00e7\u00e3o internacional para participar e apoiar a causa humanit\u00e1ria globalmente.<\/span><\/p>\n<p><span lang=\"PT-BR\">Os comit\u00eas do Partido e os governos de todos os n\u00edveis devem promover a lideran\u00e7a e o apoio, al\u00e9m de criar um ambiente favor\u00e1vel para os trabalhos da Cruz Vermelha.<\/span><\/p>\n","protected":false},"excerpt":{"rendered":"<p>O 12\u00ba Congresso Nacional da Sociedade da Cruz Vermelha da China foi inaugurado hoje (9) em Beijing. O presidente chin\u00eas, Xi Jinping, enviou uma mensagem de congratula\u00e7\u00f5es ao evento. O presidente chin\u00eas enfatizou que a Sociedade da Cruz Vermelha da&#8230;<\/p>\n","protected":false},"author":2,"featured_media":0,"comment_status":"open","ping_status":"open","sticky":false,"template":"","format":"standard","meta":{"footnotes":""},"categories":[3],"tags":[],"class_list":["post-6926","post","type-post","status-publish","format-standard","hentry","category-china"],"yoast_head":"<!-- This site is optimized with the Yoast SEO plugin v27.4 - https:\/\/yoast.com\/product\/yoast-seo-wordpress\/ -->\n<title>Xi Jinping enfatiza melhoria da capacidade de servi\u00e7os humanit\u00e1rios em mensagem para Cruz Vermelha da China - CRI e Diario de Pernambuco<\/title>\n<meta name=\"robots\" content=\"index, follow, max-snippet:-1, max-image-preview:large, max-video-preview:-1\" \/>\n<link rel=\"canonical\" href=\"https:\/\/diariodepe.com.br\/cri\/2024\/11\/29\/xi-jinping-enfatiza-melhoria-da-capacidade-de-servicos-humanitarios-em-mensagem-para-cruz-vermelha-da-china\/\" \/>\n<meta property=\"og:locale\" content=\"pt_BR\" \/>\n<meta property=\"og:type\" content=\"article\" \/>\n<meta property=\"og:title\" content=\"Xi Jinping enfatiza melhoria da capacidade de servi\u00e7os humanit\u00e1rios em mensagem para Cruz Vermelha da China - CRI e Diario de Pernambuco\" \/>\n<meta property=\"og:description\" content=\"O 12\u00ba Congresso Nacional da Sociedade da Cruz Vermelha da China foi inaugurado hoje (9) em Beijing. O presidente chin\u00eas, Xi Jinping, enviou uma mensagem de congratula\u00e7\u00f5es ao evento. O presidente chin\u00eas enfatizou que a Sociedade da Cruz Vermelha da...\" \/>\n<meta property=\"og:url\" content=\"https:\/\/diariodepe.com.br\/cri\/2024\/11\/29\/xi-jinping-enfatiza-melhoria-da-capacidade-de-servicos-humanitarios-em-mensagem-para-cruz-vermelha-da-china\/\" \/>\n<meta property=\"og:site_name\" content=\"CRI e Diario de Pernambuco\" \/>\n<meta property=\"article:published_time\" content=\"2024-11-29T03:10:39+00:00\" \/>\n<meta property=\"og:image\" content=\"https:\/\/38picres.cgtn.com\/photoAlbum\/page\/performance\/img\/2024\/10\/9\/1728475329046_165.jpg\" \/>\n<meta name=\"author\" content=\"Ismael Lucas S. Pereira\" \/>\n<meta name=\"twitter:card\" content=\"summary_large_image\" \/>\n<meta name=\"twitter:label1\" content=\"Escrito por\" \/>\n\t<meta name=\"twitter:data1\" content=\"Ismael Lucas S. Pereira\" \/>\n\t<meta name=\"twitter:label2\" content=\"Est. tempo de leitura\" \/>\n\t<meta name=\"twitter:data2\" content=\"2 minutos\" \/>\n<script type=\"application\/ld+json\" class=\"yoast-schema-graph\">{\"@context\":\"https:\\\/\\\/schema.org\",\"@graph\":[{\"@type\":\"Article\",\"@id\":\"https:\\\/\\\/diariodepe.com.br\\\/cri\\\/2024\\\/11\\\/29\\\/xi-jinping-enfatiza-melhoria-da-capacidade-de-servicos-humanitarios-em-mensagem-para-cruz-vermelha-da-china\\\/#article\",\"isPartOf\":{\"@id\":\"https:\\\/\\\/diariodepe.com.br\\\/cri\\\/2024\\\/11\\\/29\\\/xi-jinping-enfatiza-melhoria-da-capacidade-de-servicos-humanitarios-em-mensagem-para-cruz-vermelha-da-china\\\/\"},\"author\":{\"name\":\"Ismael Lucas S. Pereira\",\"@id\":\"https:\\\/\\\/diariodepe.com.br\\\/cri\\\/#\\\/schema\\\/person\\\/121bb28d84f1a5b1205ef4ce9c2e0c6b\"},\"headline\":\"Xi Jinping enfatiza melhoria da capacidade de servi\u00e7os humanit\u00e1rios em mensagem para Cruz Vermelha da China\",\"datePublished\":\"2024-11-29T03:10:39+00:00\",\"mainEntityOfPage\":{\"@id\":\"https:\\\/\\\/diariodepe.com.br\\\/cri\\\/2024\\\/11\\\/29\\\/xi-jinping-enfatiza-melhoria-da-capacidade-de-servicos-humanitarios-em-mensagem-para-cruz-vermelha-da-china\\\/\"},\"wordCount\":199,\"commentCount\":0,\"publisher\":{\"@id\":\"https:\\\/\\\/diariodepe.com.br\\\/cri\\\/#organization\"},\"image\":{\"@id\":\"https:\\\/\\\/diariodepe.com.br\\\/cri\\\/2024\\\/11\\\/29\\\/xi-jinping-enfatiza-melhoria-da-capacidade-de-servicos-humanitarios-em-mensagem-para-cruz-vermelha-da-china\\\/#primaryimage\"},\"thumbnailUrl\":\"https:\\\/\\\/38picres.cgtn.com\\\/photoAlbum\\\/page\\\/performance\\\/img\\\/2024\\\/10\\\/9\\\/1728475329046_165.jpg\",\"articleSection\":[\"China\"],\"inLanguage\":\"pt-BR\",\"potentialAction\":[{\"@type\":\"CommentAction\",\"name\":\"Comment\",\"target\":[\"https:\\\/\\\/diariodepe.com.br\\\/cri\\\/2024\\\/11\\\/29\\\/xi-jinping-enfatiza-melhoria-da-capacidade-de-servicos-humanitarios-em-mensagem-para-cruz-vermelha-da-china\\\/#respond\"]}]},{\"@type\":\"WebPage\",\"@id\":\"https:\\\/\\\/diariodepe.com.br\\\/cri\\\/2024\\\/11\\\/29\\\/xi-jinping-enfatiza-melhoria-da-capacidade-de-servicos-humanitarios-em-mensagem-para-cruz-vermelha-da-china\\\/\",\"url\":\"https:\\\/\\\/diariodepe.com.br\\\/cri\\\/2024\\\/11\\\/29\\\/xi-jinping-enfatiza-melhoria-da-capacidade-de-servicos-humanitarios-em-mensagem-para-cruz-vermelha-da-china\\\/\",\"name\":\"Xi Jinping enfatiza melhoria da capacidade de servi\u00e7os humanit\u00e1rios em mensagem para Cruz Vermelha da China - CRI e Diario de Pernambuco\",\"isPartOf\":{\"@id\":\"https:\\\/\\\/diariodepe.com.br\\\/cri\\\/#website\"},\"primaryImageOfPage\":{\"@id\":\"https:\\\/\\\/diariodepe.com.br\\\/cri\\\/2024\\\/11\\\/29\\\/xi-jinping-enfatiza-melhoria-da-capacidade-de-servicos-humanitarios-em-mensagem-para-cruz-vermelha-da-china\\\/#primaryimage\"},\"image\":{\"@id\":\"https:\\\/\\\/diariodepe.com.br\\\/cri\\\/2024\\\/11\\\/29\\\/xi-jinping-enfatiza-melhoria-da-capacidade-de-servicos-humanitarios-em-mensagem-para-cruz-vermelha-da-china\\\/#primaryimage\"},\"thumbnailUrl\":\"https:\\\/\\\/38picres.cgtn.com\\\/photoAlbum\\\/page\\\/performance\\\/img\\\/2024\\\/10\\\/9\\\/1728475329046_165.jpg\",\"datePublished\":\"2024-11-29T03:10:39+00:00\",\"breadcrumb\":{\"@id\":\"https:\\\/\\\/diariodepe.com.br\\\/cri\\\/2024\\\/11\\\/29\\\/xi-jinping-enfatiza-melhoria-da-capacidade-de-servicos-humanitarios-em-mensagem-para-cruz-vermelha-da-china\\\/#breadcrumb\"},\"inLanguage\":\"pt-BR\",\"potentialAction\":[{\"@type\":\"ReadAction\",\"target\":[\"https:\\\/\\\/diariodepe.com.br\\\/cri\\\/2024\\\/11\\\/29\\\/xi-jinping-enfatiza-melhoria-da-capacidade-de-servicos-humanitarios-em-mensagem-para-cruz-vermelha-da-china\\\/\"]}]},{\"@type\":\"ImageObject\",\"inLanguage\":\"pt-BR\",\"@id\":\"https:\\\/\\\/diariodepe.com.br\\\/cri\\\/2024\\\/11\\\/29\\\/xi-jinping-enfatiza-melhoria-da-capacidade-de-servicos-humanitarios-em-mensagem-para-cruz-vermelha-da-china\\\/#primaryimage\",\"url\":\"https:\\\/\\\/38picres.cgtn.com\\\/photoAlbum\\\/page\\\/performance\\\/img\\\/2024\\\/10\\\/9\\\/1728475329046_165.jpg\",\"contentUrl\":\"https:\\\/\\\/38picres.cgtn.com\\\/photoAlbum\\\/page\\\/performance\\\/img\\\/2024\\\/10\\\/9\\\/1728475329046_165.jpg\"},{\"@type\":\"BreadcrumbList\",\"@id\":\"https:\\\/\\\/diariodepe.com.br\\\/cri\\\/2024\\\/11\\\/29\\\/xi-jinping-enfatiza-melhoria-da-capacidade-de-servicos-humanitarios-em-mensagem-para-cruz-vermelha-da-china\\\/#breadcrumb\",\"itemListElement\":[{\"@type\":\"ListItem\",\"position\":1,\"name\":\"In\u00edcio\",\"item\":\"https:\\\/\\\/diariodepe.com.br\\\/cri\\\/\"},{\"@type\":\"ListItem\",\"position\":2,\"name\":\"Xi Jinping enfatiza melhoria da capacidade de servi\u00e7os humanit\u00e1rios em mensagem para Cruz Vermelha da China\"}]},{\"@type\":\"WebSite\",\"@id\":\"https:\\\/\\\/diariodepe.com.br\\\/cri\\\/#website\",\"url\":\"https:\\\/\\\/diariodepe.com.br\\\/cri\\\/\",\"name\":\"CRI e Diario de Pernambuco\",\"description\":\"R\u00e1dio Internacional da China\",\"publisher\":{\"@id\":\"https:\\\/\\\/diariodepe.com.br\\\/cri\\\/#organization\"},\"potentialAction\":[{\"@type\":\"SearchAction\",\"target\":{\"@type\":\"EntryPoint\",\"urlTemplate\":\"https:\\\/\\\/diariodepe.com.br\\\/cri\\\/?s={search_term_string}\"},\"query-input\":{\"@type\":\"PropertyValueSpecification\",\"valueRequired\":true,\"valueName\":\"search_term_string\"}}],\"inLanguage\":\"pt-BR\"},{\"@type\":\"Organization\",\"@id\":\"https:\\\/\\\/diariodepe.com.br\\\/cri\\\/#organization\",\"name\":\"CRI e Diario de Pernambuco\",\"url\":\"https:\\\/\\\/diariodepe.com.br\\\/cri\\\/\",\"logo\":{\"@type\":\"ImageObject\",\"inLanguage\":\"pt-BR\",\"@id\":\"https:\\\/\\\/diariodepe.com.br\\\/cri\\\/#\\\/schema\\\/logo\\\/image\\\/\",\"url\":\"https:\\\/\\\/diariodepe.com.br\\\/cri\\\/wp-content\\\/uploads\\\/sites\\\/2\\\/2022\\\/12\\\/cropped-Logo.jpg\",\"contentUrl\":\"https:\\\/\\\/diariodepe.com.br\\\/cri\\\/wp-content\\\/uploads\\\/sites\\\/2\\\/2022\\\/12\\\/cropped-Logo.jpg\",\"width\":700,\"height\":59,\"caption\":\"CRI e Diario de Pernambuco\"},\"image\":{\"@id\":\"https:\\\/\\\/diariodepe.com.br\\\/cri\\\/#\\\/schema\\\/logo\\\/image\\\/\"}},{\"@type\":\"Person\",\"@id\":\"https:\\\/\\\/diariodepe.com.br\\\/cri\\\/#\\\/schema\\\/person\\\/121bb28d84f1a5b1205ef4ce9c2e0c6b\",\"name\":\"Ismael Lucas S. Pereira\",\"image\":{\"@type\":\"ImageObject\",\"inLanguage\":\"pt-BR\",\"@id\":\"https:\\\/\\\/secure.gravatar.com\\\/avatar\\\/887a0f3b5a7ceea963a48499fb883ffce6b5037362def025c52c2505b15d63e4?s=96&d=mm&r=g\",\"url\":\"https:\\\/\\\/secure.gravatar.com\\\/avatar\\\/887a0f3b5a7ceea963a48499fb883ffce6b5037362def025c52c2505b15d63e4?s=96&d=mm&r=g\",\"contentUrl\":\"https:\\\/\\\/secure.gravatar.com\\\/avatar\\\/887a0f3b5a7ceea963a48499fb883ffce6b5037362def025c52c2505b15d63e4?s=96&d=mm&r=g\",\"caption\":\"Ismael Lucas S. Pereira\"},\"url\":\"https:\\\/\\\/diariodepe.com.br\\\/cri\\\/author\\\/ismael-lucas\\\/\"}]}<\/script>\n<!-- \/ Yoast SEO plugin. -->","yoast_head_json":{"title":"Xi Jinping enfatiza melhoria da capacidade de servi\u00e7os humanit\u00e1rios em mensagem para Cruz Vermelha da China - CRI e Diario de Pernambuco","robots":{"index":"index","follow":"follow","max-snippet":"max-snippet:-1","max-image-preview":"max-image-preview:large","max-video-preview":"max-video-preview:-1"},"canonical":"https:\/\/diariodepe.com.br\/cri\/2024\/11\/29\/xi-jinping-enfatiza-melhoria-da-capacidade-de-servicos-humanitarios-em-mensagem-para-cruz-vermelha-da-china\/","og_locale":"pt_BR","og_type":"article","og_title":"Xi Jinping enfatiza melhoria da capacidade de servi\u00e7os humanit\u00e1rios em mensagem para Cruz Vermelha da China - CRI e Diario de Pernambuco","og_description":"O 12\u00ba Congresso Nacional da Sociedade da Cruz Vermelha da China foi inaugurado hoje (9) em Beijing. O presidente chin\u00eas, Xi Jinping, enviou uma mensagem de congratula\u00e7\u00f5es ao evento. O presidente chin\u00eas enfatizou que a Sociedade da Cruz Vermelha da...","og_url":"https:\/\/diariodepe.com.br\/cri\/2024\/11\/29\/xi-jinping-enfatiza-melhoria-da-capacidade-de-servicos-humanitarios-em-mensagem-para-cruz-vermelha-da-china\/","og_site_name":"CRI e Diario de Pernambuco","article_published_time":"2024-11-29T03:10:39+00:00","og_image":[{"url":"https:\/\/38picres.cgtn.com\/photoAlbum\/page\/performance\/img\/2024\/10\/9\/1728475329046_165.jpg","type":"","width":"","height":""}],"author":"Ismael Lucas S. Pereira","twitter_card":"summary_large_image","twitter_misc":{"Escrito por":"Ismael Lucas S. Pereira","Est. tempo de leitura":"2 minutos"},"schema":{"@context":"https:\/\/schema.org","@graph":[{"@type":"Article","@id":"https:\/\/diariodepe.com.br\/cri\/2024\/11\/29\/xi-jinping-enfatiza-melhoria-da-capacidade-de-servicos-humanitarios-em-mensagem-para-cruz-vermelha-da-china\/#article","isPartOf":{"@id":"https:\/\/diariodepe.com.br\/cri\/2024\/11\/29\/xi-jinping-enfatiza-melhoria-da-capacidade-de-servicos-humanitarios-em-mensagem-para-cruz-vermelha-da-china\/"},"author":{"name":"Ismael Lucas S. Pereira","@id":"https:\/\/diariodepe.com.br\/cri\/#\/schema\/person\/121bb28d84f1a5b1205ef4ce9c2e0c6b"},"headline":"Xi Jinping enfatiza melhoria da capacidade de servi\u00e7os humanit\u00e1rios em mensagem para Cruz Vermelha da China","datePublished":"2024-11-29T03:10:39+00:00","mainEntityOfPage":{"@id":"https:\/\/diariodepe.com.br\/cri\/2024\/11\/29\/xi-jinping-enfatiza-melhoria-da-capacidade-de-servicos-humanitarios-em-mensagem-para-cruz-vermelha-da-china\/"},"wordCount":199,"commentCount":0,"publisher":{"@id":"https:\/\/diariodepe.com.br\/cri\/#organization"},"image":{"@id":"https:\/\/diariodepe.com.br\/cri\/2024\/11\/29\/xi-jinping-enfatiza-melhoria-da-capacidade-de-servicos-humanitarios-em-mensagem-para-cruz-vermelha-da-china\/#primaryimage"},"thumbnailUrl":"https:\/\/38picres.cgtn.com\/photoAlbum\/page\/performance\/img\/2024\/10\/9\/1728475329046_165.jpg","articleSection":["China"],"inLanguage":"pt-BR","potentialAction":[{"@type":"CommentAction","name":"Comment","target":["https:\/\/diariodepe.com.br\/cri\/2024\/11\/29\/xi-jinping-enfatiza-melhoria-da-capacidade-de-servicos-humanitarios-em-mensagem-para-cruz-vermelha-da-china\/#respond"]}]},{"@type":"WebPage","@id":"https:\/\/diariodepe.com.br\/cri\/2024\/11\/29\/xi-jinping-enfatiza-melhoria-da-capacidade-de-servicos-humanitarios-em-mensagem-para-cruz-vermelha-da-china\/","url":"https:\/\/diariodepe.com.br\/cri\/2024\/11\/29\/xi-jinping-enfatiza-melhoria-da-capacidade-de-servicos-humanitarios-em-mensagem-para-cruz-vermelha-da-china\/","name":"Xi Jinping enfatiza melhoria da capacidade de servi\u00e7os humanit\u00e1rios em mensagem para Cruz Vermelha da China - CRI e Diario de Pernambuco","isPartOf":{"@id":"https:\/\/diariodepe.com.br\/cri\/#website"},"primaryImageOfPage":{"@id":"https:\/\/diariodepe.com.br\/cri\/2024\/11\/29\/xi-jinping-enfatiza-melhoria-da-capacidade-de-servicos-humanitarios-em-mensagem-para-cruz-vermelha-da-china\/#primaryimage"},"image":{"@id":"https:\/\/diariodepe.com.br\/cri\/2024\/11\/29\/xi-jinping-enfatiza-melhoria-da-capacidade-de-servicos-humanitarios-em-mensagem-para-cruz-vermelha-da-china\/#primaryimage"},"thumbnailUrl":"https:\/\/38picres.cgtn.com\/photoAlbum\/page\/performance\/img\/2024\/10\/9\/1728475329046_165.jpg","datePublished":"2024-11-29T03:10:39+00:00","breadcrumb":{"@id":"https:\/\/diariodepe.com.br\/cri\/2024\/11\/29\/xi-jinping-enfatiza-melhoria-da-capacidade-de-servicos-humanitarios-em-mensagem-para-cruz-vermelha-da-china\/#breadcrumb"},"inLanguage":"pt-BR","potentialAction":[{"@type":"ReadAction","target":["https:\/\/diariodepe.com.br\/cri\/2024\/11\/29\/xi-jinping-enfatiza-melhoria-da-capacidade-de-servicos-humanitarios-em-mensagem-para-cruz-vermelha-da-china\/"]}]},{"@type":"ImageObject","inLanguage":"pt-BR","@id":"https:\/\/diariodepe.com.br\/cri\/2024\/11\/29\/xi-jinping-enfatiza-melhoria-da-capacidade-de-servicos-humanitarios-em-mensagem-para-cruz-vermelha-da-china\/#primaryimage","url":"https:\/\/38picres.cgtn.com\/photoAlbum\/page\/performance\/img\/2024\/10\/9\/1728475329046_165.jpg","contentUrl":"https:\/\/38picres.cgtn.com\/photoAlbum\/page\/performance\/img\/2024\/10\/9\/1728475329046_165.jpg"},{"@type":"BreadcrumbList","@id":"https:\/\/diariodepe.com.br\/cri\/2024\/11\/29\/xi-jinping-enfatiza-melhoria-da-capacidade-de-servicos-humanitarios-em-mensagem-para-cruz-vermelha-da-china\/#breadcrumb","itemListElement":[{"@type":"ListItem","position":1,"name":"In\u00edcio","item":"https:\/\/diariodepe.com.br\/cri\/"},{"@type":"ListItem","position":2,"name":"Xi Jinping enfatiza melhoria da capacidade de servi\u00e7os humanit\u00e1rios em mensagem para Cruz Vermelha da China"}]},{"@type":"WebSite","@id":"https:\/\/diariodepe.com.br\/cri\/#website","url":"https:\/\/diariodepe.com.br\/cri\/","name":"CRI e Diario de Pernambuco","description":"R\u00e1dio Internacional da China","publisher":{"@id":"https:\/\/diariodepe.com.br\/cri\/#organization"},"potentialAction":[{"@type":"SearchAction","target":{"@type":"EntryPoint","urlTemplate":"https:\/\/diariodepe.com.br\/cri\/?s={search_term_string}"},"query-input":{"@type":"PropertyValueSpecification","valueRequired":true,"valueName":"search_term_string"}}],"inLanguage":"pt-BR"},{"@type":"Organization","@id":"https:\/\/diariodepe.com.br\/cri\/#organization","name":"CRI e Diario de Pernambuco","url":"https:\/\/diariodepe.com.br\/cri\/","logo":{"@type":"ImageObject","inLanguage":"pt-BR","@id":"https:\/\/diariodepe.com.br\/cri\/#\/schema\/logo\/image\/","url":"https:\/\/diariodepe.com.br\/cri\/wp-content\/uploads\/sites\/2\/2022\/12\/cropped-Logo.jpg","contentUrl":"https:\/\/diariodepe.com.br\/cri\/wp-content\/uploads\/sites\/2\/2022\/12\/cropped-Logo.jpg","width":700,"height":59,"caption":"CRI e Diario de Pernambuco"},"image":{"@id":"https:\/\/diariodepe.com.br\/cri\/#\/schema\/logo\/image\/"}},{"@type":"Person","@id":"https:\/\/diariodepe.com.br\/cri\/#\/schema\/person\/121bb28d84f1a5b1205ef4ce9c2e0c6b","name":"Ismael Lucas S. Pereira","image":{"@type":"ImageObject","inLanguage":"pt-BR","@id":"https:\/\/secure.gravatar.com\/avatar\/887a0f3b5a7ceea963a48499fb883ffce6b5037362def025c52c2505b15d63e4?s=96&d=mm&r=g","url":"https:\/\/secure.gravatar.com\/avatar\/887a0f3b5a7ceea963a48499fb883ffce6b5037362def025c52c2505b15d63e4?s=96&d=mm&r=g","contentUrl":"https:\/\/secure.gravatar.com\/avatar\/887a0f3b5a7ceea963a48499fb883ffce6b5037362def025c52c2505b15d63e4?s=96&d=mm&r=g","caption":"Ismael Lucas S. Pereira"},"url":"https:\/\/diariodepe.com.br\/cri\/author\/ismael-lucas\/"}]}},"cc_featured_image_caption":{"caption_text":false,"source_text":false,"source_url":false},"amp_enabled":true,"_links":{"self":[{"href":"https:\/\/diariodepe.com.br\/cri\/wp-json\/wp\/v2\/posts\/6926","targetHints":{"allow":["GET"]}}],"collection":[{"href":"https:\/\/diariodepe.com.br\/cri\/wp-json\/wp\/v2\/posts"}],"about":[{"href":"https:\/\/diariodepe.com.br\/cri\/wp-json\/wp\/v2\/types\/post"}],"author":[{"embeddable":true,"href":"https:\/\/diariodepe.com.br\/cri\/wp-json\/wp\/v2\/users\/2"}],"replies":[{"embeddable":true,"href":"https:\/\/diariodepe.com.br\/cri\/wp-json\/wp\/v2\/comments?post=6926"}],"version-history":[{"count":1,"href":"https:\/\/diariodepe.com.br\/cri\/wp-json\/wp\/v2\/posts\/6926\/revisions"}],"predecessor-version":[{"id":6927,"href":"https:\/\/diariodepe.com.br\/cri\/wp-json\/wp\/v2\/posts\/6926\/revisions\/6927"}],"wp:attachment":[{"href":"https:\/\/diariodepe.com.br\/cri\/wp-json\/wp\/v2\/media?parent=6926"}],"wp:term":[{"taxonomy":"category","embeddable":true,"href":"https:\/\/diariodepe.com.br\/cri\/wp-json\/wp\/v2\/categories?post=6926"},{"taxonomy":"post_tag","embeddable":true,"href":"https:\/\/diariodepe.com.br\/cri\/wp-json\/wp\/v2\/tags?post=6926"}],"curies":[{"name":"wp","href":"https:\/\/api.w.org\/{rel}","templated":true}]}}