{"id":6916,"date":"2024-11-23T08:40:55","date_gmt":"2024-11-23T11:40:55","guid":{"rendered":"https:\/\/diariodepe.com.br\/cri\/?p=6916"},"modified":"2024-11-24T04:42:59","modified_gmt":"2024-11-24T07:42:59","slug":"chanceler-chines-resume-a-participacao-do-presidente-xi-jinping-na-31a-reuniao-informal-de-lideres-da-apec-na-19a-cupula-de-lideres-do-g20-e-nas-visitas-de-estado-ao-peru-e-ao-brasil","status":"publish","type":"post","link":"https:\/\/diariodepe.com.br\/cri\/2024\/11\/23\/chanceler-chines-resume-a-participacao-do-presidente-xi-jinping-na-31a-reuniao-informal-de-lideres-da-apec-na-19a-cupula-de-lideres-do-g20-e-nas-visitas-de-estado-ao-peru-e-ao-brasil\/","title":{"rendered":"Chanceler chin\u00eas resume a participa\u00e7\u00e3o do presidente Xi Jinping na 31\u00aa Reuni\u00e3o Informal de L\u00edderes da APEC, na 19\u00aa C\u00fapula de L\u00edderes do G20 e nas visitas de Estado ao Peru e ao Brasil"},"content":{"rendered":"<p data-spm-anchor-id=\"0.0.0.i1\">Do dia 13 ao dia 23 de novembro de 2024, o presidente da China, Xi Jinping, foi convidado a ir ao Peru para participar da 31\u00aa Reuni\u00e3o Informal de L\u00edderes da Coopera\u00e7\u00e3o Econ\u00f4mica \u00c1sia-Pac\u00edfico (APEC) e fazer uma visita de Estado ao pa\u00eds, e ao Brasil para participar da 19\u00aa C\u00fapula dos L\u00edderes do Grupo dos Vinte (G20) e fazer uma visita de Estado.<\/p>\n<p>No final da visita, Wang Yi, membro do Bir\u00f4 Pol\u00edtico do Comit\u00ea Central do Partido Comunista da China e tamb\u00e9m ministro das Rela\u00e7\u00f5es Exteriores, informou sobre a visita aos rep\u00f3rteres que o acompanhavam.<\/p>\n<p>Wang Yi disse que esta \u00e9 a primeira visita do presidente Xi Jinping \u00e0 Am\u00e9rica Latina ap\u00f3s o 20\u00ba Congresso Nacional do Partido Comunista da China (PCCh). Em 11 dias, o presidente Xi Jinping percorreu mais de 40 mil quil\u00f4metros, participou intensamente de cerca de 40 eventos bilaterais e multilaterais e chegou a mais de 60 documentos de coopera\u00e7\u00e3o, enriquecendo novas pr\u00e1ticas na constru\u00e7\u00e3o de uma comunidade com futuro compartilhado para a humanidade e inaugurando um novo dom\u00ednio de diplomacia de grande pa\u00eds com caracter\u00edsticas chinesas na nova era.<\/p>\n<p>A opini\u00e3o p\u00fablica nacional e estrangeira tem prestado muita aten\u00e7\u00e3o e acredita que a viagem do l\u00edder chin\u00eas \u00e0 Am\u00e9rica Latina \u00e9 de grande import\u00e2ncia.<\/p>\n<p>Falando sobre a participa\u00e7\u00e3o do presidente Xi Jinping na 31\u00aa Reuni\u00e3o Informal dos L\u00edderes da APEC, o chanceler do pa\u00eds disse que o presidente participou da Reuni\u00e3o em Lima e fez um discurso por escrito para a C\u00fapula de L\u00edderes Empresariais, no qual ele ressaltou profundamente que a globaliza\u00e7\u00e3o econ\u00f4mica \u00e9 o requisito objetivo do desenvolvimento das for\u00e7as produtivas sociais e o resultado inevit\u00e1vel do progresso cient\u00edfico e tecnol\u00f3gico, e pediu que as economias da \u00c1sia-Pac\u00edfico aderissem ao multilateralismo. Com os esfor\u00e7os conjuntos de todas as partes, a Reuni\u00e3o de Lima adotou um novo documento orientador para a constru\u00e7\u00e3o da Zona de Com\u00e9rcio Livre \u00c1sia-Pac\u00edfico, injetando um novo impulso na promo\u00e7\u00e3o do desenvolvimento econ\u00f4mico mais aberto na \u00c1sia-Pac\u00edfico.<\/p>\n<p>Wang Yi disse que a candidatura da China para sediar a reuni\u00e3o da APEC de 2026 foi apoiada por unanimidade por todas as partes e aprovada pela reuni\u00e3o dos l\u00edderes, o que demonstrou plenamente a responsabilidade hist\u00f3rica do pa\u00eds. A China continuar\u00e1 a dar as m\u00e3os aos parceiros regionais, a aderir ao verdadeiro multilateralismo e ao regionalismo aberto e a construir conjuntamente os pr\u00f3ximos \u201ctrinta anos dourados\u201d de desenvolvimento da \u00c1sia-Pac\u00edfico.<\/p>\n<p>Ao falar sobre a presen\u00e7a do presidente Xi Jinping na 19\u00aa C\u00fapula de L\u00edderes do G20, Wang Yi disse que, com a ades\u00e3o da Uni\u00e3o Africana ao G20 e com a Indon\u00e9sia, a \u00cdndia, o Brasil e a \u00c1frica do Sul ocupando a presid\u00eancia do G20 por quatro anos consecutivos, a governan\u00e7a global deu in\u00edcio a um \u201cmomento do Sul\u201d. A C\u00fapula do G20 no Rio deste ano, com o tema \u201cConstruindo um mundo mais justo e um planeta mais sustent\u00e1vel\u201d e \u201cErradicando a fome e a pobreza\u201d como prioridade m\u00e1xima, reflete a busca e a aspira\u00e7\u00e3o do Sul global de alcan\u00e7ar o desenvolvimento e a prosperidade, e de perseguir o sonho da moderniza\u00e7\u00e3o.<\/p>\n<p>Wang disse que, na c\u00fapula, o l\u00edder da China explicou de forma abrangente e sistem\u00e1tica a vis\u00e3o da China sobre a governan\u00e7a global e anunciou oito a\u00e7\u00f5es de apoio ao desenvolvimento global, o lan\u00e7amento em conjunto da Iniciativa de Coopera\u00e7\u00e3o Internacional em Ci\u00eancia Aberta com o Brasil, a \u00c1frica do Sul e a Uni\u00e3o Africana e a expans\u00e3o do apoio aos pa\u00edses menos desenvolvidos.<\/p>\n<p>O chanceler do pa\u00eds observou que essas importantes iniciativas responderam \u00e0 forte vontade do Sul global de buscar igualdade e promover mudan\u00e7as, e esclareceram a dire\u00e7\u00e3o certa para melhorar a governan\u00e7a global.<\/p>\n<p>Vale a pena mencionar que o presidente Xi Jinping contou vividamente a hist\u00f3ria da erradica\u00e7\u00e3o da pobreza na China \u00e0 luz de sua experi\u00eancia pessoal, ressaltando que o problema da pobreza nos pa\u00edses em desenvolvimento \u00e9 solucion\u00e1vel. A China sempre foi um membro do Sul global e est\u00e1 disposta a trabalhar com outros pa\u00edses para promover o desenvolvimento da ordem internacional em uma dire\u00e7\u00e3o mais justa e racional.<\/p>\n<p>Falando sobre a visita de Estado do presidente Xi Jinping ao Peru, Wang Yi disse que o Peru e a China s\u00e3o \u201cvizinhos\u201d em lados opostos do Oceano Pac\u00edfico, e os dois pa\u00edses t\u00eam la\u00e7os culturais e econ\u00f4micos muito pr\u00f3ximos.<\/p>\n<p>Os dois chefes de Estado avaliaram positivamente o bom desenvolvimento das rela\u00e7\u00f5es bilaterais ao longo de mais de meio s\u00e9culo e testemunharam a assinatura do Protocolo sobre a Atualiza\u00e7\u00e3o do Acordo de Livre Com\u00e9rcio China-Peru e do Plano de Coopera\u00e7\u00e3o China-Peru para a Constru\u00e7\u00e3o Conjunta da Iniciativa Cintur\u00e3o e Rota, que reflete a determina\u00e7\u00e3o e o compromisso dos dois lados em abrir resolutamente sua coopera\u00e7\u00e3o e alcan\u00e7ar benef\u00edcios m\u00fatuos e resultados vantajosos para todos.<\/p>\n<p>O destaque da visita \u00e9 que os dois chefes de Estado participaram da cerim\u00f4nia de abertura do Porto de Chancay por v\u00eddeo. Como um grande projeto das duas na\u00e7\u00f5es para a constru\u00e7\u00e3o Cintur\u00e3o e Rota de alta qualidade, o Porto de Chancay \u00e9 o primeiro porto inteligente e verde da Am\u00e9rica do Sul, o que reduzir\u00e1 muito o tempo de transporte mar\u00edtimo transoce\u00e2nico e criar\u00e1 um grande n\u00famero de empregos. Isso n\u00e3o s\u00f3 trar\u00e1 muitos benef\u00edcios ao Peru, mas tamb\u00e9m ajudar\u00e1 a construir um novo padr\u00e3o de interconex\u00e3o e interoperabilidade tridimensional, diversificado e altamente eficiente.<\/p>\n<p>Ao falar sobre a visita de Estado do presidente Xi Jinping ao Brasil, Wang Yi disse que o Brasil \u00e9 o primeiro pa\u00eds do mundo a estabelecer uma parceria estrat\u00e9gica com a China e o primeiro pa\u00eds latino-americano a estabelecer uma parceria estrat\u00e9gica abrangente com a China. Este ano marca o 50\u00ba anivers\u00e1rio do estabelecimento das rela\u00e7\u00f5es diplom\u00e1ticas entre as duas na\u00e7\u00f5es e, nos \u00faltimos 50 anos, os dois pa\u00edses cooperaram em uma ampla gama de campos, com ricas conota\u00e7\u00f5es e resultados frut\u00edferos, desde a importa\u00e7\u00e3o de soja \u00e0 coopera\u00e7\u00e3o aeroespacial.<\/p>\n<p>Segundo o chanceler da China, os dois pa\u00edses emitiram recentemente o consenso em seis pontos sobre a solu\u00e7\u00e3o pol\u00edtica da crise ucraniana, que recebeu resposta positiva e apoio da comunidade internacional. As rela\u00e7\u00f5es entre a China e o Brasil transcenderam o \u00e2mbito bilateral e demonstraram cada vez mais sua natureza global, estrat\u00e9gica e de longo prazo, e se tornaram um modelo para os pa\u00edses em desenvolvimento trabalharem juntos em solidariedade e coopera\u00e7\u00e3o.<\/p>\n<p>O presidente do Brasil atribui grande import\u00e2ncia a essa visita e, pela primeira vez, realizou uma grande cerim\u00f4nia de boas-vindas em sua resid\u00eancia oficial, com o mais alto protocolo, e organizou uma apresenta\u00e7\u00e3o ao vivo da cl\u00e1ssica can\u00e7\u00e3o folcl\u00f3rica chinesa \u201cMinha P\u00e1tria\u201d por artistas do lado brasileiro. Isso demonstrou a grande import\u00e2ncia que ele atribui \u00e0s rela\u00e7\u00f5es das duas na\u00e7\u00f5es e sua profunda afei\u00e7\u00e3o pelo povo chin\u00eas. Os dois chefes de Estado realizaram interc\u00e2mbios estrat\u00e9gicos profundos e amig\u00e1veis e concordaram que as rela\u00e7\u00f5es entre os dois pa\u00edses haviam entrado no melhor per\u00edodo da hist\u00f3ria. Os dois lados chegaram a um novo consenso estrat\u00e9gico sobre o desenvolvimento futuro das rela\u00e7\u00f5es China-Brasil, assinaram e emitiram uma declara\u00e7\u00e3o conjunta, atualizando o posicionamento das rela\u00e7\u00f5es bilaterais para \u201cdar as m\u00e3os para construir uma comunidade com futuro compartilhado China-Brasil para um mundo mais justo e um planeta mais sustent\u00e1vel\u201d, e decidindo conectar a Iniciativa Cintur\u00e3o e Rota com a estrat\u00e9gia de desenvolvimento do Brasil e aprofundar a coopera\u00e7\u00e3o em \u00e1reas-chave como economia e com\u00e9rcio, finan\u00e7as, ci\u00eancia e tecnologia, infraestrutura, prote\u00e7\u00e3o ambiental e assim por diante. Os dois lados tamb\u00e9m concordaram em continuar trabalhando de perto em mecanismos multilaterais, como as Na\u00e7\u00f5es Unidas, G20 e o BRICS, e em fazer novas contribui\u00e7\u00f5es para a paz e o desenvolvimento mundiais.<\/p>\n<p>Falando sobre as diversas reuni\u00f5es bilaterais durante a visita do presidente Xi Jinping, Wang Yi disse que a que mais chamou a aten\u00e7\u00e3o da comunidade internacional foi a reuni\u00e3o entre os chefes de Estado da China e dos Estados Unidos. Durante a reuni\u00e3o, os dois chefes de Estado enfatizaram a import\u00e2ncia vital das rela\u00e7\u00f5es entre a China e os EUA, destacando que o desenvolvimento est\u00e1vel das rela\u00e7\u00f5es entre a China e os EUA afeta os dois povos e o futuro do destino da humanidade.<\/p>\n<p>Wang Yi observou que a pol\u00edtica da China em rela\u00e7\u00e3o aos Estados Unidos se mant\u00e9m est\u00e1vel e cont\u00ednua. A China est\u00e1 disposta a continuar a manter o di\u00e1logo, gerenciar as diferen\u00e7as e expandir a coopera\u00e7\u00e3o com os EUA, a fim de alcan\u00e7ar um desenvolvimento est\u00e1vel, saud\u00e1vel e sustent\u00e1vel das rela\u00e7\u00f5es entre os dois pa\u00edses e para o benef\u00edcio de ambos os pa\u00edses e do mundo.<\/p>\n<p>Wang Yi disse que o presidente Xi Jinping se reuniu com os l\u00edderes da Fran\u00e7a, Alemanha, Reino Unido e outros grandes pa\u00edses europeus, enfatizando que a China e a Europa devem se olhar sob uma perspectiva estrat\u00e9gica e de longo prazo, aderir ao posicionamento de parceria e se comprometer a resolver adequadamente as diferen\u00e7as por meio de di\u00e1logo e consultas.<\/p>\n<p>Durante sua reuni\u00e3o com os l\u00edderes do Jap\u00e3o, Coreia do Sul, Tail\u00e2ndia, Cingapura e outros pa\u00edses vizinhos, bem como da Nova Zel\u00e2ndia e Austr\u00e1lia, o presidente Xi Jinping descreveu o desenvolvimento de alta qualidade da China e a abertura de alto n\u00edvel do pa\u00eds que proporcionar\u00e1 novas oportunidades para os pa\u00edses da regi\u00e3o.<\/p>\n<p>Durante sua reuni\u00e3o com l\u00edderes do M\u00e9xico, Chile, Argentina, Bol\u00edvia e outros pa\u00edses latino-americanos, o presidente Xi Jinping enfatizou que a China est\u00e1 disposta a fortalecer o acoplamento de estrat\u00e9gias de desenvolvimento com o lado latino-americano e enriquecer continuamente a conota\u00e7\u00e3o e a pr\u00e1tica de uma comunidade com futuro compartilhado China-Am\u00e9rica Latina.<\/p>\n<p>Os l\u00edderes estrangeiros avaliaram positivamente as conquistas de desenvolvimento da China, apreciaram a ades\u00e3o da China ao multilateralismo e suas importantes contribui\u00e7\u00f5es para a paz, a estabilidade e o desenvolvimento regional e mundial. Disseram tamb\u00e9m que est\u00e3o firmemente comprometidos com a pol\u00edtica de \u201cUma s\u00f3 China\u201d e esperam que a China desempenhe um papel maior nos assuntos internacionais e regionais.<\/p>\n<p>Durante a visita, o presidente do pa\u00eds tamb\u00e9m apresentou o esp\u00edrito da 3\u00aa Sess\u00e3o Plen\u00e1ria do 20\u00ba Comit\u00ea Central do PCCh, dando as boas-vindas a todas as partes para que cooperem com o pa\u00eds asi\u00e1tico, compartilhem as oportunidades de desenvolvimento e fa\u00e7am esfor\u00e7os conjuntos para realizar a moderniza\u00e7\u00e3o de todos os pa\u00edses do mundo com desenvolvimento pac\u00edfico, benef\u00edcio e coopera\u00e7\u00e3o m\u00fatuos e prosperidade comum.<\/p>\n<p>Wang Yi disse que este ano coincide com o 10\u00ba anivers\u00e1rio da proposta do presidente Xi Jinping de construir uma comunidade com futuro compartilhado entre a China e a Am\u00e9rica Latina. A visita do presidente Xi Jinping mostra que o conceito da comunidade com futuro compartilhado criou ra\u00edzes e floresceu no continente sul-americano, marcando a coopera\u00e7\u00e3o abrangente da Iniciativa Cintur\u00e3o e Rota na regi\u00e3o latino-americana.<\/p>\n<p>Wang Yi concluiu que, h\u00e1 10 anos, o presidente Xi Jinping fez um importante discurso na Confer\u00eancia Central de Trabalho Relacionado aos Assuntos Exteriores, ressaltando que a China deve ter suas pr\u00f3prias caracter\u00edsticas de diplomacia de grande pot\u00eancia. H\u00e1 10 anos, sob a orienta\u00e7\u00e3o correta do pensamento de Xi Jinping sobre diplomacia, a China sempre ergueu a bandeira de uma comunidade com futuro compartilhado para a humanidade, e a influ\u00eancia internacional continua a crescer. A comunidade internacional, especialmente o grande n\u00famero de pa\u00edses em desenvolvimento, aprofundou seu reconhecimento conceitual e emocional do socialismo com caracter\u00edsticas chinesas.<\/p>\n","protected":false},"excerpt":{"rendered":"<p>Do dia 13 ao dia 23 de novembro de 2024, o presidente da China, Xi Jinping, foi convidado a ir ao Peru para participar da 31\u00aa Reuni\u00e3o Informal de L\u00edderes da Coopera\u00e7\u00e3o Econ\u00f4mica \u00c1sia-Pac\u00edfico (APEC) e fazer uma visita de&#8230;<\/p>\n","protected":false},"author":2,"featured_media":0,"comment_status":"open","ping_status":"open","sticky":false,"template":"","format":"standard","meta":{"footnotes":""},"categories":[3],"tags":[],"class_list":["post-6916","post","type-post","status-publish","format-standard","hentry","category-china"],"yoast_head":"<!-- This site is optimized with the Yoast SEO plugin v27.4 - https:\/\/yoast.com\/product\/yoast-seo-wordpress\/ -->\n<title>Chanceler chin\u00eas resume a participa\u00e7\u00e3o do presidente Xi Jinping na 31\u00aa Reuni\u00e3o Informal de L\u00edderes da APEC, na 19\u00aa C\u00fapula de L\u00edderes do G20 e nas visitas de Estado ao Peru e ao Brasil - CRI e Diario de Pernambuco<\/title>\n<meta name=\"robots\" content=\"index, follow, max-snippet:-1, max-image-preview:large, max-video-preview:-1\" \/>\n<link rel=\"canonical\" href=\"https:\/\/diariodepe.com.br\/cri\/2024\/11\/23\/chanceler-chines-resume-a-participacao-do-presidente-xi-jinping-na-31a-reuniao-informal-de-lideres-da-apec-na-19a-cupula-de-lideres-do-g20-e-nas-visitas-de-estado-ao-peru-e-ao-brasil\/\" \/>\n<meta property=\"og:locale\" content=\"pt_BR\" \/>\n<meta property=\"og:type\" content=\"article\" \/>\n<meta property=\"og:title\" content=\"Chanceler chin\u00eas resume a participa\u00e7\u00e3o do presidente Xi Jinping na 31\u00aa Reuni\u00e3o Informal de L\u00edderes da APEC, na 19\u00aa C\u00fapula de L\u00edderes do G20 e nas visitas de Estado ao Peru e ao Brasil - CRI e Diario de Pernambuco\" \/>\n<meta property=\"og:description\" content=\"Do dia 13 ao dia 23 de novembro de 2024, o presidente da China, Xi Jinping, foi convidado a ir ao Peru para participar da 31\u00aa Reuni\u00e3o Informal de L\u00edderes da Coopera\u00e7\u00e3o Econ\u00f4mica \u00c1sia-Pac\u00edfico (APEC) e fazer uma visita de...\" \/>\n<meta property=\"og:url\" content=\"https:\/\/diariodepe.com.br\/cri\/2024\/11\/23\/chanceler-chines-resume-a-participacao-do-presidente-xi-jinping-na-31a-reuniao-informal-de-lideres-da-apec-na-19a-cupula-de-lideres-do-g20-e-nas-visitas-de-estado-ao-peru-e-ao-brasil\/\" \/>\n<meta property=\"og:site_name\" content=\"CRI e Diario de Pernambuco\" \/>\n<meta property=\"article:published_time\" content=\"2024-11-23T11:40:55+00:00\" \/>\n<meta property=\"article:modified_time\" content=\"2024-11-24T07:42:59+00:00\" \/>\n<meta name=\"author\" content=\"Ismael Lucas S. Pereira\" \/>\n<meta name=\"twitter:card\" content=\"summary_large_image\" \/>\n<meta name=\"twitter:label1\" content=\"Escrito por\" \/>\n\t<meta name=\"twitter:data1\" content=\"Ismael Lucas S. Pereira\" \/>\n\t<meta name=\"twitter:label2\" content=\"Est. tempo de leitura\" \/>\n\t<meta name=\"twitter:data2\" content=\"11 minutos\" \/>\n<script type=\"application\/ld+json\" class=\"yoast-schema-graph\">{\"@context\":\"https:\\\/\\\/schema.org\",\"@graph\":[{\"@type\":\"Article\",\"@id\":\"https:\\\/\\\/diariodepe.com.br\\\/cri\\\/2024\\\/11\\\/23\\\/chanceler-chines-resume-a-participacao-do-presidente-xi-jinping-na-31a-reuniao-informal-de-lideres-da-apec-na-19a-cupula-de-lideres-do-g20-e-nas-visitas-de-estado-ao-peru-e-ao-brasil\\\/#article\",\"isPartOf\":{\"@id\":\"https:\\\/\\\/diariodepe.com.br\\\/cri\\\/2024\\\/11\\\/23\\\/chanceler-chines-resume-a-participacao-do-presidente-xi-jinping-na-31a-reuniao-informal-de-lideres-da-apec-na-19a-cupula-de-lideres-do-g20-e-nas-visitas-de-estado-ao-peru-e-ao-brasil\\\/\"},\"author\":{\"name\":\"Ismael Lucas S. Pereira\",\"@id\":\"https:\\\/\\\/diariodepe.com.br\\\/cri\\\/#\\\/schema\\\/person\\\/121bb28d84f1a5b1205ef4ce9c2e0c6b\"},\"headline\":\"Chanceler chin\u00eas resume a participa\u00e7\u00e3o do presidente Xi Jinping na 31\u00aa Reuni\u00e3o Informal de L\u00edderes da APEC, na 19\u00aa C\u00fapula de L\u00edderes do G20 e nas visitas de Estado ao Peru e ao Brasil\",\"datePublished\":\"2024-11-23T11:40:55+00:00\",\"dateModified\":\"2024-11-24T07:42:59+00:00\",\"mainEntityOfPage\":{\"@id\":\"https:\\\/\\\/diariodepe.com.br\\\/cri\\\/2024\\\/11\\\/23\\\/chanceler-chines-resume-a-participacao-do-presidente-xi-jinping-na-31a-reuniao-informal-de-lideres-da-apec-na-19a-cupula-de-lideres-do-g20-e-nas-visitas-de-estado-ao-peru-e-ao-brasil\\\/\"},\"wordCount\":2139,\"commentCount\":0,\"publisher\":{\"@id\":\"https:\\\/\\\/diariodepe.com.br\\\/cri\\\/#organization\"},\"articleSection\":[\"China\"],\"inLanguage\":\"pt-BR\",\"potentialAction\":[{\"@type\":\"CommentAction\",\"name\":\"Comment\",\"target\":[\"https:\\\/\\\/diariodepe.com.br\\\/cri\\\/2024\\\/11\\\/23\\\/chanceler-chines-resume-a-participacao-do-presidente-xi-jinping-na-31a-reuniao-informal-de-lideres-da-apec-na-19a-cupula-de-lideres-do-g20-e-nas-visitas-de-estado-ao-peru-e-ao-brasil\\\/#respond\"]}]},{\"@type\":\"WebPage\",\"@id\":\"https:\\\/\\\/diariodepe.com.br\\\/cri\\\/2024\\\/11\\\/23\\\/chanceler-chines-resume-a-participacao-do-presidente-xi-jinping-na-31a-reuniao-informal-de-lideres-da-apec-na-19a-cupula-de-lideres-do-g20-e-nas-visitas-de-estado-ao-peru-e-ao-brasil\\\/\",\"url\":\"https:\\\/\\\/diariodepe.com.br\\\/cri\\\/2024\\\/11\\\/23\\\/chanceler-chines-resume-a-participacao-do-presidente-xi-jinping-na-31a-reuniao-informal-de-lideres-da-apec-na-19a-cupula-de-lideres-do-g20-e-nas-visitas-de-estado-ao-peru-e-ao-brasil\\\/\",\"name\":\"Chanceler chin\u00eas resume a participa\u00e7\u00e3o do presidente Xi Jinping na 31\u00aa Reuni\u00e3o Informal de L\u00edderes da APEC, na 19\u00aa C\u00fapula de L\u00edderes do G20 e nas visitas de Estado ao Peru e ao Brasil - CRI e Diario de Pernambuco\",\"isPartOf\":{\"@id\":\"https:\\\/\\\/diariodepe.com.br\\\/cri\\\/#website\"},\"datePublished\":\"2024-11-23T11:40:55+00:00\",\"dateModified\":\"2024-11-24T07:42:59+00:00\",\"breadcrumb\":{\"@id\":\"https:\\\/\\\/diariodepe.com.br\\\/cri\\\/2024\\\/11\\\/23\\\/chanceler-chines-resume-a-participacao-do-presidente-xi-jinping-na-31a-reuniao-informal-de-lideres-da-apec-na-19a-cupula-de-lideres-do-g20-e-nas-visitas-de-estado-ao-peru-e-ao-brasil\\\/#breadcrumb\"},\"inLanguage\":\"pt-BR\",\"potentialAction\":[{\"@type\":\"ReadAction\",\"target\":[\"https:\\\/\\\/diariodepe.com.br\\\/cri\\\/2024\\\/11\\\/23\\\/chanceler-chines-resume-a-participacao-do-presidente-xi-jinping-na-31a-reuniao-informal-de-lideres-da-apec-na-19a-cupula-de-lideres-do-g20-e-nas-visitas-de-estado-ao-peru-e-ao-brasil\\\/\"]}]},{\"@type\":\"BreadcrumbList\",\"@id\":\"https:\\\/\\\/diariodepe.com.br\\\/cri\\\/2024\\\/11\\\/23\\\/chanceler-chines-resume-a-participacao-do-presidente-xi-jinping-na-31a-reuniao-informal-de-lideres-da-apec-na-19a-cupula-de-lideres-do-g20-e-nas-visitas-de-estado-ao-peru-e-ao-brasil\\\/#breadcrumb\",\"itemListElement\":[{\"@type\":\"ListItem\",\"position\":1,\"name\":\"In\u00edcio\",\"item\":\"https:\\\/\\\/diariodepe.com.br\\\/cri\\\/\"},{\"@type\":\"ListItem\",\"position\":2,\"name\":\"Chanceler chin\u00eas resume a participa\u00e7\u00e3o do presidente Xi Jinping na 31\u00aa Reuni\u00e3o Informal de L\u00edderes da APEC, na 19\u00aa C\u00fapula de L\u00edderes do G20 e nas visitas de Estado ao Peru e ao Brasil\"}]},{\"@type\":\"WebSite\",\"@id\":\"https:\\\/\\\/diariodepe.com.br\\\/cri\\\/#website\",\"url\":\"https:\\\/\\\/diariodepe.com.br\\\/cri\\\/\",\"name\":\"CRI e Diario de Pernambuco\",\"description\":\"R\u00e1dio Internacional da China\",\"publisher\":{\"@id\":\"https:\\\/\\\/diariodepe.com.br\\\/cri\\\/#organization\"},\"potentialAction\":[{\"@type\":\"SearchAction\",\"target\":{\"@type\":\"EntryPoint\",\"urlTemplate\":\"https:\\\/\\\/diariodepe.com.br\\\/cri\\\/?s={search_term_string}\"},\"query-input\":{\"@type\":\"PropertyValueSpecification\",\"valueRequired\":true,\"valueName\":\"search_term_string\"}}],\"inLanguage\":\"pt-BR\"},{\"@type\":\"Organization\",\"@id\":\"https:\\\/\\\/diariodepe.com.br\\\/cri\\\/#organization\",\"name\":\"CRI e Diario de Pernambuco\",\"url\":\"https:\\\/\\\/diariodepe.com.br\\\/cri\\\/\",\"logo\":{\"@type\":\"ImageObject\",\"inLanguage\":\"pt-BR\",\"@id\":\"https:\\\/\\\/diariodepe.com.br\\\/cri\\\/#\\\/schema\\\/logo\\\/image\\\/\",\"url\":\"https:\\\/\\\/diariodepe.com.br\\\/cri\\\/wp-content\\\/uploads\\\/sites\\\/2\\\/2022\\\/12\\\/cropped-Logo.jpg\",\"contentUrl\":\"https:\\\/\\\/diariodepe.com.br\\\/cri\\\/wp-content\\\/uploads\\\/sites\\\/2\\\/2022\\\/12\\\/cropped-Logo.jpg\",\"width\":700,\"height\":59,\"caption\":\"CRI e Diario de Pernambuco\"},\"image\":{\"@id\":\"https:\\\/\\\/diariodepe.com.br\\\/cri\\\/#\\\/schema\\\/logo\\\/image\\\/\"}},{\"@type\":\"Person\",\"@id\":\"https:\\\/\\\/diariodepe.com.br\\\/cri\\\/#\\\/schema\\\/person\\\/121bb28d84f1a5b1205ef4ce9c2e0c6b\",\"name\":\"Ismael Lucas S. Pereira\",\"image\":{\"@type\":\"ImageObject\",\"inLanguage\":\"pt-BR\",\"@id\":\"https:\\\/\\\/secure.gravatar.com\\\/avatar\\\/887a0f3b5a7ceea963a48499fb883ffce6b5037362def025c52c2505b15d63e4?s=96&d=mm&r=g\",\"url\":\"https:\\\/\\\/secure.gravatar.com\\\/avatar\\\/887a0f3b5a7ceea963a48499fb883ffce6b5037362def025c52c2505b15d63e4?s=96&d=mm&r=g\",\"contentUrl\":\"https:\\\/\\\/secure.gravatar.com\\\/avatar\\\/887a0f3b5a7ceea963a48499fb883ffce6b5037362def025c52c2505b15d63e4?s=96&d=mm&r=g\",\"caption\":\"Ismael Lucas S. Pereira\"},\"url\":\"https:\\\/\\\/diariodepe.com.br\\\/cri\\\/author\\\/ismael-lucas\\\/\"}]}<\/script>\n<!-- \/ Yoast SEO plugin. -->","yoast_head_json":{"title":"Chanceler chin\u00eas resume a participa\u00e7\u00e3o do presidente Xi Jinping na 31\u00aa Reuni\u00e3o Informal de L\u00edderes da APEC, na 19\u00aa C\u00fapula de L\u00edderes do G20 e nas visitas de Estado ao Peru e ao Brasil - CRI e Diario de Pernambuco","robots":{"index":"index","follow":"follow","max-snippet":"max-snippet:-1","max-image-preview":"max-image-preview:large","max-video-preview":"max-video-preview:-1"},"canonical":"https:\/\/diariodepe.com.br\/cri\/2024\/11\/23\/chanceler-chines-resume-a-participacao-do-presidente-xi-jinping-na-31a-reuniao-informal-de-lideres-da-apec-na-19a-cupula-de-lideres-do-g20-e-nas-visitas-de-estado-ao-peru-e-ao-brasil\/","og_locale":"pt_BR","og_type":"article","og_title":"Chanceler chin\u00eas resume a participa\u00e7\u00e3o do presidente Xi Jinping na 31\u00aa Reuni\u00e3o Informal de L\u00edderes da APEC, na 19\u00aa C\u00fapula de L\u00edderes do G20 e nas visitas de Estado ao Peru e ao Brasil - CRI e Diario de Pernambuco","og_description":"Do dia 13 ao dia 23 de novembro de 2024, o presidente da China, Xi Jinping, foi convidado a ir ao Peru para participar da 31\u00aa Reuni\u00e3o Informal de L\u00edderes da Coopera\u00e7\u00e3o Econ\u00f4mica \u00c1sia-Pac\u00edfico (APEC) e fazer uma visita de...","og_url":"https:\/\/diariodepe.com.br\/cri\/2024\/11\/23\/chanceler-chines-resume-a-participacao-do-presidente-xi-jinping-na-31a-reuniao-informal-de-lideres-da-apec-na-19a-cupula-de-lideres-do-g20-e-nas-visitas-de-estado-ao-peru-e-ao-brasil\/","og_site_name":"CRI e Diario de Pernambuco","article_published_time":"2024-11-23T11:40:55+00:00","article_modified_time":"2024-11-24T07:42:59+00:00","author":"Ismael Lucas S. Pereira","twitter_card":"summary_large_image","twitter_misc":{"Escrito por":"Ismael Lucas S. Pereira","Est. tempo de leitura":"11 minutos"},"schema":{"@context":"https:\/\/schema.org","@graph":[{"@type":"Article","@id":"https:\/\/diariodepe.com.br\/cri\/2024\/11\/23\/chanceler-chines-resume-a-participacao-do-presidente-xi-jinping-na-31a-reuniao-informal-de-lideres-da-apec-na-19a-cupula-de-lideres-do-g20-e-nas-visitas-de-estado-ao-peru-e-ao-brasil\/#article","isPartOf":{"@id":"https:\/\/diariodepe.com.br\/cri\/2024\/11\/23\/chanceler-chines-resume-a-participacao-do-presidente-xi-jinping-na-31a-reuniao-informal-de-lideres-da-apec-na-19a-cupula-de-lideres-do-g20-e-nas-visitas-de-estado-ao-peru-e-ao-brasil\/"},"author":{"name":"Ismael Lucas S. Pereira","@id":"https:\/\/diariodepe.com.br\/cri\/#\/schema\/person\/121bb28d84f1a5b1205ef4ce9c2e0c6b"},"headline":"Chanceler chin\u00eas resume a participa\u00e7\u00e3o do presidente Xi Jinping na 31\u00aa Reuni\u00e3o Informal de L\u00edderes da APEC, na 19\u00aa C\u00fapula de L\u00edderes do G20 e nas visitas de Estado ao Peru e ao Brasil","datePublished":"2024-11-23T11:40:55+00:00","dateModified":"2024-11-24T07:42:59+00:00","mainEntityOfPage":{"@id":"https:\/\/diariodepe.com.br\/cri\/2024\/11\/23\/chanceler-chines-resume-a-participacao-do-presidente-xi-jinping-na-31a-reuniao-informal-de-lideres-da-apec-na-19a-cupula-de-lideres-do-g20-e-nas-visitas-de-estado-ao-peru-e-ao-brasil\/"},"wordCount":2139,"commentCount":0,"publisher":{"@id":"https:\/\/diariodepe.com.br\/cri\/#organization"},"articleSection":["China"],"inLanguage":"pt-BR","potentialAction":[{"@type":"CommentAction","name":"Comment","target":["https:\/\/diariodepe.com.br\/cri\/2024\/11\/23\/chanceler-chines-resume-a-participacao-do-presidente-xi-jinping-na-31a-reuniao-informal-de-lideres-da-apec-na-19a-cupula-de-lideres-do-g20-e-nas-visitas-de-estado-ao-peru-e-ao-brasil\/#respond"]}]},{"@type":"WebPage","@id":"https:\/\/diariodepe.com.br\/cri\/2024\/11\/23\/chanceler-chines-resume-a-participacao-do-presidente-xi-jinping-na-31a-reuniao-informal-de-lideres-da-apec-na-19a-cupula-de-lideres-do-g20-e-nas-visitas-de-estado-ao-peru-e-ao-brasil\/","url":"https:\/\/diariodepe.com.br\/cri\/2024\/11\/23\/chanceler-chines-resume-a-participacao-do-presidente-xi-jinping-na-31a-reuniao-informal-de-lideres-da-apec-na-19a-cupula-de-lideres-do-g20-e-nas-visitas-de-estado-ao-peru-e-ao-brasil\/","name":"Chanceler chin\u00eas resume a participa\u00e7\u00e3o do presidente Xi Jinping na 31\u00aa Reuni\u00e3o Informal de L\u00edderes da APEC, na 19\u00aa C\u00fapula de L\u00edderes do G20 e nas visitas de Estado ao Peru e ao Brasil - CRI e Diario de Pernambuco","isPartOf":{"@id":"https:\/\/diariodepe.com.br\/cri\/#website"},"datePublished":"2024-11-23T11:40:55+00:00","dateModified":"2024-11-24T07:42:59+00:00","breadcrumb":{"@id":"https:\/\/diariodepe.com.br\/cri\/2024\/11\/23\/chanceler-chines-resume-a-participacao-do-presidente-xi-jinping-na-31a-reuniao-informal-de-lideres-da-apec-na-19a-cupula-de-lideres-do-g20-e-nas-visitas-de-estado-ao-peru-e-ao-brasil\/#breadcrumb"},"inLanguage":"pt-BR","potentialAction":[{"@type":"ReadAction","target":["https:\/\/diariodepe.com.br\/cri\/2024\/11\/23\/chanceler-chines-resume-a-participacao-do-presidente-xi-jinping-na-31a-reuniao-informal-de-lideres-da-apec-na-19a-cupula-de-lideres-do-g20-e-nas-visitas-de-estado-ao-peru-e-ao-brasil\/"]}]},{"@type":"BreadcrumbList","@id":"https:\/\/diariodepe.com.br\/cri\/2024\/11\/23\/chanceler-chines-resume-a-participacao-do-presidente-xi-jinping-na-31a-reuniao-informal-de-lideres-da-apec-na-19a-cupula-de-lideres-do-g20-e-nas-visitas-de-estado-ao-peru-e-ao-brasil\/#breadcrumb","itemListElement":[{"@type":"ListItem","position":1,"name":"In\u00edcio","item":"https:\/\/diariodepe.com.br\/cri\/"},{"@type":"ListItem","position":2,"name":"Chanceler chin\u00eas resume a participa\u00e7\u00e3o do presidente Xi Jinping na 31\u00aa Reuni\u00e3o Informal de L\u00edderes da APEC, na 19\u00aa C\u00fapula de L\u00edderes do G20 e nas visitas de Estado ao Peru e ao Brasil"}]},{"@type":"WebSite","@id":"https:\/\/diariodepe.com.br\/cri\/#website","url":"https:\/\/diariodepe.com.br\/cri\/","name":"CRI e Diario de Pernambuco","description":"R\u00e1dio Internacional da China","publisher":{"@id":"https:\/\/diariodepe.com.br\/cri\/#organization"},"potentialAction":[{"@type":"SearchAction","target":{"@type":"EntryPoint","urlTemplate":"https:\/\/diariodepe.com.br\/cri\/?s={search_term_string}"},"query-input":{"@type":"PropertyValueSpecification","valueRequired":true,"valueName":"search_term_string"}}],"inLanguage":"pt-BR"},{"@type":"Organization","@id":"https:\/\/diariodepe.com.br\/cri\/#organization","name":"CRI e Diario de Pernambuco","url":"https:\/\/diariodepe.com.br\/cri\/","logo":{"@type":"ImageObject","inLanguage":"pt-BR","@id":"https:\/\/diariodepe.com.br\/cri\/#\/schema\/logo\/image\/","url":"https:\/\/diariodepe.com.br\/cri\/wp-content\/uploads\/sites\/2\/2022\/12\/cropped-Logo.jpg","contentUrl":"https:\/\/diariodepe.com.br\/cri\/wp-content\/uploads\/sites\/2\/2022\/12\/cropped-Logo.jpg","width":700,"height":59,"caption":"CRI e Diario de Pernambuco"},"image":{"@id":"https:\/\/diariodepe.com.br\/cri\/#\/schema\/logo\/image\/"}},{"@type":"Person","@id":"https:\/\/diariodepe.com.br\/cri\/#\/schema\/person\/121bb28d84f1a5b1205ef4ce9c2e0c6b","name":"Ismael Lucas S. Pereira","image":{"@type":"ImageObject","inLanguage":"pt-BR","@id":"https:\/\/secure.gravatar.com\/avatar\/887a0f3b5a7ceea963a48499fb883ffce6b5037362def025c52c2505b15d63e4?s=96&d=mm&r=g","url":"https:\/\/secure.gravatar.com\/avatar\/887a0f3b5a7ceea963a48499fb883ffce6b5037362def025c52c2505b15d63e4?s=96&d=mm&r=g","contentUrl":"https:\/\/secure.gravatar.com\/avatar\/887a0f3b5a7ceea963a48499fb883ffce6b5037362def025c52c2505b15d63e4?s=96&d=mm&r=g","caption":"Ismael Lucas S. Pereira"},"url":"https:\/\/diariodepe.com.br\/cri\/author\/ismael-lucas\/"}]}},"cc_featured_image_caption":{"caption_text":false,"source_text":false,"source_url":false},"amp_enabled":true,"_links":{"self":[{"href":"https:\/\/diariodepe.com.br\/cri\/wp-json\/wp\/v2\/posts\/6916","targetHints":{"allow":["GET"]}}],"collection":[{"href":"https:\/\/diariodepe.com.br\/cri\/wp-json\/wp\/v2\/posts"}],"about":[{"href":"https:\/\/diariodepe.com.br\/cri\/wp-json\/wp\/v2\/types\/post"}],"author":[{"embeddable":true,"href":"https:\/\/diariodepe.com.br\/cri\/wp-json\/wp\/v2\/users\/2"}],"replies":[{"embeddable":true,"href":"https:\/\/diariodepe.com.br\/cri\/wp-json\/wp\/v2\/comments?post=6916"}],"version-history":[{"count":1,"href":"https:\/\/diariodepe.com.br\/cri\/wp-json\/wp\/v2\/posts\/6916\/revisions"}],"predecessor-version":[{"id":6917,"href":"https:\/\/diariodepe.com.br\/cri\/wp-json\/wp\/v2\/posts\/6916\/revisions\/6917"}],"wp:attachment":[{"href":"https:\/\/diariodepe.com.br\/cri\/wp-json\/wp\/v2\/media?parent=6916"}],"wp:term":[{"taxonomy":"category","embeddable":true,"href":"https:\/\/diariodepe.com.br\/cri\/wp-json\/wp\/v2\/categories?post=6916"},{"taxonomy":"post_tag","embeddable":true,"href":"https:\/\/diariodepe.com.br\/cri\/wp-json\/wp\/v2\/tags?post=6916"}],"curies":[{"name":"wp","href":"https:\/\/api.w.org\/{rel}","templated":true}]}}