{"id":6907,"date":"2024-11-22T06:39:30","date_gmt":"2024-11-22T09:39:30","guid":{"rendered":"https:\/\/diariodepe.com.br\/cri\/?p=6907"},"modified":"2024-11-22T06:39:30","modified_gmt":"2024-11-22T09:39:30","slug":"programa-de-cooperacao-de-think-tank-da-conferencia-mundial-da-internet-e-lancado-na-cupula-wuzhen","status":"publish","type":"post","link":"https:\/\/diariodepe.com.br\/cri\/2024\/11\/22\/programa-de-cooperacao-de-think-tank-da-conferencia-mundial-da-internet-e-lancado-na-cupula-wuzhen\/","title":{"rendered":"Programa de Coopera\u00e7\u00e3o de Think-tank da Confer\u00eancia Mundial da Internet \u00e9 lan\u00e7ado na C\u00fapula Wuzhen"},"content":{"rendered":"<p data-spm-anchor-id=\"0.0.0.i1\">O Programa de Coopera\u00e7\u00e3o de Think-tank da Confer\u00eancia Mundial da Internet (WIC, na sigla em ingl\u00eas) foi lan\u00e7ado nesta quarta-feira (20) durante a C\u00fapula Wuzhen de 2024.<\/p>\n<p>A iniciativa incorpora think-tanks de 60 entidades da WIC e do setor cibern\u00e9tico global, abrangendo \u00e1reas como internet, intelig\u00eancia artificial, big data, comunica\u00e7\u00e3o e computa\u00e7\u00e3o em nuvem, al\u00e9m dos dom\u00ednios de pesquisas sobre economia digital, cultura cibern\u00e9tica, governan\u00e7a internacional do ciberespa\u00e7o e seguran\u00e7a da internet.<\/p>\n<p>O programa visa criar uma plataforma institucionalizada e regular de interc\u00e2mbio e di\u00e1logo sobre a internet no mundo e promover atividades como interc\u00e2mbios, pesquisas e simp\u00f3sios acerca dos temas como inova\u00e7\u00e3o tecnol\u00f3gica, desenvolvimento industrial e governan\u00e7a de seguran\u00e7a do setor cibern\u00e9tico.<\/p>\n<p>A reuni\u00e3o inaugural do Comit\u00ea Especializado da Intelig\u00eancia Artificial da WIC foi realizada no mesmo dia em Wuzhen. Este \u00e9 o primeiro ramo profissional e regular estabelecido pela WIC. O primeiro comit\u00ea tem mais de 170 membros e estabeleceu planos de promo\u00e7\u00e3o de padr\u00f5es, de promo\u00e7\u00e3o de seguran\u00e7a e governan\u00e7a, e de promo\u00e7\u00e3o da ind\u00fastria.<\/p>\n","protected":false},"excerpt":{"rendered":"<p>O Programa de Coopera\u00e7\u00e3o de Think-tank da Confer\u00eancia Mundial da Internet (WIC, na sigla em ingl\u00eas) foi lan\u00e7ado nesta quarta-feira (20) durante a C\u00fapula Wuzhen de 2024. A iniciativa incorpora think-tanks de 60 entidades da WIC e do setor cibern\u00e9tico&#8230;<\/p>\n","protected":false},"author":2,"featured_media":0,"comment_status":"open","ping_status":"open","sticky":false,"template":"","format":"standard","meta":{"footnotes":""},"categories":[3],"tags":[],"class_list":["post-6907","post","type-post","status-publish","format-standard","hentry","category-china"],"yoast_head":"<!-- This site is optimized with the Yoast SEO plugin v27.4 - https:\/\/yoast.com\/product\/yoast-seo-wordpress\/ -->\n<title>Programa de Coopera\u00e7\u00e3o de Think-tank da Confer\u00eancia Mundial da Internet \u00e9 lan\u00e7ado na C\u00fapula Wuzhen - CRI e Diario de Pernambuco<\/title>\n<meta name=\"robots\" content=\"index, follow, max-snippet:-1, max-image-preview:large, max-video-preview:-1\" \/>\n<link rel=\"canonical\" href=\"https:\/\/diariodepe.com.br\/cri\/2024\/11\/22\/programa-de-cooperacao-de-think-tank-da-conferencia-mundial-da-internet-e-lancado-na-cupula-wuzhen\/\" \/>\n<meta property=\"og:locale\" content=\"pt_BR\" \/>\n<meta property=\"og:type\" content=\"article\" \/>\n<meta property=\"og:title\" content=\"Programa de Coopera\u00e7\u00e3o de Think-tank da Confer\u00eancia Mundial da Internet \u00e9 lan\u00e7ado na C\u00fapula Wuzhen - CRI e Diario de Pernambuco\" \/>\n<meta property=\"og:description\" content=\"O Programa de Coopera\u00e7\u00e3o de Think-tank da Confer\u00eancia Mundial da Internet (WIC, na sigla em ingl\u00eas) foi lan\u00e7ado nesta quarta-feira (20) durante a C\u00fapula Wuzhen de 2024. A iniciativa incorpora think-tanks de 60 entidades da WIC e do setor cibern\u00e9tico...\" \/>\n<meta property=\"og:url\" content=\"https:\/\/diariodepe.com.br\/cri\/2024\/11\/22\/programa-de-cooperacao-de-think-tank-da-conferencia-mundial-da-internet-e-lancado-na-cupula-wuzhen\/\" \/>\n<meta property=\"og:site_name\" content=\"CRI e Diario de Pernambuco\" \/>\n<meta property=\"article:published_time\" content=\"2024-11-22T09:39:30+00:00\" \/>\n<meta name=\"author\" content=\"Ismael Lucas S. Pereira\" \/>\n<meta name=\"twitter:card\" content=\"summary_large_image\" \/>\n<meta name=\"twitter:label1\" content=\"Escrito por\" \/>\n\t<meta name=\"twitter:data1\" content=\"Ismael Lucas S. Pereira\" \/>\n\t<meta name=\"twitter:label2\" content=\"Est. tempo de leitura\" \/>\n\t<meta name=\"twitter:data2\" content=\"1 minuto\" \/>\n<script type=\"application\/ld+json\" class=\"yoast-schema-graph\">{\"@context\":\"https:\\\/\\\/schema.org\",\"@graph\":[{\"@type\":\"Article\",\"@id\":\"https:\\\/\\\/diariodepe.com.br\\\/cri\\\/2024\\\/11\\\/22\\\/programa-de-cooperacao-de-think-tank-da-conferencia-mundial-da-internet-e-lancado-na-cupula-wuzhen\\\/#article\",\"isPartOf\":{\"@id\":\"https:\\\/\\\/diariodepe.com.br\\\/cri\\\/2024\\\/11\\\/22\\\/programa-de-cooperacao-de-think-tank-da-conferencia-mundial-da-internet-e-lancado-na-cupula-wuzhen\\\/\"},\"author\":{\"name\":\"Ismael Lucas S. Pereira\",\"@id\":\"https:\\\/\\\/diariodepe.com.br\\\/cri\\\/#\\\/schema\\\/person\\\/121bb28d84f1a5b1205ef4ce9c2e0c6b\"},\"headline\":\"Programa de Coopera\u00e7\u00e3o de Think-tank da Confer\u00eancia Mundial da Internet \u00e9 lan\u00e7ado na C\u00fapula Wuzhen\",\"datePublished\":\"2024-11-22T09:39:30+00:00\",\"mainEntityOfPage\":{\"@id\":\"https:\\\/\\\/diariodepe.com.br\\\/cri\\\/2024\\\/11\\\/22\\\/programa-de-cooperacao-de-think-tank-da-conferencia-mundial-da-internet-e-lancado-na-cupula-wuzhen\\\/\"},\"wordCount\":214,\"commentCount\":0,\"publisher\":{\"@id\":\"https:\\\/\\\/diariodepe.com.br\\\/cri\\\/#organization\"},\"articleSection\":[\"China\"],\"inLanguage\":\"pt-BR\",\"potentialAction\":[{\"@type\":\"CommentAction\",\"name\":\"Comment\",\"target\":[\"https:\\\/\\\/diariodepe.com.br\\\/cri\\\/2024\\\/11\\\/22\\\/programa-de-cooperacao-de-think-tank-da-conferencia-mundial-da-internet-e-lancado-na-cupula-wuzhen\\\/#respond\"]}]},{\"@type\":\"WebPage\",\"@id\":\"https:\\\/\\\/diariodepe.com.br\\\/cri\\\/2024\\\/11\\\/22\\\/programa-de-cooperacao-de-think-tank-da-conferencia-mundial-da-internet-e-lancado-na-cupula-wuzhen\\\/\",\"url\":\"https:\\\/\\\/diariodepe.com.br\\\/cri\\\/2024\\\/11\\\/22\\\/programa-de-cooperacao-de-think-tank-da-conferencia-mundial-da-internet-e-lancado-na-cupula-wuzhen\\\/\",\"name\":\"Programa de Coopera\u00e7\u00e3o de Think-tank da Confer\u00eancia Mundial da Internet \u00e9 lan\u00e7ado na C\u00fapula Wuzhen - CRI e Diario de Pernambuco\",\"isPartOf\":{\"@id\":\"https:\\\/\\\/diariodepe.com.br\\\/cri\\\/#website\"},\"datePublished\":\"2024-11-22T09:39:30+00:00\",\"breadcrumb\":{\"@id\":\"https:\\\/\\\/diariodepe.com.br\\\/cri\\\/2024\\\/11\\\/22\\\/programa-de-cooperacao-de-think-tank-da-conferencia-mundial-da-internet-e-lancado-na-cupula-wuzhen\\\/#breadcrumb\"},\"inLanguage\":\"pt-BR\",\"potentialAction\":[{\"@type\":\"ReadAction\",\"target\":[\"https:\\\/\\\/diariodepe.com.br\\\/cri\\\/2024\\\/11\\\/22\\\/programa-de-cooperacao-de-think-tank-da-conferencia-mundial-da-internet-e-lancado-na-cupula-wuzhen\\\/\"]}]},{\"@type\":\"BreadcrumbList\",\"@id\":\"https:\\\/\\\/diariodepe.com.br\\\/cri\\\/2024\\\/11\\\/22\\\/programa-de-cooperacao-de-think-tank-da-conferencia-mundial-da-internet-e-lancado-na-cupula-wuzhen\\\/#breadcrumb\",\"itemListElement\":[{\"@type\":\"ListItem\",\"position\":1,\"name\":\"In\u00edcio\",\"item\":\"https:\\\/\\\/diariodepe.com.br\\\/cri\\\/\"},{\"@type\":\"ListItem\",\"position\":2,\"name\":\"Programa de Coopera\u00e7\u00e3o de Think-tank da Confer\u00eancia Mundial da Internet \u00e9 lan\u00e7ado na C\u00fapula Wuzhen\"}]},{\"@type\":\"WebSite\",\"@id\":\"https:\\\/\\\/diariodepe.com.br\\\/cri\\\/#website\",\"url\":\"https:\\\/\\\/diariodepe.com.br\\\/cri\\\/\",\"name\":\"CRI e Diario de Pernambuco\",\"description\":\"R\u00e1dio Internacional da China\",\"publisher\":{\"@id\":\"https:\\\/\\\/diariodepe.com.br\\\/cri\\\/#organization\"},\"potentialAction\":[{\"@type\":\"SearchAction\",\"target\":{\"@type\":\"EntryPoint\",\"urlTemplate\":\"https:\\\/\\\/diariodepe.com.br\\\/cri\\\/?s={search_term_string}\"},\"query-input\":{\"@type\":\"PropertyValueSpecification\",\"valueRequired\":true,\"valueName\":\"search_term_string\"}}],\"inLanguage\":\"pt-BR\"},{\"@type\":\"Organization\",\"@id\":\"https:\\\/\\\/diariodepe.com.br\\\/cri\\\/#organization\",\"name\":\"CRI e Diario de Pernambuco\",\"url\":\"https:\\\/\\\/diariodepe.com.br\\\/cri\\\/\",\"logo\":{\"@type\":\"ImageObject\",\"inLanguage\":\"pt-BR\",\"@id\":\"https:\\\/\\\/diariodepe.com.br\\\/cri\\\/#\\\/schema\\\/logo\\\/image\\\/\",\"url\":\"https:\\\/\\\/diariodepe.com.br\\\/cri\\\/wp-content\\\/uploads\\\/sites\\\/2\\\/2022\\\/12\\\/cropped-Logo.jpg\",\"contentUrl\":\"https:\\\/\\\/diariodepe.com.br\\\/cri\\\/wp-content\\\/uploads\\\/sites\\\/2\\\/2022\\\/12\\\/cropped-Logo.jpg\",\"width\":700,\"height\":59,\"caption\":\"CRI e Diario de Pernambuco\"},\"image\":{\"@id\":\"https:\\\/\\\/diariodepe.com.br\\\/cri\\\/#\\\/schema\\\/logo\\\/image\\\/\"}},{\"@type\":\"Person\",\"@id\":\"https:\\\/\\\/diariodepe.com.br\\\/cri\\\/#\\\/schema\\\/person\\\/121bb28d84f1a5b1205ef4ce9c2e0c6b\",\"name\":\"Ismael Lucas S. Pereira\",\"image\":{\"@type\":\"ImageObject\",\"inLanguage\":\"pt-BR\",\"@id\":\"https:\\\/\\\/secure.gravatar.com\\\/avatar\\\/887a0f3b5a7ceea963a48499fb883ffce6b5037362def025c52c2505b15d63e4?s=96&d=mm&r=g\",\"url\":\"https:\\\/\\\/secure.gravatar.com\\\/avatar\\\/887a0f3b5a7ceea963a48499fb883ffce6b5037362def025c52c2505b15d63e4?s=96&d=mm&r=g\",\"contentUrl\":\"https:\\\/\\\/secure.gravatar.com\\\/avatar\\\/887a0f3b5a7ceea963a48499fb883ffce6b5037362def025c52c2505b15d63e4?s=96&d=mm&r=g\",\"caption\":\"Ismael Lucas S. Pereira\"},\"url\":\"https:\\\/\\\/diariodepe.com.br\\\/cri\\\/author\\\/ismael-lucas\\\/\"}]}<\/script>\n<!-- \/ Yoast SEO plugin. -->","yoast_head_json":{"title":"Programa de Coopera\u00e7\u00e3o de Think-tank da Confer\u00eancia Mundial da Internet \u00e9 lan\u00e7ado na C\u00fapula Wuzhen - CRI e Diario de Pernambuco","robots":{"index":"index","follow":"follow","max-snippet":"max-snippet:-1","max-image-preview":"max-image-preview:large","max-video-preview":"max-video-preview:-1"},"canonical":"https:\/\/diariodepe.com.br\/cri\/2024\/11\/22\/programa-de-cooperacao-de-think-tank-da-conferencia-mundial-da-internet-e-lancado-na-cupula-wuzhen\/","og_locale":"pt_BR","og_type":"article","og_title":"Programa de Coopera\u00e7\u00e3o de Think-tank da Confer\u00eancia Mundial da Internet \u00e9 lan\u00e7ado na C\u00fapula Wuzhen - CRI e Diario de Pernambuco","og_description":"O Programa de Coopera\u00e7\u00e3o de Think-tank da Confer\u00eancia Mundial da Internet (WIC, na sigla em ingl\u00eas) foi lan\u00e7ado nesta quarta-feira (20) durante a C\u00fapula Wuzhen de 2024. A iniciativa incorpora think-tanks de 60 entidades da WIC e do setor cibern\u00e9tico...","og_url":"https:\/\/diariodepe.com.br\/cri\/2024\/11\/22\/programa-de-cooperacao-de-think-tank-da-conferencia-mundial-da-internet-e-lancado-na-cupula-wuzhen\/","og_site_name":"CRI e Diario de Pernambuco","article_published_time":"2024-11-22T09:39:30+00:00","author":"Ismael Lucas S. Pereira","twitter_card":"summary_large_image","twitter_misc":{"Escrito por":"Ismael Lucas S. Pereira","Est. tempo de leitura":"1 minuto"},"schema":{"@context":"https:\/\/schema.org","@graph":[{"@type":"Article","@id":"https:\/\/diariodepe.com.br\/cri\/2024\/11\/22\/programa-de-cooperacao-de-think-tank-da-conferencia-mundial-da-internet-e-lancado-na-cupula-wuzhen\/#article","isPartOf":{"@id":"https:\/\/diariodepe.com.br\/cri\/2024\/11\/22\/programa-de-cooperacao-de-think-tank-da-conferencia-mundial-da-internet-e-lancado-na-cupula-wuzhen\/"},"author":{"name":"Ismael Lucas S. Pereira","@id":"https:\/\/diariodepe.com.br\/cri\/#\/schema\/person\/121bb28d84f1a5b1205ef4ce9c2e0c6b"},"headline":"Programa de Coopera\u00e7\u00e3o de Think-tank da Confer\u00eancia Mundial da Internet \u00e9 lan\u00e7ado na C\u00fapula Wuzhen","datePublished":"2024-11-22T09:39:30+00:00","mainEntityOfPage":{"@id":"https:\/\/diariodepe.com.br\/cri\/2024\/11\/22\/programa-de-cooperacao-de-think-tank-da-conferencia-mundial-da-internet-e-lancado-na-cupula-wuzhen\/"},"wordCount":214,"commentCount":0,"publisher":{"@id":"https:\/\/diariodepe.com.br\/cri\/#organization"},"articleSection":["China"],"inLanguage":"pt-BR","potentialAction":[{"@type":"CommentAction","name":"Comment","target":["https:\/\/diariodepe.com.br\/cri\/2024\/11\/22\/programa-de-cooperacao-de-think-tank-da-conferencia-mundial-da-internet-e-lancado-na-cupula-wuzhen\/#respond"]}]},{"@type":"WebPage","@id":"https:\/\/diariodepe.com.br\/cri\/2024\/11\/22\/programa-de-cooperacao-de-think-tank-da-conferencia-mundial-da-internet-e-lancado-na-cupula-wuzhen\/","url":"https:\/\/diariodepe.com.br\/cri\/2024\/11\/22\/programa-de-cooperacao-de-think-tank-da-conferencia-mundial-da-internet-e-lancado-na-cupula-wuzhen\/","name":"Programa de Coopera\u00e7\u00e3o de Think-tank da Confer\u00eancia Mundial da Internet \u00e9 lan\u00e7ado na C\u00fapula Wuzhen - CRI e Diario de Pernambuco","isPartOf":{"@id":"https:\/\/diariodepe.com.br\/cri\/#website"},"datePublished":"2024-11-22T09:39:30+00:00","breadcrumb":{"@id":"https:\/\/diariodepe.com.br\/cri\/2024\/11\/22\/programa-de-cooperacao-de-think-tank-da-conferencia-mundial-da-internet-e-lancado-na-cupula-wuzhen\/#breadcrumb"},"inLanguage":"pt-BR","potentialAction":[{"@type":"ReadAction","target":["https:\/\/diariodepe.com.br\/cri\/2024\/11\/22\/programa-de-cooperacao-de-think-tank-da-conferencia-mundial-da-internet-e-lancado-na-cupula-wuzhen\/"]}]},{"@type":"BreadcrumbList","@id":"https:\/\/diariodepe.com.br\/cri\/2024\/11\/22\/programa-de-cooperacao-de-think-tank-da-conferencia-mundial-da-internet-e-lancado-na-cupula-wuzhen\/#breadcrumb","itemListElement":[{"@type":"ListItem","position":1,"name":"In\u00edcio","item":"https:\/\/diariodepe.com.br\/cri\/"},{"@type":"ListItem","position":2,"name":"Programa de Coopera\u00e7\u00e3o de Think-tank da Confer\u00eancia Mundial da Internet \u00e9 lan\u00e7ado na C\u00fapula Wuzhen"}]},{"@type":"WebSite","@id":"https:\/\/diariodepe.com.br\/cri\/#website","url":"https:\/\/diariodepe.com.br\/cri\/","name":"CRI e Diario de Pernambuco","description":"R\u00e1dio Internacional da China","publisher":{"@id":"https:\/\/diariodepe.com.br\/cri\/#organization"},"potentialAction":[{"@type":"SearchAction","target":{"@type":"EntryPoint","urlTemplate":"https:\/\/diariodepe.com.br\/cri\/?s={search_term_string}"},"query-input":{"@type":"PropertyValueSpecification","valueRequired":true,"valueName":"search_term_string"}}],"inLanguage":"pt-BR"},{"@type":"Organization","@id":"https:\/\/diariodepe.com.br\/cri\/#organization","name":"CRI e Diario de Pernambuco","url":"https:\/\/diariodepe.com.br\/cri\/","logo":{"@type":"ImageObject","inLanguage":"pt-BR","@id":"https:\/\/diariodepe.com.br\/cri\/#\/schema\/logo\/image\/","url":"https:\/\/diariodepe.com.br\/cri\/wp-content\/uploads\/sites\/2\/2022\/12\/cropped-Logo.jpg","contentUrl":"https:\/\/diariodepe.com.br\/cri\/wp-content\/uploads\/sites\/2\/2022\/12\/cropped-Logo.jpg","width":700,"height":59,"caption":"CRI e Diario de Pernambuco"},"image":{"@id":"https:\/\/diariodepe.com.br\/cri\/#\/schema\/logo\/image\/"}},{"@type":"Person","@id":"https:\/\/diariodepe.com.br\/cri\/#\/schema\/person\/121bb28d84f1a5b1205ef4ce9c2e0c6b","name":"Ismael Lucas S. Pereira","image":{"@type":"ImageObject","inLanguage":"pt-BR","@id":"https:\/\/secure.gravatar.com\/avatar\/887a0f3b5a7ceea963a48499fb883ffce6b5037362def025c52c2505b15d63e4?s=96&d=mm&r=g","url":"https:\/\/secure.gravatar.com\/avatar\/887a0f3b5a7ceea963a48499fb883ffce6b5037362def025c52c2505b15d63e4?s=96&d=mm&r=g","contentUrl":"https:\/\/secure.gravatar.com\/avatar\/887a0f3b5a7ceea963a48499fb883ffce6b5037362def025c52c2505b15d63e4?s=96&d=mm&r=g","caption":"Ismael Lucas S. Pereira"},"url":"https:\/\/diariodepe.com.br\/cri\/author\/ismael-lucas\/"}]}},"cc_featured_image_caption":{"caption_text":false,"source_text":false,"source_url":false},"amp_enabled":true,"_links":{"self":[{"href":"https:\/\/diariodepe.com.br\/cri\/wp-json\/wp\/v2\/posts\/6907","targetHints":{"allow":["GET"]}}],"collection":[{"href":"https:\/\/diariodepe.com.br\/cri\/wp-json\/wp\/v2\/posts"}],"about":[{"href":"https:\/\/diariodepe.com.br\/cri\/wp-json\/wp\/v2\/types\/post"}],"author":[{"embeddable":true,"href":"https:\/\/diariodepe.com.br\/cri\/wp-json\/wp\/v2\/users\/2"}],"replies":[{"embeddable":true,"href":"https:\/\/diariodepe.com.br\/cri\/wp-json\/wp\/v2\/comments?post=6907"}],"version-history":[{"count":1,"href":"https:\/\/diariodepe.com.br\/cri\/wp-json\/wp\/v2\/posts\/6907\/revisions"}],"predecessor-version":[{"id":6908,"href":"https:\/\/diariodepe.com.br\/cri\/wp-json\/wp\/v2\/posts\/6907\/revisions\/6908"}],"wp:attachment":[{"href":"https:\/\/diariodepe.com.br\/cri\/wp-json\/wp\/v2\/media?parent=6907"}],"wp:term":[{"taxonomy":"category","embeddable":true,"href":"https:\/\/diariodepe.com.br\/cri\/wp-json\/wp\/v2\/categories?post=6907"},{"taxonomy":"post_tag","embeddable":true,"href":"https:\/\/diariodepe.com.br\/cri\/wp-json\/wp\/v2\/tags?post=6907"}],"curies":[{"name":"wp","href":"https:\/\/api.w.org\/{rel}","templated":true}]}}