{"id":6894,"date":"2024-10-20T06:02:32","date_gmt":"2024-10-20T09:02:32","guid":{"rendered":"https:\/\/diariodepe.com.br\/cri\/?p=6894"},"modified":"2024-11-22T06:12:06","modified_gmt":"2024-11-22T09:12:06","slug":"historia-e-modernidade-natureza-e-tecnologia-xinjiang-aos-olhos-do-representante-da-midia-brasileira","status":"publish","type":"post","link":"https:\/\/diariodepe.com.br\/cri\/2024\/10\/20\/historia-e-modernidade-natureza-e-tecnologia-xinjiang-aos-olhos-do-representante-da-midia-brasileira\/","title":{"rendered":"&#8220;Hist\u00f3ria e modernidade, natureza e tecnologia&#8221; &#8212; Xinjiang aos olhos do representante da m\u00eddia brasileira"},"content":{"rendered":"<p class=\"photo_img_20190808\"><img decoding=\"async\" class=\"aligncenter\" src=\"https:\/\/p5crires.cri.cn\/photoworkspace\/cri\/contentimg\/2024\/10\/18\/2024101818044877863.jpg\" alt=\"\" \/><\/p>\n<p>&#8220;Quando era crian\u00e7a, conheci a Rota da Seda pela primeira vez nos livros. Hoje, visitei a cidade antiga da Rota da Seda; \u00e9 t\u00e3o surpreendente!&#8221; No Museu Turpan, Marcelo Benez, diretor-executivo comercial da Folha de S. Paulo, pegou seu celular e tirou fotos da cole\u00e7\u00e3o de cer\u00e2mica, enquanto contava ao rep\u00f3rter sobre sua rela\u00e7\u00e3o inexplic\u00e1vel com a Rota da Seda.<\/p>\n<p>A Sexta C\u00fapula Mundial de M\u00eddia foi aberta em Urumqi na manh\u00e3 do dia 14. Durante a c\u00fapula, Benez visitou Turpan, em Xinjiang, como convidado participante.<\/p>\n<p>Turpan est\u00e1 localizada no sop\u00e9 sul das montanhas Tianshan, que significa &#8220;lugar rico e f\u00e9rtil&#8221; no idioma uigur, e tamb\u00e9m foi uma importante cidade na antiga Rota da Seda. O clima seco e quente faz bem a preservar preciosas rel\u00edquias culturais. &#8220;A Rota da Seda abriu o interc\u00e2mbio entre o Oriente e o Ocidente. Milhares de anos depois, ela se tornou um importante caminho para a China em busca de coopera\u00e7\u00e3o vantajosa para todos e a prosperidade cultural.&#8221;<\/p>\n<p>Xinjiang \u00e9 multi\u00e9tnica e multicultural. Os ricos recursos de energia e\u00f3lica e solar tamb\u00e9m fornecem um forte suporte energ\u00e9tico para o desenvolvimento econ\u00f4mico e social da regi\u00e3o. Benez usou \u00f3culos de realidade virtual na Longyuan Turpan New Energy Company para estar na plataforma operacional de alta altitude, com vista para toda a usina de energia.<\/p>\n<p>&#8220;\u00c9 maravilhoso! Uma cena bela com cen\u00e1rio natural e a tecnologia! Isso mostra a grande capacidade da China no campo do desenvolvimento e utiliza\u00e7\u00e3o de novas energias&#8221;, disse ele.<\/p>\n<p>Este ano marca o 50\u00ba anivers\u00e1rio do estabelecimento de rela\u00e7\u00f5es diplom\u00e1ticas entre a China e o Brasil. Nos \u00faltimos anos, o investimento de empresas chinesas no Brasil continuou a crescer, especialmente no campo da energia e da infraestrutura, formando um novo padr\u00e3o de coopera\u00e7\u00e3o bilateral.<\/p>\n<p>Benez acredita que a energia verde sustent\u00e1vel \u00e9 o foco de desenvolvimento do layout energ\u00e9tico do Brasil. &#8220;Acredito que podemos aprender mutuamente nesse campo e buscar um desenvolvimento comum&#8221;, disse ele.<\/p>\n<p>Sob o brilho suave do luar, grupo de viajantes estrangeiros visitaram as ru\u00ednas Jiaohe, de 2.000 anos. Outrora uma parada importante na antiga Rota da Seda em Turpan, agora \u00e9 a maior e mais bem preservada cidade antiga constru\u00edda em barro do mundo. Acompanhados pelos sons de flautas e cordas, os visitantes se sentiram como se tivessem sido transportados atrav\u00e9s do tempo, mergulhando no mundo antigo atrav\u00e9s dos cantos dos artistas.<\/p>\n<p>&#8220;As ru\u00ednas Jiaohe exemplificam conceitos avan\u00e7ados em prote\u00e7\u00e3o de rel\u00edquias culturais e desenvolvimento do turismo cultural na China. Eles n\u00e3o apenas preservam a apar\u00eancia original do local, mas tamb\u00e9m aprimoram a experi\u00eancia com caminhos, ilumina\u00e7\u00e3o, paisagismo de cavernas, m\u00fasica de fundo e performances cuidadosamente projetados, criando uma atmosfera tranquila que se harmoniza com a cidade antiga&#8221;, disse Benez.<\/p>\n<p>&#8220;Este lugar not\u00e1vel \u00e9 incrivelmente diverso, onde o passado e o futuro, a hist\u00f3ria e a modernidade, a tecnologia e a tradi\u00e7\u00e3o se entrela\u00e7am de uma forma quase inacredit\u00e1vel. Para os visitantes de primeira viagem, surpresas parecem surgir a cada passo&#8221;, avaliou ele.<\/p>\n","protected":false},"excerpt":{"rendered":"<p>&#8220;Quando era crian\u00e7a, conheci a Rota da Seda pela primeira vez nos livros. Hoje, visitei a cidade antiga da Rota da Seda; \u00e9 t\u00e3o surpreendente!&#8221; No Museu Turpan, Marcelo Benez, diretor-executivo comercial da Folha de S. Paulo, pegou seu celular&#8230;<\/p>\n","protected":false},"author":2,"featured_media":0,"comment_status":"open","ping_status":"open","sticky":false,"template":"","format":"standard","meta":{"footnotes":""},"categories":[3],"tags":[],"class_list":["post-6894","post","type-post","status-publish","format-standard","hentry","category-china"],"yoast_head":"<!-- This site is optimized with the Yoast SEO plugin v27.4 - https:\/\/yoast.com\/product\/yoast-seo-wordpress\/ -->\n<title>&quot;Hist\u00f3ria e modernidade, natureza e tecnologia&quot; - Xinjiang aos olhos do representante da m\u00eddia brasileira - CRI e Diario de Pernambuco<\/title>\n<meta name=\"robots\" content=\"index, follow, max-snippet:-1, max-image-preview:large, max-video-preview:-1\" \/>\n<link rel=\"canonical\" href=\"https:\/\/diariodepe.com.br\/cri\/2024\/10\/20\/historia-e-modernidade-natureza-e-tecnologia-xinjiang-aos-olhos-do-representante-da-midia-brasileira\/\" \/>\n<meta property=\"og:locale\" content=\"pt_BR\" \/>\n<meta property=\"og:type\" content=\"article\" \/>\n<meta property=\"og:title\" content=\"&quot;Hist\u00f3ria e modernidade, natureza e tecnologia&quot; - Xinjiang aos olhos do representante da m\u00eddia brasileira - CRI e Diario de Pernambuco\" \/>\n<meta property=\"og:description\" content=\"&#8220;Quando era crian\u00e7a, conheci a Rota da Seda pela primeira vez nos livros. Hoje, visitei a cidade antiga da Rota da Seda; \u00e9 t\u00e3o surpreendente!&#8221; No Museu Turpan, Marcelo Benez, diretor-executivo comercial da Folha de S. Paulo, pegou seu celular...\" \/>\n<meta property=\"og:url\" content=\"https:\/\/diariodepe.com.br\/cri\/2024\/10\/20\/historia-e-modernidade-natureza-e-tecnologia-xinjiang-aos-olhos-do-representante-da-midia-brasileira\/\" \/>\n<meta property=\"og:site_name\" content=\"CRI e Diario de Pernambuco\" \/>\n<meta property=\"article:published_time\" content=\"2024-10-20T09:02:32+00:00\" \/>\n<meta property=\"article:modified_time\" content=\"2024-11-22T09:12:06+00:00\" \/>\n<meta property=\"og:image\" content=\"https:\/\/p5crires.cri.cn\/photoworkspace\/cri\/contentimg\/2024\/10\/18\/2024101818044877863.jpg\" \/>\n<meta name=\"author\" content=\"Ismael Lucas S. Pereira\" \/>\n<meta name=\"twitter:card\" content=\"summary_large_image\" \/>\n<meta name=\"twitter:label1\" content=\"Escrito por\" \/>\n\t<meta name=\"twitter:data1\" content=\"Ismael Lucas S. Pereira\" \/>\n\t<meta name=\"twitter:label2\" content=\"Est. tempo de leitura\" \/>\n\t<meta name=\"twitter:data2\" content=\"3 minutos\" \/>\n<script type=\"application\/ld+json\" class=\"yoast-schema-graph\">{\"@context\":\"https:\\\/\\\/schema.org\",\"@graph\":[{\"@type\":\"Article\",\"@id\":\"https:\\\/\\\/diariodepe.com.br\\\/cri\\\/2024\\\/10\\\/20\\\/historia-e-modernidade-natureza-e-tecnologia-xinjiang-aos-olhos-do-representante-da-midia-brasileira\\\/#article\",\"isPartOf\":{\"@id\":\"https:\\\/\\\/diariodepe.com.br\\\/cri\\\/2024\\\/10\\\/20\\\/historia-e-modernidade-natureza-e-tecnologia-xinjiang-aos-olhos-do-representante-da-midia-brasileira\\\/\"},\"author\":{\"name\":\"Ismael Lucas S. Pereira\",\"@id\":\"https:\\\/\\\/diariodepe.com.br\\\/cri\\\/#\\\/schema\\\/person\\\/121bb28d84f1a5b1205ef4ce9c2e0c6b\"},\"headline\":\"&#8220;Hist\u00f3ria e modernidade, natureza e tecnologia&#8221; &#8212; Xinjiang aos olhos do representante da m\u00eddia brasileira\",\"datePublished\":\"2024-10-20T09:02:32+00:00\",\"dateModified\":\"2024-11-22T09:12:06+00:00\",\"mainEntityOfPage\":{\"@id\":\"https:\\\/\\\/diariodepe.com.br\\\/cri\\\/2024\\\/10\\\/20\\\/historia-e-modernidade-natureza-e-tecnologia-xinjiang-aos-olhos-do-representante-da-midia-brasileira\\\/\"},\"wordCount\":553,\"commentCount\":0,\"publisher\":{\"@id\":\"https:\\\/\\\/diariodepe.com.br\\\/cri\\\/#organization\"},\"image\":{\"@id\":\"https:\\\/\\\/diariodepe.com.br\\\/cri\\\/2024\\\/10\\\/20\\\/historia-e-modernidade-natureza-e-tecnologia-xinjiang-aos-olhos-do-representante-da-midia-brasileira\\\/#primaryimage\"},\"thumbnailUrl\":\"https:\\\/\\\/p5crires.cri.cn\\\/photoworkspace\\\/cri\\\/contentimg\\\/2024\\\/10\\\/18\\\/2024101818044877863.jpg\",\"articleSection\":[\"China\"],\"inLanguage\":\"pt-BR\",\"potentialAction\":[{\"@type\":\"CommentAction\",\"name\":\"Comment\",\"target\":[\"https:\\\/\\\/diariodepe.com.br\\\/cri\\\/2024\\\/10\\\/20\\\/historia-e-modernidade-natureza-e-tecnologia-xinjiang-aos-olhos-do-representante-da-midia-brasileira\\\/#respond\"]}]},{\"@type\":\"WebPage\",\"@id\":\"https:\\\/\\\/diariodepe.com.br\\\/cri\\\/2024\\\/10\\\/20\\\/historia-e-modernidade-natureza-e-tecnologia-xinjiang-aos-olhos-do-representante-da-midia-brasileira\\\/\",\"url\":\"https:\\\/\\\/diariodepe.com.br\\\/cri\\\/2024\\\/10\\\/20\\\/historia-e-modernidade-natureza-e-tecnologia-xinjiang-aos-olhos-do-representante-da-midia-brasileira\\\/\",\"name\":\"\\\"Hist\u00f3ria e modernidade, natureza e tecnologia\\\" - Xinjiang aos olhos do representante da m\u00eddia brasileira - CRI e Diario de Pernambuco\",\"isPartOf\":{\"@id\":\"https:\\\/\\\/diariodepe.com.br\\\/cri\\\/#website\"},\"primaryImageOfPage\":{\"@id\":\"https:\\\/\\\/diariodepe.com.br\\\/cri\\\/2024\\\/10\\\/20\\\/historia-e-modernidade-natureza-e-tecnologia-xinjiang-aos-olhos-do-representante-da-midia-brasileira\\\/#primaryimage\"},\"image\":{\"@id\":\"https:\\\/\\\/diariodepe.com.br\\\/cri\\\/2024\\\/10\\\/20\\\/historia-e-modernidade-natureza-e-tecnologia-xinjiang-aos-olhos-do-representante-da-midia-brasileira\\\/#primaryimage\"},\"thumbnailUrl\":\"https:\\\/\\\/p5crires.cri.cn\\\/photoworkspace\\\/cri\\\/contentimg\\\/2024\\\/10\\\/18\\\/2024101818044877863.jpg\",\"datePublished\":\"2024-10-20T09:02:32+00:00\",\"dateModified\":\"2024-11-22T09:12:06+00:00\",\"breadcrumb\":{\"@id\":\"https:\\\/\\\/diariodepe.com.br\\\/cri\\\/2024\\\/10\\\/20\\\/historia-e-modernidade-natureza-e-tecnologia-xinjiang-aos-olhos-do-representante-da-midia-brasileira\\\/#breadcrumb\"},\"inLanguage\":\"pt-BR\",\"potentialAction\":[{\"@type\":\"ReadAction\",\"target\":[\"https:\\\/\\\/diariodepe.com.br\\\/cri\\\/2024\\\/10\\\/20\\\/historia-e-modernidade-natureza-e-tecnologia-xinjiang-aos-olhos-do-representante-da-midia-brasileira\\\/\"]}]},{\"@type\":\"ImageObject\",\"inLanguage\":\"pt-BR\",\"@id\":\"https:\\\/\\\/diariodepe.com.br\\\/cri\\\/2024\\\/10\\\/20\\\/historia-e-modernidade-natureza-e-tecnologia-xinjiang-aos-olhos-do-representante-da-midia-brasileira\\\/#primaryimage\",\"url\":\"https:\\\/\\\/p5crires.cri.cn\\\/photoworkspace\\\/cri\\\/contentimg\\\/2024\\\/10\\\/18\\\/2024101818044877863.jpg\",\"contentUrl\":\"https:\\\/\\\/p5crires.cri.cn\\\/photoworkspace\\\/cri\\\/contentimg\\\/2024\\\/10\\\/18\\\/2024101818044877863.jpg\"},{\"@type\":\"BreadcrumbList\",\"@id\":\"https:\\\/\\\/diariodepe.com.br\\\/cri\\\/2024\\\/10\\\/20\\\/historia-e-modernidade-natureza-e-tecnologia-xinjiang-aos-olhos-do-representante-da-midia-brasileira\\\/#breadcrumb\",\"itemListElement\":[{\"@type\":\"ListItem\",\"position\":1,\"name\":\"In\u00edcio\",\"item\":\"https:\\\/\\\/diariodepe.com.br\\\/cri\\\/\"},{\"@type\":\"ListItem\",\"position\":2,\"name\":\"&#8220;Hist\u00f3ria e modernidade, natureza e tecnologia&#8221; &#8212; Xinjiang aos olhos do representante da m\u00eddia brasileira\"}]},{\"@type\":\"WebSite\",\"@id\":\"https:\\\/\\\/diariodepe.com.br\\\/cri\\\/#website\",\"url\":\"https:\\\/\\\/diariodepe.com.br\\\/cri\\\/\",\"name\":\"CRI e Diario de Pernambuco\",\"description\":\"R\u00e1dio Internacional da China\",\"publisher\":{\"@id\":\"https:\\\/\\\/diariodepe.com.br\\\/cri\\\/#organization\"},\"potentialAction\":[{\"@type\":\"SearchAction\",\"target\":{\"@type\":\"EntryPoint\",\"urlTemplate\":\"https:\\\/\\\/diariodepe.com.br\\\/cri\\\/?s={search_term_string}\"},\"query-input\":{\"@type\":\"PropertyValueSpecification\",\"valueRequired\":true,\"valueName\":\"search_term_string\"}}],\"inLanguage\":\"pt-BR\"},{\"@type\":\"Organization\",\"@id\":\"https:\\\/\\\/diariodepe.com.br\\\/cri\\\/#organization\",\"name\":\"CRI e Diario de Pernambuco\",\"url\":\"https:\\\/\\\/diariodepe.com.br\\\/cri\\\/\",\"logo\":{\"@type\":\"ImageObject\",\"inLanguage\":\"pt-BR\",\"@id\":\"https:\\\/\\\/diariodepe.com.br\\\/cri\\\/#\\\/schema\\\/logo\\\/image\\\/\",\"url\":\"https:\\\/\\\/diariodepe.com.br\\\/cri\\\/wp-content\\\/uploads\\\/sites\\\/2\\\/2022\\\/12\\\/cropped-Logo.jpg\",\"contentUrl\":\"https:\\\/\\\/diariodepe.com.br\\\/cri\\\/wp-content\\\/uploads\\\/sites\\\/2\\\/2022\\\/12\\\/cropped-Logo.jpg\",\"width\":700,\"height\":59,\"caption\":\"CRI e Diario de Pernambuco\"},\"image\":{\"@id\":\"https:\\\/\\\/diariodepe.com.br\\\/cri\\\/#\\\/schema\\\/logo\\\/image\\\/\"}},{\"@type\":\"Person\",\"@id\":\"https:\\\/\\\/diariodepe.com.br\\\/cri\\\/#\\\/schema\\\/person\\\/121bb28d84f1a5b1205ef4ce9c2e0c6b\",\"name\":\"Ismael Lucas S. Pereira\",\"image\":{\"@type\":\"ImageObject\",\"inLanguage\":\"pt-BR\",\"@id\":\"https:\\\/\\\/secure.gravatar.com\\\/avatar\\\/887a0f3b5a7ceea963a48499fb883ffce6b5037362def025c52c2505b15d63e4?s=96&d=mm&r=g\",\"url\":\"https:\\\/\\\/secure.gravatar.com\\\/avatar\\\/887a0f3b5a7ceea963a48499fb883ffce6b5037362def025c52c2505b15d63e4?s=96&d=mm&r=g\",\"contentUrl\":\"https:\\\/\\\/secure.gravatar.com\\\/avatar\\\/887a0f3b5a7ceea963a48499fb883ffce6b5037362def025c52c2505b15d63e4?s=96&d=mm&r=g\",\"caption\":\"Ismael Lucas S. Pereira\"},\"url\":\"https:\\\/\\\/diariodepe.com.br\\\/cri\\\/author\\\/ismael-lucas\\\/\"}]}<\/script>\n<!-- \/ Yoast SEO plugin. -->","yoast_head_json":{"title":"\"Hist\u00f3ria e modernidade, natureza e tecnologia\" - Xinjiang aos olhos do representante da m\u00eddia brasileira - CRI e Diario de Pernambuco","robots":{"index":"index","follow":"follow","max-snippet":"max-snippet:-1","max-image-preview":"max-image-preview:large","max-video-preview":"max-video-preview:-1"},"canonical":"https:\/\/diariodepe.com.br\/cri\/2024\/10\/20\/historia-e-modernidade-natureza-e-tecnologia-xinjiang-aos-olhos-do-representante-da-midia-brasileira\/","og_locale":"pt_BR","og_type":"article","og_title":"\"Hist\u00f3ria e modernidade, natureza e tecnologia\" - Xinjiang aos olhos do representante da m\u00eddia brasileira - CRI e Diario de Pernambuco","og_description":"&#8220;Quando era crian\u00e7a, conheci a Rota da Seda pela primeira vez nos livros. Hoje, visitei a cidade antiga da Rota da Seda; \u00e9 t\u00e3o surpreendente!&#8221; No Museu Turpan, Marcelo Benez, diretor-executivo comercial da Folha de S. Paulo, pegou seu celular...","og_url":"https:\/\/diariodepe.com.br\/cri\/2024\/10\/20\/historia-e-modernidade-natureza-e-tecnologia-xinjiang-aos-olhos-do-representante-da-midia-brasileira\/","og_site_name":"CRI e Diario de Pernambuco","article_published_time":"2024-10-20T09:02:32+00:00","article_modified_time":"2024-11-22T09:12:06+00:00","og_image":[{"url":"https:\/\/p5crires.cri.cn\/photoworkspace\/cri\/contentimg\/2024\/10\/18\/2024101818044877863.jpg","type":"","width":"","height":""}],"author":"Ismael Lucas S. Pereira","twitter_card":"summary_large_image","twitter_misc":{"Escrito por":"Ismael Lucas S. Pereira","Est. tempo de leitura":"3 minutos"},"schema":{"@context":"https:\/\/schema.org","@graph":[{"@type":"Article","@id":"https:\/\/diariodepe.com.br\/cri\/2024\/10\/20\/historia-e-modernidade-natureza-e-tecnologia-xinjiang-aos-olhos-do-representante-da-midia-brasileira\/#article","isPartOf":{"@id":"https:\/\/diariodepe.com.br\/cri\/2024\/10\/20\/historia-e-modernidade-natureza-e-tecnologia-xinjiang-aos-olhos-do-representante-da-midia-brasileira\/"},"author":{"name":"Ismael Lucas S. Pereira","@id":"https:\/\/diariodepe.com.br\/cri\/#\/schema\/person\/121bb28d84f1a5b1205ef4ce9c2e0c6b"},"headline":"&#8220;Hist\u00f3ria e modernidade, natureza e tecnologia&#8221; &#8212; Xinjiang aos olhos do representante da m\u00eddia brasileira","datePublished":"2024-10-20T09:02:32+00:00","dateModified":"2024-11-22T09:12:06+00:00","mainEntityOfPage":{"@id":"https:\/\/diariodepe.com.br\/cri\/2024\/10\/20\/historia-e-modernidade-natureza-e-tecnologia-xinjiang-aos-olhos-do-representante-da-midia-brasileira\/"},"wordCount":553,"commentCount":0,"publisher":{"@id":"https:\/\/diariodepe.com.br\/cri\/#organization"},"image":{"@id":"https:\/\/diariodepe.com.br\/cri\/2024\/10\/20\/historia-e-modernidade-natureza-e-tecnologia-xinjiang-aos-olhos-do-representante-da-midia-brasileira\/#primaryimage"},"thumbnailUrl":"https:\/\/p5crires.cri.cn\/photoworkspace\/cri\/contentimg\/2024\/10\/18\/2024101818044877863.jpg","articleSection":["China"],"inLanguage":"pt-BR","potentialAction":[{"@type":"CommentAction","name":"Comment","target":["https:\/\/diariodepe.com.br\/cri\/2024\/10\/20\/historia-e-modernidade-natureza-e-tecnologia-xinjiang-aos-olhos-do-representante-da-midia-brasileira\/#respond"]}]},{"@type":"WebPage","@id":"https:\/\/diariodepe.com.br\/cri\/2024\/10\/20\/historia-e-modernidade-natureza-e-tecnologia-xinjiang-aos-olhos-do-representante-da-midia-brasileira\/","url":"https:\/\/diariodepe.com.br\/cri\/2024\/10\/20\/historia-e-modernidade-natureza-e-tecnologia-xinjiang-aos-olhos-do-representante-da-midia-brasileira\/","name":"\"Hist\u00f3ria e modernidade, natureza e tecnologia\" - Xinjiang aos olhos do representante da m\u00eddia brasileira - CRI e Diario de Pernambuco","isPartOf":{"@id":"https:\/\/diariodepe.com.br\/cri\/#website"},"primaryImageOfPage":{"@id":"https:\/\/diariodepe.com.br\/cri\/2024\/10\/20\/historia-e-modernidade-natureza-e-tecnologia-xinjiang-aos-olhos-do-representante-da-midia-brasileira\/#primaryimage"},"image":{"@id":"https:\/\/diariodepe.com.br\/cri\/2024\/10\/20\/historia-e-modernidade-natureza-e-tecnologia-xinjiang-aos-olhos-do-representante-da-midia-brasileira\/#primaryimage"},"thumbnailUrl":"https:\/\/p5crires.cri.cn\/photoworkspace\/cri\/contentimg\/2024\/10\/18\/2024101818044877863.jpg","datePublished":"2024-10-20T09:02:32+00:00","dateModified":"2024-11-22T09:12:06+00:00","breadcrumb":{"@id":"https:\/\/diariodepe.com.br\/cri\/2024\/10\/20\/historia-e-modernidade-natureza-e-tecnologia-xinjiang-aos-olhos-do-representante-da-midia-brasileira\/#breadcrumb"},"inLanguage":"pt-BR","potentialAction":[{"@type":"ReadAction","target":["https:\/\/diariodepe.com.br\/cri\/2024\/10\/20\/historia-e-modernidade-natureza-e-tecnologia-xinjiang-aos-olhos-do-representante-da-midia-brasileira\/"]}]},{"@type":"ImageObject","inLanguage":"pt-BR","@id":"https:\/\/diariodepe.com.br\/cri\/2024\/10\/20\/historia-e-modernidade-natureza-e-tecnologia-xinjiang-aos-olhos-do-representante-da-midia-brasileira\/#primaryimage","url":"https:\/\/p5crires.cri.cn\/photoworkspace\/cri\/contentimg\/2024\/10\/18\/2024101818044877863.jpg","contentUrl":"https:\/\/p5crires.cri.cn\/photoworkspace\/cri\/contentimg\/2024\/10\/18\/2024101818044877863.jpg"},{"@type":"BreadcrumbList","@id":"https:\/\/diariodepe.com.br\/cri\/2024\/10\/20\/historia-e-modernidade-natureza-e-tecnologia-xinjiang-aos-olhos-do-representante-da-midia-brasileira\/#breadcrumb","itemListElement":[{"@type":"ListItem","position":1,"name":"In\u00edcio","item":"https:\/\/diariodepe.com.br\/cri\/"},{"@type":"ListItem","position":2,"name":"&#8220;Hist\u00f3ria e modernidade, natureza e tecnologia&#8221; &#8212; Xinjiang aos olhos do representante da m\u00eddia brasileira"}]},{"@type":"WebSite","@id":"https:\/\/diariodepe.com.br\/cri\/#website","url":"https:\/\/diariodepe.com.br\/cri\/","name":"CRI e Diario de Pernambuco","description":"R\u00e1dio Internacional da China","publisher":{"@id":"https:\/\/diariodepe.com.br\/cri\/#organization"},"potentialAction":[{"@type":"SearchAction","target":{"@type":"EntryPoint","urlTemplate":"https:\/\/diariodepe.com.br\/cri\/?s={search_term_string}"},"query-input":{"@type":"PropertyValueSpecification","valueRequired":true,"valueName":"search_term_string"}}],"inLanguage":"pt-BR"},{"@type":"Organization","@id":"https:\/\/diariodepe.com.br\/cri\/#organization","name":"CRI e Diario de Pernambuco","url":"https:\/\/diariodepe.com.br\/cri\/","logo":{"@type":"ImageObject","inLanguage":"pt-BR","@id":"https:\/\/diariodepe.com.br\/cri\/#\/schema\/logo\/image\/","url":"https:\/\/diariodepe.com.br\/cri\/wp-content\/uploads\/sites\/2\/2022\/12\/cropped-Logo.jpg","contentUrl":"https:\/\/diariodepe.com.br\/cri\/wp-content\/uploads\/sites\/2\/2022\/12\/cropped-Logo.jpg","width":700,"height":59,"caption":"CRI e Diario de Pernambuco"},"image":{"@id":"https:\/\/diariodepe.com.br\/cri\/#\/schema\/logo\/image\/"}},{"@type":"Person","@id":"https:\/\/diariodepe.com.br\/cri\/#\/schema\/person\/121bb28d84f1a5b1205ef4ce9c2e0c6b","name":"Ismael Lucas S. Pereira","image":{"@type":"ImageObject","inLanguage":"pt-BR","@id":"https:\/\/secure.gravatar.com\/avatar\/887a0f3b5a7ceea963a48499fb883ffce6b5037362def025c52c2505b15d63e4?s=96&d=mm&r=g","url":"https:\/\/secure.gravatar.com\/avatar\/887a0f3b5a7ceea963a48499fb883ffce6b5037362def025c52c2505b15d63e4?s=96&d=mm&r=g","contentUrl":"https:\/\/secure.gravatar.com\/avatar\/887a0f3b5a7ceea963a48499fb883ffce6b5037362def025c52c2505b15d63e4?s=96&d=mm&r=g","caption":"Ismael Lucas S. Pereira"},"url":"https:\/\/diariodepe.com.br\/cri\/author\/ismael-lucas\/"}]}},"cc_featured_image_caption":{"caption_text":false,"source_text":false,"source_url":false},"amp_enabled":true,"_links":{"self":[{"href":"https:\/\/diariodepe.com.br\/cri\/wp-json\/wp\/v2\/posts\/6894","targetHints":{"allow":["GET"]}}],"collection":[{"href":"https:\/\/diariodepe.com.br\/cri\/wp-json\/wp\/v2\/posts"}],"about":[{"href":"https:\/\/diariodepe.com.br\/cri\/wp-json\/wp\/v2\/types\/post"}],"author":[{"embeddable":true,"href":"https:\/\/diariodepe.com.br\/cri\/wp-json\/wp\/v2\/users\/2"}],"replies":[{"embeddable":true,"href":"https:\/\/diariodepe.com.br\/cri\/wp-json\/wp\/v2\/comments?post=6894"}],"version-history":[{"count":1,"href":"https:\/\/diariodepe.com.br\/cri\/wp-json\/wp\/v2\/posts\/6894\/revisions"}],"predecessor-version":[{"id":6895,"href":"https:\/\/diariodepe.com.br\/cri\/wp-json\/wp\/v2\/posts\/6894\/revisions\/6895"}],"wp:attachment":[{"href":"https:\/\/diariodepe.com.br\/cri\/wp-json\/wp\/v2\/media?parent=6894"}],"wp:term":[{"taxonomy":"category","embeddable":true,"href":"https:\/\/diariodepe.com.br\/cri\/wp-json\/wp\/v2\/categories?post=6894"},{"taxonomy":"post_tag","embeddable":true,"href":"https:\/\/diariodepe.com.br\/cri\/wp-json\/wp\/v2\/tags?post=6894"}],"curies":[{"name":"wp","href":"https:\/\/api.w.org\/{rel}","templated":true}]}}