{"id":6876,"date":"2024-11-21T00:10:00","date_gmt":"2024-11-21T03:10:00","guid":{"rendered":"https:\/\/diariodepe.com.br\/cri\/?p=6876"},"modified":"2024-11-21T22:57:50","modified_gmt":"2024-11-22T01:57:50","slug":"brasilia-recebe-evento-intercambio-cultural-china-brasil","status":"publish","type":"post","link":"https:\/\/diariodepe.com.br\/cri\/2024\/11\/21\/brasilia-recebe-evento-intercambio-cultural-china-brasil\/","title":{"rendered":"Bras\u00edlia recebe evento Interc\u00e2mbio Cultural China-Brasil"},"content":{"rendered":"<div id=\"abody\" class=\"abody\" data-spm-anchor-id=\"0.0.0.i2\">\n<p class=\"photo_img_20190808\"><img decoding=\"async\" src=\"https:\/\/p1crires.cri.cn\/photoworkspace\/cri\/contentimg\/2024\/11\/22\/2024112209151333896.jpg\" alt=\"\" width=\"1000\" \/><\/p>\n<p>Por ocasi\u00e3o da participa\u00e7\u00e3o do presidente chin\u00eas, Xi Jinping, na c\u00fapula de l\u00edderes do G20 e da sua visita de Estado ao Brasil, foi realizado ontem (20) em Bras\u00edlia, capital brasileira, o evento Interc\u00e2mbio Cultural em Comemora\u00e7\u00e3o ao 50\u00ba Anivers\u00e1rio das Rela\u00e7\u00f5es Diplom\u00e1ticas China-Brasil, organizado conjuntamente pela Grupo de M\u00eddia da China (CMG) e pela Empresa Brasil de Comunica\u00e7\u00e3o (EBC). Mais de 200 convidados estiveram presentes, incluindo personalidades proeminentes dos setores pol\u00edtico, econ\u00f4mico, cultural, acad\u00eamico e de m\u00eddia do Brasil.<\/p>\n<p class=\"photo_img_20190808\"><img decoding=\"async\" src=\"https:\/\/p3crires.cri.cn\/photoworkspace\/cri\/contentimg\/2024\/11\/21\/2024112116401662756.jpg\" alt=\"\" width=\"1000\" \/><\/p>\n<p>Na sua mensagem de felicita\u00e7\u00f5es, o presidente do Brasil, Luiz In\u00e1cio Lula da Silva, afirmou que o evento de interc\u00e2mbio cultural coorganizado pelo CMG e pelo EBC se reveste de grande significado e consolidar\u00e1 ainda mais a ponte cultural de longa data entre as duas na\u00e7\u00f5es. \u201cA China \u00e9 um importante parceiro econ\u00f4mico e comercial do Brasil e esperamos aprofundar ainda mais a parceria estrat\u00e9gica abrangente entre os dois pa\u00edses e permitir um interc\u00e2mbio mais amplo das suas ricas e coloridas tradi\u00e7\u00f5es e culturas, de modo a refor\u00e7ar a compreens\u00e3o m\u00fatua e aamizade entre os dois povos. Desejo que este evento seja um sucesso total\u201d, disse Lula.<\/p>\n<p class=\"photo_img_20190808\"><img decoding=\"async\" src=\"https:\/\/p4crires.cri.cn\/photoworkspace\/cri\/contentimg\/2024\/11\/21\/2024112116402679575.jpg\" alt=\"\" width=\"1000\" \/><\/p>\n<p>No seu discurso, o vice-presidente do Brasil, Geraldo Alckmin, disse que o Brasil e a China, como grandes pa\u00edses em desenvolvimento, representantes de economias emergentes e parceiros do Brics, viram o desenvolvimento constante das rela\u00e7\u00f5es e o aprofundamento da coopera\u00e7\u00e3o em todas as \u00e1reas. Segundo ele, as duas partes continuar\u00e3o a trabalhar em conjunto para implementar os importantes consensos alcan\u00e7ados pelo presidente Lula e pelo presidente Xi Jinping. \u201cO Brasil est\u00e1 disposto a trabalhar com o CMG e outros meios de comunica\u00e7\u00e3o chineses para aprofundar ainda mais o interc\u00e2mbio e a coopera\u00e7\u00e3o, contar bem a hist\u00f3ria de desenvolvimento comum e benef\u00edcio m\u00fatuo da China e do Brasil, e dar as m\u00e3os para promoveraconstru\u00e7\u00e3ode uma comunidade China-Brasil com um futuro compartilhado\u201d, disse Alckmin.<\/p>\n<p class=\"photo_img_20190808\"><img decoding=\"async\" src=\"https:\/\/p3crires.cri.cn\/photoworkspace\/cri\/contentimg\/2024\/11\/21\/2024112116404538277.jpg\" alt=\"\" width=\"1000\" \/><\/p>\n<p>Na ocasi\u00e3o, o vice-chefe do Departamento de Comunica\u00e7\u00e3o do Comit\u00ea Central doPartidoComunista da China e presidente do CMG, Shen Haixiong, afirmou que a China e o Brasil s\u00e3o \u201cbons amigos que partilham os mesmos ideais e bons parceiros que avan\u00e7am de m\u00e3os dadas\u201d. Como salientou o presidente Xi Jinping, nos \u00faltimos 50 anos, as duas partes sempre se respeitaram e se apoiaram mutuamente, dando um exemplo de coopera\u00e7\u00e3o de benef\u00edcio rec\u00edproco e futuro compartilhado entre os dois grandes pa\u00edses em desenvolvimento. Segundo ele, o CMG tem dedicado esfor\u00e7os para promover o interc\u00e2mbio cultural entre os dois pa\u00edses e o entendimento m\u00fatuo entre os dois povos. \u201cO CMG est\u00e1 disposto a trabalhar com amigos brasileiros de todas as esferas para aprofundar constantemente o interc\u00e2mbio cultural e interpessoal China-Brasil\u201d, salientou Shen.<\/p>\n<p class=\"photo_img_20190808\"><img decoding=\"async\" src=\"https:\/\/p3crires.cri.cn\/photoworkspace\/cri\/contentimg\/2024\/11\/21\/2024112116405926293.jpg\" alt=\"\" width=\"1000\" \/><\/p>\n<p>O ministro-chefe da Secretaria de Rela\u00e7\u00f5es Institucionais da Presid\u00eancia da Rep\u00fablica, Alexandre Padilha, disse que os dois pa\u00edses constru\u00edram pontes de comunica\u00e7\u00e3o e compreens\u00e3o atrav\u00e9s de extensos interc\u00e2mbios culturais. Ele espera que ambas as na\u00e7\u00f5es possam efetuar interc\u00e2mbios em mais \u00e1reas no futuro, tracem novos cap\u00edtulos de coopera\u00e7\u00e3o e enrique\u00e7am a conota\u00e7\u00e3o da parceria estrat\u00e9gica abrangente entre o Brasil e a China.<\/p>\n<p class=\"photo_img_20190808\"><img decoding=\"async\" src=\"https:\/\/p4crires.cri.cn\/photoworkspace\/cri\/contentimg\/2024\/11\/21\/2024112116411519152.jpg\" alt=\"\" width=\"1000\" \/><\/p>\n<p>Na ocasi\u00e3o, o ministro-chefe da Secretaria de Comunica\u00e7\u00e3o Social da Presid\u00eancia da Rep\u00fablica, Paulo Pimenta, disse que a m\u00eddia, como um importante meio de comunica\u00e7\u00e3o cultural, desempenha um papel-chave na promo\u00e7\u00e3o do interc\u00e2mbio cultural entre o Brasil e a China. Ele agradeceu ao CMG pela organiza\u00e7\u00e3o do evento, que ir\u00e1 aumentar ainda mais a compreens\u00e3o m\u00fatua entre os dois povos.<\/p>\n<p class=\"photo_img_20190808\"><img decoding=\"async\" src=\"https:\/\/p4crires.cri.cn\/photoworkspace\/cri\/contentimg\/2024\/11\/21\/2024112116412731634.jpg\" alt=\"\" width=\"1000\" \/><\/p>\n<p>A ministra da Cultura, Margareth Menezes apontou que, por ocasi\u00e3o da visita de Estado do presidente Xi Jinping ao Brasil, o Minist\u00e9rio da Cultura do Brasil e o CMG assinaram um documento de coopera\u00e7\u00e3o com o objetivo de promover o aprendizado m\u00fatuo entre as civiliza\u00e7\u00f5es brasileira e chinesa e a amizade entre os dois povos. Ela tamb\u00e9m espera que, no futuro, os dois pa\u00edses continuem a expandir o interc\u00e2mbio e a coopera\u00e7\u00e3o cultural, para escreverem novos cap\u00edtulos da amizade Brasil-China, que ultrapassa montanhas e oceanos.<\/p>\n<p class=\"photo_img_20190808\"><img decoding=\"async\" src=\"https:\/\/p5crires.cri.cn\/photoworkspace\/cri\/contentimg\/2024\/11\/21\/2024112116413958221.jpg\" alt=\"\" width=\"1000\" \/><\/p>\n<p>Por sua vez, a ministra substituta do Turismo, Ana Carla Lopes lembrou que a coopera\u00e7\u00e3o frut\u00edfera nos dom\u00ednios da cultura e do turismo entre o Brasil e a China enriqueceu muito a conota\u00e7\u00e3o cultural da parceria estrat\u00e9gica abrangente China-Brasil. Ela espera que os dois lados possam aproveitar essa atividade de interc\u00e2mbio cultural para promover uma coopera\u00e7\u00e3o mais ampla nos dom\u00ednios da cultura, turismo, arte, cinema, literatura e museus, bem como ajudar o desenvolvimento mais profundo da parceria estrat\u00e9gica abrangente China-Brasil.<\/p>\n<p class=\"photo_img_20190808\"><img decoding=\"async\" src=\"https:\/\/p3crires.cri.cn\/photoworkspace\/cri\/contentimg\/2024\/11\/21\/2024112116415340081.jpg\" alt=\"\" width=\"1000\" \/><\/p>\n<p>Em seu discurso, o presidente da Empresa Brasil de Comunica\u00e7\u00e3o (EBC), Jean Lima, lembrou que, nos \u00faltimos anos, o EBC e o CMG realizaram uma s\u00e9rie de coopera\u00e7\u00f5es na troca de produ\u00e7\u00f5es audiovisuais, na produ\u00e7\u00e3o conjunta e em outros aspectos, obtendo bons resultados. Ele espera que a EBC possa ampliar a coopera\u00e7\u00e3o com a m\u00eddia do Sul Global, incluindo o CMG, para mais \u00e1reas, como produ\u00e7\u00e3o de programas, aplica\u00e7\u00e3o de novas tecnologias, intelig\u00eancia artificial e interc\u00e2mbio de pessoal, entre outras.<\/p>\n<p class=\"photo_img_20190808\"><img decoding=\"async\" src=\"https:\/\/p5crires.cri.cn\/photoworkspace\/cri\/contentimg\/2024\/11\/21\/2024112116420578155.jpg\" alt=\"\" width=\"1000\" \/><\/p>\n<p>Em sua mensagem por v\u00eddeo, o embaixador do Brasil na China, Marcos Galv\u00e3o, afirmou que os dois pa\u00edses t\u00eam muito terreno ainda para melhorar ao longo dos anos que agora come\u00e7am, e que o conhecimento melhor \u00e9 uma base importante para o aprofundamento constante das rela\u00e7\u00f5es bilaterais. A intera\u00e7\u00e3o cultural e a coopera\u00e7\u00e3o da m\u00eddia proporcionam oportunidades valiosas para que os dois povos dos dois pa\u00edses se aproximassem um do outro.<\/p>\n<p class=\"photo_img_20190808\"><img decoding=\"async\" src=\"https:\/\/p4crires.cri.cn\/photoworkspace\/cri\/contentimg\/2024\/11\/21\/2024112116421412683.jpg\" alt=\"\" width=\"1000\" \/><\/p>\n<p>O embaixador da China no Brasil, Zhu Qingqiao, disse em sua mensagem por v\u00eddeo que os interc\u00e2mbios culturais e interpessoais constituem uma for\u00e7a motriz inesgot\u00e1vel para o desenvolvimento cont\u00ednuo das rela\u00e7\u00f5es bilaterais e que os povos dos dois pa\u00edses se compreendem bem e s\u00e3o pr\u00f3ximos um do outro, o que oferece um s\u00f3lido apoio popular para a coopera\u00e7\u00e3o amistosa sino-brasileira. A parte chinesa quer esfor\u00e7ar-se junto com diferentes setores do Brasil para elevar ainda mais a import\u00e2ncia estrat\u00e9gica, inovadora e orientadora dos la\u00e7os bilaterais.<\/p>\n<p class=\"photo_img_20190808\"><img decoding=\"async\" src=\"https:\/\/p4crires.cri.cn\/photoworkspace\/cri\/contentimg\/2024\/11\/21\/2024112116423463969.jpg\" alt=\"\" width=\"1000\" \/><\/p>\n<p>Por ocasi\u00e3o da visita de Estado do presidente Xi Jinping ao Brasil, o CMG assinou documentos de coopera\u00e7\u00e3o com o Minist\u00e9rio da Cultura do Brasil, a Secretaria de Comunica\u00e7\u00e3o Social da Presid\u00eancia da Rep\u00fablica, a EBC e a Confedera\u00e7\u00e3o da Agricultura e Pecu\u00e1ria do Brasil. Durante o evento de interc\u00e2mbio cultural, o CMG tamb\u00e9m trocou um documento de coopera\u00e7\u00e3o com o Festival Internacional de Cinema do Rio de Janeiro.<\/p>\n<p>No evento, foi lan\u00e7ada a quarta edi\u00e7\u00e3o do programa Exibi\u00e7\u00e3o de Filmes e S\u00e9ries Chinesas, que apresenta a rica cultura chinesa e a vitalidade da China na nova era por meio de v\u00e1rias obras cinematogr\u00e1ficas e televisivas.<\/p>\n<p>Na ocasi\u00e3o, tamb\u00e9m foi inaugurado o canal VOD \u201cHi+\u201d, criado conjuntamente pelo CMG e pelo grupo brasileiro Box Brasil, oferecendo uma plataforma mais ampla para os telespectadores brasileiros sentirem e compreenderem a China.<\/p>\n<p>Os participantes tiveram acesso a uma pesquisa de opini\u00e3o sobre a percep\u00e7\u00e3o da popula\u00e7\u00e3o brasileira em rela\u00e7\u00e3o \u00e0 China lan\u00e7ada conjuntamente pelo Instituto de Pesquisa em Comunica\u00e7\u00e3o Internacional do CMG e pelo Centro de Estudos de Direito Econ\u00f4mico e Social. Segundo os resultados, 86,4% dos inquiridos acreditam que a China e o Brasil s\u00e3o parceiros e 95,6% avaliam como significativa a contribui\u00e7\u00e3o da China para a economia mundial.<\/p>\n<p class=\"photo_img_20190808\"><img decoding=\"async\" src=\"https:\/\/p4crires.cri.cn\/photoworkspace\/cri\/contentimg\/2024\/11\/21\/2024112116425878358.png\" alt=\"\" width=\"1000\" \/><\/p>\n<p>Durante o evento, foi divulgada uma lista de programas selecionados em comemora\u00e7\u00e3o ao 50\u00ba anivers\u00e1rio das rela\u00e7\u00f5es diplom\u00e1ticas China-Brasil. Os dois document\u00e1rios do CMG apresentam um panorama dos resultados frut\u00edferos da uni\u00e3o e da coopera\u00e7\u00e3o entre a China e o Brasil. Obras de anima\u00e7\u00e3o transmitem o conceito ecol\u00f3gico dos dois pa\u00edses e unir as m\u00e3os para proteger a natureza e cuidar da vida.<\/p>\n<p class=\"photo_img_20190808\"><img decoding=\"async\" src=\"https:\/\/p1crires.cri.cn\/photoworkspace\/cri\/contentimg\/2024\/11\/21\/2024112116431845981.jpg\" alt=\"\" width=\"1000\" \/><\/p>\n<p>No evento, Eni Mariozzi Tavares, sobrinha de Carlos Tavares, um conhecido jornalista e escritor brasileiro e amigo da China, partilhou a hist\u00f3ria de amizade de seu tio com a China. Ao longo das d\u00e9cadas, Tavares manteve uma liga\u00e7\u00e3o profunda com o pa\u00eds e tornou-se um mensageiro da amizade entre as duas na\u00e7\u00f5es.<\/p>\n<p class=\"photo_img_20190808\"><img decoding=\"async\" src=\"https:\/\/p5crires.cri.cn\/photoworkspace\/cri\/contentimg\/2024\/11\/21\/2024112116434937747.jpg\" alt=\"\" width=\"1000\" \/><\/p>\n<p class=\"photo_img_20190808\"><img decoding=\"async\" src=\"https:\/\/p2crires.cri.cn\/photoworkspace\/cri\/contentimg\/2024\/11\/21\/2024112116440018244.jpg\" alt=\"\" width=\"1000\" \/><\/p>\n<p>A Orquestra Sinf\u00f4nica Brasileira Jovem, que se apresentou para a professora Peng Liyuan, esposa de Xi Jinping, durante a C\u00fapula do Brics 2019 em Bras\u00edlia, interpretou a can\u00e7\u00e3o brasileira \u201cNova Era\u201d e a can\u00e7\u00e3o chinesa \u201cNos campos da esperan\u00e7a\u201d, desejando uma amizade duradoura entre os dois pa\u00edses.<\/p>\n<p data-spm-anchor-id=\"0.0.0.i3\">Tamb\u00e9m estavam no evento de interc\u00e2mbio cultural o secret\u00e1rio de Pol\u00edticas Digitais da Secretaria Comunica\u00e7\u00e3o da Presid\u00eancia da Rep\u00fablica, Jo\u00e3o Brant; o presidente da Associa\u00e7\u00e3o Brasileira de Emissoras de R\u00e1dio e Televis\u00e3o, Fl\u00e1vio Lara Resende; o diretor do Instituto de Pesquisa de Rela\u00e7\u00f5es Internacionais da Funda\u00e7\u00e3o Alexandre de Gusm\u00e3o, Almir Lima Nascimento; o diretor do Departamento de Rela\u00e7\u00f5es Internacionais do CMG, Qi Zhuquan; a presidente da China International Television Corporation, Jiang Haiqing; o diretor do\u00a0Escrit\u00f3rio Editorial Geral do CMG, Jiang Jianzeng; o diretor do CMG Latin America, Zhu Boying; a\u00a0vice-editora-chefe da CGTN, Liu Cong; o vice-diretor do Departamento de Rela\u00e7\u00f5es Internacionais do CMG, Hua Gai; o vice-diretor do CMG Latin America, Li Weilin; a vice-diretora do CMG Latin America e chefe do Eepartamento de Espanhol da CGTN, Yin Xiaotong.<\/p>\n<\/div>\n","protected":false},"excerpt":{"rendered":"<p>Por ocasi\u00e3o da participa\u00e7\u00e3o do presidente chin\u00eas, Xi Jinping, na c\u00fapula de l\u00edderes do G20 e da sua visita de Estado ao Brasil, foi realizado ontem (20) em Bras\u00edlia, capital brasileira, o evento Interc\u00e2mbio Cultural em Comemora\u00e7\u00e3o ao 50\u00ba Anivers\u00e1rio&#8230;<\/p>\n","protected":false},"author":2,"featured_media":0,"comment_status":"open","ping_status":"open","sticky":false,"template":"","format":"standard","meta":{"footnotes":""},"categories":[8],"tags":[],"class_list":["post-6876","post","type-post","status-publish","format-standard","hentry","category-internacional"],"yoast_head":"<!-- This site is optimized with the Yoast SEO plugin v27.4 - https:\/\/yoast.com\/product\/yoast-seo-wordpress\/ -->\n<title>Bras\u00edlia recebe evento Interc\u00e2mbio Cultural China-Brasil - CRI e Diario de Pernambuco<\/title>\n<meta name=\"robots\" content=\"index, follow, max-snippet:-1, max-image-preview:large, max-video-preview:-1\" \/>\n<link rel=\"canonical\" href=\"https:\/\/diariodepe.com.br\/cri\/2024\/11\/21\/brasilia-recebe-evento-intercambio-cultural-china-brasil\/\" \/>\n<meta property=\"og:locale\" content=\"pt_BR\" \/>\n<meta property=\"og:type\" content=\"article\" \/>\n<meta property=\"og:title\" content=\"Bras\u00edlia recebe evento Interc\u00e2mbio Cultural China-Brasil - CRI e Diario de Pernambuco\" \/>\n<meta property=\"og:description\" content=\"Por ocasi\u00e3o da participa\u00e7\u00e3o do presidente chin\u00eas, Xi Jinping, na c\u00fapula de l\u00edderes do G20 e da sua visita de Estado ao Brasil, foi realizado ontem (20) em Bras\u00edlia, capital brasileira, o evento Interc\u00e2mbio Cultural em Comemora\u00e7\u00e3o ao 50\u00ba Anivers\u00e1rio...\" \/>\n<meta property=\"og:url\" content=\"https:\/\/diariodepe.com.br\/cri\/2024\/11\/21\/brasilia-recebe-evento-intercambio-cultural-china-brasil\/\" \/>\n<meta property=\"og:site_name\" content=\"CRI e Diario de Pernambuco\" \/>\n<meta property=\"article:published_time\" content=\"2024-11-21T03:10:00+00:00\" \/>\n<meta property=\"article:modified_time\" content=\"2024-11-22T01:57:50+00:00\" \/>\n<meta property=\"og:image\" content=\"https:\/\/p1crires.cri.cn\/photoworkspace\/cri\/contentimg\/2024\/11\/22\/2024112209151333896.jpg\" \/>\n<meta name=\"author\" content=\"Ismael Lucas S. Pereira\" \/>\n<meta name=\"twitter:card\" content=\"summary_large_image\" \/>\n<meta name=\"twitter:label1\" content=\"Escrito por\" \/>\n\t<meta name=\"twitter:data1\" content=\"Ismael Lucas S. Pereira\" \/>\n\t<meta name=\"twitter:label2\" content=\"Est. tempo de leitura\" \/>\n\t<meta name=\"twitter:data2\" content=\"12 minutos\" \/>\n<script type=\"application\/ld+json\" class=\"yoast-schema-graph\">{\"@context\":\"https:\\\/\\\/schema.org\",\"@graph\":[{\"@type\":\"Article\",\"@id\":\"https:\\\/\\\/diariodepe.com.br\\\/cri\\\/2024\\\/11\\\/21\\\/brasilia-recebe-evento-intercambio-cultural-china-brasil\\\/#article\",\"isPartOf\":{\"@id\":\"https:\\\/\\\/diariodepe.com.br\\\/cri\\\/2024\\\/11\\\/21\\\/brasilia-recebe-evento-intercambio-cultural-china-brasil\\\/\"},\"author\":{\"name\":\"Ismael Lucas S. Pereira\",\"@id\":\"https:\\\/\\\/diariodepe.com.br\\\/cri\\\/#\\\/schema\\\/person\\\/121bb28d84f1a5b1205ef4ce9c2e0c6b\"},\"headline\":\"Bras\u00edlia recebe evento Interc\u00e2mbio Cultural China-Brasil\",\"datePublished\":\"2024-11-21T03:10:00+00:00\",\"dateModified\":\"2024-11-22T01:57:50+00:00\",\"mainEntityOfPage\":{\"@id\":\"https:\\\/\\\/diariodepe.com.br\\\/cri\\\/2024\\\/11\\\/21\\\/brasilia-recebe-evento-intercambio-cultural-china-brasil\\\/\"},\"wordCount\":1665,\"commentCount\":0,\"publisher\":{\"@id\":\"https:\\\/\\\/diariodepe.com.br\\\/cri\\\/#organization\"},\"image\":{\"@id\":\"https:\\\/\\\/diariodepe.com.br\\\/cri\\\/2024\\\/11\\\/21\\\/brasilia-recebe-evento-intercambio-cultural-china-brasil\\\/#primaryimage\"},\"thumbnailUrl\":\"https:\\\/\\\/p1crires.cri.cn\\\/photoworkspace\\\/cri\\\/contentimg\\\/2024\\\/11\\\/22\\\/2024112209151333896.jpg\",\"articleSection\":[\"Internacional\"],\"inLanguage\":\"pt-BR\",\"potentialAction\":[{\"@type\":\"CommentAction\",\"name\":\"Comment\",\"target\":[\"https:\\\/\\\/diariodepe.com.br\\\/cri\\\/2024\\\/11\\\/21\\\/brasilia-recebe-evento-intercambio-cultural-china-brasil\\\/#respond\"]}]},{\"@type\":\"WebPage\",\"@id\":\"https:\\\/\\\/diariodepe.com.br\\\/cri\\\/2024\\\/11\\\/21\\\/brasilia-recebe-evento-intercambio-cultural-china-brasil\\\/\",\"url\":\"https:\\\/\\\/diariodepe.com.br\\\/cri\\\/2024\\\/11\\\/21\\\/brasilia-recebe-evento-intercambio-cultural-china-brasil\\\/\",\"name\":\"Bras\u00edlia recebe evento Interc\u00e2mbio Cultural China-Brasil - CRI e Diario de Pernambuco\",\"isPartOf\":{\"@id\":\"https:\\\/\\\/diariodepe.com.br\\\/cri\\\/#website\"},\"primaryImageOfPage\":{\"@id\":\"https:\\\/\\\/diariodepe.com.br\\\/cri\\\/2024\\\/11\\\/21\\\/brasilia-recebe-evento-intercambio-cultural-china-brasil\\\/#primaryimage\"},\"image\":{\"@id\":\"https:\\\/\\\/diariodepe.com.br\\\/cri\\\/2024\\\/11\\\/21\\\/brasilia-recebe-evento-intercambio-cultural-china-brasil\\\/#primaryimage\"},\"thumbnailUrl\":\"https:\\\/\\\/p1crires.cri.cn\\\/photoworkspace\\\/cri\\\/contentimg\\\/2024\\\/11\\\/22\\\/2024112209151333896.jpg\",\"datePublished\":\"2024-11-21T03:10:00+00:00\",\"dateModified\":\"2024-11-22T01:57:50+00:00\",\"breadcrumb\":{\"@id\":\"https:\\\/\\\/diariodepe.com.br\\\/cri\\\/2024\\\/11\\\/21\\\/brasilia-recebe-evento-intercambio-cultural-china-brasil\\\/#breadcrumb\"},\"inLanguage\":\"pt-BR\",\"potentialAction\":[{\"@type\":\"ReadAction\",\"target\":[\"https:\\\/\\\/diariodepe.com.br\\\/cri\\\/2024\\\/11\\\/21\\\/brasilia-recebe-evento-intercambio-cultural-china-brasil\\\/\"]}]},{\"@type\":\"ImageObject\",\"inLanguage\":\"pt-BR\",\"@id\":\"https:\\\/\\\/diariodepe.com.br\\\/cri\\\/2024\\\/11\\\/21\\\/brasilia-recebe-evento-intercambio-cultural-china-brasil\\\/#primaryimage\",\"url\":\"https:\\\/\\\/p1crires.cri.cn\\\/photoworkspace\\\/cri\\\/contentimg\\\/2024\\\/11\\\/22\\\/2024112209151333896.jpg\",\"contentUrl\":\"https:\\\/\\\/p1crires.cri.cn\\\/photoworkspace\\\/cri\\\/contentimg\\\/2024\\\/11\\\/22\\\/2024112209151333896.jpg\"},{\"@type\":\"BreadcrumbList\",\"@id\":\"https:\\\/\\\/diariodepe.com.br\\\/cri\\\/2024\\\/11\\\/21\\\/brasilia-recebe-evento-intercambio-cultural-china-brasil\\\/#breadcrumb\",\"itemListElement\":[{\"@type\":\"ListItem\",\"position\":1,\"name\":\"In\u00edcio\",\"item\":\"https:\\\/\\\/diariodepe.com.br\\\/cri\\\/\"},{\"@type\":\"ListItem\",\"position\":2,\"name\":\"Bras\u00edlia recebe evento Interc\u00e2mbio Cultural China-Brasil\"}]},{\"@type\":\"WebSite\",\"@id\":\"https:\\\/\\\/diariodepe.com.br\\\/cri\\\/#website\",\"url\":\"https:\\\/\\\/diariodepe.com.br\\\/cri\\\/\",\"name\":\"CRI e Diario de Pernambuco\",\"description\":\"R\u00e1dio Internacional da China\",\"publisher\":{\"@id\":\"https:\\\/\\\/diariodepe.com.br\\\/cri\\\/#organization\"},\"potentialAction\":[{\"@type\":\"SearchAction\",\"target\":{\"@type\":\"EntryPoint\",\"urlTemplate\":\"https:\\\/\\\/diariodepe.com.br\\\/cri\\\/?s={search_term_string}\"},\"query-input\":{\"@type\":\"PropertyValueSpecification\",\"valueRequired\":true,\"valueName\":\"search_term_string\"}}],\"inLanguage\":\"pt-BR\"},{\"@type\":\"Organization\",\"@id\":\"https:\\\/\\\/diariodepe.com.br\\\/cri\\\/#organization\",\"name\":\"CRI e Diario de Pernambuco\",\"url\":\"https:\\\/\\\/diariodepe.com.br\\\/cri\\\/\",\"logo\":{\"@type\":\"ImageObject\",\"inLanguage\":\"pt-BR\",\"@id\":\"https:\\\/\\\/diariodepe.com.br\\\/cri\\\/#\\\/schema\\\/logo\\\/image\\\/\",\"url\":\"https:\\\/\\\/diariodepe.com.br\\\/cri\\\/wp-content\\\/uploads\\\/sites\\\/2\\\/2022\\\/12\\\/cropped-Logo.jpg\",\"contentUrl\":\"https:\\\/\\\/diariodepe.com.br\\\/cri\\\/wp-content\\\/uploads\\\/sites\\\/2\\\/2022\\\/12\\\/cropped-Logo.jpg\",\"width\":700,\"height\":59,\"caption\":\"CRI e Diario de Pernambuco\"},\"image\":{\"@id\":\"https:\\\/\\\/diariodepe.com.br\\\/cri\\\/#\\\/schema\\\/logo\\\/image\\\/\"}},{\"@type\":\"Person\",\"@id\":\"https:\\\/\\\/diariodepe.com.br\\\/cri\\\/#\\\/schema\\\/person\\\/121bb28d84f1a5b1205ef4ce9c2e0c6b\",\"name\":\"Ismael Lucas S. Pereira\",\"image\":{\"@type\":\"ImageObject\",\"inLanguage\":\"pt-BR\",\"@id\":\"https:\\\/\\\/secure.gravatar.com\\\/avatar\\\/887a0f3b5a7ceea963a48499fb883ffce6b5037362def025c52c2505b15d63e4?s=96&d=mm&r=g\",\"url\":\"https:\\\/\\\/secure.gravatar.com\\\/avatar\\\/887a0f3b5a7ceea963a48499fb883ffce6b5037362def025c52c2505b15d63e4?s=96&d=mm&r=g\",\"contentUrl\":\"https:\\\/\\\/secure.gravatar.com\\\/avatar\\\/887a0f3b5a7ceea963a48499fb883ffce6b5037362def025c52c2505b15d63e4?s=96&d=mm&r=g\",\"caption\":\"Ismael Lucas S. Pereira\"},\"url\":\"https:\\\/\\\/diariodepe.com.br\\\/cri\\\/author\\\/ismael-lucas\\\/\"}]}<\/script>\n<!-- \/ Yoast SEO plugin. -->","yoast_head_json":{"title":"Bras\u00edlia recebe evento Interc\u00e2mbio Cultural China-Brasil - CRI e Diario de Pernambuco","robots":{"index":"index","follow":"follow","max-snippet":"max-snippet:-1","max-image-preview":"max-image-preview:large","max-video-preview":"max-video-preview:-1"},"canonical":"https:\/\/diariodepe.com.br\/cri\/2024\/11\/21\/brasilia-recebe-evento-intercambio-cultural-china-brasil\/","og_locale":"pt_BR","og_type":"article","og_title":"Bras\u00edlia recebe evento Interc\u00e2mbio Cultural China-Brasil - CRI e Diario de Pernambuco","og_description":"Por ocasi\u00e3o da participa\u00e7\u00e3o do presidente chin\u00eas, Xi Jinping, na c\u00fapula de l\u00edderes do G20 e da sua visita de Estado ao Brasil, foi realizado ontem (20) em Bras\u00edlia, capital brasileira, o evento Interc\u00e2mbio Cultural em Comemora\u00e7\u00e3o ao 50\u00ba Anivers\u00e1rio...","og_url":"https:\/\/diariodepe.com.br\/cri\/2024\/11\/21\/brasilia-recebe-evento-intercambio-cultural-china-brasil\/","og_site_name":"CRI e Diario de Pernambuco","article_published_time":"2024-11-21T03:10:00+00:00","article_modified_time":"2024-11-22T01:57:50+00:00","og_image":[{"url":"https:\/\/p1crires.cri.cn\/photoworkspace\/cri\/contentimg\/2024\/11\/22\/2024112209151333896.jpg","type":"","width":"","height":""}],"author":"Ismael Lucas S. Pereira","twitter_card":"summary_large_image","twitter_misc":{"Escrito por":"Ismael Lucas S. Pereira","Est. tempo de leitura":"12 minutos"},"schema":{"@context":"https:\/\/schema.org","@graph":[{"@type":"Article","@id":"https:\/\/diariodepe.com.br\/cri\/2024\/11\/21\/brasilia-recebe-evento-intercambio-cultural-china-brasil\/#article","isPartOf":{"@id":"https:\/\/diariodepe.com.br\/cri\/2024\/11\/21\/brasilia-recebe-evento-intercambio-cultural-china-brasil\/"},"author":{"name":"Ismael Lucas S. Pereira","@id":"https:\/\/diariodepe.com.br\/cri\/#\/schema\/person\/121bb28d84f1a5b1205ef4ce9c2e0c6b"},"headline":"Bras\u00edlia recebe evento Interc\u00e2mbio Cultural China-Brasil","datePublished":"2024-11-21T03:10:00+00:00","dateModified":"2024-11-22T01:57:50+00:00","mainEntityOfPage":{"@id":"https:\/\/diariodepe.com.br\/cri\/2024\/11\/21\/brasilia-recebe-evento-intercambio-cultural-china-brasil\/"},"wordCount":1665,"commentCount":0,"publisher":{"@id":"https:\/\/diariodepe.com.br\/cri\/#organization"},"image":{"@id":"https:\/\/diariodepe.com.br\/cri\/2024\/11\/21\/brasilia-recebe-evento-intercambio-cultural-china-brasil\/#primaryimage"},"thumbnailUrl":"https:\/\/p1crires.cri.cn\/photoworkspace\/cri\/contentimg\/2024\/11\/22\/2024112209151333896.jpg","articleSection":["Internacional"],"inLanguage":"pt-BR","potentialAction":[{"@type":"CommentAction","name":"Comment","target":["https:\/\/diariodepe.com.br\/cri\/2024\/11\/21\/brasilia-recebe-evento-intercambio-cultural-china-brasil\/#respond"]}]},{"@type":"WebPage","@id":"https:\/\/diariodepe.com.br\/cri\/2024\/11\/21\/brasilia-recebe-evento-intercambio-cultural-china-brasil\/","url":"https:\/\/diariodepe.com.br\/cri\/2024\/11\/21\/brasilia-recebe-evento-intercambio-cultural-china-brasil\/","name":"Bras\u00edlia recebe evento Interc\u00e2mbio Cultural China-Brasil - CRI e Diario de Pernambuco","isPartOf":{"@id":"https:\/\/diariodepe.com.br\/cri\/#website"},"primaryImageOfPage":{"@id":"https:\/\/diariodepe.com.br\/cri\/2024\/11\/21\/brasilia-recebe-evento-intercambio-cultural-china-brasil\/#primaryimage"},"image":{"@id":"https:\/\/diariodepe.com.br\/cri\/2024\/11\/21\/brasilia-recebe-evento-intercambio-cultural-china-brasil\/#primaryimage"},"thumbnailUrl":"https:\/\/p1crires.cri.cn\/photoworkspace\/cri\/contentimg\/2024\/11\/22\/2024112209151333896.jpg","datePublished":"2024-11-21T03:10:00+00:00","dateModified":"2024-11-22T01:57:50+00:00","breadcrumb":{"@id":"https:\/\/diariodepe.com.br\/cri\/2024\/11\/21\/brasilia-recebe-evento-intercambio-cultural-china-brasil\/#breadcrumb"},"inLanguage":"pt-BR","potentialAction":[{"@type":"ReadAction","target":["https:\/\/diariodepe.com.br\/cri\/2024\/11\/21\/brasilia-recebe-evento-intercambio-cultural-china-brasil\/"]}]},{"@type":"ImageObject","inLanguage":"pt-BR","@id":"https:\/\/diariodepe.com.br\/cri\/2024\/11\/21\/brasilia-recebe-evento-intercambio-cultural-china-brasil\/#primaryimage","url":"https:\/\/p1crires.cri.cn\/photoworkspace\/cri\/contentimg\/2024\/11\/22\/2024112209151333896.jpg","contentUrl":"https:\/\/p1crires.cri.cn\/photoworkspace\/cri\/contentimg\/2024\/11\/22\/2024112209151333896.jpg"},{"@type":"BreadcrumbList","@id":"https:\/\/diariodepe.com.br\/cri\/2024\/11\/21\/brasilia-recebe-evento-intercambio-cultural-china-brasil\/#breadcrumb","itemListElement":[{"@type":"ListItem","position":1,"name":"In\u00edcio","item":"https:\/\/diariodepe.com.br\/cri\/"},{"@type":"ListItem","position":2,"name":"Bras\u00edlia recebe evento Interc\u00e2mbio Cultural China-Brasil"}]},{"@type":"WebSite","@id":"https:\/\/diariodepe.com.br\/cri\/#website","url":"https:\/\/diariodepe.com.br\/cri\/","name":"CRI e Diario de Pernambuco","description":"R\u00e1dio Internacional da China","publisher":{"@id":"https:\/\/diariodepe.com.br\/cri\/#organization"},"potentialAction":[{"@type":"SearchAction","target":{"@type":"EntryPoint","urlTemplate":"https:\/\/diariodepe.com.br\/cri\/?s={search_term_string}"},"query-input":{"@type":"PropertyValueSpecification","valueRequired":true,"valueName":"search_term_string"}}],"inLanguage":"pt-BR"},{"@type":"Organization","@id":"https:\/\/diariodepe.com.br\/cri\/#organization","name":"CRI e Diario de Pernambuco","url":"https:\/\/diariodepe.com.br\/cri\/","logo":{"@type":"ImageObject","inLanguage":"pt-BR","@id":"https:\/\/diariodepe.com.br\/cri\/#\/schema\/logo\/image\/","url":"https:\/\/diariodepe.com.br\/cri\/wp-content\/uploads\/sites\/2\/2022\/12\/cropped-Logo.jpg","contentUrl":"https:\/\/diariodepe.com.br\/cri\/wp-content\/uploads\/sites\/2\/2022\/12\/cropped-Logo.jpg","width":700,"height":59,"caption":"CRI e Diario de Pernambuco"},"image":{"@id":"https:\/\/diariodepe.com.br\/cri\/#\/schema\/logo\/image\/"}},{"@type":"Person","@id":"https:\/\/diariodepe.com.br\/cri\/#\/schema\/person\/121bb28d84f1a5b1205ef4ce9c2e0c6b","name":"Ismael Lucas S. Pereira","image":{"@type":"ImageObject","inLanguage":"pt-BR","@id":"https:\/\/secure.gravatar.com\/avatar\/887a0f3b5a7ceea963a48499fb883ffce6b5037362def025c52c2505b15d63e4?s=96&d=mm&r=g","url":"https:\/\/secure.gravatar.com\/avatar\/887a0f3b5a7ceea963a48499fb883ffce6b5037362def025c52c2505b15d63e4?s=96&d=mm&r=g","contentUrl":"https:\/\/secure.gravatar.com\/avatar\/887a0f3b5a7ceea963a48499fb883ffce6b5037362def025c52c2505b15d63e4?s=96&d=mm&r=g","caption":"Ismael Lucas S. Pereira"},"url":"https:\/\/diariodepe.com.br\/cri\/author\/ismael-lucas\/"}]}},"cc_featured_image_caption":{"caption_text":false,"source_text":false,"source_url":false},"amp_enabled":true,"_links":{"self":[{"href":"https:\/\/diariodepe.com.br\/cri\/wp-json\/wp\/v2\/posts\/6876","targetHints":{"allow":["GET"]}}],"collection":[{"href":"https:\/\/diariodepe.com.br\/cri\/wp-json\/wp\/v2\/posts"}],"about":[{"href":"https:\/\/diariodepe.com.br\/cri\/wp-json\/wp\/v2\/types\/post"}],"author":[{"embeddable":true,"href":"https:\/\/diariodepe.com.br\/cri\/wp-json\/wp\/v2\/users\/2"}],"replies":[{"embeddable":true,"href":"https:\/\/diariodepe.com.br\/cri\/wp-json\/wp\/v2\/comments?post=6876"}],"version-history":[{"count":3,"href":"https:\/\/diariodepe.com.br\/cri\/wp-json\/wp\/v2\/posts\/6876\/revisions"}],"predecessor-version":[{"id":6893,"href":"https:\/\/diariodepe.com.br\/cri\/wp-json\/wp\/v2\/posts\/6876\/revisions\/6893"}],"wp:attachment":[{"href":"https:\/\/diariodepe.com.br\/cri\/wp-json\/wp\/v2\/media?parent=6876"}],"wp:term":[{"taxonomy":"category","embeddable":true,"href":"https:\/\/diariodepe.com.br\/cri\/wp-json\/wp\/v2\/categories?post=6876"},{"taxonomy":"post_tag","embeddable":true,"href":"https:\/\/diariodepe.com.br\/cri\/wp-json\/wp\/v2\/tags?post=6876"}],"curies":[{"name":"wp","href":"https:\/\/api.w.org\/{rel}","templated":true}]}}