{"id":6873,"date":"2024-11-20T20:05:29","date_gmt":"2024-11-20T23:05:29","guid":{"rendered":"https:\/\/diariodepe.com.br\/cri\/?p=6873"},"modified":"2024-11-21T03:05:04","modified_gmt":"2024-11-21T06:05:04","slug":"a-terceira-temporada-do-programa-classicos-citados-por-xi-jinping-na-versao-em-portugues-e-exibida-nos-principais-meios-de-comunicacao-do-brasil","status":"publish","type":"post","link":"https:\/\/diariodepe.com.br\/cri\/2024\/11\/20\/a-terceira-temporada-do-programa-classicos-citados-por-xi-jinping-na-versao-em-portugues-e-exibida-nos-principais-meios-de-comunicacao-do-brasil\/","title":{"rendered":"A terceira temporada do programa Cl\u00e1ssicos Citados por Xi Jinping na vers\u00e3o em portugu\u00eas \u00e9 exibida nos principais meios de comunica\u00e7\u00e3o do Brasil"},"content":{"rendered":"<div class=\"col_w720\">\n<div class=\"portuguese_details\">\n<div id=\"abody\" class=\"abody\">\n<p class=\"photo_img_20190808\"><img decoding=\"async\" src=\"https:\/\/p2crires.cri.cn\/photoworkspace\/cri\/contentimg\/2024\/11\/21\/2024112106191593415.jpeg\" alt=\"\" width=\"1000\" \/><\/p>\n<p data-spm-anchor-id=\"0.0.0.i1\">Durante a participa\u00e7\u00e3o da c\u00fapula de l\u00edderes do G20 e da visita de Estado do presidente chin\u00eas, Xi Jinping, ao Brasil, a terceira temporada do programa Cl\u00e1ssicos Citados por Xi Jinping na vers\u00e3o em portugu\u00eas, produzida pelo Grupo de M\u00eddia da China (CMG), come\u00e7ou a ser transmitida no dia 20 de novembro, nos principais meios de comunica\u00e7\u00e3o do Brasil.<\/p>\n<p>A terceira temporada do programa Cl\u00e1ssicos Citados por Xi Jinping em portugu\u00eas apresenta uma sele\u00e7\u00e3o cuidadosa de frases cl\u00e1ssicas antigas que o presidente Xi Jinping citou em discursos, artigos e conversas e foca em temas como comunidade com um futuro partilhado para a humanidade, heran\u00e7a cultural e inova\u00e7\u00e3o, preserva\u00e7\u00e3o da biodiversidade, interc\u00e2mbios e aprendizagem m\u00fatua entre as civiliza\u00e7\u00f5es, mostrando de forma brilhante a not\u00e1vel sabedoria pol\u00edtica, os profundos sentimentos humanistas e as amplas vis\u00f5es hist\u00f3ricas e mundiais do presidente Xi Jinping, e retratando ao p\u00fablico as ra\u00edzes culturais da moderniza\u00e7\u00e3o chinesa.<\/p>\n<p class=\"photo_img_20190808\"><img decoding=\"async\" src=\"https:\/\/p3crires.cri.cn\/photoworkspace\/cri\/contentimg\/2024\/11\/21\/2024112106224677224.jpeg\" alt=\"\" width=\"1000\" \/><\/p>\n<p class=\"photo_img_20190808\"><img decoding=\"async\" src=\"https:\/\/p1crires.cri.cn\/photoworkspace\/cri\/contentimg\/2024\/11\/21\/2024112106262794338.jpeg\" alt=\"\" width=\"1000\" \/><\/p>\n<p>O vice-presidente do Brasil, Geraldo Alckmin, o presidente do CMG, Shen Haixiong, o ministro-chefe da Secretaria de Rela\u00e7\u00f5es Institucionais da Presid\u00eancia da Rep\u00fablica, Alexandre Padilha, a ministra da Cultura, Margareth Menezes, entre outros convidados participaram da cerim\u00f4nia e proferiram discursos. O embaixador brasileiro na China, Marcos Galv\u00e3o e o embaixador chin\u00eas no Brasil, Zhu Qingqiao, discursam por v\u00eddeo no evento.<\/p>\n<p class=\"photo_img_20190808\"><img decoding=\"async\" src=\"https:\/\/p4crires.cri.cn\/photoworkspace\/cri\/contentimg\/2024\/11\/21\/2024112106264263702.jpeg\" alt=\"\" width=\"1000\" \/><\/p>\n<p class=\"photo_img_20190808\"><img decoding=\"async\" src=\"https:\/\/p1crires.cri.cn\/photoworkspace\/cri\/contentimg\/2024\/11\/21\/2024112106265920906.jpeg\" alt=\"\" width=\"1000\" \/><\/p>\n<p>Este ano marca o 50\u00ba anivers\u00e1rio do estabelecimento das rela\u00e7\u00f5es diplom\u00e1ticas entre a China e o Brasil. Ao longo do \u00faltimo meio s\u00e9culo, as rela\u00e7\u00f5es China-Brasil t\u00eam se desenvolvido de forma constante e a coopera\u00e7\u00e3o bilateral pragm\u00e1tica produziu resultados frut\u00edferos. As conquistas e experi\u00eancias acumuladas pelos dois pa\u00edses criaram condi\u00e7\u00f5es para o aprofundamento do di\u00e1logo entre as civiliza\u00e7\u00f5es e o fortalecimento da amizade entre os dois povos. O programa selecionou cuidadosamente o antigo ditado chin\u00eas, &#8220;a menos que aprendam com os pontos fortes de cem escolas de pensamento, n\u00e3o poder\u00e3o alcan\u00e7ar a singularidade individual&#8221;, para representar a proposta da China de respeitar a diversidade das civiliza\u00e7\u00f5es mundiais e demonstrar ao p\u00fablico de outros pa\u00edses, incluindo o do Brasil, a sabedoria e as solu\u00e7\u00f5es chinesas apresentadas pelo presidente Xi Jinping para enfrentar de frente os desafios da humanidade.<\/p>\n<p class=\"photo_img_20190808\"><img decoding=\"async\" class=\"aligncenter\" src=\"https:\/\/p5crires.cri.cn\/photoworkspace\/cri\/contentimg\/2024\/11\/21\/2024112106274641286.png\" alt=\"\" \/><\/p>\n<p class=\"photo_img_20190808\"><img decoding=\"async\" src=\"https:\/\/p5crires.cri.cn\/photoworkspace\/cri\/contentimg\/2024\/11\/21\/2024112106281187835.jpeg\" alt=\"\" width=\"1000\" \/><\/p>\n<p>A terceira temporada do programa Cl\u00e1ssicos Citados por Xi Jinping na vers\u00e3o em portugu\u00eas come\u00e7ou a ser transmitida no dia 20 de novembro, nas plataformas dos principais meios de comunica\u00e7\u00e3o do Brasil, tais como o Grupo Bandeirantes, SBT, Box Brasil, TV Nova Noroeste. Ve\u00edculos de comunica\u00e7\u00e3o, tais como Folha de S\u00e3o Paulo, SBT, Jornal de Pernambuco, bem como CongressoNews do Brasil, Revista F\u00f3rum, Revista Isto \u00e9 e outros, veicularam reportagem sobre o lan\u00e7amento do programa.<\/p>\n<\/div>\n<\/div>\n<\/div>\n","protected":false},"excerpt":{"rendered":"<p>Durante a participa\u00e7\u00e3o da c\u00fapula de l\u00edderes do G20 e da visita de Estado do presidente chin\u00eas, Xi Jinping, ao Brasil, a terceira temporada do programa Cl\u00e1ssicos Citados por Xi Jinping na vers\u00e3o em portugu\u00eas, produzida pelo Grupo de M\u00eddia&#8230;<\/p>\n","protected":false},"author":2,"featured_media":6874,"comment_status":"open","ping_status":"open","sticky":false,"template":"","format":"standard","meta":{"footnotes":""},"categories":[5,8],"tags":[],"class_list":["post-6873","post","type-post","status-publish","format-standard","has-post-thumbnail","hentry","category-destaques-capa","category-internacional"],"yoast_head":"<!-- This site is optimized with the Yoast SEO plugin v27.4 - https:\/\/yoast.com\/product\/yoast-seo-wordpress\/ -->\n<title>A terceira temporada do programa Cl\u00e1ssicos Citados por Xi Jinping na vers\u00e3o em portugu\u00eas \u00e9 exibida nos principais meios de comunica\u00e7\u00e3o do Brasil - CRI e Diario de Pernambuco<\/title>\n<meta name=\"robots\" content=\"index, follow, max-snippet:-1, max-image-preview:large, max-video-preview:-1\" \/>\n<link rel=\"canonical\" href=\"https:\/\/diariodepe.com.br\/cri\/2024\/11\/20\/a-terceira-temporada-do-programa-classicos-citados-por-xi-jinping-na-versao-em-portugues-e-exibida-nos-principais-meios-de-comunicacao-do-brasil\/\" \/>\n<meta property=\"og:locale\" content=\"pt_BR\" \/>\n<meta property=\"og:type\" content=\"article\" \/>\n<meta property=\"og:title\" content=\"A terceira temporada do programa Cl\u00e1ssicos Citados por Xi Jinping na vers\u00e3o em portugu\u00eas \u00e9 exibida nos principais meios de comunica\u00e7\u00e3o do Brasil - CRI e Diario de Pernambuco\" \/>\n<meta property=\"og:description\" content=\"Durante a participa\u00e7\u00e3o da c\u00fapula de l\u00edderes do G20 e da visita de Estado do presidente chin\u00eas, Xi Jinping, ao Brasil, a terceira temporada do programa Cl\u00e1ssicos Citados por Xi Jinping na vers\u00e3o em portugu\u00eas, produzida pelo Grupo de M\u00eddia...\" \/>\n<meta property=\"og:url\" content=\"https:\/\/diariodepe.com.br\/cri\/2024\/11\/20\/a-terceira-temporada-do-programa-classicos-citados-por-xi-jinping-na-versao-em-portugues-e-exibida-nos-principais-meios-de-comunicacao-do-brasil\/\" \/>\n<meta property=\"og:site_name\" content=\"CRI e Diario de Pernambuco\" \/>\n<meta property=\"article:published_time\" content=\"2024-11-20T23:05:29+00:00\" \/>\n<meta property=\"article:modified_time\" content=\"2024-11-21T06:05:04+00:00\" \/>\n<meta property=\"og:image\" content=\"https:\/\/diariodepe.com.br\/cri\/wp-content\/uploads\/sites\/2\/2024\/11\/IMG_8776-scaled.jpg\" \/>\n\t<meta property=\"og:image:width\" content=\"2560\" \/>\n\t<meta property=\"og:image:height\" content=\"1508\" \/>\n\t<meta property=\"og:image:type\" content=\"image\/jpeg\" \/>\n<meta name=\"author\" content=\"Ismael Lucas S. Pereira\" \/>\n<meta name=\"twitter:card\" content=\"summary_large_image\" \/>\n<meta name=\"twitter:label1\" content=\"Escrito por\" \/>\n\t<meta name=\"twitter:data1\" content=\"Ismael Lucas S. Pereira\" \/>\n\t<meta name=\"twitter:label2\" content=\"Est. tempo de leitura\" \/>\n\t<meta name=\"twitter:data2\" content=\"4 minutos\" \/>\n<script type=\"application\/ld+json\" class=\"yoast-schema-graph\">{\"@context\":\"https:\\\/\\\/schema.org\",\"@graph\":[{\"@type\":\"Article\",\"@id\":\"https:\\\/\\\/diariodepe.com.br\\\/cri\\\/2024\\\/11\\\/20\\\/a-terceira-temporada-do-programa-classicos-citados-por-xi-jinping-na-versao-em-portugues-e-exibida-nos-principais-meios-de-comunicacao-do-brasil\\\/#article\",\"isPartOf\":{\"@id\":\"https:\\\/\\\/diariodepe.com.br\\\/cri\\\/2024\\\/11\\\/20\\\/a-terceira-temporada-do-programa-classicos-citados-por-xi-jinping-na-versao-em-portugues-e-exibida-nos-principais-meios-de-comunicacao-do-brasil\\\/\"},\"author\":{\"name\":\"Ismael Lucas S. Pereira\",\"@id\":\"https:\\\/\\\/diariodepe.com.br\\\/cri\\\/#\\\/schema\\\/person\\\/121bb28d84f1a5b1205ef4ce9c2e0c6b\"},\"headline\":\"A terceira temporada do programa Cl\u00e1ssicos Citados por Xi Jinping na vers\u00e3o em portugu\u00eas \u00e9 exibida nos principais meios de comunica\u00e7\u00e3o do Brasil\",\"datePublished\":\"2024-11-20T23:05:29+00:00\",\"dateModified\":\"2024-11-21T06:05:04+00:00\",\"mainEntityOfPage\":{\"@id\":\"https:\\\/\\\/diariodepe.com.br\\\/cri\\\/2024\\\/11\\\/20\\\/a-terceira-temporada-do-programa-classicos-citados-por-xi-jinping-na-versao-em-portugues-e-exibida-nos-principais-meios-de-comunicacao-do-brasil\\\/\"},\"wordCount\":510,\"commentCount\":0,\"publisher\":{\"@id\":\"https:\\\/\\\/diariodepe.com.br\\\/cri\\\/#organization\"},\"image\":{\"@id\":\"https:\\\/\\\/diariodepe.com.br\\\/cri\\\/2024\\\/11\\\/20\\\/a-terceira-temporada-do-programa-classicos-citados-por-xi-jinping-na-versao-em-portugues-e-exibida-nos-principais-meios-de-comunicacao-do-brasil\\\/#primaryimage\"},\"thumbnailUrl\":\"https:\\\/\\\/diariodepe.com.br\\\/cri\\\/wp-content\\\/uploads\\\/sites\\\/2\\\/2024\\\/11\\\/IMG_8776-scaled.jpg\",\"articleSection\":[\"Destaques Capa\",\"Internacional\"],\"inLanguage\":\"pt-BR\",\"potentialAction\":[{\"@type\":\"CommentAction\",\"name\":\"Comment\",\"target\":[\"https:\\\/\\\/diariodepe.com.br\\\/cri\\\/2024\\\/11\\\/20\\\/a-terceira-temporada-do-programa-classicos-citados-por-xi-jinping-na-versao-em-portugues-e-exibida-nos-principais-meios-de-comunicacao-do-brasil\\\/#respond\"]}]},{\"@type\":\"WebPage\",\"@id\":\"https:\\\/\\\/diariodepe.com.br\\\/cri\\\/2024\\\/11\\\/20\\\/a-terceira-temporada-do-programa-classicos-citados-por-xi-jinping-na-versao-em-portugues-e-exibida-nos-principais-meios-de-comunicacao-do-brasil\\\/\",\"url\":\"https:\\\/\\\/diariodepe.com.br\\\/cri\\\/2024\\\/11\\\/20\\\/a-terceira-temporada-do-programa-classicos-citados-por-xi-jinping-na-versao-em-portugues-e-exibida-nos-principais-meios-de-comunicacao-do-brasil\\\/\",\"name\":\"A terceira temporada do programa Cl\u00e1ssicos Citados por Xi Jinping na vers\u00e3o em portugu\u00eas \u00e9 exibida nos principais meios de comunica\u00e7\u00e3o do Brasil - CRI e Diario de Pernambuco\",\"isPartOf\":{\"@id\":\"https:\\\/\\\/diariodepe.com.br\\\/cri\\\/#website\"},\"primaryImageOfPage\":{\"@id\":\"https:\\\/\\\/diariodepe.com.br\\\/cri\\\/2024\\\/11\\\/20\\\/a-terceira-temporada-do-programa-classicos-citados-por-xi-jinping-na-versao-em-portugues-e-exibida-nos-principais-meios-de-comunicacao-do-brasil\\\/#primaryimage\"},\"image\":{\"@id\":\"https:\\\/\\\/diariodepe.com.br\\\/cri\\\/2024\\\/11\\\/20\\\/a-terceira-temporada-do-programa-classicos-citados-por-xi-jinping-na-versao-em-portugues-e-exibida-nos-principais-meios-de-comunicacao-do-brasil\\\/#primaryimage\"},\"thumbnailUrl\":\"https:\\\/\\\/diariodepe.com.br\\\/cri\\\/wp-content\\\/uploads\\\/sites\\\/2\\\/2024\\\/11\\\/IMG_8776-scaled.jpg\",\"datePublished\":\"2024-11-20T23:05:29+00:00\",\"dateModified\":\"2024-11-21T06:05:04+00:00\",\"breadcrumb\":{\"@id\":\"https:\\\/\\\/diariodepe.com.br\\\/cri\\\/2024\\\/11\\\/20\\\/a-terceira-temporada-do-programa-classicos-citados-por-xi-jinping-na-versao-em-portugues-e-exibida-nos-principais-meios-de-comunicacao-do-brasil\\\/#breadcrumb\"},\"inLanguage\":\"pt-BR\",\"potentialAction\":[{\"@type\":\"ReadAction\",\"target\":[\"https:\\\/\\\/diariodepe.com.br\\\/cri\\\/2024\\\/11\\\/20\\\/a-terceira-temporada-do-programa-classicos-citados-por-xi-jinping-na-versao-em-portugues-e-exibida-nos-principais-meios-de-comunicacao-do-brasil\\\/\"]}]},{\"@type\":\"ImageObject\",\"inLanguage\":\"pt-BR\",\"@id\":\"https:\\\/\\\/diariodepe.com.br\\\/cri\\\/2024\\\/11\\\/20\\\/a-terceira-temporada-do-programa-classicos-citados-por-xi-jinping-na-versao-em-portugues-e-exibida-nos-principais-meios-de-comunicacao-do-brasil\\\/#primaryimage\",\"url\":\"https:\\\/\\\/diariodepe.com.br\\\/cri\\\/wp-content\\\/uploads\\\/sites\\\/2\\\/2024\\\/11\\\/IMG_8776-scaled.jpg\",\"contentUrl\":\"https:\\\/\\\/diariodepe.com.br\\\/cri\\\/wp-content\\\/uploads\\\/sites\\\/2\\\/2024\\\/11\\\/IMG_8776-scaled.jpg\",\"width\":2560,\"height\":1508},{\"@type\":\"BreadcrumbList\",\"@id\":\"https:\\\/\\\/diariodepe.com.br\\\/cri\\\/2024\\\/11\\\/20\\\/a-terceira-temporada-do-programa-classicos-citados-por-xi-jinping-na-versao-em-portugues-e-exibida-nos-principais-meios-de-comunicacao-do-brasil\\\/#breadcrumb\",\"itemListElement\":[{\"@type\":\"ListItem\",\"position\":1,\"name\":\"In\u00edcio\",\"item\":\"https:\\\/\\\/diariodepe.com.br\\\/cri\\\/\"},{\"@type\":\"ListItem\",\"position\":2,\"name\":\"A terceira temporada do programa Cl\u00e1ssicos Citados por Xi Jinping na vers\u00e3o em portugu\u00eas \u00e9 exibida nos principais meios de comunica\u00e7\u00e3o do Brasil\"}]},{\"@type\":\"WebSite\",\"@id\":\"https:\\\/\\\/diariodepe.com.br\\\/cri\\\/#website\",\"url\":\"https:\\\/\\\/diariodepe.com.br\\\/cri\\\/\",\"name\":\"CRI e Diario de Pernambuco\",\"description\":\"R\u00e1dio Internacional da China\",\"publisher\":{\"@id\":\"https:\\\/\\\/diariodepe.com.br\\\/cri\\\/#organization\"},\"potentialAction\":[{\"@type\":\"SearchAction\",\"target\":{\"@type\":\"EntryPoint\",\"urlTemplate\":\"https:\\\/\\\/diariodepe.com.br\\\/cri\\\/?s={search_term_string}\"},\"query-input\":{\"@type\":\"PropertyValueSpecification\",\"valueRequired\":true,\"valueName\":\"search_term_string\"}}],\"inLanguage\":\"pt-BR\"},{\"@type\":\"Organization\",\"@id\":\"https:\\\/\\\/diariodepe.com.br\\\/cri\\\/#organization\",\"name\":\"CRI e Diario de Pernambuco\",\"url\":\"https:\\\/\\\/diariodepe.com.br\\\/cri\\\/\",\"logo\":{\"@type\":\"ImageObject\",\"inLanguage\":\"pt-BR\",\"@id\":\"https:\\\/\\\/diariodepe.com.br\\\/cri\\\/#\\\/schema\\\/logo\\\/image\\\/\",\"url\":\"https:\\\/\\\/diariodepe.com.br\\\/cri\\\/wp-content\\\/uploads\\\/sites\\\/2\\\/2022\\\/12\\\/cropped-Logo.jpg\",\"contentUrl\":\"https:\\\/\\\/diariodepe.com.br\\\/cri\\\/wp-content\\\/uploads\\\/sites\\\/2\\\/2022\\\/12\\\/cropped-Logo.jpg\",\"width\":700,\"height\":59,\"caption\":\"CRI e Diario de Pernambuco\"},\"image\":{\"@id\":\"https:\\\/\\\/diariodepe.com.br\\\/cri\\\/#\\\/schema\\\/logo\\\/image\\\/\"}},{\"@type\":\"Person\",\"@id\":\"https:\\\/\\\/diariodepe.com.br\\\/cri\\\/#\\\/schema\\\/person\\\/121bb28d84f1a5b1205ef4ce9c2e0c6b\",\"name\":\"Ismael Lucas S. Pereira\",\"image\":{\"@type\":\"ImageObject\",\"inLanguage\":\"pt-BR\",\"@id\":\"https:\\\/\\\/secure.gravatar.com\\\/avatar\\\/887a0f3b5a7ceea963a48499fb883ffce6b5037362def025c52c2505b15d63e4?s=96&d=mm&r=g\",\"url\":\"https:\\\/\\\/secure.gravatar.com\\\/avatar\\\/887a0f3b5a7ceea963a48499fb883ffce6b5037362def025c52c2505b15d63e4?s=96&d=mm&r=g\",\"contentUrl\":\"https:\\\/\\\/secure.gravatar.com\\\/avatar\\\/887a0f3b5a7ceea963a48499fb883ffce6b5037362def025c52c2505b15d63e4?s=96&d=mm&r=g\",\"caption\":\"Ismael Lucas S. Pereira\"},\"url\":\"https:\\\/\\\/diariodepe.com.br\\\/cri\\\/author\\\/ismael-lucas\\\/\"}]}<\/script>\n<!-- \/ Yoast SEO plugin. -->","yoast_head_json":{"title":"A terceira temporada do programa Cl\u00e1ssicos Citados por Xi Jinping na vers\u00e3o em portugu\u00eas \u00e9 exibida nos principais meios de comunica\u00e7\u00e3o do Brasil - CRI e Diario de Pernambuco","robots":{"index":"index","follow":"follow","max-snippet":"max-snippet:-1","max-image-preview":"max-image-preview:large","max-video-preview":"max-video-preview:-1"},"canonical":"https:\/\/diariodepe.com.br\/cri\/2024\/11\/20\/a-terceira-temporada-do-programa-classicos-citados-por-xi-jinping-na-versao-em-portugues-e-exibida-nos-principais-meios-de-comunicacao-do-brasil\/","og_locale":"pt_BR","og_type":"article","og_title":"A terceira temporada do programa Cl\u00e1ssicos Citados por Xi Jinping na vers\u00e3o em portugu\u00eas \u00e9 exibida nos principais meios de comunica\u00e7\u00e3o do Brasil - CRI e Diario de Pernambuco","og_description":"Durante a participa\u00e7\u00e3o da c\u00fapula de l\u00edderes do G20 e da visita de Estado do presidente chin\u00eas, Xi Jinping, ao Brasil, a terceira temporada do programa Cl\u00e1ssicos Citados por Xi Jinping na vers\u00e3o em portugu\u00eas, produzida pelo Grupo de M\u00eddia...","og_url":"https:\/\/diariodepe.com.br\/cri\/2024\/11\/20\/a-terceira-temporada-do-programa-classicos-citados-por-xi-jinping-na-versao-em-portugues-e-exibida-nos-principais-meios-de-comunicacao-do-brasil\/","og_site_name":"CRI e Diario de Pernambuco","article_published_time":"2024-11-20T23:05:29+00:00","article_modified_time":"2024-11-21T06:05:04+00:00","og_image":[{"width":2560,"height":1508,"url":"https:\/\/diariodepe.com.br\/cri\/wp-content\/uploads\/sites\/2\/2024\/11\/IMG_8776-scaled.jpg","type":"image\/jpeg"}],"author":"Ismael Lucas S. Pereira","twitter_card":"summary_large_image","twitter_misc":{"Escrito por":"Ismael Lucas S. Pereira","Est. tempo de leitura":"4 minutos"},"schema":{"@context":"https:\/\/schema.org","@graph":[{"@type":"Article","@id":"https:\/\/diariodepe.com.br\/cri\/2024\/11\/20\/a-terceira-temporada-do-programa-classicos-citados-por-xi-jinping-na-versao-em-portugues-e-exibida-nos-principais-meios-de-comunicacao-do-brasil\/#article","isPartOf":{"@id":"https:\/\/diariodepe.com.br\/cri\/2024\/11\/20\/a-terceira-temporada-do-programa-classicos-citados-por-xi-jinping-na-versao-em-portugues-e-exibida-nos-principais-meios-de-comunicacao-do-brasil\/"},"author":{"name":"Ismael Lucas S. Pereira","@id":"https:\/\/diariodepe.com.br\/cri\/#\/schema\/person\/121bb28d84f1a5b1205ef4ce9c2e0c6b"},"headline":"A terceira temporada do programa Cl\u00e1ssicos Citados por Xi Jinping na vers\u00e3o em portugu\u00eas \u00e9 exibida nos principais meios de comunica\u00e7\u00e3o do Brasil","datePublished":"2024-11-20T23:05:29+00:00","dateModified":"2024-11-21T06:05:04+00:00","mainEntityOfPage":{"@id":"https:\/\/diariodepe.com.br\/cri\/2024\/11\/20\/a-terceira-temporada-do-programa-classicos-citados-por-xi-jinping-na-versao-em-portugues-e-exibida-nos-principais-meios-de-comunicacao-do-brasil\/"},"wordCount":510,"commentCount":0,"publisher":{"@id":"https:\/\/diariodepe.com.br\/cri\/#organization"},"image":{"@id":"https:\/\/diariodepe.com.br\/cri\/2024\/11\/20\/a-terceira-temporada-do-programa-classicos-citados-por-xi-jinping-na-versao-em-portugues-e-exibida-nos-principais-meios-de-comunicacao-do-brasil\/#primaryimage"},"thumbnailUrl":"https:\/\/diariodepe.com.br\/cri\/wp-content\/uploads\/sites\/2\/2024\/11\/IMG_8776-scaled.jpg","articleSection":["Destaques Capa","Internacional"],"inLanguage":"pt-BR","potentialAction":[{"@type":"CommentAction","name":"Comment","target":["https:\/\/diariodepe.com.br\/cri\/2024\/11\/20\/a-terceira-temporada-do-programa-classicos-citados-por-xi-jinping-na-versao-em-portugues-e-exibida-nos-principais-meios-de-comunicacao-do-brasil\/#respond"]}]},{"@type":"WebPage","@id":"https:\/\/diariodepe.com.br\/cri\/2024\/11\/20\/a-terceira-temporada-do-programa-classicos-citados-por-xi-jinping-na-versao-em-portugues-e-exibida-nos-principais-meios-de-comunicacao-do-brasil\/","url":"https:\/\/diariodepe.com.br\/cri\/2024\/11\/20\/a-terceira-temporada-do-programa-classicos-citados-por-xi-jinping-na-versao-em-portugues-e-exibida-nos-principais-meios-de-comunicacao-do-brasil\/","name":"A terceira temporada do programa Cl\u00e1ssicos Citados por Xi Jinping na vers\u00e3o em portugu\u00eas \u00e9 exibida nos principais meios de comunica\u00e7\u00e3o do Brasil - CRI e Diario de Pernambuco","isPartOf":{"@id":"https:\/\/diariodepe.com.br\/cri\/#website"},"primaryImageOfPage":{"@id":"https:\/\/diariodepe.com.br\/cri\/2024\/11\/20\/a-terceira-temporada-do-programa-classicos-citados-por-xi-jinping-na-versao-em-portugues-e-exibida-nos-principais-meios-de-comunicacao-do-brasil\/#primaryimage"},"image":{"@id":"https:\/\/diariodepe.com.br\/cri\/2024\/11\/20\/a-terceira-temporada-do-programa-classicos-citados-por-xi-jinping-na-versao-em-portugues-e-exibida-nos-principais-meios-de-comunicacao-do-brasil\/#primaryimage"},"thumbnailUrl":"https:\/\/diariodepe.com.br\/cri\/wp-content\/uploads\/sites\/2\/2024\/11\/IMG_8776-scaled.jpg","datePublished":"2024-11-20T23:05:29+00:00","dateModified":"2024-11-21T06:05:04+00:00","breadcrumb":{"@id":"https:\/\/diariodepe.com.br\/cri\/2024\/11\/20\/a-terceira-temporada-do-programa-classicos-citados-por-xi-jinping-na-versao-em-portugues-e-exibida-nos-principais-meios-de-comunicacao-do-brasil\/#breadcrumb"},"inLanguage":"pt-BR","potentialAction":[{"@type":"ReadAction","target":["https:\/\/diariodepe.com.br\/cri\/2024\/11\/20\/a-terceira-temporada-do-programa-classicos-citados-por-xi-jinping-na-versao-em-portugues-e-exibida-nos-principais-meios-de-comunicacao-do-brasil\/"]}]},{"@type":"ImageObject","inLanguage":"pt-BR","@id":"https:\/\/diariodepe.com.br\/cri\/2024\/11\/20\/a-terceira-temporada-do-programa-classicos-citados-por-xi-jinping-na-versao-em-portugues-e-exibida-nos-principais-meios-de-comunicacao-do-brasil\/#primaryimage","url":"https:\/\/diariodepe.com.br\/cri\/wp-content\/uploads\/sites\/2\/2024\/11\/IMG_8776-scaled.jpg","contentUrl":"https:\/\/diariodepe.com.br\/cri\/wp-content\/uploads\/sites\/2\/2024\/11\/IMG_8776-scaled.jpg","width":2560,"height":1508},{"@type":"BreadcrumbList","@id":"https:\/\/diariodepe.com.br\/cri\/2024\/11\/20\/a-terceira-temporada-do-programa-classicos-citados-por-xi-jinping-na-versao-em-portugues-e-exibida-nos-principais-meios-de-comunicacao-do-brasil\/#breadcrumb","itemListElement":[{"@type":"ListItem","position":1,"name":"In\u00edcio","item":"https:\/\/diariodepe.com.br\/cri\/"},{"@type":"ListItem","position":2,"name":"A terceira temporada do programa Cl\u00e1ssicos Citados por Xi Jinping na vers\u00e3o em portugu\u00eas \u00e9 exibida nos principais meios de comunica\u00e7\u00e3o do Brasil"}]},{"@type":"WebSite","@id":"https:\/\/diariodepe.com.br\/cri\/#website","url":"https:\/\/diariodepe.com.br\/cri\/","name":"CRI e Diario de Pernambuco","description":"R\u00e1dio Internacional da China","publisher":{"@id":"https:\/\/diariodepe.com.br\/cri\/#organization"},"potentialAction":[{"@type":"SearchAction","target":{"@type":"EntryPoint","urlTemplate":"https:\/\/diariodepe.com.br\/cri\/?s={search_term_string}"},"query-input":{"@type":"PropertyValueSpecification","valueRequired":true,"valueName":"search_term_string"}}],"inLanguage":"pt-BR"},{"@type":"Organization","@id":"https:\/\/diariodepe.com.br\/cri\/#organization","name":"CRI e Diario de Pernambuco","url":"https:\/\/diariodepe.com.br\/cri\/","logo":{"@type":"ImageObject","inLanguage":"pt-BR","@id":"https:\/\/diariodepe.com.br\/cri\/#\/schema\/logo\/image\/","url":"https:\/\/diariodepe.com.br\/cri\/wp-content\/uploads\/sites\/2\/2022\/12\/cropped-Logo.jpg","contentUrl":"https:\/\/diariodepe.com.br\/cri\/wp-content\/uploads\/sites\/2\/2022\/12\/cropped-Logo.jpg","width":700,"height":59,"caption":"CRI e Diario de Pernambuco"},"image":{"@id":"https:\/\/diariodepe.com.br\/cri\/#\/schema\/logo\/image\/"}},{"@type":"Person","@id":"https:\/\/diariodepe.com.br\/cri\/#\/schema\/person\/121bb28d84f1a5b1205ef4ce9c2e0c6b","name":"Ismael Lucas S. Pereira","image":{"@type":"ImageObject","inLanguage":"pt-BR","@id":"https:\/\/secure.gravatar.com\/avatar\/887a0f3b5a7ceea963a48499fb883ffce6b5037362def025c52c2505b15d63e4?s=96&d=mm&r=g","url":"https:\/\/secure.gravatar.com\/avatar\/887a0f3b5a7ceea963a48499fb883ffce6b5037362def025c52c2505b15d63e4?s=96&d=mm&r=g","contentUrl":"https:\/\/secure.gravatar.com\/avatar\/887a0f3b5a7ceea963a48499fb883ffce6b5037362def025c52c2505b15d63e4?s=96&d=mm&r=g","caption":"Ismael Lucas S. Pereira"},"url":"https:\/\/diariodepe.com.br\/cri\/author\/ismael-lucas\/"}]}},"cc_featured_image_caption":{"caption_text":false,"source_text":false,"source_url":false},"amp_enabled":true,"_links":{"self":[{"href":"https:\/\/diariodepe.com.br\/cri\/wp-json\/wp\/v2\/posts\/6873","targetHints":{"allow":["GET"]}}],"collection":[{"href":"https:\/\/diariodepe.com.br\/cri\/wp-json\/wp\/v2\/posts"}],"about":[{"href":"https:\/\/diariodepe.com.br\/cri\/wp-json\/wp\/v2\/types\/post"}],"author":[{"embeddable":true,"href":"https:\/\/diariodepe.com.br\/cri\/wp-json\/wp\/v2\/users\/2"}],"replies":[{"embeddable":true,"href":"https:\/\/diariodepe.com.br\/cri\/wp-json\/wp\/v2\/comments?post=6873"}],"version-history":[{"count":1,"href":"https:\/\/diariodepe.com.br\/cri\/wp-json\/wp\/v2\/posts\/6873\/revisions"}],"predecessor-version":[{"id":6875,"href":"https:\/\/diariodepe.com.br\/cri\/wp-json\/wp\/v2\/posts\/6873\/revisions\/6875"}],"wp:featuredmedia":[{"embeddable":true,"href":"https:\/\/diariodepe.com.br\/cri\/wp-json\/wp\/v2\/media\/6874"}],"wp:attachment":[{"href":"https:\/\/diariodepe.com.br\/cri\/wp-json\/wp\/v2\/media?parent=6873"}],"wp:term":[{"taxonomy":"category","embeddable":true,"href":"https:\/\/diariodepe.com.br\/cri\/wp-json\/wp\/v2\/categories?post=6873"},{"taxonomy":"post_tag","embeddable":true,"href":"https:\/\/diariodepe.com.br\/cri\/wp-json\/wp\/v2\/tags?post=6873"}],"curies":[{"name":"wp","href":"https:\/\/api.w.org\/{rel}","templated":true}]}}