{"id":6871,"date":"2024-11-20T18:32:07","date_gmt":"2024-11-20T21:32:07","guid":{"rendered":"https:\/\/diariodepe.com.br\/cri\/?p=6871"},"modified":"2024-11-21T02:56:51","modified_gmt":"2024-11-21T05:56:51","slug":"texto-na-integra-declaracao-conjunta-entre-a-republica-popular-da-china-e-a-republica-federativa-do-brasil-sobre-a-formacao-conjunta-da-comunidade-de-futuro-compartilhado-china-brasil-por-um-mundo-ma","status":"publish","type":"post","link":"https:\/\/diariodepe.com.br\/cri\/2024\/11\/20\/texto-na-integra-declaracao-conjunta-entre-a-republica-popular-da-china-e-a-republica-federativa-do-brasil-sobre-a-formacao-conjunta-da-comunidade-de-futuro-compartilhado-china-brasil-por-um-mundo-ma\/","title":{"rendered":"Texto na \u00edntegra: Declara\u00e7\u00e3o Conjunta entre a Rep\u00fablica Popular da China e a Rep\u00fablica Federativa do Brasil sobre a Forma\u00e7\u00e3o Conjunta da Comunidade de Futuro Compartilhado China-Brasil por um Mundo mais Justo e um Planeta mais Sustent\u00e1vel"},"content":{"rendered":"<p data-spm-anchor-id=\"0.0.0.i1\">A China e o Brasil emitiram nesta quarta-feira a Declara\u00e7\u00e3o Conjunta entre a Rep\u00fablica Popular da China e a Rep\u00fablica Federativa do Brasil sobre a Forma\u00e7\u00e3o Conjunta da Comunidade de Futuro Compartilhado China-Brasil por um Mundo mais Justo e um Planeta mais Sustent\u00e1vel. Segue o texto completo da declara\u00e7\u00e3o:<\/p>\n<p>Declara\u00e7\u00e3o Conjunta entre a Rep\u00fablica Popular da China e a Rep\u00fablica Federativa do Brasil sobre a Forma\u00e7\u00e3o Conjunta da Comunidade de Futuro Compartilhado China-Brasil por um Mundo mais Justo e um Planeta mais Sustent\u00e1vel<\/p>\n<p>A convite do Presidente da Rep\u00fablica Federativa do Brasil Luiz In\u00e1cio Lula da Silva, o Presidente da Rep\u00fablica Popular da China Xi Jinping realizou uma visita de Estado ao Brasil no dia 20 de novembro de 2024.<\/p>\n<p>1. As partes decidiram elevar as rela\u00e7\u00f5es bilaterais a Comunidade de Futuro Compartilhado China-Brasil por um Mundo mais Justo e um Planeta mais Sustent\u00e1vel.<\/p>\n<p>2. As partes consideraram que, nos cinquenta anos desde o estabelecimento das rela\u00e7\u00f5es diplom\u00e1ticas entre a China e o Brasil, as rela\u00e7\u00f5es dos dois pa\u00edses t\u00eam resistido \u00e0s r\u00e1pidas mudan\u00e7as e marcadas turbul\u00eancias no contexto internacional e mant\u00eam desenvolvimento constante e positivo. O Brasil tornou-se, em 1993, pioneiro ao estabelecer uma Parceria Estrat\u00e9gica com a China. Em 2004, foi um dos primeiros pa\u00edses a reconhecer a China como economia de mercado e, em 2012, foi o primeiro pa\u00eds da Am\u00e9rica Latina e Caribe a estabelecer uma Parceria Estrat\u00e9gica Global. Sob a orienta\u00e7\u00e3o estrat\u00e9gica dos dois chefes de Estado e a coordena\u00e7\u00e3o efetiva da Comiss\u00e3o Sino-Brasileira de Alto N\u00edvel de Concerta\u00e7\u00e3o e Coopera\u00e7\u00e3o (COSBAN), as rela\u00e7\u00f5es entre os dois pa\u00edses entraram no melhor momento da hist\u00f3ria e a sua natureza estrat\u00e9gica, mutuamente ben\u00e9fica e abrangente \u00e9 cada vez mais destacada, dando um exemplo de relacionamento do Sul Global e entre os grandes pa\u00edses em desenvolvimento.<\/p>\n<p>3. O Brasil apoia a China a transformar-se em um grande pa\u00eds moderno em todos os aspectos e promover a revitaliza\u00e7\u00e3o da na\u00e7\u00e3o chinesa em todas as frentes atrav\u00e9s do caminho chin\u00eas para a moderniza\u00e7\u00e3o. A China apoia o Brasil a trilhar seu caminho de desenvolvimento justo, inclusivo, sustent\u00e1vel e livre da fome e da pobreza, e faz votos de novos \u00eaxitos de desenvolvimento econ\u00f4mico e social para o Brasil.<\/p>\n<p>4. As partes felicitatram-se pelo \u00eaxito da VII sess\u00e3o plen\u00e1ria da COSBAN, realizada em Beijing, em junho de 2024. Reconheceram que, lan\u00e7ada em 2004, por ocasi\u00e3o da primeira visita de Estado do presidente Lula \u00e0 China, a COSBAN tem fortalecido consistentemente a coopera\u00e7\u00e3o e o di\u00e1logo aberto, com o objetivo de avan\u00e7ar estrategicamente a parceria bilateral.<\/p>\n<p>5. De modo a elevar as rela\u00e7\u00f5es bilaterais a um novo patamar, as partes concordaram em estabelecer sinergias estrat\u00e9gicas entre a Iniciativa Cintur\u00e3o e Rota e as estrat\u00e9gias brasileiras de desenvolvimento, como o Programa de Acelera\u00e7\u00e3o do Crescimento, o Plano Nova Ind\u00fastria Brasil, o Plano de Transforma\u00e7\u00e3o Ecol\u00f3gica, e o Programa Rotas da Integra\u00e7\u00e3o Sul-Americana, para impulsionar a atualiza\u00e7\u00e3o e o melhoramento da qualidade da coopera\u00e7\u00e3o entre os dois pa\u00edses, promover os processos de moderniza\u00e7\u00e3o da China e do Brasil, e contribuir positivamente para a interconectividade e desenvolvimento sustent\u00e1vel regionais.<\/p>\n<p>6. No processo de estabelecimento de sinergias estrat\u00e9gicas entre China e Brasil, as duas partes promover\u00e3o prioritariamente a coopera\u00e7\u00e3o estrat\u00e9gica em \u00e1reas como finan\u00e7as, infraestrutura, desenvolvimento de cadeias produtivas, investimentos, transforma\u00e7\u00e3o ecol\u00f3gica, ci\u00eancia, tecnologia e inova\u00e7\u00e3o.<\/p>\n<p>7. As partes reconheceram o potencial de coopera\u00e7\u00e3o existente nas \u00e1reas de defesa e da ind\u00fastria da defesa, e reconheceram que deveriam intensificar contatos de alto n\u00edvel e estudar novas iniciativas nessa \u00e1rea.<\/p>\n<p>8. As partes acordaram realizar o Ano Cultural China-Brasil em 2026, em seguimento \u00e0 bem-sucedida s\u00e9rie de eventos culturais realizados por ocasi\u00e3o da celebra\u00e7\u00e3o do cinquenten\u00e1rio das rela\u00e7\u00f5es diplom\u00e1ticas. A iniciativa visa a fortalecer os la\u00e7os culturais e aprofundar o entendimento m\u00fatuo entre os dois povos, com \u00eanfase na promo\u00e7\u00e3o rec\u00edproca de suas culturas, reconhecidas por sua rica diversidade e criatividade.<\/p>\n<p>9. A parte brasileira reiterou que adere firmemente ao princ\u00edpio de Uma S\u00f3 China, reconheceu que s\u00f3 existe uma China no mundo e que Taiwan \u00e9 uma parte insepar\u00e1vel do territ\u00f3rio chin\u00eas enquanto o Governo da Rep\u00fablica Popular da China \u00e9 o \u00fanico governo legal que representa toda a China. A parte brasileira apoia os esfor\u00e7os da China para realizar a reunifica\u00e7\u00e3o nacional pac\u00edfica. A parte chinesa manifestou grande apre\u00e7o a esse respeito.<\/p>\n<p>10. As partes reiteram o apoio \u00e0 autoridade da Organiza\u00e7\u00e3o das Na\u00e7\u00f5es Unidas (ONU) e ao seu papel central na manuten\u00e7\u00e3o da paz e da seguran\u00e7a internacionais e na promo\u00e7\u00e3o do desenvolvimento. Reconheceram a necessidade de reformar a ONU e o seu Conselho de Seguran\u00e7a, com vistas a torn\u00e1-los mais representativos e democr\u00e1ticos. Enfatizaram tamb\u00e9m o impulso das reformas necess\u00e1rias e adequadas do Conselho de Seguran\u00e7a, para permitir que um maior papel seja desempenhado pelos pa\u00edses em desenvolvimento e que a composi\u00e7\u00e3o do Conselho possa responder adequadamente aos atuais desafios globais. A parte chinesa atribui grande import\u00e2ncia \u00e0 influ\u00eancia e ao papel que o Brasil exerce em assuntos regionais e internacionais, compreende e apoia a aspira\u00e7\u00e3o do Brasil de desempenhar um maior papel na ONU, inclusive no seu Conselho de Seguran\u00e7a.<\/p>\n<p>11. As partes expressaram que, como importantes representantes do Sul Global e membros do G20 e do BRICS, China e Brasil possuem posi\u00e7\u00f5es convergentes nos grandes temas internacionais e regionais. Enfatizaram a defesa da autoridade e centralidade das Na\u00e7\u00f5es Unidas e a promo\u00e7\u00e3o da governan\u00e7a global baseada no multilateralismo, no direito internacional e nos prop\u00f3sitos e princ\u00edpios da Carta das Na\u00e7\u00f5es Unidas. Indicaram que estreitar\u00e3o ainda mais a colabora\u00e7\u00e3o estrat\u00e9gica nas plataformas multilaterais como as Na\u00e7\u00f5es Unidas, o G20 e o BRICS, trabalhar\u00e3o para tornar a ordem internacional mais justa e equitativa e promover\u00e3o o alcance de um mundo multipolar equitativo e ordenado e uma globaliza\u00e7\u00e3o econ\u00f4mica universalmente ben\u00e9fica e inclusiva. Ressaltaram, como exemplo da converg\u00eancia de vis\u00f5es em mat\u00e9ria de paz e seguran\u00e7a internacional, os &#8220;Entendimentos Comuns entre a China e o Brasil para uma Resolu\u00e7\u00e3o Pol\u00edtica para a Crise na Ucr\u00e2nia&#8221;, que precederam a cria\u00e7\u00e3o do &#8220;Grupo de Amigos da Paz&#8221; e o comunicado final da Reuni\u00e3o de Alto N\u00edvel de Pa\u00edses do Sul Global sobre o Conflito na Ucr\u00e2nia, realizada em 27 de setembro, em Nova York.<\/p>\n<p>12. As partes concordaram em seguir envidando esfor\u00e7os conjuntos para promover o refor\u00e7o da aprendizagem m\u00fatua e interc\u00e2mbio entre civiliza\u00e7\u00f5es, resolver disputas regionais por meios pol\u00edticos e diplom\u00e1ticos, e contribuir positivamente para a paz, a seguran\u00e7a e o desenvolvimento sustent\u00e1vel do mundo, tendo o Brasil saudado as iniciativas da China nesse sentido, como a Iniciativa para o Desenvolvimento Global, a Iniciativa para a Civiliza\u00e7\u00e3o Global e a Iniciativa para a Seguran\u00e7a Global.<\/p>\n<p>13. A parte chinesa manifestou grande apre\u00e7o \u00e0 parte brasileira pelos trabalhos proativos na sua presid\u00eancia rotativa do G20, especialmente nas tr\u00eas prioridades &#8211; a inclus\u00e3o social e o combate \u00e0 fome e \u00e0 pobreza, as transi\u00e7\u00f5es energ\u00e9ticas e a promo\u00e7\u00e3o do desenvolvimento sustent\u00e1vel, a reforma das institui\u00e7\u00f5es de governan\u00e7a global. Felicitou o Brasil pelo pleno \u00eaxito da C\u00fapula do G20 no Rio de Janeiro. O Brasil expressou apre\u00e7o pela contribui\u00e7\u00e3o chinesa \u00e0 c\u00fapula.<\/p>\n<p>14. A parte chinesa reiterou seu apoio \u00e0 cria\u00e7\u00e3o da Alian\u00e7a Global contra a Fome e a Pobreza, proposta pelo Brasil, e recordou sua ades\u00e3o \u00e0 iniciativa. As partes salientaram igualmente que continua a ser imperativo erradicar a pobreza em todas as suas formas e dimens\u00f5es, reduzir as desigualdades e promover o desenvolvimento sustent\u00e1vel para todos, inclusive por meio da coopera\u00e7\u00e3o internacional e da coopera\u00e7\u00e3o Sul-Sul com vistas ao compartilhamento de melhores pr\u00e1ticas.<\/p>\n<p>15. A parte chinesa saudou a iniciativa do Brasil de lan\u00e7ar um Chamado \u00e0 A\u00e7\u00e3o pela Reforma da Governan\u00e7a Global, adotado no \u00e2mbito da presid\u00eancia brasileira do G20. As partes expressaram seu firme prop\u00f3sito de dar seguimento aos compromissos assumidos no Chamado \u00e0 A\u00e7\u00e3o a fim de avan\u00e7ar a necess\u00e1ria reforma das institui\u00e7\u00f5es de governan\u00e7a global, \u00e0 luz do anivers\u00e1rio de 80 anos das Na\u00e7\u00f5es Unidas em 2025. Reiteraram a necessidade de uma reforma abrangente da arquitetura financeira internacional para ampliar a influ\u00eancia dos pa\u00edses em desenvolvimento e sua representa\u00e7\u00e3o nas institui\u00e7\u00f5es financeiras internacionais.<\/p>\n<p>16. A parte chinesa assinalou seu apoio \u00e0 presid\u00eancia pro tempore brasileira do BRICS em 2025 e \u00e0 realiza\u00e7\u00e3o da 17\u00aa C\u00fapula do BRICS, bem como \u00e0 presid\u00eancia brasileira da 30\u00aa Confer\u00eancia das Partes da Conven\u00e7\u00e3o-Quadro das Na\u00e7\u00f5es Unidas sobre Mudan\u00e7as Clim\u00e1ticas (COP30), a ter lugar em Bel\u00e9m, em 2025.<\/p>\n<p>17. A parte chinesa aprecia o Comunicado Conjunto &#8220;Unidos por Nossa Florestas&#8221;, adotado na cidade de Bel\u00e9m do Par\u00e1, durante a C\u00fapula da Amaz\u00f4nia, em 9 de agosto de 2023. A parte chinesa saudou a iniciativa brasileira de lan\u00e7ar o Fundo Florestas Tropicais para Sempre, com vistas \u00e0 COP30, e manifestou expectativa de que a iniciativa possa desempenhar papel positivo.<\/p>\n<p>18. As partes enfatizaram o papel do desenvolvimento sustent\u00e1vel como um princ\u00edpio orientador para a coopera\u00e7\u00e3o internacional, como forma de garantir que o crescimento econ\u00f4mico seja equitativo, o bem-estar social seja assegurado e os recursos ambientais sejam usados de forma sustent\u00e1vel para o benef\u00edcio de todos.<\/p>\n<p>19. As partes concordaram em continuar colaborando estreitamente e promover maior desenvolvimento da coopera\u00e7\u00e3o China-Am\u00e9rica Latina e Caribe, bem como manter comunica\u00e7\u00e3o e coopera\u00e7\u00e3o estreita sobre a realiza\u00e7\u00e3o em tempo oportuno da pr\u00f3xima reuni\u00e3o do F\u00f3rum China-CELAC (FCC). Coincidiram em dar seguimento ao Di\u00e1logo China-MERCOSUL.<\/p>\n<p>20. Os dois lados avaliaram como muito positivos os resultados frut\u00edferos da visita do Presidente Xi Jinping e seu significado como marco hist\u00f3rico com a eleva\u00e7\u00e3o do n\u00edvel estrat\u00e9gico das rela\u00e7\u00f5es China-Brasil. O Presidente Xi Jinping expressou sinceros agradecimentos ao Presidente Lula e ao governo e ao povo brasileiros pela calorosa e amistosa hospitalidade que lhe foi dada.<\/p>\n","protected":false},"excerpt":{"rendered":"<p>A China e o Brasil emitiram nesta quarta-feira a Declara\u00e7\u00e3o Conjunta entre a Rep\u00fablica Popular da China e a Rep\u00fablica Federativa do Brasil sobre a Forma\u00e7\u00e3o Conjunta da Comunidade de Futuro Compartilhado China-Brasil por um Mundo mais Justo e um&#8230;<\/p>\n","protected":false},"author":2,"featured_media":0,"comment_status":"open","ping_status":"open","sticky":false,"template":"","format":"standard","meta":{"footnotes":""},"categories":[8],"tags":[],"class_list":["post-6871","post","type-post","status-publish","format-standard","hentry","category-internacional"],"yoast_head":"<!-- This site is optimized with the Yoast SEO plugin v27.4 - https:\/\/yoast.com\/product\/yoast-seo-wordpress\/ -->\n<title>Texto na \u00edntegra: Declara\u00e7\u00e3o Conjunta entre a Rep\u00fablica Popular da China e a Rep\u00fablica Federativa do Brasil sobre a Forma\u00e7\u00e3o Conjunta da Comunidade de Futuro Compartilhado China-Brasil por um Mundo mais Justo e um Planeta mais Sustent\u00e1vel - CRI e Diario de Pernambuco<\/title>\n<meta name=\"robots\" content=\"index, follow, max-snippet:-1, max-image-preview:large, max-video-preview:-1\" \/>\n<link rel=\"canonical\" href=\"https:\/\/diariodepe.com.br\/cri\/2024\/11\/20\/texto-na-integra-declaracao-conjunta-entre-a-republica-popular-da-china-e-a-republica-federativa-do-brasil-sobre-a-formacao-conjunta-da-comunidade-de-futuro-compartilhado-china-brasil-por-um-mundo-ma\/\" \/>\n<meta property=\"og:locale\" content=\"pt_BR\" \/>\n<meta property=\"og:type\" content=\"article\" \/>\n<meta property=\"og:title\" content=\"Texto na \u00edntegra: Declara\u00e7\u00e3o Conjunta entre a Rep\u00fablica Popular da China e a Rep\u00fablica Federativa do Brasil sobre a Forma\u00e7\u00e3o Conjunta da Comunidade de Futuro Compartilhado China-Brasil por um Mundo mais Justo e um Planeta mais Sustent\u00e1vel - CRI e Diario de Pernambuco\" \/>\n<meta property=\"og:description\" content=\"A China e o Brasil emitiram nesta quarta-feira a Declara\u00e7\u00e3o Conjunta entre a Rep\u00fablica Popular da China e a Rep\u00fablica Federativa do Brasil sobre a Forma\u00e7\u00e3o Conjunta da Comunidade de Futuro Compartilhado China-Brasil por um Mundo mais Justo e um...\" \/>\n<meta property=\"og:url\" content=\"https:\/\/diariodepe.com.br\/cri\/2024\/11\/20\/texto-na-integra-declaracao-conjunta-entre-a-republica-popular-da-china-e-a-republica-federativa-do-brasil-sobre-a-formacao-conjunta-da-comunidade-de-futuro-compartilhado-china-brasil-por-um-mundo-ma\/\" \/>\n<meta property=\"og:site_name\" content=\"CRI e Diario de Pernambuco\" \/>\n<meta property=\"article:published_time\" content=\"2024-11-20T21:32:07+00:00\" \/>\n<meta property=\"article:modified_time\" content=\"2024-11-21T05:56:51+00:00\" \/>\n<meta name=\"author\" content=\"Ismael Lucas S. Pereira\" \/>\n<meta name=\"twitter:card\" content=\"summary_large_image\" \/>\n<meta name=\"twitter:label1\" content=\"Escrito por\" \/>\n\t<meta name=\"twitter:data1\" content=\"Ismael Lucas S. Pereira\" \/>\n\t<meta name=\"twitter:label2\" content=\"Est. tempo de leitura\" \/>\n\t<meta name=\"twitter:data2\" content=\"9 minutos\" \/>\n<script type=\"application\/ld+json\" class=\"yoast-schema-graph\">{\"@context\":\"https:\\\/\\\/schema.org\",\"@graph\":[{\"@type\":\"Article\",\"@id\":\"https:\\\/\\\/diariodepe.com.br\\\/cri\\\/2024\\\/11\\\/20\\\/texto-na-integra-declaracao-conjunta-entre-a-republica-popular-da-china-e-a-republica-federativa-do-brasil-sobre-a-formacao-conjunta-da-comunidade-de-futuro-compartilhado-china-brasil-por-um-mundo-ma\\\/#article\",\"isPartOf\":{\"@id\":\"https:\\\/\\\/diariodepe.com.br\\\/cri\\\/2024\\\/11\\\/20\\\/texto-na-integra-declaracao-conjunta-entre-a-republica-popular-da-china-e-a-republica-federativa-do-brasil-sobre-a-formacao-conjunta-da-comunidade-de-futuro-compartilhado-china-brasil-por-um-mundo-ma\\\/\"},\"author\":{\"name\":\"Ismael Lucas S. Pereira\",\"@id\":\"https:\\\/\\\/diariodepe.com.br\\\/cri\\\/#\\\/schema\\\/person\\\/121bb28d84f1a5b1205ef4ce9c2e0c6b\"},\"headline\":\"Texto na \u00edntegra: Declara\u00e7\u00e3o Conjunta entre a Rep\u00fablica Popular da China e a Rep\u00fablica Federativa do Brasil sobre a Forma\u00e7\u00e3o Conjunta da Comunidade de Futuro Compartilhado China-Brasil por um Mundo mais Justo e um Planeta mais Sustent\u00e1vel\",\"datePublished\":\"2024-11-20T21:32:07+00:00\",\"dateModified\":\"2024-11-21T05:56:51+00:00\",\"mainEntityOfPage\":{\"@id\":\"https:\\\/\\\/diariodepe.com.br\\\/cri\\\/2024\\\/11\\\/20\\\/texto-na-integra-declaracao-conjunta-entre-a-republica-popular-da-china-e-a-republica-federativa-do-brasil-sobre-a-formacao-conjunta-da-comunidade-de-futuro-compartilhado-china-brasil-por-um-mundo-ma\\\/\"},\"wordCount\":1817,\"commentCount\":0,\"publisher\":{\"@id\":\"https:\\\/\\\/diariodepe.com.br\\\/cri\\\/#organization\"},\"articleSection\":[\"Internacional\"],\"inLanguage\":\"pt-BR\",\"potentialAction\":[{\"@type\":\"CommentAction\",\"name\":\"Comment\",\"target\":[\"https:\\\/\\\/diariodepe.com.br\\\/cri\\\/2024\\\/11\\\/20\\\/texto-na-integra-declaracao-conjunta-entre-a-republica-popular-da-china-e-a-republica-federativa-do-brasil-sobre-a-formacao-conjunta-da-comunidade-de-futuro-compartilhado-china-brasil-por-um-mundo-ma\\\/#respond\"]}]},{\"@type\":\"WebPage\",\"@id\":\"https:\\\/\\\/diariodepe.com.br\\\/cri\\\/2024\\\/11\\\/20\\\/texto-na-integra-declaracao-conjunta-entre-a-republica-popular-da-china-e-a-republica-federativa-do-brasil-sobre-a-formacao-conjunta-da-comunidade-de-futuro-compartilhado-china-brasil-por-um-mundo-ma\\\/\",\"url\":\"https:\\\/\\\/diariodepe.com.br\\\/cri\\\/2024\\\/11\\\/20\\\/texto-na-integra-declaracao-conjunta-entre-a-republica-popular-da-china-e-a-republica-federativa-do-brasil-sobre-a-formacao-conjunta-da-comunidade-de-futuro-compartilhado-china-brasil-por-um-mundo-ma\\\/\",\"name\":\"Texto na \u00edntegra: Declara\u00e7\u00e3o Conjunta entre a Rep\u00fablica Popular da China e a Rep\u00fablica Federativa do Brasil sobre a Forma\u00e7\u00e3o Conjunta da Comunidade de Futuro Compartilhado China-Brasil por um Mundo mais Justo e um Planeta mais Sustent\u00e1vel - CRI e Diario de Pernambuco\",\"isPartOf\":{\"@id\":\"https:\\\/\\\/diariodepe.com.br\\\/cri\\\/#website\"},\"datePublished\":\"2024-11-20T21:32:07+00:00\",\"dateModified\":\"2024-11-21T05:56:51+00:00\",\"breadcrumb\":{\"@id\":\"https:\\\/\\\/diariodepe.com.br\\\/cri\\\/2024\\\/11\\\/20\\\/texto-na-integra-declaracao-conjunta-entre-a-republica-popular-da-china-e-a-republica-federativa-do-brasil-sobre-a-formacao-conjunta-da-comunidade-de-futuro-compartilhado-china-brasil-por-um-mundo-ma\\\/#breadcrumb\"},\"inLanguage\":\"pt-BR\",\"potentialAction\":[{\"@type\":\"ReadAction\",\"target\":[\"https:\\\/\\\/diariodepe.com.br\\\/cri\\\/2024\\\/11\\\/20\\\/texto-na-integra-declaracao-conjunta-entre-a-republica-popular-da-china-e-a-republica-federativa-do-brasil-sobre-a-formacao-conjunta-da-comunidade-de-futuro-compartilhado-china-brasil-por-um-mundo-ma\\\/\"]}]},{\"@type\":\"BreadcrumbList\",\"@id\":\"https:\\\/\\\/diariodepe.com.br\\\/cri\\\/2024\\\/11\\\/20\\\/texto-na-integra-declaracao-conjunta-entre-a-republica-popular-da-china-e-a-republica-federativa-do-brasil-sobre-a-formacao-conjunta-da-comunidade-de-futuro-compartilhado-china-brasil-por-um-mundo-ma\\\/#breadcrumb\",\"itemListElement\":[{\"@type\":\"ListItem\",\"position\":1,\"name\":\"In\u00edcio\",\"item\":\"https:\\\/\\\/diariodepe.com.br\\\/cri\\\/\"},{\"@type\":\"ListItem\",\"position\":2,\"name\":\"Texto na \u00edntegra: Declara\u00e7\u00e3o Conjunta entre a Rep\u00fablica Popular da China e a Rep\u00fablica Federativa do Brasil sobre a Forma\u00e7\u00e3o Conjunta da Comunidade de Futuro Compartilhado China-Brasil por um Mundo mais Justo e um Planeta mais Sustent\u00e1vel\"}]},{\"@type\":\"WebSite\",\"@id\":\"https:\\\/\\\/diariodepe.com.br\\\/cri\\\/#website\",\"url\":\"https:\\\/\\\/diariodepe.com.br\\\/cri\\\/\",\"name\":\"CRI e Diario de Pernambuco\",\"description\":\"R\u00e1dio Internacional da China\",\"publisher\":{\"@id\":\"https:\\\/\\\/diariodepe.com.br\\\/cri\\\/#organization\"},\"potentialAction\":[{\"@type\":\"SearchAction\",\"target\":{\"@type\":\"EntryPoint\",\"urlTemplate\":\"https:\\\/\\\/diariodepe.com.br\\\/cri\\\/?s={search_term_string}\"},\"query-input\":{\"@type\":\"PropertyValueSpecification\",\"valueRequired\":true,\"valueName\":\"search_term_string\"}}],\"inLanguage\":\"pt-BR\"},{\"@type\":\"Organization\",\"@id\":\"https:\\\/\\\/diariodepe.com.br\\\/cri\\\/#organization\",\"name\":\"CRI e Diario de Pernambuco\",\"url\":\"https:\\\/\\\/diariodepe.com.br\\\/cri\\\/\",\"logo\":{\"@type\":\"ImageObject\",\"inLanguage\":\"pt-BR\",\"@id\":\"https:\\\/\\\/diariodepe.com.br\\\/cri\\\/#\\\/schema\\\/logo\\\/image\\\/\",\"url\":\"https:\\\/\\\/diariodepe.com.br\\\/cri\\\/wp-content\\\/uploads\\\/sites\\\/2\\\/2022\\\/12\\\/cropped-Logo.jpg\",\"contentUrl\":\"https:\\\/\\\/diariodepe.com.br\\\/cri\\\/wp-content\\\/uploads\\\/sites\\\/2\\\/2022\\\/12\\\/cropped-Logo.jpg\",\"width\":700,\"height\":59,\"caption\":\"CRI e Diario de Pernambuco\"},\"image\":{\"@id\":\"https:\\\/\\\/diariodepe.com.br\\\/cri\\\/#\\\/schema\\\/logo\\\/image\\\/\"}},{\"@type\":\"Person\",\"@id\":\"https:\\\/\\\/diariodepe.com.br\\\/cri\\\/#\\\/schema\\\/person\\\/121bb28d84f1a5b1205ef4ce9c2e0c6b\",\"name\":\"Ismael Lucas S. Pereira\",\"image\":{\"@type\":\"ImageObject\",\"inLanguage\":\"pt-BR\",\"@id\":\"https:\\\/\\\/secure.gravatar.com\\\/avatar\\\/887a0f3b5a7ceea963a48499fb883ffce6b5037362def025c52c2505b15d63e4?s=96&d=mm&r=g\",\"url\":\"https:\\\/\\\/secure.gravatar.com\\\/avatar\\\/887a0f3b5a7ceea963a48499fb883ffce6b5037362def025c52c2505b15d63e4?s=96&d=mm&r=g\",\"contentUrl\":\"https:\\\/\\\/secure.gravatar.com\\\/avatar\\\/887a0f3b5a7ceea963a48499fb883ffce6b5037362def025c52c2505b15d63e4?s=96&d=mm&r=g\",\"caption\":\"Ismael Lucas S. Pereira\"},\"url\":\"https:\\\/\\\/diariodepe.com.br\\\/cri\\\/author\\\/ismael-lucas\\\/\"}]}<\/script>\n<!-- \/ Yoast SEO plugin. -->","yoast_head_json":{"title":"Texto na \u00edntegra: Declara\u00e7\u00e3o Conjunta entre a Rep\u00fablica Popular da China e a Rep\u00fablica Federativa do Brasil sobre a Forma\u00e7\u00e3o Conjunta da Comunidade de Futuro Compartilhado China-Brasil por um Mundo mais Justo e um Planeta mais Sustent\u00e1vel - CRI e Diario de Pernambuco","robots":{"index":"index","follow":"follow","max-snippet":"max-snippet:-1","max-image-preview":"max-image-preview:large","max-video-preview":"max-video-preview:-1"},"canonical":"https:\/\/diariodepe.com.br\/cri\/2024\/11\/20\/texto-na-integra-declaracao-conjunta-entre-a-republica-popular-da-china-e-a-republica-federativa-do-brasil-sobre-a-formacao-conjunta-da-comunidade-de-futuro-compartilhado-china-brasil-por-um-mundo-ma\/","og_locale":"pt_BR","og_type":"article","og_title":"Texto na \u00edntegra: Declara\u00e7\u00e3o Conjunta entre a Rep\u00fablica Popular da China e a Rep\u00fablica Federativa do Brasil sobre a Forma\u00e7\u00e3o Conjunta da Comunidade de Futuro Compartilhado China-Brasil por um Mundo mais Justo e um Planeta mais Sustent\u00e1vel - CRI e Diario de Pernambuco","og_description":"A China e o Brasil emitiram nesta quarta-feira a Declara\u00e7\u00e3o Conjunta entre a Rep\u00fablica Popular da China e a Rep\u00fablica Federativa do Brasil sobre a Forma\u00e7\u00e3o Conjunta da Comunidade de Futuro Compartilhado China-Brasil por um Mundo mais Justo e um...","og_url":"https:\/\/diariodepe.com.br\/cri\/2024\/11\/20\/texto-na-integra-declaracao-conjunta-entre-a-republica-popular-da-china-e-a-republica-federativa-do-brasil-sobre-a-formacao-conjunta-da-comunidade-de-futuro-compartilhado-china-brasil-por-um-mundo-ma\/","og_site_name":"CRI e Diario de Pernambuco","article_published_time":"2024-11-20T21:32:07+00:00","article_modified_time":"2024-11-21T05:56:51+00:00","author":"Ismael Lucas S. Pereira","twitter_card":"summary_large_image","twitter_misc":{"Escrito por":"Ismael Lucas S. Pereira","Est. tempo de leitura":"9 minutos"},"schema":{"@context":"https:\/\/schema.org","@graph":[{"@type":"Article","@id":"https:\/\/diariodepe.com.br\/cri\/2024\/11\/20\/texto-na-integra-declaracao-conjunta-entre-a-republica-popular-da-china-e-a-republica-federativa-do-brasil-sobre-a-formacao-conjunta-da-comunidade-de-futuro-compartilhado-china-brasil-por-um-mundo-ma\/#article","isPartOf":{"@id":"https:\/\/diariodepe.com.br\/cri\/2024\/11\/20\/texto-na-integra-declaracao-conjunta-entre-a-republica-popular-da-china-e-a-republica-federativa-do-brasil-sobre-a-formacao-conjunta-da-comunidade-de-futuro-compartilhado-china-brasil-por-um-mundo-ma\/"},"author":{"name":"Ismael Lucas S. Pereira","@id":"https:\/\/diariodepe.com.br\/cri\/#\/schema\/person\/121bb28d84f1a5b1205ef4ce9c2e0c6b"},"headline":"Texto na \u00edntegra: Declara\u00e7\u00e3o Conjunta entre a Rep\u00fablica Popular da China e a Rep\u00fablica Federativa do Brasil sobre a Forma\u00e7\u00e3o Conjunta da Comunidade de Futuro Compartilhado China-Brasil por um Mundo mais Justo e um Planeta mais Sustent\u00e1vel","datePublished":"2024-11-20T21:32:07+00:00","dateModified":"2024-11-21T05:56:51+00:00","mainEntityOfPage":{"@id":"https:\/\/diariodepe.com.br\/cri\/2024\/11\/20\/texto-na-integra-declaracao-conjunta-entre-a-republica-popular-da-china-e-a-republica-federativa-do-brasil-sobre-a-formacao-conjunta-da-comunidade-de-futuro-compartilhado-china-brasil-por-um-mundo-ma\/"},"wordCount":1817,"commentCount":0,"publisher":{"@id":"https:\/\/diariodepe.com.br\/cri\/#organization"},"articleSection":["Internacional"],"inLanguage":"pt-BR","potentialAction":[{"@type":"CommentAction","name":"Comment","target":["https:\/\/diariodepe.com.br\/cri\/2024\/11\/20\/texto-na-integra-declaracao-conjunta-entre-a-republica-popular-da-china-e-a-republica-federativa-do-brasil-sobre-a-formacao-conjunta-da-comunidade-de-futuro-compartilhado-china-brasil-por-um-mundo-ma\/#respond"]}]},{"@type":"WebPage","@id":"https:\/\/diariodepe.com.br\/cri\/2024\/11\/20\/texto-na-integra-declaracao-conjunta-entre-a-republica-popular-da-china-e-a-republica-federativa-do-brasil-sobre-a-formacao-conjunta-da-comunidade-de-futuro-compartilhado-china-brasil-por-um-mundo-ma\/","url":"https:\/\/diariodepe.com.br\/cri\/2024\/11\/20\/texto-na-integra-declaracao-conjunta-entre-a-republica-popular-da-china-e-a-republica-federativa-do-brasil-sobre-a-formacao-conjunta-da-comunidade-de-futuro-compartilhado-china-brasil-por-um-mundo-ma\/","name":"Texto na \u00edntegra: Declara\u00e7\u00e3o Conjunta entre a Rep\u00fablica Popular da China e a Rep\u00fablica Federativa do Brasil sobre a Forma\u00e7\u00e3o Conjunta da Comunidade de Futuro Compartilhado China-Brasil por um Mundo mais Justo e um Planeta mais Sustent\u00e1vel - CRI e Diario de Pernambuco","isPartOf":{"@id":"https:\/\/diariodepe.com.br\/cri\/#website"},"datePublished":"2024-11-20T21:32:07+00:00","dateModified":"2024-11-21T05:56:51+00:00","breadcrumb":{"@id":"https:\/\/diariodepe.com.br\/cri\/2024\/11\/20\/texto-na-integra-declaracao-conjunta-entre-a-republica-popular-da-china-e-a-republica-federativa-do-brasil-sobre-a-formacao-conjunta-da-comunidade-de-futuro-compartilhado-china-brasil-por-um-mundo-ma\/#breadcrumb"},"inLanguage":"pt-BR","potentialAction":[{"@type":"ReadAction","target":["https:\/\/diariodepe.com.br\/cri\/2024\/11\/20\/texto-na-integra-declaracao-conjunta-entre-a-republica-popular-da-china-e-a-republica-federativa-do-brasil-sobre-a-formacao-conjunta-da-comunidade-de-futuro-compartilhado-china-brasil-por-um-mundo-ma\/"]}]},{"@type":"BreadcrumbList","@id":"https:\/\/diariodepe.com.br\/cri\/2024\/11\/20\/texto-na-integra-declaracao-conjunta-entre-a-republica-popular-da-china-e-a-republica-federativa-do-brasil-sobre-a-formacao-conjunta-da-comunidade-de-futuro-compartilhado-china-brasil-por-um-mundo-ma\/#breadcrumb","itemListElement":[{"@type":"ListItem","position":1,"name":"In\u00edcio","item":"https:\/\/diariodepe.com.br\/cri\/"},{"@type":"ListItem","position":2,"name":"Texto na \u00edntegra: Declara\u00e7\u00e3o Conjunta entre a Rep\u00fablica Popular da China e a Rep\u00fablica Federativa do Brasil sobre a Forma\u00e7\u00e3o Conjunta da Comunidade de Futuro Compartilhado China-Brasil por um Mundo mais Justo e um Planeta mais Sustent\u00e1vel"}]},{"@type":"WebSite","@id":"https:\/\/diariodepe.com.br\/cri\/#website","url":"https:\/\/diariodepe.com.br\/cri\/","name":"CRI e Diario de Pernambuco","description":"R\u00e1dio Internacional da China","publisher":{"@id":"https:\/\/diariodepe.com.br\/cri\/#organization"},"potentialAction":[{"@type":"SearchAction","target":{"@type":"EntryPoint","urlTemplate":"https:\/\/diariodepe.com.br\/cri\/?s={search_term_string}"},"query-input":{"@type":"PropertyValueSpecification","valueRequired":true,"valueName":"search_term_string"}}],"inLanguage":"pt-BR"},{"@type":"Organization","@id":"https:\/\/diariodepe.com.br\/cri\/#organization","name":"CRI e Diario de Pernambuco","url":"https:\/\/diariodepe.com.br\/cri\/","logo":{"@type":"ImageObject","inLanguage":"pt-BR","@id":"https:\/\/diariodepe.com.br\/cri\/#\/schema\/logo\/image\/","url":"https:\/\/diariodepe.com.br\/cri\/wp-content\/uploads\/sites\/2\/2022\/12\/cropped-Logo.jpg","contentUrl":"https:\/\/diariodepe.com.br\/cri\/wp-content\/uploads\/sites\/2\/2022\/12\/cropped-Logo.jpg","width":700,"height":59,"caption":"CRI e Diario de Pernambuco"},"image":{"@id":"https:\/\/diariodepe.com.br\/cri\/#\/schema\/logo\/image\/"}},{"@type":"Person","@id":"https:\/\/diariodepe.com.br\/cri\/#\/schema\/person\/121bb28d84f1a5b1205ef4ce9c2e0c6b","name":"Ismael Lucas S. Pereira","image":{"@type":"ImageObject","inLanguage":"pt-BR","@id":"https:\/\/secure.gravatar.com\/avatar\/887a0f3b5a7ceea963a48499fb883ffce6b5037362def025c52c2505b15d63e4?s=96&d=mm&r=g","url":"https:\/\/secure.gravatar.com\/avatar\/887a0f3b5a7ceea963a48499fb883ffce6b5037362def025c52c2505b15d63e4?s=96&d=mm&r=g","contentUrl":"https:\/\/secure.gravatar.com\/avatar\/887a0f3b5a7ceea963a48499fb883ffce6b5037362def025c52c2505b15d63e4?s=96&d=mm&r=g","caption":"Ismael Lucas S. Pereira"},"url":"https:\/\/diariodepe.com.br\/cri\/author\/ismael-lucas\/"}]}},"cc_featured_image_caption":{"caption_text":false,"source_text":false,"source_url":false},"amp_enabled":true,"_links":{"self":[{"href":"https:\/\/diariodepe.com.br\/cri\/wp-json\/wp\/v2\/posts\/6871","targetHints":{"allow":["GET"]}}],"collection":[{"href":"https:\/\/diariodepe.com.br\/cri\/wp-json\/wp\/v2\/posts"}],"about":[{"href":"https:\/\/diariodepe.com.br\/cri\/wp-json\/wp\/v2\/types\/post"}],"author":[{"embeddable":true,"href":"https:\/\/diariodepe.com.br\/cri\/wp-json\/wp\/v2\/users\/2"}],"replies":[{"embeddable":true,"href":"https:\/\/diariodepe.com.br\/cri\/wp-json\/wp\/v2\/comments?post=6871"}],"version-history":[{"count":1,"href":"https:\/\/diariodepe.com.br\/cri\/wp-json\/wp\/v2\/posts\/6871\/revisions"}],"predecessor-version":[{"id":6872,"href":"https:\/\/diariodepe.com.br\/cri\/wp-json\/wp\/v2\/posts\/6871\/revisions\/6872"}],"wp:attachment":[{"href":"https:\/\/diariodepe.com.br\/cri\/wp-json\/wp\/v2\/media?parent=6871"}],"wp:term":[{"taxonomy":"category","embeddable":true,"href":"https:\/\/diariodepe.com.br\/cri\/wp-json\/wp\/v2\/categories?post=6871"},{"taxonomy":"post_tag","embeddable":true,"href":"https:\/\/diariodepe.com.br\/cri\/wp-json\/wp\/v2\/tags?post=6871"}],"curies":[{"name":"wp","href":"https:\/\/api.w.org\/{rel}","templated":true}]}}