{"id":6868,"date":"2024-11-20T14:42:45","date_gmt":"2024-11-20T17:42:45","guid":{"rendered":"https:\/\/diariodepe.com.br\/cri\/?p=6868"},"modified":"2024-11-21T02:52:25","modified_gmt":"2024-11-21T05:52:25","slug":"xi-jinping-e-lula-se-reunem-com-a-imprensa","status":"publish","type":"post","link":"https:\/\/diariodepe.com.br\/cri\/2024\/11\/20\/xi-jinping-e-lula-se-reunem-com-a-imprensa\/","title":{"rendered":"Xi Jinping e Lula se re\u00fanem com a imprensa"},"content":{"rendered":"<p data-spm-anchor-id=\"0.0.0.i1\">O presidente chin\u00eas, Xi Jinping, e o presidente brasileiro, Luiz In\u00e1cio Lula da Silva, se reuniram no dia 20 (hor\u00e1rio local), com a imprensa no Pal\u00e1cio da Alvorada ap\u00f3s a reuni\u00e3o bilateral.<\/p>\n<p>Xi Jinping disse: \u201cTrata-se de mais uma visita cinco anos depois da \u00faltima realizada nesta \u2018terra cheia de amor e esperan\u00e7a\u2019. Na v\u00e9spera de minha partida, recebi cartas de amigos de diversos setores do Brasil, repletas do apre\u00e7o do povo brasileiro pela amizade China-Brasil e de suas expectativas de aprofundar a amizade entre os dois pa\u00edses, o que me emocionou muito. H\u00e1 pouco, tive uma conversa cordial, amig\u00e1vel e frut\u00edfera com o presidente Lula. Ao fazer uma retrospectiva dos 50 anos de desenvolvimento das rela\u00e7\u00f5es China-Brasil, ambos concordamos que o relacionamento est\u00e1 no melhor per\u00edodo da hist\u00f3ria, demonstrando cada vez mais sua influ\u00eancia global, estrat\u00e9gica e de longo prazo, e tornando-se um modelo de progresso conjunto, solidariedade e coopera\u00e7\u00e3o entre grandes pa\u00edses em desenvolvimento.\u201d<\/p>\n<p>\u201cChegamos a um novo consenso estrat\u00e9gico sobre o desenvolvimento futuro das rela\u00e7\u00f5es China-Brasil. O mais importante \u00e9 a decis\u00e3o conjunta de elevar as rela\u00e7\u00f5es bilaterais para uma comunidade de futuro compartilhado China-Brasil por um mundo mais justo e um planeta mais sustent\u00e1vel, e de estabelecer a sinergia da Iniciativa Cintur\u00e3o e Rota com a estrat\u00e9gia de desenvolvimento do Brasil. No contexto da evolu\u00e7\u00e3o acelerada da conjuntura mundial, isso reflete a determina\u00e7\u00e3o da China e do Brasil, dois grandes pa\u00edses em desenvolvimento, de se reconhecer, se adaptar e buscar mudan\u00e7as, e certamente promover\u00e3o as rela\u00e7\u00f5es bilaterais e inaugurar\u00e3o os pr\u00f3ximos \u201850 anos dourados\u2019, e ao mesmo tempo, dar\u00e3o um exemplo para os pa\u00edses do Sul Global se unirem e se fortalecerem, al\u00e9m de fazerem novas contribui\u00e7\u00f5es para aumentar a representa\u00e7\u00e3o e a voz dos pa\u00edses em desenvolvimento na governan\u00e7a global.\u201d<\/p>\n<p>\u201cConcordamos que devemos continuar a aprofundar a confian\u00e7a m\u00fatua estrat\u00e9gica, nos apoiar firmemente em quest\u00f5es essenciais relacionadas \u00e0 soberania, seguran\u00e7a e interesses de desenvolvimento, al\u00e9m de promover o pr\u00f3prio desenvolvimento de alta qualidade. Como os dois grandes pa\u00edses em desenvolvimento dos hemisf\u00e9rios oriental e ocidental, tamb\u00e9m devemos tomar a iniciativa de assumir a responsabilidade hist\u00f3rica de liderar e salvaguardar os interesses comuns dos pa\u00edses do Sul Global e conduzir o desenvolvimento da ordem internacional em uma dire\u00e7\u00e3o mais justa e equitativa.\u201d<\/p>\n<p>\u201cConcordamos unanimemente que \u00e9 necess\u00e1rio fazer um bom trabalho na sinergia das estrat\u00e9gias de desenvolvimento dos dois pa\u00edses. Aprofundaremos a coopera\u00e7\u00e3o em \u00e1reas-chave, como economia e com\u00e9rcio, finan\u00e7as, ci\u00eancia e tecnologia, constru\u00e7\u00e3o de infraestruturas e prote\u00e7\u00e3o ambiental, e fortaleceremos a coopera\u00e7\u00e3o em \u00e1reas emergentes, como transi\u00e7\u00e3o energ\u00e9tica, economia digital, intelig\u00eancia artificial e minerais verdes.\u201d<\/p>\n<p>\u201cConcordamos que a China e o Brasil devem continuar colaborando estreitamente atrav\u00e9s de mecanismos multilaterais, como as Na\u00e7\u00f5es Unidas, o G20 e os BRICS, para enfrentar conjuntamente os desafios de seguran\u00e7a em \u00e1reas tradicionais e n\u00e3o tradicionais, como fome e pobreza, conflitos regionais, mudan\u00e7a clim\u00e1tica e seguran\u00e7a cibern\u00e9tica, e fazer novas contribui\u00e7\u00f5es chinesas e brasileiras para a causa da paz e do desenvolvimento mundiais. O pr\u00f3ximo ano marcar\u00e1 o 10\u00ba anivers\u00e1rio do F\u00f3rum China-CELAC, e a China est\u00e1 pronta para trabalhar com o Brasil e outros pa\u00edses latino-americanos para impulsionar a coopera\u00e7\u00e3o China-CELAC a um novo patamar.\u201d<\/p>\n<p>\u201cA China e o Brasil emitiram conjuntamente um consenso de seis pontos sobre uma solu\u00e7\u00e3o pol\u00edtica para a crise na Ucr\u00e2nia e v\u00e3o lan\u00e7ar o grupo \u2018Amigos da Paz\u2019 sobre tal conflito, juntamente com pa\u00edses do Sul Global. Precisamos reunir mais vozes comprometidas com a paz para abrir o caminho na busca de uma solu\u00e7\u00e3o pol\u00edtica para a crise na Ucr\u00e2nia. Estamos profundamente preocupados com a cont\u00ednua expans\u00e3o do conflito em Gaza e pedimos um cessar-fogo e o fim das hostilidades o mais r\u00e1pido poss\u00edvel, a implementa\u00e7\u00e3o da solu\u00e7\u00e3o de dois Estados e esfor\u00e7os incessantes para uma solu\u00e7\u00e3o abrangente, justa e duradoura para a quest\u00e3o palestina.\u201d<\/p>\n<p>Por sua vez, Lula disse que, embora o Brasil e a China estejam distantes, eles compartilham valores semelhantes, amplos interesses comuns, amizade profunda e s\u00f3lida, e a coopera\u00e7\u00e3o Brasil-China tem significado estrat\u00e9gico e influ\u00eancia global. A China \u00e9 o parceiro comercial e de investimento mais importante do Brasil, e as empresas chinesas no Brasil t\u00eam contribu\u00eddo fortemente para o desenvolvimento econ\u00f4mico e social brasileiro. Decidimos elevar nossas rela\u00e7\u00f5es bilaterais a uma comunidade Brasil-China de futuro compartilhado para a constru\u00e7\u00e3o de um mundo mais justo e mais sustent\u00e1vel, e decidimos estabelecer a sinergia da estrat\u00e9gia de desenvolvimento do Brasil com a Iniciativa Cintur\u00e3o e Rota da China, com foco na expans\u00e3o e aprofundamento da coopera\u00e7\u00e3o em \u00e1reas como desenvolvimento sustent\u00e1vel, infraestrutura, finan\u00e7as, transi\u00e7\u00e3o energ\u00e9tica e aeroespacial, de modo a elevar as rela\u00e7\u00f5es bilaterais a um novo patamar. O Brasil e a China t\u00eam um alto grau de converg\u00eancia em quest\u00f5es importantes, como desenvolvimento internacional e seguran\u00e7a. \u201cGostaria de agradecer \u00e0 China por seu forte apoio \u00e0 presid\u00eancia brasileira do G20 e por assumir a lideran\u00e7a na ades\u00e3o \u00e0 Alian\u00e7a Global contra a Fome e a Pobreza. Fortaleceremos ainda mais a comunica\u00e7\u00e3o e a colabora\u00e7\u00e3o dentro de mecanismos multilaterais como as Na\u00e7\u00f5es Unidas, o G20 e o BRICS, defenderemos conjuntamente a reforma do sistema de governan\u00e7a global, construiremos um sistema internacional mais justo, democr\u00e1tico, equitativo e sustent\u00e1vel e promoveremos a resolu\u00e7\u00e3o pac\u00edfica de quest\u00f5es cr\u00edticas. A visita do presidente Xi Jinping abriu um novo cap\u00edtulo na hist\u00f3ria das rela\u00e7\u00f5es Brasil-China.\u201d<\/p>\n","protected":false},"excerpt":{"rendered":"<p>O presidente chin\u00eas, Xi Jinping, e o presidente brasileiro, Luiz In\u00e1cio Lula da Silva, se reuniram no dia 20 (hor\u00e1rio local), com a imprensa no Pal\u00e1cio da Alvorada ap\u00f3s a reuni\u00e3o bilateral. Xi Jinping disse: \u201cTrata-se de mais uma visita&#8230;<\/p>\n","protected":false},"author":2,"featured_media":6869,"comment_status":"open","ping_status":"open","sticky":false,"template":"","format":"standard","meta":{"footnotes":""},"categories":[5,8],"tags":[],"class_list":["post-6868","post","type-post","status-publish","format-standard","has-post-thumbnail","hentry","category-destaques-capa","category-internacional"],"yoast_head":"<!-- This site is optimized with the Yoast SEO plugin v27.4 - https:\/\/yoast.com\/product\/yoast-seo-wordpress\/ -->\n<title>Xi Jinping e Lula se re\u00fanem com a imprensa - CRI e Diario de Pernambuco<\/title>\n<meta name=\"robots\" content=\"index, follow, max-snippet:-1, max-image-preview:large, max-video-preview:-1\" \/>\n<link rel=\"canonical\" href=\"https:\/\/diariodepe.com.br\/cri\/2024\/11\/20\/xi-jinping-e-lula-se-reunem-com-a-imprensa\/\" \/>\n<meta property=\"og:locale\" content=\"pt_BR\" \/>\n<meta property=\"og:type\" content=\"article\" \/>\n<meta property=\"og:title\" content=\"Xi Jinping e Lula se re\u00fanem com a imprensa - CRI e Diario de Pernambuco\" \/>\n<meta property=\"og:description\" content=\"O presidente chin\u00eas, Xi Jinping, e o presidente brasileiro, Luiz In\u00e1cio Lula da Silva, se reuniram no dia 20 (hor\u00e1rio local), com a imprensa no Pal\u00e1cio da Alvorada ap\u00f3s a reuni\u00e3o bilateral. Xi Jinping disse: \u201cTrata-se de mais uma visita...\" \/>\n<meta property=\"og:url\" content=\"https:\/\/diariodepe.com.br\/cri\/2024\/11\/20\/xi-jinping-e-lula-se-reunem-com-a-imprensa\/\" \/>\n<meta property=\"og:site_name\" content=\"CRI e Diario de Pernambuco\" \/>\n<meta property=\"article:published_time\" content=\"2024-11-20T17:42:45+00:00\" \/>\n<meta property=\"article:modified_time\" content=\"2024-11-21T05:52:25+00:00\" \/>\n<meta property=\"og:image\" content=\"https:\/\/diariodepe.com.br\/cri\/wp-content\/uploads\/sites\/2\/2024\/11\/\u5171\u540c\u89c1\u8bb0\u8005.png\" \/>\n\t<meta property=\"og:image:width\" content=\"900\" \/>\n\t<meta property=\"og:image:height\" content=\"603\" \/>\n\t<meta property=\"og:image:type\" content=\"image\/png\" \/>\n<meta name=\"author\" content=\"Ismael Lucas S. Pereira\" \/>\n<meta name=\"twitter:card\" content=\"summary_large_image\" \/>\n<meta name=\"twitter:label1\" content=\"Escrito por\" \/>\n\t<meta name=\"twitter:data1\" content=\"Ismael Lucas S. Pereira\" \/>\n\t<meta name=\"twitter:label2\" content=\"Est. tempo de leitura\" \/>\n\t<meta name=\"twitter:data2\" content=\"5 minutos\" \/>\n<script type=\"application\/ld+json\" class=\"yoast-schema-graph\">{\"@context\":\"https:\\\/\\\/schema.org\",\"@graph\":[{\"@type\":\"Article\",\"@id\":\"https:\\\/\\\/diariodepe.com.br\\\/cri\\\/2024\\\/11\\\/20\\\/xi-jinping-e-lula-se-reunem-com-a-imprensa\\\/#article\",\"isPartOf\":{\"@id\":\"https:\\\/\\\/diariodepe.com.br\\\/cri\\\/2024\\\/11\\\/20\\\/xi-jinping-e-lula-se-reunem-com-a-imprensa\\\/\"},\"author\":{\"name\":\"Ismael Lucas S. Pereira\",\"@id\":\"https:\\\/\\\/diariodepe.com.br\\\/cri\\\/#\\\/schema\\\/person\\\/121bb28d84f1a5b1205ef4ce9c2e0c6b\"},\"headline\":\"Xi Jinping e Lula se re\u00fanem com a imprensa\",\"datePublished\":\"2024-11-20T17:42:45+00:00\",\"dateModified\":\"2024-11-21T05:52:25+00:00\",\"mainEntityOfPage\":{\"@id\":\"https:\\\/\\\/diariodepe.com.br\\\/cri\\\/2024\\\/11\\\/20\\\/xi-jinping-e-lula-se-reunem-com-a-imprensa\\\/\"},\"wordCount\":1019,\"commentCount\":0,\"publisher\":{\"@id\":\"https:\\\/\\\/diariodepe.com.br\\\/cri\\\/#organization\"},\"image\":{\"@id\":\"https:\\\/\\\/diariodepe.com.br\\\/cri\\\/2024\\\/11\\\/20\\\/xi-jinping-e-lula-se-reunem-com-a-imprensa\\\/#primaryimage\"},\"thumbnailUrl\":\"https:\\\/\\\/diariodepe.com.br\\\/cri\\\/wp-content\\\/uploads\\\/sites\\\/2\\\/2024\\\/11\\\/\u5171\u540c\u89c1\u8bb0\u8005.png\",\"articleSection\":[\"Destaques Capa\",\"Internacional\"],\"inLanguage\":\"pt-BR\",\"potentialAction\":[{\"@type\":\"CommentAction\",\"name\":\"Comment\",\"target\":[\"https:\\\/\\\/diariodepe.com.br\\\/cri\\\/2024\\\/11\\\/20\\\/xi-jinping-e-lula-se-reunem-com-a-imprensa\\\/#respond\"]}]},{\"@type\":\"WebPage\",\"@id\":\"https:\\\/\\\/diariodepe.com.br\\\/cri\\\/2024\\\/11\\\/20\\\/xi-jinping-e-lula-se-reunem-com-a-imprensa\\\/\",\"url\":\"https:\\\/\\\/diariodepe.com.br\\\/cri\\\/2024\\\/11\\\/20\\\/xi-jinping-e-lula-se-reunem-com-a-imprensa\\\/\",\"name\":\"Xi Jinping e Lula se re\u00fanem com a imprensa - CRI e Diario de Pernambuco\",\"isPartOf\":{\"@id\":\"https:\\\/\\\/diariodepe.com.br\\\/cri\\\/#website\"},\"primaryImageOfPage\":{\"@id\":\"https:\\\/\\\/diariodepe.com.br\\\/cri\\\/2024\\\/11\\\/20\\\/xi-jinping-e-lula-se-reunem-com-a-imprensa\\\/#primaryimage\"},\"image\":{\"@id\":\"https:\\\/\\\/diariodepe.com.br\\\/cri\\\/2024\\\/11\\\/20\\\/xi-jinping-e-lula-se-reunem-com-a-imprensa\\\/#primaryimage\"},\"thumbnailUrl\":\"https:\\\/\\\/diariodepe.com.br\\\/cri\\\/wp-content\\\/uploads\\\/sites\\\/2\\\/2024\\\/11\\\/\u5171\u540c\u89c1\u8bb0\u8005.png\",\"datePublished\":\"2024-11-20T17:42:45+00:00\",\"dateModified\":\"2024-11-21T05:52:25+00:00\",\"breadcrumb\":{\"@id\":\"https:\\\/\\\/diariodepe.com.br\\\/cri\\\/2024\\\/11\\\/20\\\/xi-jinping-e-lula-se-reunem-com-a-imprensa\\\/#breadcrumb\"},\"inLanguage\":\"pt-BR\",\"potentialAction\":[{\"@type\":\"ReadAction\",\"target\":[\"https:\\\/\\\/diariodepe.com.br\\\/cri\\\/2024\\\/11\\\/20\\\/xi-jinping-e-lula-se-reunem-com-a-imprensa\\\/\"]}]},{\"@type\":\"ImageObject\",\"inLanguage\":\"pt-BR\",\"@id\":\"https:\\\/\\\/diariodepe.com.br\\\/cri\\\/2024\\\/11\\\/20\\\/xi-jinping-e-lula-se-reunem-com-a-imprensa\\\/#primaryimage\",\"url\":\"https:\\\/\\\/diariodepe.com.br\\\/cri\\\/wp-content\\\/uploads\\\/sites\\\/2\\\/2024\\\/11\\\/\u5171\u540c\u89c1\u8bb0\u8005.png\",\"contentUrl\":\"https:\\\/\\\/diariodepe.com.br\\\/cri\\\/wp-content\\\/uploads\\\/sites\\\/2\\\/2024\\\/11\\\/\u5171\u540c\u89c1\u8bb0\u8005.png\",\"width\":900,\"height\":603},{\"@type\":\"BreadcrumbList\",\"@id\":\"https:\\\/\\\/diariodepe.com.br\\\/cri\\\/2024\\\/11\\\/20\\\/xi-jinping-e-lula-se-reunem-com-a-imprensa\\\/#breadcrumb\",\"itemListElement\":[{\"@type\":\"ListItem\",\"position\":1,\"name\":\"In\u00edcio\",\"item\":\"https:\\\/\\\/diariodepe.com.br\\\/cri\\\/\"},{\"@type\":\"ListItem\",\"position\":2,\"name\":\"Xi Jinping e Lula se re\u00fanem com a imprensa\"}]},{\"@type\":\"WebSite\",\"@id\":\"https:\\\/\\\/diariodepe.com.br\\\/cri\\\/#website\",\"url\":\"https:\\\/\\\/diariodepe.com.br\\\/cri\\\/\",\"name\":\"CRI e Diario de Pernambuco\",\"description\":\"R\u00e1dio Internacional da China\",\"publisher\":{\"@id\":\"https:\\\/\\\/diariodepe.com.br\\\/cri\\\/#organization\"},\"potentialAction\":[{\"@type\":\"SearchAction\",\"target\":{\"@type\":\"EntryPoint\",\"urlTemplate\":\"https:\\\/\\\/diariodepe.com.br\\\/cri\\\/?s={search_term_string}\"},\"query-input\":{\"@type\":\"PropertyValueSpecification\",\"valueRequired\":true,\"valueName\":\"search_term_string\"}}],\"inLanguage\":\"pt-BR\"},{\"@type\":\"Organization\",\"@id\":\"https:\\\/\\\/diariodepe.com.br\\\/cri\\\/#organization\",\"name\":\"CRI e Diario de Pernambuco\",\"url\":\"https:\\\/\\\/diariodepe.com.br\\\/cri\\\/\",\"logo\":{\"@type\":\"ImageObject\",\"inLanguage\":\"pt-BR\",\"@id\":\"https:\\\/\\\/diariodepe.com.br\\\/cri\\\/#\\\/schema\\\/logo\\\/image\\\/\",\"url\":\"https:\\\/\\\/diariodepe.com.br\\\/cri\\\/wp-content\\\/uploads\\\/sites\\\/2\\\/2022\\\/12\\\/cropped-Logo.jpg\",\"contentUrl\":\"https:\\\/\\\/diariodepe.com.br\\\/cri\\\/wp-content\\\/uploads\\\/sites\\\/2\\\/2022\\\/12\\\/cropped-Logo.jpg\",\"width\":700,\"height\":59,\"caption\":\"CRI e Diario de Pernambuco\"},\"image\":{\"@id\":\"https:\\\/\\\/diariodepe.com.br\\\/cri\\\/#\\\/schema\\\/logo\\\/image\\\/\"}},{\"@type\":\"Person\",\"@id\":\"https:\\\/\\\/diariodepe.com.br\\\/cri\\\/#\\\/schema\\\/person\\\/121bb28d84f1a5b1205ef4ce9c2e0c6b\",\"name\":\"Ismael Lucas S. Pereira\",\"image\":{\"@type\":\"ImageObject\",\"inLanguage\":\"pt-BR\",\"@id\":\"https:\\\/\\\/secure.gravatar.com\\\/avatar\\\/887a0f3b5a7ceea963a48499fb883ffce6b5037362def025c52c2505b15d63e4?s=96&d=mm&r=g\",\"url\":\"https:\\\/\\\/secure.gravatar.com\\\/avatar\\\/887a0f3b5a7ceea963a48499fb883ffce6b5037362def025c52c2505b15d63e4?s=96&d=mm&r=g\",\"contentUrl\":\"https:\\\/\\\/secure.gravatar.com\\\/avatar\\\/887a0f3b5a7ceea963a48499fb883ffce6b5037362def025c52c2505b15d63e4?s=96&d=mm&r=g\",\"caption\":\"Ismael Lucas S. Pereira\"},\"url\":\"https:\\\/\\\/diariodepe.com.br\\\/cri\\\/author\\\/ismael-lucas\\\/\"}]}<\/script>\n<!-- \/ Yoast SEO plugin. -->","yoast_head_json":{"title":"Xi Jinping e Lula se re\u00fanem com a imprensa - CRI e Diario de Pernambuco","robots":{"index":"index","follow":"follow","max-snippet":"max-snippet:-1","max-image-preview":"max-image-preview:large","max-video-preview":"max-video-preview:-1"},"canonical":"https:\/\/diariodepe.com.br\/cri\/2024\/11\/20\/xi-jinping-e-lula-se-reunem-com-a-imprensa\/","og_locale":"pt_BR","og_type":"article","og_title":"Xi Jinping e Lula se re\u00fanem com a imprensa - CRI e Diario de Pernambuco","og_description":"O presidente chin\u00eas, Xi Jinping, e o presidente brasileiro, Luiz In\u00e1cio Lula da Silva, se reuniram no dia 20 (hor\u00e1rio local), com a imprensa no Pal\u00e1cio da Alvorada ap\u00f3s a reuni\u00e3o bilateral. Xi Jinping disse: \u201cTrata-se de mais uma visita...","og_url":"https:\/\/diariodepe.com.br\/cri\/2024\/11\/20\/xi-jinping-e-lula-se-reunem-com-a-imprensa\/","og_site_name":"CRI e Diario de Pernambuco","article_published_time":"2024-11-20T17:42:45+00:00","article_modified_time":"2024-11-21T05:52:25+00:00","og_image":[{"width":900,"height":603,"url":"https:\/\/diariodepe.com.br\/cri\/wp-content\/uploads\/sites\/2\/2024\/11\/\u5171\u540c\u89c1\u8bb0\u8005.png","type":"image\/png"}],"author":"Ismael Lucas S. Pereira","twitter_card":"summary_large_image","twitter_misc":{"Escrito por":"Ismael Lucas S. Pereira","Est. tempo de leitura":"5 minutos"},"schema":{"@context":"https:\/\/schema.org","@graph":[{"@type":"Article","@id":"https:\/\/diariodepe.com.br\/cri\/2024\/11\/20\/xi-jinping-e-lula-se-reunem-com-a-imprensa\/#article","isPartOf":{"@id":"https:\/\/diariodepe.com.br\/cri\/2024\/11\/20\/xi-jinping-e-lula-se-reunem-com-a-imprensa\/"},"author":{"name":"Ismael Lucas S. Pereira","@id":"https:\/\/diariodepe.com.br\/cri\/#\/schema\/person\/121bb28d84f1a5b1205ef4ce9c2e0c6b"},"headline":"Xi Jinping e Lula se re\u00fanem com a imprensa","datePublished":"2024-11-20T17:42:45+00:00","dateModified":"2024-11-21T05:52:25+00:00","mainEntityOfPage":{"@id":"https:\/\/diariodepe.com.br\/cri\/2024\/11\/20\/xi-jinping-e-lula-se-reunem-com-a-imprensa\/"},"wordCount":1019,"commentCount":0,"publisher":{"@id":"https:\/\/diariodepe.com.br\/cri\/#organization"},"image":{"@id":"https:\/\/diariodepe.com.br\/cri\/2024\/11\/20\/xi-jinping-e-lula-se-reunem-com-a-imprensa\/#primaryimage"},"thumbnailUrl":"https:\/\/diariodepe.com.br\/cri\/wp-content\/uploads\/sites\/2\/2024\/11\/\u5171\u540c\u89c1\u8bb0\u8005.png","articleSection":["Destaques Capa","Internacional"],"inLanguage":"pt-BR","potentialAction":[{"@type":"CommentAction","name":"Comment","target":["https:\/\/diariodepe.com.br\/cri\/2024\/11\/20\/xi-jinping-e-lula-se-reunem-com-a-imprensa\/#respond"]}]},{"@type":"WebPage","@id":"https:\/\/diariodepe.com.br\/cri\/2024\/11\/20\/xi-jinping-e-lula-se-reunem-com-a-imprensa\/","url":"https:\/\/diariodepe.com.br\/cri\/2024\/11\/20\/xi-jinping-e-lula-se-reunem-com-a-imprensa\/","name":"Xi Jinping e Lula se re\u00fanem com a imprensa - CRI e Diario de Pernambuco","isPartOf":{"@id":"https:\/\/diariodepe.com.br\/cri\/#website"},"primaryImageOfPage":{"@id":"https:\/\/diariodepe.com.br\/cri\/2024\/11\/20\/xi-jinping-e-lula-se-reunem-com-a-imprensa\/#primaryimage"},"image":{"@id":"https:\/\/diariodepe.com.br\/cri\/2024\/11\/20\/xi-jinping-e-lula-se-reunem-com-a-imprensa\/#primaryimage"},"thumbnailUrl":"https:\/\/diariodepe.com.br\/cri\/wp-content\/uploads\/sites\/2\/2024\/11\/\u5171\u540c\u89c1\u8bb0\u8005.png","datePublished":"2024-11-20T17:42:45+00:00","dateModified":"2024-11-21T05:52:25+00:00","breadcrumb":{"@id":"https:\/\/diariodepe.com.br\/cri\/2024\/11\/20\/xi-jinping-e-lula-se-reunem-com-a-imprensa\/#breadcrumb"},"inLanguage":"pt-BR","potentialAction":[{"@type":"ReadAction","target":["https:\/\/diariodepe.com.br\/cri\/2024\/11\/20\/xi-jinping-e-lula-se-reunem-com-a-imprensa\/"]}]},{"@type":"ImageObject","inLanguage":"pt-BR","@id":"https:\/\/diariodepe.com.br\/cri\/2024\/11\/20\/xi-jinping-e-lula-se-reunem-com-a-imprensa\/#primaryimage","url":"https:\/\/diariodepe.com.br\/cri\/wp-content\/uploads\/sites\/2\/2024\/11\/\u5171\u540c\u89c1\u8bb0\u8005.png","contentUrl":"https:\/\/diariodepe.com.br\/cri\/wp-content\/uploads\/sites\/2\/2024\/11\/\u5171\u540c\u89c1\u8bb0\u8005.png","width":900,"height":603},{"@type":"BreadcrumbList","@id":"https:\/\/diariodepe.com.br\/cri\/2024\/11\/20\/xi-jinping-e-lula-se-reunem-com-a-imprensa\/#breadcrumb","itemListElement":[{"@type":"ListItem","position":1,"name":"In\u00edcio","item":"https:\/\/diariodepe.com.br\/cri\/"},{"@type":"ListItem","position":2,"name":"Xi Jinping e Lula se re\u00fanem com a imprensa"}]},{"@type":"WebSite","@id":"https:\/\/diariodepe.com.br\/cri\/#website","url":"https:\/\/diariodepe.com.br\/cri\/","name":"CRI e Diario de Pernambuco","description":"R\u00e1dio Internacional da China","publisher":{"@id":"https:\/\/diariodepe.com.br\/cri\/#organization"},"potentialAction":[{"@type":"SearchAction","target":{"@type":"EntryPoint","urlTemplate":"https:\/\/diariodepe.com.br\/cri\/?s={search_term_string}"},"query-input":{"@type":"PropertyValueSpecification","valueRequired":true,"valueName":"search_term_string"}}],"inLanguage":"pt-BR"},{"@type":"Organization","@id":"https:\/\/diariodepe.com.br\/cri\/#organization","name":"CRI e Diario de Pernambuco","url":"https:\/\/diariodepe.com.br\/cri\/","logo":{"@type":"ImageObject","inLanguage":"pt-BR","@id":"https:\/\/diariodepe.com.br\/cri\/#\/schema\/logo\/image\/","url":"https:\/\/diariodepe.com.br\/cri\/wp-content\/uploads\/sites\/2\/2022\/12\/cropped-Logo.jpg","contentUrl":"https:\/\/diariodepe.com.br\/cri\/wp-content\/uploads\/sites\/2\/2022\/12\/cropped-Logo.jpg","width":700,"height":59,"caption":"CRI e Diario de Pernambuco"},"image":{"@id":"https:\/\/diariodepe.com.br\/cri\/#\/schema\/logo\/image\/"}},{"@type":"Person","@id":"https:\/\/diariodepe.com.br\/cri\/#\/schema\/person\/121bb28d84f1a5b1205ef4ce9c2e0c6b","name":"Ismael Lucas S. Pereira","image":{"@type":"ImageObject","inLanguage":"pt-BR","@id":"https:\/\/secure.gravatar.com\/avatar\/887a0f3b5a7ceea963a48499fb883ffce6b5037362def025c52c2505b15d63e4?s=96&d=mm&r=g","url":"https:\/\/secure.gravatar.com\/avatar\/887a0f3b5a7ceea963a48499fb883ffce6b5037362def025c52c2505b15d63e4?s=96&d=mm&r=g","contentUrl":"https:\/\/secure.gravatar.com\/avatar\/887a0f3b5a7ceea963a48499fb883ffce6b5037362def025c52c2505b15d63e4?s=96&d=mm&r=g","caption":"Ismael Lucas S. Pereira"},"url":"https:\/\/diariodepe.com.br\/cri\/author\/ismael-lucas\/"}]}},"cc_featured_image_caption":{"caption_text":false,"source_text":false,"source_url":false},"amp_enabled":true,"_links":{"self":[{"href":"https:\/\/diariodepe.com.br\/cri\/wp-json\/wp\/v2\/posts\/6868","targetHints":{"allow":["GET"]}}],"collection":[{"href":"https:\/\/diariodepe.com.br\/cri\/wp-json\/wp\/v2\/posts"}],"about":[{"href":"https:\/\/diariodepe.com.br\/cri\/wp-json\/wp\/v2\/types\/post"}],"author":[{"embeddable":true,"href":"https:\/\/diariodepe.com.br\/cri\/wp-json\/wp\/v2\/users\/2"}],"replies":[{"embeddable":true,"href":"https:\/\/diariodepe.com.br\/cri\/wp-json\/wp\/v2\/comments?post=6868"}],"version-history":[{"count":1,"href":"https:\/\/diariodepe.com.br\/cri\/wp-json\/wp\/v2\/posts\/6868\/revisions"}],"predecessor-version":[{"id":6870,"href":"https:\/\/diariodepe.com.br\/cri\/wp-json\/wp\/v2\/posts\/6868\/revisions\/6870"}],"wp:featuredmedia":[{"embeddable":true,"href":"https:\/\/diariodepe.com.br\/cri\/wp-json\/wp\/v2\/media\/6869"}],"wp:attachment":[{"href":"https:\/\/diariodepe.com.br\/cri\/wp-json\/wp\/v2\/media?parent=6868"}],"wp:term":[{"taxonomy":"category","embeddable":true,"href":"https:\/\/diariodepe.com.br\/cri\/wp-json\/wp\/v2\/categories?post=6868"},{"taxonomy":"post_tag","embeddable":true,"href":"https:\/\/diariodepe.com.br\/cri\/wp-json\/wp\/v2\/tags?post=6868"}],"curies":[{"name":"wp","href":"https:\/\/api.w.org\/{rel}","templated":true}]}}