{"id":6862,"date":"2024-11-20T14:28:32","date_gmt":"2024-11-20T17:28:32","guid":{"rendered":"https:\/\/diariodepe.com.br\/cri\/?p=6862"},"modified":"2024-11-21T02:34:12","modified_gmt":"2024-11-21T05:34:12","slug":"xi-jinping-e-lula-da-silva-conversam-no-palacio-da-alvorada","status":"publish","type":"post","link":"https:\/\/diariodepe.com.br\/cri\/2024\/11\/20\/xi-jinping-e-lula-da-silva-conversam-no-palacio-da-alvorada\/","title":{"rendered":"Xi Jinping e Lula da Silva conversam no Pal\u00e1cio da Alvorada"},"content":{"rendered":"<p data-spm-anchor-id=\"0.0.0.i1\">O\u00a0presidente\u00a0chin\u00eas,\u00a0Xi Jinping,\u00a0e o\u00a0presidente brasileiro, Luiz In\u00e1cio\u00a0Lula\u00a0da Silva,\u00a0reuniram-se\u00a0neste 20 de novembro,\u00a0no Pal\u00e1cio da Alvorada.<\/p>\n<p>Durante a reuni\u00e3o,\u00a0Xi Jinping\u00a0externalizou sua satisfa\u00e7\u00e3o\u00a0em\u00a0visitar o Brasil\u00a0no\u00a0importante\u00a0ano\u00a0do\u00a0cinquenten\u00e1rio\u00a0do estabelecimento das rela\u00e7\u00f5es diplom\u00e1ticas entre\u00a0os dois pa\u00edses.\u00a0\u201cEsta \u00e9 a minha quinta visita ao seu pa\u00eds, e o Brasil \u00e9 o\u00a0Estado\u00a0latino-americano que mais visitei\u201d, assinalou.<\/p>\n<p><img fetchpriority=\"high\" decoding=\"async\" class=\"size-full wp-image-6864 aligncenter\" src=\"https:\/\/diariodepe.com.br\/cri\/wp-content\/uploads\/2024\/11\/\u4f1a\u8c083.png\" alt=\"\" width=\"900\" height=\"600\" srcset=\"https:\/\/diariodepe.com.br\/cri\/wp-content\/uploads\/sites\/2\/2024\/11\/\u4f1a\u8c083.png 900w, https:\/\/diariodepe.com.br\/cri\/wp-content\/uploads\/sites\/2\/2024\/11\/\u4f1a\u8c083-300x200.png 300w, https:\/\/diariodepe.com.br\/cri\/wp-content\/uploads\/sites\/2\/2024\/11\/\u4f1a\u8c083-768x512.png 768w\" sizes=\"(max-width: 900px) 100vw, 900px\" \/><\/p>\n<p>Ele acrescentou que, sob a lideran\u00e7a do\u00a0presidente Lula,\u00a0a economia e a sociedade do Brasil\u00a0t\u00eam se\u00a0desenvolvido\u00a0de forma constante,\u00a0e\u00a0o pa\u00eds\u00a0retomou sua\u00a0posi\u00e7\u00e3o entre as\u00a0dez principais economias do mundo.\u00a0\u201cFelicito\u00a0a realiza\u00e7\u00e3o bem-sucedida da C\u00fapula\u00a0do G20\u00a0e o\u00a0lan\u00e7amento da Alian\u00e7a Global\u00a0contra a\u00a0Fome e a Pobreza\u201d, disse\u00a0o l\u00edder chin\u00eas.<\/p>\n<p>A China e o Brasil s\u00e3o os dois principais pa\u00edses em desenvolvimento nos hemisf\u00e9rios oriental e ocidental.\u00a0Analisando os \u00faltimos cinquenta anos em retrospectiva,\u00a0observa-se que sua\u00a0rela\u00e7\u00e3o\u00a0atravessou\u00a0montanhas e\u00a0oceanos,\u00a0logrando desenvolver um paradigma de\u00a0respeito m\u00fatuo\u00a0e de\u00a0benef\u00edcios rec\u00edprocos.\u00a0O Brasil\u00a0foi\u00a0o primeiro pa\u00eds a estabelecer\u00a0uma\u00a0parceria estrat\u00e9gica com a China,\u00a0e\u00a0tamb\u00e9m\u00a0a primeira na\u00e7\u00e3o\u00a0latino-americana\u00a0a\u00a0elev\u00e1-la\u00a0\u00e0\u00a0parceria estrat\u00e9gica abrangente.\u00a0\u201cNos \u00faltimos anos, sob a orienta\u00e7\u00e3o estrat\u00e9gica do\u00a0Sr. Presidente\u00a0Lula\u00a0e\u00a0minha, os dois\u00a0Estados\u00a0tornaram-se cada vez mais amigos confi\u00e1veis,\u00a0e uma for\u00e7a positiva na promo\u00e7\u00e3o da paz\u201d,\u00a0enfatizou\u00a0Xi Jinping.<\/p>\n<p><img decoding=\"async\" class=\"size-full wp-image-6865 aligncenter\" src=\"https:\/\/diariodepe.com.br\/cri\/wp-content\/uploads\/2024\/11\/\u4f1a\u8c082.png\" alt=\"\" width=\"900\" height=\"550\" srcset=\"https:\/\/diariodepe.com.br\/cri\/wp-content\/uploads\/sites\/2\/2024\/11\/\u4f1a\u8c082.png 900w, https:\/\/diariodepe.com.br\/cri\/wp-content\/uploads\/sites\/2\/2024\/11\/\u4f1a\u8c082-300x183.png 300w, https:\/\/diariodepe.com.br\/cri\/wp-content\/uploads\/sites\/2\/2024\/11\/\u4f1a\u8c082-768x469.png 768w\" sizes=\"(max-width: 900px) 100vw, 900px\" \/><\/p>\n<p>O presidente chin\u00eas disse quer elevar, ao lado do presidente Lula,\u00a0as rela\u00e7\u00f5es\u00a0bilaterais\u00a0para a comunidade China-Brasil com\u00a0futuro compartilhado, que\u00a0trabalha\u00a0em conjunto para construir um mundo mais justo e um planeta mais sustent\u00e1vel, al\u00e9m\u00a0de\u00a0estabelecer\u00a0sinergias\u00a0entre\u00a0a Iniciativa\u00a0Cintur\u00e3o\u00a0e Rota e\u00a0estrat\u00e9gias\u00a0de desenvolvimento\u00a0do\u00a0Brasil.<\/p>\n<p>O rei do futebol Pel\u00e9\u00a0uma vez\u00a0afirmou que\u00a0&#8220;o\u00a0gol\u00a0mais emocionante \u00e9 o pr\u00f3ximo\u201d.\u00a0O\u00a0cap\u00edtulo mais emocionante\u00a0das rela\u00e7\u00f5es China-Brasil tamb\u00e9m est\u00e1 no futuro.\u00a0A China est\u00e1 disposta a trabalhar com o Brasil, tendo\u00a0como aspira\u00e7\u00e3o\u00a0o futuro da humanidade e o bem-estar do povo,\u00a0a fim de\u00a0enriquecer\u00a0la\u00e7os bilaterais\u00a0na nova era\u00a0e\u00a0ser\u00a0&#8220;parceiros\u00a0de ouro&#8221;\u00a0para concretiza\u00e7\u00f5es\u00a0m\u00fatuas,\u00a0avan\u00e7ando\u00a0na dire\u00e7\u00e3o\u00a0de constru\u00e7\u00e3o de uma\u00a0comunidade com futuro\u00a0compartilhado para a humanidade e\u00a0na cria\u00e7\u00e3o de\u00a0um mundo mais justo e sustent\u00e1vel, finalizou.<\/p>\n","protected":false},"excerpt":{"rendered":"<p>O\u00a0presidente\u00a0chin\u00eas,\u00a0Xi Jinping,\u00a0e o\u00a0presidente brasileiro, Luiz In\u00e1cio\u00a0Lula\u00a0da Silva,\u00a0reuniram-se\u00a0neste 20 de novembro,\u00a0no Pal\u00e1cio da Alvorada. Durante a reuni\u00e3o,\u00a0Xi Jinping\u00a0externalizou sua satisfa\u00e7\u00e3o\u00a0em\u00a0visitar o Brasil\u00a0no\u00a0importante\u00a0ano\u00a0do\u00a0cinquenten\u00e1rio\u00a0do estabelecimento das rela\u00e7\u00f5es diplom\u00e1ticas entre\u00a0os dois pa\u00edses.\u00a0\u201cEsta \u00e9 a minha quinta visita ao seu pa\u00eds, e o Brasil \u00e9&#8230;<\/p>\n","protected":false},"author":2,"featured_media":6863,"comment_status":"open","ping_status":"open","sticky":false,"template":"","format":"standard","meta":{"footnotes":""},"categories":[5,8],"tags":[],"class_list":["post-6862","post","type-post","status-publish","format-standard","has-post-thumbnail","hentry","category-destaques-capa","category-internacional"],"yoast_head":"<!-- This site is optimized with the Yoast SEO plugin v27.4 - https:\/\/yoast.com\/product\/yoast-seo-wordpress\/ -->\n<title>Xi Jinping e Lula da Silva conversam no Pal\u00e1cio da Alvorada - CRI e Diario de Pernambuco<\/title>\n<meta name=\"robots\" content=\"index, follow, max-snippet:-1, max-image-preview:large, max-video-preview:-1\" \/>\n<link rel=\"canonical\" href=\"https:\/\/diariodepe.com.br\/cri\/2024\/11\/20\/xi-jinping-e-lula-da-silva-conversam-no-palacio-da-alvorada\/\" \/>\n<meta property=\"og:locale\" content=\"pt_BR\" \/>\n<meta property=\"og:type\" content=\"article\" \/>\n<meta property=\"og:title\" content=\"Xi Jinping e Lula da Silva conversam no Pal\u00e1cio da Alvorada - CRI e Diario de Pernambuco\" \/>\n<meta property=\"og:description\" content=\"O\u00a0presidente\u00a0chin\u00eas,\u00a0Xi Jinping,\u00a0e o\u00a0presidente brasileiro, Luiz In\u00e1cio\u00a0Lula\u00a0da Silva,\u00a0reuniram-se\u00a0neste 20 de novembro,\u00a0no Pal\u00e1cio da Alvorada. Durante a reuni\u00e3o,\u00a0Xi Jinping\u00a0externalizou sua satisfa\u00e7\u00e3o\u00a0em\u00a0visitar o Brasil\u00a0no\u00a0importante\u00a0ano\u00a0do\u00a0cinquenten\u00e1rio\u00a0do estabelecimento das rela\u00e7\u00f5es diplom\u00e1ticas entre\u00a0os dois pa\u00edses.\u00a0\u201cEsta \u00e9 a minha quinta visita ao seu pa\u00eds, e o Brasil \u00e9...\" \/>\n<meta property=\"og:url\" content=\"https:\/\/diariodepe.com.br\/cri\/2024\/11\/20\/xi-jinping-e-lula-da-silva-conversam-no-palacio-da-alvorada\/\" \/>\n<meta property=\"og:site_name\" content=\"CRI e Diario de Pernambuco\" \/>\n<meta property=\"article:published_time\" content=\"2024-11-20T17:28:32+00:00\" \/>\n<meta property=\"article:modified_time\" content=\"2024-11-21T05:34:12+00:00\" \/>\n<meta property=\"og:image\" content=\"https:\/\/diariodepe.com.br\/cri\/wp-content\/uploads\/sites\/2\/2024\/11\/xi\u548c\u5362\u62c9\u4f1a\u8c08.png\" \/>\n\t<meta property=\"og:image:width\" content=\"900\" \/>\n\t<meta property=\"og:image:height\" content=\"725\" \/>\n\t<meta property=\"og:image:type\" content=\"image\/png\" \/>\n<meta name=\"author\" content=\"Ismael Lucas S. Pereira\" \/>\n<meta name=\"twitter:card\" content=\"summary_large_image\" \/>\n<meta name=\"twitter:label1\" content=\"Escrito por\" \/>\n\t<meta name=\"twitter:data1\" content=\"Ismael Lucas S. Pereira\" \/>\n\t<meta name=\"twitter:label2\" content=\"Est. tempo de leitura\" \/>\n\t<meta name=\"twitter:data2\" content=\"3 minutos\" \/>\n<script type=\"application\/ld+json\" class=\"yoast-schema-graph\">{\"@context\":\"https:\\\/\\\/schema.org\",\"@graph\":[{\"@type\":\"Article\",\"@id\":\"https:\\\/\\\/diariodepe.com.br\\\/cri\\\/2024\\\/11\\\/20\\\/xi-jinping-e-lula-da-silva-conversam-no-palacio-da-alvorada\\\/#article\",\"isPartOf\":{\"@id\":\"https:\\\/\\\/diariodepe.com.br\\\/cri\\\/2024\\\/11\\\/20\\\/xi-jinping-e-lula-da-silva-conversam-no-palacio-da-alvorada\\\/\"},\"author\":{\"name\":\"Ismael Lucas S. Pereira\",\"@id\":\"https:\\\/\\\/diariodepe.com.br\\\/cri\\\/#\\\/schema\\\/person\\\/121bb28d84f1a5b1205ef4ce9c2e0c6b\"},\"headline\":\"Xi Jinping e Lula da Silva conversam no Pal\u00e1cio da Alvorada\",\"datePublished\":\"2024-11-20T17:28:32+00:00\",\"dateModified\":\"2024-11-21T05:34:12+00:00\",\"mainEntityOfPage\":{\"@id\":\"https:\\\/\\\/diariodepe.com.br\\\/cri\\\/2024\\\/11\\\/20\\\/xi-jinping-e-lula-da-silva-conversam-no-palacio-da-alvorada\\\/\"},\"wordCount\":436,\"commentCount\":0,\"publisher\":{\"@id\":\"https:\\\/\\\/diariodepe.com.br\\\/cri\\\/#organization\"},\"image\":{\"@id\":\"https:\\\/\\\/diariodepe.com.br\\\/cri\\\/2024\\\/11\\\/20\\\/xi-jinping-e-lula-da-silva-conversam-no-palacio-da-alvorada\\\/#primaryimage\"},\"thumbnailUrl\":\"https:\\\/\\\/diariodepe.com.br\\\/cri\\\/wp-content\\\/uploads\\\/sites\\\/2\\\/2024\\\/11\\\/xi\u548c\u5362\u62c9\u4f1a\u8c08.png\",\"articleSection\":[\"Destaques Capa\",\"Internacional\"],\"inLanguage\":\"pt-BR\",\"potentialAction\":[{\"@type\":\"CommentAction\",\"name\":\"Comment\",\"target\":[\"https:\\\/\\\/diariodepe.com.br\\\/cri\\\/2024\\\/11\\\/20\\\/xi-jinping-e-lula-da-silva-conversam-no-palacio-da-alvorada\\\/#respond\"]}]},{\"@type\":\"WebPage\",\"@id\":\"https:\\\/\\\/diariodepe.com.br\\\/cri\\\/2024\\\/11\\\/20\\\/xi-jinping-e-lula-da-silva-conversam-no-palacio-da-alvorada\\\/\",\"url\":\"https:\\\/\\\/diariodepe.com.br\\\/cri\\\/2024\\\/11\\\/20\\\/xi-jinping-e-lula-da-silva-conversam-no-palacio-da-alvorada\\\/\",\"name\":\"Xi Jinping e Lula da Silva conversam no Pal\u00e1cio da Alvorada - CRI e Diario de Pernambuco\",\"isPartOf\":{\"@id\":\"https:\\\/\\\/diariodepe.com.br\\\/cri\\\/#website\"},\"primaryImageOfPage\":{\"@id\":\"https:\\\/\\\/diariodepe.com.br\\\/cri\\\/2024\\\/11\\\/20\\\/xi-jinping-e-lula-da-silva-conversam-no-palacio-da-alvorada\\\/#primaryimage\"},\"image\":{\"@id\":\"https:\\\/\\\/diariodepe.com.br\\\/cri\\\/2024\\\/11\\\/20\\\/xi-jinping-e-lula-da-silva-conversam-no-palacio-da-alvorada\\\/#primaryimage\"},\"thumbnailUrl\":\"https:\\\/\\\/diariodepe.com.br\\\/cri\\\/wp-content\\\/uploads\\\/sites\\\/2\\\/2024\\\/11\\\/xi\u548c\u5362\u62c9\u4f1a\u8c08.png\",\"datePublished\":\"2024-11-20T17:28:32+00:00\",\"dateModified\":\"2024-11-21T05:34:12+00:00\",\"breadcrumb\":{\"@id\":\"https:\\\/\\\/diariodepe.com.br\\\/cri\\\/2024\\\/11\\\/20\\\/xi-jinping-e-lula-da-silva-conversam-no-palacio-da-alvorada\\\/#breadcrumb\"},\"inLanguage\":\"pt-BR\",\"potentialAction\":[{\"@type\":\"ReadAction\",\"target\":[\"https:\\\/\\\/diariodepe.com.br\\\/cri\\\/2024\\\/11\\\/20\\\/xi-jinping-e-lula-da-silva-conversam-no-palacio-da-alvorada\\\/\"]}]},{\"@type\":\"ImageObject\",\"inLanguage\":\"pt-BR\",\"@id\":\"https:\\\/\\\/diariodepe.com.br\\\/cri\\\/2024\\\/11\\\/20\\\/xi-jinping-e-lula-da-silva-conversam-no-palacio-da-alvorada\\\/#primaryimage\",\"url\":\"https:\\\/\\\/diariodepe.com.br\\\/cri\\\/wp-content\\\/uploads\\\/sites\\\/2\\\/2024\\\/11\\\/xi\u548c\u5362\u62c9\u4f1a\u8c08.png\",\"contentUrl\":\"https:\\\/\\\/diariodepe.com.br\\\/cri\\\/wp-content\\\/uploads\\\/sites\\\/2\\\/2024\\\/11\\\/xi\u548c\u5362\u62c9\u4f1a\u8c08.png\",\"width\":900,\"height\":725},{\"@type\":\"BreadcrumbList\",\"@id\":\"https:\\\/\\\/diariodepe.com.br\\\/cri\\\/2024\\\/11\\\/20\\\/xi-jinping-e-lula-da-silva-conversam-no-palacio-da-alvorada\\\/#breadcrumb\",\"itemListElement\":[{\"@type\":\"ListItem\",\"position\":1,\"name\":\"In\u00edcio\",\"item\":\"https:\\\/\\\/diariodepe.com.br\\\/cri\\\/\"},{\"@type\":\"ListItem\",\"position\":2,\"name\":\"Xi Jinping e Lula da Silva conversam no Pal\u00e1cio da Alvorada\"}]},{\"@type\":\"WebSite\",\"@id\":\"https:\\\/\\\/diariodepe.com.br\\\/cri\\\/#website\",\"url\":\"https:\\\/\\\/diariodepe.com.br\\\/cri\\\/\",\"name\":\"CRI e Diario de Pernambuco\",\"description\":\"R\u00e1dio Internacional da China\",\"publisher\":{\"@id\":\"https:\\\/\\\/diariodepe.com.br\\\/cri\\\/#organization\"},\"potentialAction\":[{\"@type\":\"SearchAction\",\"target\":{\"@type\":\"EntryPoint\",\"urlTemplate\":\"https:\\\/\\\/diariodepe.com.br\\\/cri\\\/?s={search_term_string}\"},\"query-input\":{\"@type\":\"PropertyValueSpecification\",\"valueRequired\":true,\"valueName\":\"search_term_string\"}}],\"inLanguage\":\"pt-BR\"},{\"@type\":\"Organization\",\"@id\":\"https:\\\/\\\/diariodepe.com.br\\\/cri\\\/#organization\",\"name\":\"CRI e Diario de Pernambuco\",\"url\":\"https:\\\/\\\/diariodepe.com.br\\\/cri\\\/\",\"logo\":{\"@type\":\"ImageObject\",\"inLanguage\":\"pt-BR\",\"@id\":\"https:\\\/\\\/diariodepe.com.br\\\/cri\\\/#\\\/schema\\\/logo\\\/image\\\/\",\"url\":\"https:\\\/\\\/diariodepe.com.br\\\/cri\\\/wp-content\\\/uploads\\\/sites\\\/2\\\/2022\\\/12\\\/cropped-Logo.jpg\",\"contentUrl\":\"https:\\\/\\\/diariodepe.com.br\\\/cri\\\/wp-content\\\/uploads\\\/sites\\\/2\\\/2022\\\/12\\\/cropped-Logo.jpg\",\"width\":700,\"height\":59,\"caption\":\"CRI e Diario de Pernambuco\"},\"image\":{\"@id\":\"https:\\\/\\\/diariodepe.com.br\\\/cri\\\/#\\\/schema\\\/logo\\\/image\\\/\"}},{\"@type\":\"Person\",\"@id\":\"https:\\\/\\\/diariodepe.com.br\\\/cri\\\/#\\\/schema\\\/person\\\/121bb28d84f1a5b1205ef4ce9c2e0c6b\",\"name\":\"Ismael Lucas S. Pereira\",\"image\":{\"@type\":\"ImageObject\",\"inLanguage\":\"pt-BR\",\"@id\":\"https:\\\/\\\/secure.gravatar.com\\\/avatar\\\/887a0f3b5a7ceea963a48499fb883ffce6b5037362def025c52c2505b15d63e4?s=96&d=mm&r=g\",\"url\":\"https:\\\/\\\/secure.gravatar.com\\\/avatar\\\/887a0f3b5a7ceea963a48499fb883ffce6b5037362def025c52c2505b15d63e4?s=96&d=mm&r=g\",\"contentUrl\":\"https:\\\/\\\/secure.gravatar.com\\\/avatar\\\/887a0f3b5a7ceea963a48499fb883ffce6b5037362def025c52c2505b15d63e4?s=96&d=mm&r=g\",\"caption\":\"Ismael Lucas S. Pereira\"},\"url\":\"https:\\\/\\\/diariodepe.com.br\\\/cri\\\/author\\\/ismael-lucas\\\/\"}]}<\/script>\n<!-- \/ Yoast SEO plugin. -->","yoast_head_json":{"title":"Xi Jinping e Lula da Silva conversam no Pal\u00e1cio da Alvorada - CRI e Diario de Pernambuco","robots":{"index":"index","follow":"follow","max-snippet":"max-snippet:-1","max-image-preview":"max-image-preview:large","max-video-preview":"max-video-preview:-1"},"canonical":"https:\/\/diariodepe.com.br\/cri\/2024\/11\/20\/xi-jinping-e-lula-da-silva-conversam-no-palacio-da-alvorada\/","og_locale":"pt_BR","og_type":"article","og_title":"Xi Jinping e Lula da Silva conversam no Pal\u00e1cio da Alvorada - CRI e Diario de Pernambuco","og_description":"O\u00a0presidente\u00a0chin\u00eas,\u00a0Xi Jinping,\u00a0e o\u00a0presidente brasileiro, Luiz In\u00e1cio\u00a0Lula\u00a0da Silva,\u00a0reuniram-se\u00a0neste 20 de novembro,\u00a0no Pal\u00e1cio da Alvorada. Durante a reuni\u00e3o,\u00a0Xi Jinping\u00a0externalizou sua satisfa\u00e7\u00e3o\u00a0em\u00a0visitar o Brasil\u00a0no\u00a0importante\u00a0ano\u00a0do\u00a0cinquenten\u00e1rio\u00a0do estabelecimento das rela\u00e7\u00f5es diplom\u00e1ticas entre\u00a0os dois pa\u00edses.\u00a0\u201cEsta \u00e9 a minha quinta visita ao seu pa\u00eds, e o Brasil \u00e9...","og_url":"https:\/\/diariodepe.com.br\/cri\/2024\/11\/20\/xi-jinping-e-lula-da-silva-conversam-no-palacio-da-alvorada\/","og_site_name":"CRI e Diario de Pernambuco","article_published_time":"2024-11-20T17:28:32+00:00","article_modified_time":"2024-11-21T05:34:12+00:00","og_image":[{"width":900,"height":725,"url":"https:\/\/diariodepe.com.br\/cri\/wp-content\/uploads\/sites\/2\/2024\/11\/xi\u548c\u5362\u62c9\u4f1a\u8c08.png","type":"image\/png"}],"author":"Ismael Lucas S. Pereira","twitter_card":"summary_large_image","twitter_misc":{"Escrito por":"Ismael Lucas S. Pereira","Est. tempo de leitura":"3 minutos"},"schema":{"@context":"https:\/\/schema.org","@graph":[{"@type":"Article","@id":"https:\/\/diariodepe.com.br\/cri\/2024\/11\/20\/xi-jinping-e-lula-da-silva-conversam-no-palacio-da-alvorada\/#article","isPartOf":{"@id":"https:\/\/diariodepe.com.br\/cri\/2024\/11\/20\/xi-jinping-e-lula-da-silva-conversam-no-palacio-da-alvorada\/"},"author":{"name":"Ismael Lucas S. Pereira","@id":"https:\/\/diariodepe.com.br\/cri\/#\/schema\/person\/121bb28d84f1a5b1205ef4ce9c2e0c6b"},"headline":"Xi Jinping e Lula da Silva conversam no Pal\u00e1cio da Alvorada","datePublished":"2024-11-20T17:28:32+00:00","dateModified":"2024-11-21T05:34:12+00:00","mainEntityOfPage":{"@id":"https:\/\/diariodepe.com.br\/cri\/2024\/11\/20\/xi-jinping-e-lula-da-silva-conversam-no-palacio-da-alvorada\/"},"wordCount":436,"commentCount":0,"publisher":{"@id":"https:\/\/diariodepe.com.br\/cri\/#organization"},"image":{"@id":"https:\/\/diariodepe.com.br\/cri\/2024\/11\/20\/xi-jinping-e-lula-da-silva-conversam-no-palacio-da-alvorada\/#primaryimage"},"thumbnailUrl":"https:\/\/diariodepe.com.br\/cri\/wp-content\/uploads\/sites\/2\/2024\/11\/xi\u548c\u5362\u62c9\u4f1a\u8c08.png","articleSection":["Destaques Capa","Internacional"],"inLanguage":"pt-BR","potentialAction":[{"@type":"CommentAction","name":"Comment","target":["https:\/\/diariodepe.com.br\/cri\/2024\/11\/20\/xi-jinping-e-lula-da-silva-conversam-no-palacio-da-alvorada\/#respond"]}]},{"@type":"WebPage","@id":"https:\/\/diariodepe.com.br\/cri\/2024\/11\/20\/xi-jinping-e-lula-da-silva-conversam-no-palacio-da-alvorada\/","url":"https:\/\/diariodepe.com.br\/cri\/2024\/11\/20\/xi-jinping-e-lula-da-silva-conversam-no-palacio-da-alvorada\/","name":"Xi Jinping e Lula da Silva conversam no Pal\u00e1cio da Alvorada - CRI e Diario de Pernambuco","isPartOf":{"@id":"https:\/\/diariodepe.com.br\/cri\/#website"},"primaryImageOfPage":{"@id":"https:\/\/diariodepe.com.br\/cri\/2024\/11\/20\/xi-jinping-e-lula-da-silva-conversam-no-palacio-da-alvorada\/#primaryimage"},"image":{"@id":"https:\/\/diariodepe.com.br\/cri\/2024\/11\/20\/xi-jinping-e-lula-da-silva-conversam-no-palacio-da-alvorada\/#primaryimage"},"thumbnailUrl":"https:\/\/diariodepe.com.br\/cri\/wp-content\/uploads\/sites\/2\/2024\/11\/xi\u548c\u5362\u62c9\u4f1a\u8c08.png","datePublished":"2024-11-20T17:28:32+00:00","dateModified":"2024-11-21T05:34:12+00:00","breadcrumb":{"@id":"https:\/\/diariodepe.com.br\/cri\/2024\/11\/20\/xi-jinping-e-lula-da-silva-conversam-no-palacio-da-alvorada\/#breadcrumb"},"inLanguage":"pt-BR","potentialAction":[{"@type":"ReadAction","target":["https:\/\/diariodepe.com.br\/cri\/2024\/11\/20\/xi-jinping-e-lula-da-silva-conversam-no-palacio-da-alvorada\/"]}]},{"@type":"ImageObject","inLanguage":"pt-BR","@id":"https:\/\/diariodepe.com.br\/cri\/2024\/11\/20\/xi-jinping-e-lula-da-silva-conversam-no-palacio-da-alvorada\/#primaryimage","url":"https:\/\/diariodepe.com.br\/cri\/wp-content\/uploads\/sites\/2\/2024\/11\/xi\u548c\u5362\u62c9\u4f1a\u8c08.png","contentUrl":"https:\/\/diariodepe.com.br\/cri\/wp-content\/uploads\/sites\/2\/2024\/11\/xi\u548c\u5362\u62c9\u4f1a\u8c08.png","width":900,"height":725},{"@type":"BreadcrumbList","@id":"https:\/\/diariodepe.com.br\/cri\/2024\/11\/20\/xi-jinping-e-lula-da-silva-conversam-no-palacio-da-alvorada\/#breadcrumb","itemListElement":[{"@type":"ListItem","position":1,"name":"In\u00edcio","item":"https:\/\/diariodepe.com.br\/cri\/"},{"@type":"ListItem","position":2,"name":"Xi Jinping e Lula da Silva conversam no Pal\u00e1cio da Alvorada"}]},{"@type":"WebSite","@id":"https:\/\/diariodepe.com.br\/cri\/#website","url":"https:\/\/diariodepe.com.br\/cri\/","name":"CRI e Diario de Pernambuco","description":"R\u00e1dio Internacional da China","publisher":{"@id":"https:\/\/diariodepe.com.br\/cri\/#organization"},"potentialAction":[{"@type":"SearchAction","target":{"@type":"EntryPoint","urlTemplate":"https:\/\/diariodepe.com.br\/cri\/?s={search_term_string}"},"query-input":{"@type":"PropertyValueSpecification","valueRequired":true,"valueName":"search_term_string"}}],"inLanguage":"pt-BR"},{"@type":"Organization","@id":"https:\/\/diariodepe.com.br\/cri\/#organization","name":"CRI e Diario de Pernambuco","url":"https:\/\/diariodepe.com.br\/cri\/","logo":{"@type":"ImageObject","inLanguage":"pt-BR","@id":"https:\/\/diariodepe.com.br\/cri\/#\/schema\/logo\/image\/","url":"https:\/\/diariodepe.com.br\/cri\/wp-content\/uploads\/sites\/2\/2022\/12\/cropped-Logo.jpg","contentUrl":"https:\/\/diariodepe.com.br\/cri\/wp-content\/uploads\/sites\/2\/2022\/12\/cropped-Logo.jpg","width":700,"height":59,"caption":"CRI e Diario de Pernambuco"},"image":{"@id":"https:\/\/diariodepe.com.br\/cri\/#\/schema\/logo\/image\/"}},{"@type":"Person","@id":"https:\/\/diariodepe.com.br\/cri\/#\/schema\/person\/121bb28d84f1a5b1205ef4ce9c2e0c6b","name":"Ismael Lucas S. Pereira","image":{"@type":"ImageObject","inLanguage":"pt-BR","@id":"https:\/\/secure.gravatar.com\/avatar\/887a0f3b5a7ceea963a48499fb883ffce6b5037362def025c52c2505b15d63e4?s=96&d=mm&r=g","url":"https:\/\/secure.gravatar.com\/avatar\/887a0f3b5a7ceea963a48499fb883ffce6b5037362def025c52c2505b15d63e4?s=96&d=mm&r=g","contentUrl":"https:\/\/secure.gravatar.com\/avatar\/887a0f3b5a7ceea963a48499fb883ffce6b5037362def025c52c2505b15d63e4?s=96&d=mm&r=g","caption":"Ismael Lucas S. Pereira"},"url":"https:\/\/diariodepe.com.br\/cri\/author\/ismael-lucas\/"}]}},"cc_featured_image_caption":{"caption_text":false,"source_text":false,"source_url":false},"amp_enabled":true,"_links":{"self":[{"href":"https:\/\/diariodepe.com.br\/cri\/wp-json\/wp\/v2\/posts\/6862","targetHints":{"allow":["GET"]}}],"collection":[{"href":"https:\/\/diariodepe.com.br\/cri\/wp-json\/wp\/v2\/posts"}],"about":[{"href":"https:\/\/diariodepe.com.br\/cri\/wp-json\/wp\/v2\/types\/post"}],"author":[{"embeddable":true,"href":"https:\/\/diariodepe.com.br\/cri\/wp-json\/wp\/v2\/users\/2"}],"replies":[{"embeddable":true,"href":"https:\/\/diariodepe.com.br\/cri\/wp-json\/wp\/v2\/comments?post=6862"}],"version-history":[{"count":2,"href":"https:\/\/diariodepe.com.br\/cri\/wp-json\/wp\/v2\/posts\/6862\/revisions"}],"predecessor-version":[{"id":6867,"href":"https:\/\/diariodepe.com.br\/cri\/wp-json\/wp\/v2\/posts\/6862\/revisions\/6867"}],"wp:featuredmedia":[{"embeddable":true,"href":"https:\/\/diariodepe.com.br\/cri\/wp-json\/wp\/v2\/media\/6863"}],"wp:attachment":[{"href":"https:\/\/diariodepe.com.br\/cri\/wp-json\/wp\/v2\/media?parent=6862"}],"wp:term":[{"taxonomy":"category","embeddable":true,"href":"https:\/\/diariodepe.com.br\/cri\/wp-json\/wp\/v2\/categories?post=6862"},{"taxonomy":"post_tag","embeddable":true,"href":"https:\/\/diariodepe.com.br\/cri\/wp-json\/wp\/v2\/tags?post=6862"}],"curies":[{"name":"wp","href":"https:\/\/api.w.org\/{rel}","templated":true}]}}