{"id":686,"date":"2023-03-01T03:59:20","date_gmt":"2023-03-01T06:59:20","guid":{"rendered":"https:\/\/diariodepe.com.br\/cri\/?p=686"},"modified":"2023-03-01T03:59:21","modified_gmt":"2023-03-01T06:59:21","slug":"comentario-ganhos-e-perdas-da-europa-e-dos-eua-no-primeiro-aniversario-do-conflito-russia-ucrania","status":"publish","type":"post","link":"https:\/\/diariodepe.com.br\/cri\/2023\/03\/01\/comentario-ganhos-e-perdas-da-europa-e-dos-eua-no-primeiro-aniversario-do-conflito-russia-ucrania\/","title":{"rendered":"Coment\u00e1rio: Ganhos e perdas da Europa e dos EUA no primeiro anivers\u00e1rio do conflito R\u00fassia-Ucr\u00e2nia"},"content":{"rendered":"\n<p>No primeiro anivers\u00e1rio do conflito R\u00fassia-Ucr\u00e2nia, o jornalista veterano e ganhador do Pr\u00eamio Pulitzer, Seymour Hersh, revelou\u00a0que o verdadeiro objetivo dos EUA ao explodir o gasoduto\u00a0Nord Stream n\u00e3o era ajudar a Ucr\u00e2nia, mas impedir que a Alemanha e a Europa reabrissem o gasoduto no final do inverno para garantir a continuidade do apoio europeu \u00e0 OTAN.<\/p>\n\n\n\n<p>Desde\u00a0o in\u00edcio da crise ucraniana, a Europa sofreu muito, enquanto os Estados Unidos foram os maiores beneficiados, tirando proveito do epis\u00f3dio como um observador.<\/p>\n\n\n\n<p>Por um lado, os EUA aumentaram consideravelmente as exporta\u00e7\u00f5es de GNL para a Europa,\u00a0com\u00a0100 milh\u00f5es de d\u00f3lares em lucros\u00a0por\u00a0navio de GNL com destino \u00e0 Europa. O presidente franc\u00eas,\u00a0Emmanuel Macron,\u00a0acusou publicamente os EUA de venderem GNL para a Europa por um pre\u00e7o quatro vezes maior, dizendo que tal conduta n\u00e3o representa\u00a0o verdadeiro significado de amizade.<\/p>\n\n\n\n<p>Por outro lado, o complexo militar-industrial dos EUA est\u00e1 aproveitando o conflito R\u00fassia-Ucr\u00e2nia\u00a0para fazer uma enorme fortuna. Os\u00a0principais fabricantes estadunidenses\u00a0j\u00e1 estavam ponderando\u00a0sobre\u00a0como as tens\u00f5es R\u00fassia-Ucr\u00e2nia\u00a0aumentariam seus lucros mesmo antes da escalada do confronto.<\/p>\n\n\n\n<p>Em janeiro do ano passado, o CEO da Raytheon Technologies,\u00a0Greg Hayes, disse que a perspectiva de conflito na Europa Oriental e em outros hotpots\u00a0globais beneficiaria os neg\u00f3cios da empresa,\u00a0a qual\u00a0viu\u00a0oportunidades para vendas internacionais.<\/p>\n\n\n\n<p>Em agosto de 2022, o euro despencou em rela\u00e7\u00e3o ao d\u00f3lar estadunidense, em decorr\u00eancia de fatores\u00a0como\u00a0a for\u00e7a do d\u00f3lar, a alta infla\u00e7\u00e3o na zona do euro, a propaga\u00e7\u00e3o da crise energ\u00e9tica europeia e os riscos crescentes nos pa\u00edses altamente endividados da Europa.<\/p>\n\n\n\n<p>Politicamente e diplomaticamente, a pol\u00edtica externa da Europa tornou-se v\u00edtima do jogo entre os EUA e a R\u00fassia. A &#8220;autonomia estrat\u00e9gica&#8221; que a Uni\u00e3o Europeia (UE)\u00a0sempre desejou tornou-se ainda mais inalcan\u00e7\u00e1vel.<\/p>\n\n\n\n<p>A aprova\u00e7\u00e3o da Lei de Redu\u00e7\u00e3o da Infla\u00e7\u00e3o dos EUA com termos&nbsp;que distorcem o mercado e protecionistas acelerou&nbsp;ainda mais a tend\u00eancia de &#8220;desindustrializa\u00e7\u00e3o&#8221; na Europa e \u00e9 um golpe duro para o continente. As autoridades da UE n\u00e3o podem deixar de questionar: &#8220;Os EUA ainda s\u00e3o nossos aliados?&#8221;<\/p>\n","protected":false},"excerpt":{"rendered":"<p>No primeiro anivers\u00e1rio do conflito R\u00fassia-Ucr\u00e2nia, o jornalista veterano e ganhador do Pr\u00eamio Pulitzer, Seymour Hersh, revelou\u00a0que o verdadeiro objetivo dos EUA ao explodir o gasoduto\u00a0Nord Stream n\u00e3o era ajudar a Ucr\u00e2nia, mas impedir que a Alemanha e a Europa&#8230;<\/p>\n","protected":false},"author":2,"featured_media":687,"comment_status":"open","ping_status":"open","sticky":false,"template":"","format":"standard","meta":{"footnotes":""},"categories":[7],"tags":[],"class_list":["post-686","post","type-post","status-publish","format-standard","has-post-thumbnail","hentry","category-visao"],"yoast_head":"<!-- This site is optimized with the Yoast SEO plugin v27.4 - https:\/\/yoast.com\/product\/yoast-seo-wordpress\/ -->\n<title>Coment\u00e1rio: Ganhos e perdas da Europa e dos EUA no primeiro anivers\u00e1rio do conflito R\u00fassia-Ucr\u00e2nia - CRI e Diario de Pernambuco<\/title>\n<meta name=\"robots\" content=\"index, follow, max-snippet:-1, max-image-preview:large, max-video-preview:-1\" \/>\n<link rel=\"canonical\" href=\"https:\/\/diariodepe.com.br\/cri\/2023\/03\/01\/comentario-ganhos-e-perdas-da-europa-e-dos-eua-no-primeiro-aniversario-do-conflito-russia-ucrania\/\" \/>\n<meta property=\"og:locale\" content=\"pt_BR\" \/>\n<meta property=\"og:type\" content=\"article\" \/>\n<meta property=\"og:title\" content=\"Coment\u00e1rio: Ganhos e perdas da Europa e dos EUA no primeiro anivers\u00e1rio do conflito R\u00fassia-Ucr\u00e2nia - CRI e Diario de Pernambuco\" \/>\n<meta property=\"og:description\" content=\"No primeiro anivers\u00e1rio do conflito R\u00fassia-Ucr\u00e2nia, o jornalista veterano e ganhador do Pr\u00eamio Pulitzer, Seymour Hersh, revelou\u00a0que o verdadeiro objetivo dos EUA ao explodir o gasoduto\u00a0Nord Stream n\u00e3o era ajudar a Ucr\u00e2nia, mas impedir que a Alemanha e a Europa...\" \/>\n<meta property=\"og:url\" content=\"https:\/\/diariodepe.com.br\/cri\/2023\/03\/01\/comentario-ganhos-e-perdas-da-europa-e-dos-eua-no-primeiro-aniversario-do-conflito-russia-ucrania\/\" \/>\n<meta property=\"og:site_name\" content=\"CRI e Diario de Pernambuco\" \/>\n<meta property=\"article:published_time\" content=\"2023-03-01T06:59:20+00:00\" \/>\n<meta property=\"article:modified_time\" content=\"2023-03-01T06:59:21+00:00\" \/>\n<meta property=\"og:image\" content=\"https:\/\/diariodepe.com.br\/cri\/wp-content\/uploads\/sites\/2\/2023\/03\/2023022420424428587.png\" \/>\n\t<meta property=\"og:image:width\" content=\"640\" \/>\n\t<meta property=\"og:image:height\" content=\"360\" \/>\n\t<meta property=\"og:image:type\" content=\"image\/png\" \/>\n<meta name=\"author\" content=\"Ismael Lucas S. Pereira\" \/>\n<meta name=\"twitter:card\" content=\"summary_large_image\" \/>\n<meta name=\"twitter:label1\" content=\"Escrito por\" \/>\n\t<meta name=\"twitter:data1\" content=\"Ismael Lucas S. Pereira\" \/>\n\t<meta name=\"twitter:label2\" content=\"Est. tempo de leitura\" \/>\n\t<meta name=\"twitter:data2\" content=\"2 minutos\" \/>\n<script type=\"application\/ld+json\" class=\"yoast-schema-graph\">{\"@context\":\"https:\\\/\\\/schema.org\",\"@graph\":[{\"@type\":\"Article\",\"@id\":\"https:\\\/\\\/diariodepe.com.br\\\/cri\\\/2023\\\/03\\\/01\\\/comentario-ganhos-e-perdas-da-europa-e-dos-eua-no-primeiro-aniversario-do-conflito-russia-ucrania\\\/#article\",\"isPartOf\":{\"@id\":\"https:\\\/\\\/diariodepe.com.br\\\/cri\\\/2023\\\/03\\\/01\\\/comentario-ganhos-e-perdas-da-europa-e-dos-eua-no-primeiro-aniversario-do-conflito-russia-ucrania\\\/\"},\"author\":{\"name\":\"Ismael Lucas S. Pereira\",\"@id\":\"https:\\\/\\\/diariodepe.com.br\\\/cri\\\/#\\\/schema\\\/person\\\/121bb28d84f1a5b1205ef4ce9c2e0c6b\"},\"headline\":\"Coment\u00e1rio: Ganhos e perdas da Europa e dos EUA no primeiro anivers\u00e1rio do conflito R\u00fassia-Ucr\u00e2nia\",\"datePublished\":\"2023-03-01T06:59:20+00:00\",\"dateModified\":\"2023-03-01T06:59:21+00:00\",\"mainEntityOfPage\":{\"@id\":\"https:\\\/\\\/diariodepe.com.br\\\/cri\\\/2023\\\/03\\\/01\\\/comentario-ganhos-e-perdas-da-europa-e-dos-eua-no-primeiro-aniversario-do-conflito-russia-ucrania\\\/\"},\"wordCount\":405,\"commentCount\":0,\"publisher\":{\"@id\":\"https:\\\/\\\/diariodepe.com.br\\\/cri\\\/#organization\"},\"image\":{\"@id\":\"https:\\\/\\\/diariodepe.com.br\\\/cri\\\/2023\\\/03\\\/01\\\/comentario-ganhos-e-perdas-da-europa-e-dos-eua-no-primeiro-aniversario-do-conflito-russia-ucrania\\\/#primaryimage\"},\"thumbnailUrl\":\"https:\\\/\\\/diariodepe.com.br\\\/cri\\\/wp-content\\\/uploads\\\/sites\\\/2\\\/2023\\\/03\\\/2023022420424428587.png\",\"articleSection\":[\"Vis\u00e3o\"],\"inLanguage\":\"pt-BR\",\"potentialAction\":[{\"@type\":\"CommentAction\",\"name\":\"Comment\",\"target\":[\"https:\\\/\\\/diariodepe.com.br\\\/cri\\\/2023\\\/03\\\/01\\\/comentario-ganhos-e-perdas-da-europa-e-dos-eua-no-primeiro-aniversario-do-conflito-russia-ucrania\\\/#respond\"]}]},{\"@type\":\"WebPage\",\"@id\":\"https:\\\/\\\/diariodepe.com.br\\\/cri\\\/2023\\\/03\\\/01\\\/comentario-ganhos-e-perdas-da-europa-e-dos-eua-no-primeiro-aniversario-do-conflito-russia-ucrania\\\/\",\"url\":\"https:\\\/\\\/diariodepe.com.br\\\/cri\\\/2023\\\/03\\\/01\\\/comentario-ganhos-e-perdas-da-europa-e-dos-eua-no-primeiro-aniversario-do-conflito-russia-ucrania\\\/\",\"name\":\"Coment\u00e1rio: Ganhos e perdas da Europa e dos EUA no primeiro anivers\u00e1rio do conflito R\u00fassia-Ucr\u00e2nia - CRI e Diario de Pernambuco\",\"isPartOf\":{\"@id\":\"https:\\\/\\\/diariodepe.com.br\\\/cri\\\/#website\"},\"primaryImageOfPage\":{\"@id\":\"https:\\\/\\\/diariodepe.com.br\\\/cri\\\/2023\\\/03\\\/01\\\/comentario-ganhos-e-perdas-da-europa-e-dos-eua-no-primeiro-aniversario-do-conflito-russia-ucrania\\\/#primaryimage\"},\"image\":{\"@id\":\"https:\\\/\\\/diariodepe.com.br\\\/cri\\\/2023\\\/03\\\/01\\\/comentario-ganhos-e-perdas-da-europa-e-dos-eua-no-primeiro-aniversario-do-conflito-russia-ucrania\\\/#primaryimage\"},\"thumbnailUrl\":\"https:\\\/\\\/diariodepe.com.br\\\/cri\\\/wp-content\\\/uploads\\\/sites\\\/2\\\/2023\\\/03\\\/2023022420424428587.png\",\"datePublished\":\"2023-03-01T06:59:20+00:00\",\"dateModified\":\"2023-03-01T06:59:21+00:00\",\"breadcrumb\":{\"@id\":\"https:\\\/\\\/diariodepe.com.br\\\/cri\\\/2023\\\/03\\\/01\\\/comentario-ganhos-e-perdas-da-europa-e-dos-eua-no-primeiro-aniversario-do-conflito-russia-ucrania\\\/#breadcrumb\"},\"inLanguage\":\"pt-BR\",\"potentialAction\":[{\"@type\":\"ReadAction\",\"target\":[\"https:\\\/\\\/diariodepe.com.br\\\/cri\\\/2023\\\/03\\\/01\\\/comentario-ganhos-e-perdas-da-europa-e-dos-eua-no-primeiro-aniversario-do-conflito-russia-ucrania\\\/\"]}]},{\"@type\":\"ImageObject\",\"inLanguage\":\"pt-BR\",\"@id\":\"https:\\\/\\\/diariodepe.com.br\\\/cri\\\/2023\\\/03\\\/01\\\/comentario-ganhos-e-perdas-da-europa-e-dos-eua-no-primeiro-aniversario-do-conflito-russia-ucrania\\\/#primaryimage\",\"url\":\"https:\\\/\\\/diariodepe.com.br\\\/cri\\\/wp-content\\\/uploads\\\/sites\\\/2\\\/2023\\\/03\\\/2023022420424428587.png\",\"contentUrl\":\"https:\\\/\\\/diariodepe.com.br\\\/cri\\\/wp-content\\\/uploads\\\/sites\\\/2\\\/2023\\\/03\\\/2023022420424428587.png\",\"width\":640,\"height\":360},{\"@type\":\"BreadcrumbList\",\"@id\":\"https:\\\/\\\/diariodepe.com.br\\\/cri\\\/2023\\\/03\\\/01\\\/comentario-ganhos-e-perdas-da-europa-e-dos-eua-no-primeiro-aniversario-do-conflito-russia-ucrania\\\/#breadcrumb\",\"itemListElement\":[{\"@type\":\"ListItem\",\"position\":1,\"name\":\"In\u00edcio\",\"item\":\"https:\\\/\\\/diariodepe.com.br\\\/cri\\\/\"},{\"@type\":\"ListItem\",\"position\":2,\"name\":\"Coment\u00e1rio: Ganhos e perdas da Europa e dos EUA no primeiro anivers\u00e1rio do conflito R\u00fassia-Ucr\u00e2nia\"}]},{\"@type\":\"WebSite\",\"@id\":\"https:\\\/\\\/diariodepe.com.br\\\/cri\\\/#website\",\"url\":\"https:\\\/\\\/diariodepe.com.br\\\/cri\\\/\",\"name\":\"CRI e Diario de Pernambuco\",\"description\":\"R\u00e1dio Internacional da China\",\"publisher\":{\"@id\":\"https:\\\/\\\/diariodepe.com.br\\\/cri\\\/#organization\"},\"potentialAction\":[{\"@type\":\"SearchAction\",\"target\":{\"@type\":\"EntryPoint\",\"urlTemplate\":\"https:\\\/\\\/diariodepe.com.br\\\/cri\\\/?s={search_term_string}\"},\"query-input\":{\"@type\":\"PropertyValueSpecification\",\"valueRequired\":true,\"valueName\":\"search_term_string\"}}],\"inLanguage\":\"pt-BR\"},{\"@type\":\"Organization\",\"@id\":\"https:\\\/\\\/diariodepe.com.br\\\/cri\\\/#organization\",\"name\":\"CRI e Diario de Pernambuco\",\"url\":\"https:\\\/\\\/diariodepe.com.br\\\/cri\\\/\",\"logo\":{\"@type\":\"ImageObject\",\"inLanguage\":\"pt-BR\",\"@id\":\"https:\\\/\\\/diariodepe.com.br\\\/cri\\\/#\\\/schema\\\/logo\\\/image\\\/\",\"url\":\"https:\\\/\\\/diariodepe.com.br\\\/cri\\\/wp-content\\\/uploads\\\/sites\\\/2\\\/2022\\\/12\\\/cropped-Logo.jpg\",\"contentUrl\":\"https:\\\/\\\/diariodepe.com.br\\\/cri\\\/wp-content\\\/uploads\\\/sites\\\/2\\\/2022\\\/12\\\/cropped-Logo.jpg\",\"width\":700,\"height\":59,\"caption\":\"CRI e Diario de Pernambuco\"},\"image\":{\"@id\":\"https:\\\/\\\/diariodepe.com.br\\\/cri\\\/#\\\/schema\\\/logo\\\/image\\\/\"}},{\"@type\":\"Person\",\"@id\":\"https:\\\/\\\/diariodepe.com.br\\\/cri\\\/#\\\/schema\\\/person\\\/121bb28d84f1a5b1205ef4ce9c2e0c6b\",\"name\":\"Ismael Lucas S. Pereira\",\"image\":{\"@type\":\"ImageObject\",\"inLanguage\":\"pt-BR\",\"@id\":\"https:\\\/\\\/secure.gravatar.com\\\/avatar\\\/887a0f3b5a7ceea963a48499fb883ffce6b5037362def025c52c2505b15d63e4?s=96&d=mm&r=g\",\"url\":\"https:\\\/\\\/secure.gravatar.com\\\/avatar\\\/887a0f3b5a7ceea963a48499fb883ffce6b5037362def025c52c2505b15d63e4?s=96&d=mm&r=g\",\"contentUrl\":\"https:\\\/\\\/secure.gravatar.com\\\/avatar\\\/887a0f3b5a7ceea963a48499fb883ffce6b5037362def025c52c2505b15d63e4?s=96&d=mm&r=g\",\"caption\":\"Ismael Lucas S. Pereira\"},\"url\":\"https:\\\/\\\/diariodepe.com.br\\\/cri\\\/author\\\/ismael-lucas\\\/\"}]}<\/script>\n<!-- \/ Yoast SEO plugin. -->","yoast_head_json":{"title":"Coment\u00e1rio: Ganhos e perdas da Europa e dos EUA no primeiro anivers\u00e1rio do conflito R\u00fassia-Ucr\u00e2nia - CRI e Diario de Pernambuco","robots":{"index":"index","follow":"follow","max-snippet":"max-snippet:-1","max-image-preview":"max-image-preview:large","max-video-preview":"max-video-preview:-1"},"canonical":"https:\/\/diariodepe.com.br\/cri\/2023\/03\/01\/comentario-ganhos-e-perdas-da-europa-e-dos-eua-no-primeiro-aniversario-do-conflito-russia-ucrania\/","og_locale":"pt_BR","og_type":"article","og_title":"Coment\u00e1rio: Ganhos e perdas da Europa e dos EUA no primeiro anivers\u00e1rio do conflito R\u00fassia-Ucr\u00e2nia - CRI e Diario de Pernambuco","og_description":"No primeiro anivers\u00e1rio do conflito R\u00fassia-Ucr\u00e2nia, o jornalista veterano e ganhador do Pr\u00eamio Pulitzer, Seymour Hersh, revelou\u00a0que o verdadeiro objetivo dos EUA ao explodir o gasoduto\u00a0Nord Stream n\u00e3o era ajudar a Ucr\u00e2nia, mas impedir que a Alemanha e a Europa...","og_url":"https:\/\/diariodepe.com.br\/cri\/2023\/03\/01\/comentario-ganhos-e-perdas-da-europa-e-dos-eua-no-primeiro-aniversario-do-conflito-russia-ucrania\/","og_site_name":"CRI e Diario de Pernambuco","article_published_time":"2023-03-01T06:59:20+00:00","article_modified_time":"2023-03-01T06:59:21+00:00","og_image":[{"width":640,"height":360,"url":"https:\/\/diariodepe.com.br\/cri\/wp-content\/uploads\/sites\/2\/2023\/03\/2023022420424428587.png","type":"image\/png"}],"author":"Ismael Lucas S. Pereira","twitter_card":"summary_large_image","twitter_misc":{"Escrito por":"Ismael Lucas S. Pereira","Est. tempo de leitura":"2 minutos"},"schema":{"@context":"https:\/\/schema.org","@graph":[{"@type":"Article","@id":"https:\/\/diariodepe.com.br\/cri\/2023\/03\/01\/comentario-ganhos-e-perdas-da-europa-e-dos-eua-no-primeiro-aniversario-do-conflito-russia-ucrania\/#article","isPartOf":{"@id":"https:\/\/diariodepe.com.br\/cri\/2023\/03\/01\/comentario-ganhos-e-perdas-da-europa-e-dos-eua-no-primeiro-aniversario-do-conflito-russia-ucrania\/"},"author":{"name":"Ismael Lucas S. Pereira","@id":"https:\/\/diariodepe.com.br\/cri\/#\/schema\/person\/121bb28d84f1a5b1205ef4ce9c2e0c6b"},"headline":"Coment\u00e1rio: Ganhos e perdas da Europa e dos EUA no primeiro anivers\u00e1rio do conflito R\u00fassia-Ucr\u00e2nia","datePublished":"2023-03-01T06:59:20+00:00","dateModified":"2023-03-01T06:59:21+00:00","mainEntityOfPage":{"@id":"https:\/\/diariodepe.com.br\/cri\/2023\/03\/01\/comentario-ganhos-e-perdas-da-europa-e-dos-eua-no-primeiro-aniversario-do-conflito-russia-ucrania\/"},"wordCount":405,"commentCount":0,"publisher":{"@id":"https:\/\/diariodepe.com.br\/cri\/#organization"},"image":{"@id":"https:\/\/diariodepe.com.br\/cri\/2023\/03\/01\/comentario-ganhos-e-perdas-da-europa-e-dos-eua-no-primeiro-aniversario-do-conflito-russia-ucrania\/#primaryimage"},"thumbnailUrl":"https:\/\/diariodepe.com.br\/cri\/wp-content\/uploads\/sites\/2\/2023\/03\/2023022420424428587.png","articleSection":["Vis\u00e3o"],"inLanguage":"pt-BR","potentialAction":[{"@type":"CommentAction","name":"Comment","target":["https:\/\/diariodepe.com.br\/cri\/2023\/03\/01\/comentario-ganhos-e-perdas-da-europa-e-dos-eua-no-primeiro-aniversario-do-conflito-russia-ucrania\/#respond"]}]},{"@type":"WebPage","@id":"https:\/\/diariodepe.com.br\/cri\/2023\/03\/01\/comentario-ganhos-e-perdas-da-europa-e-dos-eua-no-primeiro-aniversario-do-conflito-russia-ucrania\/","url":"https:\/\/diariodepe.com.br\/cri\/2023\/03\/01\/comentario-ganhos-e-perdas-da-europa-e-dos-eua-no-primeiro-aniversario-do-conflito-russia-ucrania\/","name":"Coment\u00e1rio: Ganhos e perdas da Europa e dos EUA no primeiro anivers\u00e1rio do conflito R\u00fassia-Ucr\u00e2nia - CRI e Diario de Pernambuco","isPartOf":{"@id":"https:\/\/diariodepe.com.br\/cri\/#website"},"primaryImageOfPage":{"@id":"https:\/\/diariodepe.com.br\/cri\/2023\/03\/01\/comentario-ganhos-e-perdas-da-europa-e-dos-eua-no-primeiro-aniversario-do-conflito-russia-ucrania\/#primaryimage"},"image":{"@id":"https:\/\/diariodepe.com.br\/cri\/2023\/03\/01\/comentario-ganhos-e-perdas-da-europa-e-dos-eua-no-primeiro-aniversario-do-conflito-russia-ucrania\/#primaryimage"},"thumbnailUrl":"https:\/\/diariodepe.com.br\/cri\/wp-content\/uploads\/sites\/2\/2023\/03\/2023022420424428587.png","datePublished":"2023-03-01T06:59:20+00:00","dateModified":"2023-03-01T06:59:21+00:00","breadcrumb":{"@id":"https:\/\/diariodepe.com.br\/cri\/2023\/03\/01\/comentario-ganhos-e-perdas-da-europa-e-dos-eua-no-primeiro-aniversario-do-conflito-russia-ucrania\/#breadcrumb"},"inLanguage":"pt-BR","potentialAction":[{"@type":"ReadAction","target":["https:\/\/diariodepe.com.br\/cri\/2023\/03\/01\/comentario-ganhos-e-perdas-da-europa-e-dos-eua-no-primeiro-aniversario-do-conflito-russia-ucrania\/"]}]},{"@type":"ImageObject","inLanguage":"pt-BR","@id":"https:\/\/diariodepe.com.br\/cri\/2023\/03\/01\/comentario-ganhos-e-perdas-da-europa-e-dos-eua-no-primeiro-aniversario-do-conflito-russia-ucrania\/#primaryimage","url":"https:\/\/diariodepe.com.br\/cri\/wp-content\/uploads\/sites\/2\/2023\/03\/2023022420424428587.png","contentUrl":"https:\/\/diariodepe.com.br\/cri\/wp-content\/uploads\/sites\/2\/2023\/03\/2023022420424428587.png","width":640,"height":360},{"@type":"BreadcrumbList","@id":"https:\/\/diariodepe.com.br\/cri\/2023\/03\/01\/comentario-ganhos-e-perdas-da-europa-e-dos-eua-no-primeiro-aniversario-do-conflito-russia-ucrania\/#breadcrumb","itemListElement":[{"@type":"ListItem","position":1,"name":"In\u00edcio","item":"https:\/\/diariodepe.com.br\/cri\/"},{"@type":"ListItem","position":2,"name":"Coment\u00e1rio: Ganhos e perdas da Europa e dos EUA no primeiro anivers\u00e1rio do conflito R\u00fassia-Ucr\u00e2nia"}]},{"@type":"WebSite","@id":"https:\/\/diariodepe.com.br\/cri\/#website","url":"https:\/\/diariodepe.com.br\/cri\/","name":"CRI e Diario de Pernambuco","description":"R\u00e1dio Internacional da China","publisher":{"@id":"https:\/\/diariodepe.com.br\/cri\/#organization"},"potentialAction":[{"@type":"SearchAction","target":{"@type":"EntryPoint","urlTemplate":"https:\/\/diariodepe.com.br\/cri\/?s={search_term_string}"},"query-input":{"@type":"PropertyValueSpecification","valueRequired":true,"valueName":"search_term_string"}}],"inLanguage":"pt-BR"},{"@type":"Organization","@id":"https:\/\/diariodepe.com.br\/cri\/#organization","name":"CRI e Diario de Pernambuco","url":"https:\/\/diariodepe.com.br\/cri\/","logo":{"@type":"ImageObject","inLanguage":"pt-BR","@id":"https:\/\/diariodepe.com.br\/cri\/#\/schema\/logo\/image\/","url":"https:\/\/diariodepe.com.br\/cri\/wp-content\/uploads\/sites\/2\/2022\/12\/cropped-Logo.jpg","contentUrl":"https:\/\/diariodepe.com.br\/cri\/wp-content\/uploads\/sites\/2\/2022\/12\/cropped-Logo.jpg","width":700,"height":59,"caption":"CRI e Diario de Pernambuco"},"image":{"@id":"https:\/\/diariodepe.com.br\/cri\/#\/schema\/logo\/image\/"}},{"@type":"Person","@id":"https:\/\/diariodepe.com.br\/cri\/#\/schema\/person\/121bb28d84f1a5b1205ef4ce9c2e0c6b","name":"Ismael Lucas S. Pereira","image":{"@type":"ImageObject","inLanguage":"pt-BR","@id":"https:\/\/secure.gravatar.com\/avatar\/887a0f3b5a7ceea963a48499fb883ffce6b5037362def025c52c2505b15d63e4?s=96&d=mm&r=g","url":"https:\/\/secure.gravatar.com\/avatar\/887a0f3b5a7ceea963a48499fb883ffce6b5037362def025c52c2505b15d63e4?s=96&d=mm&r=g","contentUrl":"https:\/\/secure.gravatar.com\/avatar\/887a0f3b5a7ceea963a48499fb883ffce6b5037362def025c52c2505b15d63e4?s=96&d=mm&r=g","caption":"Ismael Lucas S. Pereira"},"url":"https:\/\/diariodepe.com.br\/cri\/author\/ismael-lucas\/"}]}},"cc_featured_image_caption":{"caption_text":"","source_text":"","source_url":""},"amp_enabled":true,"_links":{"self":[{"href":"https:\/\/diariodepe.com.br\/cri\/wp-json\/wp\/v2\/posts\/686","targetHints":{"allow":["GET"]}}],"collection":[{"href":"https:\/\/diariodepe.com.br\/cri\/wp-json\/wp\/v2\/posts"}],"about":[{"href":"https:\/\/diariodepe.com.br\/cri\/wp-json\/wp\/v2\/types\/post"}],"author":[{"embeddable":true,"href":"https:\/\/diariodepe.com.br\/cri\/wp-json\/wp\/v2\/users\/2"}],"replies":[{"embeddable":true,"href":"https:\/\/diariodepe.com.br\/cri\/wp-json\/wp\/v2\/comments?post=686"}],"version-history":[{"count":1,"href":"https:\/\/diariodepe.com.br\/cri\/wp-json\/wp\/v2\/posts\/686\/revisions"}],"predecessor-version":[{"id":688,"href":"https:\/\/diariodepe.com.br\/cri\/wp-json\/wp\/v2\/posts\/686\/revisions\/688"}],"wp:featuredmedia":[{"embeddable":true,"href":"https:\/\/diariodepe.com.br\/cri\/wp-json\/wp\/v2\/media\/687"}],"wp:attachment":[{"href":"https:\/\/diariodepe.com.br\/cri\/wp-json\/wp\/v2\/media?parent=686"}],"wp:term":[{"taxonomy":"category","embeddable":true,"href":"https:\/\/diariodepe.com.br\/cri\/wp-json\/wp\/v2\/categories?post=686"},{"taxonomy":"post_tag","embeddable":true,"href":"https:\/\/diariodepe.com.br\/cri\/wp-json\/wp\/v2\/tags?post=686"}],"curies":[{"name":"wp","href":"https:\/\/api.w.org\/{rel}","templated":true}]}}