{"id":6859,"date":"2024-11-20T13:21:10","date_gmt":"2024-11-20T16:21:10","guid":{"rendered":"https:\/\/diariodepe.com.br\/cri\/?p=6859"},"modified":"2024-11-21T02:23:21","modified_gmt":"2024-11-21T05:23:21","slug":"xi-jinping-e-lula-assinam-declaracao-conjunta-anunciando-uniao-de-esforcos-para-construir-uma-comunidade-com-futuro-compartilhado-china-brasil","status":"publish","type":"post","link":"https:\/\/diariodepe.com.br\/cri\/2024\/11\/20\/xi-jinping-e-lula-assinam-declaracao-conjunta-anunciando-uniao-de-esforcos-para-construir-uma-comunidade-com-futuro-compartilhado-china-brasil\/","title":{"rendered":"Xi Jinping e Lula assinam declara\u00e7\u00e3o conjunta anunciando uni\u00e3o de esfor\u00e7os para construir uma comunidade com futuro compartilhado China-Brasil"},"content":{"rendered":"<div class=\"col_w720\">\n<div class=\"portuguese_details\">\n<div id=\"abody\" class=\"abody\">\n<p data-spm-anchor-id=\"0.0.0.i1\">Na manh\u00e3 do dia 20 de novembro, hor\u00e1rio local, o presidente da China, Xi Jinping, e o presidente do Brasil, Luiz In\u00e1cio Lula da Silva, assinaram e emitiram conjuntamente em Bras\u00edlia, capital do pa\u00eds latino-americano, a Declara\u00e7\u00e3o Conjunta entre a Rep\u00fablica Popular da China e a Rep\u00fablica Federativa do Brasil sobre Trabalhar Juntos para Construir uma Comunidade com Futuro Compartilhado China-Brasil para um Mundo Mais Justo e um Planeta Mais Sustent\u00e1vel.<\/p>\n<\/div>\n<\/div>\n<\/div>\n","protected":false},"excerpt":{"rendered":"<p>Na manh\u00e3 do dia 20 de novembro, hor\u00e1rio local, o presidente da China, Xi Jinping, e o presidente do Brasil, Luiz In\u00e1cio Lula da Silva, assinaram e emitiram conjuntamente em Bras\u00edlia, capital do pa\u00eds latino-americano, a Declara\u00e7\u00e3o Conjunta entre a&#8230;<\/p>\n","protected":false},"author":2,"featured_media":6860,"comment_status":"open","ping_status":"open","sticky":false,"template":"","format":"standard","meta":{"footnotes":""},"categories":[5,8],"tags":[],"class_list":["post-6859","post","type-post","status-publish","format-standard","has-post-thumbnail","hentry","category-destaques-capa","category-internacional"],"yoast_head":"<!-- This site is optimized with the Yoast SEO plugin v27.4 - https:\/\/yoast.com\/product\/yoast-seo-wordpress\/ -->\n<title>Xi Jinping e Lula assinam declara\u00e7\u00e3o conjunta anunciando uni\u00e3o de esfor\u00e7os para construir uma comunidade com futuro compartilhado China-Brasil - CRI e Diario de Pernambuco<\/title>\n<meta name=\"robots\" content=\"index, follow, max-snippet:-1, max-image-preview:large, max-video-preview:-1\" \/>\n<link rel=\"canonical\" href=\"https:\/\/diariodepe.com.br\/cri\/2024\/11\/20\/xi-jinping-e-lula-assinam-declaracao-conjunta-anunciando-uniao-de-esforcos-para-construir-uma-comunidade-com-futuro-compartilhado-china-brasil\/\" \/>\n<meta property=\"og:locale\" content=\"pt_BR\" \/>\n<meta property=\"og:type\" content=\"article\" \/>\n<meta property=\"og:title\" content=\"Xi Jinping e Lula assinam declara\u00e7\u00e3o conjunta anunciando uni\u00e3o de esfor\u00e7os para construir uma comunidade com futuro compartilhado China-Brasil - CRI e Diario de Pernambuco\" \/>\n<meta property=\"og:description\" content=\"Na manh\u00e3 do dia 20 de novembro, hor\u00e1rio local, o presidente da China, Xi Jinping, e o presidente do Brasil, Luiz In\u00e1cio Lula da Silva, assinaram e emitiram conjuntamente em Bras\u00edlia, capital do pa\u00eds latino-americano, a Declara\u00e7\u00e3o Conjunta entre a...\" \/>\n<meta property=\"og:url\" content=\"https:\/\/diariodepe.com.br\/cri\/2024\/11\/20\/xi-jinping-e-lula-assinam-declaracao-conjunta-anunciando-uniao-de-esforcos-para-construir-uma-comunidade-com-futuro-compartilhado-china-brasil\/\" \/>\n<meta property=\"og:site_name\" content=\"CRI e Diario de Pernambuco\" \/>\n<meta property=\"article:published_time\" content=\"2024-11-20T16:21:10+00:00\" \/>\n<meta property=\"article:modified_time\" content=\"2024-11-21T05:23:21+00:00\" \/>\n<meta property=\"og:image\" content=\"https:\/\/diariodepe.com.br\/cri\/wp-content\/uploads\/sites\/2\/2024\/11\/\u7b7e\u7f72\u8054\u5408\u58f0\u660e-\u547d\u8fd0\u5171\u540c\u4f53.png\" \/>\n\t<meta property=\"og:image:width\" content=\"900\" \/>\n\t<meta property=\"og:image:height\" content=\"690\" \/>\n\t<meta property=\"og:image:type\" content=\"image\/png\" \/>\n<meta name=\"author\" content=\"Ismael Lucas S. Pereira\" \/>\n<meta name=\"twitter:card\" content=\"summary_large_image\" \/>\n<meta name=\"twitter:label1\" content=\"Escrito por\" \/>\n\t<meta name=\"twitter:data1\" content=\"Ismael Lucas S. Pereira\" \/>\n\t<meta name=\"twitter:label2\" content=\"Est. tempo de leitura\" \/>\n\t<meta name=\"twitter:data2\" content=\"1 minuto\" \/>\n<script type=\"application\/ld+json\" class=\"yoast-schema-graph\">{\"@context\":\"https:\\\/\\\/schema.org\",\"@graph\":[{\"@type\":\"Article\",\"@id\":\"https:\\\/\\\/diariodepe.com.br\\\/cri\\\/2024\\\/11\\\/20\\\/xi-jinping-e-lula-assinam-declaracao-conjunta-anunciando-uniao-de-esforcos-para-construir-uma-comunidade-com-futuro-compartilhado-china-brasil\\\/#article\",\"isPartOf\":{\"@id\":\"https:\\\/\\\/diariodepe.com.br\\\/cri\\\/2024\\\/11\\\/20\\\/xi-jinping-e-lula-assinam-declaracao-conjunta-anunciando-uniao-de-esforcos-para-construir-uma-comunidade-com-futuro-compartilhado-china-brasil\\\/\"},\"author\":{\"name\":\"Ismael Lucas S. Pereira\",\"@id\":\"https:\\\/\\\/diariodepe.com.br\\\/cri\\\/#\\\/schema\\\/person\\\/121bb28d84f1a5b1205ef4ce9c2e0c6b\"},\"headline\":\"Xi Jinping e Lula assinam declara\u00e7\u00e3o conjunta anunciando uni\u00e3o de esfor\u00e7os para construir uma comunidade com futuro compartilhado China-Brasil\",\"datePublished\":\"2024-11-20T16:21:10+00:00\",\"dateModified\":\"2024-11-21T05:23:21+00:00\",\"mainEntityOfPage\":{\"@id\":\"https:\\\/\\\/diariodepe.com.br\\\/cri\\\/2024\\\/11\\\/20\\\/xi-jinping-e-lula-assinam-declaracao-conjunta-anunciando-uniao-de-esforcos-para-construir-uma-comunidade-com-futuro-compartilhado-china-brasil\\\/\"},\"wordCount\":100,\"commentCount\":0,\"publisher\":{\"@id\":\"https:\\\/\\\/diariodepe.com.br\\\/cri\\\/#organization\"},\"image\":{\"@id\":\"https:\\\/\\\/diariodepe.com.br\\\/cri\\\/2024\\\/11\\\/20\\\/xi-jinping-e-lula-assinam-declaracao-conjunta-anunciando-uniao-de-esforcos-para-construir-uma-comunidade-com-futuro-compartilhado-china-brasil\\\/#primaryimage\"},\"thumbnailUrl\":\"https:\\\/\\\/diariodepe.com.br\\\/cri\\\/wp-content\\\/uploads\\\/sites\\\/2\\\/2024\\\/11\\\/\u7b7e\u7f72\u8054\u5408\u58f0\u660e-\u547d\u8fd0\u5171\u540c\u4f53.png\",\"articleSection\":[\"Destaques Capa\",\"Internacional\"],\"inLanguage\":\"pt-BR\",\"potentialAction\":[{\"@type\":\"CommentAction\",\"name\":\"Comment\",\"target\":[\"https:\\\/\\\/diariodepe.com.br\\\/cri\\\/2024\\\/11\\\/20\\\/xi-jinping-e-lula-assinam-declaracao-conjunta-anunciando-uniao-de-esforcos-para-construir-uma-comunidade-com-futuro-compartilhado-china-brasil\\\/#respond\"]}]},{\"@type\":\"WebPage\",\"@id\":\"https:\\\/\\\/diariodepe.com.br\\\/cri\\\/2024\\\/11\\\/20\\\/xi-jinping-e-lula-assinam-declaracao-conjunta-anunciando-uniao-de-esforcos-para-construir-uma-comunidade-com-futuro-compartilhado-china-brasil\\\/\",\"url\":\"https:\\\/\\\/diariodepe.com.br\\\/cri\\\/2024\\\/11\\\/20\\\/xi-jinping-e-lula-assinam-declaracao-conjunta-anunciando-uniao-de-esforcos-para-construir-uma-comunidade-com-futuro-compartilhado-china-brasil\\\/\",\"name\":\"Xi Jinping e Lula assinam declara\u00e7\u00e3o conjunta anunciando uni\u00e3o de esfor\u00e7os para construir uma comunidade com futuro compartilhado China-Brasil - CRI e Diario de Pernambuco\",\"isPartOf\":{\"@id\":\"https:\\\/\\\/diariodepe.com.br\\\/cri\\\/#website\"},\"primaryImageOfPage\":{\"@id\":\"https:\\\/\\\/diariodepe.com.br\\\/cri\\\/2024\\\/11\\\/20\\\/xi-jinping-e-lula-assinam-declaracao-conjunta-anunciando-uniao-de-esforcos-para-construir-uma-comunidade-com-futuro-compartilhado-china-brasil\\\/#primaryimage\"},\"image\":{\"@id\":\"https:\\\/\\\/diariodepe.com.br\\\/cri\\\/2024\\\/11\\\/20\\\/xi-jinping-e-lula-assinam-declaracao-conjunta-anunciando-uniao-de-esforcos-para-construir-uma-comunidade-com-futuro-compartilhado-china-brasil\\\/#primaryimage\"},\"thumbnailUrl\":\"https:\\\/\\\/diariodepe.com.br\\\/cri\\\/wp-content\\\/uploads\\\/sites\\\/2\\\/2024\\\/11\\\/\u7b7e\u7f72\u8054\u5408\u58f0\u660e-\u547d\u8fd0\u5171\u540c\u4f53.png\",\"datePublished\":\"2024-11-20T16:21:10+00:00\",\"dateModified\":\"2024-11-21T05:23:21+00:00\",\"breadcrumb\":{\"@id\":\"https:\\\/\\\/diariodepe.com.br\\\/cri\\\/2024\\\/11\\\/20\\\/xi-jinping-e-lula-assinam-declaracao-conjunta-anunciando-uniao-de-esforcos-para-construir-uma-comunidade-com-futuro-compartilhado-china-brasil\\\/#breadcrumb\"},\"inLanguage\":\"pt-BR\",\"potentialAction\":[{\"@type\":\"ReadAction\",\"target\":[\"https:\\\/\\\/diariodepe.com.br\\\/cri\\\/2024\\\/11\\\/20\\\/xi-jinping-e-lula-assinam-declaracao-conjunta-anunciando-uniao-de-esforcos-para-construir-uma-comunidade-com-futuro-compartilhado-china-brasil\\\/\"]}]},{\"@type\":\"ImageObject\",\"inLanguage\":\"pt-BR\",\"@id\":\"https:\\\/\\\/diariodepe.com.br\\\/cri\\\/2024\\\/11\\\/20\\\/xi-jinping-e-lula-assinam-declaracao-conjunta-anunciando-uniao-de-esforcos-para-construir-uma-comunidade-com-futuro-compartilhado-china-brasil\\\/#primaryimage\",\"url\":\"https:\\\/\\\/diariodepe.com.br\\\/cri\\\/wp-content\\\/uploads\\\/sites\\\/2\\\/2024\\\/11\\\/\u7b7e\u7f72\u8054\u5408\u58f0\u660e-\u547d\u8fd0\u5171\u540c\u4f53.png\",\"contentUrl\":\"https:\\\/\\\/diariodepe.com.br\\\/cri\\\/wp-content\\\/uploads\\\/sites\\\/2\\\/2024\\\/11\\\/\u7b7e\u7f72\u8054\u5408\u58f0\u660e-\u547d\u8fd0\u5171\u540c\u4f53.png\",\"width\":900,\"height\":690},{\"@type\":\"BreadcrumbList\",\"@id\":\"https:\\\/\\\/diariodepe.com.br\\\/cri\\\/2024\\\/11\\\/20\\\/xi-jinping-e-lula-assinam-declaracao-conjunta-anunciando-uniao-de-esforcos-para-construir-uma-comunidade-com-futuro-compartilhado-china-brasil\\\/#breadcrumb\",\"itemListElement\":[{\"@type\":\"ListItem\",\"position\":1,\"name\":\"In\u00edcio\",\"item\":\"https:\\\/\\\/diariodepe.com.br\\\/cri\\\/\"},{\"@type\":\"ListItem\",\"position\":2,\"name\":\"Xi Jinping e Lula assinam declara\u00e7\u00e3o conjunta anunciando uni\u00e3o de esfor\u00e7os para construir uma comunidade com futuro compartilhado China-Brasil\"}]},{\"@type\":\"WebSite\",\"@id\":\"https:\\\/\\\/diariodepe.com.br\\\/cri\\\/#website\",\"url\":\"https:\\\/\\\/diariodepe.com.br\\\/cri\\\/\",\"name\":\"CRI e Diario de Pernambuco\",\"description\":\"R\u00e1dio Internacional da China\",\"publisher\":{\"@id\":\"https:\\\/\\\/diariodepe.com.br\\\/cri\\\/#organization\"},\"potentialAction\":[{\"@type\":\"SearchAction\",\"target\":{\"@type\":\"EntryPoint\",\"urlTemplate\":\"https:\\\/\\\/diariodepe.com.br\\\/cri\\\/?s={search_term_string}\"},\"query-input\":{\"@type\":\"PropertyValueSpecification\",\"valueRequired\":true,\"valueName\":\"search_term_string\"}}],\"inLanguage\":\"pt-BR\"},{\"@type\":\"Organization\",\"@id\":\"https:\\\/\\\/diariodepe.com.br\\\/cri\\\/#organization\",\"name\":\"CRI e Diario de Pernambuco\",\"url\":\"https:\\\/\\\/diariodepe.com.br\\\/cri\\\/\",\"logo\":{\"@type\":\"ImageObject\",\"inLanguage\":\"pt-BR\",\"@id\":\"https:\\\/\\\/diariodepe.com.br\\\/cri\\\/#\\\/schema\\\/logo\\\/image\\\/\",\"url\":\"https:\\\/\\\/diariodepe.com.br\\\/cri\\\/wp-content\\\/uploads\\\/sites\\\/2\\\/2022\\\/12\\\/cropped-Logo.jpg\",\"contentUrl\":\"https:\\\/\\\/diariodepe.com.br\\\/cri\\\/wp-content\\\/uploads\\\/sites\\\/2\\\/2022\\\/12\\\/cropped-Logo.jpg\",\"width\":700,\"height\":59,\"caption\":\"CRI e Diario de Pernambuco\"},\"image\":{\"@id\":\"https:\\\/\\\/diariodepe.com.br\\\/cri\\\/#\\\/schema\\\/logo\\\/image\\\/\"}},{\"@type\":\"Person\",\"@id\":\"https:\\\/\\\/diariodepe.com.br\\\/cri\\\/#\\\/schema\\\/person\\\/121bb28d84f1a5b1205ef4ce9c2e0c6b\",\"name\":\"Ismael Lucas S. Pereira\",\"image\":{\"@type\":\"ImageObject\",\"inLanguage\":\"pt-BR\",\"@id\":\"https:\\\/\\\/secure.gravatar.com\\\/avatar\\\/887a0f3b5a7ceea963a48499fb883ffce6b5037362def025c52c2505b15d63e4?s=96&d=mm&r=g\",\"url\":\"https:\\\/\\\/secure.gravatar.com\\\/avatar\\\/887a0f3b5a7ceea963a48499fb883ffce6b5037362def025c52c2505b15d63e4?s=96&d=mm&r=g\",\"contentUrl\":\"https:\\\/\\\/secure.gravatar.com\\\/avatar\\\/887a0f3b5a7ceea963a48499fb883ffce6b5037362def025c52c2505b15d63e4?s=96&d=mm&r=g\",\"caption\":\"Ismael Lucas S. Pereira\"},\"url\":\"https:\\\/\\\/diariodepe.com.br\\\/cri\\\/author\\\/ismael-lucas\\\/\"}]}<\/script>\n<!-- \/ Yoast SEO plugin. -->","yoast_head_json":{"title":"Xi Jinping e Lula assinam declara\u00e7\u00e3o conjunta anunciando uni\u00e3o de esfor\u00e7os para construir uma comunidade com futuro compartilhado China-Brasil - CRI e Diario de Pernambuco","robots":{"index":"index","follow":"follow","max-snippet":"max-snippet:-1","max-image-preview":"max-image-preview:large","max-video-preview":"max-video-preview:-1"},"canonical":"https:\/\/diariodepe.com.br\/cri\/2024\/11\/20\/xi-jinping-e-lula-assinam-declaracao-conjunta-anunciando-uniao-de-esforcos-para-construir-uma-comunidade-com-futuro-compartilhado-china-brasil\/","og_locale":"pt_BR","og_type":"article","og_title":"Xi Jinping e Lula assinam declara\u00e7\u00e3o conjunta anunciando uni\u00e3o de esfor\u00e7os para construir uma comunidade com futuro compartilhado China-Brasil - CRI e Diario de Pernambuco","og_description":"Na manh\u00e3 do dia 20 de novembro, hor\u00e1rio local, o presidente da China, Xi Jinping, e o presidente do Brasil, Luiz In\u00e1cio Lula da Silva, assinaram e emitiram conjuntamente em Bras\u00edlia, capital do pa\u00eds latino-americano, a Declara\u00e7\u00e3o Conjunta entre a...","og_url":"https:\/\/diariodepe.com.br\/cri\/2024\/11\/20\/xi-jinping-e-lula-assinam-declaracao-conjunta-anunciando-uniao-de-esforcos-para-construir-uma-comunidade-com-futuro-compartilhado-china-brasil\/","og_site_name":"CRI e Diario de Pernambuco","article_published_time":"2024-11-20T16:21:10+00:00","article_modified_time":"2024-11-21T05:23:21+00:00","og_image":[{"width":900,"height":690,"url":"https:\/\/diariodepe.com.br\/cri\/wp-content\/uploads\/sites\/2\/2024\/11\/\u7b7e\u7f72\u8054\u5408\u58f0\u660e-\u547d\u8fd0\u5171\u540c\u4f53.png","type":"image\/png"}],"author":"Ismael Lucas S. Pereira","twitter_card":"summary_large_image","twitter_misc":{"Escrito por":"Ismael Lucas S. Pereira","Est. tempo de leitura":"1 minuto"},"schema":{"@context":"https:\/\/schema.org","@graph":[{"@type":"Article","@id":"https:\/\/diariodepe.com.br\/cri\/2024\/11\/20\/xi-jinping-e-lula-assinam-declaracao-conjunta-anunciando-uniao-de-esforcos-para-construir-uma-comunidade-com-futuro-compartilhado-china-brasil\/#article","isPartOf":{"@id":"https:\/\/diariodepe.com.br\/cri\/2024\/11\/20\/xi-jinping-e-lula-assinam-declaracao-conjunta-anunciando-uniao-de-esforcos-para-construir-uma-comunidade-com-futuro-compartilhado-china-brasil\/"},"author":{"name":"Ismael Lucas S. Pereira","@id":"https:\/\/diariodepe.com.br\/cri\/#\/schema\/person\/121bb28d84f1a5b1205ef4ce9c2e0c6b"},"headline":"Xi Jinping e Lula assinam declara\u00e7\u00e3o conjunta anunciando uni\u00e3o de esfor\u00e7os para construir uma comunidade com futuro compartilhado China-Brasil","datePublished":"2024-11-20T16:21:10+00:00","dateModified":"2024-11-21T05:23:21+00:00","mainEntityOfPage":{"@id":"https:\/\/diariodepe.com.br\/cri\/2024\/11\/20\/xi-jinping-e-lula-assinam-declaracao-conjunta-anunciando-uniao-de-esforcos-para-construir-uma-comunidade-com-futuro-compartilhado-china-brasil\/"},"wordCount":100,"commentCount":0,"publisher":{"@id":"https:\/\/diariodepe.com.br\/cri\/#organization"},"image":{"@id":"https:\/\/diariodepe.com.br\/cri\/2024\/11\/20\/xi-jinping-e-lula-assinam-declaracao-conjunta-anunciando-uniao-de-esforcos-para-construir-uma-comunidade-com-futuro-compartilhado-china-brasil\/#primaryimage"},"thumbnailUrl":"https:\/\/diariodepe.com.br\/cri\/wp-content\/uploads\/sites\/2\/2024\/11\/\u7b7e\u7f72\u8054\u5408\u58f0\u660e-\u547d\u8fd0\u5171\u540c\u4f53.png","articleSection":["Destaques Capa","Internacional"],"inLanguage":"pt-BR","potentialAction":[{"@type":"CommentAction","name":"Comment","target":["https:\/\/diariodepe.com.br\/cri\/2024\/11\/20\/xi-jinping-e-lula-assinam-declaracao-conjunta-anunciando-uniao-de-esforcos-para-construir-uma-comunidade-com-futuro-compartilhado-china-brasil\/#respond"]}]},{"@type":"WebPage","@id":"https:\/\/diariodepe.com.br\/cri\/2024\/11\/20\/xi-jinping-e-lula-assinam-declaracao-conjunta-anunciando-uniao-de-esforcos-para-construir-uma-comunidade-com-futuro-compartilhado-china-brasil\/","url":"https:\/\/diariodepe.com.br\/cri\/2024\/11\/20\/xi-jinping-e-lula-assinam-declaracao-conjunta-anunciando-uniao-de-esforcos-para-construir-uma-comunidade-com-futuro-compartilhado-china-brasil\/","name":"Xi Jinping e Lula assinam declara\u00e7\u00e3o conjunta anunciando uni\u00e3o de esfor\u00e7os para construir uma comunidade com futuro compartilhado China-Brasil - CRI e Diario de Pernambuco","isPartOf":{"@id":"https:\/\/diariodepe.com.br\/cri\/#website"},"primaryImageOfPage":{"@id":"https:\/\/diariodepe.com.br\/cri\/2024\/11\/20\/xi-jinping-e-lula-assinam-declaracao-conjunta-anunciando-uniao-de-esforcos-para-construir-uma-comunidade-com-futuro-compartilhado-china-brasil\/#primaryimage"},"image":{"@id":"https:\/\/diariodepe.com.br\/cri\/2024\/11\/20\/xi-jinping-e-lula-assinam-declaracao-conjunta-anunciando-uniao-de-esforcos-para-construir-uma-comunidade-com-futuro-compartilhado-china-brasil\/#primaryimage"},"thumbnailUrl":"https:\/\/diariodepe.com.br\/cri\/wp-content\/uploads\/sites\/2\/2024\/11\/\u7b7e\u7f72\u8054\u5408\u58f0\u660e-\u547d\u8fd0\u5171\u540c\u4f53.png","datePublished":"2024-11-20T16:21:10+00:00","dateModified":"2024-11-21T05:23:21+00:00","breadcrumb":{"@id":"https:\/\/diariodepe.com.br\/cri\/2024\/11\/20\/xi-jinping-e-lula-assinam-declaracao-conjunta-anunciando-uniao-de-esforcos-para-construir-uma-comunidade-com-futuro-compartilhado-china-brasil\/#breadcrumb"},"inLanguage":"pt-BR","potentialAction":[{"@type":"ReadAction","target":["https:\/\/diariodepe.com.br\/cri\/2024\/11\/20\/xi-jinping-e-lula-assinam-declaracao-conjunta-anunciando-uniao-de-esforcos-para-construir-uma-comunidade-com-futuro-compartilhado-china-brasil\/"]}]},{"@type":"ImageObject","inLanguage":"pt-BR","@id":"https:\/\/diariodepe.com.br\/cri\/2024\/11\/20\/xi-jinping-e-lula-assinam-declaracao-conjunta-anunciando-uniao-de-esforcos-para-construir-uma-comunidade-com-futuro-compartilhado-china-brasil\/#primaryimage","url":"https:\/\/diariodepe.com.br\/cri\/wp-content\/uploads\/sites\/2\/2024\/11\/\u7b7e\u7f72\u8054\u5408\u58f0\u660e-\u547d\u8fd0\u5171\u540c\u4f53.png","contentUrl":"https:\/\/diariodepe.com.br\/cri\/wp-content\/uploads\/sites\/2\/2024\/11\/\u7b7e\u7f72\u8054\u5408\u58f0\u660e-\u547d\u8fd0\u5171\u540c\u4f53.png","width":900,"height":690},{"@type":"BreadcrumbList","@id":"https:\/\/diariodepe.com.br\/cri\/2024\/11\/20\/xi-jinping-e-lula-assinam-declaracao-conjunta-anunciando-uniao-de-esforcos-para-construir-uma-comunidade-com-futuro-compartilhado-china-brasil\/#breadcrumb","itemListElement":[{"@type":"ListItem","position":1,"name":"In\u00edcio","item":"https:\/\/diariodepe.com.br\/cri\/"},{"@type":"ListItem","position":2,"name":"Xi Jinping e Lula assinam declara\u00e7\u00e3o conjunta anunciando uni\u00e3o de esfor\u00e7os para construir uma comunidade com futuro compartilhado China-Brasil"}]},{"@type":"WebSite","@id":"https:\/\/diariodepe.com.br\/cri\/#website","url":"https:\/\/diariodepe.com.br\/cri\/","name":"CRI e Diario de Pernambuco","description":"R\u00e1dio Internacional da China","publisher":{"@id":"https:\/\/diariodepe.com.br\/cri\/#organization"},"potentialAction":[{"@type":"SearchAction","target":{"@type":"EntryPoint","urlTemplate":"https:\/\/diariodepe.com.br\/cri\/?s={search_term_string}"},"query-input":{"@type":"PropertyValueSpecification","valueRequired":true,"valueName":"search_term_string"}}],"inLanguage":"pt-BR"},{"@type":"Organization","@id":"https:\/\/diariodepe.com.br\/cri\/#organization","name":"CRI e Diario de Pernambuco","url":"https:\/\/diariodepe.com.br\/cri\/","logo":{"@type":"ImageObject","inLanguage":"pt-BR","@id":"https:\/\/diariodepe.com.br\/cri\/#\/schema\/logo\/image\/","url":"https:\/\/diariodepe.com.br\/cri\/wp-content\/uploads\/sites\/2\/2022\/12\/cropped-Logo.jpg","contentUrl":"https:\/\/diariodepe.com.br\/cri\/wp-content\/uploads\/sites\/2\/2022\/12\/cropped-Logo.jpg","width":700,"height":59,"caption":"CRI e Diario de Pernambuco"},"image":{"@id":"https:\/\/diariodepe.com.br\/cri\/#\/schema\/logo\/image\/"}},{"@type":"Person","@id":"https:\/\/diariodepe.com.br\/cri\/#\/schema\/person\/121bb28d84f1a5b1205ef4ce9c2e0c6b","name":"Ismael Lucas S. Pereira","image":{"@type":"ImageObject","inLanguage":"pt-BR","@id":"https:\/\/secure.gravatar.com\/avatar\/887a0f3b5a7ceea963a48499fb883ffce6b5037362def025c52c2505b15d63e4?s=96&d=mm&r=g","url":"https:\/\/secure.gravatar.com\/avatar\/887a0f3b5a7ceea963a48499fb883ffce6b5037362def025c52c2505b15d63e4?s=96&d=mm&r=g","contentUrl":"https:\/\/secure.gravatar.com\/avatar\/887a0f3b5a7ceea963a48499fb883ffce6b5037362def025c52c2505b15d63e4?s=96&d=mm&r=g","caption":"Ismael Lucas S. Pereira"},"url":"https:\/\/diariodepe.com.br\/cri\/author\/ismael-lucas\/"}]}},"cc_featured_image_caption":{"caption_text":false,"source_text":false,"source_url":false},"amp_enabled":true,"_links":{"self":[{"href":"https:\/\/diariodepe.com.br\/cri\/wp-json\/wp\/v2\/posts\/6859","targetHints":{"allow":["GET"]}}],"collection":[{"href":"https:\/\/diariodepe.com.br\/cri\/wp-json\/wp\/v2\/posts"}],"about":[{"href":"https:\/\/diariodepe.com.br\/cri\/wp-json\/wp\/v2\/types\/post"}],"author":[{"embeddable":true,"href":"https:\/\/diariodepe.com.br\/cri\/wp-json\/wp\/v2\/users\/2"}],"replies":[{"embeddable":true,"href":"https:\/\/diariodepe.com.br\/cri\/wp-json\/wp\/v2\/comments?post=6859"}],"version-history":[{"count":1,"href":"https:\/\/diariodepe.com.br\/cri\/wp-json\/wp\/v2\/posts\/6859\/revisions"}],"predecessor-version":[{"id":6861,"href":"https:\/\/diariodepe.com.br\/cri\/wp-json\/wp\/v2\/posts\/6859\/revisions\/6861"}],"wp:featuredmedia":[{"embeddable":true,"href":"https:\/\/diariodepe.com.br\/cri\/wp-json\/wp\/v2\/media\/6860"}],"wp:attachment":[{"href":"https:\/\/diariodepe.com.br\/cri\/wp-json\/wp\/v2\/media?parent=6859"}],"wp:term":[{"taxonomy":"category","embeddable":true,"href":"https:\/\/diariodepe.com.br\/cri\/wp-json\/wp\/v2\/categories?post=6859"},{"taxonomy":"post_tag","embeddable":true,"href":"https:\/\/diariodepe.com.br\/cri\/wp-json\/wp\/v2\/tags?post=6859"}],"curies":[{"name":"wp","href":"https:\/\/api.w.org\/{rel}","templated":true}]}}