{"id":682,"date":"2023-03-01T03:57:18","date_gmt":"2023-03-01T06:57:18","guid":{"rendered":"https:\/\/diariodepe.com.br\/cri\/?p=682"},"modified":"2023-03-01T03:57:19","modified_gmt":"2023-03-01T06:57:19","slug":"xi-jinping-ressalta-espirito-de-lei-feng-na-nova-era","status":"publish","type":"post","link":"https:\/\/diariodepe.com.br\/cri\/2023\/03\/01\/xi-jinping-ressalta-espirito-de-lei-feng-na-nova-era\/","title":{"rendered":"<strong>Xi Jinping ressalta \u201cesp\u00edrito de Lei Feng\u201d na nova era<\/strong>"},"content":{"rendered":"\n<p>O presidente chin\u00eas, Xi Jinping, lembrou hoje (23) que, h\u00e1 60 anos, Mao Zedong escreveu uma dedicat\u00f3ria para o camarada Lei Feng. Desde ent\u00e3o, atividades com o tema \u201cAprenda com Lei Feng\u201d v\u00eam sendo desenvolvidas continuamente em toda a China.<\/p>\n\n\n\n<p>Lei Feng trabalhava no Ex\u00e9rcito Popular de Liberta\u00e7\u00e3o da China como caminhoneiro. Faleceu durante um acidente de trabalho, com apenas 21 anos. Seu di\u00e1rio foi descoberto depois, guardando uma cole\u00e7\u00e3o de fotos e hist\u00f3rias detalhadas sobre seu cotidiano, repleto de boas a\u00e7\u00f5es que ele mantinha em segredo. Foi assim que ele ficou conhecido e se tornou um \u00edcone nacional.<\/p>\n\n\n\n<p>Xi Jinping ressaltou que, n\u00e3o importa como mudem os tempos, o \u201cesp\u00edrito de Lei Feng\u201d, ou seja, um esp\u00edrito de generosidade chinesa, merece ser sempre valorizado. Ele enfatizou a import\u00e2ncia de manter a tradi\u00e7\u00e3o de aprender com Lei Feng na nova era, sobretudo entre os jovens chineses, reunido for\u00e7as poderosas para a constru\u00e7\u00e3o de um pa\u00eds socialista moderno em todos os aspectos e a realiza\u00e7\u00e3o da revitaliza\u00e7\u00e3o da na\u00e7\u00e3o chinesa.<\/p>\n","protected":false},"excerpt":{"rendered":"<p>O presidente chin\u00eas, Xi Jinping, lembrou hoje (23) que, h\u00e1 60 anos, Mao Zedong escreveu uma dedicat\u00f3ria para o camarada Lei Feng. Desde ent\u00e3o, atividades com o tema \u201cAprenda com Lei Feng\u201d v\u00eam sendo desenvolvidas continuamente em toda a China&#8230;.<\/p>\n","protected":false},"author":2,"featured_media":0,"comment_status":"open","ping_status":"open","sticky":false,"template":"","format":"standard","meta":{"footnotes":""},"categories":[3],"tags":[],"class_list":["post-682","post","type-post","status-publish","format-standard","hentry","category-china"],"yoast_head":"<!-- This site is optimized with the Yoast SEO plugin v27.4 - https:\/\/yoast.com\/product\/yoast-seo-wordpress\/ -->\n<title>Xi Jinping ressalta \u201cesp\u00edrito de Lei Feng\u201d na nova era - CRI e Diario de Pernambuco<\/title>\n<meta name=\"robots\" content=\"index, follow, max-snippet:-1, max-image-preview:large, max-video-preview:-1\" \/>\n<link rel=\"canonical\" href=\"https:\/\/diariodepe.com.br\/cri\/2023\/03\/01\/xi-jinping-ressalta-espirito-de-lei-feng-na-nova-era\/\" \/>\n<meta property=\"og:locale\" content=\"pt_BR\" \/>\n<meta property=\"og:type\" content=\"article\" \/>\n<meta property=\"og:title\" content=\"Xi Jinping ressalta \u201cesp\u00edrito de Lei Feng\u201d na nova era - CRI e Diario de Pernambuco\" \/>\n<meta property=\"og:description\" content=\"O presidente chin\u00eas, Xi Jinping, lembrou hoje (23) que, h\u00e1 60 anos, Mao Zedong escreveu uma dedicat\u00f3ria para o camarada Lei Feng. Desde ent\u00e3o, atividades com o tema \u201cAprenda com Lei Feng\u201d v\u00eam sendo desenvolvidas continuamente em toda a China....\" \/>\n<meta property=\"og:url\" content=\"https:\/\/diariodepe.com.br\/cri\/2023\/03\/01\/xi-jinping-ressalta-espirito-de-lei-feng-na-nova-era\/\" \/>\n<meta property=\"og:site_name\" content=\"CRI e Diario de Pernambuco\" \/>\n<meta property=\"article:published_time\" content=\"2023-03-01T06:57:18+00:00\" \/>\n<meta property=\"article:modified_time\" content=\"2023-03-01T06:57:19+00:00\" \/>\n<meta name=\"author\" content=\"Ismael Lucas S. Pereira\" \/>\n<meta name=\"twitter:card\" content=\"summary_large_image\" \/>\n<meta name=\"twitter:label1\" content=\"Escrito por\" \/>\n\t<meta name=\"twitter:data1\" content=\"Ismael Lucas S. Pereira\" \/>\n\t<meta name=\"twitter:label2\" content=\"Est. tempo de leitura\" \/>\n\t<meta name=\"twitter:data2\" content=\"1 minuto\" \/>\n<script type=\"application\/ld+json\" class=\"yoast-schema-graph\">{\"@context\":\"https:\\\/\\\/schema.org\",\"@graph\":[{\"@type\":\"Article\",\"@id\":\"https:\\\/\\\/diariodepe.com.br\\\/cri\\\/2023\\\/03\\\/01\\\/xi-jinping-ressalta-espirito-de-lei-feng-na-nova-era\\\/#article\",\"isPartOf\":{\"@id\":\"https:\\\/\\\/diariodepe.com.br\\\/cri\\\/2023\\\/03\\\/01\\\/xi-jinping-ressalta-espirito-de-lei-feng-na-nova-era\\\/\"},\"author\":{\"name\":\"Ismael Lucas S. Pereira\",\"@id\":\"https:\\\/\\\/diariodepe.com.br\\\/cri\\\/#\\\/schema\\\/person\\\/121bb28d84f1a5b1205ef4ce9c2e0c6b\"},\"headline\":\"Xi Jinping ressalta \u201cesp\u00edrito de Lei Feng\u201d na nova era\",\"datePublished\":\"2023-03-01T06:57:18+00:00\",\"dateModified\":\"2023-03-01T06:57:19+00:00\",\"mainEntityOfPage\":{\"@id\":\"https:\\\/\\\/diariodepe.com.br\\\/cri\\\/2023\\\/03\\\/01\\\/xi-jinping-ressalta-espirito-de-lei-feng-na-nova-era\\\/\"},\"wordCount\":198,\"commentCount\":0,\"publisher\":{\"@id\":\"https:\\\/\\\/diariodepe.com.br\\\/cri\\\/#organization\"},\"articleSection\":[\"China\"],\"inLanguage\":\"pt-BR\",\"potentialAction\":[{\"@type\":\"CommentAction\",\"name\":\"Comment\",\"target\":[\"https:\\\/\\\/diariodepe.com.br\\\/cri\\\/2023\\\/03\\\/01\\\/xi-jinping-ressalta-espirito-de-lei-feng-na-nova-era\\\/#respond\"]}]},{\"@type\":\"WebPage\",\"@id\":\"https:\\\/\\\/diariodepe.com.br\\\/cri\\\/2023\\\/03\\\/01\\\/xi-jinping-ressalta-espirito-de-lei-feng-na-nova-era\\\/\",\"url\":\"https:\\\/\\\/diariodepe.com.br\\\/cri\\\/2023\\\/03\\\/01\\\/xi-jinping-ressalta-espirito-de-lei-feng-na-nova-era\\\/\",\"name\":\"Xi Jinping ressalta \u201cesp\u00edrito de Lei Feng\u201d na nova era - CRI e Diario de Pernambuco\",\"isPartOf\":{\"@id\":\"https:\\\/\\\/diariodepe.com.br\\\/cri\\\/#website\"},\"datePublished\":\"2023-03-01T06:57:18+00:00\",\"dateModified\":\"2023-03-01T06:57:19+00:00\",\"breadcrumb\":{\"@id\":\"https:\\\/\\\/diariodepe.com.br\\\/cri\\\/2023\\\/03\\\/01\\\/xi-jinping-ressalta-espirito-de-lei-feng-na-nova-era\\\/#breadcrumb\"},\"inLanguage\":\"pt-BR\",\"potentialAction\":[{\"@type\":\"ReadAction\",\"target\":[\"https:\\\/\\\/diariodepe.com.br\\\/cri\\\/2023\\\/03\\\/01\\\/xi-jinping-ressalta-espirito-de-lei-feng-na-nova-era\\\/\"]}]},{\"@type\":\"BreadcrumbList\",\"@id\":\"https:\\\/\\\/diariodepe.com.br\\\/cri\\\/2023\\\/03\\\/01\\\/xi-jinping-ressalta-espirito-de-lei-feng-na-nova-era\\\/#breadcrumb\",\"itemListElement\":[{\"@type\":\"ListItem\",\"position\":1,\"name\":\"In\u00edcio\",\"item\":\"https:\\\/\\\/diariodepe.com.br\\\/cri\\\/\"},{\"@type\":\"ListItem\",\"position\":2,\"name\":\"Xi Jinping ressalta \u201cesp\u00edrito de Lei Feng\u201d na nova era\"}]},{\"@type\":\"WebSite\",\"@id\":\"https:\\\/\\\/diariodepe.com.br\\\/cri\\\/#website\",\"url\":\"https:\\\/\\\/diariodepe.com.br\\\/cri\\\/\",\"name\":\"CRI e Diario de Pernambuco\",\"description\":\"R\u00e1dio Internacional da China\",\"publisher\":{\"@id\":\"https:\\\/\\\/diariodepe.com.br\\\/cri\\\/#organization\"},\"potentialAction\":[{\"@type\":\"SearchAction\",\"target\":{\"@type\":\"EntryPoint\",\"urlTemplate\":\"https:\\\/\\\/diariodepe.com.br\\\/cri\\\/?s={search_term_string}\"},\"query-input\":{\"@type\":\"PropertyValueSpecification\",\"valueRequired\":true,\"valueName\":\"search_term_string\"}}],\"inLanguage\":\"pt-BR\"},{\"@type\":\"Organization\",\"@id\":\"https:\\\/\\\/diariodepe.com.br\\\/cri\\\/#organization\",\"name\":\"CRI e Diario de Pernambuco\",\"url\":\"https:\\\/\\\/diariodepe.com.br\\\/cri\\\/\",\"logo\":{\"@type\":\"ImageObject\",\"inLanguage\":\"pt-BR\",\"@id\":\"https:\\\/\\\/diariodepe.com.br\\\/cri\\\/#\\\/schema\\\/logo\\\/image\\\/\",\"url\":\"https:\\\/\\\/diariodepe.com.br\\\/cri\\\/wp-content\\\/uploads\\\/sites\\\/2\\\/2022\\\/12\\\/cropped-Logo.jpg\",\"contentUrl\":\"https:\\\/\\\/diariodepe.com.br\\\/cri\\\/wp-content\\\/uploads\\\/sites\\\/2\\\/2022\\\/12\\\/cropped-Logo.jpg\",\"width\":700,\"height\":59,\"caption\":\"CRI e Diario de Pernambuco\"},\"image\":{\"@id\":\"https:\\\/\\\/diariodepe.com.br\\\/cri\\\/#\\\/schema\\\/logo\\\/image\\\/\"}},{\"@type\":\"Person\",\"@id\":\"https:\\\/\\\/diariodepe.com.br\\\/cri\\\/#\\\/schema\\\/person\\\/121bb28d84f1a5b1205ef4ce9c2e0c6b\",\"name\":\"Ismael Lucas S. Pereira\",\"image\":{\"@type\":\"ImageObject\",\"inLanguage\":\"pt-BR\",\"@id\":\"https:\\\/\\\/secure.gravatar.com\\\/avatar\\\/887a0f3b5a7ceea963a48499fb883ffce6b5037362def025c52c2505b15d63e4?s=96&d=mm&r=g\",\"url\":\"https:\\\/\\\/secure.gravatar.com\\\/avatar\\\/887a0f3b5a7ceea963a48499fb883ffce6b5037362def025c52c2505b15d63e4?s=96&d=mm&r=g\",\"contentUrl\":\"https:\\\/\\\/secure.gravatar.com\\\/avatar\\\/887a0f3b5a7ceea963a48499fb883ffce6b5037362def025c52c2505b15d63e4?s=96&d=mm&r=g\",\"caption\":\"Ismael Lucas S. Pereira\"},\"url\":\"https:\\\/\\\/diariodepe.com.br\\\/cri\\\/author\\\/ismael-lucas\\\/\"}]}<\/script>\n<!-- \/ Yoast SEO plugin. -->","yoast_head_json":{"title":"Xi Jinping ressalta \u201cesp\u00edrito de Lei Feng\u201d na nova era - CRI e Diario de Pernambuco","robots":{"index":"index","follow":"follow","max-snippet":"max-snippet:-1","max-image-preview":"max-image-preview:large","max-video-preview":"max-video-preview:-1"},"canonical":"https:\/\/diariodepe.com.br\/cri\/2023\/03\/01\/xi-jinping-ressalta-espirito-de-lei-feng-na-nova-era\/","og_locale":"pt_BR","og_type":"article","og_title":"Xi Jinping ressalta \u201cesp\u00edrito de Lei Feng\u201d na nova era - CRI e Diario de Pernambuco","og_description":"O presidente chin\u00eas, Xi Jinping, lembrou hoje (23) que, h\u00e1 60 anos, Mao Zedong escreveu uma dedicat\u00f3ria para o camarada Lei Feng. Desde ent\u00e3o, atividades com o tema \u201cAprenda com Lei Feng\u201d v\u00eam sendo desenvolvidas continuamente em toda a China....","og_url":"https:\/\/diariodepe.com.br\/cri\/2023\/03\/01\/xi-jinping-ressalta-espirito-de-lei-feng-na-nova-era\/","og_site_name":"CRI e Diario de Pernambuco","article_published_time":"2023-03-01T06:57:18+00:00","article_modified_time":"2023-03-01T06:57:19+00:00","author":"Ismael Lucas S. Pereira","twitter_card":"summary_large_image","twitter_misc":{"Escrito por":"Ismael Lucas S. Pereira","Est. tempo de leitura":"1 minuto"},"schema":{"@context":"https:\/\/schema.org","@graph":[{"@type":"Article","@id":"https:\/\/diariodepe.com.br\/cri\/2023\/03\/01\/xi-jinping-ressalta-espirito-de-lei-feng-na-nova-era\/#article","isPartOf":{"@id":"https:\/\/diariodepe.com.br\/cri\/2023\/03\/01\/xi-jinping-ressalta-espirito-de-lei-feng-na-nova-era\/"},"author":{"name":"Ismael Lucas S. Pereira","@id":"https:\/\/diariodepe.com.br\/cri\/#\/schema\/person\/121bb28d84f1a5b1205ef4ce9c2e0c6b"},"headline":"Xi Jinping ressalta \u201cesp\u00edrito de Lei Feng\u201d na nova era","datePublished":"2023-03-01T06:57:18+00:00","dateModified":"2023-03-01T06:57:19+00:00","mainEntityOfPage":{"@id":"https:\/\/diariodepe.com.br\/cri\/2023\/03\/01\/xi-jinping-ressalta-espirito-de-lei-feng-na-nova-era\/"},"wordCount":198,"commentCount":0,"publisher":{"@id":"https:\/\/diariodepe.com.br\/cri\/#organization"},"articleSection":["China"],"inLanguage":"pt-BR","potentialAction":[{"@type":"CommentAction","name":"Comment","target":["https:\/\/diariodepe.com.br\/cri\/2023\/03\/01\/xi-jinping-ressalta-espirito-de-lei-feng-na-nova-era\/#respond"]}]},{"@type":"WebPage","@id":"https:\/\/diariodepe.com.br\/cri\/2023\/03\/01\/xi-jinping-ressalta-espirito-de-lei-feng-na-nova-era\/","url":"https:\/\/diariodepe.com.br\/cri\/2023\/03\/01\/xi-jinping-ressalta-espirito-de-lei-feng-na-nova-era\/","name":"Xi Jinping ressalta \u201cesp\u00edrito de Lei Feng\u201d na nova era - CRI e Diario de Pernambuco","isPartOf":{"@id":"https:\/\/diariodepe.com.br\/cri\/#website"},"datePublished":"2023-03-01T06:57:18+00:00","dateModified":"2023-03-01T06:57:19+00:00","breadcrumb":{"@id":"https:\/\/diariodepe.com.br\/cri\/2023\/03\/01\/xi-jinping-ressalta-espirito-de-lei-feng-na-nova-era\/#breadcrumb"},"inLanguage":"pt-BR","potentialAction":[{"@type":"ReadAction","target":["https:\/\/diariodepe.com.br\/cri\/2023\/03\/01\/xi-jinping-ressalta-espirito-de-lei-feng-na-nova-era\/"]}]},{"@type":"BreadcrumbList","@id":"https:\/\/diariodepe.com.br\/cri\/2023\/03\/01\/xi-jinping-ressalta-espirito-de-lei-feng-na-nova-era\/#breadcrumb","itemListElement":[{"@type":"ListItem","position":1,"name":"In\u00edcio","item":"https:\/\/diariodepe.com.br\/cri\/"},{"@type":"ListItem","position":2,"name":"Xi Jinping ressalta \u201cesp\u00edrito de Lei Feng\u201d na nova era"}]},{"@type":"WebSite","@id":"https:\/\/diariodepe.com.br\/cri\/#website","url":"https:\/\/diariodepe.com.br\/cri\/","name":"CRI e Diario de Pernambuco","description":"R\u00e1dio Internacional da China","publisher":{"@id":"https:\/\/diariodepe.com.br\/cri\/#organization"},"potentialAction":[{"@type":"SearchAction","target":{"@type":"EntryPoint","urlTemplate":"https:\/\/diariodepe.com.br\/cri\/?s={search_term_string}"},"query-input":{"@type":"PropertyValueSpecification","valueRequired":true,"valueName":"search_term_string"}}],"inLanguage":"pt-BR"},{"@type":"Organization","@id":"https:\/\/diariodepe.com.br\/cri\/#organization","name":"CRI e Diario de Pernambuco","url":"https:\/\/diariodepe.com.br\/cri\/","logo":{"@type":"ImageObject","inLanguage":"pt-BR","@id":"https:\/\/diariodepe.com.br\/cri\/#\/schema\/logo\/image\/","url":"https:\/\/diariodepe.com.br\/cri\/wp-content\/uploads\/sites\/2\/2022\/12\/cropped-Logo.jpg","contentUrl":"https:\/\/diariodepe.com.br\/cri\/wp-content\/uploads\/sites\/2\/2022\/12\/cropped-Logo.jpg","width":700,"height":59,"caption":"CRI e Diario de Pernambuco"},"image":{"@id":"https:\/\/diariodepe.com.br\/cri\/#\/schema\/logo\/image\/"}},{"@type":"Person","@id":"https:\/\/diariodepe.com.br\/cri\/#\/schema\/person\/121bb28d84f1a5b1205ef4ce9c2e0c6b","name":"Ismael Lucas S. Pereira","image":{"@type":"ImageObject","inLanguage":"pt-BR","@id":"https:\/\/secure.gravatar.com\/avatar\/887a0f3b5a7ceea963a48499fb883ffce6b5037362def025c52c2505b15d63e4?s=96&d=mm&r=g","url":"https:\/\/secure.gravatar.com\/avatar\/887a0f3b5a7ceea963a48499fb883ffce6b5037362def025c52c2505b15d63e4?s=96&d=mm&r=g","contentUrl":"https:\/\/secure.gravatar.com\/avatar\/887a0f3b5a7ceea963a48499fb883ffce6b5037362def025c52c2505b15d63e4?s=96&d=mm&r=g","caption":"Ismael Lucas S. Pereira"},"url":"https:\/\/diariodepe.com.br\/cri\/author\/ismael-lucas\/"}]}},"cc_featured_image_caption":{"caption_text":"","source_text":"","source_url":""},"amp_enabled":true,"_links":{"self":[{"href":"https:\/\/diariodepe.com.br\/cri\/wp-json\/wp\/v2\/posts\/682","targetHints":{"allow":["GET"]}}],"collection":[{"href":"https:\/\/diariodepe.com.br\/cri\/wp-json\/wp\/v2\/posts"}],"about":[{"href":"https:\/\/diariodepe.com.br\/cri\/wp-json\/wp\/v2\/types\/post"}],"author":[{"embeddable":true,"href":"https:\/\/diariodepe.com.br\/cri\/wp-json\/wp\/v2\/users\/2"}],"replies":[{"embeddable":true,"href":"https:\/\/diariodepe.com.br\/cri\/wp-json\/wp\/v2\/comments?post=682"}],"version-history":[{"count":1,"href":"https:\/\/diariodepe.com.br\/cri\/wp-json\/wp\/v2\/posts\/682\/revisions"}],"predecessor-version":[{"id":683,"href":"https:\/\/diariodepe.com.br\/cri\/wp-json\/wp\/v2\/posts\/682\/revisions\/683"}],"wp:attachment":[{"href":"https:\/\/diariodepe.com.br\/cri\/wp-json\/wp\/v2\/media?parent=682"}],"wp:term":[{"taxonomy":"category","embeddable":true,"href":"https:\/\/diariodepe.com.br\/cri\/wp-json\/wp\/v2\/categories?post=682"},{"taxonomy":"post_tag","embeddable":true,"href":"https:\/\/diariodepe.com.br\/cri\/wp-json\/wp\/v2\/tags?post=682"}],"curies":[{"name":"wp","href":"https:\/\/api.w.org\/{rel}","templated":true}]}}