{"id":6813,"date":"2024-11-19T06:32:59","date_gmt":"2024-11-19T09:32:59","guid":{"rendered":"https:\/\/diariodepe.com.br\/cri\/?p=6813"},"modified":"2024-11-19T06:32:59","modified_gmt":"2024-11-19T09:32:59","slug":"xi-jinping-propoe-no-g20-cooperacao-internacional-pelo-desenvolvimento-compartilhado","status":"publish","type":"post","link":"https:\/\/diariodepe.com.br\/cri\/2024\/11\/19\/xi-jinping-propoe-no-g20-cooperacao-internacional-pelo-desenvolvimento-compartilhado\/","title":{"rendered":"Xi Jinping prop\u00f5e no G20 coopera\u00e7\u00e3o internacional pelo desenvolvimento compartilhado"},"content":{"rendered":"<div class=\"col_w720\">\n<div class=\"portuguese_details\">\n<div id=\"abody\" class=\"abody\">\n<p class=\"photo_img_20190808\"><img decoding=\"async\" class=\"aligncenter\" src=\"https:\/\/p2crires.cri.cn\/photoworkspace\/cri\/contentimg\/2024\/11\/19\/2024111914543541965.jpg\" alt=\"\" \/><\/p>\n<p>A realiza\u00e7\u00e3o da 19\u00aa C\u00fapula do G20 no Brasil, realizada nos dias 18 e 19 de novembro, sob o tema &#8220;Construindo um Mundo Justo e um Planeta Sustent\u00e1vel&#8221;, foi um evento transcendental em um mundo marcado por turbul\u00eancias, conflitos, injusti\u00e7as e inauditas transforma\u00e7\u00f5es. N\u00e3o foi um encontro de rotina entre l\u00edderes. Pela relev\u00e2ncia dos temas em discuss\u00e3o, desperta esperan\u00e7as. A reuni\u00e3o reflete as expectativas dos pa\u00edses em desenvolvimento e menos desenvolvidos de enfrentamento da crise global, sob a \u00f3tica da multipolaridade, da luta por justi\u00e7a, do combate \u00e0 fome e \u00e0 pobreza, da governan\u00e7a global democr\u00e1tica e do enfrentamento dos graves problemas ambientais.<\/p>\n<p>O presidente chin\u00eas Xi Jinping fez um discurso impactante, defendeu uma globaliza\u00e7\u00e3o inclusiva e um mundo multipolar, em que todas as na\u00e7\u00f5es tenham voz e relev\u00e2ncia, propugnou o desenvolvimento e a coopera\u00e7\u00e3o com base em elevados valores e na rica experi\u00eancia da China, sempre em linha com os ideais e valores do desenvolvimento, paz e justi\u00e7a. O Presidente Xi foi na c\u00fapula do Rio de Janeiro uma voz de destaque para impulsionar os esfor\u00e7os em prol do combate \u00e0s desigualdades estruturais e \u00e0s hegemonias unilaterais.<\/p>\n<p>Ele ressaltou: \u201cAtualmente, transforma\u00e7\u00e3o de escala nunca vista em um s\u00e9culo est\u00e1 acelerando em todo o mundo, e a humanidade enfrenta oportunidades e desafios sem precedentes. Como l\u00edderes dos principais pa\u00edses, n\u00e3o podemos deixar que a nossa vis\u00e3o seja bloqueada pelas nuvens. Temos que ver o mundo como uma comunidade com futuro compartilhado, e assumir as responsabilidades pela hist\u00f3ria, tomar iniciativa hist\u00f3rica e levar adiante a hist\u00f3ria.\u201d Foi uma mensagem forte, enf\u00e1tica sobre as responsabilidades compartilhadas e a necessidade de que todos se empenhem por construir uma comunidade de futuro compartilhado.<\/p>\n<p>O presidente chin\u00eas reiterou um ponto de vista j\u00e1 apontado por ele em outras ocasi\u00f5es em favor da prosperidade comum no mundo, destacando a import\u00e2ncia de colocar o desenvolvimento no centro das pol\u00edticas macroecon\u00f4micas do G20: \u201cApontei neste f\u00f3rum que a prosperidade e a estabilidade n\u00e3o seriam poss\u00edveis em um mundo onde os ricos passam a ser mais ricos enquanto os pobres passam a ser mais pobres, e os pa\u00edses devem tornar o desenvolvimento global mais inclusivo, ben\u00e9fico para todos e mais resiliente. Na C\u00fapula em Hangzhou, a China colocou o desenvolvimento pela primeira vez no centro da coordena\u00e7\u00e3o das pol\u00edticas macroecon\u00f4micas do G20, e a C\u00fapula adotou o Plano de A\u00e7\u00e3o do G20 sobre a Agenda 2030 para o Desenvolvimento Sustent\u00e1vel e a Iniciativa do G20 sobre o Apoio \u00e0 Industrializa\u00e7\u00e3o na \u00c1frica e nos Pa\u00edses Menos Desenvolvidos (PMDs).\u201d<\/p>\n<p>O discurso do presidente chin\u00eas apresentou quatro ideias-for\u00e7a para construir um mundo justo de desenvolvimento comum:<\/p>\n<p>\u201cPara construir um mundo assim, precisamos canalizar mais recursos \u00e0s \u00e1reas como com\u00e9rcio, investimento e coopera\u00e7\u00e3o de desenvolvimento e fortalecer institui\u00e7\u00f5es de desenvolvimento. Tem que haver mais pontes de coopera\u00e7\u00e3o e menos &#8220;pequeno quintal, muros altos&#8221;, para que cada vez mais pa\u00edses em desenvolvimento tenham vida melhor e alcancem moderniza\u00e7\u00e3o.<\/p>\n<p>Para construir um mundo assim, precisamos apoiar os pa\u00edses em desenvolvimento a adotar produ\u00e7\u00e3o e estilo de vida sustent\u00e1veis e dar resposta adequada aos desafios como mudan\u00e7as clim\u00e1ticas, perda da biodiversidade e polui\u00e7\u00e3o ambiental, destacando a conserva\u00e7\u00e3o ecol\u00f3gica e a harmonia entre o homem e a natureza.<\/p>\n<p>Para construir um mundo assim, precisamos criar um ambiente aberto, inclusivo e n\u00e3o discriminat\u00f3rio para a coopera\u00e7\u00e3o econ\u00f4mica internacional. Devemos promover uma globaliza\u00e7\u00e3o econ\u00f4mica universalmente ben\u00e9fica e inclusiva, energizar o desenvolvimento sustent\u00e1vel com novas tecnologias, novas ind\u00fastrias e novas formas de neg\u00f3cios, e apoiar os pa\u00edses em desenvolvimento a se integrar melhor ao desenvolvimento digital, inteligente e verde e diminuir o fosso entre o Sul e o Norte.<\/p>\n<p>Para construir um mundo assim, precisamos persistir no multilateralismo. Devemos defender o sistema internacional centrado nas Na\u00e7\u00f5es Unidas, a ordem internacional alicer\u00e7ada no direito internacional, e as normas b\u00e1sicas das rela\u00e7\u00f5es internacionais que se baseiam nos prop\u00f3sitos e princ\u00edpios da Carta das Na\u00e7\u00f5es Unidas.\u201d<\/p>\n<p>Xi explicou aos l\u00edderes presentes na 19\u00aa C\u00fapula do G20 sobre a experi\u00eancia chinesa no combate \u00e0 pobreza: \u201cO desenvolvimento da China \u00e9 uma parte importante do desenvolvimento comum do mundo. Temos tirado 800 milh\u00f5es de pessoas da pobreza, e atingimos com anteced\u00eancia o objetivo de redu\u00e7\u00e3o da pobreza estabelecida na Agenda 2030 das Na\u00e7\u00f5es Unidas para o Desenvolvimento Sustent\u00e1vel. Essa conquista n\u00e3o caiu do c\u00e9u. \u00c9 fruto dos esfor\u00e7os conjuntos e \u00e1rduos do governo e povo chineses. Em tudo o que a China faz, o povo \u00e9 sempre colocado no centro.\u201d<\/p>\n<p>As ideias e propostas do l\u00edder chin\u00eas foram convergentes com as formula\u00e7\u00f5es do presidente brasileiro Luiz In\u00e1cio Lula da Silva, cuja presid\u00eancia do G20 de 2024 representou um ponto de inflex\u00e3o, um momento em que se abre a perspectiva de uma a\u00e7\u00e3o coletiva para redefinir os rumos do planeta. A Alian\u00e7a Global contra a Fome e a Pobreza, lan\u00e7ada na C\u00fapula do G20, j\u00e1 conta com a ades\u00e3o de 82 pa\u00edses, uma proposta que tem por objetivo acelerar os esfor\u00e7os globais para erradicar a fome e a pobreza.\u00a0 \u201cCompete aos que est\u00e3o aqui em volta desta mesa a inadi\u00e1vel tarefa de acabar com essa chaga que envergonha a humanidade. Por isso, colocamos como objetivo central da presid\u00eancia brasileira no G20 o lan\u00e7amento de uma Alian\u00e7a Global contra a Fome e a Pobreza\u201d, afirmou o presidente brasileiro\u00a0 Luiz In\u00e1cio Lula da Silva.<\/p>\n<p>O Brasil, como anfitri\u00e3o, prop\u00f4s uma agenda que reflete as demandas urgentes do Sul Global. Ao priorizar o combate \u00e0 pobreza e \u00e0 desigualdade, a promo\u00e7\u00e3o da sustentabilidade e a reforma da governan\u00e7a global, o governo brasileiro demonstrou um compromisso claro com os anseios dos povos do mundo.<\/p>\n<p>A China, representada por Xi Jinping, reafirmou seu papel como uma aliada indispens\u00e1vel dos pa\u00edses em desenvolvimento e menos desenvolvidos. A disposi\u00e7\u00e3o de Pequim em apoiar iniciativas como a Alian\u00e7a Global Contra a Fome e a Pobreza \u00e9 um exemplo concreto de como o multilateralismo pode produzir resultados positivos concretos.<\/p>\n<p>\u201cA China \u00e9 sempre um membro do Sul Global, um parceiro confi\u00e1vel de longo prazo para os pa\u00edses em desenvolvimento e um praticante e empreendedor que trabalha para a causa do desenvolvimento global. Uma s\u00f3 flor n\u00e3o faz a primavera. A China quer ver o desabrochamento de centenas de flores e avan\u00e7ar de m\u00e3os dadas com os outros pa\u00edses em desenvolvimento rumo \u00e0 moderniza\u00e7\u00e3o\u201d, afirmou Xi, que nesse sentido delineou oito a\u00e7\u00f5es da China para apoiar o desenvolvimento global.<\/p>\n<p>Primeiro, promover a coopera\u00e7\u00e3o Cintur\u00e3o e Rota de alta qualidade. Segundo, implementar a Iniciativa para o Desenvolvimento Global. Terceiro, apoiar o desenvolvimento na \u00c1frica. Quarto, apoiar a coopera\u00e7\u00e3o internacional na redu\u00e7\u00e3o da pobreza e seguran\u00e7a alimentar. Quinto, a China, junto com o Brasil, a \u00c1frica do Sul e a Uni\u00e3o Africana, est\u00e1 propondo uma Iniciativa sobre Coopera\u00e7\u00e3o Internacional na Ci\u00eancia Aberta para ajudar o Sul Global a ter melhor acesso a avan\u00e7os globais em ci\u00eancia, tecnologia e inova\u00e7\u00e3o. Sexto, apoiar o G20 a levar a cabo coopera\u00e7\u00e3o pr\u00e1tica para o benef\u00edcio do Sul Global. S\u00e9timo, implementar o Plano de A\u00e7\u00e3o Anticorrup\u00e7\u00e3o do G20. Oitavo, a China est\u00e1 aprimorando a abertura de alto padr\u00e3o e unilateralmente ampliando a abertura aos PMDs.<\/p>\n<p>Estas ideias demonstram que \u00e9 poss\u00edvel combinar desenvolvimento econ\u00f4mico com redu\u00e7\u00e3o da pobreza em larga escala. E tamb\u00e9m que \u00e9 poss\u00edvel promover a coopera\u00e7\u00e3o com base no princ\u00edpio do desenvolvimento compartilhado, um incontorn\u00e1vel caminho por um mundo melhor.<\/p>\n<p><em>Por Jos\u00e9 Reinaldo Carvalho,\u00a0jornalista, editor internacional do Brasil 247 e secret\u00e1rio-geral do Centro Brasileiro de Solidariedade aos Povos e Luta pela Paz (Cebrapaz)\u00a0<\/em><\/p>\n<\/div>\n<\/div>\n<\/div>\n","protected":false},"excerpt":{"rendered":"<p>A realiza\u00e7\u00e3o da 19\u00aa C\u00fapula do G20 no Brasil, realizada nos dias 18 e 19 de novembro, sob o tema &#8220;Construindo um Mundo Justo e um Planeta Sustent\u00e1vel&#8221;, foi um evento transcendental em um mundo marcado por turbul\u00eancias, conflitos, injusti\u00e7as&#8230;<\/p>\n","protected":false},"author":2,"featured_media":0,"comment_status":"open","ping_status":"open","sticky":false,"template":"","format":"standard","meta":{"footnotes":""},"categories":[7],"tags":[],"class_list":["post-6813","post","type-post","status-publish","format-standard","hentry","category-visao"],"yoast_head":"<!-- This site is optimized with the Yoast SEO plugin v27.4 - https:\/\/yoast.com\/product\/yoast-seo-wordpress\/ -->\n<title>Xi Jinping prop\u00f5e no G20 coopera\u00e7\u00e3o internacional pelo desenvolvimento compartilhado - CRI e Diario de Pernambuco<\/title>\n<meta name=\"robots\" content=\"index, follow, max-snippet:-1, max-image-preview:large, max-video-preview:-1\" \/>\n<link rel=\"canonical\" href=\"https:\/\/diariodepe.com.br\/cri\/2024\/11\/19\/xi-jinping-propoe-no-g20-cooperacao-internacional-pelo-desenvolvimento-compartilhado\/\" \/>\n<meta property=\"og:locale\" content=\"pt_BR\" \/>\n<meta property=\"og:type\" content=\"article\" \/>\n<meta property=\"og:title\" content=\"Xi Jinping prop\u00f5e no G20 coopera\u00e7\u00e3o internacional pelo desenvolvimento compartilhado - CRI e Diario de Pernambuco\" \/>\n<meta property=\"og:description\" content=\"A realiza\u00e7\u00e3o da 19\u00aa C\u00fapula do G20 no Brasil, realizada nos dias 18 e 19 de novembro, sob o tema &#8220;Construindo um Mundo Justo e um Planeta Sustent\u00e1vel&#8221;, foi um evento transcendental em um mundo marcado por turbul\u00eancias, conflitos, injusti\u00e7as...\" \/>\n<meta property=\"og:url\" content=\"https:\/\/diariodepe.com.br\/cri\/2024\/11\/19\/xi-jinping-propoe-no-g20-cooperacao-internacional-pelo-desenvolvimento-compartilhado\/\" \/>\n<meta property=\"og:site_name\" content=\"CRI e Diario de Pernambuco\" \/>\n<meta property=\"article:published_time\" content=\"2024-11-19T09:32:59+00:00\" \/>\n<meta property=\"og:image\" content=\"https:\/\/p2crires.cri.cn\/photoworkspace\/cri\/contentimg\/2024\/11\/19\/2024111914543541965.jpg\" \/>\n<meta name=\"author\" content=\"Ismael Lucas S. Pereira\" \/>\n<meta name=\"twitter:card\" content=\"summary_large_image\" \/>\n<meta name=\"twitter:label1\" content=\"Escrito por\" \/>\n\t<meta name=\"twitter:data1\" content=\"Ismael Lucas S. Pereira\" \/>\n\t<meta name=\"twitter:label2\" content=\"Est. tempo de leitura\" \/>\n\t<meta name=\"twitter:data2\" content=\"8 minutos\" \/>\n<script type=\"application\/ld+json\" class=\"yoast-schema-graph\">{\"@context\":\"https:\\\/\\\/schema.org\",\"@graph\":[{\"@type\":\"Article\",\"@id\":\"https:\\\/\\\/diariodepe.com.br\\\/cri\\\/2024\\\/11\\\/19\\\/xi-jinping-propoe-no-g20-cooperacao-internacional-pelo-desenvolvimento-compartilhado\\\/#article\",\"isPartOf\":{\"@id\":\"https:\\\/\\\/diariodepe.com.br\\\/cri\\\/2024\\\/11\\\/19\\\/xi-jinping-propoe-no-g20-cooperacao-internacional-pelo-desenvolvimento-compartilhado\\\/\"},\"author\":{\"name\":\"Ismael Lucas S. Pereira\",\"@id\":\"https:\\\/\\\/diariodepe.com.br\\\/cri\\\/#\\\/schema\\\/person\\\/121bb28d84f1a5b1205ef4ce9c2e0c6b\"},\"headline\":\"Xi Jinping prop\u00f5e no G20 coopera\u00e7\u00e3o internacional pelo desenvolvimento compartilhado\",\"datePublished\":\"2024-11-19T09:32:59+00:00\",\"mainEntityOfPage\":{\"@id\":\"https:\\\/\\\/diariodepe.com.br\\\/cri\\\/2024\\\/11\\\/19\\\/xi-jinping-propoe-no-g20-cooperacao-internacional-pelo-desenvolvimento-compartilhado\\\/\"},\"wordCount\":1385,\"commentCount\":0,\"publisher\":{\"@id\":\"https:\\\/\\\/diariodepe.com.br\\\/cri\\\/#organization\"},\"image\":{\"@id\":\"https:\\\/\\\/diariodepe.com.br\\\/cri\\\/2024\\\/11\\\/19\\\/xi-jinping-propoe-no-g20-cooperacao-internacional-pelo-desenvolvimento-compartilhado\\\/#primaryimage\"},\"thumbnailUrl\":\"https:\\\/\\\/p2crires.cri.cn\\\/photoworkspace\\\/cri\\\/contentimg\\\/2024\\\/11\\\/19\\\/2024111914543541965.jpg\",\"articleSection\":[\"Vis\u00e3o\"],\"inLanguage\":\"pt-BR\",\"potentialAction\":[{\"@type\":\"CommentAction\",\"name\":\"Comment\",\"target\":[\"https:\\\/\\\/diariodepe.com.br\\\/cri\\\/2024\\\/11\\\/19\\\/xi-jinping-propoe-no-g20-cooperacao-internacional-pelo-desenvolvimento-compartilhado\\\/#respond\"]}]},{\"@type\":\"WebPage\",\"@id\":\"https:\\\/\\\/diariodepe.com.br\\\/cri\\\/2024\\\/11\\\/19\\\/xi-jinping-propoe-no-g20-cooperacao-internacional-pelo-desenvolvimento-compartilhado\\\/\",\"url\":\"https:\\\/\\\/diariodepe.com.br\\\/cri\\\/2024\\\/11\\\/19\\\/xi-jinping-propoe-no-g20-cooperacao-internacional-pelo-desenvolvimento-compartilhado\\\/\",\"name\":\"Xi Jinping prop\u00f5e no G20 coopera\u00e7\u00e3o internacional pelo desenvolvimento compartilhado - CRI e Diario de Pernambuco\",\"isPartOf\":{\"@id\":\"https:\\\/\\\/diariodepe.com.br\\\/cri\\\/#website\"},\"primaryImageOfPage\":{\"@id\":\"https:\\\/\\\/diariodepe.com.br\\\/cri\\\/2024\\\/11\\\/19\\\/xi-jinping-propoe-no-g20-cooperacao-internacional-pelo-desenvolvimento-compartilhado\\\/#primaryimage\"},\"image\":{\"@id\":\"https:\\\/\\\/diariodepe.com.br\\\/cri\\\/2024\\\/11\\\/19\\\/xi-jinping-propoe-no-g20-cooperacao-internacional-pelo-desenvolvimento-compartilhado\\\/#primaryimage\"},\"thumbnailUrl\":\"https:\\\/\\\/p2crires.cri.cn\\\/photoworkspace\\\/cri\\\/contentimg\\\/2024\\\/11\\\/19\\\/2024111914543541965.jpg\",\"datePublished\":\"2024-11-19T09:32:59+00:00\",\"breadcrumb\":{\"@id\":\"https:\\\/\\\/diariodepe.com.br\\\/cri\\\/2024\\\/11\\\/19\\\/xi-jinping-propoe-no-g20-cooperacao-internacional-pelo-desenvolvimento-compartilhado\\\/#breadcrumb\"},\"inLanguage\":\"pt-BR\",\"potentialAction\":[{\"@type\":\"ReadAction\",\"target\":[\"https:\\\/\\\/diariodepe.com.br\\\/cri\\\/2024\\\/11\\\/19\\\/xi-jinping-propoe-no-g20-cooperacao-internacional-pelo-desenvolvimento-compartilhado\\\/\"]}]},{\"@type\":\"ImageObject\",\"inLanguage\":\"pt-BR\",\"@id\":\"https:\\\/\\\/diariodepe.com.br\\\/cri\\\/2024\\\/11\\\/19\\\/xi-jinping-propoe-no-g20-cooperacao-internacional-pelo-desenvolvimento-compartilhado\\\/#primaryimage\",\"url\":\"https:\\\/\\\/p2crires.cri.cn\\\/photoworkspace\\\/cri\\\/contentimg\\\/2024\\\/11\\\/19\\\/2024111914543541965.jpg\",\"contentUrl\":\"https:\\\/\\\/p2crires.cri.cn\\\/photoworkspace\\\/cri\\\/contentimg\\\/2024\\\/11\\\/19\\\/2024111914543541965.jpg\"},{\"@type\":\"BreadcrumbList\",\"@id\":\"https:\\\/\\\/diariodepe.com.br\\\/cri\\\/2024\\\/11\\\/19\\\/xi-jinping-propoe-no-g20-cooperacao-internacional-pelo-desenvolvimento-compartilhado\\\/#breadcrumb\",\"itemListElement\":[{\"@type\":\"ListItem\",\"position\":1,\"name\":\"In\u00edcio\",\"item\":\"https:\\\/\\\/diariodepe.com.br\\\/cri\\\/\"},{\"@type\":\"ListItem\",\"position\":2,\"name\":\"Xi Jinping prop\u00f5e no G20 coopera\u00e7\u00e3o internacional pelo desenvolvimento compartilhado\"}]},{\"@type\":\"WebSite\",\"@id\":\"https:\\\/\\\/diariodepe.com.br\\\/cri\\\/#website\",\"url\":\"https:\\\/\\\/diariodepe.com.br\\\/cri\\\/\",\"name\":\"CRI e Diario de Pernambuco\",\"description\":\"R\u00e1dio Internacional da China\",\"publisher\":{\"@id\":\"https:\\\/\\\/diariodepe.com.br\\\/cri\\\/#organization\"},\"potentialAction\":[{\"@type\":\"SearchAction\",\"target\":{\"@type\":\"EntryPoint\",\"urlTemplate\":\"https:\\\/\\\/diariodepe.com.br\\\/cri\\\/?s={search_term_string}\"},\"query-input\":{\"@type\":\"PropertyValueSpecification\",\"valueRequired\":true,\"valueName\":\"search_term_string\"}}],\"inLanguage\":\"pt-BR\"},{\"@type\":\"Organization\",\"@id\":\"https:\\\/\\\/diariodepe.com.br\\\/cri\\\/#organization\",\"name\":\"CRI e Diario de Pernambuco\",\"url\":\"https:\\\/\\\/diariodepe.com.br\\\/cri\\\/\",\"logo\":{\"@type\":\"ImageObject\",\"inLanguage\":\"pt-BR\",\"@id\":\"https:\\\/\\\/diariodepe.com.br\\\/cri\\\/#\\\/schema\\\/logo\\\/image\\\/\",\"url\":\"https:\\\/\\\/diariodepe.com.br\\\/cri\\\/wp-content\\\/uploads\\\/sites\\\/2\\\/2022\\\/12\\\/cropped-Logo.jpg\",\"contentUrl\":\"https:\\\/\\\/diariodepe.com.br\\\/cri\\\/wp-content\\\/uploads\\\/sites\\\/2\\\/2022\\\/12\\\/cropped-Logo.jpg\",\"width\":700,\"height\":59,\"caption\":\"CRI e Diario de Pernambuco\"},\"image\":{\"@id\":\"https:\\\/\\\/diariodepe.com.br\\\/cri\\\/#\\\/schema\\\/logo\\\/image\\\/\"}},{\"@type\":\"Person\",\"@id\":\"https:\\\/\\\/diariodepe.com.br\\\/cri\\\/#\\\/schema\\\/person\\\/121bb28d84f1a5b1205ef4ce9c2e0c6b\",\"name\":\"Ismael Lucas S. Pereira\",\"image\":{\"@type\":\"ImageObject\",\"inLanguage\":\"pt-BR\",\"@id\":\"https:\\\/\\\/secure.gravatar.com\\\/avatar\\\/887a0f3b5a7ceea963a48499fb883ffce6b5037362def025c52c2505b15d63e4?s=96&d=mm&r=g\",\"url\":\"https:\\\/\\\/secure.gravatar.com\\\/avatar\\\/887a0f3b5a7ceea963a48499fb883ffce6b5037362def025c52c2505b15d63e4?s=96&d=mm&r=g\",\"contentUrl\":\"https:\\\/\\\/secure.gravatar.com\\\/avatar\\\/887a0f3b5a7ceea963a48499fb883ffce6b5037362def025c52c2505b15d63e4?s=96&d=mm&r=g\",\"caption\":\"Ismael Lucas S. Pereira\"},\"url\":\"https:\\\/\\\/diariodepe.com.br\\\/cri\\\/author\\\/ismael-lucas\\\/\"}]}<\/script>\n<!-- \/ Yoast SEO plugin. -->","yoast_head_json":{"title":"Xi Jinping prop\u00f5e no G20 coopera\u00e7\u00e3o internacional pelo desenvolvimento compartilhado - CRI e Diario de Pernambuco","robots":{"index":"index","follow":"follow","max-snippet":"max-snippet:-1","max-image-preview":"max-image-preview:large","max-video-preview":"max-video-preview:-1"},"canonical":"https:\/\/diariodepe.com.br\/cri\/2024\/11\/19\/xi-jinping-propoe-no-g20-cooperacao-internacional-pelo-desenvolvimento-compartilhado\/","og_locale":"pt_BR","og_type":"article","og_title":"Xi Jinping prop\u00f5e no G20 coopera\u00e7\u00e3o internacional pelo desenvolvimento compartilhado - CRI e Diario de Pernambuco","og_description":"A realiza\u00e7\u00e3o da 19\u00aa C\u00fapula do G20 no Brasil, realizada nos dias 18 e 19 de novembro, sob o tema &#8220;Construindo um Mundo Justo e um Planeta Sustent\u00e1vel&#8221;, foi um evento transcendental em um mundo marcado por turbul\u00eancias, conflitos, injusti\u00e7as...","og_url":"https:\/\/diariodepe.com.br\/cri\/2024\/11\/19\/xi-jinping-propoe-no-g20-cooperacao-internacional-pelo-desenvolvimento-compartilhado\/","og_site_name":"CRI e Diario de Pernambuco","article_published_time":"2024-11-19T09:32:59+00:00","og_image":[{"url":"https:\/\/p2crires.cri.cn\/photoworkspace\/cri\/contentimg\/2024\/11\/19\/2024111914543541965.jpg","type":"","width":"","height":""}],"author":"Ismael Lucas S. Pereira","twitter_card":"summary_large_image","twitter_misc":{"Escrito por":"Ismael Lucas S. Pereira","Est. tempo de leitura":"8 minutos"},"schema":{"@context":"https:\/\/schema.org","@graph":[{"@type":"Article","@id":"https:\/\/diariodepe.com.br\/cri\/2024\/11\/19\/xi-jinping-propoe-no-g20-cooperacao-internacional-pelo-desenvolvimento-compartilhado\/#article","isPartOf":{"@id":"https:\/\/diariodepe.com.br\/cri\/2024\/11\/19\/xi-jinping-propoe-no-g20-cooperacao-internacional-pelo-desenvolvimento-compartilhado\/"},"author":{"name":"Ismael Lucas S. Pereira","@id":"https:\/\/diariodepe.com.br\/cri\/#\/schema\/person\/121bb28d84f1a5b1205ef4ce9c2e0c6b"},"headline":"Xi Jinping prop\u00f5e no G20 coopera\u00e7\u00e3o internacional pelo desenvolvimento compartilhado","datePublished":"2024-11-19T09:32:59+00:00","mainEntityOfPage":{"@id":"https:\/\/diariodepe.com.br\/cri\/2024\/11\/19\/xi-jinping-propoe-no-g20-cooperacao-internacional-pelo-desenvolvimento-compartilhado\/"},"wordCount":1385,"commentCount":0,"publisher":{"@id":"https:\/\/diariodepe.com.br\/cri\/#organization"},"image":{"@id":"https:\/\/diariodepe.com.br\/cri\/2024\/11\/19\/xi-jinping-propoe-no-g20-cooperacao-internacional-pelo-desenvolvimento-compartilhado\/#primaryimage"},"thumbnailUrl":"https:\/\/p2crires.cri.cn\/photoworkspace\/cri\/contentimg\/2024\/11\/19\/2024111914543541965.jpg","articleSection":["Vis\u00e3o"],"inLanguage":"pt-BR","potentialAction":[{"@type":"CommentAction","name":"Comment","target":["https:\/\/diariodepe.com.br\/cri\/2024\/11\/19\/xi-jinping-propoe-no-g20-cooperacao-internacional-pelo-desenvolvimento-compartilhado\/#respond"]}]},{"@type":"WebPage","@id":"https:\/\/diariodepe.com.br\/cri\/2024\/11\/19\/xi-jinping-propoe-no-g20-cooperacao-internacional-pelo-desenvolvimento-compartilhado\/","url":"https:\/\/diariodepe.com.br\/cri\/2024\/11\/19\/xi-jinping-propoe-no-g20-cooperacao-internacional-pelo-desenvolvimento-compartilhado\/","name":"Xi Jinping prop\u00f5e no G20 coopera\u00e7\u00e3o internacional pelo desenvolvimento compartilhado - CRI e Diario de Pernambuco","isPartOf":{"@id":"https:\/\/diariodepe.com.br\/cri\/#website"},"primaryImageOfPage":{"@id":"https:\/\/diariodepe.com.br\/cri\/2024\/11\/19\/xi-jinping-propoe-no-g20-cooperacao-internacional-pelo-desenvolvimento-compartilhado\/#primaryimage"},"image":{"@id":"https:\/\/diariodepe.com.br\/cri\/2024\/11\/19\/xi-jinping-propoe-no-g20-cooperacao-internacional-pelo-desenvolvimento-compartilhado\/#primaryimage"},"thumbnailUrl":"https:\/\/p2crires.cri.cn\/photoworkspace\/cri\/contentimg\/2024\/11\/19\/2024111914543541965.jpg","datePublished":"2024-11-19T09:32:59+00:00","breadcrumb":{"@id":"https:\/\/diariodepe.com.br\/cri\/2024\/11\/19\/xi-jinping-propoe-no-g20-cooperacao-internacional-pelo-desenvolvimento-compartilhado\/#breadcrumb"},"inLanguage":"pt-BR","potentialAction":[{"@type":"ReadAction","target":["https:\/\/diariodepe.com.br\/cri\/2024\/11\/19\/xi-jinping-propoe-no-g20-cooperacao-internacional-pelo-desenvolvimento-compartilhado\/"]}]},{"@type":"ImageObject","inLanguage":"pt-BR","@id":"https:\/\/diariodepe.com.br\/cri\/2024\/11\/19\/xi-jinping-propoe-no-g20-cooperacao-internacional-pelo-desenvolvimento-compartilhado\/#primaryimage","url":"https:\/\/p2crires.cri.cn\/photoworkspace\/cri\/contentimg\/2024\/11\/19\/2024111914543541965.jpg","contentUrl":"https:\/\/p2crires.cri.cn\/photoworkspace\/cri\/contentimg\/2024\/11\/19\/2024111914543541965.jpg"},{"@type":"BreadcrumbList","@id":"https:\/\/diariodepe.com.br\/cri\/2024\/11\/19\/xi-jinping-propoe-no-g20-cooperacao-internacional-pelo-desenvolvimento-compartilhado\/#breadcrumb","itemListElement":[{"@type":"ListItem","position":1,"name":"In\u00edcio","item":"https:\/\/diariodepe.com.br\/cri\/"},{"@type":"ListItem","position":2,"name":"Xi Jinping prop\u00f5e no G20 coopera\u00e7\u00e3o internacional pelo desenvolvimento compartilhado"}]},{"@type":"WebSite","@id":"https:\/\/diariodepe.com.br\/cri\/#website","url":"https:\/\/diariodepe.com.br\/cri\/","name":"CRI e Diario de Pernambuco","description":"R\u00e1dio Internacional da China","publisher":{"@id":"https:\/\/diariodepe.com.br\/cri\/#organization"},"potentialAction":[{"@type":"SearchAction","target":{"@type":"EntryPoint","urlTemplate":"https:\/\/diariodepe.com.br\/cri\/?s={search_term_string}"},"query-input":{"@type":"PropertyValueSpecification","valueRequired":true,"valueName":"search_term_string"}}],"inLanguage":"pt-BR"},{"@type":"Organization","@id":"https:\/\/diariodepe.com.br\/cri\/#organization","name":"CRI e Diario de Pernambuco","url":"https:\/\/diariodepe.com.br\/cri\/","logo":{"@type":"ImageObject","inLanguage":"pt-BR","@id":"https:\/\/diariodepe.com.br\/cri\/#\/schema\/logo\/image\/","url":"https:\/\/diariodepe.com.br\/cri\/wp-content\/uploads\/sites\/2\/2022\/12\/cropped-Logo.jpg","contentUrl":"https:\/\/diariodepe.com.br\/cri\/wp-content\/uploads\/sites\/2\/2022\/12\/cropped-Logo.jpg","width":700,"height":59,"caption":"CRI e Diario de Pernambuco"},"image":{"@id":"https:\/\/diariodepe.com.br\/cri\/#\/schema\/logo\/image\/"}},{"@type":"Person","@id":"https:\/\/diariodepe.com.br\/cri\/#\/schema\/person\/121bb28d84f1a5b1205ef4ce9c2e0c6b","name":"Ismael Lucas S. Pereira","image":{"@type":"ImageObject","inLanguage":"pt-BR","@id":"https:\/\/secure.gravatar.com\/avatar\/887a0f3b5a7ceea963a48499fb883ffce6b5037362def025c52c2505b15d63e4?s=96&d=mm&r=g","url":"https:\/\/secure.gravatar.com\/avatar\/887a0f3b5a7ceea963a48499fb883ffce6b5037362def025c52c2505b15d63e4?s=96&d=mm&r=g","contentUrl":"https:\/\/secure.gravatar.com\/avatar\/887a0f3b5a7ceea963a48499fb883ffce6b5037362def025c52c2505b15d63e4?s=96&d=mm&r=g","caption":"Ismael Lucas S. Pereira"},"url":"https:\/\/diariodepe.com.br\/cri\/author\/ismael-lucas\/"}]}},"cc_featured_image_caption":{"caption_text":false,"source_text":false,"source_url":false},"amp_enabled":true,"_links":{"self":[{"href":"https:\/\/diariodepe.com.br\/cri\/wp-json\/wp\/v2\/posts\/6813","targetHints":{"allow":["GET"]}}],"collection":[{"href":"https:\/\/diariodepe.com.br\/cri\/wp-json\/wp\/v2\/posts"}],"about":[{"href":"https:\/\/diariodepe.com.br\/cri\/wp-json\/wp\/v2\/types\/post"}],"author":[{"embeddable":true,"href":"https:\/\/diariodepe.com.br\/cri\/wp-json\/wp\/v2\/users\/2"}],"replies":[{"embeddable":true,"href":"https:\/\/diariodepe.com.br\/cri\/wp-json\/wp\/v2\/comments?post=6813"}],"version-history":[{"count":1,"href":"https:\/\/diariodepe.com.br\/cri\/wp-json\/wp\/v2\/posts\/6813\/revisions"}],"predecessor-version":[{"id":6814,"href":"https:\/\/diariodepe.com.br\/cri\/wp-json\/wp\/v2\/posts\/6813\/revisions\/6814"}],"wp:attachment":[{"href":"https:\/\/diariodepe.com.br\/cri\/wp-json\/wp\/v2\/media?parent=6813"}],"wp:term":[{"taxonomy":"category","embeddable":true,"href":"https:\/\/diariodepe.com.br\/cri\/wp-json\/wp\/v2\/categories?post=6813"},{"taxonomy":"post_tag","embeddable":true,"href":"https:\/\/diariodepe.com.br\/cri\/wp-json\/wp\/v2\/tags?post=6813"}],"curies":[{"name":"wp","href":"https:\/\/api.w.org\/{rel}","templated":true}]}}