{"id":6808,"date":"2024-11-18T23:35:10","date_gmt":"2024-11-19T02:35:10","guid":{"rendered":"https:\/\/diariodepe.com.br\/cri\/?p=6808"},"modified":"2024-11-19T03:02:31","modified_gmt":"2024-11-19T06:02:31","slug":"xi-jinping-e-macron-escrevem-introducao-da-exposicao-de-reliquias-da-dinastia-tang-na-franca","status":"publish","type":"post","link":"https:\/\/diariodepe.com.br\/cri\/2024\/11\/18\/xi-jinping-e-macron-escrevem-introducao-da-exposicao-de-reliquias-da-dinastia-tang-na-franca\/","title":{"rendered":"Xi Jinping e Macron escrevem introdu\u00e7\u00e3o da exposi\u00e7\u00e3o de rel\u00edquias da dinastia Tang na Fran\u00e7a"},"content":{"rendered":"<p data-spm-anchor-id=\"0.0.0.i1\">A exposi\u00e7\u00e3o de rel\u00edquias culturais \u201cTang da China, uma dinastia diversificada e aberta (S\u00e9culo VII ao X)\u201d foi inaugurada na segunda-feira (18) no Museu Nacional de Arte Asi\u00e1tica, ou Museu Guimet, na Fran\u00e7a. O presidente chin\u00eas, Xi Jinping, e seu hom\u00f3logo franc\u00eas, Emmanuel Macron, escreveram o texto introdut\u00f3rio para o evento.<\/p>\n<p>Xi Jinping lembrou que este ano marca o 60\u00ba anivers\u00e1rio do estabelecimento dos la\u00e7os diplom\u00e1ticos entre os dois pa\u00edses. Durante sua visita \u00e0 Fran\u00e7a em maio deste ano, os dois lados firmaram um acordo para realiza\u00e7\u00e3o da mostra de rel\u00edquias culturais da Dinastia Tang. \u201cEstou muito feliz por ver a inaugura\u00e7\u00e3o do evento com os esfor\u00e7os conjuntos de especialistas em rel\u00edquias culturais de ambos os pa\u00edses\u201d, escreveu.<\/p>\n<p>O l\u00edder chin\u00eas apontou que a dinastia Tang foi o per\u00edodo mais pr\u00f3spero da hist\u00f3ria chinesa, com economia desenvolvida, cultura florescente, toler\u00e2ncia ideol\u00f3gica, arte magn\u00edfica e integra\u00e7\u00e3o nacional. A influ\u00eancia cultural da dinastia Tang irradiou-se por toda a \u00c1sia e espalhou-se pela Europa por meio da Rota da Seda. As poesias, pinturas, obras de ouro e prataria e outras realiza\u00e7\u00f5es art\u00edsticas s\u00e3o elogiadas pelas pessoas at\u00e9 hoje. Espera-se que esta exposi\u00e7\u00e3o motive os p\u00fablicos franc\u00eas e europeu a ter uma compreens\u00e3o mais v\u00edvida da espl\u00eandida, confiante e aberta Dinastia Tang e a sentir o encanto \u00fanico da civiliza\u00e7\u00e3o chinesa.<\/p>\n<p>Xi Jinping ressaltou que tanto a na\u00e7\u00e3o chinesa quanto a francesa possuem uma longa hist\u00f3ria com culturas fascinantes. \u201cDevemos procurar inspira\u00e7\u00e3o na hist\u00f3ria e na cultura, aprofundar os interc\u00e2mbios e a aprendizagem m\u00fatua e intensificar a coopera\u00e7\u00e3o na prote\u00e7\u00e3o do patrim\u00f4nio cultural\u201d, ressaltou o presidente. Ele apontou, ainda, que \u00e9 preciso integrar os sentimentos hist\u00f3ricos e o esp\u00edrito da \u00e9poca na amizade sino-francesa, a fim de construir uma parceria estrat\u00e9gica China-Fran\u00e7a mais abrangente, s\u00f3lida e din\u00e2mica.<\/p>\n<p>Por sua vez, Emmanuel Macron assinalou que a exposi\u00e7\u00e3o no Museu Guimet faz parte da realiza\u00e7\u00e3o do Ano da Cultura e do Turismo entre a Fran\u00e7a e a China no \u00e2mbito da celebra\u00e7\u00e3o dos 60 anos das rela\u00e7\u00f5es diplom\u00e1ticas. Ele relatou que a dinastia Tang ocupou uma posi\u00e7\u00e3o especial na hist\u00f3ria da civiliza\u00e7\u00e3o chinesa, dispondo de cultura gloriosa e uma vitalidade criativa incr\u00edvel, o que foi transmitido atrav\u00e9s da Rota da Seda. Ele acredita que a exposi\u00e7\u00e3o hist\u00f3rica destaca mais uma vez que os interc\u00e2mbios culturais entre a Fran\u00e7a e a China est\u00e3o cheios de vitalidade e continuar\u00e3o a desempenhar um papel importante no desenvolvimento do seu relacionamento.<\/p>\n","protected":false},"excerpt":{"rendered":"<p>A exposi\u00e7\u00e3o de rel\u00edquias culturais \u201cTang da China, uma dinastia diversificada e aberta (S\u00e9culo VII ao X)\u201d foi inaugurada na segunda-feira (18) no Museu Nacional de Arte Asi\u00e1tica, ou Museu Guimet, na Fran\u00e7a. O presidente chin\u00eas, Xi Jinping, e seu&#8230;<\/p>\n","protected":false},"author":2,"featured_media":0,"comment_status":"open","ping_status":"open","sticky":false,"template":"","format":"standard","meta":{"footnotes":""},"categories":[8],"tags":[],"class_list":["post-6808","post","type-post","status-publish","format-standard","hentry","category-internacional"],"yoast_head":"<!-- This site is optimized with the Yoast SEO plugin v27.4 - https:\/\/yoast.com\/product\/yoast-seo-wordpress\/ -->\n<title>Xi Jinping e Macron escrevem introdu\u00e7\u00e3o da exposi\u00e7\u00e3o de rel\u00edquias da dinastia Tang na Fran\u00e7a - CRI e Diario de Pernambuco<\/title>\n<meta name=\"robots\" content=\"index, follow, max-snippet:-1, max-image-preview:large, max-video-preview:-1\" \/>\n<link rel=\"canonical\" href=\"https:\/\/diariodepe.com.br\/cri\/2024\/11\/18\/xi-jinping-e-macron-escrevem-introducao-da-exposicao-de-reliquias-da-dinastia-tang-na-franca\/\" \/>\n<meta property=\"og:locale\" content=\"pt_BR\" \/>\n<meta property=\"og:type\" content=\"article\" \/>\n<meta property=\"og:title\" content=\"Xi Jinping e Macron escrevem introdu\u00e7\u00e3o da exposi\u00e7\u00e3o de rel\u00edquias da dinastia Tang na Fran\u00e7a - CRI e Diario de Pernambuco\" \/>\n<meta property=\"og:description\" content=\"A exposi\u00e7\u00e3o de rel\u00edquias culturais \u201cTang da China, uma dinastia diversificada e aberta (S\u00e9culo VII ao X)\u201d foi inaugurada na segunda-feira (18) no Museu Nacional de Arte Asi\u00e1tica, ou Museu Guimet, na Fran\u00e7a. O presidente chin\u00eas, Xi Jinping, e seu...\" \/>\n<meta property=\"og:url\" content=\"https:\/\/diariodepe.com.br\/cri\/2024\/11\/18\/xi-jinping-e-macron-escrevem-introducao-da-exposicao-de-reliquias-da-dinastia-tang-na-franca\/\" \/>\n<meta property=\"og:site_name\" content=\"CRI e Diario de Pernambuco\" \/>\n<meta property=\"article:published_time\" content=\"2024-11-19T02:35:10+00:00\" \/>\n<meta property=\"article:modified_time\" content=\"2024-11-19T06:02:31+00:00\" \/>\n<meta name=\"author\" content=\"Ismael Lucas S. Pereira\" \/>\n<meta name=\"twitter:card\" content=\"summary_large_image\" \/>\n<meta name=\"twitter:label1\" content=\"Escrito por\" \/>\n\t<meta name=\"twitter:data1\" content=\"Ismael Lucas S. Pereira\" \/>\n\t<meta name=\"twitter:label2\" content=\"Est. tempo de leitura\" \/>\n\t<meta name=\"twitter:data2\" content=\"3 minutos\" \/>\n<script type=\"application\/ld+json\" class=\"yoast-schema-graph\">{\"@context\":\"https:\\\/\\\/schema.org\",\"@graph\":[{\"@type\":\"Article\",\"@id\":\"https:\\\/\\\/diariodepe.com.br\\\/cri\\\/2024\\\/11\\\/18\\\/xi-jinping-e-macron-escrevem-introducao-da-exposicao-de-reliquias-da-dinastia-tang-na-franca\\\/#article\",\"isPartOf\":{\"@id\":\"https:\\\/\\\/diariodepe.com.br\\\/cri\\\/2024\\\/11\\\/18\\\/xi-jinping-e-macron-escrevem-introducao-da-exposicao-de-reliquias-da-dinastia-tang-na-franca\\\/\"},\"author\":{\"name\":\"Ismael Lucas S. Pereira\",\"@id\":\"https:\\\/\\\/diariodepe.com.br\\\/cri\\\/#\\\/schema\\\/person\\\/121bb28d84f1a5b1205ef4ce9c2e0c6b\"},\"headline\":\"Xi Jinping e Macron escrevem introdu\u00e7\u00e3o da exposi\u00e7\u00e3o de rel\u00edquias da dinastia Tang na Fran\u00e7a\",\"datePublished\":\"2024-11-19T02:35:10+00:00\",\"dateModified\":\"2024-11-19T06:02:31+00:00\",\"mainEntityOfPage\":{\"@id\":\"https:\\\/\\\/diariodepe.com.br\\\/cri\\\/2024\\\/11\\\/18\\\/xi-jinping-e-macron-escrevem-introducao-da-exposicao-de-reliquias-da-dinastia-tang-na-franca\\\/\"},\"wordCount\":487,\"commentCount\":0,\"publisher\":{\"@id\":\"https:\\\/\\\/diariodepe.com.br\\\/cri\\\/#organization\"},\"articleSection\":[\"Internacional\"],\"inLanguage\":\"pt-BR\",\"potentialAction\":[{\"@type\":\"CommentAction\",\"name\":\"Comment\",\"target\":[\"https:\\\/\\\/diariodepe.com.br\\\/cri\\\/2024\\\/11\\\/18\\\/xi-jinping-e-macron-escrevem-introducao-da-exposicao-de-reliquias-da-dinastia-tang-na-franca\\\/#respond\"]}]},{\"@type\":\"WebPage\",\"@id\":\"https:\\\/\\\/diariodepe.com.br\\\/cri\\\/2024\\\/11\\\/18\\\/xi-jinping-e-macron-escrevem-introducao-da-exposicao-de-reliquias-da-dinastia-tang-na-franca\\\/\",\"url\":\"https:\\\/\\\/diariodepe.com.br\\\/cri\\\/2024\\\/11\\\/18\\\/xi-jinping-e-macron-escrevem-introducao-da-exposicao-de-reliquias-da-dinastia-tang-na-franca\\\/\",\"name\":\"Xi Jinping e Macron escrevem introdu\u00e7\u00e3o da exposi\u00e7\u00e3o de rel\u00edquias da dinastia Tang na Fran\u00e7a - CRI e Diario de Pernambuco\",\"isPartOf\":{\"@id\":\"https:\\\/\\\/diariodepe.com.br\\\/cri\\\/#website\"},\"datePublished\":\"2024-11-19T02:35:10+00:00\",\"dateModified\":\"2024-11-19T06:02:31+00:00\",\"breadcrumb\":{\"@id\":\"https:\\\/\\\/diariodepe.com.br\\\/cri\\\/2024\\\/11\\\/18\\\/xi-jinping-e-macron-escrevem-introducao-da-exposicao-de-reliquias-da-dinastia-tang-na-franca\\\/#breadcrumb\"},\"inLanguage\":\"pt-BR\",\"potentialAction\":[{\"@type\":\"ReadAction\",\"target\":[\"https:\\\/\\\/diariodepe.com.br\\\/cri\\\/2024\\\/11\\\/18\\\/xi-jinping-e-macron-escrevem-introducao-da-exposicao-de-reliquias-da-dinastia-tang-na-franca\\\/\"]}]},{\"@type\":\"BreadcrumbList\",\"@id\":\"https:\\\/\\\/diariodepe.com.br\\\/cri\\\/2024\\\/11\\\/18\\\/xi-jinping-e-macron-escrevem-introducao-da-exposicao-de-reliquias-da-dinastia-tang-na-franca\\\/#breadcrumb\",\"itemListElement\":[{\"@type\":\"ListItem\",\"position\":1,\"name\":\"In\u00edcio\",\"item\":\"https:\\\/\\\/diariodepe.com.br\\\/cri\\\/\"},{\"@type\":\"ListItem\",\"position\":2,\"name\":\"Xi Jinping e Macron escrevem introdu\u00e7\u00e3o da exposi\u00e7\u00e3o de rel\u00edquias da dinastia Tang na Fran\u00e7a\"}]},{\"@type\":\"WebSite\",\"@id\":\"https:\\\/\\\/diariodepe.com.br\\\/cri\\\/#website\",\"url\":\"https:\\\/\\\/diariodepe.com.br\\\/cri\\\/\",\"name\":\"CRI e Diario de Pernambuco\",\"description\":\"R\u00e1dio Internacional da China\",\"publisher\":{\"@id\":\"https:\\\/\\\/diariodepe.com.br\\\/cri\\\/#organization\"},\"potentialAction\":[{\"@type\":\"SearchAction\",\"target\":{\"@type\":\"EntryPoint\",\"urlTemplate\":\"https:\\\/\\\/diariodepe.com.br\\\/cri\\\/?s={search_term_string}\"},\"query-input\":{\"@type\":\"PropertyValueSpecification\",\"valueRequired\":true,\"valueName\":\"search_term_string\"}}],\"inLanguage\":\"pt-BR\"},{\"@type\":\"Organization\",\"@id\":\"https:\\\/\\\/diariodepe.com.br\\\/cri\\\/#organization\",\"name\":\"CRI e Diario de Pernambuco\",\"url\":\"https:\\\/\\\/diariodepe.com.br\\\/cri\\\/\",\"logo\":{\"@type\":\"ImageObject\",\"inLanguage\":\"pt-BR\",\"@id\":\"https:\\\/\\\/diariodepe.com.br\\\/cri\\\/#\\\/schema\\\/logo\\\/image\\\/\",\"url\":\"https:\\\/\\\/diariodepe.com.br\\\/cri\\\/wp-content\\\/uploads\\\/sites\\\/2\\\/2022\\\/12\\\/cropped-Logo.jpg\",\"contentUrl\":\"https:\\\/\\\/diariodepe.com.br\\\/cri\\\/wp-content\\\/uploads\\\/sites\\\/2\\\/2022\\\/12\\\/cropped-Logo.jpg\",\"width\":700,\"height\":59,\"caption\":\"CRI e Diario de Pernambuco\"},\"image\":{\"@id\":\"https:\\\/\\\/diariodepe.com.br\\\/cri\\\/#\\\/schema\\\/logo\\\/image\\\/\"}},{\"@type\":\"Person\",\"@id\":\"https:\\\/\\\/diariodepe.com.br\\\/cri\\\/#\\\/schema\\\/person\\\/121bb28d84f1a5b1205ef4ce9c2e0c6b\",\"name\":\"Ismael Lucas S. Pereira\",\"image\":{\"@type\":\"ImageObject\",\"inLanguage\":\"pt-BR\",\"@id\":\"https:\\\/\\\/secure.gravatar.com\\\/avatar\\\/887a0f3b5a7ceea963a48499fb883ffce6b5037362def025c52c2505b15d63e4?s=96&d=mm&r=g\",\"url\":\"https:\\\/\\\/secure.gravatar.com\\\/avatar\\\/887a0f3b5a7ceea963a48499fb883ffce6b5037362def025c52c2505b15d63e4?s=96&d=mm&r=g\",\"contentUrl\":\"https:\\\/\\\/secure.gravatar.com\\\/avatar\\\/887a0f3b5a7ceea963a48499fb883ffce6b5037362def025c52c2505b15d63e4?s=96&d=mm&r=g\",\"caption\":\"Ismael Lucas S. Pereira\"},\"url\":\"https:\\\/\\\/diariodepe.com.br\\\/cri\\\/author\\\/ismael-lucas\\\/\"}]}<\/script>\n<!-- \/ Yoast SEO plugin. -->","yoast_head_json":{"title":"Xi Jinping e Macron escrevem introdu\u00e7\u00e3o da exposi\u00e7\u00e3o de rel\u00edquias da dinastia Tang na Fran\u00e7a - CRI e Diario de Pernambuco","robots":{"index":"index","follow":"follow","max-snippet":"max-snippet:-1","max-image-preview":"max-image-preview:large","max-video-preview":"max-video-preview:-1"},"canonical":"https:\/\/diariodepe.com.br\/cri\/2024\/11\/18\/xi-jinping-e-macron-escrevem-introducao-da-exposicao-de-reliquias-da-dinastia-tang-na-franca\/","og_locale":"pt_BR","og_type":"article","og_title":"Xi Jinping e Macron escrevem introdu\u00e7\u00e3o da exposi\u00e7\u00e3o de rel\u00edquias da dinastia Tang na Fran\u00e7a - CRI e Diario de Pernambuco","og_description":"A exposi\u00e7\u00e3o de rel\u00edquias culturais \u201cTang da China, uma dinastia diversificada e aberta (S\u00e9culo VII ao X)\u201d foi inaugurada na segunda-feira (18) no Museu Nacional de Arte Asi\u00e1tica, ou Museu Guimet, na Fran\u00e7a. O presidente chin\u00eas, Xi Jinping, e seu...","og_url":"https:\/\/diariodepe.com.br\/cri\/2024\/11\/18\/xi-jinping-e-macron-escrevem-introducao-da-exposicao-de-reliquias-da-dinastia-tang-na-franca\/","og_site_name":"CRI e Diario de Pernambuco","article_published_time":"2024-11-19T02:35:10+00:00","article_modified_time":"2024-11-19T06:02:31+00:00","author":"Ismael Lucas S. Pereira","twitter_card":"summary_large_image","twitter_misc":{"Escrito por":"Ismael Lucas S. Pereira","Est. tempo de leitura":"3 minutos"},"schema":{"@context":"https:\/\/schema.org","@graph":[{"@type":"Article","@id":"https:\/\/diariodepe.com.br\/cri\/2024\/11\/18\/xi-jinping-e-macron-escrevem-introducao-da-exposicao-de-reliquias-da-dinastia-tang-na-franca\/#article","isPartOf":{"@id":"https:\/\/diariodepe.com.br\/cri\/2024\/11\/18\/xi-jinping-e-macron-escrevem-introducao-da-exposicao-de-reliquias-da-dinastia-tang-na-franca\/"},"author":{"name":"Ismael Lucas S. Pereira","@id":"https:\/\/diariodepe.com.br\/cri\/#\/schema\/person\/121bb28d84f1a5b1205ef4ce9c2e0c6b"},"headline":"Xi Jinping e Macron escrevem introdu\u00e7\u00e3o da exposi\u00e7\u00e3o de rel\u00edquias da dinastia Tang na Fran\u00e7a","datePublished":"2024-11-19T02:35:10+00:00","dateModified":"2024-11-19T06:02:31+00:00","mainEntityOfPage":{"@id":"https:\/\/diariodepe.com.br\/cri\/2024\/11\/18\/xi-jinping-e-macron-escrevem-introducao-da-exposicao-de-reliquias-da-dinastia-tang-na-franca\/"},"wordCount":487,"commentCount":0,"publisher":{"@id":"https:\/\/diariodepe.com.br\/cri\/#organization"},"articleSection":["Internacional"],"inLanguage":"pt-BR","potentialAction":[{"@type":"CommentAction","name":"Comment","target":["https:\/\/diariodepe.com.br\/cri\/2024\/11\/18\/xi-jinping-e-macron-escrevem-introducao-da-exposicao-de-reliquias-da-dinastia-tang-na-franca\/#respond"]}]},{"@type":"WebPage","@id":"https:\/\/diariodepe.com.br\/cri\/2024\/11\/18\/xi-jinping-e-macron-escrevem-introducao-da-exposicao-de-reliquias-da-dinastia-tang-na-franca\/","url":"https:\/\/diariodepe.com.br\/cri\/2024\/11\/18\/xi-jinping-e-macron-escrevem-introducao-da-exposicao-de-reliquias-da-dinastia-tang-na-franca\/","name":"Xi Jinping e Macron escrevem introdu\u00e7\u00e3o da exposi\u00e7\u00e3o de rel\u00edquias da dinastia Tang na Fran\u00e7a - CRI e Diario de Pernambuco","isPartOf":{"@id":"https:\/\/diariodepe.com.br\/cri\/#website"},"datePublished":"2024-11-19T02:35:10+00:00","dateModified":"2024-11-19T06:02:31+00:00","breadcrumb":{"@id":"https:\/\/diariodepe.com.br\/cri\/2024\/11\/18\/xi-jinping-e-macron-escrevem-introducao-da-exposicao-de-reliquias-da-dinastia-tang-na-franca\/#breadcrumb"},"inLanguage":"pt-BR","potentialAction":[{"@type":"ReadAction","target":["https:\/\/diariodepe.com.br\/cri\/2024\/11\/18\/xi-jinping-e-macron-escrevem-introducao-da-exposicao-de-reliquias-da-dinastia-tang-na-franca\/"]}]},{"@type":"BreadcrumbList","@id":"https:\/\/diariodepe.com.br\/cri\/2024\/11\/18\/xi-jinping-e-macron-escrevem-introducao-da-exposicao-de-reliquias-da-dinastia-tang-na-franca\/#breadcrumb","itemListElement":[{"@type":"ListItem","position":1,"name":"In\u00edcio","item":"https:\/\/diariodepe.com.br\/cri\/"},{"@type":"ListItem","position":2,"name":"Xi Jinping e Macron escrevem introdu\u00e7\u00e3o da exposi\u00e7\u00e3o de rel\u00edquias da dinastia Tang na Fran\u00e7a"}]},{"@type":"WebSite","@id":"https:\/\/diariodepe.com.br\/cri\/#website","url":"https:\/\/diariodepe.com.br\/cri\/","name":"CRI e Diario de Pernambuco","description":"R\u00e1dio Internacional da China","publisher":{"@id":"https:\/\/diariodepe.com.br\/cri\/#organization"},"potentialAction":[{"@type":"SearchAction","target":{"@type":"EntryPoint","urlTemplate":"https:\/\/diariodepe.com.br\/cri\/?s={search_term_string}"},"query-input":{"@type":"PropertyValueSpecification","valueRequired":true,"valueName":"search_term_string"}}],"inLanguage":"pt-BR"},{"@type":"Organization","@id":"https:\/\/diariodepe.com.br\/cri\/#organization","name":"CRI e Diario de Pernambuco","url":"https:\/\/diariodepe.com.br\/cri\/","logo":{"@type":"ImageObject","inLanguage":"pt-BR","@id":"https:\/\/diariodepe.com.br\/cri\/#\/schema\/logo\/image\/","url":"https:\/\/diariodepe.com.br\/cri\/wp-content\/uploads\/sites\/2\/2022\/12\/cropped-Logo.jpg","contentUrl":"https:\/\/diariodepe.com.br\/cri\/wp-content\/uploads\/sites\/2\/2022\/12\/cropped-Logo.jpg","width":700,"height":59,"caption":"CRI e Diario de Pernambuco"},"image":{"@id":"https:\/\/diariodepe.com.br\/cri\/#\/schema\/logo\/image\/"}},{"@type":"Person","@id":"https:\/\/diariodepe.com.br\/cri\/#\/schema\/person\/121bb28d84f1a5b1205ef4ce9c2e0c6b","name":"Ismael Lucas S. Pereira","image":{"@type":"ImageObject","inLanguage":"pt-BR","@id":"https:\/\/secure.gravatar.com\/avatar\/887a0f3b5a7ceea963a48499fb883ffce6b5037362def025c52c2505b15d63e4?s=96&d=mm&r=g","url":"https:\/\/secure.gravatar.com\/avatar\/887a0f3b5a7ceea963a48499fb883ffce6b5037362def025c52c2505b15d63e4?s=96&d=mm&r=g","contentUrl":"https:\/\/secure.gravatar.com\/avatar\/887a0f3b5a7ceea963a48499fb883ffce6b5037362def025c52c2505b15d63e4?s=96&d=mm&r=g","caption":"Ismael Lucas S. Pereira"},"url":"https:\/\/diariodepe.com.br\/cri\/author\/ismael-lucas\/"}]}},"cc_featured_image_caption":{"caption_text":false,"source_text":false,"source_url":false},"amp_enabled":true,"_links":{"self":[{"href":"https:\/\/diariodepe.com.br\/cri\/wp-json\/wp\/v2\/posts\/6808","targetHints":{"allow":["GET"]}}],"collection":[{"href":"https:\/\/diariodepe.com.br\/cri\/wp-json\/wp\/v2\/posts"}],"about":[{"href":"https:\/\/diariodepe.com.br\/cri\/wp-json\/wp\/v2\/types\/post"}],"author":[{"embeddable":true,"href":"https:\/\/diariodepe.com.br\/cri\/wp-json\/wp\/v2\/users\/2"}],"replies":[{"embeddable":true,"href":"https:\/\/diariodepe.com.br\/cri\/wp-json\/wp\/v2\/comments?post=6808"}],"version-history":[{"count":1,"href":"https:\/\/diariodepe.com.br\/cri\/wp-json\/wp\/v2\/posts\/6808\/revisions"}],"predecessor-version":[{"id":6809,"href":"https:\/\/diariodepe.com.br\/cri\/wp-json\/wp\/v2\/posts\/6808\/revisions\/6809"}],"wp:attachment":[{"href":"https:\/\/diariodepe.com.br\/cri\/wp-json\/wp\/v2\/media?parent=6808"}],"wp:term":[{"taxonomy":"category","embeddable":true,"href":"https:\/\/diariodepe.com.br\/cri\/wp-json\/wp\/v2\/categories?post=6808"},{"taxonomy":"post_tag","embeddable":true,"href":"https:\/\/diariodepe.com.br\/cri\/wp-json\/wp\/v2\/tags?post=6808"}],"curies":[{"name":"wp","href":"https:\/\/api.w.org\/{rel}","templated":true}]}}