{"id":6800,"date":"2024-11-18T20:15:49","date_gmt":"2024-11-18T23:15:49","guid":{"rendered":"https:\/\/diariodepe.com.br\/cri\/?p=6800"},"modified":"2024-11-19T02:44:45","modified_gmt":"2024-11-19T05:44:45","slug":"xi-jinping-se-reune-com-presidente-mexicana-na-cupula-do-g20-no-rio-de-janeiro","status":"publish","type":"post","link":"https:\/\/diariodepe.com.br\/cri\/2024\/11\/18\/xi-jinping-se-reune-com-presidente-mexicana-na-cupula-do-g20-no-rio-de-janeiro\/","title":{"rendered":"Xi Jinping se re\u00fane com presidente mexicana na c\u00fapula do G20 no Rio de Janeiro"},"content":{"rendered":"<p data-spm-anchor-id=\"0.0.0.i1\">Na tarde desta segunda-feira (18), o presidente chin\u00eas, Xi Jinping, se encontrou com sua hom\u00f3loga do M\u00e9xico, Claudia Sheinbaum, \u00e0s margens da 19\u00aa C\u00fapula do G20 no Rio de Janeiro, no Brasil.<\/p>\n<p>O l\u00edder chin\u00eas parabenizou novamente Sheinbaum por se tornar a primeira mulher presidente na hist\u00f3ria do M\u00e9xico. Ele afirmou que em 2013, teve a oportunidade de visitar o pa\u00eds, causando impress\u00f5es profundas e memor\u00e1veis nele. A China e o M\u00e9xico possuem uma longa tradi\u00e7\u00e3o de amizade. Ambos os lados devem aprofundar continuamente os interc\u00e2mbios, fortalecer os la\u00e7os amistosos, aproveitar a alta complementaridade de economias para promover a coopera\u00e7\u00e3o pragm\u00e1tica, impulsionando um desenvolvimento abrangente das rela\u00e7\u00f5es bilaterais na nova era.<\/p>\n<p>A China e o M\u00e9xico t\u00eam vis\u00f5es semelhantes sobre muitas quest\u00f5es internacionais e defendem uma globaliza\u00e7\u00e3o econ\u00f4mica universalmente ben\u00e9fica e inclusiva. A parte chinesa est\u00e1 disposta a trabalhar com o M\u00e9xico para salvaguardar o multilateralismo, a equidade e a justi\u00e7a internacional, injetando energia positiva no desenvolvimento da economia global.<\/p>\n<p>Embora M\u00e9xico e China estejam separados por uma grande dist\u00e2ncia, os la\u00e7os entre os dois pa\u00edses s\u00e3o muito estreitos, afirmou Sheinbaum. Muitas empresas chinesas est\u00e3o operando no M\u00e9xico, incluindo a participa\u00e7\u00e3o em importantes projetos de infraestruturas na Cidade do M\u00e9xico. Ela agradeceu a China pela ajuda sincera em momentos dif\u00edceis, como durante a passagem de furac\u00f5es no pa\u00eds, sendo prova da amizade entre os povos das duas na\u00e7\u00f5es. A presidente acrescentou que tanto o M\u00e9xico quanto a China est\u00e3o comprometidos com a defesa do multilateralismo. A parte mexicana est\u00e1 disposta a explorar mais potenciais e ampliar a coopera\u00e7\u00e3o em diversas \u00e1reas.<\/p>\n","protected":false},"excerpt":{"rendered":"<p>Na tarde desta segunda-feira (18), o presidente chin\u00eas, Xi Jinping, se encontrou com sua hom\u00f3loga do M\u00e9xico, Claudia Sheinbaum, \u00e0s margens da 19\u00aa C\u00fapula do G20 no Rio de Janeiro, no Brasil. O l\u00edder chin\u00eas parabenizou novamente Sheinbaum por se&#8230;<\/p>\n","protected":false},"author":2,"featured_media":6801,"comment_status":"open","ping_status":"open","sticky":false,"template":"","format":"standard","meta":{"footnotes":""},"categories":[5,8],"tags":[],"class_list":["post-6800","post","type-post","status-publish","format-standard","has-post-thumbnail","hentry","category-destaques-capa","category-internacional"],"yoast_head":"<!-- This site is optimized with the Yoast SEO plugin v27.4 - https:\/\/yoast.com\/product\/yoast-seo-wordpress\/ -->\n<title>Xi Jinping se re\u00fane com presidente mexicana na c\u00fapula do G20 no Rio de Janeiro - CRI e Diario de Pernambuco<\/title>\n<meta name=\"robots\" content=\"index, follow, max-snippet:-1, max-image-preview:large, max-video-preview:-1\" \/>\n<link rel=\"canonical\" href=\"https:\/\/diariodepe.com.br\/cri\/2024\/11\/18\/xi-jinping-se-reune-com-presidente-mexicana-na-cupula-do-g20-no-rio-de-janeiro\/\" \/>\n<meta property=\"og:locale\" content=\"pt_BR\" \/>\n<meta property=\"og:type\" content=\"article\" \/>\n<meta property=\"og:title\" content=\"Xi Jinping se re\u00fane com presidente mexicana na c\u00fapula do G20 no Rio de Janeiro - CRI e Diario de Pernambuco\" \/>\n<meta property=\"og:description\" content=\"Na tarde desta segunda-feira (18), o presidente chin\u00eas, Xi Jinping, se encontrou com sua hom\u00f3loga do M\u00e9xico, Claudia Sheinbaum, \u00e0s margens da 19\u00aa C\u00fapula do G20 no Rio de Janeiro, no Brasil. O l\u00edder chin\u00eas parabenizou novamente Sheinbaum por se...\" \/>\n<meta property=\"og:url\" content=\"https:\/\/diariodepe.com.br\/cri\/2024\/11\/18\/xi-jinping-se-reune-com-presidente-mexicana-na-cupula-do-g20-no-rio-de-janeiro\/\" \/>\n<meta property=\"og:site_name\" content=\"CRI e Diario de Pernambuco\" \/>\n<meta property=\"article:published_time\" content=\"2024-11-18T23:15:49+00:00\" \/>\n<meta property=\"article:modified_time\" content=\"2024-11-19T05:44:45+00:00\" \/>\n<meta property=\"og:image\" content=\"https:\/\/diariodepe.com.br\/cri\/wp-content\/uploads\/sites\/2\/2024\/11\/\u58a8\u897f\u54e5.png\" \/>\n\t<meta property=\"og:image:width\" content=\"900\" \/>\n\t<meta property=\"og:image:height\" content=\"631\" \/>\n\t<meta property=\"og:image:type\" content=\"image\/png\" \/>\n<meta name=\"author\" content=\"Ismael Lucas S. Pereira\" \/>\n<meta name=\"twitter:card\" content=\"summary_large_image\" \/>\n<meta name=\"twitter:label1\" content=\"Escrito por\" \/>\n\t<meta name=\"twitter:data1\" content=\"Ismael Lucas S. Pereira\" \/>\n\t<meta name=\"twitter:label2\" content=\"Est. tempo de leitura\" \/>\n\t<meta name=\"twitter:data2\" content=\"2 minutos\" \/>\n<script type=\"application\/ld+json\" class=\"yoast-schema-graph\">{\"@context\":\"https:\\\/\\\/schema.org\",\"@graph\":[{\"@type\":\"Article\",\"@id\":\"https:\\\/\\\/diariodepe.com.br\\\/cri\\\/2024\\\/11\\\/18\\\/xi-jinping-se-reune-com-presidente-mexicana-na-cupula-do-g20-no-rio-de-janeiro\\\/#article\",\"isPartOf\":{\"@id\":\"https:\\\/\\\/diariodepe.com.br\\\/cri\\\/2024\\\/11\\\/18\\\/xi-jinping-se-reune-com-presidente-mexicana-na-cupula-do-g20-no-rio-de-janeiro\\\/\"},\"author\":{\"name\":\"Ismael Lucas S. Pereira\",\"@id\":\"https:\\\/\\\/diariodepe.com.br\\\/cri\\\/#\\\/schema\\\/person\\\/121bb28d84f1a5b1205ef4ce9c2e0c6b\"},\"headline\":\"Xi Jinping se re\u00fane com presidente mexicana na c\u00fapula do G20 no Rio de Janeiro\",\"datePublished\":\"2024-11-18T23:15:49+00:00\",\"dateModified\":\"2024-11-19T05:44:45+00:00\",\"mainEntityOfPage\":{\"@id\":\"https:\\\/\\\/diariodepe.com.br\\\/cri\\\/2024\\\/11\\\/18\\\/xi-jinping-se-reune-com-presidente-mexicana-na-cupula-do-g20-no-rio-de-janeiro\\\/\"},\"wordCount\":318,\"commentCount\":0,\"publisher\":{\"@id\":\"https:\\\/\\\/diariodepe.com.br\\\/cri\\\/#organization\"},\"image\":{\"@id\":\"https:\\\/\\\/diariodepe.com.br\\\/cri\\\/2024\\\/11\\\/18\\\/xi-jinping-se-reune-com-presidente-mexicana-na-cupula-do-g20-no-rio-de-janeiro\\\/#primaryimage\"},\"thumbnailUrl\":\"https:\\\/\\\/diariodepe.com.br\\\/cri\\\/wp-content\\\/uploads\\\/sites\\\/2\\\/2024\\\/11\\\/\u58a8\u897f\u54e5.png\",\"articleSection\":[\"Destaques Capa\",\"Internacional\"],\"inLanguage\":\"pt-BR\",\"potentialAction\":[{\"@type\":\"CommentAction\",\"name\":\"Comment\",\"target\":[\"https:\\\/\\\/diariodepe.com.br\\\/cri\\\/2024\\\/11\\\/18\\\/xi-jinping-se-reune-com-presidente-mexicana-na-cupula-do-g20-no-rio-de-janeiro\\\/#respond\"]}]},{\"@type\":\"WebPage\",\"@id\":\"https:\\\/\\\/diariodepe.com.br\\\/cri\\\/2024\\\/11\\\/18\\\/xi-jinping-se-reune-com-presidente-mexicana-na-cupula-do-g20-no-rio-de-janeiro\\\/\",\"url\":\"https:\\\/\\\/diariodepe.com.br\\\/cri\\\/2024\\\/11\\\/18\\\/xi-jinping-se-reune-com-presidente-mexicana-na-cupula-do-g20-no-rio-de-janeiro\\\/\",\"name\":\"Xi Jinping se re\u00fane com presidente mexicana na c\u00fapula do G20 no Rio de Janeiro - CRI e Diario de Pernambuco\",\"isPartOf\":{\"@id\":\"https:\\\/\\\/diariodepe.com.br\\\/cri\\\/#website\"},\"primaryImageOfPage\":{\"@id\":\"https:\\\/\\\/diariodepe.com.br\\\/cri\\\/2024\\\/11\\\/18\\\/xi-jinping-se-reune-com-presidente-mexicana-na-cupula-do-g20-no-rio-de-janeiro\\\/#primaryimage\"},\"image\":{\"@id\":\"https:\\\/\\\/diariodepe.com.br\\\/cri\\\/2024\\\/11\\\/18\\\/xi-jinping-se-reune-com-presidente-mexicana-na-cupula-do-g20-no-rio-de-janeiro\\\/#primaryimage\"},\"thumbnailUrl\":\"https:\\\/\\\/diariodepe.com.br\\\/cri\\\/wp-content\\\/uploads\\\/sites\\\/2\\\/2024\\\/11\\\/\u58a8\u897f\u54e5.png\",\"datePublished\":\"2024-11-18T23:15:49+00:00\",\"dateModified\":\"2024-11-19T05:44:45+00:00\",\"breadcrumb\":{\"@id\":\"https:\\\/\\\/diariodepe.com.br\\\/cri\\\/2024\\\/11\\\/18\\\/xi-jinping-se-reune-com-presidente-mexicana-na-cupula-do-g20-no-rio-de-janeiro\\\/#breadcrumb\"},\"inLanguage\":\"pt-BR\",\"potentialAction\":[{\"@type\":\"ReadAction\",\"target\":[\"https:\\\/\\\/diariodepe.com.br\\\/cri\\\/2024\\\/11\\\/18\\\/xi-jinping-se-reune-com-presidente-mexicana-na-cupula-do-g20-no-rio-de-janeiro\\\/\"]}]},{\"@type\":\"ImageObject\",\"inLanguage\":\"pt-BR\",\"@id\":\"https:\\\/\\\/diariodepe.com.br\\\/cri\\\/2024\\\/11\\\/18\\\/xi-jinping-se-reune-com-presidente-mexicana-na-cupula-do-g20-no-rio-de-janeiro\\\/#primaryimage\",\"url\":\"https:\\\/\\\/diariodepe.com.br\\\/cri\\\/wp-content\\\/uploads\\\/sites\\\/2\\\/2024\\\/11\\\/\u58a8\u897f\u54e5.png\",\"contentUrl\":\"https:\\\/\\\/diariodepe.com.br\\\/cri\\\/wp-content\\\/uploads\\\/sites\\\/2\\\/2024\\\/11\\\/\u58a8\u897f\u54e5.png\",\"width\":900,\"height\":631},{\"@type\":\"BreadcrumbList\",\"@id\":\"https:\\\/\\\/diariodepe.com.br\\\/cri\\\/2024\\\/11\\\/18\\\/xi-jinping-se-reune-com-presidente-mexicana-na-cupula-do-g20-no-rio-de-janeiro\\\/#breadcrumb\",\"itemListElement\":[{\"@type\":\"ListItem\",\"position\":1,\"name\":\"In\u00edcio\",\"item\":\"https:\\\/\\\/diariodepe.com.br\\\/cri\\\/\"},{\"@type\":\"ListItem\",\"position\":2,\"name\":\"Xi Jinping se re\u00fane com presidente mexicana na c\u00fapula do G20 no Rio de Janeiro\"}]},{\"@type\":\"WebSite\",\"@id\":\"https:\\\/\\\/diariodepe.com.br\\\/cri\\\/#website\",\"url\":\"https:\\\/\\\/diariodepe.com.br\\\/cri\\\/\",\"name\":\"CRI e Diario de Pernambuco\",\"description\":\"R\u00e1dio Internacional da China\",\"publisher\":{\"@id\":\"https:\\\/\\\/diariodepe.com.br\\\/cri\\\/#organization\"},\"potentialAction\":[{\"@type\":\"SearchAction\",\"target\":{\"@type\":\"EntryPoint\",\"urlTemplate\":\"https:\\\/\\\/diariodepe.com.br\\\/cri\\\/?s={search_term_string}\"},\"query-input\":{\"@type\":\"PropertyValueSpecification\",\"valueRequired\":true,\"valueName\":\"search_term_string\"}}],\"inLanguage\":\"pt-BR\"},{\"@type\":\"Organization\",\"@id\":\"https:\\\/\\\/diariodepe.com.br\\\/cri\\\/#organization\",\"name\":\"CRI e Diario de Pernambuco\",\"url\":\"https:\\\/\\\/diariodepe.com.br\\\/cri\\\/\",\"logo\":{\"@type\":\"ImageObject\",\"inLanguage\":\"pt-BR\",\"@id\":\"https:\\\/\\\/diariodepe.com.br\\\/cri\\\/#\\\/schema\\\/logo\\\/image\\\/\",\"url\":\"https:\\\/\\\/diariodepe.com.br\\\/cri\\\/wp-content\\\/uploads\\\/sites\\\/2\\\/2022\\\/12\\\/cropped-Logo.jpg\",\"contentUrl\":\"https:\\\/\\\/diariodepe.com.br\\\/cri\\\/wp-content\\\/uploads\\\/sites\\\/2\\\/2022\\\/12\\\/cropped-Logo.jpg\",\"width\":700,\"height\":59,\"caption\":\"CRI e Diario de Pernambuco\"},\"image\":{\"@id\":\"https:\\\/\\\/diariodepe.com.br\\\/cri\\\/#\\\/schema\\\/logo\\\/image\\\/\"}},{\"@type\":\"Person\",\"@id\":\"https:\\\/\\\/diariodepe.com.br\\\/cri\\\/#\\\/schema\\\/person\\\/121bb28d84f1a5b1205ef4ce9c2e0c6b\",\"name\":\"Ismael Lucas S. Pereira\",\"image\":{\"@type\":\"ImageObject\",\"inLanguage\":\"pt-BR\",\"@id\":\"https:\\\/\\\/secure.gravatar.com\\\/avatar\\\/887a0f3b5a7ceea963a48499fb883ffce6b5037362def025c52c2505b15d63e4?s=96&d=mm&r=g\",\"url\":\"https:\\\/\\\/secure.gravatar.com\\\/avatar\\\/887a0f3b5a7ceea963a48499fb883ffce6b5037362def025c52c2505b15d63e4?s=96&d=mm&r=g\",\"contentUrl\":\"https:\\\/\\\/secure.gravatar.com\\\/avatar\\\/887a0f3b5a7ceea963a48499fb883ffce6b5037362def025c52c2505b15d63e4?s=96&d=mm&r=g\",\"caption\":\"Ismael Lucas S. Pereira\"},\"url\":\"https:\\\/\\\/diariodepe.com.br\\\/cri\\\/author\\\/ismael-lucas\\\/\"}]}<\/script>\n<!-- \/ Yoast SEO plugin. -->","yoast_head_json":{"title":"Xi Jinping se re\u00fane com presidente mexicana na c\u00fapula do G20 no Rio de Janeiro - CRI e Diario de Pernambuco","robots":{"index":"index","follow":"follow","max-snippet":"max-snippet:-1","max-image-preview":"max-image-preview:large","max-video-preview":"max-video-preview:-1"},"canonical":"https:\/\/diariodepe.com.br\/cri\/2024\/11\/18\/xi-jinping-se-reune-com-presidente-mexicana-na-cupula-do-g20-no-rio-de-janeiro\/","og_locale":"pt_BR","og_type":"article","og_title":"Xi Jinping se re\u00fane com presidente mexicana na c\u00fapula do G20 no Rio de Janeiro - CRI e Diario de Pernambuco","og_description":"Na tarde desta segunda-feira (18), o presidente chin\u00eas, Xi Jinping, se encontrou com sua hom\u00f3loga do M\u00e9xico, Claudia Sheinbaum, \u00e0s margens da 19\u00aa C\u00fapula do G20 no Rio de Janeiro, no Brasil. O l\u00edder chin\u00eas parabenizou novamente Sheinbaum por se...","og_url":"https:\/\/diariodepe.com.br\/cri\/2024\/11\/18\/xi-jinping-se-reune-com-presidente-mexicana-na-cupula-do-g20-no-rio-de-janeiro\/","og_site_name":"CRI e Diario de Pernambuco","article_published_time":"2024-11-18T23:15:49+00:00","article_modified_time":"2024-11-19T05:44:45+00:00","og_image":[{"width":900,"height":631,"url":"https:\/\/diariodepe.com.br\/cri\/wp-content\/uploads\/sites\/2\/2024\/11\/\u58a8\u897f\u54e5.png","type":"image\/png"}],"author":"Ismael Lucas S. Pereira","twitter_card":"summary_large_image","twitter_misc":{"Escrito por":"Ismael Lucas S. Pereira","Est. tempo de leitura":"2 minutos"},"schema":{"@context":"https:\/\/schema.org","@graph":[{"@type":"Article","@id":"https:\/\/diariodepe.com.br\/cri\/2024\/11\/18\/xi-jinping-se-reune-com-presidente-mexicana-na-cupula-do-g20-no-rio-de-janeiro\/#article","isPartOf":{"@id":"https:\/\/diariodepe.com.br\/cri\/2024\/11\/18\/xi-jinping-se-reune-com-presidente-mexicana-na-cupula-do-g20-no-rio-de-janeiro\/"},"author":{"name":"Ismael Lucas S. Pereira","@id":"https:\/\/diariodepe.com.br\/cri\/#\/schema\/person\/121bb28d84f1a5b1205ef4ce9c2e0c6b"},"headline":"Xi Jinping se re\u00fane com presidente mexicana na c\u00fapula do G20 no Rio de Janeiro","datePublished":"2024-11-18T23:15:49+00:00","dateModified":"2024-11-19T05:44:45+00:00","mainEntityOfPage":{"@id":"https:\/\/diariodepe.com.br\/cri\/2024\/11\/18\/xi-jinping-se-reune-com-presidente-mexicana-na-cupula-do-g20-no-rio-de-janeiro\/"},"wordCount":318,"commentCount":0,"publisher":{"@id":"https:\/\/diariodepe.com.br\/cri\/#organization"},"image":{"@id":"https:\/\/diariodepe.com.br\/cri\/2024\/11\/18\/xi-jinping-se-reune-com-presidente-mexicana-na-cupula-do-g20-no-rio-de-janeiro\/#primaryimage"},"thumbnailUrl":"https:\/\/diariodepe.com.br\/cri\/wp-content\/uploads\/sites\/2\/2024\/11\/\u58a8\u897f\u54e5.png","articleSection":["Destaques Capa","Internacional"],"inLanguage":"pt-BR","potentialAction":[{"@type":"CommentAction","name":"Comment","target":["https:\/\/diariodepe.com.br\/cri\/2024\/11\/18\/xi-jinping-se-reune-com-presidente-mexicana-na-cupula-do-g20-no-rio-de-janeiro\/#respond"]}]},{"@type":"WebPage","@id":"https:\/\/diariodepe.com.br\/cri\/2024\/11\/18\/xi-jinping-se-reune-com-presidente-mexicana-na-cupula-do-g20-no-rio-de-janeiro\/","url":"https:\/\/diariodepe.com.br\/cri\/2024\/11\/18\/xi-jinping-se-reune-com-presidente-mexicana-na-cupula-do-g20-no-rio-de-janeiro\/","name":"Xi Jinping se re\u00fane com presidente mexicana na c\u00fapula do G20 no Rio de Janeiro - CRI e Diario de Pernambuco","isPartOf":{"@id":"https:\/\/diariodepe.com.br\/cri\/#website"},"primaryImageOfPage":{"@id":"https:\/\/diariodepe.com.br\/cri\/2024\/11\/18\/xi-jinping-se-reune-com-presidente-mexicana-na-cupula-do-g20-no-rio-de-janeiro\/#primaryimage"},"image":{"@id":"https:\/\/diariodepe.com.br\/cri\/2024\/11\/18\/xi-jinping-se-reune-com-presidente-mexicana-na-cupula-do-g20-no-rio-de-janeiro\/#primaryimage"},"thumbnailUrl":"https:\/\/diariodepe.com.br\/cri\/wp-content\/uploads\/sites\/2\/2024\/11\/\u58a8\u897f\u54e5.png","datePublished":"2024-11-18T23:15:49+00:00","dateModified":"2024-11-19T05:44:45+00:00","breadcrumb":{"@id":"https:\/\/diariodepe.com.br\/cri\/2024\/11\/18\/xi-jinping-se-reune-com-presidente-mexicana-na-cupula-do-g20-no-rio-de-janeiro\/#breadcrumb"},"inLanguage":"pt-BR","potentialAction":[{"@type":"ReadAction","target":["https:\/\/diariodepe.com.br\/cri\/2024\/11\/18\/xi-jinping-se-reune-com-presidente-mexicana-na-cupula-do-g20-no-rio-de-janeiro\/"]}]},{"@type":"ImageObject","inLanguage":"pt-BR","@id":"https:\/\/diariodepe.com.br\/cri\/2024\/11\/18\/xi-jinping-se-reune-com-presidente-mexicana-na-cupula-do-g20-no-rio-de-janeiro\/#primaryimage","url":"https:\/\/diariodepe.com.br\/cri\/wp-content\/uploads\/sites\/2\/2024\/11\/\u58a8\u897f\u54e5.png","contentUrl":"https:\/\/diariodepe.com.br\/cri\/wp-content\/uploads\/sites\/2\/2024\/11\/\u58a8\u897f\u54e5.png","width":900,"height":631},{"@type":"BreadcrumbList","@id":"https:\/\/diariodepe.com.br\/cri\/2024\/11\/18\/xi-jinping-se-reune-com-presidente-mexicana-na-cupula-do-g20-no-rio-de-janeiro\/#breadcrumb","itemListElement":[{"@type":"ListItem","position":1,"name":"In\u00edcio","item":"https:\/\/diariodepe.com.br\/cri\/"},{"@type":"ListItem","position":2,"name":"Xi Jinping se re\u00fane com presidente mexicana na c\u00fapula do G20 no Rio de Janeiro"}]},{"@type":"WebSite","@id":"https:\/\/diariodepe.com.br\/cri\/#website","url":"https:\/\/diariodepe.com.br\/cri\/","name":"CRI e Diario de Pernambuco","description":"R\u00e1dio Internacional da China","publisher":{"@id":"https:\/\/diariodepe.com.br\/cri\/#organization"},"potentialAction":[{"@type":"SearchAction","target":{"@type":"EntryPoint","urlTemplate":"https:\/\/diariodepe.com.br\/cri\/?s={search_term_string}"},"query-input":{"@type":"PropertyValueSpecification","valueRequired":true,"valueName":"search_term_string"}}],"inLanguage":"pt-BR"},{"@type":"Organization","@id":"https:\/\/diariodepe.com.br\/cri\/#organization","name":"CRI e Diario de Pernambuco","url":"https:\/\/diariodepe.com.br\/cri\/","logo":{"@type":"ImageObject","inLanguage":"pt-BR","@id":"https:\/\/diariodepe.com.br\/cri\/#\/schema\/logo\/image\/","url":"https:\/\/diariodepe.com.br\/cri\/wp-content\/uploads\/sites\/2\/2022\/12\/cropped-Logo.jpg","contentUrl":"https:\/\/diariodepe.com.br\/cri\/wp-content\/uploads\/sites\/2\/2022\/12\/cropped-Logo.jpg","width":700,"height":59,"caption":"CRI e Diario de Pernambuco"},"image":{"@id":"https:\/\/diariodepe.com.br\/cri\/#\/schema\/logo\/image\/"}},{"@type":"Person","@id":"https:\/\/diariodepe.com.br\/cri\/#\/schema\/person\/121bb28d84f1a5b1205ef4ce9c2e0c6b","name":"Ismael Lucas S. Pereira","image":{"@type":"ImageObject","inLanguage":"pt-BR","@id":"https:\/\/secure.gravatar.com\/avatar\/887a0f3b5a7ceea963a48499fb883ffce6b5037362def025c52c2505b15d63e4?s=96&d=mm&r=g","url":"https:\/\/secure.gravatar.com\/avatar\/887a0f3b5a7ceea963a48499fb883ffce6b5037362def025c52c2505b15d63e4?s=96&d=mm&r=g","contentUrl":"https:\/\/secure.gravatar.com\/avatar\/887a0f3b5a7ceea963a48499fb883ffce6b5037362def025c52c2505b15d63e4?s=96&d=mm&r=g","caption":"Ismael Lucas S. Pereira"},"url":"https:\/\/diariodepe.com.br\/cri\/author\/ismael-lucas\/"}]}},"cc_featured_image_caption":{"caption_text":false,"source_text":false,"source_url":false},"amp_enabled":true,"_links":{"self":[{"href":"https:\/\/diariodepe.com.br\/cri\/wp-json\/wp\/v2\/posts\/6800","targetHints":{"allow":["GET"]}}],"collection":[{"href":"https:\/\/diariodepe.com.br\/cri\/wp-json\/wp\/v2\/posts"}],"about":[{"href":"https:\/\/diariodepe.com.br\/cri\/wp-json\/wp\/v2\/types\/post"}],"author":[{"embeddable":true,"href":"https:\/\/diariodepe.com.br\/cri\/wp-json\/wp\/v2\/users\/2"}],"replies":[{"embeddable":true,"href":"https:\/\/diariodepe.com.br\/cri\/wp-json\/wp\/v2\/comments?post=6800"}],"version-history":[{"count":1,"href":"https:\/\/diariodepe.com.br\/cri\/wp-json\/wp\/v2\/posts\/6800\/revisions"}],"predecessor-version":[{"id":6802,"href":"https:\/\/diariodepe.com.br\/cri\/wp-json\/wp\/v2\/posts\/6800\/revisions\/6802"}],"wp:featuredmedia":[{"embeddable":true,"href":"https:\/\/diariodepe.com.br\/cri\/wp-json\/wp\/v2\/media\/6801"}],"wp:attachment":[{"href":"https:\/\/diariodepe.com.br\/cri\/wp-json\/wp\/v2\/media?parent=6800"}],"wp:term":[{"taxonomy":"category","embeddable":true,"href":"https:\/\/diariodepe.com.br\/cri\/wp-json\/wp\/v2\/categories?post=6800"},{"taxonomy":"post_tag","embeddable":true,"href":"https:\/\/diariodepe.com.br\/cri\/wp-json\/wp\/v2\/tags?post=6800"}],"curies":[{"name":"wp","href":"https:\/\/api.w.org\/{rel}","templated":true}]}}