{"id":680,"date":"2023-03-01T03:56:54","date_gmt":"2023-03-01T06:56:54","guid":{"rendered":"https:\/\/diariodepe.com.br\/cri\/?p=680"},"modified":"2023-03-01T03:56:55","modified_gmt":"2023-03-01T06:56:55","slug":"presidente-russo-recebe-alto-diplomata-chines","status":"publish","type":"post","link":"https:\/\/diariodepe.com.br\/cri\/2023\/03\/01\/presidente-russo-recebe-alto-diplomata-chines\/","title":{"rendered":"<strong>Presidente russo recebe alto diplomata chin\u00eas<\/strong>"},"content":{"rendered":"\n<p>O presidente russo, Vladimir, Putin, encontrou-se nesta quarta-feira em Moscou com o membro do Bir\u00f4 Pol\u00edtico do Comit\u00ea Central do Partido Comunista da China (PCCh) e diretor do escrit\u00f3rio da Comiss\u00e3o de Assuntos Exteriores do Comit\u00ea Central do PCCh, Wang Yi.<\/p>\n\n\n\n<p>O alto diplomata transferiu os cumprimentos atenciosos do presidente chin\u00eas, Xi Jinping, a Putin. Ele disse que, no final do ano passado, o presidente Xi Jinping e o presidente Putin realizaram uma videoconfer\u00eancia importante, indicando a dire\u00e7\u00e3o para as rela\u00e7\u00f5es entre os dois pa\u00edses no novo ano.<\/p>\n\n\n\n<p>Wang Yi apontou que a atual situa\u00e7\u00e3o internacional \u00e9 complicada e severa, mas o relacionamento sino-russo passou por testes de mudan\u00e7as da conjuntura internacional e \u00e9 maduro, s\u00f3lido e tenaz. Riscos e caos sempre surgiram, mas os desafios v\u00eam junto com as oportunidades, o que \u00e9 mesmo a dial\u00e9tica hist\u00f3rica.<\/p>\n\n\n\n<p>O alto diplomata chin\u00eas assinalou que a parceria estrat\u00e9gica integral da nova era entre a China e a R\u00fassia n\u00e3o \u00e9 dirigida contra nenhuma terceira parte e tamb\u00e9m n\u00e3o \u00e9 interferida por outros, nem aceita coa\u00e7\u00e3o alheia. Ele explicou que os la\u00e7os bilaterais possuem bases pol\u00edtica, econ\u00f4mica e cultural fixas e permanecem tranquilos e s\u00f3brios baseando-se no resumo das experi\u00eancias da hist\u00f3rica. Muito mais, isso se deve ao fato de que a multipolariza\u00e7\u00e3o mundial e a democratiza\u00e7\u00e3o das rela\u00e7\u00f5es internacionais, defendidas por ambas as partes, correspondem ao desejo da maioria dos pa\u00edses.<\/p>\n\n\n\n<p>Conforme Wang Yi, a China quer trabalhar junto com a R\u00fassia para manter a firmeza estrat\u00e9gica, aprofundar a confian\u00e7a pol\u00edtica m\u00fatua, refor\u00e7ar a colabora\u00e7\u00e3o estrat\u00e9gica, ampliar a coopera\u00e7\u00e3o pragm\u00e1tica, garantir os interesses justos dos dois pa\u00edses e desempenhar um papel construtivo na promo\u00e7\u00e3o da paz e do desenvolvimento mundial.<\/p>\n\n\n\n<p>Putin pediu a Wang Yi transmitir seus cumprimentos sinceros ao presidente Xi Jinping. O l\u00edder russo afirmou que o 20\u00ba Congresso Nacional do Partido Comunista da China abriu novas perspectivas para o desenvolvimento chin\u00eas. As rela\u00e7\u00f5es sino-russas est\u00e3o avan\u00e7ando rumo \u00e0 dire\u00e7\u00e3o j\u00e1 definida. Os dois pa\u00edses obtiveram resultados frut\u00edferos na coopera\u00e7\u00e3o e coordena\u00e7\u00e3o em diferentes setores e em mecanismos multilaterais, como a Organiza\u00e7\u00e3o de Coopera\u00e7\u00e3o de Shanghai e o Brics. As duas partes tamb\u00e9m est\u00e3o consolidando a coordena\u00e7\u00e3o em assuntos internacionais, o que tem um grande significado para a democratiza\u00e7\u00e3o das rela\u00e7\u00f5es internacionais e o equil\u00edbrio e estabilidade do enquadramento internacional.<\/p>\n\n\n\n<p>Putin e Wang Yi tamb\u00e9m trocaram opini\u00f5es sobre a quest\u00e3o da Ucr\u00e2nia. O alto diplomata chin\u00eas elogiou a reitera\u00e7\u00e3o russa pela vontade de resolver a quest\u00e3o mediante di\u00e1logo e negocia\u00e7\u00e3o. A China, como sempre, manter\u00e1 uma posi\u00e7\u00e3o objetiva e justa e est\u00e1 disposta a ter uma fun\u00e7\u00e3o construtiva para a resolu\u00e7\u00e3o da crise por meios pol\u00edticos.<\/p>\n","protected":false},"excerpt":{"rendered":"<p>O presidente russo, Vladimir, Putin, encontrou-se nesta quarta-feira em Moscou com o membro do Bir\u00f4 Pol\u00edtico do Comit\u00ea Central do Partido Comunista da China (PCCh) e diretor do escrit\u00f3rio da Comiss\u00e3o de Assuntos Exteriores do Comit\u00ea Central do PCCh, Wang&#8230;<\/p>\n","protected":false},"author":2,"featured_media":0,"comment_status":"open","ping_status":"open","sticky":false,"template":"","format":"standard","meta":{"footnotes":""},"categories":[8],"tags":[],"class_list":["post-680","post","type-post","status-publish","format-standard","hentry","category-internacional"],"yoast_head":"<!-- This site is optimized with the Yoast SEO plugin v27.4 - https:\/\/yoast.com\/product\/yoast-seo-wordpress\/ -->\n<title>Presidente russo recebe alto diplomata chin\u00eas - CRI e Diario de Pernambuco<\/title>\n<meta name=\"robots\" content=\"index, follow, max-snippet:-1, max-image-preview:large, max-video-preview:-1\" \/>\n<link rel=\"canonical\" href=\"https:\/\/diariodepe.com.br\/cri\/2023\/03\/01\/presidente-russo-recebe-alto-diplomata-chines\/\" \/>\n<meta property=\"og:locale\" content=\"pt_BR\" \/>\n<meta property=\"og:type\" content=\"article\" \/>\n<meta property=\"og:title\" content=\"Presidente russo recebe alto diplomata chin\u00eas - CRI e Diario de Pernambuco\" \/>\n<meta property=\"og:description\" content=\"O presidente russo, Vladimir, Putin, encontrou-se nesta quarta-feira em Moscou com o membro do Bir\u00f4 Pol\u00edtico do Comit\u00ea Central do Partido Comunista da China (PCCh) e diretor do escrit\u00f3rio da Comiss\u00e3o de Assuntos Exteriores do Comit\u00ea Central do PCCh, Wang...\" \/>\n<meta property=\"og:url\" content=\"https:\/\/diariodepe.com.br\/cri\/2023\/03\/01\/presidente-russo-recebe-alto-diplomata-chines\/\" \/>\n<meta property=\"og:site_name\" content=\"CRI e Diario de Pernambuco\" \/>\n<meta property=\"article:published_time\" content=\"2023-03-01T06:56:54+00:00\" \/>\n<meta property=\"article:modified_time\" content=\"2023-03-01T06:56:55+00:00\" \/>\n<meta name=\"author\" content=\"Ismael Lucas S. Pereira\" \/>\n<meta name=\"twitter:card\" content=\"summary_large_image\" \/>\n<meta name=\"twitter:label1\" content=\"Escrito por\" \/>\n\t<meta name=\"twitter:data1\" content=\"Ismael Lucas S. Pereira\" \/>\n\t<meta name=\"twitter:label2\" content=\"Est. tempo de leitura\" \/>\n\t<meta name=\"twitter:data2\" content=\"3 minutos\" \/>\n<script type=\"application\/ld+json\" class=\"yoast-schema-graph\">{\"@context\":\"https:\\\/\\\/schema.org\",\"@graph\":[{\"@type\":\"Article\",\"@id\":\"https:\\\/\\\/diariodepe.com.br\\\/cri\\\/2023\\\/03\\\/01\\\/presidente-russo-recebe-alto-diplomata-chines\\\/#article\",\"isPartOf\":{\"@id\":\"https:\\\/\\\/diariodepe.com.br\\\/cri\\\/2023\\\/03\\\/01\\\/presidente-russo-recebe-alto-diplomata-chines\\\/\"},\"author\":{\"name\":\"Ismael Lucas S. Pereira\",\"@id\":\"https:\\\/\\\/diariodepe.com.br\\\/cri\\\/#\\\/schema\\\/person\\\/121bb28d84f1a5b1205ef4ce9c2e0c6b\"},\"headline\":\"Presidente russo recebe alto diplomata chin\u00eas\",\"datePublished\":\"2023-03-01T06:56:54+00:00\",\"dateModified\":\"2023-03-01T06:56:55+00:00\",\"mainEntityOfPage\":{\"@id\":\"https:\\\/\\\/diariodepe.com.br\\\/cri\\\/2023\\\/03\\\/01\\\/presidente-russo-recebe-alto-diplomata-chines\\\/\"},\"wordCount\":511,\"commentCount\":0,\"publisher\":{\"@id\":\"https:\\\/\\\/diariodepe.com.br\\\/cri\\\/#organization\"},\"articleSection\":[\"Internacional\"],\"inLanguage\":\"pt-BR\",\"potentialAction\":[{\"@type\":\"CommentAction\",\"name\":\"Comment\",\"target\":[\"https:\\\/\\\/diariodepe.com.br\\\/cri\\\/2023\\\/03\\\/01\\\/presidente-russo-recebe-alto-diplomata-chines\\\/#respond\"]}]},{\"@type\":\"WebPage\",\"@id\":\"https:\\\/\\\/diariodepe.com.br\\\/cri\\\/2023\\\/03\\\/01\\\/presidente-russo-recebe-alto-diplomata-chines\\\/\",\"url\":\"https:\\\/\\\/diariodepe.com.br\\\/cri\\\/2023\\\/03\\\/01\\\/presidente-russo-recebe-alto-diplomata-chines\\\/\",\"name\":\"Presidente russo recebe alto diplomata chin\u00eas - CRI e Diario de Pernambuco\",\"isPartOf\":{\"@id\":\"https:\\\/\\\/diariodepe.com.br\\\/cri\\\/#website\"},\"datePublished\":\"2023-03-01T06:56:54+00:00\",\"dateModified\":\"2023-03-01T06:56:55+00:00\",\"breadcrumb\":{\"@id\":\"https:\\\/\\\/diariodepe.com.br\\\/cri\\\/2023\\\/03\\\/01\\\/presidente-russo-recebe-alto-diplomata-chines\\\/#breadcrumb\"},\"inLanguage\":\"pt-BR\",\"potentialAction\":[{\"@type\":\"ReadAction\",\"target\":[\"https:\\\/\\\/diariodepe.com.br\\\/cri\\\/2023\\\/03\\\/01\\\/presidente-russo-recebe-alto-diplomata-chines\\\/\"]}]},{\"@type\":\"BreadcrumbList\",\"@id\":\"https:\\\/\\\/diariodepe.com.br\\\/cri\\\/2023\\\/03\\\/01\\\/presidente-russo-recebe-alto-diplomata-chines\\\/#breadcrumb\",\"itemListElement\":[{\"@type\":\"ListItem\",\"position\":1,\"name\":\"In\u00edcio\",\"item\":\"https:\\\/\\\/diariodepe.com.br\\\/cri\\\/\"},{\"@type\":\"ListItem\",\"position\":2,\"name\":\"Presidente russo recebe alto diplomata chin\u00eas\"}]},{\"@type\":\"WebSite\",\"@id\":\"https:\\\/\\\/diariodepe.com.br\\\/cri\\\/#website\",\"url\":\"https:\\\/\\\/diariodepe.com.br\\\/cri\\\/\",\"name\":\"CRI e Diario de Pernambuco\",\"description\":\"R\u00e1dio Internacional da China\",\"publisher\":{\"@id\":\"https:\\\/\\\/diariodepe.com.br\\\/cri\\\/#organization\"},\"potentialAction\":[{\"@type\":\"SearchAction\",\"target\":{\"@type\":\"EntryPoint\",\"urlTemplate\":\"https:\\\/\\\/diariodepe.com.br\\\/cri\\\/?s={search_term_string}\"},\"query-input\":{\"@type\":\"PropertyValueSpecification\",\"valueRequired\":true,\"valueName\":\"search_term_string\"}}],\"inLanguage\":\"pt-BR\"},{\"@type\":\"Organization\",\"@id\":\"https:\\\/\\\/diariodepe.com.br\\\/cri\\\/#organization\",\"name\":\"CRI e Diario de Pernambuco\",\"url\":\"https:\\\/\\\/diariodepe.com.br\\\/cri\\\/\",\"logo\":{\"@type\":\"ImageObject\",\"inLanguage\":\"pt-BR\",\"@id\":\"https:\\\/\\\/diariodepe.com.br\\\/cri\\\/#\\\/schema\\\/logo\\\/image\\\/\",\"url\":\"https:\\\/\\\/diariodepe.com.br\\\/cri\\\/wp-content\\\/uploads\\\/sites\\\/2\\\/2022\\\/12\\\/cropped-Logo.jpg\",\"contentUrl\":\"https:\\\/\\\/diariodepe.com.br\\\/cri\\\/wp-content\\\/uploads\\\/sites\\\/2\\\/2022\\\/12\\\/cropped-Logo.jpg\",\"width\":700,\"height\":59,\"caption\":\"CRI e Diario de Pernambuco\"},\"image\":{\"@id\":\"https:\\\/\\\/diariodepe.com.br\\\/cri\\\/#\\\/schema\\\/logo\\\/image\\\/\"}},{\"@type\":\"Person\",\"@id\":\"https:\\\/\\\/diariodepe.com.br\\\/cri\\\/#\\\/schema\\\/person\\\/121bb28d84f1a5b1205ef4ce9c2e0c6b\",\"name\":\"Ismael Lucas S. Pereira\",\"image\":{\"@type\":\"ImageObject\",\"inLanguage\":\"pt-BR\",\"@id\":\"https:\\\/\\\/secure.gravatar.com\\\/avatar\\\/887a0f3b5a7ceea963a48499fb883ffce6b5037362def025c52c2505b15d63e4?s=96&d=mm&r=g\",\"url\":\"https:\\\/\\\/secure.gravatar.com\\\/avatar\\\/887a0f3b5a7ceea963a48499fb883ffce6b5037362def025c52c2505b15d63e4?s=96&d=mm&r=g\",\"contentUrl\":\"https:\\\/\\\/secure.gravatar.com\\\/avatar\\\/887a0f3b5a7ceea963a48499fb883ffce6b5037362def025c52c2505b15d63e4?s=96&d=mm&r=g\",\"caption\":\"Ismael Lucas S. Pereira\"},\"url\":\"https:\\\/\\\/diariodepe.com.br\\\/cri\\\/author\\\/ismael-lucas\\\/\"}]}<\/script>\n<!-- \/ Yoast SEO plugin. -->","yoast_head_json":{"title":"Presidente russo recebe alto diplomata chin\u00eas - CRI e Diario de Pernambuco","robots":{"index":"index","follow":"follow","max-snippet":"max-snippet:-1","max-image-preview":"max-image-preview:large","max-video-preview":"max-video-preview:-1"},"canonical":"https:\/\/diariodepe.com.br\/cri\/2023\/03\/01\/presidente-russo-recebe-alto-diplomata-chines\/","og_locale":"pt_BR","og_type":"article","og_title":"Presidente russo recebe alto diplomata chin\u00eas - CRI e Diario de Pernambuco","og_description":"O presidente russo, Vladimir, Putin, encontrou-se nesta quarta-feira em Moscou com o membro do Bir\u00f4 Pol\u00edtico do Comit\u00ea Central do Partido Comunista da China (PCCh) e diretor do escrit\u00f3rio da Comiss\u00e3o de Assuntos Exteriores do Comit\u00ea Central do PCCh, Wang...","og_url":"https:\/\/diariodepe.com.br\/cri\/2023\/03\/01\/presidente-russo-recebe-alto-diplomata-chines\/","og_site_name":"CRI e Diario de Pernambuco","article_published_time":"2023-03-01T06:56:54+00:00","article_modified_time":"2023-03-01T06:56:55+00:00","author":"Ismael Lucas S. Pereira","twitter_card":"summary_large_image","twitter_misc":{"Escrito por":"Ismael Lucas S. Pereira","Est. tempo de leitura":"3 minutos"},"schema":{"@context":"https:\/\/schema.org","@graph":[{"@type":"Article","@id":"https:\/\/diariodepe.com.br\/cri\/2023\/03\/01\/presidente-russo-recebe-alto-diplomata-chines\/#article","isPartOf":{"@id":"https:\/\/diariodepe.com.br\/cri\/2023\/03\/01\/presidente-russo-recebe-alto-diplomata-chines\/"},"author":{"name":"Ismael Lucas S. Pereira","@id":"https:\/\/diariodepe.com.br\/cri\/#\/schema\/person\/121bb28d84f1a5b1205ef4ce9c2e0c6b"},"headline":"Presidente russo recebe alto diplomata chin\u00eas","datePublished":"2023-03-01T06:56:54+00:00","dateModified":"2023-03-01T06:56:55+00:00","mainEntityOfPage":{"@id":"https:\/\/diariodepe.com.br\/cri\/2023\/03\/01\/presidente-russo-recebe-alto-diplomata-chines\/"},"wordCount":511,"commentCount":0,"publisher":{"@id":"https:\/\/diariodepe.com.br\/cri\/#organization"},"articleSection":["Internacional"],"inLanguage":"pt-BR","potentialAction":[{"@type":"CommentAction","name":"Comment","target":["https:\/\/diariodepe.com.br\/cri\/2023\/03\/01\/presidente-russo-recebe-alto-diplomata-chines\/#respond"]}]},{"@type":"WebPage","@id":"https:\/\/diariodepe.com.br\/cri\/2023\/03\/01\/presidente-russo-recebe-alto-diplomata-chines\/","url":"https:\/\/diariodepe.com.br\/cri\/2023\/03\/01\/presidente-russo-recebe-alto-diplomata-chines\/","name":"Presidente russo recebe alto diplomata chin\u00eas - CRI e Diario de Pernambuco","isPartOf":{"@id":"https:\/\/diariodepe.com.br\/cri\/#website"},"datePublished":"2023-03-01T06:56:54+00:00","dateModified":"2023-03-01T06:56:55+00:00","breadcrumb":{"@id":"https:\/\/diariodepe.com.br\/cri\/2023\/03\/01\/presidente-russo-recebe-alto-diplomata-chines\/#breadcrumb"},"inLanguage":"pt-BR","potentialAction":[{"@type":"ReadAction","target":["https:\/\/diariodepe.com.br\/cri\/2023\/03\/01\/presidente-russo-recebe-alto-diplomata-chines\/"]}]},{"@type":"BreadcrumbList","@id":"https:\/\/diariodepe.com.br\/cri\/2023\/03\/01\/presidente-russo-recebe-alto-diplomata-chines\/#breadcrumb","itemListElement":[{"@type":"ListItem","position":1,"name":"In\u00edcio","item":"https:\/\/diariodepe.com.br\/cri\/"},{"@type":"ListItem","position":2,"name":"Presidente russo recebe alto diplomata chin\u00eas"}]},{"@type":"WebSite","@id":"https:\/\/diariodepe.com.br\/cri\/#website","url":"https:\/\/diariodepe.com.br\/cri\/","name":"CRI e Diario de Pernambuco","description":"R\u00e1dio Internacional da China","publisher":{"@id":"https:\/\/diariodepe.com.br\/cri\/#organization"},"potentialAction":[{"@type":"SearchAction","target":{"@type":"EntryPoint","urlTemplate":"https:\/\/diariodepe.com.br\/cri\/?s={search_term_string}"},"query-input":{"@type":"PropertyValueSpecification","valueRequired":true,"valueName":"search_term_string"}}],"inLanguage":"pt-BR"},{"@type":"Organization","@id":"https:\/\/diariodepe.com.br\/cri\/#organization","name":"CRI e Diario de Pernambuco","url":"https:\/\/diariodepe.com.br\/cri\/","logo":{"@type":"ImageObject","inLanguage":"pt-BR","@id":"https:\/\/diariodepe.com.br\/cri\/#\/schema\/logo\/image\/","url":"https:\/\/diariodepe.com.br\/cri\/wp-content\/uploads\/sites\/2\/2022\/12\/cropped-Logo.jpg","contentUrl":"https:\/\/diariodepe.com.br\/cri\/wp-content\/uploads\/sites\/2\/2022\/12\/cropped-Logo.jpg","width":700,"height":59,"caption":"CRI e Diario de Pernambuco"},"image":{"@id":"https:\/\/diariodepe.com.br\/cri\/#\/schema\/logo\/image\/"}},{"@type":"Person","@id":"https:\/\/diariodepe.com.br\/cri\/#\/schema\/person\/121bb28d84f1a5b1205ef4ce9c2e0c6b","name":"Ismael Lucas S. Pereira","image":{"@type":"ImageObject","inLanguage":"pt-BR","@id":"https:\/\/secure.gravatar.com\/avatar\/887a0f3b5a7ceea963a48499fb883ffce6b5037362def025c52c2505b15d63e4?s=96&d=mm&r=g","url":"https:\/\/secure.gravatar.com\/avatar\/887a0f3b5a7ceea963a48499fb883ffce6b5037362def025c52c2505b15d63e4?s=96&d=mm&r=g","contentUrl":"https:\/\/secure.gravatar.com\/avatar\/887a0f3b5a7ceea963a48499fb883ffce6b5037362def025c52c2505b15d63e4?s=96&d=mm&r=g","caption":"Ismael Lucas S. Pereira"},"url":"https:\/\/diariodepe.com.br\/cri\/author\/ismael-lucas\/"}]}},"cc_featured_image_caption":{"caption_text":"","source_text":"","source_url":""},"amp_enabled":true,"_links":{"self":[{"href":"https:\/\/diariodepe.com.br\/cri\/wp-json\/wp\/v2\/posts\/680","targetHints":{"allow":["GET"]}}],"collection":[{"href":"https:\/\/diariodepe.com.br\/cri\/wp-json\/wp\/v2\/posts"}],"about":[{"href":"https:\/\/diariodepe.com.br\/cri\/wp-json\/wp\/v2\/types\/post"}],"author":[{"embeddable":true,"href":"https:\/\/diariodepe.com.br\/cri\/wp-json\/wp\/v2\/users\/2"}],"replies":[{"embeddable":true,"href":"https:\/\/diariodepe.com.br\/cri\/wp-json\/wp\/v2\/comments?post=680"}],"version-history":[{"count":1,"href":"https:\/\/diariodepe.com.br\/cri\/wp-json\/wp\/v2\/posts\/680\/revisions"}],"predecessor-version":[{"id":681,"href":"https:\/\/diariodepe.com.br\/cri\/wp-json\/wp\/v2\/posts\/680\/revisions\/681"}],"wp:attachment":[{"href":"https:\/\/diariodepe.com.br\/cri\/wp-json\/wp\/v2\/media?parent=680"}],"wp:term":[{"taxonomy":"category","embeddable":true,"href":"https:\/\/diariodepe.com.br\/cri\/wp-json\/wp\/v2\/categories?post=680"},{"taxonomy":"post_tag","embeddable":true,"href":"https:\/\/diariodepe.com.br\/cri\/wp-json\/wp\/v2\/tags?post=680"}],"curies":[{"name":"wp","href":"https:\/\/api.w.org\/{rel}","templated":true}]}}