{"id":6798,"date":"2024-11-18T18:57:07","date_gmt":"2024-11-18T21:57:07","guid":{"rendered":"https:\/\/diariodepe.com.br\/cri\/?p=6798"},"modified":"2024-11-19T02:41:27","modified_gmt":"2024-11-19T05:41:27","slug":"texto-na-integra-discurso-do-presidente-chines-xi-jinping-sobre-reforma-das-instituicoes-da-governanca-global-na-ii-sessao-da-19a-cupula-do-g20","status":"publish","type":"post","link":"https:\/\/diariodepe.com.br\/cri\/2024\/11\/18\/texto-na-integra-discurso-do-presidente-chines-xi-jinping-sobre-reforma-das-instituicoes-da-governanca-global-na-ii-sessao-da-19a-cupula-do-g20\/","title":{"rendered":"Texto na \u00edntegra: Discurso do presidente chin\u00eas Xi Jinping sobre reforma das institui\u00e7\u00f5es da governan\u00e7a global na II Sess\u00e3o da 19\u00aa C\u00fapula do G20"},"content":{"rendered":"<p data-spm-anchor-id=\"0.0.0.i1\">O presidente chin\u00eas, Xi Jinping, proferiu um importante discurso sobre a reforma das institui\u00e7\u00f5es da governan\u00e7a global na II Sess\u00e3o da 19\u00aa C\u00fapula do G20, no Rio de Janeiro, Brasil.<\/p>\n<p>Segue o texto completo do discurso:<\/p>\n<p>Trabalhar juntos para um Sistema de<\/p>\n<p>Governan\u00e7a Global Justo e Equitativo<\/p>\n<p>Discurso por S.E. Xi Jinping<\/p>\n<p>Presidente da Rep\u00fablica Popular da China<\/p>\n<p>Sobre a Reforma das Institui\u00e7\u00f5es da Governan\u00e7a Global<\/p>\n<p>Na II Sess\u00e3o da 19\u00aa C\u00fapula do G20<\/p>\n<p>Rio de Janeiro, 18 de novembro de 2024<\/p>\n<p>Sua Excel\u00eancia o Senhor Presidente Luiz In\u00e1cio Lula da Silva,<\/p>\n<p>Colegas,<\/p>\n<p>Faz 16 anos desde que a C\u00fapula do G20 foi lan\u00e7ada. Ao longo dos anos, trabalhamos com solidariedade para tratar a crise financeira global, promover a coopera\u00e7\u00e3o na economia, finan\u00e7as e com\u00e9rcio globais, e conduzir a economia mundial \u00e0 trajet\u00f3ria de recupera\u00e7\u00e3o. Trabalhamos juntos para enfrentar os desafios globais como mudan\u00e7as clim\u00e1ticas e COVID-19, assumimos a vanguarda na transforma\u00e7\u00e3o tecnol\u00f3gica, e continuamos renovando as responsabilidades e miss\u00f5es do G20. Trabalhamos juntos para melhorar a governan\u00e7a global, refor\u00e7amos a coordena\u00e7\u00e3o das pol\u00edticas macroecon\u00f4micas, levamos adiante a reforma das institui\u00e7\u00f5es financeiras internacionais, e orientamos a coopera\u00e7\u00e3o internacional com o esp\u00edrito de consulta em p\u00e9 de igualdade e benef\u00edcios m\u00fatuos.<\/p>\n<p>Neste novo ponto de partida, o G20 deve dar continuidade \u00e0s suas realiza\u00e7\u00f5es no passado e segue atuando como uma for\u00e7a para melhorar a governan\u00e7a global e levar a hist\u00f3ria adiante. Devemos ter em mente que a humanidade vive em uma comunidade com futuro compartilhado, devemos ver o desenvolvimento de outros como oportunidades em vez de desafios, e devemos considerar outros como parceiros em vez de rivais. Devemos observar as normas b\u00e1sicas das rela\u00e7\u00f5es internacionais que se baseiam na Carta das Na\u00e7\u00f5es Unidas, e salvaguardar a ordem internacional alicer\u00e7ada no direito internacional.<\/p>\n<p>\u00c0 luz do mandato do G20, podemos construir maiores consensos internacionais nas \u00e1reas econ\u00f4mica, financeira, comercial, digital e ambiental, entre outras, com objetivo de melhorar a governan\u00e7a global e promover um mundo multipolar equitativo e ordenado e uma globaliza\u00e7\u00e3o econ\u00f4mica universalmente ben\u00e9fica e inclusiva.<\/p>\n<p>Primeiro, precisamos melhorar a governan\u00e7a econ\u00f4mica global e formar uma economia mundial caraterizada pela coopera\u00e7\u00e3o. Temos desenvolvido as estrat\u00e9gias de crescimento abrangente do G20 e estabelecido um quadro para crescimento forte, sustent\u00e1vel, equilibrado e inclusivo. Devemos nos dedicar ao fortalecimento das parcerias econ\u00f4micas globais, refor\u00e7ar a coordena\u00e7\u00e3o das pol\u00edticas macroecon\u00f4micas nas \u00e1reas fiscal, financeira, monet\u00e1ria e de reformas estruturais, cultivar for\u00e7as produtivas de nova qualidade e aumentar a produtividade total dos fatores de produ\u00e7\u00e3o, a fim de disponibilizar mais oportunidades de desenvolvimento para a economia mundial. \u00c9 importante fazer bom uso das Reuni\u00f5es de Ministros das Finan\u00e7as e Presidentes de Bancos Centrais do G20, para que estas sirvam como um lastro para a coordena\u00e7\u00e3o das pol\u00edticas macroecon\u00f4micas. Devemos tamb\u00e9m fomentar um ambiente para a coopera\u00e7\u00e3o econ\u00f4mica internacional aberto, inclusivo e n\u00e3o discriminat\u00f3rio. Como principais credores, as institui\u00e7\u00f5es financeiras internacionais e os credores comerciais, precisam fazer parte da redu\u00e7\u00e3o e suspens\u00e3o do servi\u00e7o das d\u00edvidas dos pa\u00edses em desenvolvimento. Tamb\u00e9m \u00e9 importante criar um ambiente de neg\u00f3cios limpo, atrav\u00e9s de manter toler\u00e2ncia zero \u00e0 corrup\u00e7\u00e3o, refor\u00e7ar a coopera\u00e7\u00e3o internacional na repatria\u00e7\u00e3o dos fugitivos e recupera\u00e7\u00e3o de ativos e negar ref\u00fagios para oficiais corruptos e seus ativos.<\/p>\n<p>Segundo, precisamos melhorar a governan\u00e7a financeira global e formar uma economia mundial caraterizada pela estabilidade. \u00c9 importante aumentar a voz e a representa\u00e7\u00e3o dos pa\u00edses em desenvolvimento. O Banco Mundial precisa levar a cabo a revis\u00e3o das participa\u00e7\u00f5es acion\u00e1rias e o Fundo Monet\u00e1rio Internacional precisa impulsionar a reformula\u00e7\u00e3o das cotas em linha com prazo e roteiro acordados. Necessitam-se dos esfor\u00e7os conjuntos para salvaguardar a estabilidade do mercado financeiro internacional e prevenir os efeitos de cont\u00e1gio dos reajustes das pol\u00edticas monet\u00e1rias dom\u00e9sticas. Os pa\u00edses desenvolvidos devem cumprir a sua responsabilidade a esse respeito. \u00c9 importante aprimorar os sistemas de monitoramento, de alerta precoce e de tratamento para os riscos financeiros, refor\u00e7ar a coopera\u00e7\u00e3o nas \u00e1reas como moeda digital e tributa\u00e7\u00e3o a fortalecer a rede de seguran\u00e7a financeira global. O Roteiro da Finan\u00e7a Sustent\u00e1vel do G20 deve ser implementado a um ritmo acelerado, para melhor satisfazer as demandas por financiamento verde dos pa\u00edses em desenvolvimento.<\/p>\n<p>Terceiro, precisamos melhorar a governan\u00e7a comercial global e formar uma economia mundial caraterizada pela abertura. Devemos colocar o desenvolvimento no centro da agenda econ\u00f4mica e comercial global, e promover a passos firmes a liberaliza\u00e7\u00e3o e a facilita\u00e7\u00e3o de com\u00e9rcio e investimento. Devemos promover a reforma da Organiza\u00e7\u00e3o Mundial do Com\u00e9rcio (OMC), nos opor ao unilateralismo e protecionismo, restaurar o funcionamento normal do mecanismo de solu\u00e7\u00e3o de controv\u00e9rsias o mais r\u00e1pido poss\u00edvel, incorporar o Acordo de Facilita\u00e7\u00e3o do Investimento para Desenvolvimento no quadro legal da OMC, e chegar ao consenso quanto antes sobre acordo de com\u00e9rcio eletr\u00f4nico. Devemos trabalhar proativamente para manter as regras da OMC relevantes, tratando os temas que j\u00e1 ficam pendentes por longo tempo, explorando a formula\u00e7\u00e3o de novas regras voltadas para o futuro, para aumentar a autoridade, efic\u00e1cia e relev\u00e2ncia do sistema comercial multilateral. \u00c9 importante evitar a politiza\u00e7\u00e3o dos assuntos econ\u00f4micos, a fragmenta\u00e7\u00e3o do mercado global e a ado\u00e7\u00e3o de medidas protecionistas usando como pretexto o desenvolvimento verde e de baixo carbono. H\u00e1 dois anos, a China e a Indon\u00e9sia, junto com outros pa\u00edses, lan\u00e7aram a Iniciativa da Coopera\u00e7\u00e3o Internacional sobre Cadeias Produtiva e de Suprimentos Resilientes e Est\u00e1veis, apelando para parcerias de cadeia produtiva e de suprimentos mais equitativas, inclusivas e construtivas. Estamos dispostos a estreitar a coopera\u00e7\u00e3o com todas as partes nesse respeito.<\/p>\n<p>Quarto, devemos melhorar a governan\u00e7a digital global e formar uma economia mundial caraterizada pela inova\u00e7\u00e3o. Devemos refor\u00e7ar a fun\u00e7\u00e3o da Reuni\u00e3o dos Ministros da Economia Digital do G20 e fazer com que essa desempenhe um papel de lideran\u00e7a na transi\u00e7\u00e3o digital, profunda integra\u00e7\u00e3o da economia digital e economia real e formula\u00e7\u00e3o de regras em \u00e1reas emergentes. Devemos fortalecer a governan\u00e7a e a coopera\u00e7\u00e3o internacional da intelig\u00eancia artificial (IA), para garantir que a IA seja utilizada para o bem e para todos, em vez de ser um jogo dos pa\u00edses e indiv\u00edduos ricos. A China sediou a Confer\u00eancia Mundial 2024 da IA e a Reuni\u00e3o de Alto N\u00edvel sobre a Governan\u00e7a Global da IA e emitiu a Declara\u00e7\u00e3o de Shanghai sobre a Governan\u00e7a Global da IA. Junto com outras partes, a China promoveu a ado\u00e7\u00e3o de uma resolu\u00e7\u00e3o da Assembleia Geral das Na\u00e7\u00f5es Unidas sobre o refor\u00e7o da coopera\u00e7\u00e3o internacional sobre a capacita\u00e7\u00e3o da IA. A China sediar\u00e1 uma outra Confer\u00eancia Mundial da IA em 2025 e d\u00e1 boas-vindas \u00e0 participa\u00e7\u00e3o de todos os membros do G20.<\/p>\n<p>Quinto, devemos melhorar a governan\u00e7a ecol\u00f3gica global e formar uma economia mundial caraterizada pela eco-amigabilidade. Devemos honrar o princ\u00edpio de responsabilidades comuns, por\u00e9m diferenciadas e implementar plena e efetivamente o Acordo de Paris e o Marco Global de Biodiversidade de Kunming-Montreal para realizar coexist\u00eancia harmoniosa entre homem e natureza. Os pa\u00edses desenvolvidos devem fornecer aos pa\u00edses em desenvolvimento apoios necess\u00e1rios em termos de capital, tecnologias e constru\u00e7\u00e3o de capacidade. Alcan\u00e7ou-se consenso importante na rec\u00e9m-conclu\u00edda Confer\u00eancia das Na\u00e7\u00f5es Unidas sobre Biodiversidade. Devemos apoiar juntos as confer\u00eancias das Na\u00e7\u00f5es Unidas sobre as mudan\u00e7as clim\u00e1ticas e desertifica\u00e7\u00e3o, que est\u00e3o em curso ou ter\u00e1 lugar j\u00e1, a alcan\u00e7ar resultados positivos. A transi\u00e7\u00e3o e a seguran\u00e7a energ\u00e9ticas \u00e9 um tema principal. Devemos seguir a abordagem de &#8220;estabelecer o novo antes de abolir o antigo&#8221;, substituir a energia tradicional com energia limpa de maneira est\u00e1vel e ordenada, e acelerar a transi\u00e7\u00e3o verde e de baixo carbono da economia mundial. A China est\u00e1 disposta a continuar aprofundando a coopera\u00e7\u00e3o internacional com todas as partes em \u00e1reas como infraestrutura verde, energia verde, minera\u00e7\u00e3o verde e transporte verde, e oferecer\u00e1 apoio aos pa\u00edses em desenvolvimento com o m\u00e1ximo que dentro das nossas capacidades.<\/p>\n<p>A governan\u00e7a da seguran\u00e7a global \u00e9 uma parte integrante da governan\u00e7a global. O G20 deve apoiar as Na\u00e7\u00f5es Unidas e o seu Conselho de Seguran\u00e7a a desempenhar um papel maior, e apoiar todos os esfor\u00e7os conducentes \u00e0 solu\u00e7\u00e3o pac\u00edfica de crises. Para desescalar a crise na Ucr\u00e2nia e buscar uma solu\u00e7\u00e3o pol\u00edtica, devemos seguir os princ\u00edpios de n\u00e3o expans\u00e3o do campo de batalha, n\u00e3o escalada dos combates e n\u00e3o inflama\u00e7\u00e3o da situa\u00e7\u00e3o por qualquer parte. A China e o Brasil, junto com outros pa\u00edses do Sul Global, criaram o grupo de Amigos da Paz para abordar a crise na Ucr\u00e2nia, cujo objetivo \u00e9 reunir mais vozes que advogam a paz. O conflito em Gaza tem trazido sofrimento pesado ao povo. \u00c9 urgente para todas as partes promover cessar-fogo, p\u00f4r fim \u00e0 guerra e oferecer apoios para aliviar a crise humanit\u00e1ria na regi\u00e3o e para a reconstru\u00e7\u00e3o p\u00f3s-guerra. O meio fundamental para acabar com o ciclo do conflito palestino-israelense reside na implementa\u00e7\u00e3o da solu\u00e7\u00e3o de Dois Estados, na restaura\u00e7\u00e3o dos direitos nacionais leg\u00edtimos da Palestina, e no estabelecimento de um Estado da Palestina independente.<\/p>\n<p>Colegas,<\/p>\n<p>Vamos renovar o nosso compromisso com a miss\u00e3o fundadora do G20, e partir de novo do Rio de Janeiro. Vamos levar adiante a parceria, praticar o verdadeiro multilateralismo e abrir um melhor futuro de desenvolvimento e prosperidade comuns!<\/p>\n<p>Obrigado.<\/p>\n","protected":false},"excerpt":{"rendered":"<p>O presidente chin\u00eas, Xi Jinping, proferiu um importante discurso sobre a reforma das institui\u00e7\u00f5es da governan\u00e7a global na II Sess\u00e3o da 19\u00aa C\u00fapula do G20, no Rio de Janeiro, Brasil. Segue o texto completo do discurso: Trabalhar juntos para um&#8230;<\/p>\n","protected":false},"author":2,"featured_media":0,"comment_status":"open","ping_status":"open","sticky":false,"template":"","format":"standard","meta":{"footnotes":""},"categories":[8],"tags":[],"class_list":["post-6798","post","type-post","status-publish","format-standard","hentry","category-internacional"],"yoast_head":"<!-- This site is optimized with the Yoast SEO plugin v27.4 - https:\/\/yoast.com\/product\/yoast-seo-wordpress\/ -->\n<title>Texto na \u00edntegra: Discurso do presidente chin\u00eas Xi Jinping sobre reforma das institui\u00e7\u00f5es da governan\u00e7a global na II Sess\u00e3o da 19\u00aa C\u00fapula do G20 - CRI e Diario de Pernambuco<\/title>\n<meta name=\"robots\" content=\"index, follow, max-snippet:-1, max-image-preview:large, max-video-preview:-1\" \/>\n<link rel=\"canonical\" href=\"https:\/\/diariodepe.com.br\/cri\/2024\/11\/18\/texto-na-integra-discurso-do-presidente-chines-xi-jinping-sobre-reforma-das-instituicoes-da-governanca-global-na-ii-sessao-da-19a-cupula-do-g20\/\" \/>\n<meta property=\"og:locale\" content=\"pt_BR\" \/>\n<meta property=\"og:type\" content=\"article\" \/>\n<meta property=\"og:title\" content=\"Texto na \u00edntegra: Discurso do presidente chin\u00eas Xi Jinping sobre reforma das institui\u00e7\u00f5es da governan\u00e7a global na II Sess\u00e3o da 19\u00aa C\u00fapula do G20 - CRI e Diario de Pernambuco\" \/>\n<meta property=\"og:description\" content=\"O presidente chin\u00eas, Xi Jinping, proferiu um importante discurso sobre a reforma das institui\u00e7\u00f5es da governan\u00e7a global na II Sess\u00e3o da 19\u00aa C\u00fapula do G20, no Rio de Janeiro, Brasil. Segue o texto completo do discurso: Trabalhar juntos para um...\" \/>\n<meta property=\"og:url\" content=\"https:\/\/diariodepe.com.br\/cri\/2024\/11\/18\/texto-na-integra-discurso-do-presidente-chines-xi-jinping-sobre-reforma-das-instituicoes-da-governanca-global-na-ii-sessao-da-19a-cupula-do-g20\/\" \/>\n<meta property=\"og:site_name\" content=\"CRI e Diario de Pernambuco\" \/>\n<meta property=\"article:published_time\" content=\"2024-11-18T21:57:07+00:00\" \/>\n<meta property=\"article:modified_time\" content=\"2024-11-19T05:41:27+00:00\" \/>\n<meta name=\"author\" content=\"Ismael Lucas S. Pereira\" \/>\n<meta name=\"twitter:card\" content=\"summary_large_image\" \/>\n<meta name=\"twitter:label1\" content=\"Escrito por\" \/>\n\t<meta name=\"twitter:data1\" content=\"Ismael Lucas S. Pereira\" \/>\n\t<meta name=\"twitter:label2\" content=\"Est. tempo de leitura\" \/>\n\t<meta name=\"twitter:data2\" content=\"9 minutos\" \/>\n<script type=\"application\/ld+json\" class=\"yoast-schema-graph\">{\"@context\":\"https:\\\/\\\/schema.org\",\"@graph\":[{\"@type\":\"Article\",\"@id\":\"https:\\\/\\\/diariodepe.com.br\\\/cri\\\/2024\\\/11\\\/18\\\/texto-na-integra-discurso-do-presidente-chines-xi-jinping-sobre-reforma-das-instituicoes-da-governanca-global-na-ii-sessao-da-19a-cupula-do-g20\\\/#article\",\"isPartOf\":{\"@id\":\"https:\\\/\\\/diariodepe.com.br\\\/cri\\\/2024\\\/11\\\/18\\\/texto-na-integra-discurso-do-presidente-chines-xi-jinping-sobre-reforma-das-instituicoes-da-governanca-global-na-ii-sessao-da-19a-cupula-do-g20\\\/\"},\"author\":{\"name\":\"Ismael Lucas S. Pereira\",\"@id\":\"https:\\\/\\\/diariodepe.com.br\\\/cri\\\/#\\\/schema\\\/person\\\/121bb28d84f1a5b1205ef4ce9c2e0c6b\"},\"headline\":\"Texto na \u00edntegra: Discurso do presidente chin\u00eas Xi Jinping sobre reforma das institui\u00e7\u00f5es da governan\u00e7a global na II Sess\u00e3o da 19\u00aa C\u00fapula do G20\",\"datePublished\":\"2024-11-18T21:57:07+00:00\",\"dateModified\":\"2024-11-19T05:41:27+00:00\",\"mainEntityOfPage\":{\"@id\":\"https:\\\/\\\/diariodepe.com.br\\\/cri\\\/2024\\\/11\\\/18\\\/texto-na-integra-discurso-do-presidente-chines-xi-jinping-sobre-reforma-das-instituicoes-da-governanca-global-na-ii-sessao-da-19a-cupula-do-g20\\\/\"},\"wordCount\":1726,\"commentCount\":0,\"publisher\":{\"@id\":\"https:\\\/\\\/diariodepe.com.br\\\/cri\\\/#organization\"},\"articleSection\":[\"Internacional\"],\"inLanguage\":\"pt-BR\",\"potentialAction\":[{\"@type\":\"CommentAction\",\"name\":\"Comment\",\"target\":[\"https:\\\/\\\/diariodepe.com.br\\\/cri\\\/2024\\\/11\\\/18\\\/texto-na-integra-discurso-do-presidente-chines-xi-jinping-sobre-reforma-das-instituicoes-da-governanca-global-na-ii-sessao-da-19a-cupula-do-g20\\\/#respond\"]}]},{\"@type\":\"WebPage\",\"@id\":\"https:\\\/\\\/diariodepe.com.br\\\/cri\\\/2024\\\/11\\\/18\\\/texto-na-integra-discurso-do-presidente-chines-xi-jinping-sobre-reforma-das-instituicoes-da-governanca-global-na-ii-sessao-da-19a-cupula-do-g20\\\/\",\"url\":\"https:\\\/\\\/diariodepe.com.br\\\/cri\\\/2024\\\/11\\\/18\\\/texto-na-integra-discurso-do-presidente-chines-xi-jinping-sobre-reforma-das-instituicoes-da-governanca-global-na-ii-sessao-da-19a-cupula-do-g20\\\/\",\"name\":\"Texto na \u00edntegra: Discurso do presidente chin\u00eas Xi Jinping sobre reforma das institui\u00e7\u00f5es da governan\u00e7a global na II Sess\u00e3o da 19\u00aa C\u00fapula do G20 - CRI e Diario de Pernambuco\",\"isPartOf\":{\"@id\":\"https:\\\/\\\/diariodepe.com.br\\\/cri\\\/#website\"},\"datePublished\":\"2024-11-18T21:57:07+00:00\",\"dateModified\":\"2024-11-19T05:41:27+00:00\",\"breadcrumb\":{\"@id\":\"https:\\\/\\\/diariodepe.com.br\\\/cri\\\/2024\\\/11\\\/18\\\/texto-na-integra-discurso-do-presidente-chines-xi-jinping-sobre-reforma-das-instituicoes-da-governanca-global-na-ii-sessao-da-19a-cupula-do-g20\\\/#breadcrumb\"},\"inLanguage\":\"pt-BR\",\"potentialAction\":[{\"@type\":\"ReadAction\",\"target\":[\"https:\\\/\\\/diariodepe.com.br\\\/cri\\\/2024\\\/11\\\/18\\\/texto-na-integra-discurso-do-presidente-chines-xi-jinping-sobre-reforma-das-instituicoes-da-governanca-global-na-ii-sessao-da-19a-cupula-do-g20\\\/\"]}]},{\"@type\":\"BreadcrumbList\",\"@id\":\"https:\\\/\\\/diariodepe.com.br\\\/cri\\\/2024\\\/11\\\/18\\\/texto-na-integra-discurso-do-presidente-chines-xi-jinping-sobre-reforma-das-instituicoes-da-governanca-global-na-ii-sessao-da-19a-cupula-do-g20\\\/#breadcrumb\",\"itemListElement\":[{\"@type\":\"ListItem\",\"position\":1,\"name\":\"In\u00edcio\",\"item\":\"https:\\\/\\\/diariodepe.com.br\\\/cri\\\/\"},{\"@type\":\"ListItem\",\"position\":2,\"name\":\"Texto na \u00edntegra: Discurso do presidente chin\u00eas Xi Jinping sobre reforma das institui\u00e7\u00f5es da governan\u00e7a global na II Sess\u00e3o da 19\u00aa C\u00fapula do G20\"}]},{\"@type\":\"WebSite\",\"@id\":\"https:\\\/\\\/diariodepe.com.br\\\/cri\\\/#website\",\"url\":\"https:\\\/\\\/diariodepe.com.br\\\/cri\\\/\",\"name\":\"CRI e Diario de Pernambuco\",\"description\":\"R\u00e1dio Internacional da China\",\"publisher\":{\"@id\":\"https:\\\/\\\/diariodepe.com.br\\\/cri\\\/#organization\"},\"potentialAction\":[{\"@type\":\"SearchAction\",\"target\":{\"@type\":\"EntryPoint\",\"urlTemplate\":\"https:\\\/\\\/diariodepe.com.br\\\/cri\\\/?s={search_term_string}\"},\"query-input\":{\"@type\":\"PropertyValueSpecification\",\"valueRequired\":true,\"valueName\":\"search_term_string\"}}],\"inLanguage\":\"pt-BR\"},{\"@type\":\"Organization\",\"@id\":\"https:\\\/\\\/diariodepe.com.br\\\/cri\\\/#organization\",\"name\":\"CRI e Diario de Pernambuco\",\"url\":\"https:\\\/\\\/diariodepe.com.br\\\/cri\\\/\",\"logo\":{\"@type\":\"ImageObject\",\"inLanguage\":\"pt-BR\",\"@id\":\"https:\\\/\\\/diariodepe.com.br\\\/cri\\\/#\\\/schema\\\/logo\\\/image\\\/\",\"url\":\"https:\\\/\\\/diariodepe.com.br\\\/cri\\\/wp-content\\\/uploads\\\/sites\\\/2\\\/2022\\\/12\\\/cropped-Logo.jpg\",\"contentUrl\":\"https:\\\/\\\/diariodepe.com.br\\\/cri\\\/wp-content\\\/uploads\\\/sites\\\/2\\\/2022\\\/12\\\/cropped-Logo.jpg\",\"width\":700,\"height\":59,\"caption\":\"CRI e Diario de Pernambuco\"},\"image\":{\"@id\":\"https:\\\/\\\/diariodepe.com.br\\\/cri\\\/#\\\/schema\\\/logo\\\/image\\\/\"}},{\"@type\":\"Person\",\"@id\":\"https:\\\/\\\/diariodepe.com.br\\\/cri\\\/#\\\/schema\\\/person\\\/121bb28d84f1a5b1205ef4ce9c2e0c6b\",\"name\":\"Ismael Lucas S. Pereira\",\"image\":{\"@type\":\"ImageObject\",\"inLanguage\":\"pt-BR\",\"@id\":\"https:\\\/\\\/secure.gravatar.com\\\/avatar\\\/887a0f3b5a7ceea963a48499fb883ffce6b5037362def025c52c2505b15d63e4?s=96&d=mm&r=g\",\"url\":\"https:\\\/\\\/secure.gravatar.com\\\/avatar\\\/887a0f3b5a7ceea963a48499fb883ffce6b5037362def025c52c2505b15d63e4?s=96&d=mm&r=g\",\"contentUrl\":\"https:\\\/\\\/secure.gravatar.com\\\/avatar\\\/887a0f3b5a7ceea963a48499fb883ffce6b5037362def025c52c2505b15d63e4?s=96&d=mm&r=g\",\"caption\":\"Ismael Lucas S. Pereira\"},\"url\":\"https:\\\/\\\/diariodepe.com.br\\\/cri\\\/author\\\/ismael-lucas\\\/\"}]}<\/script>\n<!-- \/ Yoast SEO plugin. -->","yoast_head_json":{"title":"Texto na \u00edntegra: Discurso do presidente chin\u00eas Xi Jinping sobre reforma das institui\u00e7\u00f5es da governan\u00e7a global na II Sess\u00e3o da 19\u00aa C\u00fapula do G20 - CRI e Diario de Pernambuco","robots":{"index":"index","follow":"follow","max-snippet":"max-snippet:-1","max-image-preview":"max-image-preview:large","max-video-preview":"max-video-preview:-1"},"canonical":"https:\/\/diariodepe.com.br\/cri\/2024\/11\/18\/texto-na-integra-discurso-do-presidente-chines-xi-jinping-sobre-reforma-das-instituicoes-da-governanca-global-na-ii-sessao-da-19a-cupula-do-g20\/","og_locale":"pt_BR","og_type":"article","og_title":"Texto na \u00edntegra: Discurso do presidente chin\u00eas Xi Jinping sobre reforma das institui\u00e7\u00f5es da governan\u00e7a global na II Sess\u00e3o da 19\u00aa C\u00fapula do G20 - CRI e Diario de Pernambuco","og_description":"O presidente chin\u00eas, Xi Jinping, proferiu um importante discurso sobre a reforma das institui\u00e7\u00f5es da governan\u00e7a global na II Sess\u00e3o da 19\u00aa C\u00fapula do G20, no Rio de Janeiro, Brasil. Segue o texto completo do discurso: Trabalhar juntos para um...","og_url":"https:\/\/diariodepe.com.br\/cri\/2024\/11\/18\/texto-na-integra-discurso-do-presidente-chines-xi-jinping-sobre-reforma-das-instituicoes-da-governanca-global-na-ii-sessao-da-19a-cupula-do-g20\/","og_site_name":"CRI e Diario de Pernambuco","article_published_time":"2024-11-18T21:57:07+00:00","article_modified_time":"2024-11-19T05:41:27+00:00","author":"Ismael Lucas S. Pereira","twitter_card":"summary_large_image","twitter_misc":{"Escrito por":"Ismael Lucas S. Pereira","Est. tempo de leitura":"9 minutos"},"schema":{"@context":"https:\/\/schema.org","@graph":[{"@type":"Article","@id":"https:\/\/diariodepe.com.br\/cri\/2024\/11\/18\/texto-na-integra-discurso-do-presidente-chines-xi-jinping-sobre-reforma-das-instituicoes-da-governanca-global-na-ii-sessao-da-19a-cupula-do-g20\/#article","isPartOf":{"@id":"https:\/\/diariodepe.com.br\/cri\/2024\/11\/18\/texto-na-integra-discurso-do-presidente-chines-xi-jinping-sobre-reforma-das-instituicoes-da-governanca-global-na-ii-sessao-da-19a-cupula-do-g20\/"},"author":{"name":"Ismael Lucas S. Pereira","@id":"https:\/\/diariodepe.com.br\/cri\/#\/schema\/person\/121bb28d84f1a5b1205ef4ce9c2e0c6b"},"headline":"Texto na \u00edntegra: Discurso do presidente chin\u00eas Xi Jinping sobre reforma das institui\u00e7\u00f5es da governan\u00e7a global na II Sess\u00e3o da 19\u00aa C\u00fapula do G20","datePublished":"2024-11-18T21:57:07+00:00","dateModified":"2024-11-19T05:41:27+00:00","mainEntityOfPage":{"@id":"https:\/\/diariodepe.com.br\/cri\/2024\/11\/18\/texto-na-integra-discurso-do-presidente-chines-xi-jinping-sobre-reforma-das-instituicoes-da-governanca-global-na-ii-sessao-da-19a-cupula-do-g20\/"},"wordCount":1726,"commentCount":0,"publisher":{"@id":"https:\/\/diariodepe.com.br\/cri\/#organization"},"articleSection":["Internacional"],"inLanguage":"pt-BR","potentialAction":[{"@type":"CommentAction","name":"Comment","target":["https:\/\/diariodepe.com.br\/cri\/2024\/11\/18\/texto-na-integra-discurso-do-presidente-chines-xi-jinping-sobre-reforma-das-instituicoes-da-governanca-global-na-ii-sessao-da-19a-cupula-do-g20\/#respond"]}]},{"@type":"WebPage","@id":"https:\/\/diariodepe.com.br\/cri\/2024\/11\/18\/texto-na-integra-discurso-do-presidente-chines-xi-jinping-sobre-reforma-das-instituicoes-da-governanca-global-na-ii-sessao-da-19a-cupula-do-g20\/","url":"https:\/\/diariodepe.com.br\/cri\/2024\/11\/18\/texto-na-integra-discurso-do-presidente-chines-xi-jinping-sobre-reforma-das-instituicoes-da-governanca-global-na-ii-sessao-da-19a-cupula-do-g20\/","name":"Texto na \u00edntegra: Discurso do presidente chin\u00eas Xi Jinping sobre reforma das institui\u00e7\u00f5es da governan\u00e7a global na II Sess\u00e3o da 19\u00aa C\u00fapula do G20 - CRI e Diario de Pernambuco","isPartOf":{"@id":"https:\/\/diariodepe.com.br\/cri\/#website"},"datePublished":"2024-11-18T21:57:07+00:00","dateModified":"2024-11-19T05:41:27+00:00","breadcrumb":{"@id":"https:\/\/diariodepe.com.br\/cri\/2024\/11\/18\/texto-na-integra-discurso-do-presidente-chines-xi-jinping-sobre-reforma-das-instituicoes-da-governanca-global-na-ii-sessao-da-19a-cupula-do-g20\/#breadcrumb"},"inLanguage":"pt-BR","potentialAction":[{"@type":"ReadAction","target":["https:\/\/diariodepe.com.br\/cri\/2024\/11\/18\/texto-na-integra-discurso-do-presidente-chines-xi-jinping-sobre-reforma-das-instituicoes-da-governanca-global-na-ii-sessao-da-19a-cupula-do-g20\/"]}]},{"@type":"BreadcrumbList","@id":"https:\/\/diariodepe.com.br\/cri\/2024\/11\/18\/texto-na-integra-discurso-do-presidente-chines-xi-jinping-sobre-reforma-das-instituicoes-da-governanca-global-na-ii-sessao-da-19a-cupula-do-g20\/#breadcrumb","itemListElement":[{"@type":"ListItem","position":1,"name":"In\u00edcio","item":"https:\/\/diariodepe.com.br\/cri\/"},{"@type":"ListItem","position":2,"name":"Texto na \u00edntegra: Discurso do presidente chin\u00eas Xi Jinping sobre reforma das institui\u00e7\u00f5es da governan\u00e7a global na II Sess\u00e3o da 19\u00aa C\u00fapula do G20"}]},{"@type":"WebSite","@id":"https:\/\/diariodepe.com.br\/cri\/#website","url":"https:\/\/diariodepe.com.br\/cri\/","name":"CRI e Diario de Pernambuco","description":"R\u00e1dio Internacional da China","publisher":{"@id":"https:\/\/diariodepe.com.br\/cri\/#organization"},"potentialAction":[{"@type":"SearchAction","target":{"@type":"EntryPoint","urlTemplate":"https:\/\/diariodepe.com.br\/cri\/?s={search_term_string}"},"query-input":{"@type":"PropertyValueSpecification","valueRequired":true,"valueName":"search_term_string"}}],"inLanguage":"pt-BR"},{"@type":"Organization","@id":"https:\/\/diariodepe.com.br\/cri\/#organization","name":"CRI e Diario de Pernambuco","url":"https:\/\/diariodepe.com.br\/cri\/","logo":{"@type":"ImageObject","inLanguage":"pt-BR","@id":"https:\/\/diariodepe.com.br\/cri\/#\/schema\/logo\/image\/","url":"https:\/\/diariodepe.com.br\/cri\/wp-content\/uploads\/sites\/2\/2022\/12\/cropped-Logo.jpg","contentUrl":"https:\/\/diariodepe.com.br\/cri\/wp-content\/uploads\/sites\/2\/2022\/12\/cropped-Logo.jpg","width":700,"height":59,"caption":"CRI e Diario de Pernambuco"},"image":{"@id":"https:\/\/diariodepe.com.br\/cri\/#\/schema\/logo\/image\/"}},{"@type":"Person","@id":"https:\/\/diariodepe.com.br\/cri\/#\/schema\/person\/121bb28d84f1a5b1205ef4ce9c2e0c6b","name":"Ismael Lucas S. Pereira","image":{"@type":"ImageObject","inLanguage":"pt-BR","@id":"https:\/\/secure.gravatar.com\/avatar\/887a0f3b5a7ceea963a48499fb883ffce6b5037362def025c52c2505b15d63e4?s=96&d=mm&r=g","url":"https:\/\/secure.gravatar.com\/avatar\/887a0f3b5a7ceea963a48499fb883ffce6b5037362def025c52c2505b15d63e4?s=96&d=mm&r=g","contentUrl":"https:\/\/secure.gravatar.com\/avatar\/887a0f3b5a7ceea963a48499fb883ffce6b5037362def025c52c2505b15d63e4?s=96&d=mm&r=g","caption":"Ismael Lucas S. Pereira"},"url":"https:\/\/diariodepe.com.br\/cri\/author\/ismael-lucas\/"}]}},"cc_featured_image_caption":{"caption_text":false,"source_text":false,"source_url":false},"amp_enabled":true,"_links":{"self":[{"href":"https:\/\/diariodepe.com.br\/cri\/wp-json\/wp\/v2\/posts\/6798","targetHints":{"allow":["GET"]}}],"collection":[{"href":"https:\/\/diariodepe.com.br\/cri\/wp-json\/wp\/v2\/posts"}],"about":[{"href":"https:\/\/diariodepe.com.br\/cri\/wp-json\/wp\/v2\/types\/post"}],"author":[{"embeddable":true,"href":"https:\/\/diariodepe.com.br\/cri\/wp-json\/wp\/v2\/users\/2"}],"replies":[{"embeddable":true,"href":"https:\/\/diariodepe.com.br\/cri\/wp-json\/wp\/v2\/comments?post=6798"}],"version-history":[{"count":1,"href":"https:\/\/diariodepe.com.br\/cri\/wp-json\/wp\/v2\/posts\/6798\/revisions"}],"predecessor-version":[{"id":6799,"href":"https:\/\/diariodepe.com.br\/cri\/wp-json\/wp\/v2\/posts\/6798\/revisions\/6799"}],"wp:attachment":[{"href":"https:\/\/diariodepe.com.br\/cri\/wp-json\/wp\/v2\/media?parent=6798"}],"wp:term":[{"taxonomy":"category","embeddable":true,"href":"https:\/\/diariodepe.com.br\/cri\/wp-json\/wp\/v2\/categories?post=6798"},{"taxonomy":"post_tag","embeddable":true,"href":"https:\/\/diariodepe.com.br\/cri\/wp-json\/wp\/v2\/tags?post=6798"}],"curies":[{"name":"wp","href":"https:\/\/api.w.org\/{rel}","templated":true}]}}