{"id":6793,"date":"2024-11-18T17:34:18","date_gmt":"2024-11-18T20:34:18","guid":{"rendered":"https:\/\/diariodepe.com.br\/cri\/?p=6793"},"modified":"2024-11-19T02:35:46","modified_gmt":"2024-11-19T05:35:46","slug":"e-importante-evitar-politizacao-das-questoes-economicas-afirma-xi-jinping-na-cupula-do-g20","status":"publish","type":"post","link":"https:\/\/diariodepe.com.br\/cri\/2024\/11\/18\/e-importante-evitar-politizacao-das-questoes-economicas-afirma-xi-jinping-na-cupula-do-g20\/","title":{"rendered":"\u00c9 importante evitar politiza\u00e7\u00e3o das quest\u00f5es econ\u00f4micas, afirma Xi Jinping na c\u00fapula do G20"},"content":{"rendered":"<p data-spm-anchor-id=\"0.0.0.i1\">O presidente chin\u00eas, Xi Jinping, compareceu nesta segunda-feira (18) \u00e0 19\u00aa C\u00fapula do G20 no Rio de Janeiro, no Brasil.<\/p>\n<p>Na sess\u00e3o, o l\u00edder chin\u00eas destacou que \u00e9 necess\u00e1rio promover ativamente a atualiza\u00e7\u00e3o das regras da Organiza\u00e7\u00e3o Mundial do Com\u00e9rcio (OMC), abordando tanto quest\u00f5es pendentes de longo prazo quanto explorando novas normas voltadas para o futuro, a fim de aumentar a efic\u00e1cia, a relev\u00e2ncia e a autonomia do sistema comercial multilateral. \u201cDevemos evitar a politiza\u00e7\u00e3o de quest\u00f5es econ\u00f4micas, a fragmenta\u00e7\u00e3o artificial do mercado global e o uso dos termos verde e baixo carbono como pretexto para pr\u00e1ticas protecionistas\u201d, ressaltou.<\/p>\n","protected":false},"excerpt":{"rendered":"<p>O presidente chin\u00eas, Xi Jinping, compareceu nesta segunda-feira (18) \u00e0 19\u00aa C\u00fapula do G20 no Rio de Janeiro, no Brasil. Na sess\u00e3o, o l\u00edder chin\u00eas destacou que \u00e9 necess\u00e1rio promover ativamente a atualiza\u00e7\u00e3o das regras da Organiza\u00e7\u00e3o Mundial do Com\u00e9rcio&#8230;<\/p>\n","protected":false},"author":2,"featured_media":0,"comment_status":"open","ping_status":"open","sticky":false,"template":"","format":"standard","meta":{"footnotes":""},"categories":[8],"tags":[],"class_list":["post-6793","post","type-post","status-publish","format-standard","hentry","category-internacional"],"yoast_head":"<!-- This site is optimized with the Yoast SEO plugin v27.4 - https:\/\/yoast.com\/product\/yoast-seo-wordpress\/ -->\n<title>\u00c9 importante evitar politiza\u00e7\u00e3o das quest\u00f5es econ\u00f4micas, afirma Xi Jinping na c\u00fapula do G20 - CRI e Diario de Pernambuco<\/title>\n<meta name=\"robots\" content=\"index, follow, max-snippet:-1, max-image-preview:large, max-video-preview:-1\" \/>\n<link rel=\"canonical\" href=\"https:\/\/diariodepe.com.br\/cri\/2024\/11\/18\/e-importante-evitar-politizacao-das-questoes-economicas-afirma-xi-jinping-na-cupula-do-g20\/\" \/>\n<meta property=\"og:locale\" content=\"pt_BR\" \/>\n<meta property=\"og:type\" content=\"article\" \/>\n<meta property=\"og:title\" content=\"\u00c9 importante evitar politiza\u00e7\u00e3o das quest\u00f5es econ\u00f4micas, afirma Xi Jinping na c\u00fapula do G20 - CRI e Diario de Pernambuco\" \/>\n<meta property=\"og:description\" content=\"O presidente chin\u00eas, Xi Jinping, compareceu nesta segunda-feira (18) \u00e0 19\u00aa C\u00fapula do G20 no Rio de Janeiro, no Brasil. Na sess\u00e3o, o l\u00edder chin\u00eas destacou que \u00e9 necess\u00e1rio promover ativamente a atualiza\u00e7\u00e3o das regras da Organiza\u00e7\u00e3o Mundial do Com\u00e9rcio...\" \/>\n<meta property=\"og:url\" content=\"https:\/\/diariodepe.com.br\/cri\/2024\/11\/18\/e-importante-evitar-politizacao-das-questoes-economicas-afirma-xi-jinping-na-cupula-do-g20\/\" \/>\n<meta property=\"og:site_name\" content=\"CRI e Diario de Pernambuco\" \/>\n<meta property=\"article:published_time\" content=\"2024-11-18T20:34:18+00:00\" \/>\n<meta property=\"article:modified_time\" content=\"2024-11-19T05:35:46+00:00\" \/>\n<meta name=\"author\" content=\"Ismael Lucas S. Pereira\" \/>\n<meta name=\"twitter:card\" content=\"summary_large_image\" \/>\n<meta name=\"twitter:label1\" content=\"Escrito por\" \/>\n\t<meta name=\"twitter:data1\" content=\"Ismael Lucas S. Pereira\" \/>\n\t<meta name=\"twitter:label2\" content=\"Est. tempo de leitura\" \/>\n\t<meta name=\"twitter:data2\" content=\"1 minuto\" \/>\n<script type=\"application\/ld+json\" class=\"yoast-schema-graph\">{\"@context\":\"https:\\\/\\\/schema.org\",\"@graph\":[{\"@type\":\"Article\",\"@id\":\"https:\\\/\\\/diariodepe.com.br\\\/cri\\\/2024\\\/11\\\/18\\\/e-importante-evitar-politizacao-das-questoes-economicas-afirma-xi-jinping-na-cupula-do-g20\\\/#article\",\"isPartOf\":{\"@id\":\"https:\\\/\\\/diariodepe.com.br\\\/cri\\\/2024\\\/11\\\/18\\\/e-importante-evitar-politizacao-das-questoes-economicas-afirma-xi-jinping-na-cupula-do-g20\\\/\"},\"author\":{\"name\":\"Ismael Lucas S. Pereira\",\"@id\":\"https:\\\/\\\/diariodepe.com.br\\\/cri\\\/#\\\/schema\\\/person\\\/121bb28d84f1a5b1205ef4ce9c2e0c6b\"},\"headline\":\"\u00c9 importante evitar politiza\u00e7\u00e3o das quest\u00f5es econ\u00f4micas, afirma Xi Jinping na c\u00fapula do G20\",\"datePublished\":\"2024-11-18T20:34:18+00:00\",\"dateModified\":\"2024-11-19T05:35:46+00:00\",\"mainEntityOfPage\":{\"@id\":\"https:\\\/\\\/diariodepe.com.br\\\/cri\\\/2024\\\/11\\\/18\\\/e-importante-evitar-politizacao-das-questoes-economicas-afirma-xi-jinping-na-cupula-do-g20\\\/\"},\"wordCount\":129,\"commentCount\":0,\"publisher\":{\"@id\":\"https:\\\/\\\/diariodepe.com.br\\\/cri\\\/#organization\"},\"articleSection\":[\"Internacional\"],\"inLanguage\":\"pt-BR\",\"potentialAction\":[{\"@type\":\"CommentAction\",\"name\":\"Comment\",\"target\":[\"https:\\\/\\\/diariodepe.com.br\\\/cri\\\/2024\\\/11\\\/18\\\/e-importante-evitar-politizacao-das-questoes-economicas-afirma-xi-jinping-na-cupula-do-g20\\\/#respond\"]}]},{\"@type\":\"WebPage\",\"@id\":\"https:\\\/\\\/diariodepe.com.br\\\/cri\\\/2024\\\/11\\\/18\\\/e-importante-evitar-politizacao-das-questoes-economicas-afirma-xi-jinping-na-cupula-do-g20\\\/\",\"url\":\"https:\\\/\\\/diariodepe.com.br\\\/cri\\\/2024\\\/11\\\/18\\\/e-importante-evitar-politizacao-das-questoes-economicas-afirma-xi-jinping-na-cupula-do-g20\\\/\",\"name\":\"\u00c9 importante evitar politiza\u00e7\u00e3o das quest\u00f5es econ\u00f4micas, afirma Xi Jinping na c\u00fapula do G20 - CRI e Diario de Pernambuco\",\"isPartOf\":{\"@id\":\"https:\\\/\\\/diariodepe.com.br\\\/cri\\\/#website\"},\"datePublished\":\"2024-11-18T20:34:18+00:00\",\"dateModified\":\"2024-11-19T05:35:46+00:00\",\"breadcrumb\":{\"@id\":\"https:\\\/\\\/diariodepe.com.br\\\/cri\\\/2024\\\/11\\\/18\\\/e-importante-evitar-politizacao-das-questoes-economicas-afirma-xi-jinping-na-cupula-do-g20\\\/#breadcrumb\"},\"inLanguage\":\"pt-BR\",\"potentialAction\":[{\"@type\":\"ReadAction\",\"target\":[\"https:\\\/\\\/diariodepe.com.br\\\/cri\\\/2024\\\/11\\\/18\\\/e-importante-evitar-politizacao-das-questoes-economicas-afirma-xi-jinping-na-cupula-do-g20\\\/\"]}]},{\"@type\":\"BreadcrumbList\",\"@id\":\"https:\\\/\\\/diariodepe.com.br\\\/cri\\\/2024\\\/11\\\/18\\\/e-importante-evitar-politizacao-das-questoes-economicas-afirma-xi-jinping-na-cupula-do-g20\\\/#breadcrumb\",\"itemListElement\":[{\"@type\":\"ListItem\",\"position\":1,\"name\":\"In\u00edcio\",\"item\":\"https:\\\/\\\/diariodepe.com.br\\\/cri\\\/\"},{\"@type\":\"ListItem\",\"position\":2,\"name\":\"\u00c9 importante evitar politiza\u00e7\u00e3o das quest\u00f5es econ\u00f4micas, afirma Xi Jinping na c\u00fapula do G20\"}]},{\"@type\":\"WebSite\",\"@id\":\"https:\\\/\\\/diariodepe.com.br\\\/cri\\\/#website\",\"url\":\"https:\\\/\\\/diariodepe.com.br\\\/cri\\\/\",\"name\":\"CRI e Diario de Pernambuco\",\"description\":\"R\u00e1dio Internacional da China\",\"publisher\":{\"@id\":\"https:\\\/\\\/diariodepe.com.br\\\/cri\\\/#organization\"},\"potentialAction\":[{\"@type\":\"SearchAction\",\"target\":{\"@type\":\"EntryPoint\",\"urlTemplate\":\"https:\\\/\\\/diariodepe.com.br\\\/cri\\\/?s={search_term_string}\"},\"query-input\":{\"@type\":\"PropertyValueSpecification\",\"valueRequired\":true,\"valueName\":\"search_term_string\"}}],\"inLanguage\":\"pt-BR\"},{\"@type\":\"Organization\",\"@id\":\"https:\\\/\\\/diariodepe.com.br\\\/cri\\\/#organization\",\"name\":\"CRI e Diario de Pernambuco\",\"url\":\"https:\\\/\\\/diariodepe.com.br\\\/cri\\\/\",\"logo\":{\"@type\":\"ImageObject\",\"inLanguage\":\"pt-BR\",\"@id\":\"https:\\\/\\\/diariodepe.com.br\\\/cri\\\/#\\\/schema\\\/logo\\\/image\\\/\",\"url\":\"https:\\\/\\\/diariodepe.com.br\\\/cri\\\/wp-content\\\/uploads\\\/sites\\\/2\\\/2022\\\/12\\\/cropped-Logo.jpg\",\"contentUrl\":\"https:\\\/\\\/diariodepe.com.br\\\/cri\\\/wp-content\\\/uploads\\\/sites\\\/2\\\/2022\\\/12\\\/cropped-Logo.jpg\",\"width\":700,\"height\":59,\"caption\":\"CRI e Diario de Pernambuco\"},\"image\":{\"@id\":\"https:\\\/\\\/diariodepe.com.br\\\/cri\\\/#\\\/schema\\\/logo\\\/image\\\/\"}},{\"@type\":\"Person\",\"@id\":\"https:\\\/\\\/diariodepe.com.br\\\/cri\\\/#\\\/schema\\\/person\\\/121bb28d84f1a5b1205ef4ce9c2e0c6b\",\"name\":\"Ismael Lucas S. Pereira\",\"image\":{\"@type\":\"ImageObject\",\"inLanguage\":\"pt-BR\",\"@id\":\"https:\\\/\\\/secure.gravatar.com\\\/avatar\\\/887a0f3b5a7ceea963a48499fb883ffce6b5037362def025c52c2505b15d63e4?s=96&d=mm&r=g\",\"url\":\"https:\\\/\\\/secure.gravatar.com\\\/avatar\\\/887a0f3b5a7ceea963a48499fb883ffce6b5037362def025c52c2505b15d63e4?s=96&d=mm&r=g\",\"contentUrl\":\"https:\\\/\\\/secure.gravatar.com\\\/avatar\\\/887a0f3b5a7ceea963a48499fb883ffce6b5037362def025c52c2505b15d63e4?s=96&d=mm&r=g\",\"caption\":\"Ismael Lucas S. Pereira\"},\"url\":\"https:\\\/\\\/diariodepe.com.br\\\/cri\\\/author\\\/ismael-lucas\\\/\"}]}<\/script>\n<!-- \/ Yoast SEO plugin. -->","yoast_head_json":{"title":"\u00c9 importante evitar politiza\u00e7\u00e3o das quest\u00f5es econ\u00f4micas, afirma Xi Jinping na c\u00fapula do G20 - CRI e Diario de Pernambuco","robots":{"index":"index","follow":"follow","max-snippet":"max-snippet:-1","max-image-preview":"max-image-preview:large","max-video-preview":"max-video-preview:-1"},"canonical":"https:\/\/diariodepe.com.br\/cri\/2024\/11\/18\/e-importante-evitar-politizacao-das-questoes-economicas-afirma-xi-jinping-na-cupula-do-g20\/","og_locale":"pt_BR","og_type":"article","og_title":"\u00c9 importante evitar politiza\u00e7\u00e3o das quest\u00f5es econ\u00f4micas, afirma Xi Jinping na c\u00fapula do G20 - CRI e Diario de Pernambuco","og_description":"O presidente chin\u00eas, Xi Jinping, compareceu nesta segunda-feira (18) \u00e0 19\u00aa C\u00fapula do G20 no Rio de Janeiro, no Brasil. Na sess\u00e3o, o l\u00edder chin\u00eas destacou que \u00e9 necess\u00e1rio promover ativamente a atualiza\u00e7\u00e3o das regras da Organiza\u00e7\u00e3o Mundial do Com\u00e9rcio...","og_url":"https:\/\/diariodepe.com.br\/cri\/2024\/11\/18\/e-importante-evitar-politizacao-das-questoes-economicas-afirma-xi-jinping-na-cupula-do-g20\/","og_site_name":"CRI e Diario de Pernambuco","article_published_time":"2024-11-18T20:34:18+00:00","article_modified_time":"2024-11-19T05:35:46+00:00","author":"Ismael Lucas S. Pereira","twitter_card":"summary_large_image","twitter_misc":{"Escrito por":"Ismael Lucas S. Pereira","Est. tempo de leitura":"1 minuto"},"schema":{"@context":"https:\/\/schema.org","@graph":[{"@type":"Article","@id":"https:\/\/diariodepe.com.br\/cri\/2024\/11\/18\/e-importante-evitar-politizacao-das-questoes-economicas-afirma-xi-jinping-na-cupula-do-g20\/#article","isPartOf":{"@id":"https:\/\/diariodepe.com.br\/cri\/2024\/11\/18\/e-importante-evitar-politizacao-das-questoes-economicas-afirma-xi-jinping-na-cupula-do-g20\/"},"author":{"name":"Ismael Lucas S. Pereira","@id":"https:\/\/diariodepe.com.br\/cri\/#\/schema\/person\/121bb28d84f1a5b1205ef4ce9c2e0c6b"},"headline":"\u00c9 importante evitar politiza\u00e7\u00e3o das quest\u00f5es econ\u00f4micas, afirma Xi Jinping na c\u00fapula do G20","datePublished":"2024-11-18T20:34:18+00:00","dateModified":"2024-11-19T05:35:46+00:00","mainEntityOfPage":{"@id":"https:\/\/diariodepe.com.br\/cri\/2024\/11\/18\/e-importante-evitar-politizacao-das-questoes-economicas-afirma-xi-jinping-na-cupula-do-g20\/"},"wordCount":129,"commentCount":0,"publisher":{"@id":"https:\/\/diariodepe.com.br\/cri\/#organization"},"articleSection":["Internacional"],"inLanguage":"pt-BR","potentialAction":[{"@type":"CommentAction","name":"Comment","target":["https:\/\/diariodepe.com.br\/cri\/2024\/11\/18\/e-importante-evitar-politizacao-das-questoes-economicas-afirma-xi-jinping-na-cupula-do-g20\/#respond"]}]},{"@type":"WebPage","@id":"https:\/\/diariodepe.com.br\/cri\/2024\/11\/18\/e-importante-evitar-politizacao-das-questoes-economicas-afirma-xi-jinping-na-cupula-do-g20\/","url":"https:\/\/diariodepe.com.br\/cri\/2024\/11\/18\/e-importante-evitar-politizacao-das-questoes-economicas-afirma-xi-jinping-na-cupula-do-g20\/","name":"\u00c9 importante evitar politiza\u00e7\u00e3o das quest\u00f5es econ\u00f4micas, afirma Xi Jinping na c\u00fapula do G20 - CRI e Diario de Pernambuco","isPartOf":{"@id":"https:\/\/diariodepe.com.br\/cri\/#website"},"datePublished":"2024-11-18T20:34:18+00:00","dateModified":"2024-11-19T05:35:46+00:00","breadcrumb":{"@id":"https:\/\/diariodepe.com.br\/cri\/2024\/11\/18\/e-importante-evitar-politizacao-das-questoes-economicas-afirma-xi-jinping-na-cupula-do-g20\/#breadcrumb"},"inLanguage":"pt-BR","potentialAction":[{"@type":"ReadAction","target":["https:\/\/diariodepe.com.br\/cri\/2024\/11\/18\/e-importante-evitar-politizacao-das-questoes-economicas-afirma-xi-jinping-na-cupula-do-g20\/"]}]},{"@type":"BreadcrumbList","@id":"https:\/\/diariodepe.com.br\/cri\/2024\/11\/18\/e-importante-evitar-politizacao-das-questoes-economicas-afirma-xi-jinping-na-cupula-do-g20\/#breadcrumb","itemListElement":[{"@type":"ListItem","position":1,"name":"In\u00edcio","item":"https:\/\/diariodepe.com.br\/cri\/"},{"@type":"ListItem","position":2,"name":"\u00c9 importante evitar politiza\u00e7\u00e3o das quest\u00f5es econ\u00f4micas, afirma Xi Jinping na c\u00fapula do G20"}]},{"@type":"WebSite","@id":"https:\/\/diariodepe.com.br\/cri\/#website","url":"https:\/\/diariodepe.com.br\/cri\/","name":"CRI e Diario de Pernambuco","description":"R\u00e1dio Internacional da China","publisher":{"@id":"https:\/\/diariodepe.com.br\/cri\/#organization"},"potentialAction":[{"@type":"SearchAction","target":{"@type":"EntryPoint","urlTemplate":"https:\/\/diariodepe.com.br\/cri\/?s={search_term_string}"},"query-input":{"@type":"PropertyValueSpecification","valueRequired":true,"valueName":"search_term_string"}}],"inLanguage":"pt-BR"},{"@type":"Organization","@id":"https:\/\/diariodepe.com.br\/cri\/#organization","name":"CRI e Diario de Pernambuco","url":"https:\/\/diariodepe.com.br\/cri\/","logo":{"@type":"ImageObject","inLanguage":"pt-BR","@id":"https:\/\/diariodepe.com.br\/cri\/#\/schema\/logo\/image\/","url":"https:\/\/diariodepe.com.br\/cri\/wp-content\/uploads\/sites\/2\/2022\/12\/cropped-Logo.jpg","contentUrl":"https:\/\/diariodepe.com.br\/cri\/wp-content\/uploads\/sites\/2\/2022\/12\/cropped-Logo.jpg","width":700,"height":59,"caption":"CRI e Diario de Pernambuco"},"image":{"@id":"https:\/\/diariodepe.com.br\/cri\/#\/schema\/logo\/image\/"}},{"@type":"Person","@id":"https:\/\/diariodepe.com.br\/cri\/#\/schema\/person\/121bb28d84f1a5b1205ef4ce9c2e0c6b","name":"Ismael Lucas S. Pereira","image":{"@type":"ImageObject","inLanguage":"pt-BR","@id":"https:\/\/secure.gravatar.com\/avatar\/887a0f3b5a7ceea963a48499fb883ffce6b5037362def025c52c2505b15d63e4?s=96&d=mm&r=g","url":"https:\/\/secure.gravatar.com\/avatar\/887a0f3b5a7ceea963a48499fb883ffce6b5037362def025c52c2505b15d63e4?s=96&d=mm&r=g","contentUrl":"https:\/\/secure.gravatar.com\/avatar\/887a0f3b5a7ceea963a48499fb883ffce6b5037362def025c52c2505b15d63e4?s=96&d=mm&r=g","caption":"Ismael Lucas S. Pereira"},"url":"https:\/\/diariodepe.com.br\/cri\/author\/ismael-lucas\/"}]}},"cc_featured_image_caption":{"caption_text":false,"source_text":false,"source_url":false},"amp_enabled":true,"_links":{"self":[{"href":"https:\/\/diariodepe.com.br\/cri\/wp-json\/wp\/v2\/posts\/6793","targetHints":{"allow":["GET"]}}],"collection":[{"href":"https:\/\/diariodepe.com.br\/cri\/wp-json\/wp\/v2\/posts"}],"about":[{"href":"https:\/\/diariodepe.com.br\/cri\/wp-json\/wp\/v2\/types\/post"}],"author":[{"embeddable":true,"href":"https:\/\/diariodepe.com.br\/cri\/wp-json\/wp\/v2\/users\/2"}],"replies":[{"embeddable":true,"href":"https:\/\/diariodepe.com.br\/cri\/wp-json\/wp\/v2\/comments?post=6793"}],"version-history":[{"count":2,"href":"https:\/\/diariodepe.com.br\/cri\/wp-json\/wp\/v2\/posts\/6793\/revisions"}],"predecessor-version":[{"id":6795,"href":"https:\/\/diariodepe.com.br\/cri\/wp-json\/wp\/v2\/posts\/6793\/revisions\/6795"}],"wp:attachment":[{"href":"https:\/\/diariodepe.com.br\/cri\/wp-json\/wp\/v2\/media?parent=6793"}],"wp:term":[{"taxonomy":"category","embeddable":true,"href":"https:\/\/diariodepe.com.br\/cri\/wp-json\/wp\/v2\/categories?post=6793"},{"taxonomy":"post_tag","embeddable":true,"href":"https:\/\/diariodepe.com.br\/cri\/wp-json\/wp\/v2\/tags?post=6793"}],"curies":[{"name":"wp","href":"https:\/\/api.w.org\/{rel}","templated":true}]}}