{"id":6788,"date":"2024-11-18T15:26:37","date_gmt":"2024-11-18T18:26:37","guid":{"rendered":"https:\/\/diariodepe.com.br\/cri\/?p=6788"},"modified":"2024-11-19T02:28:35","modified_gmt":"2024-11-19T05:28:35","slug":"texto-na-integra-discurso-do-presidente-chines-xi-jinping-sobre-combate-a-fome-e-a-pobreza-na-i-sessao-da-19a-cupula-do-g20","status":"publish","type":"post","link":"https:\/\/diariodepe.com.br\/cri\/2024\/11\/18\/texto-na-integra-discurso-do-presidente-chines-xi-jinping-sobre-combate-a-fome-e-a-pobreza-na-i-sessao-da-19a-cupula-do-g20\/","title":{"rendered":"Texto na \u00edntegra: Discurso do presidente chin\u00eas Xi Jinping sobre combate \u00e0 fome e \u00e0 pobreza na I Sess\u00e3o da 19\u00aa C\u00fapula do G20"},"content":{"rendered":"<p data-spm-anchor-id=\"0.0.0.i1\">O presidente chin\u00eas, Xi Jinping, proferiu um importante discurso na Primeira Sess\u00e3o da 19\u00aa C\u00fapula do G20, no Rio de Janeiro, Brasil.<\/p>\n<p>Segue o texto completo do discurso:<\/p>\n<p>Construir um Mundo Justo de Desenvolvimento Comum<\/p>\n<p>Discurso de S.E. Xi Jinping<\/p>\n<p>Presidente da Rep\u00fablica Popular da China<\/p>\n<p>Sobre Combate \u00e0 Fome e \u00e0 Pobreza<\/p>\n<p>Na I Sess\u00e3o da 19\u00aa C\u00fapula do G20<\/p>\n<p>Rio de Janeiro, 18 de novembro de 2024<\/p>\n<p>Sua Excel\u00eancia o Senhor Presidente Luiz In\u00e1cio Lula da Silva,<\/p>\n<p>Colegas,<\/p>\n<p>\u00c9 uma grande satisfa\u00e7\u00e3o participar da C\u00fapula do G20 no Rio de Janeiro. Agrade\u00e7o ao Presidente Lula e ao governo do Brasil pela acolhida calorosa concedida \u00e0 delega\u00e7\u00e3o chinesa.<\/p>\n<p>Atualmente, transforma\u00e7\u00e3o de escala nunca vista em um s\u00e9culo est\u00e1 acelerando em todo o mundo, e a humanidade enfrenta oportunidades e desafios sem precedentes. Como l\u00edderes dos principais pa\u00edses, n\u00e3o podemos deixar que a nossa vis\u00e3o seja bloqueada pelas nuvens. Temos que ver o mundo como uma comunidade com futuro compartilhado, e assumir as responsabilidades pela hist\u00f3ria, tomar iniciativa hist\u00f3rica e levar adiante a hist\u00f3ria.<\/p>\n<p>Apontei neste f\u00f3rum que a prosperidade e a estabilidade n\u00e3o seriam poss\u00edveis em um mundo onde os ricos passam a ser mais ricos enquanto os pobres passam a ser mais pobres, e os pa\u00edses devem tornar o desenvolvimento global mais inclusivo, ben\u00e9fico para todos e mais resiliente. Na C\u00fapula em Hangzhou, a China colocou o desenvolvimento pela primeira vez no centro da coordena\u00e7\u00e3o das pol\u00edticas macroecon\u00f4micas do G20, e a C\u00fapula adotou o Plano de A\u00e7\u00e3o do G20 sobre a Agenda 2030 para o Desenvolvimento Sustent\u00e1vel e a Iniciativa do G20 sobre o Apoio \u00e0 Industrializa\u00e7\u00e3o na \u00c1frica e nos Pa\u00edses Menos Desenvolvidos (PMDs). A C\u00fapula no Rio este ano escolheu &#8220;Construindo um mundo justo e um planeta sustent\u00e1vel&#8221; como o seu lema, colocou o &#8220;combate \u00e0 fome e \u00e0 pobreza&#8221; no topo da agenda e decidiu criar a Alian\u00e7a Global contra a Fome e a Pobreza. De Hangzhou ao Rio, vimos trabalhando para uma mesma meta, isto \u00e9, construir um mundo justo de desenvolvimento comum.<\/p>\n<p>Para construir um mundo assim, precisamos canalizar mais recursos \u00e0s \u00e1reas como com\u00e9rcio, investimento e coopera\u00e7\u00e3o de desenvolvimento e fortalecer institui\u00e7\u00f5es de desenvolvimento. Tem que haver mais pontes de coopera\u00e7\u00e3o e menos &#8220;pequeno quintal, muros altos&#8221;, para que cada vez mais pa\u00edses em desenvolvimento tenham vida melhor e alcancem moderniza\u00e7\u00e3o.<\/p>\n<p>Para construir um mundo assim, precisamos apoiar os pa\u00edses em desenvolvimento a adotar produ\u00e7\u00e3o e estilo de vida sustent\u00e1veis e dar resposta adequada aos desafios como mudan\u00e7as clim\u00e1ticas, perda da biodiversidade e polui\u00e7\u00e3o ambiental, destacando a conserva\u00e7\u00e3o ecol\u00f3gica e a harmonia entre o homem e a natureza.<\/p>\n<p>Para construir um mundo assim, precisamos criar um ambiente aberto, inclusivo e n\u00e3o discriminat\u00f3rio para a coopera\u00e7\u00e3o econ\u00f4mica internacional. Devemos promover uma globaliza\u00e7\u00e3o econ\u00f4mica universalmente ben\u00e9fica e inclusiva, energizar o desenvolvimento sustent\u00e1vel com novas tecnologias, novas ind\u00fastrias e novas formas de neg\u00f3cios, e apoiar os pa\u00edses em desenvolvimento a se integrar melhor ao desenvolvimento digital, inteligente e verde e diminuir o fosso entre o Sul e o Norte.<\/p>\n<p>Para construir um mundo assim, precisamos persistir no multilateralismo. Devemos defender o sistema internacional centrado nas Na\u00e7\u00f5es Unidas, a ordem internacional alicer\u00e7ada no direito internacional, e as normas b\u00e1sicas das rela\u00e7\u00f5es internacionais que se baseiam nos prop\u00f3sitos e princ\u00edpios da Carta das Na\u00e7\u00f5es Unidas.<\/p>\n<p>Colegas!<\/p>\n<p>O desenvolvimento da China \u00e9 uma parte importante do desenvolvimento comum do mundo. Temos tirado 800 milh\u00f5es de pessoas da pobreza, e atingimos com anteced\u00eancia o objetivo de redu\u00e7\u00e3o da pobreza estabelecida na Agenda 2030 das Na\u00e7\u00f5es Unidas para o Desenvolvimento Sustent\u00e1vel.<\/p>\n<p>Essa conquista n\u00e3o caiu do c\u00e9u. \u00c9 fruto dos esfor\u00e7os conjuntos e \u00e1rduos do governo e povo chineses. Em tudo o que a China faz, o povo \u00e9 sempre colocado no centro. A China declarou solenemente que &#8220;nenhuma regi\u00e3o ou indiv\u00edduo pobre deve ser deixado para tr\u00e1s&#8221;. Para tratar a pobreza, elaboramos pol\u00edticas direcionadas que se adaptam a cada aldeia, fam\u00edlia e pessoa. Facilitamos o crescimento econ\u00f4mico atrav\u00e9s de canalizar vigorosamente recursos humanos, financeiros e tecnol\u00f3gicos a regi\u00f5es menos desenvolvidas. Ajudamos as localidades a realizar crescimento por refor\u00e7ar as ind\u00fastrias com caracter\u00edsticas distintivas e melhorar a infraestrutura \u00e0 luz das suas pr\u00f3prias condi\u00e7\u00f5es. Promovemos a prosperidade comum atrav\u00e9s de criar pares entre regi\u00f5es ricas e regi\u00f5es menos desenvolvidas. Eu tenho trabalhado de aldeia para distrito, munic\u00edpio, prov\u00edncia e n\u00edvel central. O al\u00edvio da pobreza \u00e9 sempre uma prioridade e uma grande tarefa que estou determinado a completar.<\/p>\n<p>A hist\u00f3ria do al\u00edvio da pobreza da China prova que os pa\u00edses em desenvolvimento podem eliminar a pobreza, que um p\u00e1ssaro mais fraco pode come\u00e7ar cedo e voar alto, uma vez que tenha resili\u00eancia, perseveran\u00e7a e esp\u00edrito de luta, que \u00e1gua mole pode furar pedra dura, e que planejamentos podem ser tornados em realidade. Conseguiu a China, conseguem os outros pa\u00edses em desenvolvimento. Eis o que significa o combate \u00e0 pobreza da China para o mundo.<\/p>\n<p>Colegas!<\/p>\n<p>A China \u00e9 sempre um membro do Sul Global, um parceiro confi\u00e1vel de longo prazo para os pa\u00edses em desenvolvimento e um praticante e empreendedor que trabalha para a causa do desenvolvimento global. Uma s\u00f3 flor n\u00e3o faz a primavera. A China quer ver o desabrochamento de centenas de flores e avan\u00e7ar de m\u00e3os dadas com os outros pa\u00edses em desenvolvimento rumo \u00e0 moderniza\u00e7\u00e3o. Hoje, gostaria de delinear as oito a\u00e7\u00f5es da China para apoiar o desenvolvimento global.<\/p>\n<p>Primeiro, promover a coopera\u00e7\u00e3o Cintur\u00e3o e Rota de alta qualidade. Com as janelas de financiamento rec\u00e9m-criadas de RMB700 bilh\u00f5es de yuan, bem como o Fundo da Rota da Seda com um aporte adicional de RMB80 bilh\u00f5es de yuan, a China segue construindo a rede multidimensional de conectividade Cintur\u00e3o e Rota que \u00e9 orientada para a constru\u00e7\u00e3o da Rota da Seda verde e empoderamento da Rota da Seda digital.<\/p>\n<p>Segundo, implementar a Iniciativa para o Desenvolvimento Global. Com base em mais de 1.100 projetos de desenvolvimento j\u00e1 em funcionamento, vamos garantir que o centro de pesquisa do Sul Global em constru\u00e7\u00e3o funcionar\u00e1 como planejado, continuar fazendo bom uso de fundos de desenvolvimento de US$20 bilh\u00f5es para apoiar os pa\u00edses em desenvolvimento e aprofundar a coopera\u00e7\u00e3o pr\u00e1tica nas \u00e1reas como redu\u00e7\u00e3o da pobreza, seguran\u00e7a alimentar e economia digital.<\/p>\n<p>Terceiro, apoiar o desenvolvimento na \u00c1frica. Na Cimeira do F\u00f3rum de Coopera\u00e7\u00e3o China-\u00c1frica nesse setembro, anunciei dez a\u00e7\u00f5es de parceria para promover de m\u00e3os dadas com a \u00c1frica a moderniza\u00e7\u00e3o nos pr\u00f3ximos tr\u00eas anos, bem como o apoio financeiro de RMB360 bilh\u00f5es de yuan para o efeito.<\/p>\n<p>Quarto, apoiar a coopera\u00e7\u00e3o internacional na redu\u00e7\u00e3o da pobreza e seguran\u00e7a alimentar. A China decidiu aderir \u00e0 &#8220;Alian\u00e7a Global contra a Fome e a Pobreza&#8221;, e apoia o G20 a seguir convocando a Reuni\u00e3o Ministerial de Desenvolvimento. Continuaremos comprometidos com a sedia\u00e7\u00e3o da Confer\u00eancia Internacional sobre Perda de Alimentos e Desperd\u00edcio.<\/p>\n<p>Quinto, a China, junto com o Brasil, a \u00c1frica do Sul e a Uni\u00e3o Africana, est\u00e1 propondo uma Iniciativa sobre Coopera\u00e7\u00e3o Internacional na Ci\u00eancia Aberta para ajudar o Sul Global a ter melhor acesso a avan\u00e7os globais em ci\u00eancia, tecnologia e inova\u00e7\u00e3o.<\/p>\n<p>Sexto, apoiar o G20 a levar a cabo coopera\u00e7\u00e3o pr\u00e1tica para o benef\u00edcio do Sul Global, fazer bom uso dos resultados como o Roteiro para Aumentar Investimento em Energia Limpa em Pa\u00edses em Desenvolvimento e os Princ\u00edpios de Alto N\u00edvel sobre a Bioeconomia. A China apoia os trabalhos do Centro de Pesquisa do Empreendedorismo sobre as Economias do G20 com sede em Beijing, e apoia a coopera\u00e7\u00e3o na educa\u00e7\u00e3o digital e a digitaliza\u00e7\u00e3o de museus e arquivos antigos.<\/p>\n<p>S\u00e9timo, implementar o Plano de A\u00e7\u00e3o Anticorrup\u00e7\u00e3o do G20. Estamos fortalecendo a coopera\u00e7\u00e3o com outros pa\u00edses em desenvolvimento nas \u00e1reas como repatria\u00e7\u00e3o de fugitivos, recupera\u00e7\u00e3o de ativos, nega\u00e7\u00e3o do ref\u00fagio de corrup\u00e7\u00e3o e capacita\u00e7\u00e3o anticorrup\u00e7\u00e3o.<\/p>\n<p>Oitavo, a China est\u00e1 aprimorando a abertura de alto padr\u00e3o e unilateralmente ampliando a abertura aos PMDs. A China anunciou a decis\u00e3o de oferecer a todos os PMDs que t\u00eam rela\u00e7\u00f5es diplom\u00e1ticas com a China o tratamento de taxas alfandeg\u00e1rias zero para 100 por cento dos produtos desses pa\u00edses. De agora a 2030, as importa\u00e7\u00f5es da China dos outros pa\u00edses em desenvolvimento ultrapassar\u00e3o, provavelmente, US$8 trilh\u00f5es.<\/p>\n<p>Colegas,<\/p>\n<p>Os chineses costumam dizer que &#8220;Uma jornada de mil quil\u00f4metros come\u00e7a com o primeiro passo.&#8221; A China est\u00e1 pronta a dar passos junto com todas as partes para construir um mundo justo de desenvolvimento comum, deixar a pobreza no passado e transformar a nossa vis\u00e3o em realidade.<\/p>\n<p>Obrigado!<\/p>\n","protected":false},"excerpt":{"rendered":"<p>O presidente chin\u00eas, Xi Jinping, proferiu um importante discurso na Primeira Sess\u00e3o da 19\u00aa C\u00fapula do G20, no Rio de Janeiro, Brasil. Segue o texto completo do discurso: Construir um Mundo Justo de Desenvolvimento Comum Discurso de S.E. Xi Jinping&#8230;<\/p>\n","protected":false},"author":2,"featured_media":6789,"comment_status":"open","ping_status":"open","sticky":false,"template":"","format":"standard","meta":{"footnotes":""},"categories":[5,8],"tags":[],"class_list":["post-6788","post","type-post","status-publish","format-standard","has-post-thumbnail","hentry","category-destaques-capa","category-internacional"],"yoast_head":"<!-- This site is optimized with the Yoast SEO plugin v27.4 - https:\/\/yoast.com\/product\/yoast-seo-wordpress\/ -->\n<title>Texto na \u00edntegra: Discurso do presidente chin\u00eas Xi Jinping sobre combate \u00e0 fome e \u00e0 pobreza na I Sess\u00e3o da 19\u00aa C\u00fapula do G20 - CRI e Diario de Pernambuco<\/title>\n<meta name=\"robots\" content=\"index, follow, max-snippet:-1, max-image-preview:large, max-video-preview:-1\" \/>\n<link rel=\"canonical\" href=\"https:\/\/diariodepe.com.br\/cri\/2024\/11\/18\/texto-na-integra-discurso-do-presidente-chines-xi-jinping-sobre-combate-a-fome-e-a-pobreza-na-i-sessao-da-19a-cupula-do-g20\/\" \/>\n<meta property=\"og:locale\" content=\"pt_BR\" \/>\n<meta property=\"og:type\" content=\"article\" \/>\n<meta property=\"og:title\" content=\"Texto na \u00edntegra: Discurso do presidente chin\u00eas Xi Jinping sobre combate \u00e0 fome e \u00e0 pobreza na I Sess\u00e3o da 19\u00aa C\u00fapula do G20 - CRI e Diario de Pernambuco\" \/>\n<meta property=\"og:description\" content=\"O presidente chin\u00eas, Xi Jinping, proferiu um importante discurso na Primeira Sess\u00e3o da 19\u00aa C\u00fapula do G20, no Rio de Janeiro, Brasil. Segue o texto completo do discurso: Construir um Mundo Justo de Desenvolvimento Comum Discurso de S.E. Xi Jinping...\" \/>\n<meta property=\"og:url\" content=\"https:\/\/diariodepe.com.br\/cri\/2024\/11\/18\/texto-na-integra-discurso-do-presidente-chines-xi-jinping-sobre-combate-a-fome-e-a-pobreza-na-i-sessao-da-19a-cupula-do-g20\/\" \/>\n<meta property=\"og:site_name\" content=\"CRI e Diario de Pernambuco\" \/>\n<meta property=\"article:published_time\" content=\"2024-11-18T18:26:37+00:00\" \/>\n<meta property=\"article:modified_time\" content=\"2024-11-19T05:28:35+00:00\" \/>\n<meta property=\"og:image\" content=\"https:\/\/diariodepe.com.br\/cri\/wp-content\/uploads\/sites\/2\/2024\/11\/\u7b2c\u4e00\u9636\u6bb5\u8bb2\u8bdd.png\" \/>\n\t<meta property=\"og:image:width\" content=\"900\" \/>\n\t<meta property=\"og:image:height\" content=\"815\" \/>\n\t<meta property=\"og:image:type\" content=\"image\/png\" \/>\n<meta name=\"author\" content=\"Ismael Lucas S. Pereira\" \/>\n<meta name=\"twitter:card\" content=\"summary_large_image\" \/>\n<meta name=\"twitter:label1\" content=\"Escrito por\" \/>\n\t<meta name=\"twitter:data1\" content=\"Ismael Lucas S. Pereira\" \/>\n\t<meta name=\"twitter:label2\" content=\"Est. tempo de leitura\" \/>\n\t<meta name=\"twitter:data2\" content=\"8 minutos\" \/>\n<script type=\"application\/ld+json\" class=\"yoast-schema-graph\">{\"@context\":\"https:\\\/\\\/schema.org\",\"@graph\":[{\"@type\":\"Article\",\"@id\":\"https:\\\/\\\/diariodepe.com.br\\\/cri\\\/2024\\\/11\\\/18\\\/texto-na-integra-discurso-do-presidente-chines-xi-jinping-sobre-combate-a-fome-e-a-pobreza-na-i-sessao-da-19a-cupula-do-g20\\\/#article\",\"isPartOf\":{\"@id\":\"https:\\\/\\\/diariodepe.com.br\\\/cri\\\/2024\\\/11\\\/18\\\/texto-na-integra-discurso-do-presidente-chines-xi-jinping-sobre-combate-a-fome-e-a-pobreza-na-i-sessao-da-19a-cupula-do-g20\\\/\"},\"author\":{\"name\":\"Ismael Lucas S. Pereira\",\"@id\":\"https:\\\/\\\/diariodepe.com.br\\\/cri\\\/#\\\/schema\\\/person\\\/121bb28d84f1a5b1205ef4ce9c2e0c6b\"},\"headline\":\"Texto na \u00edntegra: Discurso do presidente chin\u00eas Xi Jinping sobre combate \u00e0 fome e \u00e0 pobreza na I Sess\u00e3o da 19\u00aa C\u00fapula do G20\",\"datePublished\":\"2024-11-18T18:26:37+00:00\",\"dateModified\":\"2024-11-19T05:28:35+00:00\",\"mainEntityOfPage\":{\"@id\":\"https:\\\/\\\/diariodepe.com.br\\\/cri\\\/2024\\\/11\\\/18\\\/texto-na-integra-discurso-do-presidente-chines-xi-jinping-sobre-combate-a-fome-e-a-pobreza-na-i-sessao-da-19a-cupula-do-g20\\\/\"},\"wordCount\":1583,\"commentCount\":0,\"publisher\":{\"@id\":\"https:\\\/\\\/diariodepe.com.br\\\/cri\\\/#organization\"},\"image\":{\"@id\":\"https:\\\/\\\/diariodepe.com.br\\\/cri\\\/2024\\\/11\\\/18\\\/texto-na-integra-discurso-do-presidente-chines-xi-jinping-sobre-combate-a-fome-e-a-pobreza-na-i-sessao-da-19a-cupula-do-g20\\\/#primaryimage\"},\"thumbnailUrl\":\"https:\\\/\\\/diariodepe.com.br\\\/cri\\\/wp-content\\\/uploads\\\/sites\\\/2\\\/2024\\\/11\\\/\u7b2c\u4e00\u9636\u6bb5\u8bb2\u8bdd.png\",\"articleSection\":[\"Destaques Capa\",\"Internacional\"],\"inLanguage\":\"pt-BR\",\"potentialAction\":[{\"@type\":\"CommentAction\",\"name\":\"Comment\",\"target\":[\"https:\\\/\\\/diariodepe.com.br\\\/cri\\\/2024\\\/11\\\/18\\\/texto-na-integra-discurso-do-presidente-chines-xi-jinping-sobre-combate-a-fome-e-a-pobreza-na-i-sessao-da-19a-cupula-do-g20\\\/#respond\"]}]},{\"@type\":\"WebPage\",\"@id\":\"https:\\\/\\\/diariodepe.com.br\\\/cri\\\/2024\\\/11\\\/18\\\/texto-na-integra-discurso-do-presidente-chines-xi-jinping-sobre-combate-a-fome-e-a-pobreza-na-i-sessao-da-19a-cupula-do-g20\\\/\",\"url\":\"https:\\\/\\\/diariodepe.com.br\\\/cri\\\/2024\\\/11\\\/18\\\/texto-na-integra-discurso-do-presidente-chines-xi-jinping-sobre-combate-a-fome-e-a-pobreza-na-i-sessao-da-19a-cupula-do-g20\\\/\",\"name\":\"Texto na \u00edntegra: Discurso do presidente chin\u00eas Xi Jinping sobre combate \u00e0 fome e \u00e0 pobreza na I Sess\u00e3o da 19\u00aa C\u00fapula do G20 - CRI e Diario de Pernambuco\",\"isPartOf\":{\"@id\":\"https:\\\/\\\/diariodepe.com.br\\\/cri\\\/#website\"},\"primaryImageOfPage\":{\"@id\":\"https:\\\/\\\/diariodepe.com.br\\\/cri\\\/2024\\\/11\\\/18\\\/texto-na-integra-discurso-do-presidente-chines-xi-jinping-sobre-combate-a-fome-e-a-pobreza-na-i-sessao-da-19a-cupula-do-g20\\\/#primaryimage\"},\"image\":{\"@id\":\"https:\\\/\\\/diariodepe.com.br\\\/cri\\\/2024\\\/11\\\/18\\\/texto-na-integra-discurso-do-presidente-chines-xi-jinping-sobre-combate-a-fome-e-a-pobreza-na-i-sessao-da-19a-cupula-do-g20\\\/#primaryimage\"},\"thumbnailUrl\":\"https:\\\/\\\/diariodepe.com.br\\\/cri\\\/wp-content\\\/uploads\\\/sites\\\/2\\\/2024\\\/11\\\/\u7b2c\u4e00\u9636\u6bb5\u8bb2\u8bdd.png\",\"datePublished\":\"2024-11-18T18:26:37+00:00\",\"dateModified\":\"2024-11-19T05:28:35+00:00\",\"breadcrumb\":{\"@id\":\"https:\\\/\\\/diariodepe.com.br\\\/cri\\\/2024\\\/11\\\/18\\\/texto-na-integra-discurso-do-presidente-chines-xi-jinping-sobre-combate-a-fome-e-a-pobreza-na-i-sessao-da-19a-cupula-do-g20\\\/#breadcrumb\"},\"inLanguage\":\"pt-BR\",\"potentialAction\":[{\"@type\":\"ReadAction\",\"target\":[\"https:\\\/\\\/diariodepe.com.br\\\/cri\\\/2024\\\/11\\\/18\\\/texto-na-integra-discurso-do-presidente-chines-xi-jinping-sobre-combate-a-fome-e-a-pobreza-na-i-sessao-da-19a-cupula-do-g20\\\/\"]}]},{\"@type\":\"ImageObject\",\"inLanguage\":\"pt-BR\",\"@id\":\"https:\\\/\\\/diariodepe.com.br\\\/cri\\\/2024\\\/11\\\/18\\\/texto-na-integra-discurso-do-presidente-chines-xi-jinping-sobre-combate-a-fome-e-a-pobreza-na-i-sessao-da-19a-cupula-do-g20\\\/#primaryimage\",\"url\":\"https:\\\/\\\/diariodepe.com.br\\\/cri\\\/wp-content\\\/uploads\\\/sites\\\/2\\\/2024\\\/11\\\/\u7b2c\u4e00\u9636\u6bb5\u8bb2\u8bdd.png\",\"contentUrl\":\"https:\\\/\\\/diariodepe.com.br\\\/cri\\\/wp-content\\\/uploads\\\/sites\\\/2\\\/2024\\\/11\\\/\u7b2c\u4e00\u9636\u6bb5\u8bb2\u8bdd.png\",\"width\":900,\"height\":815},{\"@type\":\"BreadcrumbList\",\"@id\":\"https:\\\/\\\/diariodepe.com.br\\\/cri\\\/2024\\\/11\\\/18\\\/texto-na-integra-discurso-do-presidente-chines-xi-jinping-sobre-combate-a-fome-e-a-pobreza-na-i-sessao-da-19a-cupula-do-g20\\\/#breadcrumb\",\"itemListElement\":[{\"@type\":\"ListItem\",\"position\":1,\"name\":\"In\u00edcio\",\"item\":\"https:\\\/\\\/diariodepe.com.br\\\/cri\\\/\"},{\"@type\":\"ListItem\",\"position\":2,\"name\":\"Texto na \u00edntegra: Discurso do presidente chin\u00eas Xi Jinping sobre combate \u00e0 fome e \u00e0 pobreza na I Sess\u00e3o da 19\u00aa C\u00fapula do G20\"}]},{\"@type\":\"WebSite\",\"@id\":\"https:\\\/\\\/diariodepe.com.br\\\/cri\\\/#website\",\"url\":\"https:\\\/\\\/diariodepe.com.br\\\/cri\\\/\",\"name\":\"CRI e Diario de Pernambuco\",\"description\":\"R\u00e1dio Internacional da China\",\"publisher\":{\"@id\":\"https:\\\/\\\/diariodepe.com.br\\\/cri\\\/#organization\"},\"potentialAction\":[{\"@type\":\"SearchAction\",\"target\":{\"@type\":\"EntryPoint\",\"urlTemplate\":\"https:\\\/\\\/diariodepe.com.br\\\/cri\\\/?s={search_term_string}\"},\"query-input\":{\"@type\":\"PropertyValueSpecification\",\"valueRequired\":true,\"valueName\":\"search_term_string\"}}],\"inLanguage\":\"pt-BR\"},{\"@type\":\"Organization\",\"@id\":\"https:\\\/\\\/diariodepe.com.br\\\/cri\\\/#organization\",\"name\":\"CRI e Diario de Pernambuco\",\"url\":\"https:\\\/\\\/diariodepe.com.br\\\/cri\\\/\",\"logo\":{\"@type\":\"ImageObject\",\"inLanguage\":\"pt-BR\",\"@id\":\"https:\\\/\\\/diariodepe.com.br\\\/cri\\\/#\\\/schema\\\/logo\\\/image\\\/\",\"url\":\"https:\\\/\\\/diariodepe.com.br\\\/cri\\\/wp-content\\\/uploads\\\/sites\\\/2\\\/2022\\\/12\\\/cropped-Logo.jpg\",\"contentUrl\":\"https:\\\/\\\/diariodepe.com.br\\\/cri\\\/wp-content\\\/uploads\\\/sites\\\/2\\\/2022\\\/12\\\/cropped-Logo.jpg\",\"width\":700,\"height\":59,\"caption\":\"CRI e Diario de Pernambuco\"},\"image\":{\"@id\":\"https:\\\/\\\/diariodepe.com.br\\\/cri\\\/#\\\/schema\\\/logo\\\/image\\\/\"}},{\"@type\":\"Person\",\"@id\":\"https:\\\/\\\/diariodepe.com.br\\\/cri\\\/#\\\/schema\\\/person\\\/121bb28d84f1a5b1205ef4ce9c2e0c6b\",\"name\":\"Ismael Lucas S. Pereira\",\"image\":{\"@type\":\"ImageObject\",\"inLanguage\":\"pt-BR\",\"@id\":\"https:\\\/\\\/secure.gravatar.com\\\/avatar\\\/887a0f3b5a7ceea963a48499fb883ffce6b5037362def025c52c2505b15d63e4?s=96&d=mm&r=g\",\"url\":\"https:\\\/\\\/secure.gravatar.com\\\/avatar\\\/887a0f3b5a7ceea963a48499fb883ffce6b5037362def025c52c2505b15d63e4?s=96&d=mm&r=g\",\"contentUrl\":\"https:\\\/\\\/secure.gravatar.com\\\/avatar\\\/887a0f3b5a7ceea963a48499fb883ffce6b5037362def025c52c2505b15d63e4?s=96&d=mm&r=g\",\"caption\":\"Ismael Lucas S. Pereira\"},\"url\":\"https:\\\/\\\/diariodepe.com.br\\\/cri\\\/author\\\/ismael-lucas\\\/\"}]}<\/script>\n<!-- \/ Yoast SEO plugin. -->","yoast_head_json":{"title":"Texto na \u00edntegra: Discurso do presidente chin\u00eas Xi Jinping sobre combate \u00e0 fome e \u00e0 pobreza na I Sess\u00e3o da 19\u00aa C\u00fapula do G20 - CRI e Diario de Pernambuco","robots":{"index":"index","follow":"follow","max-snippet":"max-snippet:-1","max-image-preview":"max-image-preview:large","max-video-preview":"max-video-preview:-1"},"canonical":"https:\/\/diariodepe.com.br\/cri\/2024\/11\/18\/texto-na-integra-discurso-do-presidente-chines-xi-jinping-sobre-combate-a-fome-e-a-pobreza-na-i-sessao-da-19a-cupula-do-g20\/","og_locale":"pt_BR","og_type":"article","og_title":"Texto na \u00edntegra: Discurso do presidente chin\u00eas Xi Jinping sobre combate \u00e0 fome e \u00e0 pobreza na I Sess\u00e3o da 19\u00aa C\u00fapula do G20 - CRI e Diario de Pernambuco","og_description":"O presidente chin\u00eas, Xi Jinping, proferiu um importante discurso na Primeira Sess\u00e3o da 19\u00aa C\u00fapula do G20, no Rio de Janeiro, Brasil. Segue o texto completo do discurso: Construir um Mundo Justo de Desenvolvimento Comum Discurso de S.E. Xi Jinping...","og_url":"https:\/\/diariodepe.com.br\/cri\/2024\/11\/18\/texto-na-integra-discurso-do-presidente-chines-xi-jinping-sobre-combate-a-fome-e-a-pobreza-na-i-sessao-da-19a-cupula-do-g20\/","og_site_name":"CRI e Diario de Pernambuco","article_published_time":"2024-11-18T18:26:37+00:00","article_modified_time":"2024-11-19T05:28:35+00:00","og_image":[{"width":900,"height":815,"url":"https:\/\/diariodepe.com.br\/cri\/wp-content\/uploads\/sites\/2\/2024\/11\/\u7b2c\u4e00\u9636\u6bb5\u8bb2\u8bdd.png","type":"image\/png"}],"author":"Ismael Lucas S. Pereira","twitter_card":"summary_large_image","twitter_misc":{"Escrito por":"Ismael Lucas S. Pereira","Est. tempo de leitura":"8 minutos"},"schema":{"@context":"https:\/\/schema.org","@graph":[{"@type":"Article","@id":"https:\/\/diariodepe.com.br\/cri\/2024\/11\/18\/texto-na-integra-discurso-do-presidente-chines-xi-jinping-sobre-combate-a-fome-e-a-pobreza-na-i-sessao-da-19a-cupula-do-g20\/#article","isPartOf":{"@id":"https:\/\/diariodepe.com.br\/cri\/2024\/11\/18\/texto-na-integra-discurso-do-presidente-chines-xi-jinping-sobre-combate-a-fome-e-a-pobreza-na-i-sessao-da-19a-cupula-do-g20\/"},"author":{"name":"Ismael Lucas S. Pereira","@id":"https:\/\/diariodepe.com.br\/cri\/#\/schema\/person\/121bb28d84f1a5b1205ef4ce9c2e0c6b"},"headline":"Texto na \u00edntegra: Discurso do presidente chin\u00eas Xi Jinping sobre combate \u00e0 fome e \u00e0 pobreza na I Sess\u00e3o da 19\u00aa C\u00fapula do G20","datePublished":"2024-11-18T18:26:37+00:00","dateModified":"2024-11-19T05:28:35+00:00","mainEntityOfPage":{"@id":"https:\/\/diariodepe.com.br\/cri\/2024\/11\/18\/texto-na-integra-discurso-do-presidente-chines-xi-jinping-sobre-combate-a-fome-e-a-pobreza-na-i-sessao-da-19a-cupula-do-g20\/"},"wordCount":1583,"commentCount":0,"publisher":{"@id":"https:\/\/diariodepe.com.br\/cri\/#organization"},"image":{"@id":"https:\/\/diariodepe.com.br\/cri\/2024\/11\/18\/texto-na-integra-discurso-do-presidente-chines-xi-jinping-sobre-combate-a-fome-e-a-pobreza-na-i-sessao-da-19a-cupula-do-g20\/#primaryimage"},"thumbnailUrl":"https:\/\/diariodepe.com.br\/cri\/wp-content\/uploads\/sites\/2\/2024\/11\/\u7b2c\u4e00\u9636\u6bb5\u8bb2\u8bdd.png","articleSection":["Destaques Capa","Internacional"],"inLanguage":"pt-BR","potentialAction":[{"@type":"CommentAction","name":"Comment","target":["https:\/\/diariodepe.com.br\/cri\/2024\/11\/18\/texto-na-integra-discurso-do-presidente-chines-xi-jinping-sobre-combate-a-fome-e-a-pobreza-na-i-sessao-da-19a-cupula-do-g20\/#respond"]}]},{"@type":"WebPage","@id":"https:\/\/diariodepe.com.br\/cri\/2024\/11\/18\/texto-na-integra-discurso-do-presidente-chines-xi-jinping-sobre-combate-a-fome-e-a-pobreza-na-i-sessao-da-19a-cupula-do-g20\/","url":"https:\/\/diariodepe.com.br\/cri\/2024\/11\/18\/texto-na-integra-discurso-do-presidente-chines-xi-jinping-sobre-combate-a-fome-e-a-pobreza-na-i-sessao-da-19a-cupula-do-g20\/","name":"Texto na \u00edntegra: Discurso do presidente chin\u00eas Xi Jinping sobre combate \u00e0 fome e \u00e0 pobreza na I Sess\u00e3o da 19\u00aa C\u00fapula do G20 - CRI e Diario de Pernambuco","isPartOf":{"@id":"https:\/\/diariodepe.com.br\/cri\/#website"},"primaryImageOfPage":{"@id":"https:\/\/diariodepe.com.br\/cri\/2024\/11\/18\/texto-na-integra-discurso-do-presidente-chines-xi-jinping-sobre-combate-a-fome-e-a-pobreza-na-i-sessao-da-19a-cupula-do-g20\/#primaryimage"},"image":{"@id":"https:\/\/diariodepe.com.br\/cri\/2024\/11\/18\/texto-na-integra-discurso-do-presidente-chines-xi-jinping-sobre-combate-a-fome-e-a-pobreza-na-i-sessao-da-19a-cupula-do-g20\/#primaryimage"},"thumbnailUrl":"https:\/\/diariodepe.com.br\/cri\/wp-content\/uploads\/sites\/2\/2024\/11\/\u7b2c\u4e00\u9636\u6bb5\u8bb2\u8bdd.png","datePublished":"2024-11-18T18:26:37+00:00","dateModified":"2024-11-19T05:28:35+00:00","breadcrumb":{"@id":"https:\/\/diariodepe.com.br\/cri\/2024\/11\/18\/texto-na-integra-discurso-do-presidente-chines-xi-jinping-sobre-combate-a-fome-e-a-pobreza-na-i-sessao-da-19a-cupula-do-g20\/#breadcrumb"},"inLanguage":"pt-BR","potentialAction":[{"@type":"ReadAction","target":["https:\/\/diariodepe.com.br\/cri\/2024\/11\/18\/texto-na-integra-discurso-do-presidente-chines-xi-jinping-sobre-combate-a-fome-e-a-pobreza-na-i-sessao-da-19a-cupula-do-g20\/"]}]},{"@type":"ImageObject","inLanguage":"pt-BR","@id":"https:\/\/diariodepe.com.br\/cri\/2024\/11\/18\/texto-na-integra-discurso-do-presidente-chines-xi-jinping-sobre-combate-a-fome-e-a-pobreza-na-i-sessao-da-19a-cupula-do-g20\/#primaryimage","url":"https:\/\/diariodepe.com.br\/cri\/wp-content\/uploads\/sites\/2\/2024\/11\/\u7b2c\u4e00\u9636\u6bb5\u8bb2\u8bdd.png","contentUrl":"https:\/\/diariodepe.com.br\/cri\/wp-content\/uploads\/sites\/2\/2024\/11\/\u7b2c\u4e00\u9636\u6bb5\u8bb2\u8bdd.png","width":900,"height":815},{"@type":"BreadcrumbList","@id":"https:\/\/diariodepe.com.br\/cri\/2024\/11\/18\/texto-na-integra-discurso-do-presidente-chines-xi-jinping-sobre-combate-a-fome-e-a-pobreza-na-i-sessao-da-19a-cupula-do-g20\/#breadcrumb","itemListElement":[{"@type":"ListItem","position":1,"name":"In\u00edcio","item":"https:\/\/diariodepe.com.br\/cri\/"},{"@type":"ListItem","position":2,"name":"Texto na \u00edntegra: Discurso do presidente chin\u00eas Xi Jinping sobre combate \u00e0 fome e \u00e0 pobreza na I Sess\u00e3o da 19\u00aa C\u00fapula do G20"}]},{"@type":"WebSite","@id":"https:\/\/diariodepe.com.br\/cri\/#website","url":"https:\/\/diariodepe.com.br\/cri\/","name":"CRI e Diario de Pernambuco","description":"R\u00e1dio Internacional da China","publisher":{"@id":"https:\/\/diariodepe.com.br\/cri\/#organization"},"potentialAction":[{"@type":"SearchAction","target":{"@type":"EntryPoint","urlTemplate":"https:\/\/diariodepe.com.br\/cri\/?s={search_term_string}"},"query-input":{"@type":"PropertyValueSpecification","valueRequired":true,"valueName":"search_term_string"}}],"inLanguage":"pt-BR"},{"@type":"Organization","@id":"https:\/\/diariodepe.com.br\/cri\/#organization","name":"CRI e Diario de Pernambuco","url":"https:\/\/diariodepe.com.br\/cri\/","logo":{"@type":"ImageObject","inLanguage":"pt-BR","@id":"https:\/\/diariodepe.com.br\/cri\/#\/schema\/logo\/image\/","url":"https:\/\/diariodepe.com.br\/cri\/wp-content\/uploads\/sites\/2\/2022\/12\/cropped-Logo.jpg","contentUrl":"https:\/\/diariodepe.com.br\/cri\/wp-content\/uploads\/sites\/2\/2022\/12\/cropped-Logo.jpg","width":700,"height":59,"caption":"CRI e Diario de Pernambuco"},"image":{"@id":"https:\/\/diariodepe.com.br\/cri\/#\/schema\/logo\/image\/"}},{"@type":"Person","@id":"https:\/\/diariodepe.com.br\/cri\/#\/schema\/person\/121bb28d84f1a5b1205ef4ce9c2e0c6b","name":"Ismael Lucas S. Pereira","image":{"@type":"ImageObject","inLanguage":"pt-BR","@id":"https:\/\/secure.gravatar.com\/avatar\/887a0f3b5a7ceea963a48499fb883ffce6b5037362def025c52c2505b15d63e4?s=96&d=mm&r=g","url":"https:\/\/secure.gravatar.com\/avatar\/887a0f3b5a7ceea963a48499fb883ffce6b5037362def025c52c2505b15d63e4?s=96&d=mm&r=g","contentUrl":"https:\/\/secure.gravatar.com\/avatar\/887a0f3b5a7ceea963a48499fb883ffce6b5037362def025c52c2505b15d63e4?s=96&d=mm&r=g","caption":"Ismael Lucas S. Pereira"},"url":"https:\/\/diariodepe.com.br\/cri\/author\/ismael-lucas\/"}]}},"cc_featured_image_caption":{"caption_text":false,"source_text":false,"source_url":false},"amp_enabled":true,"_links":{"self":[{"href":"https:\/\/diariodepe.com.br\/cri\/wp-json\/wp\/v2\/posts\/6788","targetHints":{"allow":["GET"]}}],"collection":[{"href":"https:\/\/diariodepe.com.br\/cri\/wp-json\/wp\/v2\/posts"}],"about":[{"href":"https:\/\/diariodepe.com.br\/cri\/wp-json\/wp\/v2\/types\/post"}],"author":[{"embeddable":true,"href":"https:\/\/diariodepe.com.br\/cri\/wp-json\/wp\/v2\/users\/2"}],"replies":[{"embeddable":true,"href":"https:\/\/diariodepe.com.br\/cri\/wp-json\/wp\/v2\/comments?post=6788"}],"version-history":[{"count":1,"href":"https:\/\/diariodepe.com.br\/cri\/wp-json\/wp\/v2\/posts\/6788\/revisions"}],"predecessor-version":[{"id":6790,"href":"https:\/\/diariodepe.com.br\/cri\/wp-json\/wp\/v2\/posts\/6788\/revisions\/6790"}],"wp:featuredmedia":[{"embeddable":true,"href":"https:\/\/diariodepe.com.br\/cri\/wp-json\/wp\/v2\/media\/6789"}],"wp:attachment":[{"href":"https:\/\/diariodepe.com.br\/cri\/wp-json\/wp\/v2\/media?parent=6788"}],"wp:term":[{"taxonomy":"category","embeddable":true,"href":"https:\/\/diariodepe.com.br\/cri\/wp-json\/wp\/v2\/categories?post=6788"},{"taxonomy":"post_tag","embeddable":true,"href":"https:\/\/diariodepe.com.br\/cri\/wp-json\/wp\/v2\/tags?post=6788"}],"curies":[{"name":"wp","href":"https:\/\/api.w.org\/{rel}","templated":true}]}}