{"id":6786,"date":"2024-11-18T13:21:13","date_gmt":"2024-11-18T16:21:13","guid":{"rendered":"https:\/\/diariodepe.com.br\/cri\/?p=6786"},"modified":"2024-11-19T02:23:38","modified_gmt":"2024-11-19T05:23:38","slug":"xi-jinping-anuncia-oito-acoes-no-apoio-ao-desenvolvimento-global","status":"publish","type":"post","link":"https:\/\/diariodepe.com.br\/cri\/2024\/11\/18\/xi-jinping-anuncia-oito-acoes-no-apoio-ao-desenvolvimento-global\/","title":{"rendered":"Xi Jinping anuncia oito a\u00e7\u00f5es no apoio ao desenvolvimento global"},"content":{"rendered":"<p class=\"photo_img_20190808\"><img decoding=\"async\" class=\"aligncenter\" src=\"https:\/\/p5crires.cri.cn\/photoworkspace\/cri\/contentimg\/2024\/11\/19\/2024111901264148232.jpg\" alt=\"\" \/><\/p>\n<p>O\u00a0presidente\u00a0chin\u00eas,\u00a0Xi Jinping,\u00a0anunciou\u00a0as\u00a0oito a\u00e7\u00f5es da China para apoiar o desenvolvimento global na 19\u00aa C\u00fapula do G20, realizada no dia 18 deste m\u00eas no Rio de Janeiro.<\/p>\n<p>As\u00a0medidas s\u00e3o\u00a0as seguintes:<\/p>\n<p>Primeira, trabalhar em conjunto\u00a0para\u00a0construir\u00a0a Iniciativa Cintur\u00e3o e Rota\u00a0e\u00a0desenvolver\u00a0ainda mais\u00a0a\u00a0rede de interconex\u00e3o tridimensional.<\/p>\n<p>Segunda, implementar\u00a0a Iniciativa do\u00a0Desenvolvimento\u00a0Global, construir\u00a0o\u00a0centro de investiga\u00e7\u00e3o do\u00a0\u201cSul Global\u201d, continuar\u00a0apoiando\u00a0os pa\u00edses em desenvolvimento e aprofundar a coopera\u00e7\u00e3o pragm\u00e1tica na redu\u00e7\u00e3o da pobreza, seguran\u00e7a alimentar,\u00a0e\u00a0economia digital, entre os outros.<\/p>\n<p>Terceira, apoiar o desenvolvimento da\u00a0\u00c1frica. A\u00a0C\u00fapula\u00a0de\u00a0Beijing\u00a0do F\u00f3rum de Coopera\u00e7\u00e3o China-\u00c1frica anunciou dez a\u00e7\u00f5es de parceria\u00a0para\u00a0a\u00a0moderniza\u00e7\u00e3o nos pr\u00f3ximos tr\u00eas anos, e forneceu apoio financeiro para isso.<\/p>\n<p>Quarta, apoiar a coopera\u00e7\u00e3o internacional\u00a0no al\u00edvio\u00a0da pobreza e na seguran\u00e7a alimentar. A China decidiu aderir \u00e0\u00a0\u201cAlian\u00e7a Global\u00a0contra\u00a0a Fome e a Pobreza\u201d, apoia a\u00a0realiza\u00e7\u00e3o cont\u00ednua\u00a0da\u00a0reuni\u00e3o dos\u00a0ministros do Desenvolvimento do G20 e continuar\u00e1\u00a0organizando\u00a0a Confer\u00eancia Internacional sobre\u00a0Perda e\u00a0Desperd\u00edcio de\u00a0Alimentos.<\/p>\n<p>Quinta, a China, o Brasil, a \u00c1frica do Sul e a Uni\u00e3o Africana lan\u00e7aram conjuntamente a\u00a0iniciativa da\u00a0abertura\u00a0da coopera\u00e7\u00e3o\u00a0internacional de\u00a0ci\u00eancia,\u00a0fazendo com que os\u00a0resultados\u00a0da\u00a0inova\u00e7\u00e3o cient\u00edfica e tecnol\u00f3gica beneficiem\u00a0mais os pa\u00edses do \u201cSul Global\u201d.<\/p>\n<p>Sexta, apoiar o G20 na realiza\u00e7\u00e3o da\u00a0coopera\u00e7\u00e3o pragm\u00e1tica que beneficie o\u00a0\u201cSul global\u201d, apoiar o trabalho do Centro de Investiga\u00e7\u00e3o de Empreendedorismo do G20 em\u00a0Beijing\u00a0bem como\u00a0o desenvolvimento da coopera\u00e7\u00e3o nas \u00e1reas da educa\u00e7\u00e3o digital, digitaliza\u00e7\u00e3o de museus e\u00a0de livros antigos.<\/p>\n<p>S\u00e9tima, implementar o\u00a0\u201cPlano de A\u00e7\u00e3o Anticorrup\u00e7\u00e3o\u201d\u00a0do G20 e refor\u00e7ar a coopera\u00e7\u00e3o com os pa\u00edses em desenvolvimento em \u00e1reas como a persegui\u00e7\u00e3o de fugitivos, a rejei\u00e7\u00e3o de ref\u00fagios seguros para a corrup\u00e7\u00e3o e\u00a0o refor\u00e7o\u00a0de capacidades anticorrup\u00e7\u00e3o.<\/p>\n<p>Oitava, a China melhorar\u00e1 o sistema e mecanismo de abertura de alto n\u00edvel e expandir\u00e1 a abertura unilateral aos pa\u00edses menos desenvolvidos, com o\u00a0tratamento de tarifa zero a todos\u00a0que tenham rela\u00e7\u00f5es diplom\u00e1ticas com a China.<\/p>\n","protected":false},"excerpt":{"rendered":"<p>O\u00a0presidente\u00a0chin\u00eas,\u00a0Xi Jinping,\u00a0anunciou\u00a0as\u00a0oito a\u00e7\u00f5es da China para apoiar o desenvolvimento global na 19\u00aa C\u00fapula do G20, realizada no dia 18 deste m\u00eas no Rio de Janeiro. As\u00a0medidas s\u00e3o\u00a0as seguintes: Primeira, trabalhar em conjunto\u00a0para\u00a0construir\u00a0a Iniciativa Cintur\u00e3o e Rota\u00a0e\u00a0desenvolver\u00a0ainda mais\u00a0a\u00a0rede de interconex\u00e3o tridimensional&#8230;.<\/p>\n","protected":false},"author":2,"featured_media":0,"comment_status":"open","ping_status":"open","sticky":false,"template":"","format":"standard","meta":{"footnotes":""},"categories":[8],"tags":[],"class_list":["post-6786","post","type-post","status-publish","format-standard","hentry","category-internacional"],"yoast_head":"<!-- This site is optimized with the Yoast SEO plugin v27.4 - https:\/\/yoast.com\/product\/yoast-seo-wordpress\/ -->\n<title>Xi Jinping anuncia oito a\u00e7\u00f5es no apoio ao desenvolvimento global - CRI e Diario de Pernambuco<\/title>\n<meta name=\"robots\" content=\"index, follow, max-snippet:-1, max-image-preview:large, max-video-preview:-1\" \/>\n<link rel=\"canonical\" href=\"https:\/\/diariodepe.com.br\/cri\/2024\/11\/18\/xi-jinping-anuncia-oito-acoes-no-apoio-ao-desenvolvimento-global\/\" \/>\n<meta property=\"og:locale\" content=\"pt_BR\" \/>\n<meta property=\"og:type\" content=\"article\" \/>\n<meta property=\"og:title\" content=\"Xi Jinping anuncia oito a\u00e7\u00f5es no apoio ao desenvolvimento global - CRI e Diario de Pernambuco\" \/>\n<meta property=\"og:description\" content=\"O\u00a0presidente\u00a0chin\u00eas,\u00a0Xi Jinping,\u00a0anunciou\u00a0as\u00a0oito a\u00e7\u00f5es da China para apoiar o desenvolvimento global na 19\u00aa C\u00fapula do G20, realizada no dia 18 deste m\u00eas no Rio de Janeiro. As\u00a0medidas s\u00e3o\u00a0as seguintes: Primeira, trabalhar em conjunto\u00a0para\u00a0construir\u00a0a Iniciativa Cintur\u00e3o e Rota\u00a0e\u00a0desenvolver\u00a0ainda mais\u00a0a\u00a0rede de interconex\u00e3o tridimensional....\" \/>\n<meta property=\"og:url\" content=\"https:\/\/diariodepe.com.br\/cri\/2024\/11\/18\/xi-jinping-anuncia-oito-acoes-no-apoio-ao-desenvolvimento-global\/\" \/>\n<meta property=\"og:site_name\" content=\"CRI e Diario de Pernambuco\" \/>\n<meta property=\"article:published_time\" content=\"2024-11-18T16:21:13+00:00\" \/>\n<meta property=\"article:modified_time\" content=\"2024-11-19T05:23:38+00:00\" \/>\n<meta property=\"og:image\" content=\"https:\/\/p5crires.cri.cn\/photoworkspace\/cri\/contentimg\/2024\/11\/19\/2024111901264148232.jpg\" \/>\n<meta name=\"author\" content=\"Ismael Lucas S. Pereira\" \/>\n<meta name=\"twitter:card\" content=\"summary_large_image\" \/>\n<meta name=\"twitter:label1\" content=\"Escrito por\" \/>\n\t<meta name=\"twitter:data1\" content=\"Ismael Lucas S. Pereira\" \/>\n\t<meta name=\"twitter:label2\" content=\"Est. tempo de leitura\" \/>\n\t<meta name=\"twitter:data2\" content=\"3 minutos\" \/>\n<script type=\"application\/ld+json\" class=\"yoast-schema-graph\">{\"@context\":\"https:\\\/\\\/schema.org\",\"@graph\":[{\"@type\":\"Article\",\"@id\":\"https:\\\/\\\/diariodepe.com.br\\\/cri\\\/2024\\\/11\\\/18\\\/xi-jinping-anuncia-oito-acoes-no-apoio-ao-desenvolvimento-global\\\/#article\",\"isPartOf\":{\"@id\":\"https:\\\/\\\/diariodepe.com.br\\\/cri\\\/2024\\\/11\\\/18\\\/xi-jinping-anuncia-oito-acoes-no-apoio-ao-desenvolvimento-global\\\/\"},\"author\":{\"name\":\"Ismael Lucas S. Pereira\",\"@id\":\"https:\\\/\\\/diariodepe.com.br\\\/cri\\\/#\\\/schema\\\/person\\\/121bb28d84f1a5b1205ef4ce9c2e0c6b\"},\"headline\":\"Xi Jinping anuncia oito a\u00e7\u00f5es no apoio ao desenvolvimento global\",\"datePublished\":\"2024-11-18T16:21:13+00:00\",\"dateModified\":\"2024-11-19T05:23:38+00:00\",\"mainEntityOfPage\":{\"@id\":\"https:\\\/\\\/diariodepe.com.br\\\/cri\\\/2024\\\/11\\\/18\\\/xi-jinping-anuncia-oito-acoes-no-apoio-ao-desenvolvimento-global\\\/\"},\"wordCount\":408,\"commentCount\":0,\"publisher\":{\"@id\":\"https:\\\/\\\/diariodepe.com.br\\\/cri\\\/#organization\"},\"image\":{\"@id\":\"https:\\\/\\\/diariodepe.com.br\\\/cri\\\/2024\\\/11\\\/18\\\/xi-jinping-anuncia-oito-acoes-no-apoio-ao-desenvolvimento-global\\\/#primaryimage\"},\"thumbnailUrl\":\"https:\\\/\\\/p5crires.cri.cn\\\/photoworkspace\\\/cri\\\/contentimg\\\/2024\\\/11\\\/19\\\/2024111901264148232.jpg\",\"articleSection\":[\"Internacional\"],\"inLanguage\":\"pt-BR\",\"potentialAction\":[{\"@type\":\"CommentAction\",\"name\":\"Comment\",\"target\":[\"https:\\\/\\\/diariodepe.com.br\\\/cri\\\/2024\\\/11\\\/18\\\/xi-jinping-anuncia-oito-acoes-no-apoio-ao-desenvolvimento-global\\\/#respond\"]}]},{\"@type\":\"WebPage\",\"@id\":\"https:\\\/\\\/diariodepe.com.br\\\/cri\\\/2024\\\/11\\\/18\\\/xi-jinping-anuncia-oito-acoes-no-apoio-ao-desenvolvimento-global\\\/\",\"url\":\"https:\\\/\\\/diariodepe.com.br\\\/cri\\\/2024\\\/11\\\/18\\\/xi-jinping-anuncia-oito-acoes-no-apoio-ao-desenvolvimento-global\\\/\",\"name\":\"Xi Jinping anuncia oito a\u00e7\u00f5es no apoio ao desenvolvimento global - CRI e Diario de Pernambuco\",\"isPartOf\":{\"@id\":\"https:\\\/\\\/diariodepe.com.br\\\/cri\\\/#website\"},\"primaryImageOfPage\":{\"@id\":\"https:\\\/\\\/diariodepe.com.br\\\/cri\\\/2024\\\/11\\\/18\\\/xi-jinping-anuncia-oito-acoes-no-apoio-ao-desenvolvimento-global\\\/#primaryimage\"},\"image\":{\"@id\":\"https:\\\/\\\/diariodepe.com.br\\\/cri\\\/2024\\\/11\\\/18\\\/xi-jinping-anuncia-oito-acoes-no-apoio-ao-desenvolvimento-global\\\/#primaryimage\"},\"thumbnailUrl\":\"https:\\\/\\\/p5crires.cri.cn\\\/photoworkspace\\\/cri\\\/contentimg\\\/2024\\\/11\\\/19\\\/2024111901264148232.jpg\",\"datePublished\":\"2024-11-18T16:21:13+00:00\",\"dateModified\":\"2024-11-19T05:23:38+00:00\",\"breadcrumb\":{\"@id\":\"https:\\\/\\\/diariodepe.com.br\\\/cri\\\/2024\\\/11\\\/18\\\/xi-jinping-anuncia-oito-acoes-no-apoio-ao-desenvolvimento-global\\\/#breadcrumb\"},\"inLanguage\":\"pt-BR\",\"potentialAction\":[{\"@type\":\"ReadAction\",\"target\":[\"https:\\\/\\\/diariodepe.com.br\\\/cri\\\/2024\\\/11\\\/18\\\/xi-jinping-anuncia-oito-acoes-no-apoio-ao-desenvolvimento-global\\\/\"]}]},{\"@type\":\"ImageObject\",\"inLanguage\":\"pt-BR\",\"@id\":\"https:\\\/\\\/diariodepe.com.br\\\/cri\\\/2024\\\/11\\\/18\\\/xi-jinping-anuncia-oito-acoes-no-apoio-ao-desenvolvimento-global\\\/#primaryimage\",\"url\":\"https:\\\/\\\/p5crires.cri.cn\\\/photoworkspace\\\/cri\\\/contentimg\\\/2024\\\/11\\\/19\\\/2024111901264148232.jpg\",\"contentUrl\":\"https:\\\/\\\/p5crires.cri.cn\\\/photoworkspace\\\/cri\\\/contentimg\\\/2024\\\/11\\\/19\\\/2024111901264148232.jpg\"},{\"@type\":\"BreadcrumbList\",\"@id\":\"https:\\\/\\\/diariodepe.com.br\\\/cri\\\/2024\\\/11\\\/18\\\/xi-jinping-anuncia-oito-acoes-no-apoio-ao-desenvolvimento-global\\\/#breadcrumb\",\"itemListElement\":[{\"@type\":\"ListItem\",\"position\":1,\"name\":\"In\u00edcio\",\"item\":\"https:\\\/\\\/diariodepe.com.br\\\/cri\\\/\"},{\"@type\":\"ListItem\",\"position\":2,\"name\":\"Xi Jinping anuncia oito a\u00e7\u00f5es no apoio ao desenvolvimento global\"}]},{\"@type\":\"WebSite\",\"@id\":\"https:\\\/\\\/diariodepe.com.br\\\/cri\\\/#website\",\"url\":\"https:\\\/\\\/diariodepe.com.br\\\/cri\\\/\",\"name\":\"CRI e Diario de Pernambuco\",\"description\":\"R\u00e1dio Internacional da China\",\"publisher\":{\"@id\":\"https:\\\/\\\/diariodepe.com.br\\\/cri\\\/#organization\"},\"potentialAction\":[{\"@type\":\"SearchAction\",\"target\":{\"@type\":\"EntryPoint\",\"urlTemplate\":\"https:\\\/\\\/diariodepe.com.br\\\/cri\\\/?s={search_term_string}\"},\"query-input\":{\"@type\":\"PropertyValueSpecification\",\"valueRequired\":true,\"valueName\":\"search_term_string\"}}],\"inLanguage\":\"pt-BR\"},{\"@type\":\"Organization\",\"@id\":\"https:\\\/\\\/diariodepe.com.br\\\/cri\\\/#organization\",\"name\":\"CRI e Diario de Pernambuco\",\"url\":\"https:\\\/\\\/diariodepe.com.br\\\/cri\\\/\",\"logo\":{\"@type\":\"ImageObject\",\"inLanguage\":\"pt-BR\",\"@id\":\"https:\\\/\\\/diariodepe.com.br\\\/cri\\\/#\\\/schema\\\/logo\\\/image\\\/\",\"url\":\"https:\\\/\\\/diariodepe.com.br\\\/cri\\\/wp-content\\\/uploads\\\/sites\\\/2\\\/2022\\\/12\\\/cropped-Logo.jpg\",\"contentUrl\":\"https:\\\/\\\/diariodepe.com.br\\\/cri\\\/wp-content\\\/uploads\\\/sites\\\/2\\\/2022\\\/12\\\/cropped-Logo.jpg\",\"width\":700,\"height\":59,\"caption\":\"CRI e Diario de Pernambuco\"},\"image\":{\"@id\":\"https:\\\/\\\/diariodepe.com.br\\\/cri\\\/#\\\/schema\\\/logo\\\/image\\\/\"}},{\"@type\":\"Person\",\"@id\":\"https:\\\/\\\/diariodepe.com.br\\\/cri\\\/#\\\/schema\\\/person\\\/121bb28d84f1a5b1205ef4ce9c2e0c6b\",\"name\":\"Ismael Lucas S. Pereira\",\"image\":{\"@type\":\"ImageObject\",\"inLanguage\":\"pt-BR\",\"@id\":\"https:\\\/\\\/secure.gravatar.com\\\/avatar\\\/887a0f3b5a7ceea963a48499fb883ffce6b5037362def025c52c2505b15d63e4?s=96&d=mm&r=g\",\"url\":\"https:\\\/\\\/secure.gravatar.com\\\/avatar\\\/887a0f3b5a7ceea963a48499fb883ffce6b5037362def025c52c2505b15d63e4?s=96&d=mm&r=g\",\"contentUrl\":\"https:\\\/\\\/secure.gravatar.com\\\/avatar\\\/887a0f3b5a7ceea963a48499fb883ffce6b5037362def025c52c2505b15d63e4?s=96&d=mm&r=g\",\"caption\":\"Ismael Lucas S. Pereira\"},\"url\":\"https:\\\/\\\/diariodepe.com.br\\\/cri\\\/author\\\/ismael-lucas\\\/\"}]}<\/script>\n<!-- \/ Yoast SEO plugin. -->","yoast_head_json":{"title":"Xi Jinping anuncia oito a\u00e7\u00f5es no apoio ao desenvolvimento global - CRI e Diario de Pernambuco","robots":{"index":"index","follow":"follow","max-snippet":"max-snippet:-1","max-image-preview":"max-image-preview:large","max-video-preview":"max-video-preview:-1"},"canonical":"https:\/\/diariodepe.com.br\/cri\/2024\/11\/18\/xi-jinping-anuncia-oito-acoes-no-apoio-ao-desenvolvimento-global\/","og_locale":"pt_BR","og_type":"article","og_title":"Xi Jinping anuncia oito a\u00e7\u00f5es no apoio ao desenvolvimento global - CRI e Diario de Pernambuco","og_description":"O\u00a0presidente\u00a0chin\u00eas,\u00a0Xi Jinping,\u00a0anunciou\u00a0as\u00a0oito a\u00e7\u00f5es da China para apoiar o desenvolvimento global na 19\u00aa C\u00fapula do G20, realizada no dia 18 deste m\u00eas no Rio de Janeiro. As\u00a0medidas s\u00e3o\u00a0as seguintes: Primeira, trabalhar em conjunto\u00a0para\u00a0construir\u00a0a Iniciativa Cintur\u00e3o e Rota\u00a0e\u00a0desenvolver\u00a0ainda mais\u00a0a\u00a0rede de interconex\u00e3o tridimensional....","og_url":"https:\/\/diariodepe.com.br\/cri\/2024\/11\/18\/xi-jinping-anuncia-oito-acoes-no-apoio-ao-desenvolvimento-global\/","og_site_name":"CRI e Diario de Pernambuco","article_published_time":"2024-11-18T16:21:13+00:00","article_modified_time":"2024-11-19T05:23:38+00:00","og_image":[{"url":"https:\/\/p5crires.cri.cn\/photoworkspace\/cri\/contentimg\/2024\/11\/19\/2024111901264148232.jpg","type":"","width":"","height":""}],"author":"Ismael Lucas S. Pereira","twitter_card":"summary_large_image","twitter_misc":{"Escrito por":"Ismael Lucas S. Pereira","Est. tempo de leitura":"3 minutos"},"schema":{"@context":"https:\/\/schema.org","@graph":[{"@type":"Article","@id":"https:\/\/diariodepe.com.br\/cri\/2024\/11\/18\/xi-jinping-anuncia-oito-acoes-no-apoio-ao-desenvolvimento-global\/#article","isPartOf":{"@id":"https:\/\/diariodepe.com.br\/cri\/2024\/11\/18\/xi-jinping-anuncia-oito-acoes-no-apoio-ao-desenvolvimento-global\/"},"author":{"name":"Ismael Lucas S. Pereira","@id":"https:\/\/diariodepe.com.br\/cri\/#\/schema\/person\/121bb28d84f1a5b1205ef4ce9c2e0c6b"},"headline":"Xi Jinping anuncia oito a\u00e7\u00f5es no apoio ao desenvolvimento global","datePublished":"2024-11-18T16:21:13+00:00","dateModified":"2024-11-19T05:23:38+00:00","mainEntityOfPage":{"@id":"https:\/\/diariodepe.com.br\/cri\/2024\/11\/18\/xi-jinping-anuncia-oito-acoes-no-apoio-ao-desenvolvimento-global\/"},"wordCount":408,"commentCount":0,"publisher":{"@id":"https:\/\/diariodepe.com.br\/cri\/#organization"},"image":{"@id":"https:\/\/diariodepe.com.br\/cri\/2024\/11\/18\/xi-jinping-anuncia-oito-acoes-no-apoio-ao-desenvolvimento-global\/#primaryimage"},"thumbnailUrl":"https:\/\/p5crires.cri.cn\/photoworkspace\/cri\/contentimg\/2024\/11\/19\/2024111901264148232.jpg","articleSection":["Internacional"],"inLanguage":"pt-BR","potentialAction":[{"@type":"CommentAction","name":"Comment","target":["https:\/\/diariodepe.com.br\/cri\/2024\/11\/18\/xi-jinping-anuncia-oito-acoes-no-apoio-ao-desenvolvimento-global\/#respond"]}]},{"@type":"WebPage","@id":"https:\/\/diariodepe.com.br\/cri\/2024\/11\/18\/xi-jinping-anuncia-oito-acoes-no-apoio-ao-desenvolvimento-global\/","url":"https:\/\/diariodepe.com.br\/cri\/2024\/11\/18\/xi-jinping-anuncia-oito-acoes-no-apoio-ao-desenvolvimento-global\/","name":"Xi Jinping anuncia oito a\u00e7\u00f5es no apoio ao desenvolvimento global - CRI e Diario de Pernambuco","isPartOf":{"@id":"https:\/\/diariodepe.com.br\/cri\/#website"},"primaryImageOfPage":{"@id":"https:\/\/diariodepe.com.br\/cri\/2024\/11\/18\/xi-jinping-anuncia-oito-acoes-no-apoio-ao-desenvolvimento-global\/#primaryimage"},"image":{"@id":"https:\/\/diariodepe.com.br\/cri\/2024\/11\/18\/xi-jinping-anuncia-oito-acoes-no-apoio-ao-desenvolvimento-global\/#primaryimage"},"thumbnailUrl":"https:\/\/p5crires.cri.cn\/photoworkspace\/cri\/contentimg\/2024\/11\/19\/2024111901264148232.jpg","datePublished":"2024-11-18T16:21:13+00:00","dateModified":"2024-11-19T05:23:38+00:00","breadcrumb":{"@id":"https:\/\/diariodepe.com.br\/cri\/2024\/11\/18\/xi-jinping-anuncia-oito-acoes-no-apoio-ao-desenvolvimento-global\/#breadcrumb"},"inLanguage":"pt-BR","potentialAction":[{"@type":"ReadAction","target":["https:\/\/diariodepe.com.br\/cri\/2024\/11\/18\/xi-jinping-anuncia-oito-acoes-no-apoio-ao-desenvolvimento-global\/"]}]},{"@type":"ImageObject","inLanguage":"pt-BR","@id":"https:\/\/diariodepe.com.br\/cri\/2024\/11\/18\/xi-jinping-anuncia-oito-acoes-no-apoio-ao-desenvolvimento-global\/#primaryimage","url":"https:\/\/p5crires.cri.cn\/photoworkspace\/cri\/contentimg\/2024\/11\/19\/2024111901264148232.jpg","contentUrl":"https:\/\/p5crires.cri.cn\/photoworkspace\/cri\/contentimg\/2024\/11\/19\/2024111901264148232.jpg"},{"@type":"BreadcrumbList","@id":"https:\/\/diariodepe.com.br\/cri\/2024\/11\/18\/xi-jinping-anuncia-oito-acoes-no-apoio-ao-desenvolvimento-global\/#breadcrumb","itemListElement":[{"@type":"ListItem","position":1,"name":"In\u00edcio","item":"https:\/\/diariodepe.com.br\/cri\/"},{"@type":"ListItem","position":2,"name":"Xi Jinping anuncia oito a\u00e7\u00f5es no apoio ao desenvolvimento global"}]},{"@type":"WebSite","@id":"https:\/\/diariodepe.com.br\/cri\/#website","url":"https:\/\/diariodepe.com.br\/cri\/","name":"CRI e Diario de Pernambuco","description":"R\u00e1dio Internacional da China","publisher":{"@id":"https:\/\/diariodepe.com.br\/cri\/#organization"},"potentialAction":[{"@type":"SearchAction","target":{"@type":"EntryPoint","urlTemplate":"https:\/\/diariodepe.com.br\/cri\/?s={search_term_string}"},"query-input":{"@type":"PropertyValueSpecification","valueRequired":true,"valueName":"search_term_string"}}],"inLanguage":"pt-BR"},{"@type":"Organization","@id":"https:\/\/diariodepe.com.br\/cri\/#organization","name":"CRI e Diario de Pernambuco","url":"https:\/\/diariodepe.com.br\/cri\/","logo":{"@type":"ImageObject","inLanguage":"pt-BR","@id":"https:\/\/diariodepe.com.br\/cri\/#\/schema\/logo\/image\/","url":"https:\/\/diariodepe.com.br\/cri\/wp-content\/uploads\/sites\/2\/2022\/12\/cropped-Logo.jpg","contentUrl":"https:\/\/diariodepe.com.br\/cri\/wp-content\/uploads\/sites\/2\/2022\/12\/cropped-Logo.jpg","width":700,"height":59,"caption":"CRI e Diario de Pernambuco"},"image":{"@id":"https:\/\/diariodepe.com.br\/cri\/#\/schema\/logo\/image\/"}},{"@type":"Person","@id":"https:\/\/diariodepe.com.br\/cri\/#\/schema\/person\/121bb28d84f1a5b1205ef4ce9c2e0c6b","name":"Ismael Lucas S. Pereira","image":{"@type":"ImageObject","inLanguage":"pt-BR","@id":"https:\/\/secure.gravatar.com\/avatar\/887a0f3b5a7ceea963a48499fb883ffce6b5037362def025c52c2505b15d63e4?s=96&d=mm&r=g","url":"https:\/\/secure.gravatar.com\/avatar\/887a0f3b5a7ceea963a48499fb883ffce6b5037362def025c52c2505b15d63e4?s=96&d=mm&r=g","contentUrl":"https:\/\/secure.gravatar.com\/avatar\/887a0f3b5a7ceea963a48499fb883ffce6b5037362def025c52c2505b15d63e4?s=96&d=mm&r=g","caption":"Ismael Lucas S. Pereira"},"url":"https:\/\/diariodepe.com.br\/cri\/author\/ismael-lucas\/"}]}},"cc_featured_image_caption":{"caption_text":false,"source_text":false,"source_url":false},"amp_enabled":true,"_links":{"self":[{"href":"https:\/\/diariodepe.com.br\/cri\/wp-json\/wp\/v2\/posts\/6786","targetHints":{"allow":["GET"]}}],"collection":[{"href":"https:\/\/diariodepe.com.br\/cri\/wp-json\/wp\/v2\/posts"}],"about":[{"href":"https:\/\/diariodepe.com.br\/cri\/wp-json\/wp\/v2\/types\/post"}],"author":[{"embeddable":true,"href":"https:\/\/diariodepe.com.br\/cri\/wp-json\/wp\/v2\/users\/2"}],"replies":[{"embeddable":true,"href":"https:\/\/diariodepe.com.br\/cri\/wp-json\/wp\/v2\/comments?post=6786"}],"version-history":[{"count":1,"href":"https:\/\/diariodepe.com.br\/cri\/wp-json\/wp\/v2\/posts\/6786\/revisions"}],"predecessor-version":[{"id":6787,"href":"https:\/\/diariodepe.com.br\/cri\/wp-json\/wp\/v2\/posts\/6786\/revisions\/6787"}],"wp:attachment":[{"href":"https:\/\/diariodepe.com.br\/cri\/wp-json\/wp\/v2\/media?parent=6786"}],"wp:term":[{"taxonomy":"category","embeddable":true,"href":"https:\/\/diariodepe.com.br\/cri\/wp-json\/wp\/v2\/categories?post=6786"},{"taxonomy":"post_tag","embeddable":true,"href":"https:\/\/diariodepe.com.br\/cri\/wp-json\/wp\/v2\/tags?post=6786"}],"curies":[{"name":"wp","href":"https:\/\/api.w.org\/{rel}","templated":true}]}}