{"id":6783,"date":"2024-11-18T11:14:04","date_gmt":"2024-11-18T14:14:04","guid":{"rendered":"https:\/\/diariodepe.com.br\/cri\/?p=6783"},"modified":"2024-11-19T02:19:38","modified_gmt":"2024-11-19T05:19:38","slug":"xi-jinping-se-reune-com-o-primeiro-ministro-da-australia","status":"publish","type":"post","link":"https:\/\/diariodepe.com.br\/cri\/2024\/11\/18\/xi-jinping-se-reune-com-o-primeiro-ministro-da-australia\/","title":{"rendered":"Xi Jinping se re\u00fane com o primeiro-ministro da Austr\u00e1lia"},"content":{"rendered":"<p data-spm-anchor-id=\"0.0.0.i1\">O presidente chin\u00eas, Xi Jinping, reuniu-se na manh\u00e3 do\u00a0dia 18 deste m\u00eas, hor\u00e1rio local,\u00a0com o primeiro-ministro da Austr\u00e1lia, Anthony Albanese, durante a C\u00fapula do G20 realizada no Rio de Janeiro.<\/p>\n<p>Xi Jinping\u00a0disse\u00a0que em\u00a0novembro passado\u00a0houve\u00a0uma comunica\u00e7\u00e3o aprofundada em\u00a0Beijing\u00a0sobre\u00a0as\u00a0quest\u00f5es estrat\u00e9gicas, gerais e direcionais relacionadas com o desenvolvimento a longo prazo das rela\u00e7\u00f5es China-Austr\u00e1lia. Durante mais de um ano, os\u00a0departamentos de todos os n\u00edveis dos\u00a0dois pa\u00edses mantiveram\u00a0contatos e\u00a0interc\u00e2mbios\u00a0estreitos,\u00a0promovendo\u00a0ativamente a implementa\u00e7\u00e3o dos\u00a0importantes\u00a0consensos\u00a0alcan\u00e7ados\u00a0e\u00a0obtendo\u00a0progressos positivos.\u00a0A China e a\u00a0Austr\u00e1lia\u00a0n\u00e3o\u00a0possuem\u00a0conflitos\u00a0de\u00a0interesses\u00a0fundamentais. Desde que ambos os lados se respeitem,\u00a0tratam-se\u00a0em p\u00e9 de igualdade,\u00a0procurem\u00a0o\u00a0senso\u00a0comum\u00a0enquanto\u00a0preservam\u00a0suas\u00a0diferen\u00e7as, as rela\u00e7\u00f5es\u00a0bilaterais\u00a0certamente\u00a0ir\u00e3o\u00a0progredir.\u00a0A China est\u00e1 disposta a trabalhar com a Austr\u00e1lia\u00a0pela\u00a0constru\u00e7\u00e3o de uma parceria estrat\u00e9gica abrangente China-Austr\u00e1lia mais madura, est\u00e1vel e frut\u00edfera,\u00a0injetando\u00a0mais estabilidade e certeza\u00a0para a\u00a0regi\u00e3o e o mundo.<\/p>\n<p>Segundo\u00a0Xi Jinping, a Austr\u00e1lia bateu o recorde hist\u00f3rico por enviar\u00a0mais de 250 empresas australianas\u00a0para\u00a0participar\u00a0da\u00a0Exposi\u00e7\u00e3o Internacional de Importa\u00e7\u00e3o da China deste ano, o que foi um \u201cvoto de confian\u00e7a\u201d\u00a0dado\u00a0pelas empresas australianas\u00a0\u00e0\u00a0economia chinesa e\u00a0\u00e0\u00a0coopera\u00e7\u00e3o entre os dois pa\u00edses. Ambos os lados devem\u00a0continuar\u00a0expandindo\u00a0a\u00a0coopera\u00e7\u00e3o\u00a0de benef\u00edcios rec\u00edprocos.\u00a0A China est\u00e1 disposta a importar mais produtos australianos de qualidade, incentivar as empresas chinesas a investir e iniciar neg\u00f3cios na Austr\u00e1lia e espera que a Austr\u00e1lia proporcione um ambiente de neg\u00f3cios justo, transparente e n\u00e3o discriminat\u00f3rio para as empresas chinesas.\u00a0Tanto a\u00a0China\u00a0como\u00a0a Austr\u00e1lia s\u00e3o\u00a0apoiadores\u00a0e defensores da globaliza\u00e7\u00e3o econ\u00f4mica e do com\u00e9rcio livre. Os dois lados devem refor\u00e7ar a coordena\u00e7\u00e3o e a coopera\u00e7\u00e3o, opor-se ao protecionismo e promover os pa\u00edses a partilharem oportunidades e interesses\u00a0por meio da abertura e\u00a0alcan\u00e7arem o desenvolvimento comum.<\/p>\n<p>Anthony Albanese, por seu lado,\u00a0disse\u00a0estar\u00a0satisfeito por se reunir novamente com o presidente Xi Jinping por ocasi\u00e3o do d\u00e9cimo anivers\u00e1rio do estabelecimento da parceria estrat\u00e9gica abrangente Austr\u00e1lia-China. A Austr\u00e1lia insiste\u00a0na\u00a0pol\u00edtica de Uma S\u00f3 China, op\u00f5e-se \u00e0\u00a0\u201cdissocia\u00e7\u00e3o\u201d, defende a promo\u00e7\u00e3o da globaliza\u00e7\u00e3o econ\u00f4mica e espera refor\u00e7ar a coopera\u00e7\u00e3o com a China na transforma\u00e7\u00e3o energ\u00e9tica\u00a0e\u00a0nas altera\u00e7\u00f5es clim\u00e1ticas. O desenvolvimento da China faz contribui\u00e7\u00f5es importantes para a estabilidade e o crescimento a longo prazo da regi\u00e3o \u00c1sia-Pac\u00edfico. A Austr\u00e1lia aprecia o importante papel da China em mecanismos multilaterais como a APEC, apoia\u00a0que\u00a0a China\u00a0assuma\u00a0o papel de\u00a0anfitri\u00e3 da APEC\u00a0de\u00a02026 e est\u00e1 disposta a fortalecer\u00a0os contatos\u00a0com\u00a0o governo\u00a0chin\u00eas\u00a0para promover a paz, a estabilidade\u00a0e o\u00a0desenvolvimento\u00a0regionais.<\/p>\n","protected":false},"excerpt":{"rendered":"<p>O presidente chin\u00eas, Xi Jinping, reuniu-se na manh\u00e3 do\u00a0dia 18 deste m\u00eas, hor\u00e1rio local,\u00a0com o primeiro-ministro da Austr\u00e1lia, Anthony Albanese, durante a C\u00fapula do G20 realizada no Rio de Janeiro. Xi Jinping\u00a0disse\u00a0que em\u00a0novembro passado\u00a0houve\u00a0uma comunica\u00e7\u00e3o aprofundada em\u00a0Beijing\u00a0sobre\u00a0as\u00a0quest\u00f5es estrat\u00e9gicas, gerais e&#8230;<\/p>\n","protected":false},"author":2,"featured_media":6784,"comment_status":"open","ping_status":"open","sticky":false,"template":"","format":"standard","meta":{"footnotes":""},"categories":[5,8],"tags":[],"class_list":["post-6783","post","type-post","status-publish","format-standard","has-post-thumbnail","hentry","category-destaques-capa","category-internacional"],"yoast_head":"<!-- This site is optimized with the Yoast SEO plugin v27.4 - https:\/\/yoast.com\/product\/yoast-seo-wordpress\/ -->\n<title>Xi Jinping se re\u00fane com o primeiro-ministro da Austr\u00e1lia - CRI e Diario de Pernambuco<\/title>\n<meta name=\"robots\" content=\"index, follow, max-snippet:-1, max-image-preview:large, max-video-preview:-1\" \/>\n<link rel=\"canonical\" href=\"https:\/\/diariodepe.com.br\/cri\/2024\/11\/18\/xi-jinping-se-reune-com-o-primeiro-ministro-da-australia\/\" \/>\n<meta property=\"og:locale\" content=\"pt_BR\" \/>\n<meta property=\"og:type\" content=\"article\" \/>\n<meta property=\"og:title\" content=\"Xi Jinping se re\u00fane com o primeiro-ministro da Austr\u00e1lia - CRI e Diario de Pernambuco\" \/>\n<meta property=\"og:description\" content=\"O presidente chin\u00eas, Xi Jinping, reuniu-se na manh\u00e3 do\u00a0dia 18 deste m\u00eas, hor\u00e1rio local,\u00a0com o primeiro-ministro da Austr\u00e1lia, Anthony Albanese, durante a C\u00fapula do G20 realizada no Rio de Janeiro. Xi Jinping\u00a0disse\u00a0que em\u00a0novembro passado\u00a0houve\u00a0uma comunica\u00e7\u00e3o aprofundada em\u00a0Beijing\u00a0sobre\u00a0as\u00a0quest\u00f5es estrat\u00e9gicas, gerais e...\" \/>\n<meta property=\"og:url\" content=\"https:\/\/diariodepe.com.br\/cri\/2024\/11\/18\/xi-jinping-se-reune-com-o-primeiro-ministro-da-australia\/\" \/>\n<meta property=\"og:site_name\" content=\"CRI e Diario de Pernambuco\" \/>\n<meta property=\"article:published_time\" content=\"2024-11-18T14:14:04+00:00\" \/>\n<meta property=\"article:modified_time\" content=\"2024-11-19T05:19:38+00:00\" \/>\n<meta property=\"og:image\" content=\"https:\/\/diariodepe.com.br\/cri\/wp-content\/uploads\/sites\/2\/2024\/11\/\u6fb3\u5927\u5229\u4e9a.png\" \/>\n\t<meta property=\"og:image:width\" content=\"900\" \/>\n\t<meta property=\"og:image:height\" content=\"743\" \/>\n\t<meta property=\"og:image:type\" content=\"image\/png\" \/>\n<meta name=\"author\" content=\"Ismael Lucas S. Pereira\" \/>\n<meta name=\"twitter:card\" content=\"summary_large_image\" \/>\n<meta name=\"twitter:label1\" content=\"Escrito por\" \/>\n\t<meta name=\"twitter:data1\" content=\"Ismael Lucas S. Pereira\" \/>\n\t<meta name=\"twitter:label2\" content=\"Est. tempo de leitura\" \/>\n\t<meta name=\"twitter:data2\" content=\"3 minutos\" \/>\n<script type=\"application\/ld+json\" class=\"yoast-schema-graph\">{\"@context\":\"https:\\\/\\\/schema.org\",\"@graph\":[{\"@type\":\"Article\",\"@id\":\"https:\\\/\\\/diariodepe.com.br\\\/cri\\\/2024\\\/11\\\/18\\\/xi-jinping-se-reune-com-o-primeiro-ministro-da-australia\\\/#article\",\"isPartOf\":{\"@id\":\"https:\\\/\\\/diariodepe.com.br\\\/cri\\\/2024\\\/11\\\/18\\\/xi-jinping-se-reune-com-o-primeiro-ministro-da-australia\\\/\"},\"author\":{\"name\":\"Ismael Lucas S. Pereira\",\"@id\":\"https:\\\/\\\/diariodepe.com.br\\\/cri\\\/#\\\/schema\\\/person\\\/121bb28d84f1a5b1205ef4ce9c2e0c6b\"},\"headline\":\"Xi Jinping se re\u00fane com o primeiro-ministro da Austr\u00e1lia\",\"datePublished\":\"2024-11-18T14:14:04+00:00\",\"dateModified\":\"2024-11-19T05:19:38+00:00\",\"mainEntityOfPage\":{\"@id\":\"https:\\\/\\\/diariodepe.com.br\\\/cri\\\/2024\\\/11\\\/18\\\/xi-jinping-se-reune-com-o-primeiro-ministro-da-australia\\\/\"},\"wordCount\":521,\"commentCount\":0,\"publisher\":{\"@id\":\"https:\\\/\\\/diariodepe.com.br\\\/cri\\\/#organization\"},\"image\":{\"@id\":\"https:\\\/\\\/diariodepe.com.br\\\/cri\\\/2024\\\/11\\\/18\\\/xi-jinping-se-reune-com-o-primeiro-ministro-da-australia\\\/#primaryimage\"},\"thumbnailUrl\":\"https:\\\/\\\/diariodepe.com.br\\\/cri\\\/wp-content\\\/uploads\\\/sites\\\/2\\\/2024\\\/11\\\/\u6fb3\u5927\u5229\u4e9a.png\",\"articleSection\":[\"Destaques Capa\",\"Internacional\"],\"inLanguage\":\"pt-BR\",\"potentialAction\":[{\"@type\":\"CommentAction\",\"name\":\"Comment\",\"target\":[\"https:\\\/\\\/diariodepe.com.br\\\/cri\\\/2024\\\/11\\\/18\\\/xi-jinping-se-reune-com-o-primeiro-ministro-da-australia\\\/#respond\"]}]},{\"@type\":\"WebPage\",\"@id\":\"https:\\\/\\\/diariodepe.com.br\\\/cri\\\/2024\\\/11\\\/18\\\/xi-jinping-se-reune-com-o-primeiro-ministro-da-australia\\\/\",\"url\":\"https:\\\/\\\/diariodepe.com.br\\\/cri\\\/2024\\\/11\\\/18\\\/xi-jinping-se-reune-com-o-primeiro-ministro-da-australia\\\/\",\"name\":\"Xi Jinping se re\u00fane com o primeiro-ministro da Austr\u00e1lia - CRI e Diario de Pernambuco\",\"isPartOf\":{\"@id\":\"https:\\\/\\\/diariodepe.com.br\\\/cri\\\/#website\"},\"primaryImageOfPage\":{\"@id\":\"https:\\\/\\\/diariodepe.com.br\\\/cri\\\/2024\\\/11\\\/18\\\/xi-jinping-se-reune-com-o-primeiro-ministro-da-australia\\\/#primaryimage\"},\"image\":{\"@id\":\"https:\\\/\\\/diariodepe.com.br\\\/cri\\\/2024\\\/11\\\/18\\\/xi-jinping-se-reune-com-o-primeiro-ministro-da-australia\\\/#primaryimage\"},\"thumbnailUrl\":\"https:\\\/\\\/diariodepe.com.br\\\/cri\\\/wp-content\\\/uploads\\\/sites\\\/2\\\/2024\\\/11\\\/\u6fb3\u5927\u5229\u4e9a.png\",\"datePublished\":\"2024-11-18T14:14:04+00:00\",\"dateModified\":\"2024-11-19T05:19:38+00:00\",\"breadcrumb\":{\"@id\":\"https:\\\/\\\/diariodepe.com.br\\\/cri\\\/2024\\\/11\\\/18\\\/xi-jinping-se-reune-com-o-primeiro-ministro-da-australia\\\/#breadcrumb\"},\"inLanguage\":\"pt-BR\",\"potentialAction\":[{\"@type\":\"ReadAction\",\"target\":[\"https:\\\/\\\/diariodepe.com.br\\\/cri\\\/2024\\\/11\\\/18\\\/xi-jinping-se-reune-com-o-primeiro-ministro-da-australia\\\/\"]}]},{\"@type\":\"ImageObject\",\"inLanguage\":\"pt-BR\",\"@id\":\"https:\\\/\\\/diariodepe.com.br\\\/cri\\\/2024\\\/11\\\/18\\\/xi-jinping-se-reune-com-o-primeiro-ministro-da-australia\\\/#primaryimage\",\"url\":\"https:\\\/\\\/diariodepe.com.br\\\/cri\\\/wp-content\\\/uploads\\\/sites\\\/2\\\/2024\\\/11\\\/\u6fb3\u5927\u5229\u4e9a.png\",\"contentUrl\":\"https:\\\/\\\/diariodepe.com.br\\\/cri\\\/wp-content\\\/uploads\\\/sites\\\/2\\\/2024\\\/11\\\/\u6fb3\u5927\u5229\u4e9a.png\",\"width\":900,\"height\":743},{\"@type\":\"BreadcrumbList\",\"@id\":\"https:\\\/\\\/diariodepe.com.br\\\/cri\\\/2024\\\/11\\\/18\\\/xi-jinping-se-reune-com-o-primeiro-ministro-da-australia\\\/#breadcrumb\",\"itemListElement\":[{\"@type\":\"ListItem\",\"position\":1,\"name\":\"In\u00edcio\",\"item\":\"https:\\\/\\\/diariodepe.com.br\\\/cri\\\/\"},{\"@type\":\"ListItem\",\"position\":2,\"name\":\"Xi Jinping se re\u00fane com o primeiro-ministro da Austr\u00e1lia\"}]},{\"@type\":\"WebSite\",\"@id\":\"https:\\\/\\\/diariodepe.com.br\\\/cri\\\/#website\",\"url\":\"https:\\\/\\\/diariodepe.com.br\\\/cri\\\/\",\"name\":\"CRI e Diario de Pernambuco\",\"description\":\"R\u00e1dio Internacional da China\",\"publisher\":{\"@id\":\"https:\\\/\\\/diariodepe.com.br\\\/cri\\\/#organization\"},\"potentialAction\":[{\"@type\":\"SearchAction\",\"target\":{\"@type\":\"EntryPoint\",\"urlTemplate\":\"https:\\\/\\\/diariodepe.com.br\\\/cri\\\/?s={search_term_string}\"},\"query-input\":{\"@type\":\"PropertyValueSpecification\",\"valueRequired\":true,\"valueName\":\"search_term_string\"}}],\"inLanguage\":\"pt-BR\"},{\"@type\":\"Organization\",\"@id\":\"https:\\\/\\\/diariodepe.com.br\\\/cri\\\/#organization\",\"name\":\"CRI e Diario de Pernambuco\",\"url\":\"https:\\\/\\\/diariodepe.com.br\\\/cri\\\/\",\"logo\":{\"@type\":\"ImageObject\",\"inLanguage\":\"pt-BR\",\"@id\":\"https:\\\/\\\/diariodepe.com.br\\\/cri\\\/#\\\/schema\\\/logo\\\/image\\\/\",\"url\":\"https:\\\/\\\/diariodepe.com.br\\\/cri\\\/wp-content\\\/uploads\\\/sites\\\/2\\\/2022\\\/12\\\/cropped-Logo.jpg\",\"contentUrl\":\"https:\\\/\\\/diariodepe.com.br\\\/cri\\\/wp-content\\\/uploads\\\/sites\\\/2\\\/2022\\\/12\\\/cropped-Logo.jpg\",\"width\":700,\"height\":59,\"caption\":\"CRI e Diario de Pernambuco\"},\"image\":{\"@id\":\"https:\\\/\\\/diariodepe.com.br\\\/cri\\\/#\\\/schema\\\/logo\\\/image\\\/\"}},{\"@type\":\"Person\",\"@id\":\"https:\\\/\\\/diariodepe.com.br\\\/cri\\\/#\\\/schema\\\/person\\\/121bb28d84f1a5b1205ef4ce9c2e0c6b\",\"name\":\"Ismael Lucas S. Pereira\",\"image\":{\"@type\":\"ImageObject\",\"inLanguage\":\"pt-BR\",\"@id\":\"https:\\\/\\\/secure.gravatar.com\\\/avatar\\\/887a0f3b5a7ceea963a48499fb883ffce6b5037362def025c52c2505b15d63e4?s=96&d=mm&r=g\",\"url\":\"https:\\\/\\\/secure.gravatar.com\\\/avatar\\\/887a0f3b5a7ceea963a48499fb883ffce6b5037362def025c52c2505b15d63e4?s=96&d=mm&r=g\",\"contentUrl\":\"https:\\\/\\\/secure.gravatar.com\\\/avatar\\\/887a0f3b5a7ceea963a48499fb883ffce6b5037362def025c52c2505b15d63e4?s=96&d=mm&r=g\",\"caption\":\"Ismael Lucas S. Pereira\"},\"url\":\"https:\\\/\\\/diariodepe.com.br\\\/cri\\\/author\\\/ismael-lucas\\\/\"}]}<\/script>\n<!-- \/ Yoast SEO plugin. -->","yoast_head_json":{"title":"Xi Jinping se re\u00fane com o primeiro-ministro da Austr\u00e1lia - CRI e Diario de Pernambuco","robots":{"index":"index","follow":"follow","max-snippet":"max-snippet:-1","max-image-preview":"max-image-preview:large","max-video-preview":"max-video-preview:-1"},"canonical":"https:\/\/diariodepe.com.br\/cri\/2024\/11\/18\/xi-jinping-se-reune-com-o-primeiro-ministro-da-australia\/","og_locale":"pt_BR","og_type":"article","og_title":"Xi Jinping se re\u00fane com o primeiro-ministro da Austr\u00e1lia - CRI e Diario de Pernambuco","og_description":"O presidente chin\u00eas, Xi Jinping, reuniu-se na manh\u00e3 do\u00a0dia 18 deste m\u00eas, hor\u00e1rio local,\u00a0com o primeiro-ministro da Austr\u00e1lia, Anthony Albanese, durante a C\u00fapula do G20 realizada no Rio de Janeiro. Xi Jinping\u00a0disse\u00a0que em\u00a0novembro passado\u00a0houve\u00a0uma comunica\u00e7\u00e3o aprofundada em\u00a0Beijing\u00a0sobre\u00a0as\u00a0quest\u00f5es estrat\u00e9gicas, gerais e...","og_url":"https:\/\/diariodepe.com.br\/cri\/2024\/11\/18\/xi-jinping-se-reune-com-o-primeiro-ministro-da-australia\/","og_site_name":"CRI e Diario de Pernambuco","article_published_time":"2024-11-18T14:14:04+00:00","article_modified_time":"2024-11-19T05:19:38+00:00","og_image":[{"width":900,"height":743,"url":"https:\/\/diariodepe.com.br\/cri\/wp-content\/uploads\/sites\/2\/2024\/11\/\u6fb3\u5927\u5229\u4e9a.png","type":"image\/png"}],"author":"Ismael Lucas S. Pereira","twitter_card":"summary_large_image","twitter_misc":{"Escrito por":"Ismael Lucas S. Pereira","Est. tempo de leitura":"3 minutos"},"schema":{"@context":"https:\/\/schema.org","@graph":[{"@type":"Article","@id":"https:\/\/diariodepe.com.br\/cri\/2024\/11\/18\/xi-jinping-se-reune-com-o-primeiro-ministro-da-australia\/#article","isPartOf":{"@id":"https:\/\/diariodepe.com.br\/cri\/2024\/11\/18\/xi-jinping-se-reune-com-o-primeiro-ministro-da-australia\/"},"author":{"name":"Ismael Lucas S. Pereira","@id":"https:\/\/diariodepe.com.br\/cri\/#\/schema\/person\/121bb28d84f1a5b1205ef4ce9c2e0c6b"},"headline":"Xi Jinping se re\u00fane com o primeiro-ministro da Austr\u00e1lia","datePublished":"2024-11-18T14:14:04+00:00","dateModified":"2024-11-19T05:19:38+00:00","mainEntityOfPage":{"@id":"https:\/\/diariodepe.com.br\/cri\/2024\/11\/18\/xi-jinping-se-reune-com-o-primeiro-ministro-da-australia\/"},"wordCount":521,"commentCount":0,"publisher":{"@id":"https:\/\/diariodepe.com.br\/cri\/#organization"},"image":{"@id":"https:\/\/diariodepe.com.br\/cri\/2024\/11\/18\/xi-jinping-se-reune-com-o-primeiro-ministro-da-australia\/#primaryimage"},"thumbnailUrl":"https:\/\/diariodepe.com.br\/cri\/wp-content\/uploads\/sites\/2\/2024\/11\/\u6fb3\u5927\u5229\u4e9a.png","articleSection":["Destaques Capa","Internacional"],"inLanguage":"pt-BR","potentialAction":[{"@type":"CommentAction","name":"Comment","target":["https:\/\/diariodepe.com.br\/cri\/2024\/11\/18\/xi-jinping-se-reune-com-o-primeiro-ministro-da-australia\/#respond"]}]},{"@type":"WebPage","@id":"https:\/\/diariodepe.com.br\/cri\/2024\/11\/18\/xi-jinping-se-reune-com-o-primeiro-ministro-da-australia\/","url":"https:\/\/diariodepe.com.br\/cri\/2024\/11\/18\/xi-jinping-se-reune-com-o-primeiro-ministro-da-australia\/","name":"Xi Jinping se re\u00fane com o primeiro-ministro da Austr\u00e1lia - CRI e Diario de Pernambuco","isPartOf":{"@id":"https:\/\/diariodepe.com.br\/cri\/#website"},"primaryImageOfPage":{"@id":"https:\/\/diariodepe.com.br\/cri\/2024\/11\/18\/xi-jinping-se-reune-com-o-primeiro-ministro-da-australia\/#primaryimage"},"image":{"@id":"https:\/\/diariodepe.com.br\/cri\/2024\/11\/18\/xi-jinping-se-reune-com-o-primeiro-ministro-da-australia\/#primaryimage"},"thumbnailUrl":"https:\/\/diariodepe.com.br\/cri\/wp-content\/uploads\/sites\/2\/2024\/11\/\u6fb3\u5927\u5229\u4e9a.png","datePublished":"2024-11-18T14:14:04+00:00","dateModified":"2024-11-19T05:19:38+00:00","breadcrumb":{"@id":"https:\/\/diariodepe.com.br\/cri\/2024\/11\/18\/xi-jinping-se-reune-com-o-primeiro-ministro-da-australia\/#breadcrumb"},"inLanguage":"pt-BR","potentialAction":[{"@type":"ReadAction","target":["https:\/\/diariodepe.com.br\/cri\/2024\/11\/18\/xi-jinping-se-reune-com-o-primeiro-ministro-da-australia\/"]}]},{"@type":"ImageObject","inLanguage":"pt-BR","@id":"https:\/\/diariodepe.com.br\/cri\/2024\/11\/18\/xi-jinping-se-reune-com-o-primeiro-ministro-da-australia\/#primaryimage","url":"https:\/\/diariodepe.com.br\/cri\/wp-content\/uploads\/sites\/2\/2024\/11\/\u6fb3\u5927\u5229\u4e9a.png","contentUrl":"https:\/\/diariodepe.com.br\/cri\/wp-content\/uploads\/sites\/2\/2024\/11\/\u6fb3\u5927\u5229\u4e9a.png","width":900,"height":743},{"@type":"BreadcrumbList","@id":"https:\/\/diariodepe.com.br\/cri\/2024\/11\/18\/xi-jinping-se-reune-com-o-primeiro-ministro-da-australia\/#breadcrumb","itemListElement":[{"@type":"ListItem","position":1,"name":"In\u00edcio","item":"https:\/\/diariodepe.com.br\/cri\/"},{"@type":"ListItem","position":2,"name":"Xi Jinping se re\u00fane com o primeiro-ministro da Austr\u00e1lia"}]},{"@type":"WebSite","@id":"https:\/\/diariodepe.com.br\/cri\/#website","url":"https:\/\/diariodepe.com.br\/cri\/","name":"CRI e Diario de Pernambuco","description":"R\u00e1dio Internacional da China","publisher":{"@id":"https:\/\/diariodepe.com.br\/cri\/#organization"},"potentialAction":[{"@type":"SearchAction","target":{"@type":"EntryPoint","urlTemplate":"https:\/\/diariodepe.com.br\/cri\/?s={search_term_string}"},"query-input":{"@type":"PropertyValueSpecification","valueRequired":true,"valueName":"search_term_string"}}],"inLanguage":"pt-BR"},{"@type":"Organization","@id":"https:\/\/diariodepe.com.br\/cri\/#organization","name":"CRI e Diario de Pernambuco","url":"https:\/\/diariodepe.com.br\/cri\/","logo":{"@type":"ImageObject","inLanguage":"pt-BR","@id":"https:\/\/diariodepe.com.br\/cri\/#\/schema\/logo\/image\/","url":"https:\/\/diariodepe.com.br\/cri\/wp-content\/uploads\/sites\/2\/2022\/12\/cropped-Logo.jpg","contentUrl":"https:\/\/diariodepe.com.br\/cri\/wp-content\/uploads\/sites\/2\/2022\/12\/cropped-Logo.jpg","width":700,"height":59,"caption":"CRI e Diario de Pernambuco"},"image":{"@id":"https:\/\/diariodepe.com.br\/cri\/#\/schema\/logo\/image\/"}},{"@type":"Person","@id":"https:\/\/diariodepe.com.br\/cri\/#\/schema\/person\/121bb28d84f1a5b1205ef4ce9c2e0c6b","name":"Ismael Lucas S. Pereira","image":{"@type":"ImageObject","inLanguage":"pt-BR","@id":"https:\/\/secure.gravatar.com\/avatar\/887a0f3b5a7ceea963a48499fb883ffce6b5037362def025c52c2505b15d63e4?s=96&d=mm&r=g","url":"https:\/\/secure.gravatar.com\/avatar\/887a0f3b5a7ceea963a48499fb883ffce6b5037362def025c52c2505b15d63e4?s=96&d=mm&r=g","contentUrl":"https:\/\/secure.gravatar.com\/avatar\/887a0f3b5a7ceea963a48499fb883ffce6b5037362def025c52c2505b15d63e4?s=96&d=mm&r=g","caption":"Ismael Lucas S. Pereira"},"url":"https:\/\/diariodepe.com.br\/cri\/author\/ismael-lucas\/"}]}},"cc_featured_image_caption":{"caption_text":false,"source_text":false,"source_url":false},"amp_enabled":true,"_links":{"self":[{"href":"https:\/\/diariodepe.com.br\/cri\/wp-json\/wp\/v2\/posts\/6783","targetHints":{"allow":["GET"]}}],"collection":[{"href":"https:\/\/diariodepe.com.br\/cri\/wp-json\/wp\/v2\/posts"}],"about":[{"href":"https:\/\/diariodepe.com.br\/cri\/wp-json\/wp\/v2\/types\/post"}],"author":[{"embeddable":true,"href":"https:\/\/diariodepe.com.br\/cri\/wp-json\/wp\/v2\/users\/2"}],"replies":[{"embeddable":true,"href":"https:\/\/diariodepe.com.br\/cri\/wp-json\/wp\/v2\/comments?post=6783"}],"version-history":[{"count":1,"href":"https:\/\/diariodepe.com.br\/cri\/wp-json\/wp\/v2\/posts\/6783\/revisions"}],"predecessor-version":[{"id":6785,"href":"https:\/\/diariodepe.com.br\/cri\/wp-json\/wp\/v2\/posts\/6783\/revisions\/6785"}],"wp:featuredmedia":[{"embeddable":true,"href":"https:\/\/diariodepe.com.br\/cri\/wp-json\/wp\/v2\/media\/6784"}],"wp:attachment":[{"href":"https:\/\/diariodepe.com.br\/cri\/wp-json\/wp\/v2\/media?parent=6783"}],"wp:term":[{"taxonomy":"category","embeddable":true,"href":"https:\/\/diariodepe.com.br\/cri\/wp-json\/wp\/v2\/categories?post=6783"},{"taxonomy":"post_tag","embeddable":true,"href":"https:\/\/diariodepe.com.br\/cri\/wp-json\/wp\/v2\/tags?post=6783"}],"curies":[{"name":"wp","href":"https:\/\/api.w.org\/{rel}","templated":true}]}}