{"id":6776,"date":"2024-11-18T08:54:46","date_gmt":"2024-11-18T11:54:46","guid":{"rendered":"https:\/\/diariodepe.com.br\/cri\/?p=6776"},"modified":"2024-11-19T01:57:37","modified_gmt":"2024-11-19T04:57:37","slug":"rio-de-janeiro-sedia-cerimonia-de-lancamento-do-album-belo-brasil-bela-china","status":"publish","type":"post","link":"https:\/\/diariodepe.com.br\/cri\/2024\/11\/18\/rio-de-janeiro-sedia-cerimonia-de-lancamento-do-album-belo-brasil-bela-china\/","title":{"rendered":"Rio de Janeiro sedia cerim\u00f4nia de lan\u00e7amento do \u00e1lbum \u201cBelo Brasil, Bela China\u201d"},"content":{"rendered":"<p class=\"photo_img_20190808\"><img decoding=\"async\" class=\"aligncenter\" src=\"https:\/\/p5crires.cri.cn\/photoworkspace\/cri\/contentimg\/2024\/11\/18\/2024111819052290053.jpeg\" alt=\"\" width=\"1000\" \/><\/p>\n<p data-spm-anchor-id=\"0.0.0.i1\">A cerim\u00f4nia de lan\u00e7amento\u00a0do\u00a0\u00e1lbum e tamb\u00e9m\u00a0a\u00a0exposi\u00e7\u00e3o de fotos \u201cBelo Brasil, Bela China\u201d foram realizadas recentemente\u00a0no\u00a0Rio de Janeiro.<\/p>\n<p>Usando os idiomas chin\u00eas e\u00a0portugu\u00eas, a\u00a0exposi\u00e7\u00e3o\u00a0est\u00e1 dividida em quatro partes, mostrando\u00a0as paisagens naturais, a hist\u00f3ria e a cultura, as trocas econ\u00f4micas e comerciais,\u00a0os interc\u00e2mbios interpessoais e os resultados\u00a0da\u00a0coopera\u00e7\u00e3o entre os dois pa\u00edses.<\/p>\n<p>O evento \u00e9 organizado pelo Gabinete de Imprensa do Conselho de Estado da China, pela Embaixada da China no Brasil, pela Foreign Languages Press e pelo Congresso do Estado do Rio de Janeiro.<\/p>\n","protected":false},"excerpt":{"rendered":"<p>A cerim\u00f4nia de lan\u00e7amento\u00a0do\u00a0\u00e1lbum e tamb\u00e9m\u00a0a\u00a0exposi\u00e7\u00e3o de fotos \u201cBelo Brasil, Bela China\u201d foram realizadas recentemente\u00a0no\u00a0Rio de Janeiro. Usando os idiomas chin\u00eas e\u00a0portugu\u00eas, a\u00a0exposi\u00e7\u00e3o\u00a0est\u00e1 dividida em quatro partes, mostrando\u00a0as paisagens naturais, a hist\u00f3ria e a cultura, as trocas econ\u00f4micas e comerciais,\u00a0os&#8230;<\/p>\n","protected":false},"author":2,"featured_media":0,"comment_status":"open","ping_status":"open","sticky":false,"template":"","format":"standard","meta":{"footnotes":""},"categories":[8],"tags":[],"class_list":["post-6776","post","type-post","status-publish","format-standard","hentry","category-internacional"],"yoast_head":"<!-- This site is optimized with the Yoast SEO plugin v27.4 - https:\/\/yoast.com\/product\/yoast-seo-wordpress\/ -->\n<title>Rio de Janeiro sedia cerim\u00f4nia de lan\u00e7amento do \u00e1lbum \u201cBelo Brasil, Bela China\u201d - CRI e Diario de Pernambuco<\/title>\n<meta name=\"robots\" content=\"index, follow, max-snippet:-1, max-image-preview:large, max-video-preview:-1\" \/>\n<link rel=\"canonical\" href=\"https:\/\/diariodepe.com.br\/cri\/2024\/11\/18\/rio-de-janeiro-sedia-cerimonia-de-lancamento-do-album-belo-brasil-bela-china\/\" \/>\n<meta property=\"og:locale\" content=\"pt_BR\" \/>\n<meta property=\"og:type\" content=\"article\" \/>\n<meta property=\"og:title\" content=\"Rio de Janeiro sedia cerim\u00f4nia de lan\u00e7amento do \u00e1lbum \u201cBelo Brasil, Bela China\u201d - CRI e Diario de Pernambuco\" \/>\n<meta property=\"og:description\" content=\"A cerim\u00f4nia de lan\u00e7amento\u00a0do\u00a0\u00e1lbum e tamb\u00e9m\u00a0a\u00a0exposi\u00e7\u00e3o de fotos \u201cBelo Brasil, Bela China\u201d foram realizadas recentemente\u00a0no\u00a0Rio de Janeiro. Usando os idiomas chin\u00eas e\u00a0portugu\u00eas, a\u00a0exposi\u00e7\u00e3o\u00a0est\u00e1 dividida em quatro partes, mostrando\u00a0as paisagens naturais, a hist\u00f3ria e a cultura, as trocas econ\u00f4micas e comerciais,\u00a0os...\" \/>\n<meta property=\"og:url\" content=\"https:\/\/diariodepe.com.br\/cri\/2024\/11\/18\/rio-de-janeiro-sedia-cerimonia-de-lancamento-do-album-belo-brasil-bela-china\/\" \/>\n<meta property=\"og:site_name\" content=\"CRI e Diario de Pernambuco\" \/>\n<meta property=\"article:published_time\" content=\"2024-11-18T11:54:46+00:00\" \/>\n<meta property=\"article:modified_time\" content=\"2024-11-19T04:57:37+00:00\" \/>\n<meta property=\"og:image\" content=\"https:\/\/p5crires.cri.cn\/photoworkspace\/cri\/contentimg\/2024\/11\/18\/2024111819052290053.jpeg\" \/>\n<meta name=\"author\" content=\"Ismael Lucas S. Pereira\" \/>\n<meta name=\"twitter:card\" content=\"summary_large_image\" \/>\n<meta name=\"twitter:label1\" content=\"Escrito por\" \/>\n\t<meta name=\"twitter:data1\" content=\"Ismael Lucas S. Pereira\" \/>\n\t<meta name=\"twitter:label2\" content=\"Est. tempo de leitura\" \/>\n\t<meta name=\"twitter:data2\" content=\"1 minuto\" \/>\n<script type=\"application\/ld+json\" class=\"yoast-schema-graph\">{\"@context\":\"https:\\\/\\\/schema.org\",\"@graph\":[{\"@type\":\"Article\",\"@id\":\"https:\\\/\\\/diariodepe.com.br\\\/cri\\\/2024\\\/11\\\/18\\\/rio-de-janeiro-sedia-cerimonia-de-lancamento-do-album-belo-brasil-bela-china\\\/#article\",\"isPartOf\":{\"@id\":\"https:\\\/\\\/diariodepe.com.br\\\/cri\\\/2024\\\/11\\\/18\\\/rio-de-janeiro-sedia-cerimonia-de-lancamento-do-album-belo-brasil-bela-china\\\/\"},\"author\":{\"name\":\"Ismael Lucas S. Pereira\",\"@id\":\"https:\\\/\\\/diariodepe.com.br\\\/cri\\\/#\\\/schema\\\/person\\\/121bb28d84f1a5b1205ef4ce9c2e0c6b\"},\"headline\":\"Rio de Janeiro sedia cerim\u00f4nia de lan\u00e7amento do \u00e1lbum \u201cBelo Brasil, Bela China\u201d\",\"datePublished\":\"2024-11-18T11:54:46+00:00\",\"dateModified\":\"2024-11-19T04:57:37+00:00\",\"mainEntityOfPage\":{\"@id\":\"https:\\\/\\\/diariodepe.com.br\\\/cri\\\/2024\\\/11\\\/18\\\/rio-de-janeiro-sedia-cerimonia-de-lancamento-do-album-belo-brasil-bela-china\\\/\"},\"wordCount\":121,\"commentCount\":0,\"publisher\":{\"@id\":\"https:\\\/\\\/diariodepe.com.br\\\/cri\\\/#organization\"},\"image\":{\"@id\":\"https:\\\/\\\/diariodepe.com.br\\\/cri\\\/2024\\\/11\\\/18\\\/rio-de-janeiro-sedia-cerimonia-de-lancamento-do-album-belo-brasil-bela-china\\\/#primaryimage\"},\"thumbnailUrl\":\"https:\\\/\\\/p5crires.cri.cn\\\/photoworkspace\\\/cri\\\/contentimg\\\/2024\\\/11\\\/18\\\/2024111819052290053.jpeg\",\"articleSection\":[\"Internacional\"],\"inLanguage\":\"pt-BR\",\"potentialAction\":[{\"@type\":\"CommentAction\",\"name\":\"Comment\",\"target\":[\"https:\\\/\\\/diariodepe.com.br\\\/cri\\\/2024\\\/11\\\/18\\\/rio-de-janeiro-sedia-cerimonia-de-lancamento-do-album-belo-brasil-bela-china\\\/#respond\"]}]},{\"@type\":\"WebPage\",\"@id\":\"https:\\\/\\\/diariodepe.com.br\\\/cri\\\/2024\\\/11\\\/18\\\/rio-de-janeiro-sedia-cerimonia-de-lancamento-do-album-belo-brasil-bela-china\\\/\",\"url\":\"https:\\\/\\\/diariodepe.com.br\\\/cri\\\/2024\\\/11\\\/18\\\/rio-de-janeiro-sedia-cerimonia-de-lancamento-do-album-belo-brasil-bela-china\\\/\",\"name\":\"Rio de Janeiro sedia cerim\u00f4nia de lan\u00e7amento do \u00e1lbum \u201cBelo Brasil, Bela China\u201d - CRI e Diario de Pernambuco\",\"isPartOf\":{\"@id\":\"https:\\\/\\\/diariodepe.com.br\\\/cri\\\/#website\"},\"primaryImageOfPage\":{\"@id\":\"https:\\\/\\\/diariodepe.com.br\\\/cri\\\/2024\\\/11\\\/18\\\/rio-de-janeiro-sedia-cerimonia-de-lancamento-do-album-belo-brasil-bela-china\\\/#primaryimage\"},\"image\":{\"@id\":\"https:\\\/\\\/diariodepe.com.br\\\/cri\\\/2024\\\/11\\\/18\\\/rio-de-janeiro-sedia-cerimonia-de-lancamento-do-album-belo-brasil-bela-china\\\/#primaryimage\"},\"thumbnailUrl\":\"https:\\\/\\\/p5crires.cri.cn\\\/photoworkspace\\\/cri\\\/contentimg\\\/2024\\\/11\\\/18\\\/2024111819052290053.jpeg\",\"datePublished\":\"2024-11-18T11:54:46+00:00\",\"dateModified\":\"2024-11-19T04:57:37+00:00\",\"breadcrumb\":{\"@id\":\"https:\\\/\\\/diariodepe.com.br\\\/cri\\\/2024\\\/11\\\/18\\\/rio-de-janeiro-sedia-cerimonia-de-lancamento-do-album-belo-brasil-bela-china\\\/#breadcrumb\"},\"inLanguage\":\"pt-BR\",\"potentialAction\":[{\"@type\":\"ReadAction\",\"target\":[\"https:\\\/\\\/diariodepe.com.br\\\/cri\\\/2024\\\/11\\\/18\\\/rio-de-janeiro-sedia-cerimonia-de-lancamento-do-album-belo-brasil-bela-china\\\/\"]}]},{\"@type\":\"ImageObject\",\"inLanguage\":\"pt-BR\",\"@id\":\"https:\\\/\\\/diariodepe.com.br\\\/cri\\\/2024\\\/11\\\/18\\\/rio-de-janeiro-sedia-cerimonia-de-lancamento-do-album-belo-brasil-bela-china\\\/#primaryimage\",\"url\":\"https:\\\/\\\/p5crires.cri.cn\\\/photoworkspace\\\/cri\\\/contentimg\\\/2024\\\/11\\\/18\\\/2024111819052290053.jpeg\",\"contentUrl\":\"https:\\\/\\\/p5crires.cri.cn\\\/photoworkspace\\\/cri\\\/contentimg\\\/2024\\\/11\\\/18\\\/2024111819052290053.jpeg\"},{\"@type\":\"BreadcrumbList\",\"@id\":\"https:\\\/\\\/diariodepe.com.br\\\/cri\\\/2024\\\/11\\\/18\\\/rio-de-janeiro-sedia-cerimonia-de-lancamento-do-album-belo-brasil-bela-china\\\/#breadcrumb\",\"itemListElement\":[{\"@type\":\"ListItem\",\"position\":1,\"name\":\"In\u00edcio\",\"item\":\"https:\\\/\\\/diariodepe.com.br\\\/cri\\\/\"},{\"@type\":\"ListItem\",\"position\":2,\"name\":\"Rio de Janeiro sedia cerim\u00f4nia de lan\u00e7amento do \u00e1lbum \u201cBelo Brasil, Bela China\u201d\"}]},{\"@type\":\"WebSite\",\"@id\":\"https:\\\/\\\/diariodepe.com.br\\\/cri\\\/#website\",\"url\":\"https:\\\/\\\/diariodepe.com.br\\\/cri\\\/\",\"name\":\"CRI e Diario de Pernambuco\",\"description\":\"R\u00e1dio Internacional da China\",\"publisher\":{\"@id\":\"https:\\\/\\\/diariodepe.com.br\\\/cri\\\/#organization\"},\"potentialAction\":[{\"@type\":\"SearchAction\",\"target\":{\"@type\":\"EntryPoint\",\"urlTemplate\":\"https:\\\/\\\/diariodepe.com.br\\\/cri\\\/?s={search_term_string}\"},\"query-input\":{\"@type\":\"PropertyValueSpecification\",\"valueRequired\":true,\"valueName\":\"search_term_string\"}}],\"inLanguage\":\"pt-BR\"},{\"@type\":\"Organization\",\"@id\":\"https:\\\/\\\/diariodepe.com.br\\\/cri\\\/#organization\",\"name\":\"CRI e Diario de Pernambuco\",\"url\":\"https:\\\/\\\/diariodepe.com.br\\\/cri\\\/\",\"logo\":{\"@type\":\"ImageObject\",\"inLanguage\":\"pt-BR\",\"@id\":\"https:\\\/\\\/diariodepe.com.br\\\/cri\\\/#\\\/schema\\\/logo\\\/image\\\/\",\"url\":\"https:\\\/\\\/diariodepe.com.br\\\/cri\\\/wp-content\\\/uploads\\\/sites\\\/2\\\/2022\\\/12\\\/cropped-Logo.jpg\",\"contentUrl\":\"https:\\\/\\\/diariodepe.com.br\\\/cri\\\/wp-content\\\/uploads\\\/sites\\\/2\\\/2022\\\/12\\\/cropped-Logo.jpg\",\"width\":700,\"height\":59,\"caption\":\"CRI e Diario de Pernambuco\"},\"image\":{\"@id\":\"https:\\\/\\\/diariodepe.com.br\\\/cri\\\/#\\\/schema\\\/logo\\\/image\\\/\"}},{\"@type\":\"Person\",\"@id\":\"https:\\\/\\\/diariodepe.com.br\\\/cri\\\/#\\\/schema\\\/person\\\/121bb28d84f1a5b1205ef4ce9c2e0c6b\",\"name\":\"Ismael Lucas S. Pereira\",\"image\":{\"@type\":\"ImageObject\",\"inLanguage\":\"pt-BR\",\"@id\":\"https:\\\/\\\/secure.gravatar.com\\\/avatar\\\/887a0f3b5a7ceea963a48499fb883ffce6b5037362def025c52c2505b15d63e4?s=96&d=mm&r=g\",\"url\":\"https:\\\/\\\/secure.gravatar.com\\\/avatar\\\/887a0f3b5a7ceea963a48499fb883ffce6b5037362def025c52c2505b15d63e4?s=96&d=mm&r=g\",\"contentUrl\":\"https:\\\/\\\/secure.gravatar.com\\\/avatar\\\/887a0f3b5a7ceea963a48499fb883ffce6b5037362def025c52c2505b15d63e4?s=96&d=mm&r=g\",\"caption\":\"Ismael Lucas S. Pereira\"},\"url\":\"https:\\\/\\\/diariodepe.com.br\\\/cri\\\/author\\\/ismael-lucas\\\/\"}]}<\/script>\n<!-- \/ Yoast SEO plugin. -->","yoast_head_json":{"title":"Rio de Janeiro sedia cerim\u00f4nia de lan\u00e7amento do \u00e1lbum \u201cBelo Brasil, Bela China\u201d - CRI e Diario de Pernambuco","robots":{"index":"index","follow":"follow","max-snippet":"max-snippet:-1","max-image-preview":"max-image-preview:large","max-video-preview":"max-video-preview:-1"},"canonical":"https:\/\/diariodepe.com.br\/cri\/2024\/11\/18\/rio-de-janeiro-sedia-cerimonia-de-lancamento-do-album-belo-brasil-bela-china\/","og_locale":"pt_BR","og_type":"article","og_title":"Rio de Janeiro sedia cerim\u00f4nia de lan\u00e7amento do \u00e1lbum \u201cBelo Brasil, Bela China\u201d - CRI e Diario de Pernambuco","og_description":"A cerim\u00f4nia de lan\u00e7amento\u00a0do\u00a0\u00e1lbum e tamb\u00e9m\u00a0a\u00a0exposi\u00e7\u00e3o de fotos \u201cBelo Brasil, Bela China\u201d foram realizadas recentemente\u00a0no\u00a0Rio de Janeiro. Usando os idiomas chin\u00eas e\u00a0portugu\u00eas, a\u00a0exposi\u00e7\u00e3o\u00a0est\u00e1 dividida em quatro partes, mostrando\u00a0as paisagens naturais, a hist\u00f3ria e a cultura, as trocas econ\u00f4micas e comerciais,\u00a0os...","og_url":"https:\/\/diariodepe.com.br\/cri\/2024\/11\/18\/rio-de-janeiro-sedia-cerimonia-de-lancamento-do-album-belo-brasil-bela-china\/","og_site_name":"CRI e Diario de Pernambuco","article_published_time":"2024-11-18T11:54:46+00:00","article_modified_time":"2024-11-19T04:57:37+00:00","og_image":[{"url":"https:\/\/p5crires.cri.cn\/photoworkspace\/cri\/contentimg\/2024\/11\/18\/2024111819052290053.jpeg","type":"","width":"","height":""}],"author":"Ismael Lucas S. Pereira","twitter_card":"summary_large_image","twitter_misc":{"Escrito por":"Ismael Lucas S. Pereira","Est. tempo de leitura":"1 minuto"},"schema":{"@context":"https:\/\/schema.org","@graph":[{"@type":"Article","@id":"https:\/\/diariodepe.com.br\/cri\/2024\/11\/18\/rio-de-janeiro-sedia-cerimonia-de-lancamento-do-album-belo-brasil-bela-china\/#article","isPartOf":{"@id":"https:\/\/diariodepe.com.br\/cri\/2024\/11\/18\/rio-de-janeiro-sedia-cerimonia-de-lancamento-do-album-belo-brasil-bela-china\/"},"author":{"name":"Ismael Lucas S. Pereira","@id":"https:\/\/diariodepe.com.br\/cri\/#\/schema\/person\/121bb28d84f1a5b1205ef4ce9c2e0c6b"},"headline":"Rio de Janeiro sedia cerim\u00f4nia de lan\u00e7amento do \u00e1lbum \u201cBelo Brasil, Bela China\u201d","datePublished":"2024-11-18T11:54:46+00:00","dateModified":"2024-11-19T04:57:37+00:00","mainEntityOfPage":{"@id":"https:\/\/diariodepe.com.br\/cri\/2024\/11\/18\/rio-de-janeiro-sedia-cerimonia-de-lancamento-do-album-belo-brasil-bela-china\/"},"wordCount":121,"commentCount":0,"publisher":{"@id":"https:\/\/diariodepe.com.br\/cri\/#organization"},"image":{"@id":"https:\/\/diariodepe.com.br\/cri\/2024\/11\/18\/rio-de-janeiro-sedia-cerimonia-de-lancamento-do-album-belo-brasil-bela-china\/#primaryimage"},"thumbnailUrl":"https:\/\/p5crires.cri.cn\/photoworkspace\/cri\/contentimg\/2024\/11\/18\/2024111819052290053.jpeg","articleSection":["Internacional"],"inLanguage":"pt-BR","potentialAction":[{"@type":"CommentAction","name":"Comment","target":["https:\/\/diariodepe.com.br\/cri\/2024\/11\/18\/rio-de-janeiro-sedia-cerimonia-de-lancamento-do-album-belo-brasil-bela-china\/#respond"]}]},{"@type":"WebPage","@id":"https:\/\/diariodepe.com.br\/cri\/2024\/11\/18\/rio-de-janeiro-sedia-cerimonia-de-lancamento-do-album-belo-brasil-bela-china\/","url":"https:\/\/diariodepe.com.br\/cri\/2024\/11\/18\/rio-de-janeiro-sedia-cerimonia-de-lancamento-do-album-belo-brasil-bela-china\/","name":"Rio de Janeiro sedia cerim\u00f4nia de lan\u00e7amento do \u00e1lbum \u201cBelo Brasil, Bela China\u201d - CRI e Diario de Pernambuco","isPartOf":{"@id":"https:\/\/diariodepe.com.br\/cri\/#website"},"primaryImageOfPage":{"@id":"https:\/\/diariodepe.com.br\/cri\/2024\/11\/18\/rio-de-janeiro-sedia-cerimonia-de-lancamento-do-album-belo-brasil-bela-china\/#primaryimage"},"image":{"@id":"https:\/\/diariodepe.com.br\/cri\/2024\/11\/18\/rio-de-janeiro-sedia-cerimonia-de-lancamento-do-album-belo-brasil-bela-china\/#primaryimage"},"thumbnailUrl":"https:\/\/p5crires.cri.cn\/photoworkspace\/cri\/contentimg\/2024\/11\/18\/2024111819052290053.jpeg","datePublished":"2024-11-18T11:54:46+00:00","dateModified":"2024-11-19T04:57:37+00:00","breadcrumb":{"@id":"https:\/\/diariodepe.com.br\/cri\/2024\/11\/18\/rio-de-janeiro-sedia-cerimonia-de-lancamento-do-album-belo-brasil-bela-china\/#breadcrumb"},"inLanguage":"pt-BR","potentialAction":[{"@type":"ReadAction","target":["https:\/\/diariodepe.com.br\/cri\/2024\/11\/18\/rio-de-janeiro-sedia-cerimonia-de-lancamento-do-album-belo-brasil-bela-china\/"]}]},{"@type":"ImageObject","inLanguage":"pt-BR","@id":"https:\/\/diariodepe.com.br\/cri\/2024\/11\/18\/rio-de-janeiro-sedia-cerimonia-de-lancamento-do-album-belo-brasil-bela-china\/#primaryimage","url":"https:\/\/p5crires.cri.cn\/photoworkspace\/cri\/contentimg\/2024\/11\/18\/2024111819052290053.jpeg","contentUrl":"https:\/\/p5crires.cri.cn\/photoworkspace\/cri\/contentimg\/2024\/11\/18\/2024111819052290053.jpeg"},{"@type":"BreadcrumbList","@id":"https:\/\/diariodepe.com.br\/cri\/2024\/11\/18\/rio-de-janeiro-sedia-cerimonia-de-lancamento-do-album-belo-brasil-bela-china\/#breadcrumb","itemListElement":[{"@type":"ListItem","position":1,"name":"In\u00edcio","item":"https:\/\/diariodepe.com.br\/cri\/"},{"@type":"ListItem","position":2,"name":"Rio de Janeiro sedia cerim\u00f4nia de lan\u00e7amento do \u00e1lbum \u201cBelo Brasil, Bela China\u201d"}]},{"@type":"WebSite","@id":"https:\/\/diariodepe.com.br\/cri\/#website","url":"https:\/\/diariodepe.com.br\/cri\/","name":"CRI e Diario de Pernambuco","description":"R\u00e1dio Internacional da China","publisher":{"@id":"https:\/\/diariodepe.com.br\/cri\/#organization"},"potentialAction":[{"@type":"SearchAction","target":{"@type":"EntryPoint","urlTemplate":"https:\/\/diariodepe.com.br\/cri\/?s={search_term_string}"},"query-input":{"@type":"PropertyValueSpecification","valueRequired":true,"valueName":"search_term_string"}}],"inLanguage":"pt-BR"},{"@type":"Organization","@id":"https:\/\/diariodepe.com.br\/cri\/#organization","name":"CRI e Diario de Pernambuco","url":"https:\/\/diariodepe.com.br\/cri\/","logo":{"@type":"ImageObject","inLanguage":"pt-BR","@id":"https:\/\/diariodepe.com.br\/cri\/#\/schema\/logo\/image\/","url":"https:\/\/diariodepe.com.br\/cri\/wp-content\/uploads\/sites\/2\/2022\/12\/cropped-Logo.jpg","contentUrl":"https:\/\/diariodepe.com.br\/cri\/wp-content\/uploads\/sites\/2\/2022\/12\/cropped-Logo.jpg","width":700,"height":59,"caption":"CRI e Diario de Pernambuco"},"image":{"@id":"https:\/\/diariodepe.com.br\/cri\/#\/schema\/logo\/image\/"}},{"@type":"Person","@id":"https:\/\/diariodepe.com.br\/cri\/#\/schema\/person\/121bb28d84f1a5b1205ef4ce9c2e0c6b","name":"Ismael Lucas S. Pereira","image":{"@type":"ImageObject","inLanguage":"pt-BR","@id":"https:\/\/secure.gravatar.com\/avatar\/887a0f3b5a7ceea963a48499fb883ffce6b5037362def025c52c2505b15d63e4?s=96&d=mm&r=g","url":"https:\/\/secure.gravatar.com\/avatar\/887a0f3b5a7ceea963a48499fb883ffce6b5037362def025c52c2505b15d63e4?s=96&d=mm&r=g","contentUrl":"https:\/\/secure.gravatar.com\/avatar\/887a0f3b5a7ceea963a48499fb883ffce6b5037362def025c52c2505b15d63e4?s=96&d=mm&r=g","caption":"Ismael Lucas S. Pereira"},"url":"https:\/\/diariodepe.com.br\/cri\/author\/ismael-lucas\/"}]}},"cc_featured_image_caption":{"caption_text":false,"source_text":false,"source_url":false},"amp_enabled":true,"_links":{"self":[{"href":"https:\/\/diariodepe.com.br\/cri\/wp-json\/wp\/v2\/posts\/6776","targetHints":{"allow":["GET"]}}],"collection":[{"href":"https:\/\/diariodepe.com.br\/cri\/wp-json\/wp\/v2\/posts"}],"about":[{"href":"https:\/\/diariodepe.com.br\/cri\/wp-json\/wp\/v2\/types\/post"}],"author":[{"embeddable":true,"href":"https:\/\/diariodepe.com.br\/cri\/wp-json\/wp\/v2\/users\/2"}],"replies":[{"embeddable":true,"href":"https:\/\/diariodepe.com.br\/cri\/wp-json\/wp\/v2\/comments?post=6776"}],"version-history":[{"count":1,"href":"https:\/\/diariodepe.com.br\/cri\/wp-json\/wp\/v2\/posts\/6776\/revisions"}],"predecessor-version":[{"id":6777,"href":"https:\/\/diariodepe.com.br\/cri\/wp-json\/wp\/v2\/posts\/6776\/revisions\/6777"}],"wp:attachment":[{"href":"https:\/\/diariodepe.com.br\/cri\/wp-json\/wp\/v2\/media?parent=6776"}],"wp:term":[{"taxonomy":"category","embeddable":true,"href":"https:\/\/diariodepe.com.br\/cri\/wp-json\/wp\/v2\/categories?post=6776"},{"taxonomy":"post_tag","embeddable":true,"href":"https:\/\/diariodepe.com.br\/cri\/wp-json\/wp\/v2\/tags?post=6776"}],"curies":[{"name":"wp","href":"https:\/\/api.w.org\/{rel}","templated":true}]}}