{"id":6774,"date":"2024-11-18T11:15:56","date_gmt":"2024-11-18T14:15:56","guid":{"rendered":"https:\/\/diariodepe.com.br\/cri\/?p=6774"},"modified":"2024-11-18T11:15:56","modified_gmt":"2024-11-18T14:15:56","slug":"pesquisador-chines-em-economia-brasileira-comenta-convergencia-china-brasil-no-g20","status":"publish","type":"post","link":"https:\/\/diariodepe.com.br\/cri\/2024\/11\/18\/pesquisador-chines-em-economia-brasileira-comenta-convergencia-china-brasil-no-g20\/","title":{"rendered":"Pesquisador chin\u00eas em economia brasileira comenta converg\u00eancia China-Brasil no G20"},"content":{"rendered":"<p style=\"text-align: center;\" data-spm-anchor-id=\"0.0.0.i1\"><figure class=\"wp-block-embed wp-block-embed-youtube is-type-video is-provider-youtube epyt-figure\"><div class=\"wp-block-embed__wrapper\"><div  id=\"_ytid_55551\"  width=\"800\" height=\"450\"  data-origwidth=\"800\" data-origheight=\"450\" data-facadesrc=\"https:\/\/www.youtube.com\/embed\/5PKYDQ6SWjE?enablejsapi=1&autoplay=0&cc_load_policy=0&cc_lang_pref=&iv_load_policy=1&loop=0&rel=1&fs=1&playsinline=0&autohide=2&theme=dark&color=red&controls=1&disablekb=0&\" class=\"__youtube_prefs__ epyt-facade no-lazyload\" data-epautoplay=\"1\" ><img decoding=\"async\" data-spai-excluded=\"true\" class=\"epyt-facade-poster skip-lazy\" loading=\"lazy\"  alt=\"YouTube player\"  src=\"https:\/\/i.ytimg.com\/vi\/5PKYDQ6SWjE\/maxresdefault.jpg\"  \/><button class=\"epyt-facade-play\" aria-label=\"Play\"><svg data-no-lazy=\"1\" height=\"100%\" version=\"1.1\" viewBox=\"0 0 68 48\" width=\"100%\"><path class=\"ytp-large-play-button-bg\" d=\"M66.52,7.74c-0.78-2.93-2.49-5.41-5.42-6.19C55.79,.13,34,0,34,0S12.21,.13,6.9,1.55 C3.97,2.33,2.27,4.81,1.48,7.74C0.06,13.05,0,24,0,24s0.06,10.95,1.48,16.26c0.78,2.93,2.49,5.41,5.42,6.19 C12.21,47.87,34,48,34,48s21.79-0.13,27.1-1.55c2.93-0.78,4.64-3.26,5.42-6.19C67.94,34.95,68,24,68,24S67.94,13.05,66.52,7.74z\" fill=\"#f00\"><\/path><path d=\"M 45,24 27,14 27,34\" fill=\"#fff\"><\/path><\/svg><\/button><\/div><\/div><\/figure><\/p>\n<p data-spm-anchor-id=\"0.0.0.i1\">Com o Brasil na presid\u00eancia rotativa e a viagem do presidente chin\u00eas, Xi Jinping, ao Rio de Janeiro, o G20 deste ano vem com uma expectativa especial para novos avan\u00e7os no relacionamento sino-brasileiro. Isso sem mencionar o marco dos 50 anos das rela\u00e7\u00f5es diplom\u00e1ticas. O programa Sala de visitas convida o pesquisador do Instituto dos Estudos Latino-Americanos da Academia de Ci\u00eancias Sociais da China (CASS), Dr. Wang Fei, para trazer an\u00e1lises atualizadas.<\/p>\n<p><strong>1.\u00a0\u00a0\u00a0\u00a0 Como interpreta as expectativas do Brasil expressadas no seu slogan do G20? Quais consensos ou a\u00e7\u00f5es podemos esperar nessa c\u00fapula?<\/strong><\/p>\n<p>Como um grande pa\u00eds em desenvolvimento, especialmente o maior no hemisf\u00e9rio ocidental, o Brasil tem tido a ambi\u00e7\u00e3o de elevar sua posi\u00e7\u00e3o global por meio do poder brando. A partir das pautas que Brasil sugeriu para c\u00fapula as mensagens transmitidas pelo presidente Lula, acredito que podemos ter quatro expectativas para c\u00fapula no Rio de Janeiro.<\/p>\n<p>O primeiro aspecto \u00e9 a \u00eanfase constante do Brasil na justi\u00e7a social, ou seja, na busca por equidade.\u00a0<strong>O Brasil espera que, por meio de seus esfor\u00e7os para promover redu\u00e7\u00e3o da pobreza e a justi\u00e7a social, possa exercer uma influ\u00eancia positiva tanto em n\u00edvel global quanto para outros pa\u00edses em desenvolvimento.<\/strong><\/p>\n<p>Podemos tomar como refer\u00eancia dos dois primeiros mandatos de Lula. No final de seu segundo mandato em 2010, ele alcan\u00e7ou uma taxa de apoio extremamente alta de 80%. Foi justamente um reflexo do reconhecimento da popula\u00e7\u00e3o pelos avan\u00e7os na \u00e1rea de justi\u00e7a social. Portanto, \u00e9 uma posi\u00e7\u00e3o que o Brasil tem mantido, que pretende aumentar sua influ\u00eancia global por meio da promo\u00e7\u00e3o da equidade e da justi\u00e7a social.<\/p>\n<p>Segundo, indico o aspecto relacionado \u00e0 gest\u00e3o ambiental e \u00e0 sustentabilidade. Isso tamb\u00e9m contrasta diretamente com a abordagem do ex-presidente Jair Bolsonaro.<strong>\u00a0Como o pa\u00eds possui uma vasta \u00e1rea conhecida como o \u201cpulm\u00e3o do mundo\u201d, ele tem uma expectativa de contribuir para a prote\u00e7\u00e3o do planeta e, atrav\u00e9s disso, conseguir receber mais apoio, seja em recursos financeiros ou tecnol\u00f3gicos.<\/strong><\/p>\n<p>O terceiro ponto refere-se \u00e0 melhoria da governan\u00e7a global. Esse \u00e9 propriamente um dos objetivos centrais do G20 como um mecanismo de coopera\u00e7\u00e3o multilateral. No caso do Brasil, os principais focos s\u00e3o a governan\u00e7a no campo do com\u00e9rcio internacional e no setor financeiro internacional.<\/p>\n<p>Por \u00faltimo, o vice-presidente do Brasil, Geraldo Alckmin, mencionou no B20 sobre o uso da intelig\u00eancia artificial e a governan\u00e7a em torno dela. O Brasil quer queo avan\u00e7o e a transforma\u00e7\u00e3o que essa tecnologia pode produzir para ajudar a realizar sua meta de reindustrializa\u00e7\u00e3o, al\u00e9m de fortalecer sua posi\u00e7\u00e3o na competi\u00e7\u00e3o tecnol\u00f3gica global.<\/p>\n<p><strong>2.\u00a0\u00a0\u00a0\u00a0 Como a China agiu e respondeu a tais esfor\u00e7os da parte brasileira?<\/strong><\/p>\n<p>O primeiro \u00e9 o setor financeiro e fiscal. A China atribuiu grande apoio ao Brasil nessa \u00e1rea. Quando se refere ao apoio financeiro, tem duas maneiras. Uma \u00e9 o canal de financiamento para projetos de desenvolvimento, e a outra \u00e9 o suporte para garantir a estabilidade financeira.<\/p>\n<p>Em termos de canais de financiamento, podemos observar que, ap\u00f3s Lula assumir o governo, ele designou a ex-presidente Dilma Rousseff como presidente do Novo Banco de Desenvolvimento do Brics, ou o NDB. Ent\u00e3o, sob a lideran\u00e7a da Dilma, diversas pol\u00edticas de apoio foram implementadas a esse respeito. A presidente acabou de ser premiada com a Medalha da Amizade da Rep\u00fablica Popular da China.<strong>\u00a0Acredito que, nesse sentido, a China e o Brasil estabeleceram um consenso tanto em termos de vis\u00e3o quanto de a\u00e7\u00f5es pr\u00e1ticas. Isto quer dizer que atribu\u00edmos um grande apoio a Dilma e ao banco na sua lideran\u00e7a.<\/strong><\/p>\n<p>No que diz respeito \u00e0 estabilidade financeira, enxergarmos que, em 2023, China e Brasil conseguiram obter um grande avan\u00e7o na pr\u00e1tica da liquida\u00e7\u00e3o em moeda local e no uso do Renminbi nas transa\u00e7\u00f5es. Isso reflete que, com o aumento cont\u00ednuo do volume comercial e a otimiza\u00e7\u00e3o da estrutura do com\u00e9rcio bilateral, a liquida\u00e7\u00e3o em moeda local pode garantir e apoiar o com\u00e9rcio, protegendo-o das flutua\u00e7\u00f5es cambiais do d\u00f3lar americano.<\/p>\n<p>O segundo ponto \u00e9 o com\u00e9rcio. Porque o recente resultado das elei\u00e7\u00f5es nos Estados Unidos j\u00e1 anunciou o retorno de Donald Trump, o que pode representar um impacto no com\u00e9rcio livre global. Recentemente, o Conselho Empresarial Brasil-China publicou um relat\u00f3rio propondo a assinatura de um acordo de livre com\u00e9rcio entre a China e o<strong>\u00a0Mercosul, representado pelo Brasil. Sob essa perspectiva,\u00a0<\/strong>China e Brasil j\u00e1 come\u00e7aram a buscar os avan\u00e7os na reforma do com\u00e9rcio livre em n\u00edveis bilaterais ou multilaterais menores. Por meio de acordos de livre com\u00e9rcio mais eficientes e padronizados, espera-se alcan\u00e7ar progressos na reforma do sistema de governan\u00e7a comercial global, agora liderado por pa\u00edses em desenvolvimento.<\/p>\n<p><strong>3.\u00a0\u00a0\u00a0\u00a0 A China sediou a c\u00fapula do G20 em 2016 e pela primeira vez colocou quest\u00f5es do desenvolvimento numa posi\u00e7\u00e3o proeminente no bloco. Como prev\u00ea propostas que a China dar\u00e1? Quais ser\u00e3o os pontos de converg\u00eancia que China e Brasil podem trabalhar?<\/strong><\/p>\n<p>A quest\u00e3o do desenvolvimento \u00e9 um desafio comum enfrentado por todos os pa\u00edses em desenvolvimento e economias emergentes, incluindo China e Brasil. No entanto, esse tema hoje n\u00e3o pode ser discutido isoladamente, pois est\u00e1, de fato, intrinsecamente ligado \u00e0 seguran\u00e7a.<\/p>\n<p>Com o comportamento cada vez mais frequente de politiza\u00e7\u00e3o e securitiza\u00e7\u00e3o por parte dos pa\u00edses ocidentais, liderados pelos Estados Unidos, o ambiente para os demais pa\u00edses avan\u00e7arem em seu desenvolvimento tem sofrido altera\u00e7\u00f5es.<\/p>\n<p>Especificamente para a China e o Brasil, vejo alguns pontos de converg\u00eancia. Primeiramente, como alcan\u00e7ar um desenvolvimento mais eficaz no cen\u00e1rio global cheio de incertezas, para que garantam um crescimento econ\u00f4mico sustent\u00e1vel e um ambiente relativamente mais est\u00e1vel.<\/p>\n<p>Em segundo lugar, \u00e9 necess\u00e1rio lidar com as mudan\u00e7as no mercado financeiro global. Recentemente, o real brasileiro tem se desvalorizado sem parar, atingindo o segundo menor valor hist\u00f3rico.<strong>\u00a0Garantir estabilidade monet\u00e1ria \u00e9 um desafio enfrentado por praticamente todos os pa\u00edses em desenvolvimento, incluindo o Brasil.<\/strong><\/p>\n<p>O terceiro ponto \u00e9 a promo\u00e7\u00e3o do livre com\u00e9rcio<strong>. A estrat\u00e9gia dos Estados Unidos de desacoplamento e desassocia\u00e7\u00e3o, ou do chamado quintal pequeno com cerca alta, imp\u00f5e limita\u00e7\u00f5es e armadilhas para todos os pa\u00edses em desenvolvimento.<\/strong>\u00a0Portanto, essas na\u00e7\u00f5es devem buscar mais autonomia e efici\u00eancia na condu\u00e7\u00e3o da economia. Isso exige um esfor\u00e7o conjunto para garantir a estabilidade das cadeias de suprimentos e da ind\u00fastria.<\/p>\n<p>Por fim, com a vit\u00f3ria de Trump, surge uma amea\u00e7a em rela\u00e7\u00e3o \u00e0s mudan\u00e7as clim\u00e1ticas globais.\u00a0<strong>Caso os Estados Unidos deixem o Acordo de Paris novamente, representaria um desafio para o Brasil, um pa\u00eds com uma posi\u00e7\u00e3o crucial na quest\u00e3o clim\u00e1tica global.\u00a0<\/strong>\u00a0Afinal de contas, \u00e9 necess\u00e1rio que a China apoie firmemente o Brasil e busque pontos de converg\u00eancia entre os dois pa\u00edses nessa \u00e1rea.<\/p>\n<p><strong>4.\u00a0\u00a0\u00a0\u00a0 O encontro do G20 desempenhou algum papel ou n\u00e3o para mudar essa situa\u00e7\u00e3o de desigualdade?<\/strong><\/p>\n<p>O contexto da cria\u00e7\u00e3o do G20 foi a necessidade de reformar o sistema irracional nos setores fiscal e financeiro, ou seja, a hegemonia do d\u00f3lar americano e do Federal Reserve dos Estados Unidos. No entanto, ap\u00f3s tantos anos, permanecem inalterados nos dois focos primordiais do G20.<\/p>\n<p>Para pa\u00edses como Brasil e China, apesar de alguns consensos e acordos alcan\u00e7ados em reuni\u00f5es do G20, as pot\u00eancias ocidentais ainda n\u00e3o concederam import\u00e2ncia suficiente \u00e0s economias emergentes.<\/p>\n<p><strong>Do ponto de vista acad\u00eamico, ca\u00edmos precisamente na chamada \u201carmadilha de Kindleberger\u201d.<\/strong>\u00a0No entanto, essa armadilha \u00e9, na verdade, um r\u00f3tulo que os acad\u00eamicos estadunidenses imp\u00f5em \u00e0 China. Quer dizer, quando uma na\u00e7\u00e3o hegem\u00f4nica deixa de fornecer bens p\u00fablicos globais, ao mesmo tempo n\u00e3o permite que pa\u00edses em desenvolvimento, como China e Brasil, desempenhem esse papel, resultando em uma car\u00eancia no suprimento.<\/p>\n<p>Acredito, entretanto, que n\u00e3o se pode atribuir esse \u00f4nus aos dois pa\u00edses. A principal responsabilidade continua a ser das pot\u00eancias ocidentais.<\/p>\n<p>5<strong>.\u00a0\u00a0\u00a0\u00a0 Como voc\u00ea avalia o desempenho do governo de Lula perante os compromissos feitos ao longo do seu mandato?<\/strong><\/p>\n<p>Antes ou depois da pandemia de Covid-19, o Brasil estava em um per\u00edodo de recupera\u00e7\u00e3o econ\u00f4mica ou, por assim dizer, uma recupera\u00e7\u00e3o ap\u00f3s a recess\u00e3o. Em 2020, a economia brasileira encolheu 3,28%, mas em 2021 e 2022, o Brasil alcan\u00e7ou crescimento de 4% e 3%, respectivamente.<\/p>\n<p><strong>Nessa perspectiva, sob o governo de Lula, a economia brasileira mostra sinais de recupera\u00e7\u00e3o ou esperan\u00e7a.<\/strong>\u00a0Recentemente, a infla\u00e7\u00e3o voltou a subir, superando a meta estabelecida pelo Banco Central do Brasil, o que gera uma press\u00e3o significativa dentro do pa\u00eds. A press\u00e3o vem principalmente do setor fiscal, pois, como um presidente de esquerda, Lula depende de gastos sociais. O excesso de despesas sociais exige forte apoio fiscal, o que coloca grande press\u00e3o nas contas p\u00fablicas.<\/p>\n<p>De outro lado, em meio a uma onda global de queda nas taxas de juros, o Brasil come\u00e7ou a aumentar sua taxa de juros, criando um descompasso entre os ciclos do Banco Central do Brasil e do Federal Reserve americano. Novos aumentos da taxa enfraquecem o investimento dom\u00e9stico.<strong>\u00a0Portanto, a press\u00e3o fiscal e dos juros representam um impacto negativo nas perspectivas do crescimento econ\u00f4mico do Brasil.<\/strong><\/p>\n<p>No entanto, vale destacar que esses desafios n\u00e3o s\u00e3o novidade para o Brasil, pois, seja durante o governo de Lula ou o governo de Dilma Rousseff, devo dizer, o Partido dos Trabalhadores (PT), adotou uma abordagem semelhante.\u00a0<strong>Assim, acredito que o governo brasileiro e o PT t\u00eam uma pol\u00edtica s\u00f3lida e estrat\u00e9gias preparadas para lidar com essas quest\u00f5es.<\/strong><\/p>\n<p><strong>6.\u00a0\u00a0\u00a0\u00a0 \u00c9 um consenso de que h\u00e1 sinergia entre o projeto de reindustrializa\u00e7\u00e3o do Brasil e da iniciativa chinesa Cintur\u00e3o e Rota. Conforme seu estudo, em quais \u00e1reas os dois podem dar passos pragm\u00e1ticos?<\/strong><\/p>\n<p>Acredito que a coopera\u00e7\u00e3o entre China e Brasil n\u00e3o ser\u00e1 afetada, independentemente da forma adotada. Sob uma forte confian\u00e7a pol\u00edtica m\u00fatua, os dois pa\u00edses t\u00eam aprofundado seus la\u00e7os econ\u00f4micos por meio de uma maior coopera\u00e7\u00e3o comercial e investimentos, o que fortalece ainda mais a coopera\u00e7\u00e3o pol\u00edtica entre os dois.<\/p>\n<p>Nas duas reuni\u00f5es de think tank que realizamos no Brasil em outubro passado, muitos especialistas e acad\u00eamicos abordaram o tema do desequil\u00edbrio nos n\u00fameros e na estrutura do com\u00e9rcio entre os dois pa\u00edses. Esse \u00e9 um ponto que ambos os lados j\u00e1 come\u00e7aram a encarar com seriedade.\u00a0<strong>Tanto para China quanto para o Brasil, devemos enfrentar o problema de forma mais pragm\u00e1tica, n\u00e3o focando nas causas, mas buscando solu\u00e7\u00f5es.<\/strong><\/p>\n<p>Em uma vis\u00e3o integrada entre pol\u00edtica e economia, ou olhando para isso como um todo, \u00e9 importante enfatizar tanto os interesses pol\u00edticos quanto os interesses econ\u00f4micos. China e Brasil podem alcan\u00e7ar uma coopera\u00e7\u00e3o econ\u00f4mica e comercial mais robusta, de alto n\u00edvel e de alto padr\u00e3o, promovendo melhores interc\u00e2mbios de pessoas e tecnologia. Acredito que esses s\u00e3o passos poss\u00edveis para o futuro.<\/p>\n","protected":false},"excerpt":{"rendered":"<p>Com o Brasil na presid\u00eancia rotativa e a viagem do presidente chin\u00eas, Xi Jinping, ao Rio de Janeiro, o G20 deste ano vem com uma expectativa especial para novos avan\u00e7os no relacionamento sino-brasileiro. Isso sem mencionar o marco dos 50&#8230;<\/p>\n","protected":false},"author":2,"featured_media":0,"comment_status":"open","ping_status":"open","sticky":false,"template":"","format":"standard","meta":{"footnotes":""},"categories":[11],"tags":[],"class_list":["post-6774","post","type-post","status-publish","format-standard","hentry","category-videos"],"yoast_head":"<!-- This site is optimized with the Yoast SEO plugin v27.4 - https:\/\/yoast.com\/product\/yoast-seo-wordpress\/ -->\n<title>Pesquisador chin\u00eas em economia brasileira comenta converg\u00eancia China-Brasil no G20 - CRI e Diario de Pernambuco<\/title>\n<meta name=\"robots\" content=\"index, follow, max-snippet:-1, max-image-preview:large, max-video-preview:-1\" \/>\n<link rel=\"canonical\" href=\"https:\/\/diariodepe.com.br\/cri\/2024\/11\/18\/pesquisador-chines-em-economia-brasileira-comenta-convergencia-china-brasil-no-g20\/\" \/>\n<meta property=\"og:locale\" content=\"pt_BR\" \/>\n<meta property=\"og:type\" content=\"article\" \/>\n<meta property=\"og:title\" content=\"Pesquisador chin\u00eas em economia brasileira comenta converg\u00eancia China-Brasil no G20 - CRI e Diario de Pernambuco\" \/>\n<meta property=\"og:description\" content=\"Com o Brasil na presid\u00eancia rotativa e a viagem do presidente chin\u00eas, Xi Jinping, ao Rio de Janeiro, o G20 deste ano vem com uma expectativa especial para novos avan\u00e7os no relacionamento sino-brasileiro. Isso sem mencionar o marco dos 50...\" \/>\n<meta property=\"og:url\" content=\"https:\/\/diariodepe.com.br\/cri\/2024\/11\/18\/pesquisador-chines-em-economia-brasileira-comenta-convergencia-china-brasil-no-g20\/\" \/>\n<meta property=\"og:site_name\" content=\"CRI e Diario de Pernambuco\" \/>\n<meta property=\"article:published_time\" content=\"2024-11-18T14:15:56+00:00\" \/>\n<meta name=\"author\" content=\"Ismael Lucas S. Pereira\" \/>\n<meta name=\"twitter:card\" content=\"summary_large_image\" \/>\n<meta name=\"twitter:label1\" content=\"Escrito por\" \/>\n\t<meta name=\"twitter:data1\" content=\"Ismael Lucas S. Pereira\" \/>\n\t<meta name=\"twitter:label2\" content=\"Est. tempo de leitura\" \/>\n\t<meta name=\"twitter:data2\" content=\"10 minutos\" \/>\n<script type=\"application\/ld+json\" class=\"yoast-schema-graph\">{\"@context\":\"https:\\\/\\\/schema.org\",\"@graph\":[{\"@type\":\"Article\",\"@id\":\"https:\\\/\\\/diariodepe.com.br\\\/cri\\\/2024\\\/11\\\/18\\\/pesquisador-chines-em-economia-brasileira-comenta-convergencia-china-brasil-no-g20\\\/#article\",\"isPartOf\":{\"@id\":\"https:\\\/\\\/diariodepe.com.br\\\/cri\\\/2024\\\/11\\\/18\\\/pesquisador-chines-em-economia-brasileira-comenta-convergencia-china-brasil-no-g20\\\/\"},\"author\":{\"name\":\"Ismael Lucas S. Pereira\",\"@id\":\"https:\\\/\\\/diariodepe.com.br\\\/cri\\\/#\\\/schema\\\/person\\\/121bb28d84f1a5b1205ef4ce9c2e0c6b\"},\"headline\":\"Pesquisador chin\u00eas em economia brasileira comenta converg\u00eancia China-Brasil no G20\",\"datePublished\":\"2024-11-18T14:15:56+00:00\",\"mainEntityOfPage\":{\"@id\":\"https:\\\/\\\/diariodepe.com.br\\\/cri\\\/2024\\\/11\\\/18\\\/pesquisador-chines-em-economia-brasileira-comenta-convergencia-china-brasil-no-g20\\\/\"},\"wordCount\":1947,\"commentCount\":0,\"publisher\":{\"@id\":\"https:\\\/\\\/diariodepe.com.br\\\/cri\\\/#organization\"},\"articleSection\":[\"V\u00eddeos\"],\"inLanguage\":\"pt-BR\",\"potentialAction\":[{\"@type\":\"CommentAction\",\"name\":\"Comment\",\"target\":[\"https:\\\/\\\/diariodepe.com.br\\\/cri\\\/2024\\\/11\\\/18\\\/pesquisador-chines-em-economia-brasileira-comenta-convergencia-china-brasil-no-g20\\\/#respond\"]}]},{\"@type\":\"WebPage\",\"@id\":\"https:\\\/\\\/diariodepe.com.br\\\/cri\\\/2024\\\/11\\\/18\\\/pesquisador-chines-em-economia-brasileira-comenta-convergencia-china-brasil-no-g20\\\/\",\"url\":\"https:\\\/\\\/diariodepe.com.br\\\/cri\\\/2024\\\/11\\\/18\\\/pesquisador-chines-em-economia-brasileira-comenta-convergencia-china-brasil-no-g20\\\/\",\"name\":\"Pesquisador chin\u00eas em economia brasileira comenta converg\u00eancia China-Brasil no G20 - CRI e Diario de Pernambuco\",\"isPartOf\":{\"@id\":\"https:\\\/\\\/diariodepe.com.br\\\/cri\\\/#website\"},\"datePublished\":\"2024-11-18T14:15:56+00:00\",\"breadcrumb\":{\"@id\":\"https:\\\/\\\/diariodepe.com.br\\\/cri\\\/2024\\\/11\\\/18\\\/pesquisador-chines-em-economia-brasileira-comenta-convergencia-china-brasil-no-g20\\\/#breadcrumb\"},\"inLanguage\":\"pt-BR\",\"potentialAction\":[{\"@type\":\"ReadAction\",\"target\":[\"https:\\\/\\\/diariodepe.com.br\\\/cri\\\/2024\\\/11\\\/18\\\/pesquisador-chines-em-economia-brasileira-comenta-convergencia-china-brasil-no-g20\\\/\"]}]},{\"@type\":\"BreadcrumbList\",\"@id\":\"https:\\\/\\\/diariodepe.com.br\\\/cri\\\/2024\\\/11\\\/18\\\/pesquisador-chines-em-economia-brasileira-comenta-convergencia-china-brasil-no-g20\\\/#breadcrumb\",\"itemListElement\":[{\"@type\":\"ListItem\",\"position\":1,\"name\":\"In\u00edcio\",\"item\":\"https:\\\/\\\/diariodepe.com.br\\\/cri\\\/\"},{\"@type\":\"ListItem\",\"position\":2,\"name\":\"Pesquisador chin\u00eas em economia brasileira comenta converg\u00eancia China-Brasil no G20\"}]},{\"@type\":\"WebSite\",\"@id\":\"https:\\\/\\\/diariodepe.com.br\\\/cri\\\/#website\",\"url\":\"https:\\\/\\\/diariodepe.com.br\\\/cri\\\/\",\"name\":\"CRI e Diario de Pernambuco\",\"description\":\"R\u00e1dio Internacional da China\",\"publisher\":{\"@id\":\"https:\\\/\\\/diariodepe.com.br\\\/cri\\\/#organization\"},\"potentialAction\":[{\"@type\":\"SearchAction\",\"target\":{\"@type\":\"EntryPoint\",\"urlTemplate\":\"https:\\\/\\\/diariodepe.com.br\\\/cri\\\/?s={search_term_string}\"},\"query-input\":{\"@type\":\"PropertyValueSpecification\",\"valueRequired\":true,\"valueName\":\"search_term_string\"}}],\"inLanguage\":\"pt-BR\"},{\"@type\":\"Organization\",\"@id\":\"https:\\\/\\\/diariodepe.com.br\\\/cri\\\/#organization\",\"name\":\"CRI e Diario de Pernambuco\",\"url\":\"https:\\\/\\\/diariodepe.com.br\\\/cri\\\/\",\"logo\":{\"@type\":\"ImageObject\",\"inLanguage\":\"pt-BR\",\"@id\":\"https:\\\/\\\/diariodepe.com.br\\\/cri\\\/#\\\/schema\\\/logo\\\/image\\\/\",\"url\":\"https:\\\/\\\/diariodepe.com.br\\\/cri\\\/wp-content\\\/uploads\\\/sites\\\/2\\\/2022\\\/12\\\/cropped-Logo.jpg\",\"contentUrl\":\"https:\\\/\\\/diariodepe.com.br\\\/cri\\\/wp-content\\\/uploads\\\/sites\\\/2\\\/2022\\\/12\\\/cropped-Logo.jpg\",\"width\":700,\"height\":59,\"caption\":\"CRI e Diario de Pernambuco\"},\"image\":{\"@id\":\"https:\\\/\\\/diariodepe.com.br\\\/cri\\\/#\\\/schema\\\/logo\\\/image\\\/\"}},{\"@type\":\"Person\",\"@id\":\"https:\\\/\\\/diariodepe.com.br\\\/cri\\\/#\\\/schema\\\/person\\\/121bb28d84f1a5b1205ef4ce9c2e0c6b\",\"name\":\"Ismael Lucas S. Pereira\",\"image\":{\"@type\":\"ImageObject\",\"inLanguage\":\"pt-BR\",\"@id\":\"https:\\\/\\\/secure.gravatar.com\\\/avatar\\\/887a0f3b5a7ceea963a48499fb883ffce6b5037362def025c52c2505b15d63e4?s=96&d=mm&r=g\",\"url\":\"https:\\\/\\\/secure.gravatar.com\\\/avatar\\\/887a0f3b5a7ceea963a48499fb883ffce6b5037362def025c52c2505b15d63e4?s=96&d=mm&r=g\",\"contentUrl\":\"https:\\\/\\\/secure.gravatar.com\\\/avatar\\\/887a0f3b5a7ceea963a48499fb883ffce6b5037362def025c52c2505b15d63e4?s=96&d=mm&r=g\",\"caption\":\"Ismael Lucas S. Pereira\"},\"url\":\"https:\\\/\\\/diariodepe.com.br\\\/cri\\\/author\\\/ismael-lucas\\\/\"}]}<\/script>\n<!-- \/ Yoast SEO plugin. -->","yoast_head_json":{"title":"Pesquisador chin\u00eas em economia brasileira comenta converg\u00eancia China-Brasil no G20 - CRI e Diario de Pernambuco","robots":{"index":"index","follow":"follow","max-snippet":"max-snippet:-1","max-image-preview":"max-image-preview:large","max-video-preview":"max-video-preview:-1"},"canonical":"https:\/\/diariodepe.com.br\/cri\/2024\/11\/18\/pesquisador-chines-em-economia-brasileira-comenta-convergencia-china-brasil-no-g20\/","og_locale":"pt_BR","og_type":"article","og_title":"Pesquisador chin\u00eas em economia brasileira comenta converg\u00eancia China-Brasil no G20 - CRI e Diario de Pernambuco","og_description":"Com o Brasil na presid\u00eancia rotativa e a viagem do presidente chin\u00eas, Xi Jinping, ao Rio de Janeiro, o G20 deste ano vem com uma expectativa especial para novos avan\u00e7os no relacionamento sino-brasileiro. Isso sem mencionar o marco dos 50...","og_url":"https:\/\/diariodepe.com.br\/cri\/2024\/11\/18\/pesquisador-chines-em-economia-brasileira-comenta-convergencia-china-brasil-no-g20\/","og_site_name":"CRI e Diario de Pernambuco","article_published_time":"2024-11-18T14:15:56+00:00","author":"Ismael Lucas S. Pereira","twitter_card":"summary_large_image","twitter_misc":{"Escrito por":"Ismael Lucas S. Pereira","Est. tempo de leitura":"10 minutos"},"schema":{"@context":"https:\/\/schema.org","@graph":[{"@type":"Article","@id":"https:\/\/diariodepe.com.br\/cri\/2024\/11\/18\/pesquisador-chines-em-economia-brasileira-comenta-convergencia-china-brasil-no-g20\/#article","isPartOf":{"@id":"https:\/\/diariodepe.com.br\/cri\/2024\/11\/18\/pesquisador-chines-em-economia-brasileira-comenta-convergencia-china-brasil-no-g20\/"},"author":{"name":"Ismael Lucas S. Pereira","@id":"https:\/\/diariodepe.com.br\/cri\/#\/schema\/person\/121bb28d84f1a5b1205ef4ce9c2e0c6b"},"headline":"Pesquisador chin\u00eas em economia brasileira comenta converg\u00eancia China-Brasil no G20","datePublished":"2024-11-18T14:15:56+00:00","mainEntityOfPage":{"@id":"https:\/\/diariodepe.com.br\/cri\/2024\/11\/18\/pesquisador-chines-em-economia-brasileira-comenta-convergencia-china-brasil-no-g20\/"},"wordCount":1947,"commentCount":0,"publisher":{"@id":"https:\/\/diariodepe.com.br\/cri\/#organization"},"articleSection":["V\u00eddeos"],"inLanguage":"pt-BR","potentialAction":[{"@type":"CommentAction","name":"Comment","target":["https:\/\/diariodepe.com.br\/cri\/2024\/11\/18\/pesquisador-chines-em-economia-brasileira-comenta-convergencia-china-brasil-no-g20\/#respond"]}]},{"@type":"WebPage","@id":"https:\/\/diariodepe.com.br\/cri\/2024\/11\/18\/pesquisador-chines-em-economia-brasileira-comenta-convergencia-china-brasil-no-g20\/","url":"https:\/\/diariodepe.com.br\/cri\/2024\/11\/18\/pesquisador-chines-em-economia-brasileira-comenta-convergencia-china-brasil-no-g20\/","name":"Pesquisador chin\u00eas em economia brasileira comenta converg\u00eancia China-Brasil no G20 - CRI e Diario de Pernambuco","isPartOf":{"@id":"https:\/\/diariodepe.com.br\/cri\/#website"},"datePublished":"2024-11-18T14:15:56+00:00","breadcrumb":{"@id":"https:\/\/diariodepe.com.br\/cri\/2024\/11\/18\/pesquisador-chines-em-economia-brasileira-comenta-convergencia-china-brasil-no-g20\/#breadcrumb"},"inLanguage":"pt-BR","potentialAction":[{"@type":"ReadAction","target":["https:\/\/diariodepe.com.br\/cri\/2024\/11\/18\/pesquisador-chines-em-economia-brasileira-comenta-convergencia-china-brasil-no-g20\/"]}]},{"@type":"BreadcrumbList","@id":"https:\/\/diariodepe.com.br\/cri\/2024\/11\/18\/pesquisador-chines-em-economia-brasileira-comenta-convergencia-china-brasil-no-g20\/#breadcrumb","itemListElement":[{"@type":"ListItem","position":1,"name":"In\u00edcio","item":"https:\/\/diariodepe.com.br\/cri\/"},{"@type":"ListItem","position":2,"name":"Pesquisador chin\u00eas em economia brasileira comenta converg\u00eancia China-Brasil no G20"}]},{"@type":"WebSite","@id":"https:\/\/diariodepe.com.br\/cri\/#website","url":"https:\/\/diariodepe.com.br\/cri\/","name":"CRI e Diario de Pernambuco","description":"R\u00e1dio Internacional da China","publisher":{"@id":"https:\/\/diariodepe.com.br\/cri\/#organization"},"potentialAction":[{"@type":"SearchAction","target":{"@type":"EntryPoint","urlTemplate":"https:\/\/diariodepe.com.br\/cri\/?s={search_term_string}"},"query-input":{"@type":"PropertyValueSpecification","valueRequired":true,"valueName":"search_term_string"}}],"inLanguage":"pt-BR"},{"@type":"Organization","@id":"https:\/\/diariodepe.com.br\/cri\/#organization","name":"CRI e Diario de Pernambuco","url":"https:\/\/diariodepe.com.br\/cri\/","logo":{"@type":"ImageObject","inLanguage":"pt-BR","@id":"https:\/\/diariodepe.com.br\/cri\/#\/schema\/logo\/image\/","url":"https:\/\/diariodepe.com.br\/cri\/wp-content\/uploads\/sites\/2\/2022\/12\/cropped-Logo.jpg","contentUrl":"https:\/\/diariodepe.com.br\/cri\/wp-content\/uploads\/sites\/2\/2022\/12\/cropped-Logo.jpg","width":700,"height":59,"caption":"CRI e Diario de Pernambuco"},"image":{"@id":"https:\/\/diariodepe.com.br\/cri\/#\/schema\/logo\/image\/"}},{"@type":"Person","@id":"https:\/\/diariodepe.com.br\/cri\/#\/schema\/person\/121bb28d84f1a5b1205ef4ce9c2e0c6b","name":"Ismael Lucas S. Pereira","image":{"@type":"ImageObject","inLanguage":"pt-BR","@id":"https:\/\/secure.gravatar.com\/avatar\/887a0f3b5a7ceea963a48499fb883ffce6b5037362def025c52c2505b15d63e4?s=96&d=mm&r=g","url":"https:\/\/secure.gravatar.com\/avatar\/887a0f3b5a7ceea963a48499fb883ffce6b5037362def025c52c2505b15d63e4?s=96&d=mm&r=g","contentUrl":"https:\/\/secure.gravatar.com\/avatar\/887a0f3b5a7ceea963a48499fb883ffce6b5037362def025c52c2505b15d63e4?s=96&d=mm&r=g","caption":"Ismael Lucas S. Pereira"},"url":"https:\/\/diariodepe.com.br\/cri\/author\/ismael-lucas\/"}]}},"cc_featured_image_caption":{"caption_text":false,"source_text":false,"source_url":false},"amp_enabled":true,"_links":{"self":[{"href":"https:\/\/diariodepe.com.br\/cri\/wp-json\/wp\/v2\/posts\/6774","targetHints":{"allow":["GET"]}}],"collection":[{"href":"https:\/\/diariodepe.com.br\/cri\/wp-json\/wp\/v2\/posts"}],"about":[{"href":"https:\/\/diariodepe.com.br\/cri\/wp-json\/wp\/v2\/types\/post"}],"author":[{"embeddable":true,"href":"https:\/\/diariodepe.com.br\/cri\/wp-json\/wp\/v2\/users\/2"}],"replies":[{"embeddable":true,"href":"https:\/\/diariodepe.com.br\/cri\/wp-json\/wp\/v2\/comments?post=6774"}],"version-history":[{"count":1,"href":"https:\/\/diariodepe.com.br\/cri\/wp-json\/wp\/v2\/posts\/6774\/revisions"}],"predecessor-version":[{"id":6775,"href":"https:\/\/diariodepe.com.br\/cri\/wp-json\/wp\/v2\/posts\/6774\/revisions\/6775"}],"wp:attachment":[{"href":"https:\/\/diariodepe.com.br\/cri\/wp-json\/wp\/v2\/media?parent=6774"}],"wp:term":[{"taxonomy":"category","embeddable":true,"href":"https:\/\/diariodepe.com.br\/cri\/wp-json\/wp\/v2\/categories?post=6774"},{"taxonomy":"post_tag","embeddable":true,"href":"https:\/\/diariodepe.com.br\/cri\/wp-json\/wp\/v2\/tags?post=6774"}],"curies":[{"name":"wp","href":"https:\/\/api.w.org\/{rel}","templated":true}]}}