{"id":6762,"date":"2024-11-17T19:30:42","date_gmt":"2024-11-17T22:30:42","guid":{"rendered":"https:\/\/diariodepe.com.br\/cri\/?p=6762"},"modified":"2024-11-18T01:03:12","modified_gmt":"2024-11-18T04:03:12","slug":"xi-jinping-chega-ao-brasil","status":"publish","type":"post","link":"https:\/\/diariodepe.com.br\/cri\/2024\/11\/17\/xi-jinping-chega-ao-brasil\/","title":{"rendered":"Xi Jinping chega ao Brasil"},"content":{"rendered":"<p data-spm-anchor-id=\"0.0.0.i1\"><img fetchpriority=\"high\" decoding=\"async\" class=\"size-full wp-image-6763 aligncenter\" src=\"https:\/\/diariodepe.com.br\/cri\/wp-content\/uploads\/2024\/11\/xi.jpg\" alt=\"\" width=\"692\" height=\"900\" srcset=\"https:\/\/diariodepe.com.br\/cri\/wp-content\/uploads\/sites\/2\/2024\/11\/xi.jpg 692w, https:\/\/diariodepe.com.br\/cri\/wp-content\/uploads\/sites\/2\/2024\/11\/xi-231x300.jpg 231w\" sizes=\"(max-width: 692px) 100vw, 692px\" \/><\/p>\n<p data-spm-anchor-id=\"0.0.0.i1\">A convite do presidente brasileiro, Luiz In\u00e1cio Lula da Silva, o presidente chin\u00eas, Xi Jinping, chegou no dia 17, hor\u00e1rio local, ao Rio de Janeiro, para participar da 19\u00aa c\u00fapula dos l\u00edderes do G20 e fazer uma visita de Estado ao Brasil.<\/p>\n<p>Xi Jinping proferiu um discurso por escrito no aeroporto. \u201cVisitei o Brasil quatro vezes e testemunhei o desenvolvimento do pa\u00eds nos \u00faltimos 30 anos. Sinto-me muito pr\u00f3ximo ao pisar novamente nesta terra acolhedora.\u201d<\/p>\n<p>\u201cA China e o Brasil s\u00e3o amigos com ideias semelhantes e bons parceiros que avan\u00e7am de m\u00e3os dadas. Como os dois grandes pa\u00edses em desenvolvimento dos hemisf\u00e9rios oriental e ocidental, embora estejam separados por oceanos, eles s\u00e3o atra\u00eddos um por outro e ecoam um ao outro. Nos \u00faltimos anos, os dois pa\u00edses continuaram a aprofundar a confian\u00e7a pol\u00edtica m\u00fatua, a coopera\u00e7\u00e3o pr\u00e1tica frut\u00edfera, e o desenvolvimento da coopera\u00e7\u00e3o interpessoal, dando nova vitalidade \u00e0 amizade tradicional em uma nova era. A China e o Brasil expressaram conjuntamente a justa voz do Sul Global na arena internacional e fizeram importantes contribui\u00e7\u00f5es para promover a paz e o desenvolvimento mundiais.\u201d<\/p>\n<p>Xi Jinping disse: \u201cEste ano, os dois pa\u00edses celebram solenemente o 50\u00ba anivers\u00e1rio do estabelecimento das rela\u00e7\u00f5es diplom\u00e1ticas, e as rela\u00e7\u00f5es China-Brasil est\u00e3o em um importante momento hist\u00f3rico que liga o passado e o futuro. Espero por uma troca profunda de pontos de vista com o presidente Lula sobre o fortalecimento das rela\u00e7\u00f5es bilaterais, o fortalecimento da sinergia entre as estrat\u00e9gias de desenvolvimento dos dois pa\u00edses e as quest\u00f5es internacionais e regionais de interesse comum. Acredito que esta visita aumentar\u00e1 ainda mais a confian\u00e7a m\u00fatua estrat\u00e9gica entre os dois pa\u00edses, aprofundar\u00e1 os interc\u00e2mbios e a coopera\u00e7\u00e3o em v\u00e1rios campos e conduzir\u00e1 as rela\u00e7\u00f5es China-Brasil para os pr\u00f3ximos \u201850 anos dourados\u2019. Tamb\u00e9m estou ansioso para participar da 19\u00aa C\u00fapula dos L\u00edderes do G20, trabalhando com todas as partes para discutir os principais planos, buscar o desenvolvimento comum, defender conjuntamente um mundo multipolar igualit\u00e1rio e ordenado, uma globaliza\u00e7\u00e3o econ\u00f4mica inclusiva e promover o G20 para continuar a desempenhar um papel maior como uma plataforma importante para a coopera\u00e7\u00e3o econ\u00f4mica internacional.\u201d<\/p>\n<p>Cai Qi, Wang Yi e outros membros da delega\u00e7\u00e3o chegaram no mesmo voo e o embaixador chin\u00eas no Brasil, Zhu Qingqiao foi ao aeroporto para a recep\u00e7\u00e3o.<\/p>\n","protected":false},"excerpt":{"rendered":"<p>A convite do presidente brasileiro, Luiz In\u00e1cio Lula da Silva, o presidente chin\u00eas, Xi Jinping, chegou no dia 17, hor\u00e1rio local, ao Rio de Janeiro, para participar da 19\u00aa c\u00fapula dos l\u00edderes do G20 e fazer uma visita de Estado&#8230;<\/p>\n","protected":false},"author":2,"featured_media":6765,"comment_status":"open","ping_status":"open","sticky":false,"template":"","format":"standard","meta":{"footnotes":""},"categories":[5,8],"tags":[],"class_list":["post-6762","post","type-post","status-publish","format-standard","has-post-thumbnail","hentry","category-destaques-capa","category-internacional"],"yoast_head":"<!-- This site is optimized with the Yoast SEO plugin v27.4 - https:\/\/yoast.com\/product\/yoast-seo-wordpress\/ -->\n<title>Xi Jinping chega ao Brasil - CRI e Diario de Pernambuco<\/title>\n<meta name=\"robots\" content=\"index, follow, max-snippet:-1, max-image-preview:large, max-video-preview:-1\" \/>\n<link rel=\"canonical\" href=\"https:\/\/diariodepe.com.br\/cri\/2024\/11\/17\/xi-jinping-chega-ao-brasil\/\" \/>\n<meta property=\"og:locale\" content=\"pt_BR\" \/>\n<meta property=\"og:type\" content=\"article\" \/>\n<meta property=\"og:title\" content=\"Xi Jinping chega ao Brasil - CRI e Diario de Pernambuco\" \/>\n<meta property=\"og:description\" content=\"A convite do presidente brasileiro, Luiz In\u00e1cio Lula da Silva, o presidente chin\u00eas, Xi Jinping, chegou no dia 17, hor\u00e1rio local, ao Rio de Janeiro, para participar da 19\u00aa c\u00fapula dos l\u00edderes do G20 e fazer uma visita de Estado...\" \/>\n<meta property=\"og:url\" content=\"https:\/\/diariodepe.com.br\/cri\/2024\/11\/17\/xi-jinping-chega-ao-brasil\/\" \/>\n<meta property=\"og:site_name\" content=\"CRI e Diario de Pernambuco\" \/>\n<meta property=\"article:published_time\" content=\"2024-11-17T22:30:42+00:00\" \/>\n<meta property=\"article:modified_time\" content=\"2024-11-18T04:03:12+00:00\" \/>\n<meta property=\"og:image\" content=\"https:\/\/diariodepe.com.br\/cri\/wp-content\/uploads\/sites\/2\/2024\/11\/\u5230\u8fbe.jpeg\" \/>\n\t<meta property=\"og:image:width\" content=\"1000\" \/>\n\t<meta property=\"og:image:height\" content=\"577\" \/>\n\t<meta property=\"og:image:type\" content=\"image\/jpeg\" \/>\n<meta name=\"author\" content=\"Ismael Lucas S. Pereira\" \/>\n<meta name=\"twitter:card\" content=\"summary_large_image\" \/>\n<meta name=\"twitter:label1\" content=\"Escrito por\" \/>\n\t<meta name=\"twitter:data1\" content=\"Ismael Lucas S. Pereira\" \/>\n\t<meta name=\"twitter:label2\" content=\"Est. tempo de leitura\" \/>\n\t<meta name=\"twitter:data2\" content=\"3 minutos\" \/>\n<script type=\"application\/ld+json\" class=\"yoast-schema-graph\">{\"@context\":\"https:\\\/\\\/schema.org\",\"@graph\":[{\"@type\":\"Article\",\"@id\":\"https:\\\/\\\/diariodepe.com.br\\\/cri\\\/2024\\\/11\\\/17\\\/xi-jinping-chega-ao-brasil\\\/#article\",\"isPartOf\":{\"@id\":\"https:\\\/\\\/diariodepe.com.br\\\/cri\\\/2024\\\/11\\\/17\\\/xi-jinping-chega-ao-brasil\\\/\"},\"author\":{\"name\":\"Ismael Lucas S. Pereira\",\"@id\":\"https:\\\/\\\/diariodepe.com.br\\\/cri\\\/#\\\/schema\\\/person\\\/121bb28d84f1a5b1205ef4ce9c2e0c6b\"},\"headline\":\"Xi Jinping chega ao Brasil\",\"datePublished\":\"2024-11-17T22:30:42+00:00\",\"dateModified\":\"2024-11-18T04:03:12+00:00\",\"mainEntityOfPage\":{\"@id\":\"https:\\\/\\\/diariodepe.com.br\\\/cri\\\/2024\\\/11\\\/17\\\/xi-jinping-chega-ao-brasil\\\/\"},\"wordCount\":429,\"commentCount\":0,\"publisher\":{\"@id\":\"https:\\\/\\\/diariodepe.com.br\\\/cri\\\/#organization\"},\"image\":{\"@id\":\"https:\\\/\\\/diariodepe.com.br\\\/cri\\\/2024\\\/11\\\/17\\\/xi-jinping-chega-ao-brasil\\\/#primaryimage\"},\"thumbnailUrl\":\"https:\\\/\\\/diariodepe.com.br\\\/cri\\\/wp-content\\\/uploads\\\/sites\\\/2\\\/2024\\\/11\\\/\u5230\u8fbe.jpeg\",\"articleSection\":[\"Destaques Capa\",\"Internacional\"],\"inLanguage\":\"pt-BR\",\"potentialAction\":[{\"@type\":\"CommentAction\",\"name\":\"Comment\",\"target\":[\"https:\\\/\\\/diariodepe.com.br\\\/cri\\\/2024\\\/11\\\/17\\\/xi-jinping-chega-ao-brasil\\\/#respond\"]}]},{\"@type\":\"WebPage\",\"@id\":\"https:\\\/\\\/diariodepe.com.br\\\/cri\\\/2024\\\/11\\\/17\\\/xi-jinping-chega-ao-brasil\\\/\",\"url\":\"https:\\\/\\\/diariodepe.com.br\\\/cri\\\/2024\\\/11\\\/17\\\/xi-jinping-chega-ao-brasil\\\/\",\"name\":\"Xi Jinping chega ao Brasil - CRI e Diario de Pernambuco\",\"isPartOf\":{\"@id\":\"https:\\\/\\\/diariodepe.com.br\\\/cri\\\/#website\"},\"primaryImageOfPage\":{\"@id\":\"https:\\\/\\\/diariodepe.com.br\\\/cri\\\/2024\\\/11\\\/17\\\/xi-jinping-chega-ao-brasil\\\/#primaryimage\"},\"image\":{\"@id\":\"https:\\\/\\\/diariodepe.com.br\\\/cri\\\/2024\\\/11\\\/17\\\/xi-jinping-chega-ao-brasil\\\/#primaryimage\"},\"thumbnailUrl\":\"https:\\\/\\\/diariodepe.com.br\\\/cri\\\/wp-content\\\/uploads\\\/sites\\\/2\\\/2024\\\/11\\\/\u5230\u8fbe.jpeg\",\"datePublished\":\"2024-11-17T22:30:42+00:00\",\"dateModified\":\"2024-11-18T04:03:12+00:00\",\"breadcrumb\":{\"@id\":\"https:\\\/\\\/diariodepe.com.br\\\/cri\\\/2024\\\/11\\\/17\\\/xi-jinping-chega-ao-brasil\\\/#breadcrumb\"},\"inLanguage\":\"pt-BR\",\"potentialAction\":[{\"@type\":\"ReadAction\",\"target\":[\"https:\\\/\\\/diariodepe.com.br\\\/cri\\\/2024\\\/11\\\/17\\\/xi-jinping-chega-ao-brasil\\\/\"]}]},{\"@type\":\"ImageObject\",\"inLanguage\":\"pt-BR\",\"@id\":\"https:\\\/\\\/diariodepe.com.br\\\/cri\\\/2024\\\/11\\\/17\\\/xi-jinping-chega-ao-brasil\\\/#primaryimage\",\"url\":\"https:\\\/\\\/diariodepe.com.br\\\/cri\\\/wp-content\\\/uploads\\\/sites\\\/2\\\/2024\\\/11\\\/\u5230\u8fbe.jpeg\",\"contentUrl\":\"https:\\\/\\\/diariodepe.com.br\\\/cri\\\/wp-content\\\/uploads\\\/sites\\\/2\\\/2024\\\/11\\\/\u5230\u8fbe.jpeg\",\"width\":1000,\"height\":577},{\"@type\":\"BreadcrumbList\",\"@id\":\"https:\\\/\\\/diariodepe.com.br\\\/cri\\\/2024\\\/11\\\/17\\\/xi-jinping-chega-ao-brasil\\\/#breadcrumb\",\"itemListElement\":[{\"@type\":\"ListItem\",\"position\":1,\"name\":\"In\u00edcio\",\"item\":\"https:\\\/\\\/diariodepe.com.br\\\/cri\\\/\"},{\"@type\":\"ListItem\",\"position\":2,\"name\":\"Xi Jinping chega ao Brasil\"}]},{\"@type\":\"WebSite\",\"@id\":\"https:\\\/\\\/diariodepe.com.br\\\/cri\\\/#website\",\"url\":\"https:\\\/\\\/diariodepe.com.br\\\/cri\\\/\",\"name\":\"CRI e Diario de Pernambuco\",\"description\":\"R\u00e1dio Internacional da China\",\"publisher\":{\"@id\":\"https:\\\/\\\/diariodepe.com.br\\\/cri\\\/#organization\"},\"potentialAction\":[{\"@type\":\"SearchAction\",\"target\":{\"@type\":\"EntryPoint\",\"urlTemplate\":\"https:\\\/\\\/diariodepe.com.br\\\/cri\\\/?s={search_term_string}\"},\"query-input\":{\"@type\":\"PropertyValueSpecification\",\"valueRequired\":true,\"valueName\":\"search_term_string\"}}],\"inLanguage\":\"pt-BR\"},{\"@type\":\"Organization\",\"@id\":\"https:\\\/\\\/diariodepe.com.br\\\/cri\\\/#organization\",\"name\":\"CRI e Diario de Pernambuco\",\"url\":\"https:\\\/\\\/diariodepe.com.br\\\/cri\\\/\",\"logo\":{\"@type\":\"ImageObject\",\"inLanguage\":\"pt-BR\",\"@id\":\"https:\\\/\\\/diariodepe.com.br\\\/cri\\\/#\\\/schema\\\/logo\\\/image\\\/\",\"url\":\"https:\\\/\\\/diariodepe.com.br\\\/cri\\\/wp-content\\\/uploads\\\/sites\\\/2\\\/2022\\\/12\\\/cropped-Logo.jpg\",\"contentUrl\":\"https:\\\/\\\/diariodepe.com.br\\\/cri\\\/wp-content\\\/uploads\\\/sites\\\/2\\\/2022\\\/12\\\/cropped-Logo.jpg\",\"width\":700,\"height\":59,\"caption\":\"CRI e Diario de Pernambuco\"},\"image\":{\"@id\":\"https:\\\/\\\/diariodepe.com.br\\\/cri\\\/#\\\/schema\\\/logo\\\/image\\\/\"}},{\"@type\":\"Person\",\"@id\":\"https:\\\/\\\/diariodepe.com.br\\\/cri\\\/#\\\/schema\\\/person\\\/121bb28d84f1a5b1205ef4ce9c2e0c6b\",\"name\":\"Ismael Lucas S. Pereira\",\"image\":{\"@type\":\"ImageObject\",\"inLanguage\":\"pt-BR\",\"@id\":\"https:\\\/\\\/secure.gravatar.com\\\/avatar\\\/887a0f3b5a7ceea963a48499fb883ffce6b5037362def025c52c2505b15d63e4?s=96&d=mm&r=g\",\"url\":\"https:\\\/\\\/secure.gravatar.com\\\/avatar\\\/887a0f3b5a7ceea963a48499fb883ffce6b5037362def025c52c2505b15d63e4?s=96&d=mm&r=g\",\"contentUrl\":\"https:\\\/\\\/secure.gravatar.com\\\/avatar\\\/887a0f3b5a7ceea963a48499fb883ffce6b5037362def025c52c2505b15d63e4?s=96&d=mm&r=g\",\"caption\":\"Ismael Lucas S. Pereira\"},\"url\":\"https:\\\/\\\/diariodepe.com.br\\\/cri\\\/author\\\/ismael-lucas\\\/\"}]}<\/script>\n<!-- \/ Yoast SEO plugin. -->","yoast_head_json":{"title":"Xi Jinping chega ao Brasil - CRI e Diario de Pernambuco","robots":{"index":"index","follow":"follow","max-snippet":"max-snippet:-1","max-image-preview":"max-image-preview:large","max-video-preview":"max-video-preview:-1"},"canonical":"https:\/\/diariodepe.com.br\/cri\/2024\/11\/17\/xi-jinping-chega-ao-brasil\/","og_locale":"pt_BR","og_type":"article","og_title":"Xi Jinping chega ao Brasil - CRI e Diario de Pernambuco","og_description":"A convite do presidente brasileiro, Luiz In\u00e1cio Lula da Silva, o presidente chin\u00eas, Xi Jinping, chegou no dia 17, hor\u00e1rio local, ao Rio de Janeiro, para participar da 19\u00aa c\u00fapula dos l\u00edderes do G20 e fazer uma visita de Estado...","og_url":"https:\/\/diariodepe.com.br\/cri\/2024\/11\/17\/xi-jinping-chega-ao-brasil\/","og_site_name":"CRI e Diario de Pernambuco","article_published_time":"2024-11-17T22:30:42+00:00","article_modified_time":"2024-11-18T04:03:12+00:00","og_image":[{"width":1000,"height":577,"url":"https:\/\/diariodepe.com.br\/cri\/wp-content\/uploads\/sites\/2\/2024\/11\/\u5230\u8fbe.jpeg","type":"image\/jpeg"}],"author":"Ismael Lucas S. Pereira","twitter_card":"summary_large_image","twitter_misc":{"Escrito por":"Ismael Lucas S. Pereira","Est. tempo de leitura":"3 minutos"},"schema":{"@context":"https:\/\/schema.org","@graph":[{"@type":"Article","@id":"https:\/\/diariodepe.com.br\/cri\/2024\/11\/17\/xi-jinping-chega-ao-brasil\/#article","isPartOf":{"@id":"https:\/\/diariodepe.com.br\/cri\/2024\/11\/17\/xi-jinping-chega-ao-brasil\/"},"author":{"name":"Ismael Lucas S. Pereira","@id":"https:\/\/diariodepe.com.br\/cri\/#\/schema\/person\/121bb28d84f1a5b1205ef4ce9c2e0c6b"},"headline":"Xi Jinping chega ao Brasil","datePublished":"2024-11-17T22:30:42+00:00","dateModified":"2024-11-18T04:03:12+00:00","mainEntityOfPage":{"@id":"https:\/\/diariodepe.com.br\/cri\/2024\/11\/17\/xi-jinping-chega-ao-brasil\/"},"wordCount":429,"commentCount":0,"publisher":{"@id":"https:\/\/diariodepe.com.br\/cri\/#organization"},"image":{"@id":"https:\/\/diariodepe.com.br\/cri\/2024\/11\/17\/xi-jinping-chega-ao-brasil\/#primaryimage"},"thumbnailUrl":"https:\/\/diariodepe.com.br\/cri\/wp-content\/uploads\/sites\/2\/2024\/11\/\u5230\u8fbe.jpeg","articleSection":["Destaques Capa","Internacional"],"inLanguage":"pt-BR","potentialAction":[{"@type":"CommentAction","name":"Comment","target":["https:\/\/diariodepe.com.br\/cri\/2024\/11\/17\/xi-jinping-chega-ao-brasil\/#respond"]}]},{"@type":"WebPage","@id":"https:\/\/diariodepe.com.br\/cri\/2024\/11\/17\/xi-jinping-chega-ao-brasil\/","url":"https:\/\/diariodepe.com.br\/cri\/2024\/11\/17\/xi-jinping-chega-ao-brasil\/","name":"Xi Jinping chega ao Brasil - CRI e Diario de Pernambuco","isPartOf":{"@id":"https:\/\/diariodepe.com.br\/cri\/#website"},"primaryImageOfPage":{"@id":"https:\/\/diariodepe.com.br\/cri\/2024\/11\/17\/xi-jinping-chega-ao-brasil\/#primaryimage"},"image":{"@id":"https:\/\/diariodepe.com.br\/cri\/2024\/11\/17\/xi-jinping-chega-ao-brasil\/#primaryimage"},"thumbnailUrl":"https:\/\/diariodepe.com.br\/cri\/wp-content\/uploads\/sites\/2\/2024\/11\/\u5230\u8fbe.jpeg","datePublished":"2024-11-17T22:30:42+00:00","dateModified":"2024-11-18T04:03:12+00:00","breadcrumb":{"@id":"https:\/\/diariodepe.com.br\/cri\/2024\/11\/17\/xi-jinping-chega-ao-brasil\/#breadcrumb"},"inLanguage":"pt-BR","potentialAction":[{"@type":"ReadAction","target":["https:\/\/diariodepe.com.br\/cri\/2024\/11\/17\/xi-jinping-chega-ao-brasil\/"]}]},{"@type":"ImageObject","inLanguage":"pt-BR","@id":"https:\/\/diariodepe.com.br\/cri\/2024\/11\/17\/xi-jinping-chega-ao-brasil\/#primaryimage","url":"https:\/\/diariodepe.com.br\/cri\/wp-content\/uploads\/sites\/2\/2024\/11\/\u5230\u8fbe.jpeg","contentUrl":"https:\/\/diariodepe.com.br\/cri\/wp-content\/uploads\/sites\/2\/2024\/11\/\u5230\u8fbe.jpeg","width":1000,"height":577},{"@type":"BreadcrumbList","@id":"https:\/\/diariodepe.com.br\/cri\/2024\/11\/17\/xi-jinping-chega-ao-brasil\/#breadcrumb","itemListElement":[{"@type":"ListItem","position":1,"name":"In\u00edcio","item":"https:\/\/diariodepe.com.br\/cri\/"},{"@type":"ListItem","position":2,"name":"Xi Jinping chega ao Brasil"}]},{"@type":"WebSite","@id":"https:\/\/diariodepe.com.br\/cri\/#website","url":"https:\/\/diariodepe.com.br\/cri\/","name":"CRI e Diario de Pernambuco","description":"R\u00e1dio Internacional da China","publisher":{"@id":"https:\/\/diariodepe.com.br\/cri\/#organization"},"potentialAction":[{"@type":"SearchAction","target":{"@type":"EntryPoint","urlTemplate":"https:\/\/diariodepe.com.br\/cri\/?s={search_term_string}"},"query-input":{"@type":"PropertyValueSpecification","valueRequired":true,"valueName":"search_term_string"}}],"inLanguage":"pt-BR"},{"@type":"Organization","@id":"https:\/\/diariodepe.com.br\/cri\/#organization","name":"CRI e Diario de Pernambuco","url":"https:\/\/diariodepe.com.br\/cri\/","logo":{"@type":"ImageObject","inLanguage":"pt-BR","@id":"https:\/\/diariodepe.com.br\/cri\/#\/schema\/logo\/image\/","url":"https:\/\/diariodepe.com.br\/cri\/wp-content\/uploads\/sites\/2\/2022\/12\/cropped-Logo.jpg","contentUrl":"https:\/\/diariodepe.com.br\/cri\/wp-content\/uploads\/sites\/2\/2022\/12\/cropped-Logo.jpg","width":700,"height":59,"caption":"CRI e Diario de Pernambuco"},"image":{"@id":"https:\/\/diariodepe.com.br\/cri\/#\/schema\/logo\/image\/"}},{"@type":"Person","@id":"https:\/\/diariodepe.com.br\/cri\/#\/schema\/person\/121bb28d84f1a5b1205ef4ce9c2e0c6b","name":"Ismael Lucas S. Pereira","image":{"@type":"ImageObject","inLanguage":"pt-BR","@id":"https:\/\/secure.gravatar.com\/avatar\/887a0f3b5a7ceea963a48499fb883ffce6b5037362def025c52c2505b15d63e4?s=96&d=mm&r=g","url":"https:\/\/secure.gravatar.com\/avatar\/887a0f3b5a7ceea963a48499fb883ffce6b5037362def025c52c2505b15d63e4?s=96&d=mm&r=g","contentUrl":"https:\/\/secure.gravatar.com\/avatar\/887a0f3b5a7ceea963a48499fb883ffce6b5037362def025c52c2505b15d63e4?s=96&d=mm&r=g","caption":"Ismael Lucas S. Pereira"},"url":"https:\/\/diariodepe.com.br\/cri\/author\/ismael-lucas\/"}]}},"cc_featured_image_caption":{"caption_text":false,"source_text":false,"source_url":false},"amp_enabled":true,"_links":{"self":[{"href":"https:\/\/diariodepe.com.br\/cri\/wp-json\/wp\/v2\/posts\/6762","targetHints":{"allow":["GET"]}}],"collection":[{"href":"https:\/\/diariodepe.com.br\/cri\/wp-json\/wp\/v2\/posts"}],"about":[{"href":"https:\/\/diariodepe.com.br\/cri\/wp-json\/wp\/v2\/types\/post"}],"author":[{"embeddable":true,"href":"https:\/\/diariodepe.com.br\/cri\/wp-json\/wp\/v2\/users\/2"}],"replies":[{"embeddable":true,"href":"https:\/\/diariodepe.com.br\/cri\/wp-json\/wp\/v2\/comments?post=6762"}],"version-history":[{"count":3,"href":"https:\/\/diariodepe.com.br\/cri\/wp-json\/wp\/v2\/posts\/6762\/revisions"}],"predecessor-version":[{"id":6767,"href":"https:\/\/diariodepe.com.br\/cri\/wp-json\/wp\/v2\/posts\/6762\/revisions\/6767"}],"wp:featuredmedia":[{"embeddable":true,"href":"https:\/\/diariodepe.com.br\/cri\/wp-json\/wp\/v2\/media\/6765"}],"wp:attachment":[{"href":"https:\/\/diariodepe.com.br\/cri\/wp-json\/wp\/v2\/media?parent=6762"}],"wp:term":[{"taxonomy":"category","embeddable":true,"href":"https:\/\/diariodepe.com.br\/cri\/wp-json\/wp\/v2\/categories?post=6762"},{"taxonomy":"post_tag","embeddable":true,"href":"https:\/\/diariodepe.com.br\/cri\/wp-json\/wp\/v2\/tags?post=6762"}],"curies":[{"name":"wp","href":"https:\/\/api.w.org\/{rel}","templated":true}]}}