{"id":6758,"date":"2024-11-17T12:47:09","date_gmt":"2024-11-17T15:47:09","guid":{"rendered":"https:\/\/diariodepe.com.br\/cri\/?p=6758"},"modified":"2024-11-18T00:48:52","modified_gmt":"2024-11-18T03:48:52","slug":"terceira-temporada-de-classicos-citados-por-xi-jinping-comeca-a-ser-exibida-no-brasil","status":"publish","type":"post","link":"https:\/\/diariodepe.com.br\/cri\/2024\/11\/17\/terceira-temporada-de-classicos-citados-por-xi-jinping-comeca-a-ser-exibida-no-brasil\/","title":{"rendered":"Terceira temporada de Cl\u00e1ssicos Citados por Xi Jinping come\u00e7a a ser exibida no Brasil"},"content":{"rendered":"<p class=\"photo_img_20190808\"><img decoding=\"async\" src=\"https:\/\/p3crires.cri.cn\/photoworkspace\/cri\/contentimg\/2024\/11\/17\/2024111723215775707.jpg\" alt=\"\" width=\"1000\" \/><\/p>\n<p>\u00c0s v\u00e9speras da participa\u00e7\u00e3o do presidente chin\u00eas, na c\u00fapula de l\u00edderes do G20 e da visita de Estado ao Brasil a convite do presidente, Luiz In\u00e1cio Lula da Silva, a terceira temporada do programa Cl\u00e1ssicos Citados por Xi Jinping em portugu\u00eas come\u00e7ou a ser transmitida a partir deste domingo (17) nos principais meios de comunica\u00e7\u00e3o do Brasil.<\/p>\n<p>A temporada, produzida pelo Grupo de M\u00eddia da China (CMG, na sigla em ingl\u00eas), j\u00e1 est\u00e1 sendo veiculada pelo Grupo Bandeirantes, SBT, Box Brasil, TV Nova Noroeste e por outras m\u00eddias brasileiras. Diversos ve\u00edculos divulgaram \u00a0trailers do programa, despertando grande expectativa e aten\u00e7\u00e3o de todos os setores no pa\u00eds.<\/p>\n<p>O programa apresenta uma sele\u00e7\u00e3o cuidadosa de frases cl\u00e1ssicas antigas que o presidente chin\u00eas citou em discursos, artigos e conversas, al\u00e9m de focar em temas como comunidade com um futuro partilhado para a humanidade, heran\u00e7a cultural e inova\u00e7\u00e3o, preserva\u00e7\u00e3o da biodiversidade, interc\u00e2mbios e aprendizagem m\u00fatua entre as civiliza\u00e7\u00f5es, mostrando de forma brilhante a not\u00e1vel sabedoria pol\u00edtica, os profundos sentimentos humanistas e as amplas vis\u00f5es hist\u00f3ricas e mundiais de Xi Jinping e retratando ao p\u00fablico as ra\u00edzes culturais da moderniza\u00e7\u00e3o chinesa.<\/p>\n<p>A partir deste domingo, a Folha de S\u00e3o Paulo, jornal mais influente e de maior circula\u00e7\u00e3o do pa\u00eds, publicou not\u00edcia do lan\u00e7amento da temporada por dois dias consecutivos. A TV Bandeira do Brasil tamb\u00e9m co-produziu uma reportagem especial de 30 minutos, convidando especialistas e estudiosos brasileiros a interpretar a excelente cultura tradicional chinesa mostrada no programa, levando ao p\u00fablico local a vitalidade crescente da moderniza\u00e7\u00e3o do pa\u00eds asi\u00e1tico.<\/p>\n<p class=\"photo_img_20190808\"><img decoding=\"async\" src=\"https:\/\/p1crires.cri.cn\/photoworkspace\/cri\/contentimg\/2024\/11\/17\/2024111723222333373.jpg\" alt=\"\" width=\"1000\" \/><\/p>\n<p>Mais de 50 ve\u00edculos de comunica\u00e7\u00e3o, entre eles a Revista F\u00f3rum e o Brasil 247, tamb\u00e9m transmitiram reportagens relevantes sobre o lan\u00e7amento do programa.<\/p>\n<p class=\"photo_img_20190808\"><img decoding=\"async\" class=\"aligncenter\" src=\"https:\/\/p2crires.cri.cn\/photoworkspace\/cri\/contentimg\/2024\/11\/17\/2024111723223510512.png\" alt=\"\" \/><\/p>\n<p>A partir de ter\u00e7a-feira (19), o v\u00eddeo promocional do programa tamb\u00e9m ser\u00e1 exibido em um grande tel\u00e3o externo em um edif\u00edcio hist\u00f3rico de Bras\u00edlia, capital do pa\u00eds, e em tel\u00f5es ao longo da estrada que liga o Aeroporto Internacional de Bras\u00edlia ao centro da cidade.<\/p>\n","protected":false},"excerpt":{"rendered":"<p>\u00c0s v\u00e9speras da participa\u00e7\u00e3o do presidente chin\u00eas, na c\u00fapula de l\u00edderes do G20 e da visita de Estado ao Brasil a convite do presidente, Luiz In\u00e1cio Lula da Silva, a terceira temporada do programa Cl\u00e1ssicos Citados por Xi Jinping em&#8230;<\/p>\n","protected":false},"author":2,"featured_media":0,"comment_status":"open","ping_status":"open","sticky":false,"template":"","format":"standard","meta":{"footnotes":""},"categories":[8],"tags":[],"class_list":["post-6758","post","type-post","status-publish","format-standard","hentry","category-internacional"],"yoast_head":"<!-- This site is optimized with the Yoast SEO plugin v27.4 - https:\/\/yoast.com\/product\/yoast-seo-wordpress\/ -->\n<title>Terceira temporada de Cl\u00e1ssicos Citados por Xi Jinping come\u00e7a a ser exibida no Brasil - CRI e Diario de Pernambuco<\/title>\n<meta name=\"robots\" content=\"index, follow, max-snippet:-1, max-image-preview:large, max-video-preview:-1\" \/>\n<link rel=\"canonical\" href=\"https:\/\/diariodepe.com.br\/cri\/2024\/11\/17\/terceira-temporada-de-classicos-citados-por-xi-jinping-comeca-a-ser-exibida-no-brasil\/\" \/>\n<meta property=\"og:locale\" content=\"pt_BR\" \/>\n<meta property=\"og:type\" content=\"article\" \/>\n<meta property=\"og:title\" content=\"Terceira temporada de Cl\u00e1ssicos Citados por Xi Jinping come\u00e7a a ser exibida no Brasil - CRI e Diario de Pernambuco\" \/>\n<meta property=\"og:description\" content=\"\u00c0s v\u00e9speras da participa\u00e7\u00e3o do presidente chin\u00eas, na c\u00fapula de l\u00edderes do G20 e da visita de Estado ao Brasil a convite do presidente, Luiz In\u00e1cio Lula da Silva, a terceira temporada do programa Cl\u00e1ssicos Citados por Xi Jinping em...\" \/>\n<meta property=\"og:url\" content=\"https:\/\/diariodepe.com.br\/cri\/2024\/11\/17\/terceira-temporada-de-classicos-citados-por-xi-jinping-comeca-a-ser-exibida-no-brasil\/\" \/>\n<meta property=\"og:site_name\" content=\"CRI e Diario de Pernambuco\" \/>\n<meta property=\"article:published_time\" content=\"2024-11-17T15:47:09+00:00\" \/>\n<meta property=\"article:modified_time\" content=\"2024-11-18T03:48:52+00:00\" \/>\n<meta property=\"og:image\" content=\"https:\/\/p3crires.cri.cn\/photoworkspace\/cri\/contentimg\/2024\/11\/17\/2024111723215775707.jpg\" \/>\n<meta name=\"author\" content=\"Ismael Lucas S. Pereira\" \/>\n<meta name=\"twitter:card\" content=\"summary_large_image\" \/>\n<meta name=\"twitter:label1\" content=\"Escrito por\" \/>\n\t<meta name=\"twitter:data1\" content=\"Ismael Lucas S. Pereira\" \/>\n\t<meta name=\"twitter:label2\" content=\"Est. tempo de leitura\" \/>\n\t<meta name=\"twitter:data2\" content=\"3 minutos\" \/>\n<script type=\"application\/ld+json\" class=\"yoast-schema-graph\">{\"@context\":\"https:\\\/\\\/schema.org\",\"@graph\":[{\"@type\":\"Article\",\"@id\":\"https:\\\/\\\/diariodepe.com.br\\\/cri\\\/2024\\\/11\\\/17\\\/terceira-temporada-de-classicos-citados-por-xi-jinping-comeca-a-ser-exibida-no-brasil\\\/#article\",\"isPartOf\":{\"@id\":\"https:\\\/\\\/diariodepe.com.br\\\/cri\\\/2024\\\/11\\\/17\\\/terceira-temporada-de-classicos-citados-por-xi-jinping-comeca-a-ser-exibida-no-brasil\\\/\"},\"author\":{\"name\":\"Ismael Lucas S. Pereira\",\"@id\":\"https:\\\/\\\/diariodepe.com.br\\\/cri\\\/#\\\/schema\\\/person\\\/121bb28d84f1a5b1205ef4ce9c2e0c6b\"},\"headline\":\"Terceira temporada de Cl\u00e1ssicos Citados por Xi Jinping come\u00e7a a ser exibida no Brasil\",\"datePublished\":\"2024-11-17T15:47:09+00:00\",\"dateModified\":\"2024-11-18T03:48:52+00:00\",\"mainEntityOfPage\":{\"@id\":\"https:\\\/\\\/diariodepe.com.br\\\/cri\\\/2024\\\/11\\\/17\\\/terceira-temporada-de-classicos-citados-por-xi-jinping-comeca-a-ser-exibida-no-brasil\\\/\"},\"wordCount\":392,\"commentCount\":0,\"publisher\":{\"@id\":\"https:\\\/\\\/diariodepe.com.br\\\/cri\\\/#organization\"},\"image\":{\"@id\":\"https:\\\/\\\/diariodepe.com.br\\\/cri\\\/2024\\\/11\\\/17\\\/terceira-temporada-de-classicos-citados-por-xi-jinping-comeca-a-ser-exibida-no-brasil\\\/#primaryimage\"},\"thumbnailUrl\":\"https:\\\/\\\/p3crires.cri.cn\\\/photoworkspace\\\/cri\\\/contentimg\\\/2024\\\/11\\\/17\\\/2024111723215775707.jpg\",\"articleSection\":[\"Internacional\"],\"inLanguage\":\"pt-BR\",\"potentialAction\":[{\"@type\":\"CommentAction\",\"name\":\"Comment\",\"target\":[\"https:\\\/\\\/diariodepe.com.br\\\/cri\\\/2024\\\/11\\\/17\\\/terceira-temporada-de-classicos-citados-por-xi-jinping-comeca-a-ser-exibida-no-brasil\\\/#respond\"]}]},{\"@type\":\"WebPage\",\"@id\":\"https:\\\/\\\/diariodepe.com.br\\\/cri\\\/2024\\\/11\\\/17\\\/terceira-temporada-de-classicos-citados-por-xi-jinping-comeca-a-ser-exibida-no-brasil\\\/\",\"url\":\"https:\\\/\\\/diariodepe.com.br\\\/cri\\\/2024\\\/11\\\/17\\\/terceira-temporada-de-classicos-citados-por-xi-jinping-comeca-a-ser-exibida-no-brasil\\\/\",\"name\":\"Terceira temporada de Cl\u00e1ssicos Citados por Xi Jinping come\u00e7a a ser exibida no Brasil - CRI e Diario de Pernambuco\",\"isPartOf\":{\"@id\":\"https:\\\/\\\/diariodepe.com.br\\\/cri\\\/#website\"},\"primaryImageOfPage\":{\"@id\":\"https:\\\/\\\/diariodepe.com.br\\\/cri\\\/2024\\\/11\\\/17\\\/terceira-temporada-de-classicos-citados-por-xi-jinping-comeca-a-ser-exibida-no-brasil\\\/#primaryimage\"},\"image\":{\"@id\":\"https:\\\/\\\/diariodepe.com.br\\\/cri\\\/2024\\\/11\\\/17\\\/terceira-temporada-de-classicos-citados-por-xi-jinping-comeca-a-ser-exibida-no-brasil\\\/#primaryimage\"},\"thumbnailUrl\":\"https:\\\/\\\/p3crires.cri.cn\\\/photoworkspace\\\/cri\\\/contentimg\\\/2024\\\/11\\\/17\\\/2024111723215775707.jpg\",\"datePublished\":\"2024-11-17T15:47:09+00:00\",\"dateModified\":\"2024-11-18T03:48:52+00:00\",\"breadcrumb\":{\"@id\":\"https:\\\/\\\/diariodepe.com.br\\\/cri\\\/2024\\\/11\\\/17\\\/terceira-temporada-de-classicos-citados-por-xi-jinping-comeca-a-ser-exibida-no-brasil\\\/#breadcrumb\"},\"inLanguage\":\"pt-BR\",\"potentialAction\":[{\"@type\":\"ReadAction\",\"target\":[\"https:\\\/\\\/diariodepe.com.br\\\/cri\\\/2024\\\/11\\\/17\\\/terceira-temporada-de-classicos-citados-por-xi-jinping-comeca-a-ser-exibida-no-brasil\\\/\"]}]},{\"@type\":\"ImageObject\",\"inLanguage\":\"pt-BR\",\"@id\":\"https:\\\/\\\/diariodepe.com.br\\\/cri\\\/2024\\\/11\\\/17\\\/terceira-temporada-de-classicos-citados-por-xi-jinping-comeca-a-ser-exibida-no-brasil\\\/#primaryimage\",\"url\":\"https:\\\/\\\/p3crires.cri.cn\\\/photoworkspace\\\/cri\\\/contentimg\\\/2024\\\/11\\\/17\\\/2024111723215775707.jpg\",\"contentUrl\":\"https:\\\/\\\/p3crires.cri.cn\\\/photoworkspace\\\/cri\\\/contentimg\\\/2024\\\/11\\\/17\\\/2024111723215775707.jpg\"},{\"@type\":\"BreadcrumbList\",\"@id\":\"https:\\\/\\\/diariodepe.com.br\\\/cri\\\/2024\\\/11\\\/17\\\/terceira-temporada-de-classicos-citados-por-xi-jinping-comeca-a-ser-exibida-no-brasil\\\/#breadcrumb\",\"itemListElement\":[{\"@type\":\"ListItem\",\"position\":1,\"name\":\"In\u00edcio\",\"item\":\"https:\\\/\\\/diariodepe.com.br\\\/cri\\\/\"},{\"@type\":\"ListItem\",\"position\":2,\"name\":\"Terceira temporada de Cl\u00e1ssicos Citados por Xi Jinping come\u00e7a a ser exibida no Brasil\"}]},{\"@type\":\"WebSite\",\"@id\":\"https:\\\/\\\/diariodepe.com.br\\\/cri\\\/#website\",\"url\":\"https:\\\/\\\/diariodepe.com.br\\\/cri\\\/\",\"name\":\"CRI e Diario de Pernambuco\",\"description\":\"R\u00e1dio Internacional da China\",\"publisher\":{\"@id\":\"https:\\\/\\\/diariodepe.com.br\\\/cri\\\/#organization\"},\"potentialAction\":[{\"@type\":\"SearchAction\",\"target\":{\"@type\":\"EntryPoint\",\"urlTemplate\":\"https:\\\/\\\/diariodepe.com.br\\\/cri\\\/?s={search_term_string}\"},\"query-input\":{\"@type\":\"PropertyValueSpecification\",\"valueRequired\":true,\"valueName\":\"search_term_string\"}}],\"inLanguage\":\"pt-BR\"},{\"@type\":\"Organization\",\"@id\":\"https:\\\/\\\/diariodepe.com.br\\\/cri\\\/#organization\",\"name\":\"CRI e Diario de Pernambuco\",\"url\":\"https:\\\/\\\/diariodepe.com.br\\\/cri\\\/\",\"logo\":{\"@type\":\"ImageObject\",\"inLanguage\":\"pt-BR\",\"@id\":\"https:\\\/\\\/diariodepe.com.br\\\/cri\\\/#\\\/schema\\\/logo\\\/image\\\/\",\"url\":\"https:\\\/\\\/diariodepe.com.br\\\/cri\\\/wp-content\\\/uploads\\\/sites\\\/2\\\/2022\\\/12\\\/cropped-Logo.jpg\",\"contentUrl\":\"https:\\\/\\\/diariodepe.com.br\\\/cri\\\/wp-content\\\/uploads\\\/sites\\\/2\\\/2022\\\/12\\\/cropped-Logo.jpg\",\"width\":700,\"height\":59,\"caption\":\"CRI e Diario de Pernambuco\"},\"image\":{\"@id\":\"https:\\\/\\\/diariodepe.com.br\\\/cri\\\/#\\\/schema\\\/logo\\\/image\\\/\"}},{\"@type\":\"Person\",\"@id\":\"https:\\\/\\\/diariodepe.com.br\\\/cri\\\/#\\\/schema\\\/person\\\/121bb28d84f1a5b1205ef4ce9c2e0c6b\",\"name\":\"Ismael Lucas S. Pereira\",\"image\":{\"@type\":\"ImageObject\",\"inLanguage\":\"pt-BR\",\"@id\":\"https:\\\/\\\/secure.gravatar.com\\\/avatar\\\/887a0f3b5a7ceea963a48499fb883ffce6b5037362def025c52c2505b15d63e4?s=96&d=mm&r=g\",\"url\":\"https:\\\/\\\/secure.gravatar.com\\\/avatar\\\/887a0f3b5a7ceea963a48499fb883ffce6b5037362def025c52c2505b15d63e4?s=96&d=mm&r=g\",\"contentUrl\":\"https:\\\/\\\/secure.gravatar.com\\\/avatar\\\/887a0f3b5a7ceea963a48499fb883ffce6b5037362def025c52c2505b15d63e4?s=96&d=mm&r=g\",\"caption\":\"Ismael Lucas S. Pereira\"},\"url\":\"https:\\\/\\\/diariodepe.com.br\\\/cri\\\/author\\\/ismael-lucas\\\/\"}]}<\/script>\n<!-- \/ Yoast SEO plugin. -->","yoast_head_json":{"title":"Terceira temporada de Cl\u00e1ssicos Citados por Xi Jinping come\u00e7a a ser exibida no Brasil - CRI e Diario de Pernambuco","robots":{"index":"index","follow":"follow","max-snippet":"max-snippet:-1","max-image-preview":"max-image-preview:large","max-video-preview":"max-video-preview:-1"},"canonical":"https:\/\/diariodepe.com.br\/cri\/2024\/11\/17\/terceira-temporada-de-classicos-citados-por-xi-jinping-comeca-a-ser-exibida-no-brasil\/","og_locale":"pt_BR","og_type":"article","og_title":"Terceira temporada de Cl\u00e1ssicos Citados por Xi Jinping come\u00e7a a ser exibida no Brasil - CRI e Diario de Pernambuco","og_description":"\u00c0s v\u00e9speras da participa\u00e7\u00e3o do presidente chin\u00eas, na c\u00fapula de l\u00edderes do G20 e da visita de Estado ao Brasil a convite do presidente, Luiz In\u00e1cio Lula da Silva, a terceira temporada do programa Cl\u00e1ssicos Citados por Xi Jinping em...","og_url":"https:\/\/diariodepe.com.br\/cri\/2024\/11\/17\/terceira-temporada-de-classicos-citados-por-xi-jinping-comeca-a-ser-exibida-no-brasil\/","og_site_name":"CRI e Diario de Pernambuco","article_published_time":"2024-11-17T15:47:09+00:00","article_modified_time":"2024-11-18T03:48:52+00:00","og_image":[{"url":"https:\/\/p3crires.cri.cn\/photoworkspace\/cri\/contentimg\/2024\/11\/17\/2024111723215775707.jpg","type":"","width":"","height":""}],"author":"Ismael Lucas S. Pereira","twitter_card":"summary_large_image","twitter_misc":{"Escrito por":"Ismael Lucas S. Pereira","Est. tempo de leitura":"3 minutos"},"schema":{"@context":"https:\/\/schema.org","@graph":[{"@type":"Article","@id":"https:\/\/diariodepe.com.br\/cri\/2024\/11\/17\/terceira-temporada-de-classicos-citados-por-xi-jinping-comeca-a-ser-exibida-no-brasil\/#article","isPartOf":{"@id":"https:\/\/diariodepe.com.br\/cri\/2024\/11\/17\/terceira-temporada-de-classicos-citados-por-xi-jinping-comeca-a-ser-exibida-no-brasil\/"},"author":{"name":"Ismael Lucas S. Pereira","@id":"https:\/\/diariodepe.com.br\/cri\/#\/schema\/person\/121bb28d84f1a5b1205ef4ce9c2e0c6b"},"headline":"Terceira temporada de Cl\u00e1ssicos Citados por Xi Jinping come\u00e7a a ser exibida no Brasil","datePublished":"2024-11-17T15:47:09+00:00","dateModified":"2024-11-18T03:48:52+00:00","mainEntityOfPage":{"@id":"https:\/\/diariodepe.com.br\/cri\/2024\/11\/17\/terceira-temporada-de-classicos-citados-por-xi-jinping-comeca-a-ser-exibida-no-brasil\/"},"wordCount":392,"commentCount":0,"publisher":{"@id":"https:\/\/diariodepe.com.br\/cri\/#organization"},"image":{"@id":"https:\/\/diariodepe.com.br\/cri\/2024\/11\/17\/terceira-temporada-de-classicos-citados-por-xi-jinping-comeca-a-ser-exibida-no-brasil\/#primaryimage"},"thumbnailUrl":"https:\/\/p3crires.cri.cn\/photoworkspace\/cri\/contentimg\/2024\/11\/17\/2024111723215775707.jpg","articleSection":["Internacional"],"inLanguage":"pt-BR","potentialAction":[{"@type":"CommentAction","name":"Comment","target":["https:\/\/diariodepe.com.br\/cri\/2024\/11\/17\/terceira-temporada-de-classicos-citados-por-xi-jinping-comeca-a-ser-exibida-no-brasil\/#respond"]}]},{"@type":"WebPage","@id":"https:\/\/diariodepe.com.br\/cri\/2024\/11\/17\/terceira-temporada-de-classicos-citados-por-xi-jinping-comeca-a-ser-exibida-no-brasil\/","url":"https:\/\/diariodepe.com.br\/cri\/2024\/11\/17\/terceira-temporada-de-classicos-citados-por-xi-jinping-comeca-a-ser-exibida-no-brasil\/","name":"Terceira temporada de Cl\u00e1ssicos Citados por Xi Jinping come\u00e7a a ser exibida no Brasil - CRI e Diario de Pernambuco","isPartOf":{"@id":"https:\/\/diariodepe.com.br\/cri\/#website"},"primaryImageOfPage":{"@id":"https:\/\/diariodepe.com.br\/cri\/2024\/11\/17\/terceira-temporada-de-classicos-citados-por-xi-jinping-comeca-a-ser-exibida-no-brasil\/#primaryimage"},"image":{"@id":"https:\/\/diariodepe.com.br\/cri\/2024\/11\/17\/terceira-temporada-de-classicos-citados-por-xi-jinping-comeca-a-ser-exibida-no-brasil\/#primaryimage"},"thumbnailUrl":"https:\/\/p3crires.cri.cn\/photoworkspace\/cri\/contentimg\/2024\/11\/17\/2024111723215775707.jpg","datePublished":"2024-11-17T15:47:09+00:00","dateModified":"2024-11-18T03:48:52+00:00","breadcrumb":{"@id":"https:\/\/diariodepe.com.br\/cri\/2024\/11\/17\/terceira-temporada-de-classicos-citados-por-xi-jinping-comeca-a-ser-exibida-no-brasil\/#breadcrumb"},"inLanguage":"pt-BR","potentialAction":[{"@type":"ReadAction","target":["https:\/\/diariodepe.com.br\/cri\/2024\/11\/17\/terceira-temporada-de-classicos-citados-por-xi-jinping-comeca-a-ser-exibida-no-brasil\/"]}]},{"@type":"ImageObject","inLanguage":"pt-BR","@id":"https:\/\/diariodepe.com.br\/cri\/2024\/11\/17\/terceira-temporada-de-classicos-citados-por-xi-jinping-comeca-a-ser-exibida-no-brasil\/#primaryimage","url":"https:\/\/p3crires.cri.cn\/photoworkspace\/cri\/contentimg\/2024\/11\/17\/2024111723215775707.jpg","contentUrl":"https:\/\/p3crires.cri.cn\/photoworkspace\/cri\/contentimg\/2024\/11\/17\/2024111723215775707.jpg"},{"@type":"BreadcrumbList","@id":"https:\/\/diariodepe.com.br\/cri\/2024\/11\/17\/terceira-temporada-de-classicos-citados-por-xi-jinping-comeca-a-ser-exibida-no-brasil\/#breadcrumb","itemListElement":[{"@type":"ListItem","position":1,"name":"In\u00edcio","item":"https:\/\/diariodepe.com.br\/cri\/"},{"@type":"ListItem","position":2,"name":"Terceira temporada de Cl\u00e1ssicos Citados por Xi Jinping come\u00e7a a ser exibida no Brasil"}]},{"@type":"WebSite","@id":"https:\/\/diariodepe.com.br\/cri\/#website","url":"https:\/\/diariodepe.com.br\/cri\/","name":"CRI e Diario de Pernambuco","description":"R\u00e1dio Internacional da China","publisher":{"@id":"https:\/\/diariodepe.com.br\/cri\/#organization"},"potentialAction":[{"@type":"SearchAction","target":{"@type":"EntryPoint","urlTemplate":"https:\/\/diariodepe.com.br\/cri\/?s={search_term_string}"},"query-input":{"@type":"PropertyValueSpecification","valueRequired":true,"valueName":"search_term_string"}}],"inLanguage":"pt-BR"},{"@type":"Organization","@id":"https:\/\/diariodepe.com.br\/cri\/#organization","name":"CRI e Diario de Pernambuco","url":"https:\/\/diariodepe.com.br\/cri\/","logo":{"@type":"ImageObject","inLanguage":"pt-BR","@id":"https:\/\/diariodepe.com.br\/cri\/#\/schema\/logo\/image\/","url":"https:\/\/diariodepe.com.br\/cri\/wp-content\/uploads\/sites\/2\/2022\/12\/cropped-Logo.jpg","contentUrl":"https:\/\/diariodepe.com.br\/cri\/wp-content\/uploads\/sites\/2\/2022\/12\/cropped-Logo.jpg","width":700,"height":59,"caption":"CRI e Diario de Pernambuco"},"image":{"@id":"https:\/\/diariodepe.com.br\/cri\/#\/schema\/logo\/image\/"}},{"@type":"Person","@id":"https:\/\/diariodepe.com.br\/cri\/#\/schema\/person\/121bb28d84f1a5b1205ef4ce9c2e0c6b","name":"Ismael Lucas S. Pereira","image":{"@type":"ImageObject","inLanguage":"pt-BR","@id":"https:\/\/secure.gravatar.com\/avatar\/887a0f3b5a7ceea963a48499fb883ffce6b5037362def025c52c2505b15d63e4?s=96&d=mm&r=g","url":"https:\/\/secure.gravatar.com\/avatar\/887a0f3b5a7ceea963a48499fb883ffce6b5037362def025c52c2505b15d63e4?s=96&d=mm&r=g","contentUrl":"https:\/\/secure.gravatar.com\/avatar\/887a0f3b5a7ceea963a48499fb883ffce6b5037362def025c52c2505b15d63e4?s=96&d=mm&r=g","caption":"Ismael Lucas S. Pereira"},"url":"https:\/\/diariodepe.com.br\/cri\/author\/ismael-lucas\/"}]}},"cc_featured_image_caption":{"caption_text":false,"source_text":false,"source_url":false},"amp_enabled":true,"_links":{"self":[{"href":"https:\/\/diariodepe.com.br\/cri\/wp-json\/wp\/v2\/posts\/6758","targetHints":{"allow":["GET"]}}],"collection":[{"href":"https:\/\/diariodepe.com.br\/cri\/wp-json\/wp\/v2\/posts"}],"about":[{"href":"https:\/\/diariodepe.com.br\/cri\/wp-json\/wp\/v2\/types\/post"}],"author":[{"embeddable":true,"href":"https:\/\/diariodepe.com.br\/cri\/wp-json\/wp\/v2\/users\/2"}],"replies":[{"embeddable":true,"href":"https:\/\/diariodepe.com.br\/cri\/wp-json\/wp\/v2\/comments?post=6758"}],"version-history":[{"count":1,"href":"https:\/\/diariodepe.com.br\/cri\/wp-json\/wp\/v2\/posts\/6758\/revisions"}],"predecessor-version":[{"id":6759,"href":"https:\/\/diariodepe.com.br\/cri\/wp-json\/wp\/v2\/posts\/6758\/revisions\/6759"}],"wp:attachment":[{"href":"https:\/\/diariodepe.com.br\/cri\/wp-json\/wp\/v2\/media?parent=6758"}],"wp:term":[{"taxonomy":"category","embeddable":true,"href":"https:\/\/diariodepe.com.br\/cri\/wp-json\/wp\/v2\/categories?post=6758"},{"taxonomy":"post_tag","embeddable":true,"href":"https:\/\/diariodepe.com.br\/cri\/wp-json\/wp\/v2\/tags?post=6758"}],"curies":[{"name":"wp","href":"https:\/\/api.w.org\/{rel}","templated":true}]}}