{"id":6756,"date":"2024-11-17T11:55:50","date_gmt":"2024-11-17T14:55:50","guid":{"rendered":"https:\/\/diariodepe.com.br\/cri\/?p=6756"},"modified":"2024-11-18T00:37:15","modified_gmt":"2024-11-18T03:37:15","slug":"personalidades-internacionais-avaliam-positivamente-importante-discurso-de-xi-jinping-em-reuniao-de-lideres-da-apec","status":"publish","type":"post","link":"https:\/\/diariodepe.com.br\/cri\/2024\/11\/17\/personalidades-internacionais-avaliam-positivamente-importante-discurso-de-xi-jinping-em-reuniao-de-lideres-da-apec\/","title":{"rendered":"Personalidades internacionais avaliam positivamente importante discurso de Xi Jinping em reuni\u00e3o de l\u00edderes da APEC"},"content":{"rendered":"<p class=\"photo_img_20190808\"><img decoding=\"async\" src=\"https:\/\/p5crires.cri.cn\/photoworkspace\/cri\/contentimg\/2024\/11\/18\/2024111801524627981.jpeg\" alt=\"\" width=\"1000\" \/><\/p>\n<p>Personalidades internacionais afirmaram que o discurso do presidente da China, Xi Jinping, na 31\u00aa Reuni\u00e3o Informal dos L\u00edderes da Coopera\u00e7\u00e3o Econ\u00f4mica \u00c1sia-Pac\u00edfico (APEC) esclareceu a proposta chinesa em rela\u00e7\u00e3o ao aprofundamento da coopera\u00e7\u00e3o na \u00c1sia-Pac\u00edfico, demonstrando o compromisso do pa\u00eds como uma grande pot\u00eancia que d\u00e1 as m\u00e3os \u00e0 regi\u00e3o, para buscar o desenvolvimento comum e reunir uma forte sinergia para a promo\u00e7\u00e3o da constru\u00e7\u00e3o de uma comunidade com futuro compartilhado e a cria\u00e7\u00e3o de uma nova era de desenvolvimento na regi\u00e3o.<\/p>\n<p>Alejandro Indacochea, economista do Peru, disse que o presidente chin\u00eas citou um prov\u00e9rbio latino-americano em seu discurso, que diz que somente beneficiando o mundo pode beneficiar seu pr\u00f3prio pa\u00eds. O discurso de Xi Jinping transmitiu a vis\u00e3o de um futuro compartilhado para a humanidade. \u201cComo disse o presidente da China, precisamos trabalhar arduamente para alcan\u00e7ar o desenvolvimento comum e a prosperidade comum\u201d, destacou o economista.<\/p>\n<p>H\u00e9ctor B\u00e9jar, ex-chanceler peruano, comentou que ficou impressionado com a refer\u00eancia do l\u00edder da China \u00e0 necessidade de fazer um trabalho conjunto para tornar o \u201cbolo\u201d do desenvolvimento econ\u00f4mico maior e melhor, para que mais economias e mais pessoas sejam beneficiadas e para cultivar a for\u00e7a motriz de crescimento inovadora e verde da \u00c1sia-Pac\u00edfico.<\/p>\n<p>O ex-chanceler disse que essas a\u00e7\u00f5es promovem ativamente o desenvolvimento inclusivo da economia da regi\u00e3o \u00c1sia-Pac\u00edfico, que tamb\u00e9m \u00e9 um caminho para a globaliza\u00e7\u00e3o econ\u00f4mica com desenvolvimento mais equilibrado e com oportunidades mais iguais. \u201c\u00c9 um caminho para alcan\u00e7ar nossos interesses comuns e beneficiar a todos\u201d, concluiu B\u00e9jar.<\/p>\n<p>Renato Reyes Tagle, funcion\u00e1rio s\u00eanior do Peru na ag\u00eancia da APEC, apontou a expectativa de coopera\u00e7\u00e3o com a China no segmento de autom\u00f3veis de energia nova e em outros campos. Segundo Tagle, o pa\u00eds asi\u00e1tico \u00e9 um integrante muito importante da APEC, fazendo contribui\u00e7\u00f5es importantes para a coopera\u00e7\u00e3o entre a \u00c1sia e o Pac\u00edfico e para o desenvolvimento global. Agora a China est\u00e1 fazendo novas contribui\u00e7\u00f5es no campo da coopera\u00e7\u00e3o em inova\u00e7\u00e3o verde, exemplificou.<\/p>\n<p>Fontes internacionais observaram que as propostas importantes apresentadas pelo presidente chin\u00eas t\u00eam um grande significado orientador na constru\u00e7\u00e3o de uma comunidade com futuro compartilhado na regi\u00e3o \u00c1sia-Pac\u00edfico. A China promove o desenvolvimento econ\u00f4mico de alta qualidade e expande sua abertura de alto n\u00edvel ao mundo, trazendo novas oportunidades para o desenvolvimento da \u00c1sia-Pac\u00edfico e do mundo.<\/p>\n<p>Especialista norte-americano em quest\u00f5es internacionais, William Jones elogiou as tr\u00eas propostas apresentadas por Xi Jinping. Para Jones, aderir ao conceito de desenvolvimento inclusivo sempre foi um elemento da pol\u00edtica externa da China. O especialista dos Estados Unidos citou que a constru\u00e7\u00e3o conjunta da iniciativa \u201cCintur\u00e3o e Rota\u201d \u00e9 cada vez mais reconhecida na Am\u00e9rica Latina, o que traz perspectivas otimistas para o crescimento econ\u00f4mico da regi\u00e3o.<\/p>\n<p>Jones tamb\u00e9m citou o claro significado da dire\u00e7\u00e3o apontada pela 3\u00aa Sess\u00e3o Plen\u00e1ria do 20\u00ba Comit\u00ea Central do Partido Comunista da China (PCCh). O norte-americano acredita que o pa\u00eds asi\u00e1tico promove um desenvolvimento de alta qualidade com inova\u00e7\u00e3o cient\u00edfica e tecnol\u00f3gica e est\u00e1 disposto a compartilhar tecnologias avan\u00e7adas com os pa\u00edses em desenvolvimento.<\/p>\n<p>Com isso, projetou o especialista dos EUA, a produtividade chinesa e dos seus parceiros aumentar\u00e1 em conjunto. \u201cN\u00e3o h\u00e1 d\u00favida de que at\u00e9 2026, quando a China ser\u00e1 anfitri\u00e3 da APEC, veremos que a rota tra\u00e7ada \u00e9 um caminho de sucesso n\u00e3o s\u00f3 para a China, mas tamb\u00e9m para o mundo.\u201d<\/p>\n","protected":false},"excerpt":{"rendered":"<p>Personalidades internacionais afirmaram que o discurso do presidente da China, Xi Jinping, na 31\u00aa Reuni\u00e3o Informal dos L\u00edderes da Coopera\u00e7\u00e3o Econ\u00f4mica \u00c1sia-Pac\u00edfico (APEC) esclareceu a proposta chinesa em rela\u00e7\u00e3o ao aprofundamento da coopera\u00e7\u00e3o na \u00c1sia-Pac\u00edfico, demonstrando o compromisso do pa\u00eds&#8230;<\/p>\n","protected":false},"author":2,"featured_media":0,"comment_status":"open","ping_status":"open","sticky":false,"template":"","format":"standard","meta":{"footnotes":""},"categories":[8],"tags":[],"class_list":["post-6756","post","type-post","status-publish","format-standard","hentry","category-internacional"],"yoast_head":"<!-- This site is optimized with the Yoast SEO plugin v27.4 - https:\/\/yoast.com\/product\/yoast-seo-wordpress\/ -->\n<title>Personalidades internacionais avaliam positivamente importante discurso de Xi Jinping em reuni\u00e3o de l\u00edderes da APEC - CRI e Diario de Pernambuco<\/title>\n<meta name=\"robots\" content=\"index, follow, max-snippet:-1, max-image-preview:large, max-video-preview:-1\" \/>\n<link rel=\"canonical\" href=\"https:\/\/diariodepe.com.br\/cri\/2024\/11\/17\/personalidades-internacionais-avaliam-positivamente-importante-discurso-de-xi-jinping-em-reuniao-de-lideres-da-apec\/\" \/>\n<meta property=\"og:locale\" content=\"pt_BR\" \/>\n<meta property=\"og:type\" content=\"article\" \/>\n<meta property=\"og:title\" content=\"Personalidades internacionais avaliam positivamente importante discurso de Xi Jinping em reuni\u00e3o de l\u00edderes da APEC - CRI e Diario de Pernambuco\" \/>\n<meta property=\"og:description\" content=\"Personalidades internacionais afirmaram que o discurso do presidente da China, Xi Jinping, na 31\u00aa Reuni\u00e3o Informal dos L\u00edderes da Coopera\u00e7\u00e3o Econ\u00f4mica \u00c1sia-Pac\u00edfico (APEC) esclareceu a proposta chinesa em rela\u00e7\u00e3o ao aprofundamento da coopera\u00e7\u00e3o na \u00c1sia-Pac\u00edfico, demonstrando o compromisso do pa\u00eds...\" \/>\n<meta property=\"og:url\" content=\"https:\/\/diariodepe.com.br\/cri\/2024\/11\/17\/personalidades-internacionais-avaliam-positivamente-importante-discurso-de-xi-jinping-em-reuniao-de-lideres-da-apec\/\" \/>\n<meta property=\"og:site_name\" content=\"CRI e Diario de Pernambuco\" \/>\n<meta property=\"article:published_time\" content=\"2024-11-17T14:55:50+00:00\" \/>\n<meta property=\"article:modified_time\" content=\"2024-11-18T03:37:15+00:00\" \/>\n<meta property=\"og:image\" content=\"https:\/\/p5crires.cri.cn\/photoworkspace\/cri\/contentimg\/2024\/11\/18\/2024111801524627981.jpeg\" \/>\n<meta name=\"author\" content=\"Ismael Lucas S. Pereira\" \/>\n<meta name=\"twitter:card\" content=\"summary_large_image\" \/>\n<meta name=\"twitter:label1\" content=\"Escrito por\" \/>\n\t<meta name=\"twitter:data1\" content=\"Ismael Lucas S. Pereira\" \/>\n\t<meta name=\"twitter:label2\" content=\"Est. tempo de leitura\" \/>\n\t<meta name=\"twitter:data2\" content=\"4 minutos\" \/>\n<script type=\"application\/ld+json\" class=\"yoast-schema-graph\">{\"@context\":\"https:\\\/\\\/schema.org\",\"@graph\":[{\"@type\":\"Article\",\"@id\":\"https:\\\/\\\/diariodepe.com.br\\\/cri\\\/2024\\\/11\\\/17\\\/personalidades-internacionais-avaliam-positivamente-importante-discurso-de-xi-jinping-em-reuniao-de-lideres-da-apec\\\/#article\",\"isPartOf\":{\"@id\":\"https:\\\/\\\/diariodepe.com.br\\\/cri\\\/2024\\\/11\\\/17\\\/personalidades-internacionais-avaliam-positivamente-importante-discurso-de-xi-jinping-em-reuniao-de-lideres-da-apec\\\/\"},\"author\":{\"name\":\"Ismael Lucas S. Pereira\",\"@id\":\"https:\\\/\\\/diariodepe.com.br\\\/cri\\\/#\\\/schema\\\/person\\\/121bb28d84f1a5b1205ef4ce9c2e0c6b\"},\"headline\":\"Personalidades internacionais avaliam positivamente importante discurso de Xi Jinping em reuni\u00e3o de l\u00edderes da APEC\",\"datePublished\":\"2024-11-17T14:55:50+00:00\",\"dateModified\":\"2024-11-18T03:37:15+00:00\",\"mainEntityOfPage\":{\"@id\":\"https:\\\/\\\/diariodepe.com.br\\\/cri\\\/2024\\\/11\\\/17\\\/personalidades-internacionais-avaliam-positivamente-importante-discurso-de-xi-jinping-em-reuniao-de-lideres-da-apec\\\/\"},\"wordCount\":637,\"commentCount\":0,\"publisher\":{\"@id\":\"https:\\\/\\\/diariodepe.com.br\\\/cri\\\/#organization\"},\"image\":{\"@id\":\"https:\\\/\\\/diariodepe.com.br\\\/cri\\\/2024\\\/11\\\/17\\\/personalidades-internacionais-avaliam-positivamente-importante-discurso-de-xi-jinping-em-reuniao-de-lideres-da-apec\\\/#primaryimage\"},\"thumbnailUrl\":\"https:\\\/\\\/p5crires.cri.cn\\\/photoworkspace\\\/cri\\\/contentimg\\\/2024\\\/11\\\/18\\\/2024111801524627981.jpeg\",\"articleSection\":[\"Internacional\"],\"inLanguage\":\"pt-BR\",\"potentialAction\":[{\"@type\":\"CommentAction\",\"name\":\"Comment\",\"target\":[\"https:\\\/\\\/diariodepe.com.br\\\/cri\\\/2024\\\/11\\\/17\\\/personalidades-internacionais-avaliam-positivamente-importante-discurso-de-xi-jinping-em-reuniao-de-lideres-da-apec\\\/#respond\"]}]},{\"@type\":\"WebPage\",\"@id\":\"https:\\\/\\\/diariodepe.com.br\\\/cri\\\/2024\\\/11\\\/17\\\/personalidades-internacionais-avaliam-positivamente-importante-discurso-de-xi-jinping-em-reuniao-de-lideres-da-apec\\\/\",\"url\":\"https:\\\/\\\/diariodepe.com.br\\\/cri\\\/2024\\\/11\\\/17\\\/personalidades-internacionais-avaliam-positivamente-importante-discurso-de-xi-jinping-em-reuniao-de-lideres-da-apec\\\/\",\"name\":\"Personalidades internacionais avaliam positivamente importante discurso de Xi Jinping em reuni\u00e3o de l\u00edderes da APEC - CRI e Diario de Pernambuco\",\"isPartOf\":{\"@id\":\"https:\\\/\\\/diariodepe.com.br\\\/cri\\\/#website\"},\"primaryImageOfPage\":{\"@id\":\"https:\\\/\\\/diariodepe.com.br\\\/cri\\\/2024\\\/11\\\/17\\\/personalidades-internacionais-avaliam-positivamente-importante-discurso-de-xi-jinping-em-reuniao-de-lideres-da-apec\\\/#primaryimage\"},\"image\":{\"@id\":\"https:\\\/\\\/diariodepe.com.br\\\/cri\\\/2024\\\/11\\\/17\\\/personalidades-internacionais-avaliam-positivamente-importante-discurso-de-xi-jinping-em-reuniao-de-lideres-da-apec\\\/#primaryimage\"},\"thumbnailUrl\":\"https:\\\/\\\/p5crires.cri.cn\\\/photoworkspace\\\/cri\\\/contentimg\\\/2024\\\/11\\\/18\\\/2024111801524627981.jpeg\",\"datePublished\":\"2024-11-17T14:55:50+00:00\",\"dateModified\":\"2024-11-18T03:37:15+00:00\",\"breadcrumb\":{\"@id\":\"https:\\\/\\\/diariodepe.com.br\\\/cri\\\/2024\\\/11\\\/17\\\/personalidades-internacionais-avaliam-positivamente-importante-discurso-de-xi-jinping-em-reuniao-de-lideres-da-apec\\\/#breadcrumb\"},\"inLanguage\":\"pt-BR\",\"potentialAction\":[{\"@type\":\"ReadAction\",\"target\":[\"https:\\\/\\\/diariodepe.com.br\\\/cri\\\/2024\\\/11\\\/17\\\/personalidades-internacionais-avaliam-positivamente-importante-discurso-de-xi-jinping-em-reuniao-de-lideres-da-apec\\\/\"]}]},{\"@type\":\"ImageObject\",\"inLanguage\":\"pt-BR\",\"@id\":\"https:\\\/\\\/diariodepe.com.br\\\/cri\\\/2024\\\/11\\\/17\\\/personalidades-internacionais-avaliam-positivamente-importante-discurso-de-xi-jinping-em-reuniao-de-lideres-da-apec\\\/#primaryimage\",\"url\":\"https:\\\/\\\/p5crires.cri.cn\\\/photoworkspace\\\/cri\\\/contentimg\\\/2024\\\/11\\\/18\\\/2024111801524627981.jpeg\",\"contentUrl\":\"https:\\\/\\\/p5crires.cri.cn\\\/photoworkspace\\\/cri\\\/contentimg\\\/2024\\\/11\\\/18\\\/2024111801524627981.jpeg\"},{\"@type\":\"BreadcrumbList\",\"@id\":\"https:\\\/\\\/diariodepe.com.br\\\/cri\\\/2024\\\/11\\\/17\\\/personalidades-internacionais-avaliam-positivamente-importante-discurso-de-xi-jinping-em-reuniao-de-lideres-da-apec\\\/#breadcrumb\",\"itemListElement\":[{\"@type\":\"ListItem\",\"position\":1,\"name\":\"In\u00edcio\",\"item\":\"https:\\\/\\\/diariodepe.com.br\\\/cri\\\/\"},{\"@type\":\"ListItem\",\"position\":2,\"name\":\"Personalidades internacionais avaliam positivamente importante discurso de Xi Jinping em reuni\u00e3o de l\u00edderes da APEC\"}]},{\"@type\":\"WebSite\",\"@id\":\"https:\\\/\\\/diariodepe.com.br\\\/cri\\\/#website\",\"url\":\"https:\\\/\\\/diariodepe.com.br\\\/cri\\\/\",\"name\":\"CRI e Diario de Pernambuco\",\"description\":\"R\u00e1dio Internacional da China\",\"publisher\":{\"@id\":\"https:\\\/\\\/diariodepe.com.br\\\/cri\\\/#organization\"},\"potentialAction\":[{\"@type\":\"SearchAction\",\"target\":{\"@type\":\"EntryPoint\",\"urlTemplate\":\"https:\\\/\\\/diariodepe.com.br\\\/cri\\\/?s={search_term_string}\"},\"query-input\":{\"@type\":\"PropertyValueSpecification\",\"valueRequired\":true,\"valueName\":\"search_term_string\"}}],\"inLanguage\":\"pt-BR\"},{\"@type\":\"Organization\",\"@id\":\"https:\\\/\\\/diariodepe.com.br\\\/cri\\\/#organization\",\"name\":\"CRI e Diario de Pernambuco\",\"url\":\"https:\\\/\\\/diariodepe.com.br\\\/cri\\\/\",\"logo\":{\"@type\":\"ImageObject\",\"inLanguage\":\"pt-BR\",\"@id\":\"https:\\\/\\\/diariodepe.com.br\\\/cri\\\/#\\\/schema\\\/logo\\\/image\\\/\",\"url\":\"https:\\\/\\\/diariodepe.com.br\\\/cri\\\/wp-content\\\/uploads\\\/sites\\\/2\\\/2022\\\/12\\\/cropped-Logo.jpg\",\"contentUrl\":\"https:\\\/\\\/diariodepe.com.br\\\/cri\\\/wp-content\\\/uploads\\\/sites\\\/2\\\/2022\\\/12\\\/cropped-Logo.jpg\",\"width\":700,\"height\":59,\"caption\":\"CRI e Diario de Pernambuco\"},\"image\":{\"@id\":\"https:\\\/\\\/diariodepe.com.br\\\/cri\\\/#\\\/schema\\\/logo\\\/image\\\/\"}},{\"@type\":\"Person\",\"@id\":\"https:\\\/\\\/diariodepe.com.br\\\/cri\\\/#\\\/schema\\\/person\\\/121bb28d84f1a5b1205ef4ce9c2e0c6b\",\"name\":\"Ismael Lucas S. Pereira\",\"image\":{\"@type\":\"ImageObject\",\"inLanguage\":\"pt-BR\",\"@id\":\"https:\\\/\\\/secure.gravatar.com\\\/avatar\\\/887a0f3b5a7ceea963a48499fb883ffce6b5037362def025c52c2505b15d63e4?s=96&d=mm&r=g\",\"url\":\"https:\\\/\\\/secure.gravatar.com\\\/avatar\\\/887a0f3b5a7ceea963a48499fb883ffce6b5037362def025c52c2505b15d63e4?s=96&d=mm&r=g\",\"contentUrl\":\"https:\\\/\\\/secure.gravatar.com\\\/avatar\\\/887a0f3b5a7ceea963a48499fb883ffce6b5037362def025c52c2505b15d63e4?s=96&d=mm&r=g\",\"caption\":\"Ismael Lucas S. Pereira\"},\"url\":\"https:\\\/\\\/diariodepe.com.br\\\/cri\\\/author\\\/ismael-lucas\\\/\"}]}<\/script>\n<!-- \/ Yoast SEO plugin. -->","yoast_head_json":{"title":"Personalidades internacionais avaliam positivamente importante discurso de Xi Jinping em reuni\u00e3o de l\u00edderes da APEC - CRI e Diario de Pernambuco","robots":{"index":"index","follow":"follow","max-snippet":"max-snippet:-1","max-image-preview":"max-image-preview:large","max-video-preview":"max-video-preview:-1"},"canonical":"https:\/\/diariodepe.com.br\/cri\/2024\/11\/17\/personalidades-internacionais-avaliam-positivamente-importante-discurso-de-xi-jinping-em-reuniao-de-lideres-da-apec\/","og_locale":"pt_BR","og_type":"article","og_title":"Personalidades internacionais avaliam positivamente importante discurso de Xi Jinping em reuni\u00e3o de l\u00edderes da APEC - CRI e Diario de Pernambuco","og_description":"Personalidades internacionais afirmaram que o discurso do presidente da China, Xi Jinping, na 31\u00aa Reuni\u00e3o Informal dos L\u00edderes da Coopera\u00e7\u00e3o Econ\u00f4mica \u00c1sia-Pac\u00edfico (APEC) esclareceu a proposta chinesa em rela\u00e7\u00e3o ao aprofundamento da coopera\u00e7\u00e3o na \u00c1sia-Pac\u00edfico, demonstrando o compromisso do pa\u00eds...","og_url":"https:\/\/diariodepe.com.br\/cri\/2024\/11\/17\/personalidades-internacionais-avaliam-positivamente-importante-discurso-de-xi-jinping-em-reuniao-de-lideres-da-apec\/","og_site_name":"CRI e Diario de Pernambuco","article_published_time":"2024-11-17T14:55:50+00:00","article_modified_time":"2024-11-18T03:37:15+00:00","og_image":[{"url":"https:\/\/p5crires.cri.cn\/photoworkspace\/cri\/contentimg\/2024\/11\/18\/2024111801524627981.jpeg","type":"","width":"","height":""}],"author":"Ismael Lucas S. Pereira","twitter_card":"summary_large_image","twitter_misc":{"Escrito por":"Ismael Lucas S. Pereira","Est. tempo de leitura":"4 minutos"},"schema":{"@context":"https:\/\/schema.org","@graph":[{"@type":"Article","@id":"https:\/\/diariodepe.com.br\/cri\/2024\/11\/17\/personalidades-internacionais-avaliam-positivamente-importante-discurso-de-xi-jinping-em-reuniao-de-lideres-da-apec\/#article","isPartOf":{"@id":"https:\/\/diariodepe.com.br\/cri\/2024\/11\/17\/personalidades-internacionais-avaliam-positivamente-importante-discurso-de-xi-jinping-em-reuniao-de-lideres-da-apec\/"},"author":{"name":"Ismael Lucas S. Pereira","@id":"https:\/\/diariodepe.com.br\/cri\/#\/schema\/person\/121bb28d84f1a5b1205ef4ce9c2e0c6b"},"headline":"Personalidades internacionais avaliam positivamente importante discurso de Xi Jinping em reuni\u00e3o de l\u00edderes da APEC","datePublished":"2024-11-17T14:55:50+00:00","dateModified":"2024-11-18T03:37:15+00:00","mainEntityOfPage":{"@id":"https:\/\/diariodepe.com.br\/cri\/2024\/11\/17\/personalidades-internacionais-avaliam-positivamente-importante-discurso-de-xi-jinping-em-reuniao-de-lideres-da-apec\/"},"wordCount":637,"commentCount":0,"publisher":{"@id":"https:\/\/diariodepe.com.br\/cri\/#organization"},"image":{"@id":"https:\/\/diariodepe.com.br\/cri\/2024\/11\/17\/personalidades-internacionais-avaliam-positivamente-importante-discurso-de-xi-jinping-em-reuniao-de-lideres-da-apec\/#primaryimage"},"thumbnailUrl":"https:\/\/p5crires.cri.cn\/photoworkspace\/cri\/contentimg\/2024\/11\/18\/2024111801524627981.jpeg","articleSection":["Internacional"],"inLanguage":"pt-BR","potentialAction":[{"@type":"CommentAction","name":"Comment","target":["https:\/\/diariodepe.com.br\/cri\/2024\/11\/17\/personalidades-internacionais-avaliam-positivamente-importante-discurso-de-xi-jinping-em-reuniao-de-lideres-da-apec\/#respond"]}]},{"@type":"WebPage","@id":"https:\/\/diariodepe.com.br\/cri\/2024\/11\/17\/personalidades-internacionais-avaliam-positivamente-importante-discurso-de-xi-jinping-em-reuniao-de-lideres-da-apec\/","url":"https:\/\/diariodepe.com.br\/cri\/2024\/11\/17\/personalidades-internacionais-avaliam-positivamente-importante-discurso-de-xi-jinping-em-reuniao-de-lideres-da-apec\/","name":"Personalidades internacionais avaliam positivamente importante discurso de Xi Jinping em reuni\u00e3o de l\u00edderes da APEC - CRI e Diario de Pernambuco","isPartOf":{"@id":"https:\/\/diariodepe.com.br\/cri\/#website"},"primaryImageOfPage":{"@id":"https:\/\/diariodepe.com.br\/cri\/2024\/11\/17\/personalidades-internacionais-avaliam-positivamente-importante-discurso-de-xi-jinping-em-reuniao-de-lideres-da-apec\/#primaryimage"},"image":{"@id":"https:\/\/diariodepe.com.br\/cri\/2024\/11\/17\/personalidades-internacionais-avaliam-positivamente-importante-discurso-de-xi-jinping-em-reuniao-de-lideres-da-apec\/#primaryimage"},"thumbnailUrl":"https:\/\/p5crires.cri.cn\/photoworkspace\/cri\/contentimg\/2024\/11\/18\/2024111801524627981.jpeg","datePublished":"2024-11-17T14:55:50+00:00","dateModified":"2024-11-18T03:37:15+00:00","breadcrumb":{"@id":"https:\/\/diariodepe.com.br\/cri\/2024\/11\/17\/personalidades-internacionais-avaliam-positivamente-importante-discurso-de-xi-jinping-em-reuniao-de-lideres-da-apec\/#breadcrumb"},"inLanguage":"pt-BR","potentialAction":[{"@type":"ReadAction","target":["https:\/\/diariodepe.com.br\/cri\/2024\/11\/17\/personalidades-internacionais-avaliam-positivamente-importante-discurso-de-xi-jinping-em-reuniao-de-lideres-da-apec\/"]}]},{"@type":"ImageObject","inLanguage":"pt-BR","@id":"https:\/\/diariodepe.com.br\/cri\/2024\/11\/17\/personalidades-internacionais-avaliam-positivamente-importante-discurso-de-xi-jinping-em-reuniao-de-lideres-da-apec\/#primaryimage","url":"https:\/\/p5crires.cri.cn\/photoworkspace\/cri\/contentimg\/2024\/11\/18\/2024111801524627981.jpeg","contentUrl":"https:\/\/p5crires.cri.cn\/photoworkspace\/cri\/contentimg\/2024\/11\/18\/2024111801524627981.jpeg"},{"@type":"BreadcrumbList","@id":"https:\/\/diariodepe.com.br\/cri\/2024\/11\/17\/personalidades-internacionais-avaliam-positivamente-importante-discurso-de-xi-jinping-em-reuniao-de-lideres-da-apec\/#breadcrumb","itemListElement":[{"@type":"ListItem","position":1,"name":"In\u00edcio","item":"https:\/\/diariodepe.com.br\/cri\/"},{"@type":"ListItem","position":2,"name":"Personalidades internacionais avaliam positivamente importante discurso de Xi Jinping em reuni\u00e3o de l\u00edderes da APEC"}]},{"@type":"WebSite","@id":"https:\/\/diariodepe.com.br\/cri\/#website","url":"https:\/\/diariodepe.com.br\/cri\/","name":"CRI e Diario de Pernambuco","description":"R\u00e1dio Internacional da China","publisher":{"@id":"https:\/\/diariodepe.com.br\/cri\/#organization"},"potentialAction":[{"@type":"SearchAction","target":{"@type":"EntryPoint","urlTemplate":"https:\/\/diariodepe.com.br\/cri\/?s={search_term_string}"},"query-input":{"@type":"PropertyValueSpecification","valueRequired":true,"valueName":"search_term_string"}}],"inLanguage":"pt-BR"},{"@type":"Organization","@id":"https:\/\/diariodepe.com.br\/cri\/#organization","name":"CRI e Diario de Pernambuco","url":"https:\/\/diariodepe.com.br\/cri\/","logo":{"@type":"ImageObject","inLanguage":"pt-BR","@id":"https:\/\/diariodepe.com.br\/cri\/#\/schema\/logo\/image\/","url":"https:\/\/diariodepe.com.br\/cri\/wp-content\/uploads\/sites\/2\/2022\/12\/cropped-Logo.jpg","contentUrl":"https:\/\/diariodepe.com.br\/cri\/wp-content\/uploads\/sites\/2\/2022\/12\/cropped-Logo.jpg","width":700,"height":59,"caption":"CRI e Diario de Pernambuco"},"image":{"@id":"https:\/\/diariodepe.com.br\/cri\/#\/schema\/logo\/image\/"}},{"@type":"Person","@id":"https:\/\/diariodepe.com.br\/cri\/#\/schema\/person\/121bb28d84f1a5b1205ef4ce9c2e0c6b","name":"Ismael Lucas S. Pereira","image":{"@type":"ImageObject","inLanguage":"pt-BR","@id":"https:\/\/secure.gravatar.com\/avatar\/887a0f3b5a7ceea963a48499fb883ffce6b5037362def025c52c2505b15d63e4?s=96&d=mm&r=g","url":"https:\/\/secure.gravatar.com\/avatar\/887a0f3b5a7ceea963a48499fb883ffce6b5037362def025c52c2505b15d63e4?s=96&d=mm&r=g","contentUrl":"https:\/\/secure.gravatar.com\/avatar\/887a0f3b5a7ceea963a48499fb883ffce6b5037362def025c52c2505b15d63e4?s=96&d=mm&r=g","caption":"Ismael Lucas S. Pereira"},"url":"https:\/\/diariodepe.com.br\/cri\/author\/ismael-lucas\/"}]}},"cc_featured_image_caption":{"caption_text":false,"source_text":false,"source_url":false},"amp_enabled":true,"_links":{"self":[{"href":"https:\/\/diariodepe.com.br\/cri\/wp-json\/wp\/v2\/posts\/6756","targetHints":{"allow":["GET"]}}],"collection":[{"href":"https:\/\/diariodepe.com.br\/cri\/wp-json\/wp\/v2\/posts"}],"about":[{"href":"https:\/\/diariodepe.com.br\/cri\/wp-json\/wp\/v2\/types\/post"}],"author":[{"embeddable":true,"href":"https:\/\/diariodepe.com.br\/cri\/wp-json\/wp\/v2\/users\/2"}],"replies":[{"embeddable":true,"href":"https:\/\/diariodepe.com.br\/cri\/wp-json\/wp\/v2\/comments?post=6756"}],"version-history":[{"count":1,"href":"https:\/\/diariodepe.com.br\/cri\/wp-json\/wp\/v2\/posts\/6756\/revisions"}],"predecessor-version":[{"id":6757,"href":"https:\/\/diariodepe.com.br\/cri\/wp-json\/wp\/v2\/posts\/6756\/revisions\/6757"}],"wp:attachment":[{"href":"https:\/\/diariodepe.com.br\/cri\/wp-json\/wp\/v2\/media?parent=6756"}],"wp:term":[{"taxonomy":"category","embeddable":true,"href":"https:\/\/diariodepe.com.br\/cri\/wp-json\/wp\/v2\/categories?post=6756"},{"taxonomy":"post_tag","embeddable":true,"href":"https:\/\/diariodepe.com.br\/cri\/wp-json\/wp\/v2\/tags?post=6756"}],"curies":[{"name":"wp","href":"https:\/\/api.w.org\/{rel}","templated":true}]}}