{"id":6752,"date":"2024-11-18T00:03:22","date_gmt":"2024-11-18T03:03:22","guid":{"rendered":"https:\/\/diariodepe.com.br\/cri\/?p=6752"},"modified":"2024-11-18T00:03:22","modified_gmt":"2024-11-18T03:03:22","slug":"empresa-chinesa-apresenta-solucao-para-falta-de-agua-em-aldeia-indigena-brasileira","status":"publish","type":"post","link":"https:\/\/diariodepe.com.br\/cri\/2024\/11\/18\/empresa-chinesa-apresenta-solucao-para-falta-de-agua-em-aldeia-indigena-brasileira\/","title":{"rendered":"Empresa chinesa apresenta solu\u00e7\u00e3o para falta de \u00e1gua em aldeia ind\u00edgena brasileira"},"content":{"rendered":"<p style=\"text-align: center;\" data-spm-anchor-id=\"0.0.0.i2\"><figure class=\"wp-block-embed wp-block-embed-youtube is-type-video is-provider-youtube epyt-figure\"><div class=\"wp-block-embed__wrapper\"><div  id=\"_ytid_85675\"  width=\"800\" height=\"450\"  data-origwidth=\"800\" data-origheight=\"450\" data-facadesrc=\"https:\/\/www.youtube.com\/embed\/PnKxLRuw0qs?enablejsapi=1&autoplay=0&cc_load_policy=0&cc_lang_pref=&iv_load_policy=1&loop=0&rel=1&fs=1&playsinline=0&autohide=2&theme=dark&color=red&controls=1&disablekb=0&\" class=\"__youtube_prefs__ epyt-facade no-lazyload\" data-epautoplay=\"1\" ><img decoding=\"async\" data-spai-excluded=\"true\" class=\"epyt-facade-poster skip-lazy\" loading=\"lazy\"  alt=\"YouTube player\"  src=\"https:\/\/i.ytimg.com\/vi\/PnKxLRuw0qs\/maxresdefault.jpg\"  \/><button class=\"epyt-facade-play\" aria-label=\"Play\"><svg data-no-lazy=\"1\" height=\"100%\" version=\"1.1\" viewBox=\"0 0 68 48\" width=\"100%\"><path class=\"ytp-large-play-button-bg\" d=\"M66.52,7.74c-0.78-2.93-2.49-5.41-5.42-6.19C55.79,.13,34,0,34,0S12.21,.13,6.9,1.55 C3.97,2.33,2.27,4.81,1.48,7.74C0.06,13.05,0,24,0,24s0.06,10.95,1.48,16.26c0.78,2.93,2.49,5.41,5.42,6.19 C12.21,47.87,34,48,34,48s21.79-0.13,27.1-1.55c2.93-0.78,4.64-3.26,5.42-6.19C67.94,34.95,68,24,68,24S67.94,13.05,66.52,7.74z\" fill=\"#f00\"><\/path><path d=\"M 45,24 27,14 27,34\" fill=\"#fff\"><\/path><\/svg><\/button><\/div><\/div><\/figure><\/p>\n<p data-spm-anchor-id=\"0.0.0.i2\">Uma comunidade ancestral brasileira da etnia potiguar-mendon\u00e7a, no semi\u00e1rido nordestino, passou anos sofrendo com a escassez h\u00eddrica. Os po\u00e7os artesianos que poderiam fornecer \u00e1gua, entregam o l\u00edquido com salinidade maior que a da \u00e1gua doce, mas menor que a do mar. Imposs\u00edvel para o consumo in natura.<\/p>\n<p>A solu\u00e7\u00e3o at\u00e9 ent\u00e3o era buscar \u00e1gua em um local que eles chamam de cacimba. Uma esp\u00e9cie de fonte, onde a \u00e1gua \u00e9 barrenta e \u00e9 preciso esperar o processo de decanta\u00e7\u00e3o para s\u00f3 assim consumir.\u00a0 Mesmo n\u00e3o sendo o ideal era o poss\u00edvel.<\/p>\n<p>A solu\u00e7\u00e3o definitiva para resolver esse problema de falta de \u00e1gua segura para o consumo humano de quase 3.500 ind\u00edgenas do munic\u00edpio de Jo\u00e3o C\u00e2mara, no Rio Grande do Norte, chegou em um cont\u00eainer vindo da China, como voc\u00ea confere na reportagem de Lu\u00eds Boaventura.<\/p>\n","protected":false},"excerpt":{"rendered":"<p>Uma comunidade ancestral brasileira da etnia potiguar-mendon\u00e7a, no semi\u00e1rido nordestino, passou anos sofrendo com a escassez h\u00eddrica. Os po\u00e7os artesianos que poderiam fornecer \u00e1gua, entregam o l\u00edquido com salinidade maior que a da \u00e1gua doce, mas menor que a do&#8230;<\/p>\n","protected":false},"author":2,"featured_media":0,"comment_status":"open","ping_status":"open","sticky":false,"template":"","format":"standard","meta":{"footnotes":""},"categories":[9,11],"tags":[],"class_list":["post-6752","post","type-post","status-publish","format-standard","hentry","category-dptv-e-cri","category-videos"],"yoast_head":"<!-- This site is optimized with the Yoast SEO plugin v27.4 - https:\/\/yoast.com\/product\/yoast-seo-wordpress\/ -->\n<title>Empresa chinesa apresenta solu\u00e7\u00e3o para falta de \u00e1gua em aldeia ind\u00edgena brasileira - CRI e Diario de Pernambuco<\/title>\n<meta name=\"robots\" content=\"index, follow, max-snippet:-1, max-image-preview:large, max-video-preview:-1\" \/>\n<link rel=\"canonical\" href=\"https:\/\/diariodepe.com.br\/cri\/2024\/11\/18\/empresa-chinesa-apresenta-solucao-para-falta-de-agua-em-aldeia-indigena-brasileira\/\" \/>\n<meta property=\"og:locale\" content=\"pt_BR\" \/>\n<meta property=\"og:type\" content=\"article\" \/>\n<meta property=\"og:title\" content=\"Empresa chinesa apresenta solu\u00e7\u00e3o para falta de \u00e1gua em aldeia ind\u00edgena brasileira - CRI e Diario de Pernambuco\" \/>\n<meta property=\"og:description\" content=\"Uma comunidade ancestral brasileira da etnia potiguar-mendon\u00e7a, no semi\u00e1rido nordestino, passou anos sofrendo com a escassez h\u00eddrica. Os po\u00e7os artesianos que poderiam fornecer \u00e1gua, entregam o l\u00edquido com salinidade maior que a da \u00e1gua doce, mas menor que a do...\" \/>\n<meta property=\"og:url\" content=\"https:\/\/diariodepe.com.br\/cri\/2024\/11\/18\/empresa-chinesa-apresenta-solucao-para-falta-de-agua-em-aldeia-indigena-brasileira\/\" \/>\n<meta property=\"og:site_name\" content=\"CRI e Diario de Pernambuco\" \/>\n<meta property=\"article:published_time\" content=\"2024-11-18T03:03:22+00:00\" \/>\n<meta name=\"author\" content=\"Ismael Lucas S. Pereira\" \/>\n<meta name=\"twitter:card\" content=\"summary_large_image\" \/>\n<meta name=\"twitter:label1\" content=\"Escrito por\" \/>\n\t<meta name=\"twitter:data1\" content=\"Ismael Lucas S. Pereira\" \/>\n\t<meta name=\"twitter:label2\" content=\"Est. tempo de leitura\" \/>\n\t<meta name=\"twitter:data2\" content=\"1 minuto\" \/>\n<script type=\"application\/ld+json\" class=\"yoast-schema-graph\">{\"@context\":\"https:\\\/\\\/schema.org\",\"@graph\":[{\"@type\":\"Article\",\"@id\":\"https:\\\/\\\/diariodepe.com.br\\\/cri\\\/2024\\\/11\\\/18\\\/empresa-chinesa-apresenta-solucao-para-falta-de-agua-em-aldeia-indigena-brasileira\\\/#article\",\"isPartOf\":{\"@id\":\"https:\\\/\\\/diariodepe.com.br\\\/cri\\\/2024\\\/11\\\/18\\\/empresa-chinesa-apresenta-solucao-para-falta-de-agua-em-aldeia-indigena-brasileira\\\/\"},\"author\":{\"name\":\"Ismael Lucas S. Pereira\",\"@id\":\"https:\\\/\\\/diariodepe.com.br\\\/cri\\\/#\\\/schema\\\/person\\\/121bb28d84f1a5b1205ef4ce9c2e0c6b\"},\"headline\":\"Empresa chinesa apresenta solu\u00e7\u00e3o para falta de \u00e1gua em aldeia ind\u00edgena brasileira\",\"datePublished\":\"2024-11-18T03:03:22+00:00\",\"mainEntityOfPage\":{\"@id\":\"https:\\\/\\\/diariodepe.com.br\\\/cri\\\/2024\\\/11\\\/18\\\/empresa-chinesa-apresenta-solucao-para-falta-de-agua-em-aldeia-indigena-brasileira\\\/\"},\"wordCount\":176,\"commentCount\":0,\"publisher\":{\"@id\":\"https:\\\/\\\/diariodepe.com.br\\\/cri\\\/#organization\"},\"articleSection\":[\"DPTV e CRI\",\"V\u00eddeos\"],\"inLanguage\":\"pt-BR\",\"potentialAction\":[{\"@type\":\"CommentAction\",\"name\":\"Comment\",\"target\":[\"https:\\\/\\\/diariodepe.com.br\\\/cri\\\/2024\\\/11\\\/18\\\/empresa-chinesa-apresenta-solucao-para-falta-de-agua-em-aldeia-indigena-brasileira\\\/#respond\"]}]},{\"@type\":\"WebPage\",\"@id\":\"https:\\\/\\\/diariodepe.com.br\\\/cri\\\/2024\\\/11\\\/18\\\/empresa-chinesa-apresenta-solucao-para-falta-de-agua-em-aldeia-indigena-brasileira\\\/\",\"url\":\"https:\\\/\\\/diariodepe.com.br\\\/cri\\\/2024\\\/11\\\/18\\\/empresa-chinesa-apresenta-solucao-para-falta-de-agua-em-aldeia-indigena-brasileira\\\/\",\"name\":\"Empresa chinesa apresenta solu\u00e7\u00e3o para falta de \u00e1gua em aldeia ind\u00edgena brasileira - CRI e Diario de Pernambuco\",\"isPartOf\":{\"@id\":\"https:\\\/\\\/diariodepe.com.br\\\/cri\\\/#website\"},\"datePublished\":\"2024-11-18T03:03:22+00:00\",\"breadcrumb\":{\"@id\":\"https:\\\/\\\/diariodepe.com.br\\\/cri\\\/2024\\\/11\\\/18\\\/empresa-chinesa-apresenta-solucao-para-falta-de-agua-em-aldeia-indigena-brasileira\\\/#breadcrumb\"},\"inLanguage\":\"pt-BR\",\"potentialAction\":[{\"@type\":\"ReadAction\",\"target\":[\"https:\\\/\\\/diariodepe.com.br\\\/cri\\\/2024\\\/11\\\/18\\\/empresa-chinesa-apresenta-solucao-para-falta-de-agua-em-aldeia-indigena-brasileira\\\/\"]}]},{\"@type\":\"BreadcrumbList\",\"@id\":\"https:\\\/\\\/diariodepe.com.br\\\/cri\\\/2024\\\/11\\\/18\\\/empresa-chinesa-apresenta-solucao-para-falta-de-agua-em-aldeia-indigena-brasileira\\\/#breadcrumb\",\"itemListElement\":[{\"@type\":\"ListItem\",\"position\":1,\"name\":\"In\u00edcio\",\"item\":\"https:\\\/\\\/diariodepe.com.br\\\/cri\\\/\"},{\"@type\":\"ListItem\",\"position\":2,\"name\":\"Empresa chinesa apresenta solu\u00e7\u00e3o para falta de \u00e1gua em aldeia ind\u00edgena brasileira\"}]},{\"@type\":\"WebSite\",\"@id\":\"https:\\\/\\\/diariodepe.com.br\\\/cri\\\/#website\",\"url\":\"https:\\\/\\\/diariodepe.com.br\\\/cri\\\/\",\"name\":\"CRI e Diario de Pernambuco\",\"description\":\"R\u00e1dio Internacional da China\",\"publisher\":{\"@id\":\"https:\\\/\\\/diariodepe.com.br\\\/cri\\\/#organization\"},\"potentialAction\":[{\"@type\":\"SearchAction\",\"target\":{\"@type\":\"EntryPoint\",\"urlTemplate\":\"https:\\\/\\\/diariodepe.com.br\\\/cri\\\/?s={search_term_string}\"},\"query-input\":{\"@type\":\"PropertyValueSpecification\",\"valueRequired\":true,\"valueName\":\"search_term_string\"}}],\"inLanguage\":\"pt-BR\"},{\"@type\":\"Organization\",\"@id\":\"https:\\\/\\\/diariodepe.com.br\\\/cri\\\/#organization\",\"name\":\"CRI e Diario de Pernambuco\",\"url\":\"https:\\\/\\\/diariodepe.com.br\\\/cri\\\/\",\"logo\":{\"@type\":\"ImageObject\",\"inLanguage\":\"pt-BR\",\"@id\":\"https:\\\/\\\/diariodepe.com.br\\\/cri\\\/#\\\/schema\\\/logo\\\/image\\\/\",\"url\":\"https:\\\/\\\/diariodepe.com.br\\\/cri\\\/wp-content\\\/uploads\\\/sites\\\/2\\\/2022\\\/12\\\/cropped-Logo.jpg\",\"contentUrl\":\"https:\\\/\\\/diariodepe.com.br\\\/cri\\\/wp-content\\\/uploads\\\/sites\\\/2\\\/2022\\\/12\\\/cropped-Logo.jpg\",\"width\":700,\"height\":59,\"caption\":\"CRI e Diario de Pernambuco\"},\"image\":{\"@id\":\"https:\\\/\\\/diariodepe.com.br\\\/cri\\\/#\\\/schema\\\/logo\\\/image\\\/\"}},{\"@type\":\"Person\",\"@id\":\"https:\\\/\\\/diariodepe.com.br\\\/cri\\\/#\\\/schema\\\/person\\\/121bb28d84f1a5b1205ef4ce9c2e0c6b\",\"name\":\"Ismael Lucas S. Pereira\",\"image\":{\"@type\":\"ImageObject\",\"inLanguage\":\"pt-BR\",\"@id\":\"https:\\\/\\\/secure.gravatar.com\\\/avatar\\\/887a0f3b5a7ceea963a48499fb883ffce6b5037362def025c52c2505b15d63e4?s=96&d=mm&r=g\",\"url\":\"https:\\\/\\\/secure.gravatar.com\\\/avatar\\\/887a0f3b5a7ceea963a48499fb883ffce6b5037362def025c52c2505b15d63e4?s=96&d=mm&r=g\",\"contentUrl\":\"https:\\\/\\\/secure.gravatar.com\\\/avatar\\\/887a0f3b5a7ceea963a48499fb883ffce6b5037362def025c52c2505b15d63e4?s=96&d=mm&r=g\",\"caption\":\"Ismael Lucas S. Pereira\"},\"url\":\"https:\\\/\\\/diariodepe.com.br\\\/cri\\\/author\\\/ismael-lucas\\\/\"}]}<\/script>\n<!-- \/ Yoast SEO plugin. -->","yoast_head_json":{"title":"Empresa chinesa apresenta solu\u00e7\u00e3o para falta de \u00e1gua em aldeia ind\u00edgena brasileira - CRI e Diario de Pernambuco","robots":{"index":"index","follow":"follow","max-snippet":"max-snippet:-1","max-image-preview":"max-image-preview:large","max-video-preview":"max-video-preview:-1"},"canonical":"https:\/\/diariodepe.com.br\/cri\/2024\/11\/18\/empresa-chinesa-apresenta-solucao-para-falta-de-agua-em-aldeia-indigena-brasileira\/","og_locale":"pt_BR","og_type":"article","og_title":"Empresa chinesa apresenta solu\u00e7\u00e3o para falta de \u00e1gua em aldeia ind\u00edgena brasileira - CRI e Diario de Pernambuco","og_description":"Uma comunidade ancestral brasileira da etnia potiguar-mendon\u00e7a, no semi\u00e1rido nordestino, passou anos sofrendo com a escassez h\u00eddrica. Os po\u00e7os artesianos que poderiam fornecer \u00e1gua, entregam o l\u00edquido com salinidade maior que a da \u00e1gua doce, mas menor que a do...","og_url":"https:\/\/diariodepe.com.br\/cri\/2024\/11\/18\/empresa-chinesa-apresenta-solucao-para-falta-de-agua-em-aldeia-indigena-brasileira\/","og_site_name":"CRI e Diario de Pernambuco","article_published_time":"2024-11-18T03:03:22+00:00","author":"Ismael Lucas S. Pereira","twitter_card":"summary_large_image","twitter_misc":{"Escrito por":"Ismael Lucas S. Pereira","Est. tempo de leitura":"1 minuto"},"schema":{"@context":"https:\/\/schema.org","@graph":[{"@type":"Article","@id":"https:\/\/diariodepe.com.br\/cri\/2024\/11\/18\/empresa-chinesa-apresenta-solucao-para-falta-de-agua-em-aldeia-indigena-brasileira\/#article","isPartOf":{"@id":"https:\/\/diariodepe.com.br\/cri\/2024\/11\/18\/empresa-chinesa-apresenta-solucao-para-falta-de-agua-em-aldeia-indigena-brasileira\/"},"author":{"name":"Ismael Lucas S. Pereira","@id":"https:\/\/diariodepe.com.br\/cri\/#\/schema\/person\/121bb28d84f1a5b1205ef4ce9c2e0c6b"},"headline":"Empresa chinesa apresenta solu\u00e7\u00e3o para falta de \u00e1gua em aldeia ind\u00edgena brasileira","datePublished":"2024-11-18T03:03:22+00:00","mainEntityOfPage":{"@id":"https:\/\/diariodepe.com.br\/cri\/2024\/11\/18\/empresa-chinesa-apresenta-solucao-para-falta-de-agua-em-aldeia-indigena-brasileira\/"},"wordCount":176,"commentCount":0,"publisher":{"@id":"https:\/\/diariodepe.com.br\/cri\/#organization"},"articleSection":["DPTV e CRI","V\u00eddeos"],"inLanguage":"pt-BR","potentialAction":[{"@type":"CommentAction","name":"Comment","target":["https:\/\/diariodepe.com.br\/cri\/2024\/11\/18\/empresa-chinesa-apresenta-solucao-para-falta-de-agua-em-aldeia-indigena-brasileira\/#respond"]}]},{"@type":"WebPage","@id":"https:\/\/diariodepe.com.br\/cri\/2024\/11\/18\/empresa-chinesa-apresenta-solucao-para-falta-de-agua-em-aldeia-indigena-brasileira\/","url":"https:\/\/diariodepe.com.br\/cri\/2024\/11\/18\/empresa-chinesa-apresenta-solucao-para-falta-de-agua-em-aldeia-indigena-brasileira\/","name":"Empresa chinesa apresenta solu\u00e7\u00e3o para falta de \u00e1gua em aldeia ind\u00edgena brasileira - CRI e Diario de Pernambuco","isPartOf":{"@id":"https:\/\/diariodepe.com.br\/cri\/#website"},"datePublished":"2024-11-18T03:03:22+00:00","breadcrumb":{"@id":"https:\/\/diariodepe.com.br\/cri\/2024\/11\/18\/empresa-chinesa-apresenta-solucao-para-falta-de-agua-em-aldeia-indigena-brasileira\/#breadcrumb"},"inLanguage":"pt-BR","potentialAction":[{"@type":"ReadAction","target":["https:\/\/diariodepe.com.br\/cri\/2024\/11\/18\/empresa-chinesa-apresenta-solucao-para-falta-de-agua-em-aldeia-indigena-brasileira\/"]}]},{"@type":"BreadcrumbList","@id":"https:\/\/diariodepe.com.br\/cri\/2024\/11\/18\/empresa-chinesa-apresenta-solucao-para-falta-de-agua-em-aldeia-indigena-brasileira\/#breadcrumb","itemListElement":[{"@type":"ListItem","position":1,"name":"In\u00edcio","item":"https:\/\/diariodepe.com.br\/cri\/"},{"@type":"ListItem","position":2,"name":"Empresa chinesa apresenta solu\u00e7\u00e3o para falta de \u00e1gua em aldeia ind\u00edgena brasileira"}]},{"@type":"WebSite","@id":"https:\/\/diariodepe.com.br\/cri\/#website","url":"https:\/\/diariodepe.com.br\/cri\/","name":"CRI e Diario de Pernambuco","description":"R\u00e1dio Internacional da China","publisher":{"@id":"https:\/\/diariodepe.com.br\/cri\/#organization"},"potentialAction":[{"@type":"SearchAction","target":{"@type":"EntryPoint","urlTemplate":"https:\/\/diariodepe.com.br\/cri\/?s={search_term_string}"},"query-input":{"@type":"PropertyValueSpecification","valueRequired":true,"valueName":"search_term_string"}}],"inLanguage":"pt-BR"},{"@type":"Organization","@id":"https:\/\/diariodepe.com.br\/cri\/#organization","name":"CRI e Diario de Pernambuco","url":"https:\/\/diariodepe.com.br\/cri\/","logo":{"@type":"ImageObject","inLanguage":"pt-BR","@id":"https:\/\/diariodepe.com.br\/cri\/#\/schema\/logo\/image\/","url":"https:\/\/diariodepe.com.br\/cri\/wp-content\/uploads\/sites\/2\/2022\/12\/cropped-Logo.jpg","contentUrl":"https:\/\/diariodepe.com.br\/cri\/wp-content\/uploads\/sites\/2\/2022\/12\/cropped-Logo.jpg","width":700,"height":59,"caption":"CRI e Diario de Pernambuco"},"image":{"@id":"https:\/\/diariodepe.com.br\/cri\/#\/schema\/logo\/image\/"}},{"@type":"Person","@id":"https:\/\/diariodepe.com.br\/cri\/#\/schema\/person\/121bb28d84f1a5b1205ef4ce9c2e0c6b","name":"Ismael Lucas S. Pereira","image":{"@type":"ImageObject","inLanguage":"pt-BR","@id":"https:\/\/secure.gravatar.com\/avatar\/887a0f3b5a7ceea963a48499fb883ffce6b5037362def025c52c2505b15d63e4?s=96&d=mm&r=g","url":"https:\/\/secure.gravatar.com\/avatar\/887a0f3b5a7ceea963a48499fb883ffce6b5037362def025c52c2505b15d63e4?s=96&d=mm&r=g","contentUrl":"https:\/\/secure.gravatar.com\/avatar\/887a0f3b5a7ceea963a48499fb883ffce6b5037362def025c52c2505b15d63e4?s=96&d=mm&r=g","caption":"Ismael Lucas S. Pereira"},"url":"https:\/\/diariodepe.com.br\/cri\/author\/ismael-lucas\/"}]}},"cc_featured_image_caption":{"caption_text":false,"source_text":false,"source_url":false},"amp_enabled":true,"_links":{"self":[{"href":"https:\/\/diariodepe.com.br\/cri\/wp-json\/wp\/v2\/posts\/6752","targetHints":{"allow":["GET"]}}],"collection":[{"href":"https:\/\/diariodepe.com.br\/cri\/wp-json\/wp\/v2\/posts"}],"about":[{"href":"https:\/\/diariodepe.com.br\/cri\/wp-json\/wp\/v2\/types\/post"}],"author":[{"embeddable":true,"href":"https:\/\/diariodepe.com.br\/cri\/wp-json\/wp\/v2\/users\/2"}],"replies":[{"embeddable":true,"href":"https:\/\/diariodepe.com.br\/cri\/wp-json\/wp\/v2\/comments?post=6752"}],"version-history":[{"count":1,"href":"https:\/\/diariodepe.com.br\/cri\/wp-json\/wp\/v2\/posts\/6752\/revisions"}],"predecessor-version":[{"id":6753,"href":"https:\/\/diariodepe.com.br\/cri\/wp-json\/wp\/v2\/posts\/6752\/revisions\/6753"}],"wp:attachment":[{"href":"https:\/\/diariodepe.com.br\/cri\/wp-json\/wp\/v2\/media?parent=6752"}],"wp:term":[{"taxonomy":"category","embeddable":true,"href":"https:\/\/diariodepe.com.br\/cri\/wp-json\/wp\/v2\/categories?post=6752"},{"taxonomy":"post_tag","embeddable":true,"href":"https:\/\/diariodepe.com.br\/cri\/wp-json\/wp\/v2\/tags?post=6752"}],"curies":[{"name":"wp","href":"https:\/\/api.w.org\/{rel}","templated":true}]}}