{"id":6739,"date":"2024-11-17T03:50:51","date_gmt":"2024-11-17T06:50:51","guid":{"rendered":"https:\/\/diariodepe.com.br\/cri\/?p=6739"},"modified":"2024-11-17T07:28:01","modified_gmt":"2024-11-17T10:28:01","slug":"xi-jinping-publica-artigo-na-imprensa-brasileira","status":"publish","type":"post","link":"https:\/\/diariodepe.com.br\/cri\/2024\/11\/17\/xi-jinping-publica-artigo-na-imprensa-brasileira\/","title":{"rendered":"Xi Jinping publica artigo na imprensa brasileira"},"content":{"rendered":"<p data-spm-anchor-id=\"0.0.0.i3\">Ao iniciar sua viagem ao Rio de Janeiro para participar da 19\u00aa C\u00fapula de L\u00edderes do G20 e fazer uma visita de Estado ao Brasil, o presidente chin\u00eas, Xi Jinping, publicou hoje (17), no jornal brasileiro, Folha de S. Paulo, o artigo intitulado \u201cChina-Brasil: Com futuro compartilhado e amizade que supera dist\u00e2ncias \u00e9 hora de navegarmos juntos sob velas cheias\u201d.<\/p>\n<p>No artigo, Xi Jinping destacou que, em 15 de agosto de 1974, China e Brasil estabeleceram formalmente rela\u00e7\u00f5es diplom\u00e1ticas. Ao longo dos \u00faltimos 50 anos, as rela\u00e7\u00f5es sino-brasileiras resistiram aos desafios das mudan\u00e7as no cen\u00e1rio internacional, promovendo efetivamente o desenvolvimento de ambos os pa\u00edses e contribuindo positivamente para a paz e a estabilidade mundiais.<\/p>\n<p data-spm-anchor-id=\"0.0.0.i2\">Os dois pa\u00edses sempre mantiveram os princ\u00edpios de respeito m\u00fatuo, tratamento igualit\u00e1rio, compreens\u00e3o e apoio \u00e0s escolhas dos povos em rela\u00e7\u00e3o aos seus pr\u00f3prios caminhos de desenvolvimento. Mecanismos de di\u00e1logo e coopera\u00e7\u00e3o entre os governos est\u00e3o bem estabelecidos. O Comit\u00ea de Coordena\u00e7\u00e3o e Coopera\u00e7\u00e3o de Alto N\u00edvel China-Brasil tem funcionado eficazmente h\u00e1 20 anos, desempenhando um papel crucial na coordena\u00e7\u00e3o e planejamento de coopera\u00e7\u00f5es em v\u00e1rias \u00e1reas e no avan\u00e7o do desenvolvimento conjunto.<\/p>\n<p>Xi Jinping ressaltou que as duas na\u00e7\u00f5es t\u00eam priorizado benef\u00edcios m\u00fatuos e complementaridade de vantagens, impulsionando conjuntamente seus processos de moderniza\u00e7\u00e3o. Com esfor\u00e7os conjuntos, a estrutura do com\u00e9rcio bilateral tem se tornado mais otimizada, o n\u00edvel de coopera\u00e7\u00e3o continua a se aprofundar e os interesses compartilhados se expandem constantemente, promovendo significativamente o desenvolvimento econ\u00f4mico e social de ambos os lados.<\/p>\n<p>O artigo tamb\u00e9m mencionou que os dois pa\u00edses prezam pela abertura, inclus\u00e3o e aprendizado m\u00fatuo. H\u00e1 uma afinidade natural e um desejo comum por coisas belas entre os povos de China e Brasil. Elementos brasileiros, como a simp\u00e1tica capivara, a Bossa Nova, o samba e a capoeira, s\u00e3o amplamente apreciados na China. Por outro lado, o Ano Novo Chin\u00eas, a medicina tradicional chinesa e outras tradi\u00e7\u00f5es culturais t\u00eam se tornado cada vez mais conhecidos pelos brasileiros. Jovens, jornalistas e acad\u00eamicos dos dois pa\u00edses t\u00eam intera\u00e7\u00f5es frequentes, e as trocas regionais s\u00e3o vibrantes.<\/p>\n<p>Al\u00e9m disso, Xi Jinping destacou que a China e o Brasil compartilham vis\u00f5es semelhantes ou convergentes em muitas quest\u00f5es internacionais e regionais. Ambos os pa\u00edses s\u00e3o firmes defensores dos princ\u00edpios b\u00e1sicos das rela\u00e7\u00f5es internacionais e do multilateralismo. Recentemente, China e Brasil emitiram em conjunto seis consensos sobre a resolu\u00e7\u00e3o pol\u00edtica da crise na Ucr\u00e2nia, recebendo respostas positivas da comunidade internacional.<\/p>\n<p>Por fim, Xi Jinping enfatizou a necessidade de fomentar novas for\u00e7as motrizes para a coopera\u00e7\u00e3o sino-brasileira, fortalecer os la\u00e7os de amizade entre os povos e demonstrar a responsabilidade solid\u00e1ria e cooperativa de grandes na\u00e7\u00f5es. Ele elogiou a iniciativa do presidente Luiz In\u00e1cio Lula da Silva de colocar o \u201ccombate \u00e0 fome e \u00e0 pobreza\u201d como tema central da C\u00fapula do Rio de Janeiro e a proposta de criar uma \u201cAlian\u00e7a Global contra a Fome e a Pobreza\u201d, afirmando que a China apoia e incentivar\u00e1 ativamente essa iniciativa.<\/p>\n<p>Xi Jinping expressou sua convic\u00e7\u00e3o de que a C\u00fapula de L\u00edderes do G20 no Rio de Janeiro ser\u00e1 um grande sucesso, deixando uma marca distinta do Brasil na hist\u00f3ria do G20. Ele tamb\u00e9m manifestou a expectativa em trabalhar com o presidente Lula para levar as rela\u00e7\u00f5es sino-brasileiras a uma nova era de \u201c50 anos dourados\u201d e construir uma comunidade de destino compartilhado mais justa e sustent\u00e1vel.<\/p>\n","protected":false},"excerpt":{"rendered":"<p>Ao iniciar sua viagem ao Rio de Janeiro para participar da 19\u00aa C\u00fapula de L\u00edderes do G20 e fazer uma visita de Estado ao Brasil, o presidente chin\u00eas, Xi Jinping, publicou hoje (17), no jornal brasileiro, Folha de S. Paulo,&#8230;<\/p>\n","protected":false},"author":2,"featured_media":0,"comment_status":"open","ping_status":"open","sticky":false,"template":"","format":"standard","meta":{"footnotes":""},"categories":[3],"tags":[],"class_list":["post-6739","post","type-post","status-publish","format-standard","hentry","category-china"],"yoast_head":"<!-- This site is optimized with the Yoast SEO plugin v27.4 - https:\/\/yoast.com\/product\/yoast-seo-wordpress\/ -->\n<title>Xi Jinping publica artigo na imprensa brasileira - CRI e Diario de Pernambuco<\/title>\n<meta name=\"robots\" content=\"index, follow, max-snippet:-1, max-image-preview:large, max-video-preview:-1\" \/>\n<link rel=\"canonical\" href=\"https:\/\/diariodepe.com.br\/cri\/2024\/11\/17\/xi-jinping-publica-artigo-na-imprensa-brasileira\/\" \/>\n<meta property=\"og:locale\" content=\"pt_BR\" \/>\n<meta property=\"og:type\" content=\"article\" \/>\n<meta property=\"og:title\" content=\"Xi Jinping publica artigo na imprensa brasileira - CRI e Diario de Pernambuco\" \/>\n<meta property=\"og:description\" content=\"Ao iniciar sua viagem ao Rio de Janeiro para participar da 19\u00aa C\u00fapula de L\u00edderes do G20 e fazer uma visita de Estado ao Brasil, o presidente chin\u00eas, Xi Jinping, publicou hoje (17), no jornal brasileiro, Folha de S. Paulo,...\" \/>\n<meta property=\"og:url\" content=\"https:\/\/diariodepe.com.br\/cri\/2024\/11\/17\/xi-jinping-publica-artigo-na-imprensa-brasileira\/\" \/>\n<meta property=\"og:site_name\" content=\"CRI e Diario de Pernambuco\" \/>\n<meta property=\"article:published_time\" content=\"2024-11-17T06:50:51+00:00\" \/>\n<meta property=\"article:modified_time\" content=\"2024-11-17T10:28:01+00:00\" \/>\n<meta name=\"author\" content=\"Ismael Lucas S. Pereira\" \/>\n<meta name=\"twitter:card\" content=\"summary_large_image\" \/>\n<meta name=\"twitter:label1\" content=\"Escrito por\" \/>\n\t<meta name=\"twitter:data1\" content=\"Ismael Lucas S. Pereira\" \/>\n\t<meta name=\"twitter:label2\" content=\"Est. tempo de leitura\" \/>\n\t<meta name=\"twitter:data2\" content=\"4 minutos\" \/>\n<script type=\"application\/ld+json\" class=\"yoast-schema-graph\">{\"@context\":\"https:\\\/\\\/schema.org\",\"@graph\":[{\"@type\":\"Article\",\"@id\":\"https:\\\/\\\/diariodepe.com.br\\\/cri\\\/2024\\\/11\\\/17\\\/xi-jinping-publica-artigo-na-imprensa-brasileira\\\/#article\",\"isPartOf\":{\"@id\":\"https:\\\/\\\/diariodepe.com.br\\\/cri\\\/2024\\\/11\\\/17\\\/xi-jinping-publica-artigo-na-imprensa-brasileira\\\/\"},\"author\":{\"name\":\"Ismael Lucas S. Pereira\",\"@id\":\"https:\\\/\\\/diariodepe.com.br\\\/cri\\\/#\\\/schema\\\/person\\\/121bb28d84f1a5b1205ef4ce9c2e0c6b\"},\"headline\":\"Xi Jinping publica artigo na imprensa brasileira\",\"datePublished\":\"2024-11-17T06:50:51+00:00\",\"dateModified\":\"2024-11-17T10:28:01+00:00\",\"mainEntityOfPage\":{\"@id\":\"https:\\\/\\\/diariodepe.com.br\\\/cri\\\/2024\\\/11\\\/17\\\/xi-jinping-publica-artigo-na-imprensa-brasileira\\\/\"},\"wordCount\":626,\"commentCount\":0,\"publisher\":{\"@id\":\"https:\\\/\\\/diariodepe.com.br\\\/cri\\\/#organization\"},\"articleSection\":[\"China\"],\"inLanguage\":\"pt-BR\",\"potentialAction\":[{\"@type\":\"CommentAction\",\"name\":\"Comment\",\"target\":[\"https:\\\/\\\/diariodepe.com.br\\\/cri\\\/2024\\\/11\\\/17\\\/xi-jinping-publica-artigo-na-imprensa-brasileira\\\/#respond\"]}]},{\"@type\":\"WebPage\",\"@id\":\"https:\\\/\\\/diariodepe.com.br\\\/cri\\\/2024\\\/11\\\/17\\\/xi-jinping-publica-artigo-na-imprensa-brasileira\\\/\",\"url\":\"https:\\\/\\\/diariodepe.com.br\\\/cri\\\/2024\\\/11\\\/17\\\/xi-jinping-publica-artigo-na-imprensa-brasileira\\\/\",\"name\":\"Xi Jinping publica artigo na imprensa brasileira - CRI e Diario de Pernambuco\",\"isPartOf\":{\"@id\":\"https:\\\/\\\/diariodepe.com.br\\\/cri\\\/#website\"},\"datePublished\":\"2024-11-17T06:50:51+00:00\",\"dateModified\":\"2024-11-17T10:28:01+00:00\",\"breadcrumb\":{\"@id\":\"https:\\\/\\\/diariodepe.com.br\\\/cri\\\/2024\\\/11\\\/17\\\/xi-jinping-publica-artigo-na-imprensa-brasileira\\\/#breadcrumb\"},\"inLanguage\":\"pt-BR\",\"potentialAction\":[{\"@type\":\"ReadAction\",\"target\":[\"https:\\\/\\\/diariodepe.com.br\\\/cri\\\/2024\\\/11\\\/17\\\/xi-jinping-publica-artigo-na-imprensa-brasileira\\\/\"]}]},{\"@type\":\"BreadcrumbList\",\"@id\":\"https:\\\/\\\/diariodepe.com.br\\\/cri\\\/2024\\\/11\\\/17\\\/xi-jinping-publica-artigo-na-imprensa-brasileira\\\/#breadcrumb\",\"itemListElement\":[{\"@type\":\"ListItem\",\"position\":1,\"name\":\"In\u00edcio\",\"item\":\"https:\\\/\\\/diariodepe.com.br\\\/cri\\\/\"},{\"@type\":\"ListItem\",\"position\":2,\"name\":\"Xi Jinping publica artigo na imprensa brasileira\"}]},{\"@type\":\"WebSite\",\"@id\":\"https:\\\/\\\/diariodepe.com.br\\\/cri\\\/#website\",\"url\":\"https:\\\/\\\/diariodepe.com.br\\\/cri\\\/\",\"name\":\"CRI e Diario de Pernambuco\",\"description\":\"R\u00e1dio Internacional da China\",\"publisher\":{\"@id\":\"https:\\\/\\\/diariodepe.com.br\\\/cri\\\/#organization\"},\"potentialAction\":[{\"@type\":\"SearchAction\",\"target\":{\"@type\":\"EntryPoint\",\"urlTemplate\":\"https:\\\/\\\/diariodepe.com.br\\\/cri\\\/?s={search_term_string}\"},\"query-input\":{\"@type\":\"PropertyValueSpecification\",\"valueRequired\":true,\"valueName\":\"search_term_string\"}}],\"inLanguage\":\"pt-BR\"},{\"@type\":\"Organization\",\"@id\":\"https:\\\/\\\/diariodepe.com.br\\\/cri\\\/#organization\",\"name\":\"CRI e Diario de Pernambuco\",\"url\":\"https:\\\/\\\/diariodepe.com.br\\\/cri\\\/\",\"logo\":{\"@type\":\"ImageObject\",\"inLanguage\":\"pt-BR\",\"@id\":\"https:\\\/\\\/diariodepe.com.br\\\/cri\\\/#\\\/schema\\\/logo\\\/image\\\/\",\"url\":\"https:\\\/\\\/diariodepe.com.br\\\/cri\\\/wp-content\\\/uploads\\\/sites\\\/2\\\/2022\\\/12\\\/cropped-Logo.jpg\",\"contentUrl\":\"https:\\\/\\\/diariodepe.com.br\\\/cri\\\/wp-content\\\/uploads\\\/sites\\\/2\\\/2022\\\/12\\\/cropped-Logo.jpg\",\"width\":700,\"height\":59,\"caption\":\"CRI e Diario de Pernambuco\"},\"image\":{\"@id\":\"https:\\\/\\\/diariodepe.com.br\\\/cri\\\/#\\\/schema\\\/logo\\\/image\\\/\"}},{\"@type\":\"Person\",\"@id\":\"https:\\\/\\\/diariodepe.com.br\\\/cri\\\/#\\\/schema\\\/person\\\/121bb28d84f1a5b1205ef4ce9c2e0c6b\",\"name\":\"Ismael Lucas S. Pereira\",\"image\":{\"@type\":\"ImageObject\",\"inLanguage\":\"pt-BR\",\"@id\":\"https:\\\/\\\/secure.gravatar.com\\\/avatar\\\/887a0f3b5a7ceea963a48499fb883ffce6b5037362def025c52c2505b15d63e4?s=96&d=mm&r=g\",\"url\":\"https:\\\/\\\/secure.gravatar.com\\\/avatar\\\/887a0f3b5a7ceea963a48499fb883ffce6b5037362def025c52c2505b15d63e4?s=96&d=mm&r=g\",\"contentUrl\":\"https:\\\/\\\/secure.gravatar.com\\\/avatar\\\/887a0f3b5a7ceea963a48499fb883ffce6b5037362def025c52c2505b15d63e4?s=96&d=mm&r=g\",\"caption\":\"Ismael Lucas S. Pereira\"},\"url\":\"https:\\\/\\\/diariodepe.com.br\\\/cri\\\/author\\\/ismael-lucas\\\/\"}]}<\/script>\n<!-- \/ Yoast SEO plugin. -->","yoast_head_json":{"title":"Xi Jinping publica artigo na imprensa brasileira - CRI e Diario de Pernambuco","robots":{"index":"index","follow":"follow","max-snippet":"max-snippet:-1","max-image-preview":"max-image-preview:large","max-video-preview":"max-video-preview:-1"},"canonical":"https:\/\/diariodepe.com.br\/cri\/2024\/11\/17\/xi-jinping-publica-artigo-na-imprensa-brasileira\/","og_locale":"pt_BR","og_type":"article","og_title":"Xi Jinping publica artigo na imprensa brasileira - CRI e Diario de Pernambuco","og_description":"Ao iniciar sua viagem ao Rio de Janeiro para participar da 19\u00aa C\u00fapula de L\u00edderes do G20 e fazer uma visita de Estado ao Brasil, o presidente chin\u00eas, Xi Jinping, publicou hoje (17), no jornal brasileiro, Folha de S. Paulo,...","og_url":"https:\/\/diariodepe.com.br\/cri\/2024\/11\/17\/xi-jinping-publica-artigo-na-imprensa-brasileira\/","og_site_name":"CRI e Diario de Pernambuco","article_published_time":"2024-11-17T06:50:51+00:00","article_modified_time":"2024-11-17T10:28:01+00:00","author":"Ismael Lucas S. Pereira","twitter_card":"summary_large_image","twitter_misc":{"Escrito por":"Ismael Lucas S. Pereira","Est. tempo de leitura":"4 minutos"},"schema":{"@context":"https:\/\/schema.org","@graph":[{"@type":"Article","@id":"https:\/\/diariodepe.com.br\/cri\/2024\/11\/17\/xi-jinping-publica-artigo-na-imprensa-brasileira\/#article","isPartOf":{"@id":"https:\/\/diariodepe.com.br\/cri\/2024\/11\/17\/xi-jinping-publica-artigo-na-imprensa-brasileira\/"},"author":{"name":"Ismael Lucas S. Pereira","@id":"https:\/\/diariodepe.com.br\/cri\/#\/schema\/person\/121bb28d84f1a5b1205ef4ce9c2e0c6b"},"headline":"Xi Jinping publica artigo na imprensa brasileira","datePublished":"2024-11-17T06:50:51+00:00","dateModified":"2024-11-17T10:28:01+00:00","mainEntityOfPage":{"@id":"https:\/\/diariodepe.com.br\/cri\/2024\/11\/17\/xi-jinping-publica-artigo-na-imprensa-brasileira\/"},"wordCount":626,"commentCount":0,"publisher":{"@id":"https:\/\/diariodepe.com.br\/cri\/#organization"},"articleSection":["China"],"inLanguage":"pt-BR","potentialAction":[{"@type":"CommentAction","name":"Comment","target":["https:\/\/diariodepe.com.br\/cri\/2024\/11\/17\/xi-jinping-publica-artigo-na-imprensa-brasileira\/#respond"]}]},{"@type":"WebPage","@id":"https:\/\/diariodepe.com.br\/cri\/2024\/11\/17\/xi-jinping-publica-artigo-na-imprensa-brasileira\/","url":"https:\/\/diariodepe.com.br\/cri\/2024\/11\/17\/xi-jinping-publica-artigo-na-imprensa-brasileira\/","name":"Xi Jinping publica artigo na imprensa brasileira - CRI e Diario de Pernambuco","isPartOf":{"@id":"https:\/\/diariodepe.com.br\/cri\/#website"},"datePublished":"2024-11-17T06:50:51+00:00","dateModified":"2024-11-17T10:28:01+00:00","breadcrumb":{"@id":"https:\/\/diariodepe.com.br\/cri\/2024\/11\/17\/xi-jinping-publica-artigo-na-imprensa-brasileira\/#breadcrumb"},"inLanguage":"pt-BR","potentialAction":[{"@type":"ReadAction","target":["https:\/\/diariodepe.com.br\/cri\/2024\/11\/17\/xi-jinping-publica-artigo-na-imprensa-brasileira\/"]}]},{"@type":"BreadcrumbList","@id":"https:\/\/diariodepe.com.br\/cri\/2024\/11\/17\/xi-jinping-publica-artigo-na-imprensa-brasileira\/#breadcrumb","itemListElement":[{"@type":"ListItem","position":1,"name":"In\u00edcio","item":"https:\/\/diariodepe.com.br\/cri\/"},{"@type":"ListItem","position":2,"name":"Xi Jinping publica artigo na imprensa brasileira"}]},{"@type":"WebSite","@id":"https:\/\/diariodepe.com.br\/cri\/#website","url":"https:\/\/diariodepe.com.br\/cri\/","name":"CRI e Diario de Pernambuco","description":"R\u00e1dio Internacional da China","publisher":{"@id":"https:\/\/diariodepe.com.br\/cri\/#organization"},"potentialAction":[{"@type":"SearchAction","target":{"@type":"EntryPoint","urlTemplate":"https:\/\/diariodepe.com.br\/cri\/?s={search_term_string}"},"query-input":{"@type":"PropertyValueSpecification","valueRequired":true,"valueName":"search_term_string"}}],"inLanguage":"pt-BR"},{"@type":"Organization","@id":"https:\/\/diariodepe.com.br\/cri\/#organization","name":"CRI e Diario de Pernambuco","url":"https:\/\/diariodepe.com.br\/cri\/","logo":{"@type":"ImageObject","inLanguage":"pt-BR","@id":"https:\/\/diariodepe.com.br\/cri\/#\/schema\/logo\/image\/","url":"https:\/\/diariodepe.com.br\/cri\/wp-content\/uploads\/sites\/2\/2022\/12\/cropped-Logo.jpg","contentUrl":"https:\/\/diariodepe.com.br\/cri\/wp-content\/uploads\/sites\/2\/2022\/12\/cropped-Logo.jpg","width":700,"height":59,"caption":"CRI e Diario de Pernambuco"},"image":{"@id":"https:\/\/diariodepe.com.br\/cri\/#\/schema\/logo\/image\/"}},{"@type":"Person","@id":"https:\/\/diariodepe.com.br\/cri\/#\/schema\/person\/121bb28d84f1a5b1205ef4ce9c2e0c6b","name":"Ismael Lucas S. Pereira","image":{"@type":"ImageObject","inLanguage":"pt-BR","@id":"https:\/\/secure.gravatar.com\/avatar\/887a0f3b5a7ceea963a48499fb883ffce6b5037362def025c52c2505b15d63e4?s=96&d=mm&r=g","url":"https:\/\/secure.gravatar.com\/avatar\/887a0f3b5a7ceea963a48499fb883ffce6b5037362def025c52c2505b15d63e4?s=96&d=mm&r=g","contentUrl":"https:\/\/secure.gravatar.com\/avatar\/887a0f3b5a7ceea963a48499fb883ffce6b5037362def025c52c2505b15d63e4?s=96&d=mm&r=g","caption":"Ismael Lucas S. Pereira"},"url":"https:\/\/diariodepe.com.br\/cri\/author\/ismael-lucas\/"}]}},"cc_featured_image_caption":{"caption_text":false,"source_text":false,"source_url":false},"amp_enabled":true,"_links":{"self":[{"href":"https:\/\/diariodepe.com.br\/cri\/wp-json\/wp\/v2\/posts\/6739","targetHints":{"allow":["GET"]}}],"collection":[{"href":"https:\/\/diariodepe.com.br\/cri\/wp-json\/wp\/v2\/posts"}],"about":[{"href":"https:\/\/diariodepe.com.br\/cri\/wp-json\/wp\/v2\/types\/post"}],"author":[{"embeddable":true,"href":"https:\/\/diariodepe.com.br\/cri\/wp-json\/wp\/v2\/users\/2"}],"replies":[{"embeddable":true,"href":"https:\/\/diariodepe.com.br\/cri\/wp-json\/wp\/v2\/comments?post=6739"}],"version-history":[{"count":1,"href":"https:\/\/diariodepe.com.br\/cri\/wp-json\/wp\/v2\/posts\/6739\/revisions"}],"predecessor-version":[{"id":6740,"href":"https:\/\/diariodepe.com.br\/cri\/wp-json\/wp\/v2\/posts\/6739\/revisions\/6740"}],"wp:attachment":[{"href":"https:\/\/diariodepe.com.br\/cri\/wp-json\/wp\/v2\/media?parent=6739"}],"wp:term":[{"taxonomy":"category","embeddable":true,"href":"https:\/\/diariodepe.com.br\/cri\/wp-json\/wp\/v2\/categories?post=6739"},{"taxonomy":"post_tag","embeddable":true,"href":"https:\/\/diariodepe.com.br\/cri\/wp-json\/wp\/v2\/tags?post=6739"}],"curies":[{"name":"wp","href":"https:\/\/api.w.org\/{rel}","templated":true}]}}