{"id":6730,"date":"2024-11-16T22:05:42","date_gmt":"2024-11-17T01:05:42","guid":{"rendered":"https:\/\/diariodepe.com.br\/cri\/?p=6730"},"modified":"2024-11-17T01:33:04","modified_gmt":"2024-11-17T04:33:04","slug":"encontro-de-intercambios-culturais-china-peru-e-realizado-em-lima","status":"publish","type":"post","link":"https:\/\/diariodepe.com.br\/cri\/2024\/11\/16\/encontro-de-intercambios-culturais-china-peru-e-realizado-em-lima\/","title":{"rendered":"Encontro de Interc\u00e2mbios Culturais China-Peru \u00e9 realizado em Lima"},"content":{"rendered":"<p data-spm-anchor-id=\"0.0.0.i3\">O Encontro de Interc\u00e2mbios Culturais China-Peru foi realizado nesta sexta-feira (15), em Lima, capital do Peru. A presidente peruana, Dina Boluarte, e o vice-diretor do Departamento de Comunica\u00e7\u00e3o do Comit\u00ea Central do Partido Comunista da China (PCCh) e presidente do Grupo de M\u00eddia da China (CMG), Shen Haixiong, discursaram no evento que contou com a participa\u00e7\u00e3o de cerca de 200 pessoas de c\u00edrculos pol\u00edticos, econ\u00f4micos, culturais, acad\u00eamicos e de m\u00eddia do Peru.<\/p>\n<p>A presidente pontuou que tanto o Peru quanto a China possuem civiliza\u00e7\u00f5es e hist\u00f3rias espl\u00eandidas, e os interc\u00e2mbios e a coopera\u00e7\u00e3o bilaterais contribuir\u00e3o para a prosperidade e o desenvolvimento da diversidade cultural do mundo. Este evento de interc\u00e2mbio cultural China-Peru \u00e9 uma exibi\u00e7\u00e3o magn\u00edfica da heran\u00e7a cultural dos dois pa\u00edses e um testemunho da coopera\u00e7\u00e3o e da amizade sino-peruanas. &#8220;Acreditamos que atrav\u00e9s deste encontro, a China e o Peru fortalecer\u00e3o ainda mais os interc\u00e2mbios e o aprendizado m\u00fatuo entre civiliza\u00e7\u00f5es, trar\u00e3o mais benef\u00edcios para seus povos, construir\u00e3o e compartilhar\u00e3o conjuntamente um futuro mais duradouro e pr\u00f3spero&#8221;, afirmou.<\/p>\n<p class=\"photo_img_20190808\"><img decoding=\"async\" src=\"https:\/\/p4crires.cri.cn\/photoworkspace\/cri\/contentimg\/2024\/11\/17\/2024111711242088625.jpeg\" alt=\"\" width=\"1000\" \/><\/p>\n<p>Shen Haixiong revelou que recentemente, o CMG e as ag\u00eancias governamentais e os principais ve\u00edculos de m\u00eddia do Peru produziram o longa-metragem &#8220;Hist\u00f3rias das Cidades-Irm\u00e3s: Beijing e Lima&#8221; e realizaram uma atividade de di\u00e1logo entre civiliza\u00e7\u00f5es, constituindo medidas positivas tomadas pelo CMG e pelos parceiros latino-americanos para aprofundar conjuntamente os interc\u00e2mbios interpessoais. O CMG est\u00e1 disposto a aproveitar ao m\u00e1ximo seu poder de transmiss\u00e3o para aumentar a voz do Peru e de outros pa\u00edses do Sul Global no cen\u00e1rio da opini\u00e3o p\u00fablica internacional, de modo a tornar o jardim da civiliza\u00e7\u00e3o humana mais florido, destacou Shen Haixiong.<\/p>\n<p>No evento, o CMG divulgou uma s\u00e9rie de projetos de &#8220;Aprendizagem M\u00fatua entre Civiliza\u00e7\u00f5es China-Peru&#8221;. Al\u00e9m disso, o grupo chin\u00eas realizou uma s\u00e9rie de coopera\u00e7\u00f5es com a Empresa Peruana de Servi\u00e7os Editoriais, a Universidade de San Mart\u00edn de Porres e o Centro de Estudos Superiores Nacionais do Peru nas \u00e1reas de interc\u00e2mbio de not\u00edcias, interc\u00e2mbio acad\u00eamico e pesquisa de think tanks.<\/p>\n","protected":false},"excerpt":{"rendered":"<p>O Encontro de Interc\u00e2mbios Culturais China-Peru foi realizado nesta sexta-feira (15), em Lima, capital do Peru. A presidente peruana, Dina Boluarte, e o vice-diretor do Departamento de Comunica\u00e7\u00e3o do Comit\u00ea Central do Partido Comunista da China (PCCh) e presidente do&#8230;<\/p>\n","protected":false},"author":2,"featured_media":6731,"comment_status":"open","ping_status":"open","sticky":false,"template":"","format":"standard","meta":{"footnotes":""},"categories":[5,8],"tags":[],"class_list":["post-6730","post","type-post","status-publish","format-standard","has-post-thumbnail","hentry","category-destaques-capa","category-internacional"],"yoast_head":"<!-- This site is optimized with the Yoast SEO plugin v27.4 - https:\/\/yoast.com\/product\/yoast-seo-wordpress\/ -->\n<title>Encontro de Interc\u00e2mbios Culturais China-Peru \u00e9 realizado em Lima - CRI e Diario de Pernambuco<\/title>\n<meta name=\"robots\" content=\"index, follow, max-snippet:-1, max-image-preview:large, max-video-preview:-1\" \/>\n<link rel=\"canonical\" href=\"https:\/\/diariodepe.com.br\/cri\/2024\/11\/16\/encontro-de-intercambios-culturais-china-peru-e-realizado-em-lima\/\" \/>\n<meta property=\"og:locale\" content=\"pt_BR\" \/>\n<meta property=\"og:type\" content=\"article\" \/>\n<meta property=\"og:title\" content=\"Encontro de Interc\u00e2mbios Culturais China-Peru \u00e9 realizado em Lima - CRI e Diario de Pernambuco\" \/>\n<meta property=\"og:description\" content=\"O Encontro de Interc\u00e2mbios Culturais China-Peru foi realizado nesta sexta-feira (15), em Lima, capital do Peru. A presidente peruana, Dina Boluarte, e o vice-diretor do Departamento de Comunica\u00e7\u00e3o do Comit\u00ea Central do Partido Comunista da China (PCCh) e presidente do...\" \/>\n<meta property=\"og:url\" content=\"https:\/\/diariodepe.com.br\/cri\/2024\/11\/16\/encontro-de-intercambios-culturais-china-peru-e-realizado-em-lima\/\" \/>\n<meta property=\"og:site_name\" content=\"CRI e Diario de Pernambuco\" \/>\n<meta property=\"article:published_time\" content=\"2024-11-17T01:05:42+00:00\" \/>\n<meta property=\"article:modified_time\" content=\"2024-11-17T04:33:04+00:00\" \/>\n<meta property=\"og:image\" content=\"https:\/\/diariodepe.com.br\/cri\/wp-content\/uploads\/sites\/2\/2024\/11\/IMG_8708-scaled.jpg\" \/>\n\t<meta property=\"og:image:width\" content=\"2560\" \/>\n\t<meta property=\"og:image:height\" content=\"1675\" \/>\n\t<meta property=\"og:image:type\" content=\"image\/jpeg\" \/>\n<meta name=\"author\" content=\"Ismael Lucas S. Pereira\" \/>\n<meta name=\"twitter:card\" content=\"summary_large_image\" \/>\n<meta name=\"twitter:label1\" content=\"Escrito por\" \/>\n\t<meta name=\"twitter:data1\" content=\"Ismael Lucas S. Pereira\" \/>\n\t<meta name=\"twitter:label2\" content=\"Est. tempo de leitura\" \/>\n\t<meta name=\"twitter:data2\" content=\"3 minutos\" \/>\n<script type=\"application\/ld+json\" class=\"yoast-schema-graph\">{\"@context\":\"https:\\\/\\\/schema.org\",\"@graph\":[{\"@type\":\"Article\",\"@id\":\"https:\\\/\\\/diariodepe.com.br\\\/cri\\\/2024\\\/11\\\/16\\\/encontro-de-intercambios-culturais-china-peru-e-realizado-em-lima\\\/#article\",\"isPartOf\":{\"@id\":\"https:\\\/\\\/diariodepe.com.br\\\/cri\\\/2024\\\/11\\\/16\\\/encontro-de-intercambios-culturais-china-peru-e-realizado-em-lima\\\/\"},\"author\":{\"name\":\"Ismael Lucas S. Pereira\",\"@id\":\"https:\\\/\\\/diariodepe.com.br\\\/cri\\\/#\\\/schema\\\/person\\\/121bb28d84f1a5b1205ef4ce9c2e0c6b\"},\"headline\":\"Encontro de Interc\u00e2mbios Culturais China-Peru \u00e9 realizado em Lima\",\"datePublished\":\"2024-11-17T01:05:42+00:00\",\"dateModified\":\"2024-11-17T04:33:04+00:00\",\"mainEntityOfPage\":{\"@id\":\"https:\\\/\\\/diariodepe.com.br\\\/cri\\\/2024\\\/11\\\/16\\\/encontro-de-intercambios-culturais-china-peru-e-realizado-em-lima\\\/\"},\"wordCount\":392,\"commentCount\":0,\"publisher\":{\"@id\":\"https:\\\/\\\/diariodepe.com.br\\\/cri\\\/#organization\"},\"image\":{\"@id\":\"https:\\\/\\\/diariodepe.com.br\\\/cri\\\/2024\\\/11\\\/16\\\/encontro-de-intercambios-culturais-china-peru-e-realizado-em-lima\\\/#primaryimage\"},\"thumbnailUrl\":\"https:\\\/\\\/diariodepe.com.br\\\/cri\\\/wp-content\\\/uploads\\\/sites\\\/2\\\/2024\\\/11\\\/IMG_8708-scaled.jpg\",\"articleSection\":[\"Destaques Capa\",\"Internacional\"],\"inLanguage\":\"pt-BR\",\"potentialAction\":[{\"@type\":\"CommentAction\",\"name\":\"Comment\",\"target\":[\"https:\\\/\\\/diariodepe.com.br\\\/cri\\\/2024\\\/11\\\/16\\\/encontro-de-intercambios-culturais-china-peru-e-realizado-em-lima\\\/#respond\"]}]},{\"@type\":\"WebPage\",\"@id\":\"https:\\\/\\\/diariodepe.com.br\\\/cri\\\/2024\\\/11\\\/16\\\/encontro-de-intercambios-culturais-china-peru-e-realizado-em-lima\\\/\",\"url\":\"https:\\\/\\\/diariodepe.com.br\\\/cri\\\/2024\\\/11\\\/16\\\/encontro-de-intercambios-culturais-china-peru-e-realizado-em-lima\\\/\",\"name\":\"Encontro de Interc\u00e2mbios Culturais China-Peru \u00e9 realizado em Lima - CRI e Diario de Pernambuco\",\"isPartOf\":{\"@id\":\"https:\\\/\\\/diariodepe.com.br\\\/cri\\\/#website\"},\"primaryImageOfPage\":{\"@id\":\"https:\\\/\\\/diariodepe.com.br\\\/cri\\\/2024\\\/11\\\/16\\\/encontro-de-intercambios-culturais-china-peru-e-realizado-em-lima\\\/#primaryimage\"},\"image\":{\"@id\":\"https:\\\/\\\/diariodepe.com.br\\\/cri\\\/2024\\\/11\\\/16\\\/encontro-de-intercambios-culturais-china-peru-e-realizado-em-lima\\\/#primaryimage\"},\"thumbnailUrl\":\"https:\\\/\\\/diariodepe.com.br\\\/cri\\\/wp-content\\\/uploads\\\/sites\\\/2\\\/2024\\\/11\\\/IMG_8708-scaled.jpg\",\"datePublished\":\"2024-11-17T01:05:42+00:00\",\"dateModified\":\"2024-11-17T04:33:04+00:00\",\"breadcrumb\":{\"@id\":\"https:\\\/\\\/diariodepe.com.br\\\/cri\\\/2024\\\/11\\\/16\\\/encontro-de-intercambios-culturais-china-peru-e-realizado-em-lima\\\/#breadcrumb\"},\"inLanguage\":\"pt-BR\",\"potentialAction\":[{\"@type\":\"ReadAction\",\"target\":[\"https:\\\/\\\/diariodepe.com.br\\\/cri\\\/2024\\\/11\\\/16\\\/encontro-de-intercambios-culturais-china-peru-e-realizado-em-lima\\\/\"]}]},{\"@type\":\"ImageObject\",\"inLanguage\":\"pt-BR\",\"@id\":\"https:\\\/\\\/diariodepe.com.br\\\/cri\\\/2024\\\/11\\\/16\\\/encontro-de-intercambios-culturais-china-peru-e-realizado-em-lima\\\/#primaryimage\",\"url\":\"https:\\\/\\\/diariodepe.com.br\\\/cri\\\/wp-content\\\/uploads\\\/sites\\\/2\\\/2024\\\/11\\\/IMG_8708-scaled.jpg\",\"contentUrl\":\"https:\\\/\\\/diariodepe.com.br\\\/cri\\\/wp-content\\\/uploads\\\/sites\\\/2\\\/2024\\\/11\\\/IMG_8708-scaled.jpg\",\"width\":2560,\"height\":1675},{\"@type\":\"BreadcrumbList\",\"@id\":\"https:\\\/\\\/diariodepe.com.br\\\/cri\\\/2024\\\/11\\\/16\\\/encontro-de-intercambios-culturais-china-peru-e-realizado-em-lima\\\/#breadcrumb\",\"itemListElement\":[{\"@type\":\"ListItem\",\"position\":1,\"name\":\"In\u00edcio\",\"item\":\"https:\\\/\\\/diariodepe.com.br\\\/cri\\\/\"},{\"@type\":\"ListItem\",\"position\":2,\"name\":\"Encontro de Interc\u00e2mbios Culturais China-Peru \u00e9 realizado em Lima\"}]},{\"@type\":\"WebSite\",\"@id\":\"https:\\\/\\\/diariodepe.com.br\\\/cri\\\/#website\",\"url\":\"https:\\\/\\\/diariodepe.com.br\\\/cri\\\/\",\"name\":\"CRI e Diario de Pernambuco\",\"description\":\"R\u00e1dio Internacional da China\",\"publisher\":{\"@id\":\"https:\\\/\\\/diariodepe.com.br\\\/cri\\\/#organization\"},\"potentialAction\":[{\"@type\":\"SearchAction\",\"target\":{\"@type\":\"EntryPoint\",\"urlTemplate\":\"https:\\\/\\\/diariodepe.com.br\\\/cri\\\/?s={search_term_string}\"},\"query-input\":{\"@type\":\"PropertyValueSpecification\",\"valueRequired\":true,\"valueName\":\"search_term_string\"}}],\"inLanguage\":\"pt-BR\"},{\"@type\":\"Organization\",\"@id\":\"https:\\\/\\\/diariodepe.com.br\\\/cri\\\/#organization\",\"name\":\"CRI e Diario de Pernambuco\",\"url\":\"https:\\\/\\\/diariodepe.com.br\\\/cri\\\/\",\"logo\":{\"@type\":\"ImageObject\",\"inLanguage\":\"pt-BR\",\"@id\":\"https:\\\/\\\/diariodepe.com.br\\\/cri\\\/#\\\/schema\\\/logo\\\/image\\\/\",\"url\":\"https:\\\/\\\/diariodepe.com.br\\\/cri\\\/wp-content\\\/uploads\\\/sites\\\/2\\\/2022\\\/12\\\/cropped-Logo.jpg\",\"contentUrl\":\"https:\\\/\\\/diariodepe.com.br\\\/cri\\\/wp-content\\\/uploads\\\/sites\\\/2\\\/2022\\\/12\\\/cropped-Logo.jpg\",\"width\":700,\"height\":59,\"caption\":\"CRI e Diario de Pernambuco\"},\"image\":{\"@id\":\"https:\\\/\\\/diariodepe.com.br\\\/cri\\\/#\\\/schema\\\/logo\\\/image\\\/\"}},{\"@type\":\"Person\",\"@id\":\"https:\\\/\\\/diariodepe.com.br\\\/cri\\\/#\\\/schema\\\/person\\\/121bb28d84f1a5b1205ef4ce9c2e0c6b\",\"name\":\"Ismael Lucas S. Pereira\",\"image\":{\"@type\":\"ImageObject\",\"inLanguage\":\"pt-BR\",\"@id\":\"https:\\\/\\\/secure.gravatar.com\\\/avatar\\\/887a0f3b5a7ceea963a48499fb883ffce6b5037362def025c52c2505b15d63e4?s=96&d=mm&r=g\",\"url\":\"https:\\\/\\\/secure.gravatar.com\\\/avatar\\\/887a0f3b5a7ceea963a48499fb883ffce6b5037362def025c52c2505b15d63e4?s=96&d=mm&r=g\",\"contentUrl\":\"https:\\\/\\\/secure.gravatar.com\\\/avatar\\\/887a0f3b5a7ceea963a48499fb883ffce6b5037362def025c52c2505b15d63e4?s=96&d=mm&r=g\",\"caption\":\"Ismael Lucas S. Pereira\"},\"url\":\"https:\\\/\\\/diariodepe.com.br\\\/cri\\\/author\\\/ismael-lucas\\\/\"}]}<\/script>\n<!-- \/ Yoast SEO plugin. -->","yoast_head_json":{"title":"Encontro de Interc\u00e2mbios Culturais China-Peru \u00e9 realizado em Lima - CRI e Diario de Pernambuco","robots":{"index":"index","follow":"follow","max-snippet":"max-snippet:-1","max-image-preview":"max-image-preview:large","max-video-preview":"max-video-preview:-1"},"canonical":"https:\/\/diariodepe.com.br\/cri\/2024\/11\/16\/encontro-de-intercambios-culturais-china-peru-e-realizado-em-lima\/","og_locale":"pt_BR","og_type":"article","og_title":"Encontro de Interc\u00e2mbios Culturais China-Peru \u00e9 realizado em Lima - CRI e Diario de Pernambuco","og_description":"O Encontro de Interc\u00e2mbios Culturais China-Peru foi realizado nesta sexta-feira (15), em Lima, capital do Peru. A presidente peruana, Dina Boluarte, e o vice-diretor do Departamento de Comunica\u00e7\u00e3o do Comit\u00ea Central do Partido Comunista da China (PCCh) e presidente do...","og_url":"https:\/\/diariodepe.com.br\/cri\/2024\/11\/16\/encontro-de-intercambios-culturais-china-peru-e-realizado-em-lima\/","og_site_name":"CRI e Diario de Pernambuco","article_published_time":"2024-11-17T01:05:42+00:00","article_modified_time":"2024-11-17T04:33:04+00:00","og_image":[{"width":2560,"height":1675,"url":"https:\/\/diariodepe.com.br\/cri\/wp-content\/uploads\/sites\/2\/2024\/11\/IMG_8708-scaled.jpg","type":"image\/jpeg"}],"author":"Ismael Lucas S. Pereira","twitter_card":"summary_large_image","twitter_misc":{"Escrito por":"Ismael Lucas S. Pereira","Est. tempo de leitura":"3 minutos"},"schema":{"@context":"https:\/\/schema.org","@graph":[{"@type":"Article","@id":"https:\/\/diariodepe.com.br\/cri\/2024\/11\/16\/encontro-de-intercambios-culturais-china-peru-e-realizado-em-lima\/#article","isPartOf":{"@id":"https:\/\/diariodepe.com.br\/cri\/2024\/11\/16\/encontro-de-intercambios-culturais-china-peru-e-realizado-em-lima\/"},"author":{"name":"Ismael Lucas S. Pereira","@id":"https:\/\/diariodepe.com.br\/cri\/#\/schema\/person\/121bb28d84f1a5b1205ef4ce9c2e0c6b"},"headline":"Encontro de Interc\u00e2mbios Culturais China-Peru \u00e9 realizado em Lima","datePublished":"2024-11-17T01:05:42+00:00","dateModified":"2024-11-17T04:33:04+00:00","mainEntityOfPage":{"@id":"https:\/\/diariodepe.com.br\/cri\/2024\/11\/16\/encontro-de-intercambios-culturais-china-peru-e-realizado-em-lima\/"},"wordCount":392,"commentCount":0,"publisher":{"@id":"https:\/\/diariodepe.com.br\/cri\/#organization"},"image":{"@id":"https:\/\/diariodepe.com.br\/cri\/2024\/11\/16\/encontro-de-intercambios-culturais-china-peru-e-realizado-em-lima\/#primaryimage"},"thumbnailUrl":"https:\/\/diariodepe.com.br\/cri\/wp-content\/uploads\/sites\/2\/2024\/11\/IMG_8708-scaled.jpg","articleSection":["Destaques Capa","Internacional"],"inLanguage":"pt-BR","potentialAction":[{"@type":"CommentAction","name":"Comment","target":["https:\/\/diariodepe.com.br\/cri\/2024\/11\/16\/encontro-de-intercambios-culturais-china-peru-e-realizado-em-lima\/#respond"]}]},{"@type":"WebPage","@id":"https:\/\/diariodepe.com.br\/cri\/2024\/11\/16\/encontro-de-intercambios-culturais-china-peru-e-realizado-em-lima\/","url":"https:\/\/diariodepe.com.br\/cri\/2024\/11\/16\/encontro-de-intercambios-culturais-china-peru-e-realizado-em-lima\/","name":"Encontro de Interc\u00e2mbios Culturais China-Peru \u00e9 realizado em Lima - CRI e Diario de Pernambuco","isPartOf":{"@id":"https:\/\/diariodepe.com.br\/cri\/#website"},"primaryImageOfPage":{"@id":"https:\/\/diariodepe.com.br\/cri\/2024\/11\/16\/encontro-de-intercambios-culturais-china-peru-e-realizado-em-lima\/#primaryimage"},"image":{"@id":"https:\/\/diariodepe.com.br\/cri\/2024\/11\/16\/encontro-de-intercambios-culturais-china-peru-e-realizado-em-lima\/#primaryimage"},"thumbnailUrl":"https:\/\/diariodepe.com.br\/cri\/wp-content\/uploads\/sites\/2\/2024\/11\/IMG_8708-scaled.jpg","datePublished":"2024-11-17T01:05:42+00:00","dateModified":"2024-11-17T04:33:04+00:00","breadcrumb":{"@id":"https:\/\/diariodepe.com.br\/cri\/2024\/11\/16\/encontro-de-intercambios-culturais-china-peru-e-realizado-em-lima\/#breadcrumb"},"inLanguage":"pt-BR","potentialAction":[{"@type":"ReadAction","target":["https:\/\/diariodepe.com.br\/cri\/2024\/11\/16\/encontro-de-intercambios-culturais-china-peru-e-realizado-em-lima\/"]}]},{"@type":"ImageObject","inLanguage":"pt-BR","@id":"https:\/\/diariodepe.com.br\/cri\/2024\/11\/16\/encontro-de-intercambios-culturais-china-peru-e-realizado-em-lima\/#primaryimage","url":"https:\/\/diariodepe.com.br\/cri\/wp-content\/uploads\/sites\/2\/2024\/11\/IMG_8708-scaled.jpg","contentUrl":"https:\/\/diariodepe.com.br\/cri\/wp-content\/uploads\/sites\/2\/2024\/11\/IMG_8708-scaled.jpg","width":2560,"height":1675},{"@type":"BreadcrumbList","@id":"https:\/\/diariodepe.com.br\/cri\/2024\/11\/16\/encontro-de-intercambios-culturais-china-peru-e-realizado-em-lima\/#breadcrumb","itemListElement":[{"@type":"ListItem","position":1,"name":"In\u00edcio","item":"https:\/\/diariodepe.com.br\/cri\/"},{"@type":"ListItem","position":2,"name":"Encontro de Interc\u00e2mbios Culturais China-Peru \u00e9 realizado em Lima"}]},{"@type":"WebSite","@id":"https:\/\/diariodepe.com.br\/cri\/#website","url":"https:\/\/diariodepe.com.br\/cri\/","name":"CRI e Diario de Pernambuco","description":"R\u00e1dio Internacional da China","publisher":{"@id":"https:\/\/diariodepe.com.br\/cri\/#organization"},"potentialAction":[{"@type":"SearchAction","target":{"@type":"EntryPoint","urlTemplate":"https:\/\/diariodepe.com.br\/cri\/?s={search_term_string}"},"query-input":{"@type":"PropertyValueSpecification","valueRequired":true,"valueName":"search_term_string"}}],"inLanguage":"pt-BR"},{"@type":"Organization","@id":"https:\/\/diariodepe.com.br\/cri\/#organization","name":"CRI e Diario de Pernambuco","url":"https:\/\/diariodepe.com.br\/cri\/","logo":{"@type":"ImageObject","inLanguage":"pt-BR","@id":"https:\/\/diariodepe.com.br\/cri\/#\/schema\/logo\/image\/","url":"https:\/\/diariodepe.com.br\/cri\/wp-content\/uploads\/sites\/2\/2022\/12\/cropped-Logo.jpg","contentUrl":"https:\/\/diariodepe.com.br\/cri\/wp-content\/uploads\/sites\/2\/2022\/12\/cropped-Logo.jpg","width":700,"height":59,"caption":"CRI e Diario de Pernambuco"},"image":{"@id":"https:\/\/diariodepe.com.br\/cri\/#\/schema\/logo\/image\/"}},{"@type":"Person","@id":"https:\/\/diariodepe.com.br\/cri\/#\/schema\/person\/121bb28d84f1a5b1205ef4ce9c2e0c6b","name":"Ismael Lucas S. Pereira","image":{"@type":"ImageObject","inLanguage":"pt-BR","@id":"https:\/\/secure.gravatar.com\/avatar\/887a0f3b5a7ceea963a48499fb883ffce6b5037362def025c52c2505b15d63e4?s=96&d=mm&r=g","url":"https:\/\/secure.gravatar.com\/avatar\/887a0f3b5a7ceea963a48499fb883ffce6b5037362def025c52c2505b15d63e4?s=96&d=mm&r=g","contentUrl":"https:\/\/secure.gravatar.com\/avatar\/887a0f3b5a7ceea963a48499fb883ffce6b5037362def025c52c2505b15d63e4?s=96&d=mm&r=g","caption":"Ismael Lucas S. Pereira"},"url":"https:\/\/diariodepe.com.br\/cri\/author\/ismael-lucas\/"}]}},"cc_featured_image_caption":{"caption_text":false,"source_text":false,"source_url":false},"amp_enabled":true,"_links":{"self":[{"href":"https:\/\/diariodepe.com.br\/cri\/wp-json\/wp\/v2\/posts\/6730","targetHints":{"allow":["GET"]}}],"collection":[{"href":"https:\/\/diariodepe.com.br\/cri\/wp-json\/wp\/v2\/posts"}],"about":[{"href":"https:\/\/diariodepe.com.br\/cri\/wp-json\/wp\/v2\/types\/post"}],"author":[{"embeddable":true,"href":"https:\/\/diariodepe.com.br\/cri\/wp-json\/wp\/v2\/users\/2"}],"replies":[{"embeddable":true,"href":"https:\/\/diariodepe.com.br\/cri\/wp-json\/wp\/v2\/comments?post=6730"}],"version-history":[{"count":1,"href":"https:\/\/diariodepe.com.br\/cri\/wp-json\/wp\/v2\/posts\/6730\/revisions"}],"predecessor-version":[{"id":6732,"href":"https:\/\/diariodepe.com.br\/cri\/wp-json\/wp\/v2\/posts\/6730\/revisions\/6732"}],"wp:featuredmedia":[{"embeddable":true,"href":"https:\/\/diariodepe.com.br\/cri\/wp-json\/wp\/v2\/media\/6731"}],"wp:attachment":[{"href":"https:\/\/diariodepe.com.br\/cri\/wp-json\/wp\/v2\/media?parent=6730"}],"wp:term":[{"taxonomy":"category","embeddable":true,"href":"https:\/\/diariodepe.com.br\/cri\/wp-json\/wp\/v2\/categories?post=6730"},{"taxonomy":"post_tag","embeddable":true,"href":"https:\/\/diariodepe.com.br\/cri\/wp-json\/wp\/v2\/tags?post=6730"}],"curies":[{"name":"wp","href":"https:\/\/api.w.org\/{rel}","templated":true}]}}