{"id":6718,"date":"2024-11-16T10:20:40","date_gmt":"2024-11-16T13:20:40","guid":{"rendered":"https:\/\/diariodepe.com.br\/cri\/?p=6718"},"modified":"2024-11-17T00:56:37","modified_gmt":"2024-11-17T03:56:37","slug":"realizada-em-lima-cerimonia-de-estreia-do-da-grande-muralha-a-machu-picchu","status":"publish","type":"post","link":"https:\/\/diariodepe.com.br\/cri\/2024\/11\/16\/realizada-em-lima-cerimonia-de-estreia-do-da-grande-muralha-a-machu-picchu\/","title":{"rendered":"Realizada em Lima cerim\u00f4nia de estreia do &#8220;Da Grande Muralha a Machu Picchu&#8221;"},"content":{"rendered":"<p class=\"photo_img_20190808\"><img decoding=\"async\" src=\"https:\/\/p5crires.cri.cn\/photoworkspace\/cri\/contentimg\/2024\/11\/16\/2024111621255228370.jpg\" alt=\"\" width=\"1000\" \/><\/p>\n<p class=\"photo_img_20190808\"><img decoding=\"async\" src=\"https:\/\/p2crires.cri.cn\/photoworkspace\/cri\/contentimg\/2024\/11\/16\/2024111621260922197.jpg\" alt=\"\" width=\"1000\" \/><\/p>\n<p>Foi realizada nesta sexta-feira (15), em Lima, capital do Peru, a estreia do document\u00e1rio Da Grande Muralha a Machu Picchu do Grupo de M\u00eddia da China (CMG) e a cerim\u00f4nia de lan\u00e7amento da p\u00e1gina qu\u00edchua do CMG nas redes sociais. Shen Haixiong, vice-diretor do Departamento de Comunica\u00e7\u00e3o do Comit\u00ea Central do Partido Comunista da China (PCCh) e presidente do CMG, e Luis Beltr\u00e1n Pantoja Calvo, governador da prov\u00edncia de Cusco, do Peru, proferiram discursos no evento que contou com a participa\u00e7\u00e3o de cerca de 200 pessoas dos c\u00edrculos pol\u00edticos, econ\u00f4micos, culturais, acad\u00eamicos e midi\u00e1ticos peruanos.<\/p>\n<p>Shen Haixiong afirmou que o document\u00e1rio Da Grande Muralha a Machu Picchu apresenta hist\u00f3rias de amizade entre as duas na\u00e7\u00f5es em rela\u00e7\u00e3o ao interc\u00e2mbio cultural e interpessoal e a aprendizagem m\u00fatua de civiliza\u00e7\u00e3o, explicando vividamente a profunda conota\u00e7\u00e3o do conceito de comunidade de futuro compartilhado para a humanidade. Ele disse que a p\u00e1gina qu\u00edchua do CMG na rede social entrar\u00e1 em funcionamento, desejando que ela passe informa\u00e7\u00f5es de desenvolvimento global e da China aos internautas qu\u00edchuas e abre uma janela para eles conhecerem a China e o mundo.<\/p>\n<p class=\"photo_img_20190808\"><img decoding=\"async\" src=\"https:\/\/p2crires.cri.cn\/photoworkspace\/cri\/contentimg\/2024\/11\/16\/2024111621285993694.jpg\" alt=\"\" width=\"1000\" \/><\/p>\n<p>Calvo apontou que o document\u00e1rio Da Grande Muralha a Machu Picchu liga estreitamente os patrim\u00f4nios culturais espl\u00eandidos dos dois pa\u00edses, permitindo ao p\u00fablico experimentar intuitivamente a integra\u00e7\u00e3o da civiliza\u00e7\u00e3o antiga e da cultura moderna, o que desempenha um papel importante no aprofundamento da compreens\u00e3o m\u00fatua entre os dois povos e em uma amizade mais forte. Ele tamb\u00e9m agradeceu ao CMG pelos esfor\u00e7os para proteger, difundir e continuar a antiga l\u00edngua qu\u00edchua e sua cultura.<\/p>\n<p>Da Grande Muralha a Machu Picchu \u00e9 produzido conjuntamente pelo CMG, Minist\u00e9rio de Com\u00e9rcio Exterior e Turismo do Peru e \u00a0Grupo Nacional de R\u00e1dio e Televis\u00e3o do Peru. O document\u00e1rio foi lan\u00e7ado ao mundo em vers\u00f5es de sete idiomas, chin\u00eas, ingl\u00eas, espanhol, franc\u00eas, \u00e1rabe, russo e qu\u00edchua.<\/p>\n<p class=\"photo_img_20190808\"><img decoding=\"async\" src=\"https:\/\/p3crires.cri.cn\/photoworkspace\/cri\/contentimg\/2024\/11\/16\/2024111621270012675.jpg\" alt=\"\" width=\"1000\" \/><\/p>\n<p class=\"photo_img_20190808\"><img decoding=\"async\" src=\"https:\/\/p4crires.cri.cn\/photoworkspace\/cri\/contentimg\/2024\/11\/16\/2024111621263118087.jpg\" alt=\"\" width=\"1000\" \/><\/p>\n<p>Com o lan\u00e7amento da p\u00e1gina qu\u00edchua na rede social, os idiomas de comunica\u00e7\u00e3o internacional do CMG aumentaram para 81.<\/p>\n<p>No evento, Shen Haixiong e Calvo firmaram um memorando de coopera\u00e7\u00e3o com intuito de refor\u00e7ar a coopera\u00e7\u00e3o entre CMG e a prov\u00edncia de Cusco na promo\u00e7\u00e3o tur\u00edstica, interc\u00e2mbio cultural e outras \u00e1reas.<\/p>\n<p>&nbsp;<\/p>\n","protected":false},"excerpt":{"rendered":"<p>Foi realizada nesta sexta-feira (15), em Lima, capital do Peru, a estreia do document\u00e1rio Da Grande Muralha a Machu Picchu do Grupo de M\u00eddia da China (CMG) e a cerim\u00f4nia de lan\u00e7amento da p\u00e1gina qu\u00edchua do CMG nas redes sociais&#8230;.<\/p>\n","protected":false},"author":2,"featured_media":0,"comment_status":"open","ping_status":"open","sticky":false,"template":"","format":"standard","meta":{"footnotes":""},"categories":[8],"tags":[],"class_list":["post-6718","post","type-post","status-publish","format-standard","hentry","category-internacional"],"yoast_head":"<!-- This site is optimized with the Yoast SEO plugin v27.4 - https:\/\/yoast.com\/product\/yoast-seo-wordpress\/ -->\n<title>Realizada em Lima cerim\u00f4nia de estreia do &quot;Da Grande Muralha a Machu Picchu&quot; - CRI e Diario de Pernambuco<\/title>\n<meta name=\"robots\" content=\"index, follow, max-snippet:-1, max-image-preview:large, max-video-preview:-1\" \/>\n<link rel=\"canonical\" href=\"https:\/\/diariodepe.com.br\/cri\/2024\/11\/16\/realizada-em-lima-cerimonia-de-estreia-do-da-grande-muralha-a-machu-picchu\/\" \/>\n<meta property=\"og:locale\" content=\"pt_BR\" \/>\n<meta property=\"og:type\" content=\"article\" \/>\n<meta property=\"og:title\" content=\"Realizada em Lima cerim\u00f4nia de estreia do &quot;Da Grande Muralha a Machu Picchu&quot; - CRI e Diario de Pernambuco\" \/>\n<meta property=\"og:description\" content=\"Foi realizada nesta sexta-feira (15), em Lima, capital do Peru, a estreia do document\u00e1rio Da Grande Muralha a Machu Picchu do Grupo de M\u00eddia da China (CMG) e a cerim\u00f4nia de lan\u00e7amento da p\u00e1gina qu\u00edchua do CMG nas redes sociais....\" \/>\n<meta property=\"og:url\" content=\"https:\/\/diariodepe.com.br\/cri\/2024\/11\/16\/realizada-em-lima-cerimonia-de-estreia-do-da-grande-muralha-a-machu-picchu\/\" \/>\n<meta property=\"og:site_name\" content=\"CRI e Diario de Pernambuco\" \/>\n<meta property=\"article:published_time\" content=\"2024-11-16T13:20:40+00:00\" \/>\n<meta property=\"article:modified_time\" content=\"2024-11-17T03:56:37+00:00\" \/>\n<meta property=\"og:image\" content=\"https:\/\/p5crires.cri.cn\/photoworkspace\/cri\/contentimg\/2024\/11\/16\/2024111621255228370.jpg\" \/>\n<meta name=\"author\" content=\"Ismael Lucas S. Pereira\" \/>\n<meta name=\"twitter:card\" content=\"summary_large_image\" \/>\n<meta name=\"twitter:label1\" content=\"Escrito por\" \/>\n\t<meta name=\"twitter:data1\" content=\"Ismael Lucas S. Pereira\" \/>\n\t<meta name=\"twitter:label2\" content=\"Est. tempo de leitura\" \/>\n\t<meta name=\"twitter:data2\" content=\"3 minutos\" \/>\n<script type=\"application\/ld+json\" class=\"yoast-schema-graph\">{\"@context\":\"https:\\\/\\\/schema.org\",\"@graph\":[{\"@type\":\"Article\",\"@id\":\"https:\\\/\\\/diariodepe.com.br\\\/cri\\\/2024\\\/11\\\/16\\\/realizada-em-lima-cerimonia-de-estreia-do-da-grande-muralha-a-machu-picchu\\\/#article\",\"isPartOf\":{\"@id\":\"https:\\\/\\\/diariodepe.com.br\\\/cri\\\/2024\\\/11\\\/16\\\/realizada-em-lima-cerimonia-de-estreia-do-da-grande-muralha-a-machu-picchu\\\/\"},\"author\":{\"name\":\"Ismael Lucas S. Pereira\",\"@id\":\"https:\\\/\\\/diariodepe.com.br\\\/cri\\\/#\\\/schema\\\/person\\\/121bb28d84f1a5b1205ef4ce9c2e0c6b\"},\"headline\":\"Realizada em Lima cerim\u00f4nia de estreia do &#8220;Da Grande Muralha a Machu Picchu&#8221;\",\"datePublished\":\"2024-11-16T13:20:40+00:00\",\"dateModified\":\"2024-11-17T03:56:37+00:00\",\"mainEntityOfPage\":{\"@id\":\"https:\\\/\\\/diariodepe.com.br\\\/cri\\\/2024\\\/11\\\/16\\\/realizada-em-lima-cerimonia-de-estreia-do-da-grande-muralha-a-machu-picchu\\\/\"},\"wordCount\":428,\"commentCount\":0,\"publisher\":{\"@id\":\"https:\\\/\\\/diariodepe.com.br\\\/cri\\\/#organization\"},\"image\":{\"@id\":\"https:\\\/\\\/diariodepe.com.br\\\/cri\\\/2024\\\/11\\\/16\\\/realizada-em-lima-cerimonia-de-estreia-do-da-grande-muralha-a-machu-picchu\\\/#primaryimage\"},\"thumbnailUrl\":\"https:\\\/\\\/p5crires.cri.cn\\\/photoworkspace\\\/cri\\\/contentimg\\\/2024\\\/11\\\/16\\\/2024111621255228370.jpg\",\"articleSection\":[\"Internacional\"],\"inLanguage\":\"pt-BR\",\"potentialAction\":[{\"@type\":\"CommentAction\",\"name\":\"Comment\",\"target\":[\"https:\\\/\\\/diariodepe.com.br\\\/cri\\\/2024\\\/11\\\/16\\\/realizada-em-lima-cerimonia-de-estreia-do-da-grande-muralha-a-machu-picchu\\\/#respond\"]}]},{\"@type\":\"WebPage\",\"@id\":\"https:\\\/\\\/diariodepe.com.br\\\/cri\\\/2024\\\/11\\\/16\\\/realizada-em-lima-cerimonia-de-estreia-do-da-grande-muralha-a-machu-picchu\\\/\",\"url\":\"https:\\\/\\\/diariodepe.com.br\\\/cri\\\/2024\\\/11\\\/16\\\/realizada-em-lima-cerimonia-de-estreia-do-da-grande-muralha-a-machu-picchu\\\/\",\"name\":\"Realizada em Lima cerim\u00f4nia de estreia do \\\"Da Grande Muralha a Machu Picchu\\\" - CRI e Diario de Pernambuco\",\"isPartOf\":{\"@id\":\"https:\\\/\\\/diariodepe.com.br\\\/cri\\\/#website\"},\"primaryImageOfPage\":{\"@id\":\"https:\\\/\\\/diariodepe.com.br\\\/cri\\\/2024\\\/11\\\/16\\\/realizada-em-lima-cerimonia-de-estreia-do-da-grande-muralha-a-machu-picchu\\\/#primaryimage\"},\"image\":{\"@id\":\"https:\\\/\\\/diariodepe.com.br\\\/cri\\\/2024\\\/11\\\/16\\\/realizada-em-lima-cerimonia-de-estreia-do-da-grande-muralha-a-machu-picchu\\\/#primaryimage\"},\"thumbnailUrl\":\"https:\\\/\\\/p5crires.cri.cn\\\/photoworkspace\\\/cri\\\/contentimg\\\/2024\\\/11\\\/16\\\/2024111621255228370.jpg\",\"datePublished\":\"2024-11-16T13:20:40+00:00\",\"dateModified\":\"2024-11-17T03:56:37+00:00\",\"breadcrumb\":{\"@id\":\"https:\\\/\\\/diariodepe.com.br\\\/cri\\\/2024\\\/11\\\/16\\\/realizada-em-lima-cerimonia-de-estreia-do-da-grande-muralha-a-machu-picchu\\\/#breadcrumb\"},\"inLanguage\":\"pt-BR\",\"potentialAction\":[{\"@type\":\"ReadAction\",\"target\":[\"https:\\\/\\\/diariodepe.com.br\\\/cri\\\/2024\\\/11\\\/16\\\/realizada-em-lima-cerimonia-de-estreia-do-da-grande-muralha-a-machu-picchu\\\/\"]}]},{\"@type\":\"ImageObject\",\"inLanguage\":\"pt-BR\",\"@id\":\"https:\\\/\\\/diariodepe.com.br\\\/cri\\\/2024\\\/11\\\/16\\\/realizada-em-lima-cerimonia-de-estreia-do-da-grande-muralha-a-machu-picchu\\\/#primaryimage\",\"url\":\"https:\\\/\\\/p5crires.cri.cn\\\/photoworkspace\\\/cri\\\/contentimg\\\/2024\\\/11\\\/16\\\/2024111621255228370.jpg\",\"contentUrl\":\"https:\\\/\\\/p5crires.cri.cn\\\/photoworkspace\\\/cri\\\/contentimg\\\/2024\\\/11\\\/16\\\/2024111621255228370.jpg\"},{\"@type\":\"BreadcrumbList\",\"@id\":\"https:\\\/\\\/diariodepe.com.br\\\/cri\\\/2024\\\/11\\\/16\\\/realizada-em-lima-cerimonia-de-estreia-do-da-grande-muralha-a-machu-picchu\\\/#breadcrumb\",\"itemListElement\":[{\"@type\":\"ListItem\",\"position\":1,\"name\":\"In\u00edcio\",\"item\":\"https:\\\/\\\/diariodepe.com.br\\\/cri\\\/\"},{\"@type\":\"ListItem\",\"position\":2,\"name\":\"Realizada em Lima cerim\u00f4nia de estreia do &#8220;Da Grande Muralha a Machu Picchu&#8221;\"}]},{\"@type\":\"WebSite\",\"@id\":\"https:\\\/\\\/diariodepe.com.br\\\/cri\\\/#website\",\"url\":\"https:\\\/\\\/diariodepe.com.br\\\/cri\\\/\",\"name\":\"CRI e Diario de Pernambuco\",\"description\":\"R\u00e1dio Internacional da China\",\"publisher\":{\"@id\":\"https:\\\/\\\/diariodepe.com.br\\\/cri\\\/#organization\"},\"potentialAction\":[{\"@type\":\"SearchAction\",\"target\":{\"@type\":\"EntryPoint\",\"urlTemplate\":\"https:\\\/\\\/diariodepe.com.br\\\/cri\\\/?s={search_term_string}\"},\"query-input\":{\"@type\":\"PropertyValueSpecification\",\"valueRequired\":true,\"valueName\":\"search_term_string\"}}],\"inLanguage\":\"pt-BR\"},{\"@type\":\"Organization\",\"@id\":\"https:\\\/\\\/diariodepe.com.br\\\/cri\\\/#organization\",\"name\":\"CRI e Diario de Pernambuco\",\"url\":\"https:\\\/\\\/diariodepe.com.br\\\/cri\\\/\",\"logo\":{\"@type\":\"ImageObject\",\"inLanguage\":\"pt-BR\",\"@id\":\"https:\\\/\\\/diariodepe.com.br\\\/cri\\\/#\\\/schema\\\/logo\\\/image\\\/\",\"url\":\"https:\\\/\\\/diariodepe.com.br\\\/cri\\\/wp-content\\\/uploads\\\/sites\\\/2\\\/2022\\\/12\\\/cropped-Logo.jpg\",\"contentUrl\":\"https:\\\/\\\/diariodepe.com.br\\\/cri\\\/wp-content\\\/uploads\\\/sites\\\/2\\\/2022\\\/12\\\/cropped-Logo.jpg\",\"width\":700,\"height\":59,\"caption\":\"CRI e Diario de Pernambuco\"},\"image\":{\"@id\":\"https:\\\/\\\/diariodepe.com.br\\\/cri\\\/#\\\/schema\\\/logo\\\/image\\\/\"}},{\"@type\":\"Person\",\"@id\":\"https:\\\/\\\/diariodepe.com.br\\\/cri\\\/#\\\/schema\\\/person\\\/121bb28d84f1a5b1205ef4ce9c2e0c6b\",\"name\":\"Ismael Lucas S. Pereira\",\"image\":{\"@type\":\"ImageObject\",\"inLanguage\":\"pt-BR\",\"@id\":\"https:\\\/\\\/secure.gravatar.com\\\/avatar\\\/887a0f3b5a7ceea963a48499fb883ffce6b5037362def025c52c2505b15d63e4?s=96&d=mm&r=g\",\"url\":\"https:\\\/\\\/secure.gravatar.com\\\/avatar\\\/887a0f3b5a7ceea963a48499fb883ffce6b5037362def025c52c2505b15d63e4?s=96&d=mm&r=g\",\"contentUrl\":\"https:\\\/\\\/secure.gravatar.com\\\/avatar\\\/887a0f3b5a7ceea963a48499fb883ffce6b5037362def025c52c2505b15d63e4?s=96&d=mm&r=g\",\"caption\":\"Ismael Lucas S. Pereira\"},\"url\":\"https:\\\/\\\/diariodepe.com.br\\\/cri\\\/author\\\/ismael-lucas\\\/\"}]}<\/script>\n<!-- \/ Yoast SEO plugin. -->","yoast_head_json":{"title":"Realizada em Lima cerim\u00f4nia de estreia do \"Da Grande Muralha a Machu Picchu\" - CRI e Diario de Pernambuco","robots":{"index":"index","follow":"follow","max-snippet":"max-snippet:-1","max-image-preview":"max-image-preview:large","max-video-preview":"max-video-preview:-1"},"canonical":"https:\/\/diariodepe.com.br\/cri\/2024\/11\/16\/realizada-em-lima-cerimonia-de-estreia-do-da-grande-muralha-a-machu-picchu\/","og_locale":"pt_BR","og_type":"article","og_title":"Realizada em Lima cerim\u00f4nia de estreia do \"Da Grande Muralha a Machu Picchu\" - CRI e Diario de Pernambuco","og_description":"Foi realizada nesta sexta-feira (15), em Lima, capital do Peru, a estreia do document\u00e1rio Da Grande Muralha a Machu Picchu do Grupo de M\u00eddia da China (CMG) e a cerim\u00f4nia de lan\u00e7amento da p\u00e1gina qu\u00edchua do CMG nas redes sociais....","og_url":"https:\/\/diariodepe.com.br\/cri\/2024\/11\/16\/realizada-em-lima-cerimonia-de-estreia-do-da-grande-muralha-a-machu-picchu\/","og_site_name":"CRI e Diario de Pernambuco","article_published_time":"2024-11-16T13:20:40+00:00","article_modified_time":"2024-11-17T03:56:37+00:00","og_image":[{"url":"https:\/\/p5crires.cri.cn\/photoworkspace\/cri\/contentimg\/2024\/11\/16\/2024111621255228370.jpg","type":"","width":"","height":""}],"author":"Ismael Lucas S. Pereira","twitter_card":"summary_large_image","twitter_misc":{"Escrito por":"Ismael Lucas S. Pereira","Est. tempo de leitura":"3 minutos"},"schema":{"@context":"https:\/\/schema.org","@graph":[{"@type":"Article","@id":"https:\/\/diariodepe.com.br\/cri\/2024\/11\/16\/realizada-em-lima-cerimonia-de-estreia-do-da-grande-muralha-a-machu-picchu\/#article","isPartOf":{"@id":"https:\/\/diariodepe.com.br\/cri\/2024\/11\/16\/realizada-em-lima-cerimonia-de-estreia-do-da-grande-muralha-a-machu-picchu\/"},"author":{"name":"Ismael Lucas S. Pereira","@id":"https:\/\/diariodepe.com.br\/cri\/#\/schema\/person\/121bb28d84f1a5b1205ef4ce9c2e0c6b"},"headline":"Realizada em Lima cerim\u00f4nia de estreia do &#8220;Da Grande Muralha a Machu Picchu&#8221;","datePublished":"2024-11-16T13:20:40+00:00","dateModified":"2024-11-17T03:56:37+00:00","mainEntityOfPage":{"@id":"https:\/\/diariodepe.com.br\/cri\/2024\/11\/16\/realizada-em-lima-cerimonia-de-estreia-do-da-grande-muralha-a-machu-picchu\/"},"wordCount":428,"commentCount":0,"publisher":{"@id":"https:\/\/diariodepe.com.br\/cri\/#organization"},"image":{"@id":"https:\/\/diariodepe.com.br\/cri\/2024\/11\/16\/realizada-em-lima-cerimonia-de-estreia-do-da-grande-muralha-a-machu-picchu\/#primaryimage"},"thumbnailUrl":"https:\/\/p5crires.cri.cn\/photoworkspace\/cri\/contentimg\/2024\/11\/16\/2024111621255228370.jpg","articleSection":["Internacional"],"inLanguage":"pt-BR","potentialAction":[{"@type":"CommentAction","name":"Comment","target":["https:\/\/diariodepe.com.br\/cri\/2024\/11\/16\/realizada-em-lima-cerimonia-de-estreia-do-da-grande-muralha-a-machu-picchu\/#respond"]}]},{"@type":"WebPage","@id":"https:\/\/diariodepe.com.br\/cri\/2024\/11\/16\/realizada-em-lima-cerimonia-de-estreia-do-da-grande-muralha-a-machu-picchu\/","url":"https:\/\/diariodepe.com.br\/cri\/2024\/11\/16\/realizada-em-lima-cerimonia-de-estreia-do-da-grande-muralha-a-machu-picchu\/","name":"Realizada em Lima cerim\u00f4nia de estreia do \"Da Grande Muralha a Machu Picchu\" - CRI e Diario de Pernambuco","isPartOf":{"@id":"https:\/\/diariodepe.com.br\/cri\/#website"},"primaryImageOfPage":{"@id":"https:\/\/diariodepe.com.br\/cri\/2024\/11\/16\/realizada-em-lima-cerimonia-de-estreia-do-da-grande-muralha-a-machu-picchu\/#primaryimage"},"image":{"@id":"https:\/\/diariodepe.com.br\/cri\/2024\/11\/16\/realizada-em-lima-cerimonia-de-estreia-do-da-grande-muralha-a-machu-picchu\/#primaryimage"},"thumbnailUrl":"https:\/\/p5crires.cri.cn\/photoworkspace\/cri\/contentimg\/2024\/11\/16\/2024111621255228370.jpg","datePublished":"2024-11-16T13:20:40+00:00","dateModified":"2024-11-17T03:56:37+00:00","breadcrumb":{"@id":"https:\/\/diariodepe.com.br\/cri\/2024\/11\/16\/realizada-em-lima-cerimonia-de-estreia-do-da-grande-muralha-a-machu-picchu\/#breadcrumb"},"inLanguage":"pt-BR","potentialAction":[{"@type":"ReadAction","target":["https:\/\/diariodepe.com.br\/cri\/2024\/11\/16\/realizada-em-lima-cerimonia-de-estreia-do-da-grande-muralha-a-machu-picchu\/"]}]},{"@type":"ImageObject","inLanguage":"pt-BR","@id":"https:\/\/diariodepe.com.br\/cri\/2024\/11\/16\/realizada-em-lima-cerimonia-de-estreia-do-da-grande-muralha-a-machu-picchu\/#primaryimage","url":"https:\/\/p5crires.cri.cn\/photoworkspace\/cri\/contentimg\/2024\/11\/16\/2024111621255228370.jpg","contentUrl":"https:\/\/p5crires.cri.cn\/photoworkspace\/cri\/contentimg\/2024\/11\/16\/2024111621255228370.jpg"},{"@type":"BreadcrumbList","@id":"https:\/\/diariodepe.com.br\/cri\/2024\/11\/16\/realizada-em-lima-cerimonia-de-estreia-do-da-grande-muralha-a-machu-picchu\/#breadcrumb","itemListElement":[{"@type":"ListItem","position":1,"name":"In\u00edcio","item":"https:\/\/diariodepe.com.br\/cri\/"},{"@type":"ListItem","position":2,"name":"Realizada em Lima cerim\u00f4nia de estreia do &#8220;Da Grande Muralha a Machu Picchu&#8221;"}]},{"@type":"WebSite","@id":"https:\/\/diariodepe.com.br\/cri\/#website","url":"https:\/\/diariodepe.com.br\/cri\/","name":"CRI e Diario de Pernambuco","description":"R\u00e1dio Internacional da China","publisher":{"@id":"https:\/\/diariodepe.com.br\/cri\/#organization"},"potentialAction":[{"@type":"SearchAction","target":{"@type":"EntryPoint","urlTemplate":"https:\/\/diariodepe.com.br\/cri\/?s={search_term_string}"},"query-input":{"@type":"PropertyValueSpecification","valueRequired":true,"valueName":"search_term_string"}}],"inLanguage":"pt-BR"},{"@type":"Organization","@id":"https:\/\/diariodepe.com.br\/cri\/#organization","name":"CRI e Diario de Pernambuco","url":"https:\/\/diariodepe.com.br\/cri\/","logo":{"@type":"ImageObject","inLanguage":"pt-BR","@id":"https:\/\/diariodepe.com.br\/cri\/#\/schema\/logo\/image\/","url":"https:\/\/diariodepe.com.br\/cri\/wp-content\/uploads\/sites\/2\/2022\/12\/cropped-Logo.jpg","contentUrl":"https:\/\/diariodepe.com.br\/cri\/wp-content\/uploads\/sites\/2\/2022\/12\/cropped-Logo.jpg","width":700,"height":59,"caption":"CRI e Diario de Pernambuco"},"image":{"@id":"https:\/\/diariodepe.com.br\/cri\/#\/schema\/logo\/image\/"}},{"@type":"Person","@id":"https:\/\/diariodepe.com.br\/cri\/#\/schema\/person\/121bb28d84f1a5b1205ef4ce9c2e0c6b","name":"Ismael Lucas S. Pereira","image":{"@type":"ImageObject","inLanguage":"pt-BR","@id":"https:\/\/secure.gravatar.com\/avatar\/887a0f3b5a7ceea963a48499fb883ffce6b5037362def025c52c2505b15d63e4?s=96&d=mm&r=g","url":"https:\/\/secure.gravatar.com\/avatar\/887a0f3b5a7ceea963a48499fb883ffce6b5037362def025c52c2505b15d63e4?s=96&d=mm&r=g","contentUrl":"https:\/\/secure.gravatar.com\/avatar\/887a0f3b5a7ceea963a48499fb883ffce6b5037362def025c52c2505b15d63e4?s=96&d=mm&r=g","caption":"Ismael Lucas S. Pereira"},"url":"https:\/\/diariodepe.com.br\/cri\/author\/ismael-lucas\/"}]}},"cc_featured_image_caption":{"caption_text":false,"source_text":false,"source_url":false},"amp_enabled":true,"_links":{"self":[{"href":"https:\/\/diariodepe.com.br\/cri\/wp-json\/wp\/v2\/posts\/6718","targetHints":{"allow":["GET"]}}],"collection":[{"href":"https:\/\/diariodepe.com.br\/cri\/wp-json\/wp\/v2\/posts"}],"about":[{"href":"https:\/\/diariodepe.com.br\/cri\/wp-json\/wp\/v2\/types\/post"}],"author":[{"embeddable":true,"href":"https:\/\/diariodepe.com.br\/cri\/wp-json\/wp\/v2\/users\/2"}],"replies":[{"embeddable":true,"href":"https:\/\/diariodepe.com.br\/cri\/wp-json\/wp\/v2\/comments?post=6718"}],"version-history":[{"count":1,"href":"https:\/\/diariodepe.com.br\/cri\/wp-json\/wp\/v2\/posts\/6718\/revisions"}],"predecessor-version":[{"id":6719,"href":"https:\/\/diariodepe.com.br\/cri\/wp-json\/wp\/v2\/posts\/6718\/revisions\/6719"}],"wp:attachment":[{"href":"https:\/\/diariodepe.com.br\/cri\/wp-json\/wp\/v2\/media?parent=6718"}],"wp:term":[{"taxonomy":"category","embeddable":true,"href":"https:\/\/diariodepe.com.br\/cri\/wp-json\/wp\/v2\/categories?post=6718"},{"taxonomy":"post_tag","embeddable":true,"href":"https:\/\/diariodepe.com.br\/cri\/wp-json\/wp\/v2\/tags?post=6718"}],"curies":[{"name":"wp","href":"https:\/\/api.w.org\/{rel}","templated":true}]}}