{"id":6715,"date":"2024-11-16T19:32:27","date_gmt":"2024-11-16T22:32:27","guid":{"rendered":"https:\/\/diariodepe.com.br\/cri\/?p=6715"},"modified":"2024-11-16T23:52:10","modified_gmt":"2024-11-17T02:52:10","slug":"xi-jinping-se-reune-com-presidente-dos-eua-joe-biden","status":"publish","type":"post","link":"https:\/\/diariodepe.com.br\/cri\/2024\/11\/16\/xi-jinping-se-reune-com-presidente-dos-eua-joe-biden\/","title":{"rendered":"Xi Jinping se re\u00fane com presidente dos EUA, Joe Biden"},"content":{"rendered":"<div class=\"col_w720\">\n<div class=\"portuguese_details\">\n<div id=\"abody\" class=\"abody\">\n<p>O presidente chin\u00eas, Xi Jinping, se reuniu com o presidente dos Estados Unidos, Joe Biden, em Lima, capital do Peru, neste s\u00e1bado (16), hor\u00e1rio local.<\/p>\n<p>Xi Jinping disse que \u00e9 um prazer se reunir com Biden novamente. Segundo ele, nos \u00faltimos quatro anos, as rela\u00e7\u00f5es entre China e EUA tiveram altos e baixos, mas sob a lideran\u00e7a dos dois chefes de Estado, ambos os pa\u00edses realizaram di\u00e1logos e coopera\u00e7\u00f5es de forma efetiva e foi alcan\u00e7ada uma estabilidade no geral.<\/p>\n<p>O l\u00edder chin\u00eas apontou que o curso do desenvolvimento das rela\u00e7\u00f5es entre a China e os Estados Unidos passou por experi\u00eancias e inspira\u00e7\u00f5es nos 45 anos desde o estabelecimento dos la\u00e7os diplom\u00e1ticos. \u201cSe os dois pa\u00edses agirem como parceiros e amigos e buscarem pontos em comum, deixando de lado as diferen\u00e7as, as rela\u00e7\u00f5es bilaterais poder\u00e3o se desenvolver significativamente. Caso se tratarem como rivais e inimigos, competirem ferozmente e se prejudicarem, as rela\u00e7\u00f5es bilaterais ter\u00e3o altos e baixos ou at\u00e9 mesmo retroceder\u00e3o\u201d, disse.<\/p>\n<p>O presidente chin\u00eas observou que na atmosfera turbulenta de hoje, os conflitos s\u00e3o frequentes, problemas novos e antigos est\u00e3o entrela\u00e7ados e ressoam, e a humanidade est\u00e1 enfrentando desafios sem precedentes. \u201cComo dois grandes pa\u00edses do mundo, a China e os Estados Unidos devem levar em conta os interesses globais e injetar mais certeza e energia positiva no atual mundo turbulento.\u201d<\/p>\n<p>Xi Jinping acredita que, sendo o relacionamento bilateral mais importante do mundo, o desenvolvimento est\u00e1vel das rela\u00e7\u00f5es China-Estados Unidos est\u00e1 ligado ao futuro de ambos os povos e da humanidade. Os dois pa\u00edses devem, a partir do bem-estar das duas popula\u00e7\u00f5es e dos interesses comuns da comunidade internacional, fazer escolhas s\u00e1bias e continuar explorando a maneira correta de tratamento, de modo a alcan\u00e7ar uma coexist\u00eancia pac\u00edfica de longo prazo entre as duas grandes na\u00e7\u00f5es deste planeta.<\/p>\n<p>Segundo o l\u00edder chin\u00eas, a China est\u00e1 disposta a continuar mantendo o di\u00e1logo, expandir a coopera\u00e7\u00e3o e controlar as diverg\u00eancias com o governo estadunidense, esfor\u00e7ando-se para realizar uma transi\u00e7\u00e3o tranquila das rela\u00e7\u00f5es bilaterais e beneficiar os dois povos.<\/p>\n<\/div>\n<\/div>\n<\/div>\n","protected":false},"excerpt":{"rendered":"<p>O presidente chin\u00eas, Xi Jinping, se reuniu com o presidente dos Estados Unidos, Joe Biden, em Lima, capital do Peru, neste s\u00e1bado (16), hor\u00e1rio local. Xi Jinping disse que \u00e9 um prazer se reunir com Biden novamente. Segundo ele, nos&#8230;<\/p>\n","protected":false},"author":2,"featured_media":6716,"comment_status":"open","ping_status":"open","sticky":false,"template":"","format":"standard","meta":{"footnotes":""},"categories":[5,8],"tags":[],"class_list":["post-6715","post","type-post","status-publish","format-standard","has-post-thumbnail","hentry","category-destaques-capa","category-internacional"],"yoast_head":"<!-- This site is optimized with the Yoast SEO plugin v27.4 - https:\/\/yoast.com\/product\/yoast-seo-wordpress\/ -->\n<title>Xi Jinping se re\u00fane com presidente dos EUA, Joe Biden - CRI e Diario de Pernambuco<\/title>\n<meta name=\"robots\" content=\"index, follow, max-snippet:-1, max-image-preview:large, max-video-preview:-1\" \/>\n<link rel=\"canonical\" href=\"https:\/\/diariodepe.com.br\/cri\/2024\/11\/16\/xi-jinping-se-reune-com-presidente-dos-eua-joe-biden\/\" \/>\n<meta property=\"og:locale\" content=\"pt_BR\" \/>\n<meta property=\"og:type\" content=\"article\" \/>\n<meta property=\"og:title\" content=\"Xi Jinping se re\u00fane com presidente dos EUA, Joe Biden - CRI e Diario de Pernambuco\" \/>\n<meta property=\"og:description\" content=\"O presidente chin\u00eas, Xi Jinping, se reuniu com o presidente dos Estados Unidos, Joe Biden, em Lima, capital do Peru, neste s\u00e1bado (16), hor\u00e1rio local. Xi Jinping disse que \u00e9 um prazer se reunir com Biden novamente. Segundo ele, nos...\" \/>\n<meta property=\"og:url\" content=\"https:\/\/diariodepe.com.br\/cri\/2024\/11\/16\/xi-jinping-se-reune-com-presidente-dos-eua-joe-biden\/\" \/>\n<meta property=\"og:site_name\" content=\"CRI e Diario de Pernambuco\" \/>\n<meta property=\"article:published_time\" content=\"2024-11-16T22:32:27+00:00\" \/>\n<meta property=\"article:modified_time\" content=\"2024-11-17T02:52:10+00:00\" \/>\n<meta property=\"og:image\" content=\"https:\/\/diariodepe.com.br\/cri\/wp-content\/uploads\/sites\/2\/2024\/11\/\u62dc\u767b.png\" \/>\n\t<meta property=\"og:image:width\" content=\"900\" \/>\n\t<meta property=\"og:image:height\" content=\"656\" \/>\n\t<meta property=\"og:image:type\" content=\"image\/png\" \/>\n<meta name=\"author\" content=\"Ismael Lucas S. Pereira\" \/>\n<meta name=\"twitter:card\" content=\"summary_large_image\" \/>\n<meta name=\"twitter:label1\" content=\"Escrito por\" \/>\n\t<meta name=\"twitter:data1\" content=\"Ismael Lucas S. Pereira\" \/>\n\t<meta name=\"twitter:label2\" content=\"Est. tempo de leitura\" \/>\n\t<meta name=\"twitter:data2\" content=\"2 minutos\" \/>\n<script type=\"application\/ld+json\" class=\"yoast-schema-graph\">{\"@context\":\"https:\\\/\\\/schema.org\",\"@graph\":[{\"@type\":\"Article\",\"@id\":\"https:\\\/\\\/diariodepe.com.br\\\/cri\\\/2024\\\/11\\\/16\\\/xi-jinping-se-reune-com-presidente-dos-eua-joe-biden\\\/#article\",\"isPartOf\":{\"@id\":\"https:\\\/\\\/diariodepe.com.br\\\/cri\\\/2024\\\/11\\\/16\\\/xi-jinping-se-reune-com-presidente-dos-eua-joe-biden\\\/\"},\"author\":{\"name\":\"Ismael Lucas S. Pereira\",\"@id\":\"https:\\\/\\\/diariodepe.com.br\\\/cri\\\/#\\\/schema\\\/person\\\/121bb28d84f1a5b1205ef4ce9c2e0c6b\"},\"headline\":\"Xi Jinping se re\u00fane com presidente dos EUA, Joe Biden\",\"datePublished\":\"2024-11-16T22:32:27+00:00\",\"dateModified\":\"2024-11-17T02:52:10+00:00\",\"mainEntityOfPage\":{\"@id\":\"https:\\\/\\\/diariodepe.com.br\\\/cri\\\/2024\\\/11\\\/16\\\/xi-jinping-se-reune-com-presidente-dos-eua-joe-biden\\\/\"},\"wordCount\":388,\"commentCount\":0,\"publisher\":{\"@id\":\"https:\\\/\\\/diariodepe.com.br\\\/cri\\\/#organization\"},\"image\":{\"@id\":\"https:\\\/\\\/diariodepe.com.br\\\/cri\\\/2024\\\/11\\\/16\\\/xi-jinping-se-reune-com-presidente-dos-eua-joe-biden\\\/#primaryimage\"},\"thumbnailUrl\":\"https:\\\/\\\/diariodepe.com.br\\\/cri\\\/wp-content\\\/uploads\\\/sites\\\/2\\\/2024\\\/11\\\/\u62dc\u767b.png\",\"articleSection\":[\"Destaques Capa\",\"Internacional\"],\"inLanguage\":\"pt-BR\",\"potentialAction\":[{\"@type\":\"CommentAction\",\"name\":\"Comment\",\"target\":[\"https:\\\/\\\/diariodepe.com.br\\\/cri\\\/2024\\\/11\\\/16\\\/xi-jinping-se-reune-com-presidente-dos-eua-joe-biden\\\/#respond\"]}]},{\"@type\":\"WebPage\",\"@id\":\"https:\\\/\\\/diariodepe.com.br\\\/cri\\\/2024\\\/11\\\/16\\\/xi-jinping-se-reune-com-presidente-dos-eua-joe-biden\\\/\",\"url\":\"https:\\\/\\\/diariodepe.com.br\\\/cri\\\/2024\\\/11\\\/16\\\/xi-jinping-se-reune-com-presidente-dos-eua-joe-biden\\\/\",\"name\":\"Xi Jinping se re\u00fane com presidente dos EUA, Joe Biden - CRI e Diario de Pernambuco\",\"isPartOf\":{\"@id\":\"https:\\\/\\\/diariodepe.com.br\\\/cri\\\/#website\"},\"primaryImageOfPage\":{\"@id\":\"https:\\\/\\\/diariodepe.com.br\\\/cri\\\/2024\\\/11\\\/16\\\/xi-jinping-se-reune-com-presidente-dos-eua-joe-biden\\\/#primaryimage\"},\"image\":{\"@id\":\"https:\\\/\\\/diariodepe.com.br\\\/cri\\\/2024\\\/11\\\/16\\\/xi-jinping-se-reune-com-presidente-dos-eua-joe-biden\\\/#primaryimage\"},\"thumbnailUrl\":\"https:\\\/\\\/diariodepe.com.br\\\/cri\\\/wp-content\\\/uploads\\\/sites\\\/2\\\/2024\\\/11\\\/\u62dc\u767b.png\",\"datePublished\":\"2024-11-16T22:32:27+00:00\",\"dateModified\":\"2024-11-17T02:52:10+00:00\",\"breadcrumb\":{\"@id\":\"https:\\\/\\\/diariodepe.com.br\\\/cri\\\/2024\\\/11\\\/16\\\/xi-jinping-se-reune-com-presidente-dos-eua-joe-biden\\\/#breadcrumb\"},\"inLanguage\":\"pt-BR\",\"potentialAction\":[{\"@type\":\"ReadAction\",\"target\":[\"https:\\\/\\\/diariodepe.com.br\\\/cri\\\/2024\\\/11\\\/16\\\/xi-jinping-se-reune-com-presidente-dos-eua-joe-biden\\\/\"]}]},{\"@type\":\"ImageObject\",\"inLanguage\":\"pt-BR\",\"@id\":\"https:\\\/\\\/diariodepe.com.br\\\/cri\\\/2024\\\/11\\\/16\\\/xi-jinping-se-reune-com-presidente-dos-eua-joe-biden\\\/#primaryimage\",\"url\":\"https:\\\/\\\/diariodepe.com.br\\\/cri\\\/wp-content\\\/uploads\\\/sites\\\/2\\\/2024\\\/11\\\/\u62dc\u767b.png\",\"contentUrl\":\"https:\\\/\\\/diariodepe.com.br\\\/cri\\\/wp-content\\\/uploads\\\/sites\\\/2\\\/2024\\\/11\\\/\u62dc\u767b.png\",\"width\":900,\"height\":656},{\"@type\":\"BreadcrumbList\",\"@id\":\"https:\\\/\\\/diariodepe.com.br\\\/cri\\\/2024\\\/11\\\/16\\\/xi-jinping-se-reune-com-presidente-dos-eua-joe-biden\\\/#breadcrumb\",\"itemListElement\":[{\"@type\":\"ListItem\",\"position\":1,\"name\":\"In\u00edcio\",\"item\":\"https:\\\/\\\/diariodepe.com.br\\\/cri\\\/\"},{\"@type\":\"ListItem\",\"position\":2,\"name\":\"Xi Jinping se re\u00fane com presidente dos EUA, Joe Biden\"}]},{\"@type\":\"WebSite\",\"@id\":\"https:\\\/\\\/diariodepe.com.br\\\/cri\\\/#website\",\"url\":\"https:\\\/\\\/diariodepe.com.br\\\/cri\\\/\",\"name\":\"CRI e Diario de Pernambuco\",\"description\":\"R\u00e1dio Internacional da China\",\"publisher\":{\"@id\":\"https:\\\/\\\/diariodepe.com.br\\\/cri\\\/#organization\"},\"potentialAction\":[{\"@type\":\"SearchAction\",\"target\":{\"@type\":\"EntryPoint\",\"urlTemplate\":\"https:\\\/\\\/diariodepe.com.br\\\/cri\\\/?s={search_term_string}\"},\"query-input\":{\"@type\":\"PropertyValueSpecification\",\"valueRequired\":true,\"valueName\":\"search_term_string\"}}],\"inLanguage\":\"pt-BR\"},{\"@type\":\"Organization\",\"@id\":\"https:\\\/\\\/diariodepe.com.br\\\/cri\\\/#organization\",\"name\":\"CRI e Diario de Pernambuco\",\"url\":\"https:\\\/\\\/diariodepe.com.br\\\/cri\\\/\",\"logo\":{\"@type\":\"ImageObject\",\"inLanguage\":\"pt-BR\",\"@id\":\"https:\\\/\\\/diariodepe.com.br\\\/cri\\\/#\\\/schema\\\/logo\\\/image\\\/\",\"url\":\"https:\\\/\\\/diariodepe.com.br\\\/cri\\\/wp-content\\\/uploads\\\/sites\\\/2\\\/2022\\\/12\\\/cropped-Logo.jpg\",\"contentUrl\":\"https:\\\/\\\/diariodepe.com.br\\\/cri\\\/wp-content\\\/uploads\\\/sites\\\/2\\\/2022\\\/12\\\/cropped-Logo.jpg\",\"width\":700,\"height\":59,\"caption\":\"CRI e Diario de Pernambuco\"},\"image\":{\"@id\":\"https:\\\/\\\/diariodepe.com.br\\\/cri\\\/#\\\/schema\\\/logo\\\/image\\\/\"}},{\"@type\":\"Person\",\"@id\":\"https:\\\/\\\/diariodepe.com.br\\\/cri\\\/#\\\/schema\\\/person\\\/121bb28d84f1a5b1205ef4ce9c2e0c6b\",\"name\":\"Ismael Lucas S. Pereira\",\"image\":{\"@type\":\"ImageObject\",\"inLanguage\":\"pt-BR\",\"@id\":\"https:\\\/\\\/secure.gravatar.com\\\/avatar\\\/887a0f3b5a7ceea963a48499fb883ffce6b5037362def025c52c2505b15d63e4?s=96&d=mm&r=g\",\"url\":\"https:\\\/\\\/secure.gravatar.com\\\/avatar\\\/887a0f3b5a7ceea963a48499fb883ffce6b5037362def025c52c2505b15d63e4?s=96&d=mm&r=g\",\"contentUrl\":\"https:\\\/\\\/secure.gravatar.com\\\/avatar\\\/887a0f3b5a7ceea963a48499fb883ffce6b5037362def025c52c2505b15d63e4?s=96&d=mm&r=g\",\"caption\":\"Ismael Lucas S. Pereira\"},\"url\":\"https:\\\/\\\/diariodepe.com.br\\\/cri\\\/author\\\/ismael-lucas\\\/\"}]}<\/script>\n<!-- \/ Yoast SEO plugin. -->","yoast_head_json":{"title":"Xi Jinping se re\u00fane com presidente dos EUA, Joe Biden - CRI e Diario de Pernambuco","robots":{"index":"index","follow":"follow","max-snippet":"max-snippet:-1","max-image-preview":"max-image-preview:large","max-video-preview":"max-video-preview:-1"},"canonical":"https:\/\/diariodepe.com.br\/cri\/2024\/11\/16\/xi-jinping-se-reune-com-presidente-dos-eua-joe-biden\/","og_locale":"pt_BR","og_type":"article","og_title":"Xi Jinping se re\u00fane com presidente dos EUA, Joe Biden - CRI e Diario de Pernambuco","og_description":"O presidente chin\u00eas, Xi Jinping, se reuniu com o presidente dos Estados Unidos, Joe Biden, em Lima, capital do Peru, neste s\u00e1bado (16), hor\u00e1rio local. Xi Jinping disse que \u00e9 um prazer se reunir com Biden novamente. Segundo ele, nos...","og_url":"https:\/\/diariodepe.com.br\/cri\/2024\/11\/16\/xi-jinping-se-reune-com-presidente-dos-eua-joe-biden\/","og_site_name":"CRI e Diario de Pernambuco","article_published_time":"2024-11-16T22:32:27+00:00","article_modified_time":"2024-11-17T02:52:10+00:00","og_image":[{"width":900,"height":656,"url":"https:\/\/diariodepe.com.br\/cri\/wp-content\/uploads\/sites\/2\/2024\/11\/\u62dc\u767b.png","type":"image\/png"}],"author":"Ismael Lucas S. Pereira","twitter_card":"summary_large_image","twitter_misc":{"Escrito por":"Ismael Lucas S. Pereira","Est. tempo de leitura":"2 minutos"},"schema":{"@context":"https:\/\/schema.org","@graph":[{"@type":"Article","@id":"https:\/\/diariodepe.com.br\/cri\/2024\/11\/16\/xi-jinping-se-reune-com-presidente-dos-eua-joe-biden\/#article","isPartOf":{"@id":"https:\/\/diariodepe.com.br\/cri\/2024\/11\/16\/xi-jinping-se-reune-com-presidente-dos-eua-joe-biden\/"},"author":{"name":"Ismael Lucas S. Pereira","@id":"https:\/\/diariodepe.com.br\/cri\/#\/schema\/person\/121bb28d84f1a5b1205ef4ce9c2e0c6b"},"headline":"Xi Jinping se re\u00fane com presidente dos EUA, Joe Biden","datePublished":"2024-11-16T22:32:27+00:00","dateModified":"2024-11-17T02:52:10+00:00","mainEntityOfPage":{"@id":"https:\/\/diariodepe.com.br\/cri\/2024\/11\/16\/xi-jinping-se-reune-com-presidente-dos-eua-joe-biden\/"},"wordCount":388,"commentCount":0,"publisher":{"@id":"https:\/\/diariodepe.com.br\/cri\/#organization"},"image":{"@id":"https:\/\/diariodepe.com.br\/cri\/2024\/11\/16\/xi-jinping-se-reune-com-presidente-dos-eua-joe-biden\/#primaryimage"},"thumbnailUrl":"https:\/\/diariodepe.com.br\/cri\/wp-content\/uploads\/sites\/2\/2024\/11\/\u62dc\u767b.png","articleSection":["Destaques Capa","Internacional"],"inLanguage":"pt-BR","potentialAction":[{"@type":"CommentAction","name":"Comment","target":["https:\/\/diariodepe.com.br\/cri\/2024\/11\/16\/xi-jinping-se-reune-com-presidente-dos-eua-joe-biden\/#respond"]}]},{"@type":"WebPage","@id":"https:\/\/diariodepe.com.br\/cri\/2024\/11\/16\/xi-jinping-se-reune-com-presidente-dos-eua-joe-biden\/","url":"https:\/\/diariodepe.com.br\/cri\/2024\/11\/16\/xi-jinping-se-reune-com-presidente-dos-eua-joe-biden\/","name":"Xi Jinping se re\u00fane com presidente dos EUA, Joe Biden - CRI e Diario de Pernambuco","isPartOf":{"@id":"https:\/\/diariodepe.com.br\/cri\/#website"},"primaryImageOfPage":{"@id":"https:\/\/diariodepe.com.br\/cri\/2024\/11\/16\/xi-jinping-se-reune-com-presidente-dos-eua-joe-biden\/#primaryimage"},"image":{"@id":"https:\/\/diariodepe.com.br\/cri\/2024\/11\/16\/xi-jinping-se-reune-com-presidente-dos-eua-joe-biden\/#primaryimage"},"thumbnailUrl":"https:\/\/diariodepe.com.br\/cri\/wp-content\/uploads\/sites\/2\/2024\/11\/\u62dc\u767b.png","datePublished":"2024-11-16T22:32:27+00:00","dateModified":"2024-11-17T02:52:10+00:00","breadcrumb":{"@id":"https:\/\/diariodepe.com.br\/cri\/2024\/11\/16\/xi-jinping-se-reune-com-presidente-dos-eua-joe-biden\/#breadcrumb"},"inLanguage":"pt-BR","potentialAction":[{"@type":"ReadAction","target":["https:\/\/diariodepe.com.br\/cri\/2024\/11\/16\/xi-jinping-se-reune-com-presidente-dos-eua-joe-biden\/"]}]},{"@type":"ImageObject","inLanguage":"pt-BR","@id":"https:\/\/diariodepe.com.br\/cri\/2024\/11\/16\/xi-jinping-se-reune-com-presidente-dos-eua-joe-biden\/#primaryimage","url":"https:\/\/diariodepe.com.br\/cri\/wp-content\/uploads\/sites\/2\/2024\/11\/\u62dc\u767b.png","contentUrl":"https:\/\/diariodepe.com.br\/cri\/wp-content\/uploads\/sites\/2\/2024\/11\/\u62dc\u767b.png","width":900,"height":656},{"@type":"BreadcrumbList","@id":"https:\/\/diariodepe.com.br\/cri\/2024\/11\/16\/xi-jinping-se-reune-com-presidente-dos-eua-joe-biden\/#breadcrumb","itemListElement":[{"@type":"ListItem","position":1,"name":"In\u00edcio","item":"https:\/\/diariodepe.com.br\/cri\/"},{"@type":"ListItem","position":2,"name":"Xi Jinping se re\u00fane com presidente dos EUA, Joe Biden"}]},{"@type":"WebSite","@id":"https:\/\/diariodepe.com.br\/cri\/#website","url":"https:\/\/diariodepe.com.br\/cri\/","name":"CRI e Diario de Pernambuco","description":"R\u00e1dio Internacional da China","publisher":{"@id":"https:\/\/diariodepe.com.br\/cri\/#organization"},"potentialAction":[{"@type":"SearchAction","target":{"@type":"EntryPoint","urlTemplate":"https:\/\/diariodepe.com.br\/cri\/?s={search_term_string}"},"query-input":{"@type":"PropertyValueSpecification","valueRequired":true,"valueName":"search_term_string"}}],"inLanguage":"pt-BR"},{"@type":"Organization","@id":"https:\/\/diariodepe.com.br\/cri\/#organization","name":"CRI e Diario de Pernambuco","url":"https:\/\/diariodepe.com.br\/cri\/","logo":{"@type":"ImageObject","inLanguage":"pt-BR","@id":"https:\/\/diariodepe.com.br\/cri\/#\/schema\/logo\/image\/","url":"https:\/\/diariodepe.com.br\/cri\/wp-content\/uploads\/sites\/2\/2022\/12\/cropped-Logo.jpg","contentUrl":"https:\/\/diariodepe.com.br\/cri\/wp-content\/uploads\/sites\/2\/2022\/12\/cropped-Logo.jpg","width":700,"height":59,"caption":"CRI e Diario de Pernambuco"},"image":{"@id":"https:\/\/diariodepe.com.br\/cri\/#\/schema\/logo\/image\/"}},{"@type":"Person","@id":"https:\/\/diariodepe.com.br\/cri\/#\/schema\/person\/121bb28d84f1a5b1205ef4ce9c2e0c6b","name":"Ismael Lucas S. Pereira","image":{"@type":"ImageObject","inLanguage":"pt-BR","@id":"https:\/\/secure.gravatar.com\/avatar\/887a0f3b5a7ceea963a48499fb883ffce6b5037362def025c52c2505b15d63e4?s=96&d=mm&r=g","url":"https:\/\/secure.gravatar.com\/avatar\/887a0f3b5a7ceea963a48499fb883ffce6b5037362def025c52c2505b15d63e4?s=96&d=mm&r=g","contentUrl":"https:\/\/secure.gravatar.com\/avatar\/887a0f3b5a7ceea963a48499fb883ffce6b5037362def025c52c2505b15d63e4?s=96&d=mm&r=g","caption":"Ismael Lucas S. Pereira"},"url":"https:\/\/diariodepe.com.br\/cri\/author\/ismael-lucas\/"}]}},"cc_featured_image_caption":{"caption_text":false,"source_text":false,"source_url":false},"amp_enabled":true,"_links":{"self":[{"href":"https:\/\/diariodepe.com.br\/cri\/wp-json\/wp\/v2\/posts\/6715","targetHints":{"allow":["GET"]}}],"collection":[{"href":"https:\/\/diariodepe.com.br\/cri\/wp-json\/wp\/v2\/posts"}],"about":[{"href":"https:\/\/diariodepe.com.br\/cri\/wp-json\/wp\/v2\/types\/post"}],"author":[{"embeddable":true,"href":"https:\/\/diariodepe.com.br\/cri\/wp-json\/wp\/v2\/users\/2"}],"replies":[{"embeddable":true,"href":"https:\/\/diariodepe.com.br\/cri\/wp-json\/wp\/v2\/comments?post=6715"}],"version-history":[{"count":1,"href":"https:\/\/diariodepe.com.br\/cri\/wp-json\/wp\/v2\/posts\/6715\/revisions"}],"predecessor-version":[{"id":6717,"href":"https:\/\/diariodepe.com.br\/cri\/wp-json\/wp\/v2\/posts\/6715\/revisions\/6717"}],"wp:featuredmedia":[{"embeddable":true,"href":"https:\/\/diariodepe.com.br\/cri\/wp-json\/wp\/v2\/media\/6716"}],"wp:attachment":[{"href":"https:\/\/diariodepe.com.br\/cri\/wp-json\/wp\/v2\/media?parent=6715"}],"wp:term":[{"taxonomy":"category","embeddable":true,"href":"https:\/\/diariodepe.com.br\/cri\/wp-json\/wp\/v2\/categories?post=6715"},{"taxonomy":"post_tag","embeddable":true,"href":"https:\/\/diariodepe.com.br\/cri\/wp-json\/wp\/v2\/tags?post=6715"}],"curies":[{"name":"wp","href":"https:\/\/api.w.org\/{rel}","templated":true}]}}