{"id":6703,"date":"2024-11-15T20:34:22","date_gmt":"2024-11-15T23:34:22","guid":{"rendered":"https:\/\/diariodepe.com.br\/cri\/?p=6703"},"modified":"2024-11-16T06:39:56","modified_gmt":"2024-11-16T09:39:56","slug":"xi-jinping-destaca-comunicacao-estrategica-china-chile-a-margem-da-apec","status":"publish","type":"post","link":"https:\/\/diariodepe.com.br\/cri\/2024\/11\/15\/xi-jinping-destaca-comunicacao-estrategica-china-chile-a-margem-da-apec\/","title":{"rendered":"Xi Jinping destaca comunica\u00e7\u00e3o estrat\u00e9gica China-Chile \u00e0 margem da Apec"},"content":{"rendered":"<p data-spm-anchor-id=\"0.0.0.i1\"><img fetchpriority=\"high\" decoding=\"async\" class=\"size-full wp-image-6704 aligncenter\" src=\"https:\/\/diariodepe.com.br\/cri\/wp-content\/uploads\/2024\/11\/\u667a\u5229.png\" alt=\"\" width=\"900\" height=\"649\" srcset=\"https:\/\/diariodepe.com.br\/cri\/wp-content\/uploads\/sites\/2\/2024\/11\/\u667a\u5229.png 900w, https:\/\/diariodepe.com.br\/cri\/wp-content\/uploads\/sites\/2\/2024\/11\/\u667a\u5229-300x216.png 300w, https:\/\/diariodepe.com.br\/cri\/wp-content\/uploads\/sites\/2\/2024\/11\/\u667a\u5229-768x554.png 768w\" sizes=\"(max-width: 900px) 100vw, 900px\" \/><\/p>\n<p data-spm-anchor-id=\"0.0.0.i1\">O presidente chin\u00eas, Xi Jinping, se reuniu na tarde desta sexta-feira (15), hor\u00e1rio local, com seu hom\u00f3logo do Chile, Gabriel Boric, \u00e0 margem da 31\u00aa Reuni\u00e3o de L\u00edderes Econ\u00f4micos da Coopera\u00e7\u00e3o Econ\u00f4mica \u00c1sia-Pac\u00edfico (Apec), que est\u00e1 sendo realizada em Lima, capital do Peru.<\/p>\n<p>No encontro, Xi Jinping lembrou que o Chile foi o primeiro pa\u00eds sul-americano a estabelecer rela\u00e7\u00f5es diplom\u00e1ticas com a nova China. \u201cAo longo de mais de meio s\u00e9culo, os dois lados t\u00eam se apoiado firmemente em seus interesses fundamentais e principais preocupa\u00e7\u00f5es, criando bons la\u00e7os de amizade, parceria de confian\u00e7a e coopera\u00e7\u00f5es mutuamente vantajosas,\u201d comentou.<\/p>\n<p>O l\u00edder chin\u00eas afirmou que seu pa\u00eds est\u00e1 disposto a trabalhar com o Chile para aproveitar o 55\u00ba anivers\u00e1rio do estabelecimento dos la\u00e7os diplom\u00e1ticos em 2025 como ensejo para intensificar a comunica\u00e7\u00e3o estrat\u00e9gica, aprofundar a coopera\u00e7\u00e3o mutuamente ben\u00e9fica e compartilhar as oportunidades de desenvolvimento, alcan\u00e7ando assim, um novo e maior desenvolvimento da parceria estrat\u00e9gica abrangente, beneficiando ambos os povos.<\/p>\n<p>Xi Jinping ressaltou que os dois lados devem fortalecer os interc\u00e2mbios em todos os campos e n\u00edveis e aderir ao respeito, \u00e0 confian\u00e7a, ao benef\u00edcio rec\u00edproco e \u00e0 interconex\u00e3o, al\u00e9m de enriquecer constantemente o conte\u00fado cooperativo, com destaque ao fortalecimento das coopera\u00e7\u00f5es em infraestrutura, energias limpas, informa\u00e7\u00e3o e comunica\u00e7\u00f5es e outros setores. \u201cVamos promover um livre com\u00e9rcio de alto n\u00edvel e adotar pol\u00edticas industriais mais abertas para tornar a parceria mais sustent\u00e1vel e abrangente.\u201d<\/p>\n<p>O presidente chin\u00eas salientou que o pa\u00eds acolhe a exporta\u00e7\u00e3o de mais produtos chilenos de alta qualidade e apoia as empresas chinesas para que invistam e empreendam no Chile. Ele pediu por um ambiente de neg\u00f3cios transparente, aberto e n\u00e3o discriminat\u00f3rio para companhias chinesas atuarem em solo chileno.<\/p>\n<p>Xi Jinping disse ainda que a China quer refor\u00e7ar a comunica\u00e7\u00e3o e a colabora\u00e7\u00e3o com o Chile no \u00e2mbito de mecanismos multilaterais, como as Na\u00e7\u00f5es Unidas, a Organiza\u00e7\u00e3o Mundial do Com\u00e9rcio e a Apec, praticando assim o verdadeiro multilateralismo e salvaguardando uma cadeia global de suprimentos funcional e est\u00e1vel, para que os interesses comuns do Sul global sejam garantidos. Ele espera que os dois pa\u00edses construam conjuntamente uma comunidade pac\u00edfica, aberta, din\u00e2mica e resiliente na \u00c1sia-Pac\u00edfico.<\/p>\n<p>Gabriel Boric, por sua vez, comentou que Chile e China desfrutam de boas rela\u00e7\u00f5es e de uma coopera\u00e7\u00e3o econ\u00f4mica e comercial frut\u00edfera. Ele sublinhou firme respeito ao princ\u00edpio de Uma S\u00f3 China e a esperan\u00e7a de aprofundar os interc\u00e2mbios e coopera\u00e7\u00f5es com a parte chinesa em todos os dom\u00ednios.<\/p>\n<p>O presidente chileno parabenizou Xi Jinping pela inaugura\u00e7\u00e3o do Porto peruano de Chancay, destacando que seu pa\u00eds d\u00e1 as boas-vindas a mais empresas chinesas a investir nos setores de capacidade produtiva, infraestrutura, entre outros. Ele acrescentou que o Chile apoia a ades\u00e3o da China ao Acordo Abrangente e Progressivo para a Parceria Transpac\u00edfica e ao Acordo de Parceria para a Economia Digital.<\/p>\n","protected":false},"excerpt":{"rendered":"<p>O presidente chin\u00eas, Xi Jinping, se reuniu na tarde desta sexta-feira (15), hor\u00e1rio local, com seu hom\u00f3logo do Chile, Gabriel Boric, \u00e0 margem da 31\u00aa Reuni\u00e3o de L\u00edderes Econ\u00f4micos da Coopera\u00e7\u00e3o Econ\u00f4mica \u00c1sia-Pac\u00edfico (Apec), que est\u00e1 sendo realizada em Lima,&#8230;<\/p>\n","protected":false},"author":2,"featured_media":0,"comment_status":"open","ping_status":"open","sticky":false,"template":"","format":"standard","meta":{"footnotes":""},"categories":[8],"tags":[],"class_list":["post-6703","post","type-post","status-publish","format-standard","hentry","category-internacional"],"yoast_head":"<!-- This site is optimized with the Yoast SEO plugin v27.4 - https:\/\/yoast.com\/product\/yoast-seo-wordpress\/ -->\n<title>Xi Jinping destaca comunica\u00e7\u00e3o estrat\u00e9gica China-Chile \u00e0 margem da Apec - CRI e Diario de Pernambuco<\/title>\n<meta name=\"robots\" content=\"index, follow, max-snippet:-1, max-image-preview:large, max-video-preview:-1\" \/>\n<link rel=\"canonical\" href=\"https:\/\/diariodepe.com.br\/cri\/2024\/11\/15\/xi-jinping-destaca-comunicacao-estrategica-china-chile-a-margem-da-apec\/\" \/>\n<meta property=\"og:locale\" content=\"pt_BR\" \/>\n<meta property=\"og:type\" content=\"article\" \/>\n<meta property=\"og:title\" content=\"Xi Jinping destaca comunica\u00e7\u00e3o estrat\u00e9gica China-Chile \u00e0 margem da Apec - CRI e Diario de Pernambuco\" \/>\n<meta property=\"og:description\" content=\"O presidente chin\u00eas, Xi Jinping, se reuniu na tarde desta sexta-feira (15), hor\u00e1rio local, com seu hom\u00f3logo do Chile, Gabriel Boric, \u00e0 margem da 31\u00aa Reuni\u00e3o de L\u00edderes Econ\u00f4micos da Coopera\u00e7\u00e3o Econ\u00f4mica \u00c1sia-Pac\u00edfico (Apec), que est\u00e1 sendo realizada em Lima,...\" \/>\n<meta property=\"og:url\" content=\"https:\/\/diariodepe.com.br\/cri\/2024\/11\/15\/xi-jinping-destaca-comunicacao-estrategica-china-chile-a-margem-da-apec\/\" \/>\n<meta property=\"og:site_name\" content=\"CRI e Diario de Pernambuco\" \/>\n<meta property=\"article:published_time\" content=\"2024-11-15T23:34:22+00:00\" \/>\n<meta property=\"article:modified_time\" content=\"2024-11-16T09:39:56+00:00\" \/>\n<meta name=\"author\" content=\"Ismael Lucas S. Pereira\" \/>\n<meta name=\"twitter:card\" content=\"summary_large_image\" \/>\n<meta name=\"twitter:label1\" content=\"Escrito por\" \/>\n\t<meta name=\"twitter:data1\" content=\"Ismael Lucas S. Pereira\" \/>\n\t<meta name=\"twitter:label2\" content=\"Est. tempo de leitura\" \/>\n\t<meta name=\"twitter:data2\" content=\"3 minutos\" \/>\n<script type=\"application\/ld+json\" class=\"yoast-schema-graph\">{\"@context\":\"https:\\\/\\\/schema.org\",\"@graph\":[{\"@type\":\"Article\",\"@id\":\"https:\\\/\\\/diariodepe.com.br\\\/cri\\\/2024\\\/11\\\/15\\\/xi-jinping-destaca-comunicacao-estrategica-china-chile-a-margem-da-apec\\\/#article\",\"isPartOf\":{\"@id\":\"https:\\\/\\\/diariodepe.com.br\\\/cri\\\/2024\\\/11\\\/15\\\/xi-jinping-destaca-comunicacao-estrategica-china-chile-a-margem-da-apec\\\/\"},\"author\":{\"name\":\"Ismael Lucas S. Pereira\",\"@id\":\"https:\\\/\\\/diariodepe.com.br\\\/cri\\\/#\\\/schema\\\/person\\\/121bb28d84f1a5b1205ef4ce9c2e0c6b\"},\"headline\":\"Xi Jinping destaca comunica\u00e7\u00e3o estrat\u00e9gica China-Chile \u00e0 margem da Apec\",\"datePublished\":\"2024-11-15T23:34:22+00:00\",\"dateModified\":\"2024-11-16T09:39:56+00:00\",\"mainEntityOfPage\":{\"@id\":\"https:\\\/\\\/diariodepe.com.br\\\/cri\\\/2024\\\/11\\\/15\\\/xi-jinping-destaca-comunicacao-estrategica-china-chile-a-margem-da-apec\\\/\"},\"wordCount\":545,\"commentCount\":0,\"publisher\":{\"@id\":\"https:\\\/\\\/diariodepe.com.br\\\/cri\\\/#organization\"},\"articleSection\":[\"Internacional\"],\"inLanguage\":\"pt-BR\",\"potentialAction\":[{\"@type\":\"CommentAction\",\"name\":\"Comment\",\"target\":[\"https:\\\/\\\/diariodepe.com.br\\\/cri\\\/2024\\\/11\\\/15\\\/xi-jinping-destaca-comunicacao-estrategica-china-chile-a-margem-da-apec\\\/#respond\"]}]},{\"@type\":\"WebPage\",\"@id\":\"https:\\\/\\\/diariodepe.com.br\\\/cri\\\/2024\\\/11\\\/15\\\/xi-jinping-destaca-comunicacao-estrategica-china-chile-a-margem-da-apec\\\/\",\"url\":\"https:\\\/\\\/diariodepe.com.br\\\/cri\\\/2024\\\/11\\\/15\\\/xi-jinping-destaca-comunicacao-estrategica-china-chile-a-margem-da-apec\\\/\",\"name\":\"Xi Jinping destaca comunica\u00e7\u00e3o estrat\u00e9gica China-Chile \u00e0 margem da Apec - CRI e Diario de Pernambuco\",\"isPartOf\":{\"@id\":\"https:\\\/\\\/diariodepe.com.br\\\/cri\\\/#website\"},\"datePublished\":\"2024-11-15T23:34:22+00:00\",\"dateModified\":\"2024-11-16T09:39:56+00:00\",\"breadcrumb\":{\"@id\":\"https:\\\/\\\/diariodepe.com.br\\\/cri\\\/2024\\\/11\\\/15\\\/xi-jinping-destaca-comunicacao-estrategica-china-chile-a-margem-da-apec\\\/#breadcrumb\"},\"inLanguage\":\"pt-BR\",\"potentialAction\":[{\"@type\":\"ReadAction\",\"target\":[\"https:\\\/\\\/diariodepe.com.br\\\/cri\\\/2024\\\/11\\\/15\\\/xi-jinping-destaca-comunicacao-estrategica-china-chile-a-margem-da-apec\\\/\"]}]},{\"@type\":\"BreadcrumbList\",\"@id\":\"https:\\\/\\\/diariodepe.com.br\\\/cri\\\/2024\\\/11\\\/15\\\/xi-jinping-destaca-comunicacao-estrategica-china-chile-a-margem-da-apec\\\/#breadcrumb\",\"itemListElement\":[{\"@type\":\"ListItem\",\"position\":1,\"name\":\"In\u00edcio\",\"item\":\"https:\\\/\\\/diariodepe.com.br\\\/cri\\\/\"},{\"@type\":\"ListItem\",\"position\":2,\"name\":\"Xi Jinping destaca comunica\u00e7\u00e3o estrat\u00e9gica China-Chile \u00e0 margem da Apec\"}]},{\"@type\":\"WebSite\",\"@id\":\"https:\\\/\\\/diariodepe.com.br\\\/cri\\\/#website\",\"url\":\"https:\\\/\\\/diariodepe.com.br\\\/cri\\\/\",\"name\":\"CRI e Diario de Pernambuco\",\"description\":\"R\u00e1dio Internacional da China\",\"publisher\":{\"@id\":\"https:\\\/\\\/diariodepe.com.br\\\/cri\\\/#organization\"},\"potentialAction\":[{\"@type\":\"SearchAction\",\"target\":{\"@type\":\"EntryPoint\",\"urlTemplate\":\"https:\\\/\\\/diariodepe.com.br\\\/cri\\\/?s={search_term_string}\"},\"query-input\":{\"@type\":\"PropertyValueSpecification\",\"valueRequired\":true,\"valueName\":\"search_term_string\"}}],\"inLanguage\":\"pt-BR\"},{\"@type\":\"Organization\",\"@id\":\"https:\\\/\\\/diariodepe.com.br\\\/cri\\\/#organization\",\"name\":\"CRI e Diario de Pernambuco\",\"url\":\"https:\\\/\\\/diariodepe.com.br\\\/cri\\\/\",\"logo\":{\"@type\":\"ImageObject\",\"inLanguage\":\"pt-BR\",\"@id\":\"https:\\\/\\\/diariodepe.com.br\\\/cri\\\/#\\\/schema\\\/logo\\\/image\\\/\",\"url\":\"https:\\\/\\\/diariodepe.com.br\\\/cri\\\/wp-content\\\/uploads\\\/sites\\\/2\\\/2022\\\/12\\\/cropped-Logo.jpg\",\"contentUrl\":\"https:\\\/\\\/diariodepe.com.br\\\/cri\\\/wp-content\\\/uploads\\\/sites\\\/2\\\/2022\\\/12\\\/cropped-Logo.jpg\",\"width\":700,\"height\":59,\"caption\":\"CRI e Diario de Pernambuco\"},\"image\":{\"@id\":\"https:\\\/\\\/diariodepe.com.br\\\/cri\\\/#\\\/schema\\\/logo\\\/image\\\/\"}},{\"@type\":\"Person\",\"@id\":\"https:\\\/\\\/diariodepe.com.br\\\/cri\\\/#\\\/schema\\\/person\\\/121bb28d84f1a5b1205ef4ce9c2e0c6b\",\"name\":\"Ismael Lucas S. Pereira\",\"image\":{\"@type\":\"ImageObject\",\"inLanguage\":\"pt-BR\",\"@id\":\"https:\\\/\\\/secure.gravatar.com\\\/avatar\\\/887a0f3b5a7ceea963a48499fb883ffce6b5037362def025c52c2505b15d63e4?s=96&d=mm&r=g\",\"url\":\"https:\\\/\\\/secure.gravatar.com\\\/avatar\\\/887a0f3b5a7ceea963a48499fb883ffce6b5037362def025c52c2505b15d63e4?s=96&d=mm&r=g\",\"contentUrl\":\"https:\\\/\\\/secure.gravatar.com\\\/avatar\\\/887a0f3b5a7ceea963a48499fb883ffce6b5037362def025c52c2505b15d63e4?s=96&d=mm&r=g\",\"caption\":\"Ismael Lucas S. Pereira\"},\"url\":\"https:\\\/\\\/diariodepe.com.br\\\/cri\\\/author\\\/ismael-lucas\\\/\"}]}<\/script>\n<!-- \/ Yoast SEO plugin. -->","yoast_head_json":{"title":"Xi Jinping destaca comunica\u00e7\u00e3o estrat\u00e9gica China-Chile \u00e0 margem da Apec - CRI e Diario de Pernambuco","robots":{"index":"index","follow":"follow","max-snippet":"max-snippet:-1","max-image-preview":"max-image-preview:large","max-video-preview":"max-video-preview:-1"},"canonical":"https:\/\/diariodepe.com.br\/cri\/2024\/11\/15\/xi-jinping-destaca-comunicacao-estrategica-china-chile-a-margem-da-apec\/","og_locale":"pt_BR","og_type":"article","og_title":"Xi Jinping destaca comunica\u00e7\u00e3o estrat\u00e9gica China-Chile \u00e0 margem da Apec - CRI e Diario de Pernambuco","og_description":"O presidente chin\u00eas, Xi Jinping, se reuniu na tarde desta sexta-feira (15), hor\u00e1rio local, com seu hom\u00f3logo do Chile, Gabriel Boric, \u00e0 margem da 31\u00aa Reuni\u00e3o de L\u00edderes Econ\u00f4micos da Coopera\u00e7\u00e3o Econ\u00f4mica \u00c1sia-Pac\u00edfico (Apec), que est\u00e1 sendo realizada em Lima,...","og_url":"https:\/\/diariodepe.com.br\/cri\/2024\/11\/15\/xi-jinping-destaca-comunicacao-estrategica-china-chile-a-margem-da-apec\/","og_site_name":"CRI e Diario de Pernambuco","article_published_time":"2024-11-15T23:34:22+00:00","article_modified_time":"2024-11-16T09:39:56+00:00","author":"Ismael Lucas S. Pereira","twitter_card":"summary_large_image","twitter_misc":{"Escrito por":"Ismael Lucas S. Pereira","Est. tempo de leitura":"3 minutos"},"schema":{"@context":"https:\/\/schema.org","@graph":[{"@type":"Article","@id":"https:\/\/diariodepe.com.br\/cri\/2024\/11\/15\/xi-jinping-destaca-comunicacao-estrategica-china-chile-a-margem-da-apec\/#article","isPartOf":{"@id":"https:\/\/diariodepe.com.br\/cri\/2024\/11\/15\/xi-jinping-destaca-comunicacao-estrategica-china-chile-a-margem-da-apec\/"},"author":{"name":"Ismael Lucas S. Pereira","@id":"https:\/\/diariodepe.com.br\/cri\/#\/schema\/person\/121bb28d84f1a5b1205ef4ce9c2e0c6b"},"headline":"Xi Jinping destaca comunica\u00e7\u00e3o estrat\u00e9gica China-Chile \u00e0 margem da Apec","datePublished":"2024-11-15T23:34:22+00:00","dateModified":"2024-11-16T09:39:56+00:00","mainEntityOfPage":{"@id":"https:\/\/diariodepe.com.br\/cri\/2024\/11\/15\/xi-jinping-destaca-comunicacao-estrategica-china-chile-a-margem-da-apec\/"},"wordCount":545,"commentCount":0,"publisher":{"@id":"https:\/\/diariodepe.com.br\/cri\/#organization"},"articleSection":["Internacional"],"inLanguage":"pt-BR","potentialAction":[{"@type":"CommentAction","name":"Comment","target":["https:\/\/diariodepe.com.br\/cri\/2024\/11\/15\/xi-jinping-destaca-comunicacao-estrategica-china-chile-a-margem-da-apec\/#respond"]}]},{"@type":"WebPage","@id":"https:\/\/diariodepe.com.br\/cri\/2024\/11\/15\/xi-jinping-destaca-comunicacao-estrategica-china-chile-a-margem-da-apec\/","url":"https:\/\/diariodepe.com.br\/cri\/2024\/11\/15\/xi-jinping-destaca-comunicacao-estrategica-china-chile-a-margem-da-apec\/","name":"Xi Jinping destaca comunica\u00e7\u00e3o estrat\u00e9gica China-Chile \u00e0 margem da Apec - CRI e Diario de Pernambuco","isPartOf":{"@id":"https:\/\/diariodepe.com.br\/cri\/#website"},"datePublished":"2024-11-15T23:34:22+00:00","dateModified":"2024-11-16T09:39:56+00:00","breadcrumb":{"@id":"https:\/\/diariodepe.com.br\/cri\/2024\/11\/15\/xi-jinping-destaca-comunicacao-estrategica-china-chile-a-margem-da-apec\/#breadcrumb"},"inLanguage":"pt-BR","potentialAction":[{"@type":"ReadAction","target":["https:\/\/diariodepe.com.br\/cri\/2024\/11\/15\/xi-jinping-destaca-comunicacao-estrategica-china-chile-a-margem-da-apec\/"]}]},{"@type":"BreadcrumbList","@id":"https:\/\/diariodepe.com.br\/cri\/2024\/11\/15\/xi-jinping-destaca-comunicacao-estrategica-china-chile-a-margem-da-apec\/#breadcrumb","itemListElement":[{"@type":"ListItem","position":1,"name":"In\u00edcio","item":"https:\/\/diariodepe.com.br\/cri\/"},{"@type":"ListItem","position":2,"name":"Xi Jinping destaca comunica\u00e7\u00e3o estrat\u00e9gica China-Chile \u00e0 margem da Apec"}]},{"@type":"WebSite","@id":"https:\/\/diariodepe.com.br\/cri\/#website","url":"https:\/\/diariodepe.com.br\/cri\/","name":"CRI e Diario de Pernambuco","description":"R\u00e1dio Internacional da China","publisher":{"@id":"https:\/\/diariodepe.com.br\/cri\/#organization"},"potentialAction":[{"@type":"SearchAction","target":{"@type":"EntryPoint","urlTemplate":"https:\/\/diariodepe.com.br\/cri\/?s={search_term_string}"},"query-input":{"@type":"PropertyValueSpecification","valueRequired":true,"valueName":"search_term_string"}}],"inLanguage":"pt-BR"},{"@type":"Organization","@id":"https:\/\/diariodepe.com.br\/cri\/#organization","name":"CRI e Diario de Pernambuco","url":"https:\/\/diariodepe.com.br\/cri\/","logo":{"@type":"ImageObject","inLanguage":"pt-BR","@id":"https:\/\/diariodepe.com.br\/cri\/#\/schema\/logo\/image\/","url":"https:\/\/diariodepe.com.br\/cri\/wp-content\/uploads\/sites\/2\/2022\/12\/cropped-Logo.jpg","contentUrl":"https:\/\/diariodepe.com.br\/cri\/wp-content\/uploads\/sites\/2\/2022\/12\/cropped-Logo.jpg","width":700,"height":59,"caption":"CRI e Diario de Pernambuco"},"image":{"@id":"https:\/\/diariodepe.com.br\/cri\/#\/schema\/logo\/image\/"}},{"@type":"Person","@id":"https:\/\/diariodepe.com.br\/cri\/#\/schema\/person\/121bb28d84f1a5b1205ef4ce9c2e0c6b","name":"Ismael Lucas S. Pereira","image":{"@type":"ImageObject","inLanguage":"pt-BR","@id":"https:\/\/secure.gravatar.com\/avatar\/887a0f3b5a7ceea963a48499fb883ffce6b5037362def025c52c2505b15d63e4?s=96&d=mm&r=g","url":"https:\/\/secure.gravatar.com\/avatar\/887a0f3b5a7ceea963a48499fb883ffce6b5037362def025c52c2505b15d63e4?s=96&d=mm&r=g","contentUrl":"https:\/\/secure.gravatar.com\/avatar\/887a0f3b5a7ceea963a48499fb883ffce6b5037362def025c52c2505b15d63e4?s=96&d=mm&r=g","caption":"Ismael Lucas S. Pereira"},"url":"https:\/\/diariodepe.com.br\/cri\/author\/ismael-lucas\/"}]}},"cc_featured_image_caption":{"caption_text":false,"source_text":false,"source_url":false},"amp_enabled":true,"_links":{"self":[{"href":"https:\/\/diariodepe.com.br\/cri\/wp-json\/wp\/v2\/posts\/6703","targetHints":{"allow":["GET"]}}],"collection":[{"href":"https:\/\/diariodepe.com.br\/cri\/wp-json\/wp\/v2\/posts"}],"about":[{"href":"https:\/\/diariodepe.com.br\/cri\/wp-json\/wp\/v2\/types\/post"}],"author":[{"embeddable":true,"href":"https:\/\/diariodepe.com.br\/cri\/wp-json\/wp\/v2\/users\/2"}],"replies":[{"embeddable":true,"href":"https:\/\/diariodepe.com.br\/cri\/wp-json\/wp\/v2\/comments?post=6703"}],"version-history":[{"count":1,"href":"https:\/\/diariodepe.com.br\/cri\/wp-json\/wp\/v2\/posts\/6703\/revisions"}],"predecessor-version":[{"id":6705,"href":"https:\/\/diariodepe.com.br\/cri\/wp-json\/wp\/v2\/posts\/6703\/revisions\/6705"}],"wp:attachment":[{"href":"https:\/\/diariodepe.com.br\/cri\/wp-json\/wp\/v2\/media?parent=6703"}],"wp:term":[{"taxonomy":"category","embeddable":true,"href":"https:\/\/diariodepe.com.br\/cri\/wp-json\/wp\/v2\/categories?post=6703"},{"taxonomy":"post_tag","embeddable":true,"href":"https:\/\/diariodepe.com.br\/cri\/wp-json\/wp\/v2\/tags?post=6703"}],"curies":[{"name":"wp","href":"https:\/\/api.w.org\/{rel}","templated":true}]}}