{"id":6695,"date":"2024-11-15T14:55:47","date_gmt":"2024-11-15T17:55:47","guid":{"rendered":"https:\/\/diariodepe.com.br\/cri\/?p=6695"},"modified":"2024-11-16T06:14:39","modified_gmt":"2024-11-16T09:14:39","slug":"xi-jinping-e-premie-tailandesa-discutem-relacoes-bilaterais","status":"publish","type":"post","link":"https:\/\/diariodepe.com.br\/cri\/2024\/11\/15\/xi-jinping-e-premie-tailandesa-discutem-relacoes-bilaterais\/","title":{"rendered":"Xi Jinping e premi\u00ea tailandesa discutem rela\u00e7\u00f5es bilaterais"},"content":{"rendered":"<p data-spm-anchor-id=\"0.0.0.i1\"><img fetchpriority=\"high\" decoding=\"async\" class=\"size-full wp-image-6696 aligncenter\" src=\"https:\/\/diariodepe.com.br\/cri\/wp-content\/uploads\/2024\/11\/\u6cf0\u56fd.png\" alt=\"\" width=\"900\" height=\"661\" srcset=\"https:\/\/diariodepe.com.br\/cri\/wp-content\/uploads\/sites\/2\/2024\/11\/\u6cf0\u56fd.png 900w, https:\/\/diariodepe.com.br\/cri\/wp-content\/uploads\/sites\/2\/2024\/11\/\u6cf0\u56fd-300x220.png 300w, https:\/\/diariodepe.com.br\/cri\/wp-content\/uploads\/sites\/2\/2024\/11\/\u6cf0\u56fd-768x564.png 768w\" sizes=\"(max-width: 900px) 100vw, 900px\" \/>O presidente chin\u00eas, Xi Jinping, encontrou-se nesta sexta-feira (15) com a premi\u00ea tailandesa, Paetongtarn Shinawatra, durante sua participa\u00e7\u00e3o na 31\u00aa Reuni\u00e3o de L\u00edderes Econ\u00f4micos da APEC, que est\u00e1 sendo realizada em Lima, capital do Peru.<\/p>\n<p>Xi Jinping disse que a China e a Tail\u00e2ndia s\u00e3o pa\u00edses vizinhos de rela\u00e7\u00f5es muito pr\u00f3ximas e amistosas. A China est\u00e1 disposta a esfor\u00e7ar-se junto com a Tail\u00e2ndia para manter a amizade tradicional, refor\u00e7ar a interconectividade das estrat\u00e9gias de desenvolvimento, aprofundar os interc\u00e2mbios sobre a governan\u00e7a de pa\u00eds, promover coordenadamente a coopera\u00e7\u00e3o ganha-ganha em diferentes setores, contribuir para a moderniza\u00e7\u00e3o de ambas as na\u00e7\u00f5es e impulsionar um maior desenvolvimento da comunidade de futuro compartilhado entre a China e a Tail\u00e2ndia.<\/p>\n<p>O l\u00edder chin\u00eas pediu que os dois pa\u00edses acelerem a constru\u00e7\u00e3o da ferrovia China-Tail\u00e2ndia e ampliem a coopera\u00e7\u00e3o nas \u00e1reas como energias novas, economia digital e intelig\u00eancia artificial, al\u00e9m de refor\u00e7ar a coopera\u00e7\u00e3o nos setores de cultura, educa\u00e7\u00e3o e juventude.<\/p>\n","protected":false},"excerpt":{"rendered":"<p>O presidente chin\u00eas, Xi Jinping, encontrou-se nesta sexta-feira (15) com a premi\u00ea tailandesa, Paetongtarn Shinawatra, durante sua participa\u00e7\u00e3o na 31\u00aa Reuni\u00e3o de L\u00edderes Econ\u00f4micos da APEC, que est\u00e1 sendo realizada em Lima, capital do Peru. Xi Jinping disse que a&#8230;<\/p>\n","protected":false},"author":2,"featured_media":0,"comment_status":"open","ping_status":"open","sticky":false,"template":"","format":"standard","meta":{"footnotes":""},"categories":[8],"tags":[],"class_list":["post-6695","post","type-post","status-publish","format-standard","hentry","category-internacional"],"yoast_head":"<!-- This site is optimized with the Yoast SEO plugin v27.4 - https:\/\/yoast.com\/product\/yoast-seo-wordpress\/ -->\n<title>Xi Jinping e premi\u00ea tailandesa discutem rela\u00e7\u00f5es bilaterais - CRI e Diario de Pernambuco<\/title>\n<meta name=\"robots\" content=\"index, follow, max-snippet:-1, max-image-preview:large, max-video-preview:-1\" \/>\n<link rel=\"canonical\" href=\"https:\/\/diariodepe.com.br\/cri\/2024\/11\/15\/xi-jinping-e-premie-tailandesa-discutem-relacoes-bilaterais\/\" \/>\n<meta property=\"og:locale\" content=\"pt_BR\" \/>\n<meta property=\"og:type\" content=\"article\" \/>\n<meta property=\"og:title\" content=\"Xi Jinping e premi\u00ea tailandesa discutem rela\u00e7\u00f5es bilaterais - CRI e Diario de Pernambuco\" \/>\n<meta property=\"og:description\" content=\"O presidente chin\u00eas, Xi Jinping, encontrou-se nesta sexta-feira (15) com a premi\u00ea tailandesa, Paetongtarn Shinawatra, durante sua participa\u00e7\u00e3o na 31\u00aa Reuni\u00e3o de L\u00edderes Econ\u00f4micos da APEC, que est\u00e1 sendo realizada em Lima, capital do Peru. Xi Jinping disse que a...\" \/>\n<meta property=\"og:url\" content=\"https:\/\/diariodepe.com.br\/cri\/2024\/11\/15\/xi-jinping-e-premie-tailandesa-discutem-relacoes-bilaterais\/\" \/>\n<meta property=\"og:site_name\" content=\"CRI e Diario de Pernambuco\" \/>\n<meta property=\"article:published_time\" content=\"2024-11-15T17:55:47+00:00\" \/>\n<meta property=\"article:modified_time\" content=\"2024-11-16T09:14:39+00:00\" \/>\n<meta name=\"author\" content=\"Ismael Lucas S. Pereira\" \/>\n<meta name=\"twitter:card\" content=\"summary_large_image\" \/>\n<meta name=\"twitter:label1\" content=\"Escrito por\" \/>\n\t<meta name=\"twitter:data1\" content=\"Ismael Lucas S. Pereira\" \/>\n\t<meta name=\"twitter:label2\" content=\"Est. tempo de leitura\" \/>\n\t<meta name=\"twitter:data2\" content=\"2 minutos\" \/>\n<script type=\"application\/ld+json\" class=\"yoast-schema-graph\">{\"@context\":\"https:\\\/\\\/schema.org\",\"@graph\":[{\"@type\":\"Article\",\"@id\":\"https:\\\/\\\/diariodepe.com.br\\\/cri\\\/2024\\\/11\\\/15\\\/xi-jinping-e-premie-tailandesa-discutem-relacoes-bilaterais\\\/#article\",\"isPartOf\":{\"@id\":\"https:\\\/\\\/diariodepe.com.br\\\/cri\\\/2024\\\/11\\\/15\\\/xi-jinping-e-premie-tailandesa-discutem-relacoes-bilaterais\\\/\"},\"author\":{\"name\":\"Ismael Lucas S. Pereira\",\"@id\":\"https:\\\/\\\/diariodepe.com.br\\\/cri\\\/#\\\/schema\\\/person\\\/121bb28d84f1a5b1205ef4ce9c2e0c6b\"},\"headline\":\"Xi Jinping e premi\u00ea tailandesa discutem rela\u00e7\u00f5es bilaterais\",\"datePublished\":\"2024-11-15T17:55:47+00:00\",\"dateModified\":\"2024-11-16T09:14:39+00:00\",\"mainEntityOfPage\":{\"@id\":\"https:\\\/\\\/diariodepe.com.br\\\/cri\\\/2024\\\/11\\\/15\\\/xi-jinping-e-premie-tailandesa-discutem-relacoes-bilaterais\\\/\"},\"wordCount\":194,\"commentCount\":0,\"publisher\":{\"@id\":\"https:\\\/\\\/diariodepe.com.br\\\/cri\\\/#organization\"},\"articleSection\":[\"Internacional\"],\"inLanguage\":\"pt-BR\",\"potentialAction\":[{\"@type\":\"CommentAction\",\"name\":\"Comment\",\"target\":[\"https:\\\/\\\/diariodepe.com.br\\\/cri\\\/2024\\\/11\\\/15\\\/xi-jinping-e-premie-tailandesa-discutem-relacoes-bilaterais\\\/#respond\"]}]},{\"@type\":\"WebPage\",\"@id\":\"https:\\\/\\\/diariodepe.com.br\\\/cri\\\/2024\\\/11\\\/15\\\/xi-jinping-e-premie-tailandesa-discutem-relacoes-bilaterais\\\/\",\"url\":\"https:\\\/\\\/diariodepe.com.br\\\/cri\\\/2024\\\/11\\\/15\\\/xi-jinping-e-premie-tailandesa-discutem-relacoes-bilaterais\\\/\",\"name\":\"Xi Jinping e premi\u00ea tailandesa discutem rela\u00e7\u00f5es bilaterais - CRI e Diario de Pernambuco\",\"isPartOf\":{\"@id\":\"https:\\\/\\\/diariodepe.com.br\\\/cri\\\/#website\"},\"datePublished\":\"2024-11-15T17:55:47+00:00\",\"dateModified\":\"2024-11-16T09:14:39+00:00\",\"breadcrumb\":{\"@id\":\"https:\\\/\\\/diariodepe.com.br\\\/cri\\\/2024\\\/11\\\/15\\\/xi-jinping-e-premie-tailandesa-discutem-relacoes-bilaterais\\\/#breadcrumb\"},\"inLanguage\":\"pt-BR\",\"potentialAction\":[{\"@type\":\"ReadAction\",\"target\":[\"https:\\\/\\\/diariodepe.com.br\\\/cri\\\/2024\\\/11\\\/15\\\/xi-jinping-e-premie-tailandesa-discutem-relacoes-bilaterais\\\/\"]}]},{\"@type\":\"BreadcrumbList\",\"@id\":\"https:\\\/\\\/diariodepe.com.br\\\/cri\\\/2024\\\/11\\\/15\\\/xi-jinping-e-premie-tailandesa-discutem-relacoes-bilaterais\\\/#breadcrumb\",\"itemListElement\":[{\"@type\":\"ListItem\",\"position\":1,\"name\":\"In\u00edcio\",\"item\":\"https:\\\/\\\/diariodepe.com.br\\\/cri\\\/\"},{\"@type\":\"ListItem\",\"position\":2,\"name\":\"Xi Jinping e premi\u00ea tailandesa discutem rela\u00e7\u00f5es bilaterais\"}]},{\"@type\":\"WebSite\",\"@id\":\"https:\\\/\\\/diariodepe.com.br\\\/cri\\\/#website\",\"url\":\"https:\\\/\\\/diariodepe.com.br\\\/cri\\\/\",\"name\":\"CRI e Diario de Pernambuco\",\"description\":\"R\u00e1dio Internacional da China\",\"publisher\":{\"@id\":\"https:\\\/\\\/diariodepe.com.br\\\/cri\\\/#organization\"},\"potentialAction\":[{\"@type\":\"SearchAction\",\"target\":{\"@type\":\"EntryPoint\",\"urlTemplate\":\"https:\\\/\\\/diariodepe.com.br\\\/cri\\\/?s={search_term_string}\"},\"query-input\":{\"@type\":\"PropertyValueSpecification\",\"valueRequired\":true,\"valueName\":\"search_term_string\"}}],\"inLanguage\":\"pt-BR\"},{\"@type\":\"Organization\",\"@id\":\"https:\\\/\\\/diariodepe.com.br\\\/cri\\\/#organization\",\"name\":\"CRI e Diario de Pernambuco\",\"url\":\"https:\\\/\\\/diariodepe.com.br\\\/cri\\\/\",\"logo\":{\"@type\":\"ImageObject\",\"inLanguage\":\"pt-BR\",\"@id\":\"https:\\\/\\\/diariodepe.com.br\\\/cri\\\/#\\\/schema\\\/logo\\\/image\\\/\",\"url\":\"https:\\\/\\\/diariodepe.com.br\\\/cri\\\/wp-content\\\/uploads\\\/sites\\\/2\\\/2022\\\/12\\\/cropped-Logo.jpg\",\"contentUrl\":\"https:\\\/\\\/diariodepe.com.br\\\/cri\\\/wp-content\\\/uploads\\\/sites\\\/2\\\/2022\\\/12\\\/cropped-Logo.jpg\",\"width\":700,\"height\":59,\"caption\":\"CRI e Diario de Pernambuco\"},\"image\":{\"@id\":\"https:\\\/\\\/diariodepe.com.br\\\/cri\\\/#\\\/schema\\\/logo\\\/image\\\/\"}},{\"@type\":\"Person\",\"@id\":\"https:\\\/\\\/diariodepe.com.br\\\/cri\\\/#\\\/schema\\\/person\\\/121bb28d84f1a5b1205ef4ce9c2e0c6b\",\"name\":\"Ismael Lucas S. Pereira\",\"image\":{\"@type\":\"ImageObject\",\"inLanguage\":\"pt-BR\",\"@id\":\"https:\\\/\\\/secure.gravatar.com\\\/avatar\\\/887a0f3b5a7ceea963a48499fb883ffce6b5037362def025c52c2505b15d63e4?s=96&d=mm&r=g\",\"url\":\"https:\\\/\\\/secure.gravatar.com\\\/avatar\\\/887a0f3b5a7ceea963a48499fb883ffce6b5037362def025c52c2505b15d63e4?s=96&d=mm&r=g\",\"contentUrl\":\"https:\\\/\\\/secure.gravatar.com\\\/avatar\\\/887a0f3b5a7ceea963a48499fb883ffce6b5037362def025c52c2505b15d63e4?s=96&d=mm&r=g\",\"caption\":\"Ismael Lucas S. Pereira\"},\"url\":\"https:\\\/\\\/diariodepe.com.br\\\/cri\\\/author\\\/ismael-lucas\\\/\"}]}<\/script>\n<!-- \/ Yoast SEO plugin. -->","yoast_head_json":{"title":"Xi Jinping e premi\u00ea tailandesa discutem rela\u00e7\u00f5es bilaterais - CRI e Diario de Pernambuco","robots":{"index":"index","follow":"follow","max-snippet":"max-snippet:-1","max-image-preview":"max-image-preview:large","max-video-preview":"max-video-preview:-1"},"canonical":"https:\/\/diariodepe.com.br\/cri\/2024\/11\/15\/xi-jinping-e-premie-tailandesa-discutem-relacoes-bilaterais\/","og_locale":"pt_BR","og_type":"article","og_title":"Xi Jinping e premi\u00ea tailandesa discutem rela\u00e7\u00f5es bilaterais - CRI e Diario de Pernambuco","og_description":"O presidente chin\u00eas, Xi Jinping, encontrou-se nesta sexta-feira (15) com a premi\u00ea tailandesa, Paetongtarn Shinawatra, durante sua participa\u00e7\u00e3o na 31\u00aa Reuni\u00e3o de L\u00edderes Econ\u00f4micos da APEC, que est\u00e1 sendo realizada em Lima, capital do Peru. Xi Jinping disse que a...","og_url":"https:\/\/diariodepe.com.br\/cri\/2024\/11\/15\/xi-jinping-e-premie-tailandesa-discutem-relacoes-bilaterais\/","og_site_name":"CRI e Diario de Pernambuco","article_published_time":"2024-11-15T17:55:47+00:00","article_modified_time":"2024-11-16T09:14:39+00:00","author":"Ismael Lucas S. Pereira","twitter_card":"summary_large_image","twitter_misc":{"Escrito por":"Ismael Lucas S. Pereira","Est. tempo de leitura":"2 minutos"},"schema":{"@context":"https:\/\/schema.org","@graph":[{"@type":"Article","@id":"https:\/\/diariodepe.com.br\/cri\/2024\/11\/15\/xi-jinping-e-premie-tailandesa-discutem-relacoes-bilaterais\/#article","isPartOf":{"@id":"https:\/\/diariodepe.com.br\/cri\/2024\/11\/15\/xi-jinping-e-premie-tailandesa-discutem-relacoes-bilaterais\/"},"author":{"name":"Ismael Lucas S. Pereira","@id":"https:\/\/diariodepe.com.br\/cri\/#\/schema\/person\/121bb28d84f1a5b1205ef4ce9c2e0c6b"},"headline":"Xi Jinping e premi\u00ea tailandesa discutem rela\u00e7\u00f5es bilaterais","datePublished":"2024-11-15T17:55:47+00:00","dateModified":"2024-11-16T09:14:39+00:00","mainEntityOfPage":{"@id":"https:\/\/diariodepe.com.br\/cri\/2024\/11\/15\/xi-jinping-e-premie-tailandesa-discutem-relacoes-bilaterais\/"},"wordCount":194,"commentCount":0,"publisher":{"@id":"https:\/\/diariodepe.com.br\/cri\/#organization"},"articleSection":["Internacional"],"inLanguage":"pt-BR","potentialAction":[{"@type":"CommentAction","name":"Comment","target":["https:\/\/diariodepe.com.br\/cri\/2024\/11\/15\/xi-jinping-e-premie-tailandesa-discutem-relacoes-bilaterais\/#respond"]}]},{"@type":"WebPage","@id":"https:\/\/diariodepe.com.br\/cri\/2024\/11\/15\/xi-jinping-e-premie-tailandesa-discutem-relacoes-bilaterais\/","url":"https:\/\/diariodepe.com.br\/cri\/2024\/11\/15\/xi-jinping-e-premie-tailandesa-discutem-relacoes-bilaterais\/","name":"Xi Jinping e premi\u00ea tailandesa discutem rela\u00e7\u00f5es bilaterais - CRI e Diario de Pernambuco","isPartOf":{"@id":"https:\/\/diariodepe.com.br\/cri\/#website"},"datePublished":"2024-11-15T17:55:47+00:00","dateModified":"2024-11-16T09:14:39+00:00","breadcrumb":{"@id":"https:\/\/diariodepe.com.br\/cri\/2024\/11\/15\/xi-jinping-e-premie-tailandesa-discutem-relacoes-bilaterais\/#breadcrumb"},"inLanguage":"pt-BR","potentialAction":[{"@type":"ReadAction","target":["https:\/\/diariodepe.com.br\/cri\/2024\/11\/15\/xi-jinping-e-premie-tailandesa-discutem-relacoes-bilaterais\/"]}]},{"@type":"BreadcrumbList","@id":"https:\/\/diariodepe.com.br\/cri\/2024\/11\/15\/xi-jinping-e-premie-tailandesa-discutem-relacoes-bilaterais\/#breadcrumb","itemListElement":[{"@type":"ListItem","position":1,"name":"In\u00edcio","item":"https:\/\/diariodepe.com.br\/cri\/"},{"@type":"ListItem","position":2,"name":"Xi Jinping e premi\u00ea tailandesa discutem rela\u00e7\u00f5es bilaterais"}]},{"@type":"WebSite","@id":"https:\/\/diariodepe.com.br\/cri\/#website","url":"https:\/\/diariodepe.com.br\/cri\/","name":"CRI e Diario de Pernambuco","description":"R\u00e1dio Internacional da China","publisher":{"@id":"https:\/\/diariodepe.com.br\/cri\/#organization"},"potentialAction":[{"@type":"SearchAction","target":{"@type":"EntryPoint","urlTemplate":"https:\/\/diariodepe.com.br\/cri\/?s={search_term_string}"},"query-input":{"@type":"PropertyValueSpecification","valueRequired":true,"valueName":"search_term_string"}}],"inLanguage":"pt-BR"},{"@type":"Organization","@id":"https:\/\/diariodepe.com.br\/cri\/#organization","name":"CRI e Diario de Pernambuco","url":"https:\/\/diariodepe.com.br\/cri\/","logo":{"@type":"ImageObject","inLanguage":"pt-BR","@id":"https:\/\/diariodepe.com.br\/cri\/#\/schema\/logo\/image\/","url":"https:\/\/diariodepe.com.br\/cri\/wp-content\/uploads\/sites\/2\/2022\/12\/cropped-Logo.jpg","contentUrl":"https:\/\/diariodepe.com.br\/cri\/wp-content\/uploads\/sites\/2\/2022\/12\/cropped-Logo.jpg","width":700,"height":59,"caption":"CRI e Diario de Pernambuco"},"image":{"@id":"https:\/\/diariodepe.com.br\/cri\/#\/schema\/logo\/image\/"}},{"@type":"Person","@id":"https:\/\/diariodepe.com.br\/cri\/#\/schema\/person\/121bb28d84f1a5b1205ef4ce9c2e0c6b","name":"Ismael Lucas S. Pereira","image":{"@type":"ImageObject","inLanguage":"pt-BR","@id":"https:\/\/secure.gravatar.com\/avatar\/887a0f3b5a7ceea963a48499fb883ffce6b5037362def025c52c2505b15d63e4?s=96&d=mm&r=g","url":"https:\/\/secure.gravatar.com\/avatar\/887a0f3b5a7ceea963a48499fb883ffce6b5037362def025c52c2505b15d63e4?s=96&d=mm&r=g","contentUrl":"https:\/\/secure.gravatar.com\/avatar\/887a0f3b5a7ceea963a48499fb883ffce6b5037362def025c52c2505b15d63e4?s=96&d=mm&r=g","caption":"Ismael Lucas S. Pereira"},"url":"https:\/\/diariodepe.com.br\/cri\/author\/ismael-lucas\/"}]}},"cc_featured_image_caption":{"caption_text":false,"source_text":false,"source_url":false},"amp_enabled":true,"_links":{"self":[{"href":"https:\/\/diariodepe.com.br\/cri\/wp-json\/wp\/v2\/posts\/6695","targetHints":{"allow":["GET"]}}],"collection":[{"href":"https:\/\/diariodepe.com.br\/cri\/wp-json\/wp\/v2\/posts"}],"about":[{"href":"https:\/\/diariodepe.com.br\/cri\/wp-json\/wp\/v2\/types\/post"}],"author":[{"embeddable":true,"href":"https:\/\/diariodepe.com.br\/cri\/wp-json\/wp\/v2\/users\/2"}],"replies":[{"embeddable":true,"href":"https:\/\/diariodepe.com.br\/cri\/wp-json\/wp\/v2\/comments?post=6695"}],"version-history":[{"count":1,"href":"https:\/\/diariodepe.com.br\/cri\/wp-json\/wp\/v2\/posts\/6695\/revisions"}],"predecessor-version":[{"id":6697,"href":"https:\/\/diariodepe.com.br\/cri\/wp-json\/wp\/v2\/posts\/6695\/revisions\/6697"}],"wp:attachment":[{"href":"https:\/\/diariodepe.com.br\/cri\/wp-json\/wp\/v2\/media?parent=6695"}],"wp:term":[{"taxonomy":"category","embeddable":true,"href":"https:\/\/diariodepe.com.br\/cri\/wp-json\/wp\/v2\/categories?post=6695"},{"taxonomy":"post_tag","embeddable":true,"href":"https:\/\/diariodepe.com.br\/cri\/wp-json\/wp\/v2\/tags?post=6695"}],"curies":[{"name":"wp","href":"https:\/\/api.w.org\/{rel}","templated":true}]}}