{"id":6689,"date":"2024-11-16T05:47:05","date_gmt":"2024-11-16T08:47:05","guid":{"rendered":"https:\/\/diariodepe.com.br\/cri\/?p=6689"},"modified":"2024-11-16T05:47:37","modified_gmt":"2024-11-16T08:47:37","slug":"terceira-temporada-de-classicos-citados-por-xi-jinping-versao-em-espanhol-estreia-no-peru","status":"publish","type":"post","link":"https:\/\/diariodepe.com.br\/cri\/2024\/11\/16\/terceira-temporada-de-classicos-citados-por-xi-jinping-versao-em-espanhol-estreia-no-peru\/","title":{"rendered":"Terceira temporada de \u201cCl\u00e1ssicos Citados por Xi Jinping (vers\u00e3o em espanhol)\u201d estreia no Peru"},"content":{"rendered":"<p data-spm-anchor-id=\"0.0.0.i3\">Por ocasi\u00e3o da participa\u00e7\u00e3o do presidente chin\u00eas, Xi Jinping, na 31\u00aa Reuni\u00e3o de L\u00edderes Econ\u00f4micos da Apec e da sua visita de Estado ao Peru, o China Media Group (CMG) organizou na sexta-feira (15) em Lima, uma cerim\u00f4nia de lan\u00e7amento da terceira temporada do document\u00e1rio \u201cCl\u00e1ssicos Citados por Xi Jinping (vers\u00e3o em espanhol)\u201d.<\/p>\n<p>A presidente do Peru, Dina Boluarte, parabenizou a iniciativa por mensagem. Ela afirmou que o lan\u00e7amento do document\u00e1rio no Peru consolidar\u00e1 mais uma vez os alicerces da duradoura amizade entre os dois pa\u00edses, construindo n\u00e3o apenas para o povo peruano, mas tamb\u00e9m, em particular, para a gera\u00e7\u00e3o mais jovem, uma ponte para compreender a longa hist\u00f3ria e a rica filosofia da China. \u201cTamb\u00e9m demonstra a determina\u00e7\u00e3o do presidente Xi Jinping em herdar e transmitir a civiliza\u00e7\u00e3o chinesa de cinco mil\u00eanios, al\u00e9m de integr\u00e1-la na pr\u00e1tica da constru\u00e7\u00e3o de uma comunidade de futuro partilhado para a humanidade.\u201d<\/p>\n<p data-spm-anchor-id=\"0.0.0.i1\">Segundo o presidente do CMG, Shen Haixiong, no document\u00e1rio Cl\u00e1ssicos Citados por Xi Jinping foram cuidadosamente selecionadas c\u00e9lebres frases de obras cl\u00e1ssicas citadas pelo presidente chin\u00eas em seus discursos, artigos e importantes interven\u00e7\u00f5es. \u00a0Os temas em foco incluem a \u00a0filosofia de Povo em Primeiro Lugar, reforma e inova\u00e7\u00e3o, prosperidade comum, prote\u00e7\u00e3o ecol\u00f3gica, heran\u00e7a cultural e diversidade civilizacional, apresentando eminentemente os conceitos pol\u00edticos extraordin\u00e1rios, sentimentos human\u00edsticos profundos e vis\u00f5es amplas sobre a hist\u00f3ria e o mundo do presidente Xi Jinping.<\/p>\n<p>\u201cAcreditamos que este trabalho promover\u00e1 ainda mais a compreens\u00e3o e a resson\u00e2ncia entre os dois povos, e acrescentar\u00e1 um novo brilho \u00e0s civiliza\u00e7\u00f5es chinesa e inca que se complementaram na longa hist\u00f3ria da humanidade.\u201d<\/p>\n","protected":false},"excerpt":{"rendered":"<p>Por ocasi\u00e3o da participa\u00e7\u00e3o do presidente chin\u00eas, Xi Jinping, na 31\u00aa Reuni\u00e3o de L\u00edderes Econ\u00f4micos da Apec e da sua visita de Estado ao Peru, o China Media Group (CMG) organizou na sexta-feira (15) em Lima, uma cerim\u00f4nia de lan\u00e7amento&#8230;<\/p>\n","protected":false},"author":2,"featured_media":6690,"comment_status":"open","ping_status":"open","sticky":false,"template":"","format":"standard","meta":{"footnotes":""},"categories":[5,8],"tags":[],"class_list":["post-6689","post","type-post","status-publish","format-standard","has-post-thumbnail","hentry","category-destaques-capa","category-internacional"],"yoast_head":"<!-- This site is optimized with the Yoast SEO plugin v27.4 - https:\/\/yoast.com\/product\/yoast-seo-wordpress\/ -->\n<title>Terceira temporada de \u201cCl\u00e1ssicos Citados por Xi Jinping (vers\u00e3o em espanhol)\u201d estreia no Peru - CRI e Diario de Pernambuco<\/title>\n<meta name=\"robots\" content=\"index, follow, max-snippet:-1, max-image-preview:large, max-video-preview:-1\" \/>\n<link rel=\"canonical\" href=\"https:\/\/diariodepe.com.br\/cri\/2024\/11\/16\/terceira-temporada-de-classicos-citados-por-xi-jinping-versao-em-espanhol-estreia-no-peru\/\" \/>\n<meta property=\"og:locale\" content=\"pt_BR\" \/>\n<meta property=\"og:type\" content=\"article\" \/>\n<meta property=\"og:title\" content=\"Terceira temporada de \u201cCl\u00e1ssicos Citados por Xi Jinping (vers\u00e3o em espanhol)\u201d estreia no Peru - CRI e Diario de Pernambuco\" \/>\n<meta property=\"og:description\" content=\"Por ocasi\u00e3o da participa\u00e7\u00e3o do presidente chin\u00eas, Xi Jinping, na 31\u00aa Reuni\u00e3o de L\u00edderes Econ\u00f4micos da Apec e da sua visita de Estado ao Peru, o China Media Group (CMG) organizou na sexta-feira (15) em Lima, uma cerim\u00f4nia de lan\u00e7amento...\" \/>\n<meta property=\"og:url\" content=\"https:\/\/diariodepe.com.br\/cri\/2024\/11\/16\/terceira-temporada-de-classicos-citados-por-xi-jinping-versao-em-espanhol-estreia-no-peru\/\" \/>\n<meta property=\"og:site_name\" content=\"CRI e Diario de Pernambuco\" \/>\n<meta property=\"article:published_time\" content=\"2024-11-16T08:47:05+00:00\" \/>\n<meta property=\"article:modified_time\" content=\"2024-11-16T08:47:37+00:00\" \/>\n<meta property=\"og:image\" content=\"https:\/\/diariodepe.com.br\/cri\/wp-content\/uploads\/sites\/2\/2024\/11\/WechatIMG1965-scaled.jpg\" \/>\n\t<meta property=\"og:image:width\" content=\"2560\" \/>\n\t<meta property=\"og:image:height\" content=\"1163\" \/>\n\t<meta property=\"og:image:type\" content=\"image\/jpeg\" \/>\n<meta name=\"author\" content=\"Ismael Lucas S. Pereira\" \/>\n<meta name=\"twitter:card\" content=\"summary_large_image\" \/>\n<meta name=\"twitter:label1\" content=\"Escrito por\" \/>\n\t<meta name=\"twitter:data1\" content=\"Ismael Lucas S. Pereira\" \/>\n\t<meta name=\"twitter:label2\" content=\"Est. tempo de leitura\" \/>\n\t<meta name=\"twitter:data2\" content=\"2 minutos\" \/>\n<script type=\"application\/ld+json\" class=\"yoast-schema-graph\">{\"@context\":\"https:\\\/\\\/schema.org\",\"@graph\":[{\"@type\":\"Article\",\"@id\":\"https:\\\/\\\/diariodepe.com.br\\\/cri\\\/2024\\\/11\\\/16\\\/terceira-temporada-de-classicos-citados-por-xi-jinping-versao-em-espanhol-estreia-no-peru\\\/#article\",\"isPartOf\":{\"@id\":\"https:\\\/\\\/diariodepe.com.br\\\/cri\\\/2024\\\/11\\\/16\\\/terceira-temporada-de-classicos-citados-por-xi-jinping-versao-em-espanhol-estreia-no-peru\\\/\"},\"author\":{\"name\":\"Ismael Lucas S. Pereira\",\"@id\":\"https:\\\/\\\/diariodepe.com.br\\\/cri\\\/#\\\/schema\\\/person\\\/121bb28d84f1a5b1205ef4ce9c2e0c6b\"},\"headline\":\"Terceira temporada de \u201cCl\u00e1ssicos Citados por Xi Jinping (vers\u00e3o em espanhol)\u201d estreia no Peru\",\"datePublished\":\"2024-11-16T08:47:05+00:00\",\"dateModified\":\"2024-11-16T08:47:37+00:00\",\"mainEntityOfPage\":{\"@id\":\"https:\\\/\\\/diariodepe.com.br\\\/cri\\\/2024\\\/11\\\/16\\\/terceira-temporada-de-classicos-citados-por-xi-jinping-versao-em-espanhol-estreia-no-peru\\\/\"},\"wordCount\":321,\"commentCount\":0,\"publisher\":{\"@id\":\"https:\\\/\\\/diariodepe.com.br\\\/cri\\\/#organization\"},\"image\":{\"@id\":\"https:\\\/\\\/diariodepe.com.br\\\/cri\\\/2024\\\/11\\\/16\\\/terceira-temporada-de-classicos-citados-por-xi-jinping-versao-em-espanhol-estreia-no-peru\\\/#primaryimage\"},\"thumbnailUrl\":\"https:\\\/\\\/diariodepe.com.br\\\/cri\\\/wp-content\\\/uploads\\\/sites\\\/2\\\/2024\\\/11\\\/WechatIMG1965-scaled.jpg\",\"articleSection\":[\"Destaques Capa\",\"Internacional\"],\"inLanguage\":\"pt-BR\",\"potentialAction\":[{\"@type\":\"CommentAction\",\"name\":\"Comment\",\"target\":[\"https:\\\/\\\/diariodepe.com.br\\\/cri\\\/2024\\\/11\\\/16\\\/terceira-temporada-de-classicos-citados-por-xi-jinping-versao-em-espanhol-estreia-no-peru\\\/#respond\"]}]},{\"@type\":\"WebPage\",\"@id\":\"https:\\\/\\\/diariodepe.com.br\\\/cri\\\/2024\\\/11\\\/16\\\/terceira-temporada-de-classicos-citados-por-xi-jinping-versao-em-espanhol-estreia-no-peru\\\/\",\"url\":\"https:\\\/\\\/diariodepe.com.br\\\/cri\\\/2024\\\/11\\\/16\\\/terceira-temporada-de-classicos-citados-por-xi-jinping-versao-em-espanhol-estreia-no-peru\\\/\",\"name\":\"Terceira temporada de \u201cCl\u00e1ssicos Citados por Xi Jinping (vers\u00e3o em espanhol)\u201d estreia no Peru - CRI e Diario de Pernambuco\",\"isPartOf\":{\"@id\":\"https:\\\/\\\/diariodepe.com.br\\\/cri\\\/#website\"},\"primaryImageOfPage\":{\"@id\":\"https:\\\/\\\/diariodepe.com.br\\\/cri\\\/2024\\\/11\\\/16\\\/terceira-temporada-de-classicos-citados-por-xi-jinping-versao-em-espanhol-estreia-no-peru\\\/#primaryimage\"},\"image\":{\"@id\":\"https:\\\/\\\/diariodepe.com.br\\\/cri\\\/2024\\\/11\\\/16\\\/terceira-temporada-de-classicos-citados-por-xi-jinping-versao-em-espanhol-estreia-no-peru\\\/#primaryimage\"},\"thumbnailUrl\":\"https:\\\/\\\/diariodepe.com.br\\\/cri\\\/wp-content\\\/uploads\\\/sites\\\/2\\\/2024\\\/11\\\/WechatIMG1965-scaled.jpg\",\"datePublished\":\"2024-11-16T08:47:05+00:00\",\"dateModified\":\"2024-11-16T08:47:37+00:00\",\"breadcrumb\":{\"@id\":\"https:\\\/\\\/diariodepe.com.br\\\/cri\\\/2024\\\/11\\\/16\\\/terceira-temporada-de-classicos-citados-por-xi-jinping-versao-em-espanhol-estreia-no-peru\\\/#breadcrumb\"},\"inLanguage\":\"pt-BR\",\"potentialAction\":[{\"@type\":\"ReadAction\",\"target\":[\"https:\\\/\\\/diariodepe.com.br\\\/cri\\\/2024\\\/11\\\/16\\\/terceira-temporada-de-classicos-citados-por-xi-jinping-versao-em-espanhol-estreia-no-peru\\\/\"]}]},{\"@type\":\"ImageObject\",\"inLanguage\":\"pt-BR\",\"@id\":\"https:\\\/\\\/diariodepe.com.br\\\/cri\\\/2024\\\/11\\\/16\\\/terceira-temporada-de-classicos-citados-por-xi-jinping-versao-em-espanhol-estreia-no-peru\\\/#primaryimage\",\"url\":\"https:\\\/\\\/diariodepe.com.br\\\/cri\\\/wp-content\\\/uploads\\\/sites\\\/2\\\/2024\\\/11\\\/WechatIMG1965-scaled.jpg\",\"contentUrl\":\"https:\\\/\\\/diariodepe.com.br\\\/cri\\\/wp-content\\\/uploads\\\/sites\\\/2\\\/2024\\\/11\\\/WechatIMG1965-scaled.jpg\",\"width\":2560,\"height\":1163},{\"@type\":\"BreadcrumbList\",\"@id\":\"https:\\\/\\\/diariodepe.com.br\\\/cri\\\/2024\\\/11\\\/16\\\/terceira-temporada-de-classicos-citados-por-xi-jinping-versao-em-espanhol-estreia-no-peru\\\/#breadcrumb\",\"itemListElement\":[{\"@type\":\"ListItem\",\"position\":1,\"name\":\"In\u00edcio\",\"item\":\"https:\\\/\\\/diariodepe.com.br\\\/cri\\\/\"},{\"@type\":\"ListItem\",\"position\":2,\"name\":\"Terceira temporada de \u201cCl\u00e1ssicos Citados por Xi Jinping (vers\u00e3o em espanhol)\u201d estreia no Peru\"}]},{\"@type\":\"WebSite\",\"@id\":\"https:\\\/\\\/diariodepe.com.br\\\/cri\\\/#website\",\"url\":\"https:\\\/\\\/diariodepe.com.br\\\/cri\\\/\",\"name\":\"CRI e Diario de Pernambuco\",\"description\":\"R\u00e1dio Internacional da China\",\"publisher\":{\"@id\":\"https:\\\/\\\/diariodepe.com.br\\\/cri\\\/#organization\"},\"potentialAction\":[{\"@type\":\"SearchAction\",\"target\":{\"@type\":\"EntryPoint\",\"urlTemplate\":\"https:\\\/\\\/diariodepe.com.br\\\/cri\\\/?s={search_term_string}\"},\"query-input\":{\"@type\":\"PropertyValueSpecification\",\"valueRequired\":true,\"valueName\":\"search_term_string\"}}],\"inLanguage\":\"pt-BR\"},{\"@type\":\"Organization\",\"@id\":\"https:\\\/\\\/diariodepe.com.br\\\/cri\\\/#organization\",\"name\":\"CRI e Diario de Pernambuco\",\"url\":\"https:\\\/\\\/diariodepe.com.br\\\/cri\\\/\",\"logo\":{\"@type\":\"ImageObject\",\"inLanguage\":\"pt-BR\",\"@id\":\"https:\\\/\\\/diariodepe.com.br\\\/cri\\\/#\\\/schema\\\/logo\\\/image\\\/\",\"url\":\"https:\\\/\\\/diariodepe.com.br\\\/cri\\\/wp-content\\\/uploads\\\/sites\\\/2\\\/2022\\\/12\\\/cropped-Logo.jpg\",\"contentUrl\":\"https:\\\/\\\/diariodepe.com.br\\\/cri\\\/wp-content\\\/uploads\\\/sites\\\/2\\\/2022\\\/12\\\/cropped-Logo.jpg\",\"width\":700,\"height\":59,\"caption\":\"CRI e Diario de Pernambuco\"},\"image\":{\"@id\":\"https:\\\/\\\/diariodepe.com.br\\\/cri\\\/#\\\/schema\\\/logo\\\/image\\\/\"}},{\"@type\":\"Person\",\"@id\":\"https:\\\/\\\/diariodepe.com.br\\\/cri\\\/#\\\/schema\\\/person\\\/121bb28d84f1a5b1205ef4ce9c2e0c6b\",\"name\":\"Ismael Lucas S. Pereira\",\"image\":{\"@type\":\"ImageObject\",\"inLanguage\":\"pt-BR\",\"@id\":\"https:\\\/\\\/secure.gravatar.com\\\/avatar\\\/887a0f3b5a7ceea963a48499fb883ffce6b5037362def025c52c2505b15d63e4?s=96&d=mm&r=g\",\"url\":\"https:\\\/\\\/secure.gravatar.com\\\/avatar\\\/887a0f3b5a7ceea963a48499fb883ffce6b5037362def025c52c2505b15d63e4?s=96&d=mm&r=g\",\"contentUrl\":\"https:\\\/\\\/secure.gravatar.com\\\/avatar\\\/887a0f3b5a7ceea963a48499fb883ffce6b5037362def025c52c2505b15d63e4?s=96&d=mm&r=g\",\"caption\":\"Ismael Lucas S. Pereira\"},\"url\":\"https:\\\/\\\/diariodepe.com.br\\\/cri\\\/author\\\/ismael-lucas\\\/\"}]}<\/script>\n<!-- \/ Yoast SEO plugin. -->","yoast_head_json":{"title":"Terceira temporada de \u201cCl\u00e1ssicos Citados por Xi Jinping (vers\u00e3o em espanhol)\u201d estreia no Peru - CRI e Diario de Pernambuco","robots":{"index":"index","follow":"follow","max-snippet":"max-snippet:-1","max-image-preview":"max-image-preview:large","max-video-preview":"max-video-preview:-1"},"canonical":"https:\/\/diariodepe.com.br\/cri\/2024\/11\/16\/terceira-temporada-de-classicos-citados-por-xi-jinping-versao-em-espanhol-estreia-no-peru\/","og_locale":"pt_BR","og_type":"article","og_title":"Terceira temporada de \u201cCl\u00e1ssicos Citados por Xi Jinping (vers\u00e3o em espanhol)\u201d estreia no Peru - CRI e Diario de Pernambuco","og_description":"Por ocasi\u00e3o da participa\u00e7\u00e3o do presidente chin\u00eas, Xi Jinping, na 31\u00aa Reuni\u00e3o de L\u00edderes Econ\u00f4micos da Apec e da sua visita de Estado ao Peru, o China Media Group (CMG) organizou na sexta-feira (15) em Lima, uma cerim\u00f4nia de lan\u00e7amento...","og_url":"https:\/\/diariodepe.com.br\/cri\/2024\/11\/16\/terceira-temporada-de-classicos-citados-por-xi-jinping-versao-em-espanhol-estreia-no-peru\/","og_site_name":"CRI e Diario de Pernambuco","article_published_time":"2024-11-16T08:47:05+00:00","article_modified_time":"2024-11-16T08:47:37+00:00","og_image":[{"width":2560,"height":1163,"url":"https:\/\/diariodepe.com.br\/cri\/wp-content\/uploads\/sites\/2\/2024\/11\/WechatIMG1965-scaled.jpg","type":"image\/jpeg"}],"author":"Ismael Lucas S. Pereira","twitter_card":"summary_large_image","twitter_misc":{"Escrito por":"Ismael Lucas S. Pereira","Est. tempo de leitura":"2 minutos"},"schema":{"@context":"https:\/\/schema.org","@graph":[{"@type":"Article","@id":"https:\/\/diariodepe.com.br\/cri\/2024\/11\/16\/terceira-temporada-de-classicos-citados-por-xi-jinping-versao-em-espanhol-estreia-no-peru\/#article","isPartOf":{"@id":"https:\/\/diariodepe.com.br\/cri\/2024\/11\/16\/terceira-temporada-de-classicos-citados-por-xi-jinping-versao-em-espanhol-estreia-no-peru\/"},"author":{"name":"Ismael Lucas S. Pereira","@id":"https:\/\/diariodepe.com.br\/cri\/#\/schema\/person\/121bb28d84f1a5b1205ef4ce9c2e0c6b"},"headline":"Terceira temporada de \u201cCl\u00e1ssicos Citados por Xi Jinping (vers\u00e3o em espanhol)\u201d estreia no Peru","datePublished":"2024-11-16T08:47:05+00:00","dateModified":"2024-11-16T08:47:37+00:00","mainEntityOfPage":{"@id":"https:\/\/diariodepe.com.br\/cri\/2024\/11\/16\/terceira-temporada-de-classicos-citados-por-xi-jinping-versao-em-espanhol-estreia-no-peru\/"},"wordCount":321,"commentCount":0,"publisher":{"@id":"https:\/\/diariodepe.com.br\/cri\/#organization"},"image":{"@id":"https:\/\/diariodepe.com.br\/cri\/2024\/11\/16\/terceira-temporada-de-classicos-citados-por-xi-jinping-versao-em-espanhol-estreia-no-peru\/#primaryimage"},"thumbnailUrl":"https:\/\/diariodepe.com.br\/cri\/wp-content\/uploads\/sites\/2\/2024\/11\/WechatIMG1965-scaled.jpg","articleSection":["Destaques Capa","Internacional"],"inLanguage":"pt-BR","potentialAction":[{"@type":"CommentAction","name":"Comment","target":["https:\/\/diariodepe.com.br\/cri\/2024\/11\/16\/terceira-temporada-de-classicos-citados-por-xi-jinping-versao-em-espanhol-estreia-no-peru\/#respond"]}]},{"@type":"WebPage","@id":"https:\/\/diariodepe.com.br\/cri\/2024\/11\/16\/terceira-temporada-de-classicos-citados-por-xi-jinping-versao-em-espanhol-estreia-no-peru\/","url":"https:\/\/diariodepe.com.br\/cri\/2024\/11\/16\/terceira-temporada-de-classicos-citados-por-xi-jinping-versao-em-espanhol-estreia-no-peru\/","name":"Terceira temporada de \u201cCl\u00e1ssicos Citados por Xi Jinping (vers\u00e3o em espanhol)\u201d estreia no Peru - CRI e Diario de Pernambuco","isPartOf":{"@id":"https:\/\/diariodepe.com.br\/cri\/#website"},"primaryImageOfPage":{"@id":"https:\/\/diariodepe.com.br\/cri\/2024\/11\/16\/terceira-temporada-de-classicos-citados-por-xi-jinping-versao-em-espanhol-estreia-no-peru\/#primaryimage"},"image":{"@id":"https:\/\/diariodepe.com.br\/cri\/2024\/11\/16\/terceira-temporada-de-classicos-citados-por-xi-jinping-versao-em-espanhol-estreia-no-peru\/#primaryimage"},"thumbnailUrl":"https:\/\/diariodepe.com.br\/cri\/wp-content\/uploads\/sites\/2\/2024\/11\/WechatIMG1965-scaled.jpg","datePublished":"2024-11-16T08:47:05+00:00","dateModified":"2024-11-16T08:47:37+00:00","breadcrumb":{"@id":"https:\/\/diariodepe.com.br\/cri\/2024\/11\/16\/terceira-temporada-de-classicos-citados-por-xi-jinping-versao-em-espanhol-estreia-no-peru\/#breadcrumb"},"inLanguage":"pt-BR","potentialAction":[{"@type":"ReadAction","target":["https:\/\/diariodepe.com.br\/cri\/2024\/11\/16\/terceira-temporada-de-classicos-citados-por-xi-jinping-versao-em-espanhol-estreia-no-peru\/"]}]},{"@type":"ImageObject","inLanguage":"pt-BR","@id":"https:\/\/diariodepe.com.br\/cri\/2024\/11\/16\/terceira-temporada-de-classicos-citados-por-xi-jinping-versao-em-espanhol-estreia-no-peru\/#primaryimage","url":"https:\/\/diariodepe.com.br\/cri\/wp-content\/uploads\/sites\/2\/2024\/11\/WechatIMG1965-scaled.jpg","contentUrl":"https:\/\/diariodepe.com.br\/cri\/wp-content\/uploads\/sites\/2\/2024\/11\/WechatIMG1965-scaled.jpg","width":2560,"height":1163},{"@type":"BreadcrumbList","@id":"https:\/\/diariodepe.com.br\/cri\/2024\/11\/16\/terceira-temporada-de-classicos-citados-por-xi-jinping-versao-em-espanhol-estreia-no-peru\/#breadcrumb","itemListElement":[{"@type":"ListItem","position":1,"name":"In\u00edcio","item":"https:\/\/diariodepe.com.br\/cri\/"},{"@type":"ListItem","position":2,"name":"Terceira temporada de \u201cCl\u00e1ssicos Citados por Xi Jinping (vers\u00e3o em espanhol)\u201d estreia no Peru"}]},{"@type":"WebSite","@id":"https:\/\/diariodepe.com.br\/cri\/#website","url":"https:\/\/diariodepe.com.br\/cri\/","name":"CRI e Diario de Pernambuco","description":"R\u00e1dio Internacional da China","publisher":{"@id":"https:\/\/diariodepe.com.br\/cri\/#organization"},"potentialAction":[{"@type":"SearchAction","target":{"@type":"EntryPoint","urlTemplate":"https:\/\/diariodepe.com.br\/cri\/?s={search_term_string}"},"query-input":{"@type":"PropertyValueSpecification","valueRequired":true,"valueName":"search_term_string"}}],"inLanguage":"pt-BR"},{"@type":"Organization","@id":"https:\/\/diariodepe.com.br\/cri\/#organization","name":"CRI e Diario de Pernambuco","url":"https:\/\/diariodepe.com.br\/cri\/","logo":{"@type":"ImageObject","inLanguage":"pt-BR","@id":"https:\/\/diariodepe.com.br\/cri\/#\/schema\/logo\/image\/","url":"https:\/\/diariodepe.com.br\/cri\/wp-content\/uploads\/sites\/2\/2022\/12\/cropped-Logo.jpg","contentUrl":"https:\/\/diariodepe.com.br\/cri\/wp-content\/uploads\/sites\/2\/2022\/12\/cropped-Logo.jpg","width":700,"height":59,"caption":"CRI e Diario de Pernambuco"},"image":{"@id":"https:\/\/diariodepe.com.br\/cri\/#\/schema\/logo\/image\/"}},{"@type":"Person","@id":"https:\/\/diariodepe.com.br\/cri\/#\/schema\/person\/121bb28d84f1a5b1205ef4ce9c2e0c6b","name":"Ismael Lucas S. Pereira","image":{"@type":"ImageObject","inLanguage":"pt-BR","@id":"https:\/\/secure.gravatar.com\/avatar\/887a0f3b5a7ceea963a48499fb883ffce6b5037362def025c52c2505b15d63e4?s=96&d=mm&r=g","url":"https:\/\/secure.gravatar.com\/avatar\/887a0f3b5a7ceea963a48499fb883ffce6b5037362def025c52c2505b15d63e4?s=96&d=mm&r=g","contentUrl":"https:\/\/secure.gravatar.com\/avatar\/887a0f3b5a7ceea963a48499fb883ffce6b5037362def025c52c2505b15d63e4?s=96&d=mm&r=g","caption":"Ismael Lucas S. Pereira"},"url":"https:\/\/diariodepe.com.br\/cri\/author\/ismael-lucas\/"}]}},"cc_featured_image_caption":{"caption_text":false,"source_text":false,"source_url":false},"amp_enabled":true,"_links":{"self":[{"href":"https:\/\/diariodepe.com.br\/cri\/wp-json\/wp\/v2\/posts\/6689","targetHints":{"allow":["GET"]}}],"collection":[{"href":"https:\/\/diariodepe.com.br\/cri\/wp-json\/wp\/v2\/posts"}],"about":[{"href":"https:\/\/diariodepe.com.br\/cri\/wp-json\/wp\/v2\/types\/post"}],"author":[{"embeddable":true,"href":"https:\/\/diariodepe.com.br\/cri\/wp-json\/wp\/v2\/users\/2"}],"replies":[{"embeddable":true,"href":"https:\/\/diariodepe.com.br\/cri\/wp-json\/wp\/v2\/comments?post=6689"}],"version-history":[{"count":2,"href":"https:\/\/diariodepe.com.br\/cri\/wp-json\/wp\/v2\/posts\/6689\/revisions"}],"predecessor-version":[{"id":6692,"href":"https:\/\/diariodepe.com.br\/cri\/wp-json\/wp\/v2\/posts\/6689\/revisions\/6692"}],"wp:featuredmedia":[{"embeddable":true,"href":"https:\/\/diariodepe.com.br\/cri\/wp-json\/wp\/v2\/media\/6690"}],"wp:attachment":[{"href":"https:\/\/diariodepe.com.br\/cri\/wp-json\/wp\/v2\/media?parent=6689"}],"wp:term":[{"taxonomy":"category","embeddable":true,"href":"https:\/\/diariodepe.com.br\/cri\/wp-json\/wp\/v2\/categories?post=6689"},{"taxonomy":"post_tag","embeddable":true,"href":"https:\/\/diariodepe.com.br\/cri\/wp-json\/wp\/v2\/tags?post=6689"}],"curies":[{"name":"wp","href":"https:\/\/api.w.org\/{rel}","templated":true}]}}