{"id":6687,"date":"2024-11-16T05:17:06","date_gmt":"2024-11-16T08:17:06","guid":{"rendered":"https:\/\/diariodepe.com.br\/cri\/?p=6687"},"modified":"2024-11-16T05:17:06","modified_gmt":"2024-11-16T08:17:06","slug":"analista-mocambicano-considera-que-a-entrada-da-uniao-africana-no-g20-pode-trazer-beneficios-diretos-para-os-paises-africanos","status":"publish","type":"post","link":"https:\/\/diariodepe.com.br\/cri\/2024\/11\/16\/analista-mocambicano-considera-que-a-entrada-da-uniao-africana-no-g20-pode-trazer-beneficios-diretos-para-os-paises-africanos\/","title":{"rendered":"Analista mo\u00e7ambicano considera que a entrada da Uni\u00e3o Africana no G20 pode trazer benef\u00edcios diretos para os pa\u00edses africanos"},"content":{"rendered":"<p data-spm-anchor-id=\"0.0.0.i2\">A recente inclus\u00e3o da Uni\u00e3o Africana (UA) como membro permanente do G20 representa um avan\u00e7o significativo e um marco hist\u00f3rico para a representa\u00e7\u00e3o africana em f\u00f3runs globais.<\/p>\n<p data-spm-anchor-id=\"0.0.0.i1\">A UA tornou-se parte desse influente grupo que re\u00fane as maiores economias do mundo, durante a c\u00fapula realizada em Nova D\u00e9li, na \u00cdndia, em 2023.<\/p>\n<p>Este momento hist\u00f3rico abre novas oportunidades e desafios tanto para a Uni\u00e3o Africana quanto para os pa\u00edses africanos.<\/p>\n<p class=\"photo_img_20190808\"><img decoding=\"async\" class=\"aligncenter\" src=\"https:\/\/p4crires.cri.cn\/photoworkspace\/cri\/contentimg\/2024\/11\/06\/2024103010025414633.jpg\" alt=\"\" \/><\/p>\n<p>Segundo o analista e acad\u00e9mico mo\u00e7ambicano, Gil Anibal, a ades\u00e3o da UA ao G20 n\u00e3o \u00e9 apenas um reconhecimento simb\u00f3lico, mas tamb\u00e9m uma plataforma que permite \u00e0 \u00c1frica participar ativamente das discuss\u00f5es sobre quest\u00f5es globais que impactam diretamente o continente.<\/p>\n<p>\u201cA entrada da UA no G20 tem como principais objetivos promover o desenvolvimento sustent\u00e1vel, fortalecer a coopera\u00e7\u00e3o internacional e garantir que as vozes africanas sejam ouvidas nas discuss\u00f5es globais\u201d, disse.<\/p>\n<p>O analista anotou que a UA busca influenciar pol\u00edticas que atendam \u00e0s necessidades dos 55 pa\u00edses africanos e contribuir para a agenda global de combate \u00e0s mudan\u00e7as clim\u00e1ticas. A representa\u00e7\u00e3o africana em um f\u00f3rum t\u00e3o relevante \u00e9 crucial para garantir que as realidades e desafios \u00fanicos enfrentados pelo continente sejam levados em considera\u00e7\u00e3o nas decis\u00f5es que moldam o futuro econ\u00f4mico e social do planeta.<\/p>\n<p>Al\u00e9m disso, a participa\u00e7\u00e3o da UA no G20 pode trazer benef\u00edcios diretos para os pa\u00edses africanos. Com uma representa\u00e7\u00e3o mais robusta, as na\u00e7\u00f5es africanas poder\u00e3o acessar recursos e investimentos necess\u00e1rios para o desenvolvimento econ\u00f4mico e social.<\/p>\n<p>Acrescentou que a inclus\u00e3o da UA tamb\u00e9m pode facilitar a cria\u00e7\u00e3o de parcerias comerciais, aumentando as oportunidades de exporta\u00e7\u00e3o e atraindo investimentos estrangeiros.<\/p>\n<p>O G20, composto por economias que respondem por cerca de 85% do PIB global, oferece uma plataforma \u00fanica para a UA negociar acordos que possam beneficiar diretamente o desenvolvimento africano.<\/p>\n<p>Outro aspecto importante da participa\u00e7\u00e3o da UA no G20 \u00e9 a possibilidade de colaborar em iniciativas globais que abordam quest\u00f5es como a sa\u00fade p\u00fablica, a educa\u00e7\u00e3o e a infraestrutura.<\/p>\n<p>A pandemia de Covid-19 destacou a vulnerabilidade dos sistemas de sa\u00fade em muitos pa\u00edses africanos e a necessidade de uma abordagem colaborativa para enfrentar crises sanit\u00e1rias.<\/p>\n<p>A UA pode utilizar sua posi\u00e7\u00e3o no G20 para promover a equidade no acesso a vacinas e tratamentos, al\u00e9m de trabalhar para fortalecer os sistemas de sa\u00fade locais.<\/p>\n<p style=\"text-align: center;\"><strong>Desafios e Expectativas Futuras<\/strong><\/p>\n<p>Apesar das promessas, a UA enfrentar\u00e1 desafios significativos como membro do G20.<\/p>\n<p>Segundo Gil Anibal, a diversidade de interesses entre os pa\u00edses membros pode dificultar a forma\u00e7\u00e3o de consenso em quest\u00f5es cruciais.<\/p>\n<p>\u201cA UA deve navegar por uma complexa rede de prioridades e expectativas, onde as necessidades de suas na\u00e7\u00f5es-membros podem n\u00e3o estar totalmente alinhadas com as agendas dos pa\u00edses mais poderosos. No entanto, a UA tem a oportunidade de priorizar temas relevantes, como seguran\u00e7a alimentar, sa\u00fade e educa\u00e7\u00e3o, que s\u00e3o essenciais para o progresso do continente\u201d, referiu.<\/p>\n<p>O analista disse ainda que a import\u00e2ncia da inclus\u00e3o das vozes africanas nas discuss\u00f5es globais n\u00e3o pode ser subestimada. A UA pode impactar as pol\u00edticas de desenvolvimento sustent\u00e1vel e promover a paz e a seguran\u00e7a no continente, influenciando assim a din\u00e2mica de poder dentro do G20. Ele destacou que a comunidade internacional aguarda com expectativa a contribui\u00e7\u00e3o da UA para a agenda global, na certeza de que sua presen\u00e7a enriquecer\u00e1 o debate e trar\u00e1 novas perspectivas sobre desafios globais.<\/p>\n<p>\u201cUm dos principais desafios ser\u00e1 garantir que as discuss\u00f5es no G20 n\u00e3o sejam dominadas por temas que n\u00e3o refletem as prioridades africanas. A UA deve adotar uma abordagem estrat\u00e9gica, articulando sua agenda de forma que as quest\u00f5es africanas sejam consideradas priorit\u00e1rias. Isso exigir\u00e1 uma diplomacia activa e uma comunica\u00e7\u00e3o eficaz com outros membros do G20 e com aliados internacionais\u201d recordou.<\/p>\n<p>Gil Anibal afirmou que, com a c\u00fapula do G20 marcada para os dias 18 e 19 de novembro de 2024, no Brasil, a UA est\u00e1 bem posicionada para fazer uma estreia impactante, moldando as conversas sobre as prioridades que afetam n\u00e3o apenas a \u00c1frica, mas o mundo como um todo.<\/p>\n<p>Ele real\u00e7ou que a entrada da UA no G20 \u00e9 um passo promissor em dire\u00e7\u00e3o a um futuro mais inclusivo e colaborativo. A expectativa \u00e9 que, com sua participa\u00e7\u00e3o, a UA n\u00e3o apenas represente os interesses africanos, mas tamb\u00e9m contribua para solu\u00e7\u00f5es globais que beneficiem a todos, promovendo um desenvolvimento mais justo e sustent\u00e1vel.<\/p>\n<p style=\"text-align: center;\"><strong>A Constru\u00e7\u00e3o de um Futuro Inclusivo<\/strong><\/p>\n<p>Com o ingresso da Uni\u00e3o Africana ao G20, \u00e9 essencial que os l\u00edderes africanos utilizem a plataforma para construir alian\u00e7as e parcerias que transcendam fronteiras geogr\u00e1ficas e pol\u00edticas. A colabora\u00e7\u00e3o com pa\u00edses n\u00e3o africanos, bem como com organiza\u00e7\u00f5es internacionais e regionais, pode fortalecer a posi\u00e7\u00e3o da UA nas discuss\u00f5es globais. Al\u00e9m disso, a UA deve se empenhar em promover a troca de conhecimentos e experi\u00eancias entre os pa\u00edses africanos, criando uma rede de suporte m\u00fatuo que capitalize as melhores pr\u00e1ticas em pol\u00edticas p\u00fablicas e desenvolvimento.<\/p>\n<p><em>Por Alberto Zuze, rep\u00f3rter em Mo\u00e7ambique<\/em><\/p>\n","protected":false},"excerpt":{"rendered":"<p>A recente inclus\u00e3o da Uni\u00e3o Africana (UA) como membro permanente do G20 representa um avan\u00e7o significativo e um marco hist\u00f3rico para a representa\u00e7\u00e3o africana em f\u00f3runs globais. A UA tornou-se parte desse influente grupo que re\u00fane as maiores economias do&#8230;<\/p>\n","protected":false},"author":2,"featured_media":0,"comment_status":"open","ping_status":"open","sticky":false,"template":"","format":"standard","meta":{"footnotes":""},"categories":[7],"tags":[],"class_list":["post-6687","post","type-post","status-publish","format-standard","hentry","category-visao"],"yoast_head":"<!-- This site is optimized with the Yoast SEO plugin v27.4 - https:\/\/yoast.com\/product\/yoast-seo-wordpress\/ -->\n<title>Analista mo\u00e7ambicano considera que a entrada da Uni\u00e3o Africana no G20 pode trazer benef\u00edcios diretos para os pa\u00edses africanos - CRI e Diario de Pernambuco<\/title>\n<meta name=\"robots\" content=\"index, follow, max-snippet:-1, max-image-preview:large, max-video-preview:-1\" \/>\n<link rel=\"canonical\" href=\"https:\/\/diariodepe.com.br\/cri\/2024\/11\/16\/analista-mocambicano-considera-que-a-entrada-da-uniao-africana-no-g20-pode-trazer-beneficios-diretos-para-os-paises-africanos\/\" \/>\n<meta property=\"og:locale\" content=\"pt_BR\" \/>\n<meta property=\"og:type\" content=\"article\" \/>\n<meta property=\"og:title\" content=\"Analista mo\u00e7ambicano considera que a entrada da Uni\u00e3o Africana no G20 pode trazer benef\u00edcios diretos para os pa\u00edses africanos - CRI e Diario de Pernambuco\" \/>\n<meta property=\"og:description\" content=\"A recente inclus\u00e3o da Uni\u00e3o Africana (UA) como membro permanente do G20 representa um avan\u00e7o significativo e um marco hist\u00f3rico para a representa\u00e7\u00e3o africana em f\u00f3runs globais. A UA tornou-se parte desse influente grupo que re\u00fane as maiores economias do...\" \/>\n<meta property=\"og:url\" content=\"https:\/\/diariodepe.com.br\/cri\/2024\/11\/16\/analista-mocambicano-considera-que-a-entrada-da-uniao-africana-no-g20-pode-trazer-beneficios-diretos-para-os-paises-africanos\/\" \/>\n<meta property=\"og:site_name\" content=\"CRI e Diario de Pernambuco\" \/>\n<meta property=\"article:published_time\" content=\"2024-11-16T08:17:06+00:00\" \/>\n<meta property=\"og:image\" content=\"https:\/\/p4crires.cri.cn\/photoworkspace\/cri\/contentimg\/2024\/11\/06\/2024103010025414633.jpg\" \/>\n<meta name=\"author\" content=\"Ismael Lucas S. Pereira\" \/>\n<meta name=\"twitter:card\" content=\"summary_large_image\" \/>\n<meta name=\"twitter:label1\" content=\"Escrito por\" \/>\n\t<meta name=\"twitter:data1\" content=\"Ismael Lucas S. Pereira\" \/>\n\t<meta name=\"twitter:label2\" content=\"Est. tempo de leitura\" \/>\n\t<meta name=\"twitter:data2\" content=\"5 minutos\" \/>\n<script type=\"application\/ld+json\" class=\"yoast-schema-graph\">{\"@context\":\"https:\\\/\\\/schema.org\",\"@graph\":[{\"@type\":\"Article\",\"@id\":\"https:\\\/\\\/diariodepe.com.br\\\/cri\\\/2024\\\/11\\\/16\\\/analista-mocambicano-considera-que-a-entrada-da-uniao-africana-no-g20-pode-trazer-beneficios-diretos-para-os-paises-africanos\\\/#article\",\"isPartOf\":{\"@id\":\"https:\\\/\\\/diariodepe.com.br\\\/cri\\\/2024\\\/11\\\/16\\\/analista-mocambicano-considera-que-a-entrada-da-uniao-africana-no-g20-pode-trazer-beneficios-diretos-para-os-paises-africanos\\\/\"},\"author\":{\"name\":\"Ismael Lucas S. Pereira\",\"@id\":\"https:\\\/\\\/diariodepe.com.br\\\/cri\\\/#\\\/schema\\\/person\\\/121bb28d84f1a5b1205ef4ce9c2e0c6b\"},\"headline\":\"Analista mo\u00e7ambicano considera que a entrada da Uni\u00e3o Africana no G20 pode trazer benef\u00edcios diretos para os pa\u00edses africanos\",\"datePublished\":\"2024-11-16T08:17:06+00:00\",\"mainEntityOfPage\":{\"@id\":\"https:\\\/\\\/diariodepe.com.br\\\/cri\\\/2024\\\/11\\\/16\\\/analista-mocambicano-considera-que-a-entrada-da-uniao-africana-no-g20-pode-trazer-beneficios-diretos-para-os-paises-africanos\\\/\"},\"wordCount\":932,\"commentCount\":0,\"publisher\":{\"@id\":\"https:\\\/\\\/diariodepe.com.br\\\/cri\\\/#organization\"},\"image\":{\"@id\":\"https:\\\/\\\/diariodepe.com.br\\\/cri\\\/2024\\\/11\\\/16\\\/analista-mocambicano-considera-que-a-entrada-da-uniao-africana-no-g20-pode-trazer-beneficios-diretos-para-os-paises-africanos\\\/#primaryimage\"},\"thumbnailUrl\":\"https:\\\/\\\/p4crires.cri.cn\\\/photoworkspace\\\/cri\\\/contentimg\\\/2024\\\/11\\\/06\\\/2024103010025414633.jpg\",\"articleSection\":[\"Vis\u00e3o\"],\"inLanguage\":\"pt-BR\",\"potentialAction\":[{\"@type\":\"CommentAction\",\"name\":\"Comment\",\"target\":[\"https:\\\/\\\/diariodepe.com.br\\\/cri\\\/2024\\\/11\\\/16\\\/analista-mocambicano-considera-que-a-entrada-da-uniao-africana-no-g20-pode-trazer-beneficios-diretos-para-os-paises-africanos\\\/#respond\"]}]},{\"@type\":\"WebPage\",\"@id\":\"https:\\\/\\\/diariodepe.com.br\\\/cri\\\/2024\\\/11\\\/16\\\/analista-mocambicano-considera-que-a-entrada-da-uniao-africana-no-g20-pode-trazer-beneficios-diretos-para-os-paises-africanos\\\/\",\"url\":\"https:\\\/\\\/diariodepe.com.br\\\/cri\\\/2024\\\/11\\\/16\\\/analista-mocambicano-considera-que-a-entrada-da-uniao-africana-no-g20-pode-trazer-beneficios-diretos-para-os-paises-africanos\\\/\",\"name\":\"Analista mo\u00e7ambicano considera que a entrada da Uni\u00e3o Africana no G20 pode trazer benef\u00edcios diretos para os pa\u00edses africanos - CRI e Diario de Pernambuco\",\"isPartOf\":{\"@id\":\"https:\\\/\\\/diariodepe.com.br\\\/cri\\\/#website\"},\"primaryImageOfPage\":{\"@id\":\"https:\\\/\\\/diariodepe.com.br\\\/cri\\\/2024\\\/11\\\/16\\\/analista-mocambicano-considera-que-a-entrada-da-uniao-africana-no-g20-pode-trazer-beneficios-diretos-para-os-paises-africanos\\\/#primaryimage\"},\"image\":{\"@id\":\"https:\\\/\\\/diariodepe.com.br\\\/cri\\\/2024\\\/11\\\/16\\\/analista-mocambicano-considera-que-a-entrada-da-uniao-africana-no-g20-pode-trazer-beneficios-diretos-para-os-paises-africanos\\\/#primaryimage\"},\"thumbnailUrl\":\"https:\\\/\\\/p4crires.cri.cn\\\/photoworkspace\\\/cri\\\/contentimg\\\/2024\\\/11\\\/06\\\/2024103010025414633.jpg\",\"datePublished\":\"2024-11-16T08:17:06+00:00\",\"breadcrumb\":{\"@id\":\"https:\\\/\\\/diariodepe.com.br\\\/cri\\\/2024\\\/11\\\/16\\\/analista-mocambicano-considera-que-a-entrada-da-uniao-africana-no-g20-pode-trazer-beneficios-diretos-para-os-paises-africanos\\\/#breadcrumb\"},\"inLanguage\":\"pt-BR\",\"potentialAction\":[{\"@type\":\"ReadAction\",\"target\":[\"https:\\\/\\\/diariodepe.com.br\\\/cri\\\/2024\\\/11\\\/16\\\/analista-mocambicano-considera-que-a-entrada-da-uniao-africana-no-g20-pode-trazer-beneficios-diretos-para-os-paises-africanos\\\/\"]}]},{\"@type\":\"ImageObject\",\"inLanguage\":\"pt-BR\",\"@id\":\"https:\\\/\\\/diariodepe.com.br\\\/cri\\\/2024\\\/11\\\/16\\\/analista-mocambicano-considera-que-a-entrada-da-uniao-africana-no-g20-pode-trazer-beneficios-diretos-para-os-paises-africanos\\\/#primaryimage\",\"url\":\"https:\\\/\\\/p4crires.cri.cn\\\/photoworkspace\\\/cri\\\/contentimg\\\/2024\\\/11\\\/06\\\/2024103010025414633.jpg\",\"contentUrl\":\"https:\\\/\\\/p4crires.cri.cn\\\/photoworkspace\\\/cri\\\/contentimg\\\/2024\\\/11\\\/06\\\/2024103010025414633.jpg\"},{\"@type\":\"BreadcrumbList\",\"@id\":\"https:\\\/\\\/diariodepe.com.br\\\/cri\\\/2024\\\/11\\\/16\\\/analista-mocambicano-considera-que-a-entrada-da-uniao-africana-no-g20-pode-trazer-beneficios-diretos-para-os-paises-africanos\\\/#breadcrumb\",\"itemListElement\":[{\"@type\":\"ListItem\",\"position\":1,\"name\":\"In\u00edcio\",\"item\":\"https:\\\/\\\/diariodepe.com.br\\\/cri\\\/\"},{\"@type\":\"ListItem\",\"position\":2,\"name\":\"Analista mo\u00e7ambicano considera que a entrada da Uni\u00e3o Africana no G20 pode trazer benef\u00edcios diretos para os pa\u00edses africanos\"}]},{\"@type\":\"WebSite\",\"@id\":\"https:\\\/\\\/diariodepe.com.br\\\/cri\\\/#website\",\"url\":\"https:\\\/\\\/diariodepe.com.br\\\/cri\\\/\",\"name\":\"CRI e Diario de Pernambuco\",\"description\":\"R\u00e1dio Internacional da China\",\"publisher\":{\"@id\":\"https:\\\/\\\/diariodepe.com.br\\\/cri\\\/#organization\"},\"potentialAction\":[{\"@type\":\"SearchAction\",\"target\":{\"@type\":\"EntryPoint\",\"urlTemplate\":\"https:\\\/\\\/diariodepe.com.br\\\/cri\\\/?s={search_term_string}\"},\"query-input\":{\"@type\":\"PropertyValueSpecification\",\"valueRequired\":true,\"valueName\":\"search_term_string\"}}],\"inLanguage\":\"pt-BR\"},{\"@type\":\"Organization\",\"@id\":\"https:\\\/\\\/diariodepe.com.br\\\/cri\\\/#organization\",\"name\":\"CRI e Diario de Pernambuco\",\"url\":\"https:\\\/\\\/diariodepe.com.br\\\/cri\\\/\",\"logo\":{\"@type\":\"ImageObject\",\"inLanguage\":\"pt-BR\",\"@id\":\"https:\\\/\\\/diariodepe.com.br\\\/cri\\\/#\\\/schema\\\/logo\\\/image\\\/\",\"url\":\"https:\\\/\\\/diariodepe.com.br\\\/cri\\\/wp-content\\\/uploads\\\/sites\\\/2\\\/2022\\\/12\\\/cropped-Logo.jpg\",\"contentUrl\":\"https:\\\/\\\/diariodepe.com.br\\\/cri\\\/wp-content\\\/uploads\\\/sites\\\/2\\\/2022\\\/12\\\/cropped-Logo.jpg\",\"width\":700,\"height\":59,\"caption\":\"CRI e Diario de Pernambuco\"},\"image\":{\"@id\":\"https:\\\/\\\/diariodepe.com.br\\\/cri\\\/#\\\/schema\\\/logo\\\/image\\\/\"}},{\"@type\":\"Person\",\"@id\":\"https:\\\/\\\/diariodepe.com.br\\\/cri\\\/#\\\/schema\\\/person\\\/121bb28d84f1a5b1205ef4ce9c2e0c6b\",\"name\":\"Ismael Lucas S. Pereira\",\"image\":{\"@type\":\"ImageObject\",\"inLanguage\":\"pt-BR\",\"@id\":\"https:\\\/\\\/secure.gravatar.com\\\/avatar\\\/887a0f3b5a7ceea963a48499fb883ffce6b5037362def025c52c2505b15d63e4?s=96&d=mm&r=g\",\"url\":\"https:\\\/\\\/secure.gravatar.com\\\/avatar\\\/887a0f3b5a7ceea963a48499fb883ffce6b5037362def025c52c2505b15d63e4?s=96&d=mm&r=g\",\"contentUrl\":\"https:\\\/\\\/secure.gravatar.com\\\/avatar\\\/887a0f3b5a7ceea963a48499fb883ffce6b5037362def025c52c2505b15d63e4?s=96&d=mm&r=g\",\"caption\":\"Ismael Lucas S. Pereira\"},\"url\":\"https:\\\/\\\/diariodepe.com.br\\\/cri\\\/author\\\/ismael-lucas\\\/\"}]}<\/script>\n<!-- \/ Yoast SEO plugin. -->","yoast_head_json":{"title":"Analista mo\u00e7ambicano considera que a entrada da Uni\u00e3o Africana no G20 pode trazer benef\u00edcios diretos para os pa\u00edses africanos - CRI e Diario de Pernambuco","robots":{"index":"index","follow":"follow","max-snippet":"max-snippet:-1","max-image-preview":"max-image-preview:large","max-video-preview":"max-video-preview:-1"},"canonical":"https:\/\/diariodepe.com.br\/cri\/2024\/11\/16\/analista-mocambicano-considera-que-a-entrada-da-uniao-africana-no-g20-pode-trazer-beneficios-diretos-para-os-paises-africanos\/","og_locale":"pt_BR","og_type":"article","og_title":"Analista mo\u00e7ambicano considera que a entrada da Uni\u00e3o Africana no G20 pode trazer benef\u00edcios diretos para os pa\u00edses africanos - CRI e Diario de Pernambuco","og_description":"A recente inclus\u00e3o da Uni\u00e3o Africana (UA) como membro permanente do G20 representa um avan\u00e7o significativo e um marco hist\u00f3rico para a representa\u00e7\u00e3o africana em f\u00f3runs globais. A UA tornou-se parte desse influente grupo que re\u00fane as maiores economias do...","og_url":"https:\/\/diariodepe.com.br\/cri\/2024\/11\/16\/analista-mocambicano-considera-que-a-entrada-da-uniao-africana-no-g20-pode-trazer-beneficios-diretos-para-os-paises-africanos\/","og_site_name":"CRI e Diario de Pernambuco","article_published_time":"2024-11-16T08:17:06+00:00","og_image":[{"url":"https:\/\/p4crires.cri.cn\/photoworkspace\/cri\/contentimg\/2024\/11\/06\/2024103010025414633.jpg","type":"","width":"","height":""}],"author":"Ismael Lucas S. Pereira","twitter_card":"summary_large_image","twitter_misc":{"Escrito por":"Ismael Lucas S. Pereira","Est. tempo de leitura":"5 minutos"},"schema":{"@context":"https:\/\/schema.org","@graph":[{"@type":"Article","@id":"https:\/\/diariodepe.com.br\/cri\/2024\/11\/16\/analista-mocambicano-considera-que-a-entrada-da-uniao-africana-no-g20-pode-trazer-beneficios-diretos-para-os-paises-africanos\/#article","isPartOf":{"@id":"https:\/\/diariodepe.com.br\/cri\/2024\/11\/16\/analista-mocambicano-considera-que-a-entrada-da-uniao-africana-no-g20-pode-trazer-beneficios-diretos-para-os-paises-africanos\/"},"author":{"name":"Ismael Lucas S. Pereira","@id":"https:\/\/diariodepe.com.br\/cri\/#\/schema\/person\/121bb28d84f1a5b1205ef4ce9c2e0c6b"},"headline":"Analista mo\u00e7ambicano considera que a entrada da Uni\u00e3o Africana no G20 pode trazer benef\u00edcios diretos para os pa\u00edses africanos","datePublished":"2024-11-16T08:17:06+00:00","mainEntityOfPage":{"@id":"https:\/\/diariodepe.com.br\/cri\/2024\/11\/16\/analista-mocambicano-considera-que-a-entrada-da-uniao-africana-no-g20-pode-trazer-beneficios-diretos-para-os-paises-africanos\/"},"wordCount":932,"commentCount":0,"publisher":{"@id":"https:\/\/diariodepe.com.br\/cri\/#organization"},"image":{"@id":"https:\/\/diariodepe.com.br\/cri\/2024\/11\/16\/analista-mocambicano-considera-que-a-entrada-da-uniao-africana-no-g20-pode-trazer-beneficios-diretos-para-os-paises-africanos\/#primaryimage"},"thumbnailUrl":"https:\/\/p4crires.cri.cn\/photoworkspace\/cri\/contentimg\/2024\/11\/06\/2024103010025414633.jpg","articleSection":["Vis\u00e3o"],"inLanguage":"pt-BR","potentialAction":[{"@type":"CommentAction","name":"Comment","target":["https:\/\/diariodepe.com.br\/cri\/2024\/11\/16\/analista-mocambicano-considera-que-a-entrada-da-uniao-africana-no-g20-pode-trazer-beneficios-diretos-para-os-paises-africanos\/#respond"]}]},{"@type":"WebPage","@id":"https:\/\/diariodepe.com.br\/cri\/2024\/11\/16\/analista-mocambicano-considera-que-a-entrada-da-uniao-africana-no-g20-pode-trazer-beneficios-diretos-para-os-paises-africanos\/","url":"https:\/\/diariodepe.com.br\/cri\/2024\/11\/16\/analista-mocambicano-considera-que-a-entrada-da-uniao-africana-no-g20-pode-trazer-beneficios-diretos-para-os-paises-africanos\/","name":"Analista mo\u00e7ambicano considera que a entrada da Uni\u00e3o Africana no G20 pode trazer benef\u00edcios diretos para os pa\u00edses africanos - CRI e Diario de Pernambuco","isPartOf":{"@id":"https:\/\/diariodepe.com.br\/cri\/#website"},"primaryImageOfPage":{"@id":"https:\/\/diariodepe.com.br\/cri\/2024\/11\/16\/analista-mocambicano-considera-que-a-entrada-da-uniao-africana-no-g20-pode-trazer-beneficios-diretos-para-os-paises-africanos\/#primaryimage"},"image":{"@id":"https:\/\/diariodepe.com.br\/cri\/2024\/11\/16\/analista-mocambicano-considera-que-a-entrada-da-uniao-africana-no-g20-pode-trazer-beneficios-diretos-para-os-paises-africanos\/#primaryimage"},"thumbnailUrl":"https:\/\/p4crires.cri.cn\/photoworkspace\/cri\/contentimg\/2024\/11\/06\/2024103010025414633.jpg","datePublished":"2024-11-16T08:17:06+00:00","breadcrumb":{"@id":"https:\/\/diariodepe.com.br\/cri\/2024\/11\/16\/analista-mocambicano-considera-que-a-entrada-da-uniao-africana-no-g20-pode-trazer-beneficios-diretos-para-os-paises-africanos\/#breadcrumb"},"inLanguage":"pt-BR","potentialAction":[{"@type":"ReadAction","target":["https:\/\/diariodepe.com.br\/cri\/2024\/11\/16\/analista-mocambicano-considera-que-a-entrada-da-uniao-africana-no-g20-pode-trazer-beneficios-diretos-para-os-paises-africanos\/"]}]},{"@type":"ImageObject","inLanguage":"pt-BR","@id":"https:\/\/diariodepe.com.br\/cri\/2024\/11\/16\/analista-mocambicano-considera-que-a-entrada-da-uniao-africana-no-g20-pode-trazer-beneficios-diretos-para-os-paises-africanos\/#primaryimage","url":"https:\/\/p4crires.cri.cn\/photoworkspace\/cri\/contentimg\/2024\/11\/06\/2024103010025414633.jpg","contentUrl":"https:\/\/p4crires.cri.cn\/photoworkspace\/cri\/contentimg\/2024\/11\/06\/2024103010025414633.jpg"},{"@type":"BreadcrumbList","@id":"https:\/\/diariodepe.com.br\/cri\/2024\/11\/16\/analista-mocambicano-considera-que-a-entrada-da-uniao-africana-no-g20-pode-trazer-beneficios-diretos-para-os-paises-africanos\/#breadcrumb","itemListElement":[{"@type":"ListItem","position":1,"name":"In\u00edcio","item":"https:\/\/diariodepe.com.br\/cri\/"},{"@type":"ListItem","position":2,"name":"Analista mo\u00e7ambicano considera que a entrada da Uni\u00e3o Africana no G20 pode trazer benef\u00edcios diretos para os pa\u00edses africanos"}]},{"@type":"WebSite","@id":"https:\/\/diariodepe.com.br\/cri\/#website","url":"https:\/\/diariodepe.com.br\/cri\/","name":"CRI e Diario de Pernambuco","description":"R\u00e1dio Internacional da China","publisher":{"@id":"https:\/\/diariodepe.com.br\/cri\/#organization"},"potentialAction":[{"@type":"SearchAction","target":{"@type":"EntryPoint","urlTemplate":"https:\/\/diariodepe.com.br\/cri\/?s={search_term_string}"},"query-input":{"@type":"PropertyValueSpecification","valueRequired":true,"valueName":"search_term_string"}}],"inLanguage":"pt-BR"},{"@type":"Organization","@id":"https:\/\/diariodepe.com.br\/cri\/#organization","name":"CRI e Diario de Pernambuco","url":"https:\/\/diariodepe.com.br\/cri\/","logo":{"@type":"ImageObject","inLanguage":"pt-BR","@id":"https:\/\/diariodepe.com.br\/cri\/#\/schema\/logo\/image\/","url":"https:\/\/diariodepe.com.br\/cri\/wp-content\/uploads\/sites\/2\/2022\/12\/cropped-Logo.jpg","contentUrl":"https:\/\/diariodepe.com.br\/cri\/wp-content\/uploads\/sites\/2\/2022\/12\/cropped-Logo.jpg","width":700,"height":59,"caption":"CRI e Diario de Pernambuco"},"image":{"@id":"https:\/\/diariodepe.com.br\/cri\/#\/schema\/logo\/image\/"}},{"@type":"Person","@id":"https:\/\/diariodepe.com.br\/cri\/#\/schema\/person\/121bb28d84f1a5b1205ef4ce9c2e0c6b","name":"Ismael Lucas S. Pereira","image":{"@type":"ImageObject","inLanguage":"pt-BR","@id":"https:\/\/secure.gravatar.com\/avatar\/887a0f3b5a7ceea963a48499fb883ffce6b5037362def025c52c2505b15d63e4?s=96&d=mm&r=g","url":"https:\/\/secure.gravatar.com\/avatar\/887a0f3b5a7ceea963a48499fb883ffce6b5037362def025c52c2505b15d63e4?s=96&d=mm&r=g","contentUrl":"https:\/\/secure.gravatar.com\/avatar\/887a0f3b5a7ceea963a48499fb883ffce6b5037362def025c52c2505b15d63e4?s=96&d=mm&r=g","caption":"Ismael Lucas S. Pereira"},"url":"https:\/\/diariodepe.com.br\/cri\/author\/ismael-lucas\/"}]}},"cc_featured_image_caption":{"caption_text":false,"source_text":false,"source_url":false},"amp_enabled":true,"_links":{"self":[{"href":"https:\/\/diariodepe.com.br\/cri\/wp-json\/wp\/v2\/posts\/6687","targetHints":{"allow":["GET"]}}],"collection":[{"href":"https:\/\/diariodepe.com.br\/cri\/wp-json\/wp\/v2\/posts"}],"about":[{"href":"https:\/\/diariodepe.com.br\/cri\/wp-json\/wp\/v2\/types\/post"}],"author":[{"embeddable":true,"href":"https:\/\/diariodepe.com.br\/cri\/wp-json\/wp\/v2\/users\/2"}],"replies":[{"embeddable":true,"href":"https:\/\/diariodepe.com.br\/cri\/wp-json\/wp\/v2\/comments?post=6687"}],"version-history":[{"count":1,"href":"https:\/\/diariodepe.com.br\/cri\/wp-json\/wp\/v2\/posts\/6687\/revisions"}],"predecessor-version":[{"id":6688,"href":"https:\/\/diariodepe.com.br\/cri\/wp-json\/wp\/v2\/posts\/6687\/revisions\/6688"}],"wp:attachment":[{"href":"https:\/\/diariodepe.com.br\/cri\/wp-json\/wp\/v2\/media?parent=6687"}],"wp:term":[{"taxonomy":"category","embeddable":true,"href":"https:\/\/diariodepe.com.br\/cri\/wp-json\/wp\/v2\/categories?post=6687"},{"taxonomy":"post_tag","embeddable":true,"href":"https:\/\/diariodepe.com.br\/cri\/wp-json\/wp\/v2\/tags?post=6687"}],"curies":[{"name":"wp","href":"https:\/\/api.w.org\/{rel}","templated":true}]}}