{"id":6679,"date":"2024-11-15T05:22:34","date_gmt":"2024-11-15T08:22:34","guid":{"rendered":"https:\/\/diariodepe.com.br\/cri\/?p=6679"},"modified":"2024-11-15T07:23:30","modified_gmt":"2024-11-15T10:23:30","slug":"reuniao-ministerial-da-apec-discute-fortalecimento-da-cooperacao-multilateral","status":"publish","type":"post","link":"https:\/\/diariodepe.com.br\/cri\/2024\/11\/15\/reuniao-ministerial-da-apec-discute-fortalecimento-da-cooperacao-multilateral\/","title":{"rendered":"Reuni\u00e3o ministerial da Apec discute fortalecimento da coopera\u00e7\u00e3o multilateral"},"content":{"rendered":"<p data-spm-anchor-id=\"0.0.0.i1\">Foi realizada na quinta-feira (14) em Lima, capital do Peru, a reuni\u00e3o ministerial da Coopera\u00e7\u00e3o Econ\u00f4mica \u00c1sia-Pac\u00edfico (Apec), copresidida pelo ministro das Rela\u00e7\u00f5es Exteriores do Peru, Elmer Schialer, e pela ministra peruana do Com\u00e9rcio Exterior e Turismo, \u00darsula Le\u00f3n Chemp\u00e9n. Os ministros das 21 economias da Apec discutiram o fortalecimento da coopera\u00e7\u00e3o multilateral e das pol\u00edticas comerciais.<\/p>\n<p>Sob o tema Empoderamento, Inclus\u00e3o e Crescimento, os participantes discutiram a nova iniciativa de coopera\u00e7\u00e3o que prioriza medidas para promover a integra\u00e7\u00e3o econ\u00f4mica regional, coopera\u00e7\u00e3o no quadro da Apec no com\u00e9rcio, investimento, inova\u00e7\u00e3o e digitaliza\u00e7\u00e3o, e o crescimento econ\u00f4mico sustent\u00e1vel, inclusivo e resiliente.<\/p>\n<p>Na abertura da reuni\u00e3o, Schialer afirmou que as prioridades discutidas neste ano refletiram o compromisso da Apec em resolver os problemas prementes que a regi\u00e3o enfrenta, incluindo a promo\u00e7\u00e3o do com\u00e9rcio e do investimento e do crescimento inclusivo.<\/p>\n<p>No seu discurso, \u00darsula enfatizou que a Apec est\u00e1 empenhada em refor\u00e7ar a conectividade, fortalecer cadeias de abastecimento resilientes, expandir o acesso das micro, pequenas e m\u00e9dias empresas aos mercados formais e globais, al\u00e9m de promover o papel das mulheres no desenvolvimento econ\u00f4mico por meio do com\u00e9rcio.<\/p>\n","protected":false},"excerpt":{"rendered":"<p>Foi realizada na quinta-feira (14) em Lima, capital do Peru, a reuni\u00e3o ministerial da Coopera\u00e7\u00e3o Econ\u00f4mica \u00c1sia-Pac\u00edfico (Apec), copresidida pelo ministro das Rela\u00e7\u00f5es Exteriores do Peru, Elmer Schialer, e pela ministra peruana do Com\u00e9rcio Exterior e Turismo, \u00darsula Le\u00f3n Chemp\u00e9n&#8230;.<\/p>\n","protected":false},"author":2,"featured_media":0,"comment_status":"open","ping_status":"open","sticky":false,"template":"","format":"standard","meta":{"footnotes":""},"categories":[8],"tags":[],"class_list":["post-6679","post","type-post","status-publish","format-standard","hentry","category-internacional"],"yoast_head":"<!-- This site is optimized with the Yoast SEO plugin v27.4 - https:\/\/yoast.com\/product\/yoast-seo-wordpress\/ -->\n<title>Reuni\u00e3o ministerial da Apec discute fortalecimento da coopera\u00e7\u00e3o multilateral - CRI e Diario de Pernambuco<\/title>\n<meta name=\"robots\" content=\"index, follow, max-snippet:-1, max-image-preview:large, max-video-preview:-1\" \/>\n<link rel=\"canonical\" href=\"https:\/\/diariodepe.com.br\/cri\/2024\/11\/15\/reuniao-ministerial-da-apec-discute-fortalecimento-da-cooperacao-multilateral\/\" \/>\n<meta property=\"og:locale\" content=\"pt_BR\" \/>\n<meta property=\"og:type\" content=\"article\" \/>\n<meta property=\"og:title\" content=\"Reuni\u00e3o ministerial da Apec discute fortalecimento da coopera\u00e7\u00e3o multilateral - CRI e Diario de Pernambuco\" \/>\n<meta property=\"og:description\" content=\"Foi realizada na quinta-feira (14) em Lima, capital do Peru, a reuni\u00e3o ministerial da Coopera\u00e7\u00e3o Econ\u00f4mica \u00c1sia-Pac\u00edfico (Apec), copresidida pelo ministro das Rela\u00e7\u00f5es Exteriores do Peru, Elmer Schialer, e pela ministra peruana do Com\u00e9rcio Exterior e Turismo, \u00darsula Le\u00f3n Chemp\u00e9n....\" \/>\n<meta property=\"og:url\" content=\"https:\/\/diariodepe.com.br\/cri\/2024\/11\/15\/reuniao-ministerial-da-apec-discute-fortalecimento-da-cooperacao-multilateral\/\" \/>\n<meta property=\"og:site_name\" content=\"CRI e Diario de Pernambuco\" \/>\n<meta property=\"article:published_time\" content=\"2024-11-15T08:22:34+00:00\" \/>\n<meta property=\"article:modified_time\" content=\"2024-11-15T10:23:30+00:00\" \/>\n<meta name=\"author\" content=\"Ismael Lucas S. Pereira\" \/>\n<meta name=\"twitter:card\" content=\"summary_large_image\" \/>\n<meta name=\"twitter:label1\" content=\"Escrito por\" \/>\n\t<meta name=\"twitter:data1\" content=\"Ismael Lucas S. Pereira\" \/>\n\t<meta name=\"twitter:label2\" content=\"Est. tempo de leitura\" \/>\n\t<meta name=\"twitter:data2\" content=\"2 minutos\" \/>\n<script type=\"application\/ld+json\" class=\"yoast-schema-graph\">{\"@context\":\"https:\\\/\\\/schema.org\",\"@graph\":[{\"@type\":\"Article\",\"@id\":\"https:\\\/\\\/diariodepe.com.br\\\/cri\\\/2024\\\/11\\\/15\\\/reuniao-ministerial-da-apec-discute-fortalecimento-da-cooperacao-multilateral\\\/#article\",\"isPartOf\":{\"@id\":\"https:\\\/\\\/diariodepe.com.br\\\/cri\\\/2024\\\/11\\\/15\\\/reuniao-ministerial-da-apec-discute-fortalecimento-da-cooperacao-multilateral\\\/\"},\"author\":{\"name\":\"Ismael Lucas S. Pereira\",\"@id\":\"https:\\\/\\\/diariodepe.com.br\\\/cri\\\/#\\\/schema\\\/person\\\/121bb28d84f1a5b1205ef4ce9c2e0c6b\"},\"headline\":\"Reuni\u00e3o ministerial da Apec discute fortalecimento da coopera\u00e7\u00e3o multilateral\",\"datePublished\":\"2024-11-15T08:22:34+00:00\",\"dateModified\":\"2024-11-15T10:23:30+00:00\",\"mainEntityOfPage\":{\"@id\":\"https:\\\/\\\/diariodepe.com.br\\\/cri\\\/2024\\\/11\\\/15\\\/reuniao-ministerial-da-apec-discute-fortalecimento-da-cooperacao-multilateral\\\/\"},\"wordCount\":223,\"commentCount\":0,\"publisher\":{\"@id\":\"https:\\\/\\\/diariodepe.com.br\\\/cri\\\/#organization\"},\"articleSection\":[\"Internacional\"],\"inLanguage\":\"pt-BR\",\"potentialAction\":[{\"@type\":\"CommentAction\",\"name\":\"Comment\",\"target\":[\"https:\\\/\\\/diariodepe.com.br\\\/cri\\\/2024\\\/11\\\/15\\\/reuniao-ministerial-da-apec-discute-fortalecimento-da-cooperacao-multilateral\\\/#respond\"]}]},{\"@type\":\"WebPage\",\"@id\":\"https:\\\/\\\/diariodepe.com.br\\\/cri\\\/2024\\\/11\\\/15\\\/reuniao-ministerial-da-apec-discute-fortalecimento-da-cooperacao-multilateral\\\/\",\"url\":\"https:\\\/\\\/diariodepe.com.br\\\/cri\\\/2024\\\/11\\\/15\\\/reuniao-ministerial-da-apec-discute-fortalecimento-da-cooperacao-multilateral\\\/\",\"name\":\"Reuni\u00e3o ministerial da Apec discute fortalecimento da coopera\u00e7\u00e3o multilateral - CRI e Diario de Pernambuco\",\"isPartOf\":{\"@id\":\"https:\\\/\\\/diariodepe.com.br\\\/cri\\\/#website\"},\"datePublished\":\"2024-11-15T08:22:34+00:00\",\"dateModified\":\"2024-11-15T10:23:30+00:00\",\"breadcrumb\":{\"@id\":\"https:\\\/\\\/diariodepe.com.br\\\/cri\\\/2024\\\/11\\\/15\\\/reuniao-ministerial-da-apec-discute-fortalecimento-da-cooperacao-multilateral\\\/#breadcrumb\"},\"inLanguage\":\"pt-BR\",\"potentialAction\":[{\"@type\":\"ReadAction\",\"target\":[\"https:\\\/\\\/diariodepe.com.br\\\/cri\\\/2024\\\/11\\\/15\\\/reuniao-ministerial-da-apec-discute-fortalecimento-da-cooperacao-multilateral\\\/\"]}]},{\"@type\":\"BreadcrumbList\",\"@id\":\"https:\\\/\\\/diariodepe.com.br\\\/cri\\\/2024\\\/11\\\/15\\\/reuniao-ministerial-da-apec-discute-fortalecimento-da-cooperacao-multilateral\\\/#breadcrumb\",\"itemListElement\":[{\"@type\":\"ListItem\",\"position\":1,\"name\":\"In\u00edcio\",\"item\":\"https:\\\/\\\/diariodepe.com.br\\\/cri\\\/\"},{\"@type\":\"ListItem\",\"position\":2,\"name\":\"Reuni\u00e3o ministerial da Apec discute fortalecimento da coopera\u00e7\u00e3o multilateral\"}]},{\"@type\":\"WebSite\",\"@id\":\"https:\\\/\\\/diariodepe.com.br\\\/cri\\\/#website\",\"url\":\"https:\\\/\\\/diariodepe.com.br\\\/cri\\\/\",\"name\":\"CRI e Diario de Pernambuco\",\"description\":\"R\u00e1dio Internacional da China\",\"publisher\":{\"@id\":\"https:\\\/\\\/diariodepe.com.br\\\/cri\\\/#organization\"},\"potentialAction\":[{\"@type\":\"SearchAction\",\"target\":{\"@type\":\"EntryPoint\",\"urlTemplate\":\"https:\\\/\\\/diariodepe.com.br\\\/cri\\\/?s={search_term_string}\"},\"query-input\":{\"@type\":\"PropertyValueSpecification\",\"valueRequired\":true,\"valueName\":\"search_term_string\"}}],\"inLanguage\":\"pt-BR\"},{\"@type\":\"Organization\",\"@id\":\"https:\\\/\\\/diariodepe.com.br\\\/cri\\\/#organization\",\"name\":\"CRI e Diario de Pernambuco\",\"url\":\"https:\\\/\\\/diariodepe.com.br\\\/cri\\\/\",\"logo\":{\"@type\":\"ImageObject\",\"inLanguage\":\"pt-BR\",\"@id\":\"https:\\\/\\\/diariodepe.com.br\\\/cri\\\/#\\\/schema\\\/logo\\\/image\\\/\",\"url\":\"https:\\\/\\\/diariodepe.com.br\\\/cri\\\/wp-content\\\/uploads\\\/sites\\\/2\\\/2022\\\/12\\\/cropped-Logo.jpg\",\"contentUrl\":\"https:\\\/\\\/diariodepe.com.br\\\/cri\\\/wp-content\\\/uploads\\\/sites\\\/2\\\/2022\\\/12\\\/cropped-Logo.jpg\",\"width\":700,\"height\":59,\"caption\":\"CRI e Diario de Pernambuco\"},\"image\":{\"@id\":\"https:\\\/\\\/diariodepe.com.br\\\/cri\\\/#\\\/schema\\\/logo\\\/image\\\/\"}},{\"@type\":\"Person\",\"@id\":\"https:\\\/\\\/diariodepe.com.br\\\/cri\\\/#\\\/schema\\\/person\\\/121bb28d84f1a5b1205ef4ce9c2e0c6b\",\"name\":\"Ismael Lucas S. Pereira\",\"image\":{\"@type\":\"ImageObject\",\"inLanguage\":\"pt-BR\",\"@id\":\"https:\\\/\\\/secure.gravatar.com\\\/avatar\\\/887a0f3b5a7ceea963a48499fb883ffce6b5037362def025c52c2505b15d63e4?s=96&d=mm&r=g\",\"url\":\"https:\\\/\\\/secure.gravatar.com\\\/avatar\\\/887a0f3b5a7ceea963a48499fb883ffce6b5037362def025c52c2505b15d63e4?s=96&d=mm&r=g\",\"contentUrl\":\"https:\\\/\\\/secure.gravatar.com\\\/avatar\\\/887a0f3b5a7ceea963a48499fb883ffce6b5037362def025c52c2505b15d63e4?s=96&d=mm&r=g\",\"caption\":\"Ismael Lucas S. Pereira\"},\"url\":\"https:\\\/\\\/diariodepe.com.br\\\/cri\\\/author\\\/ismael-lucas\\\/\"}]}<\/script>\n<!-- \/ Yoast SEO plugin. -->","yoast_head_json":{"title":"Reuni\u00e3o ministerial da Apec discute fortalecimento da coopera\u00e7\u00e3o multilateral - CRI e Diario de Pernambuco","robots":{"index":"index","follow":"follow","max-snippet":"max-snippet:-1","max-image-preview":"max-image-preview:large","max-video-preview":"max-video-preview:-1"},"canonical":"https:\/\/diariodepe.com.br\/cri\/2024\/11\/15\/reuniao-ministerial-da-apec-discute-fortalecimento-da-cooperacao-multilateral\/","og_locale":"pt_BR","og_type":"article","og_title":"Reuni\u00e3o ministerial da Apec discute fortalecimento da coopera\u00e7\u00e3o multilateral - CRI e Diario de Pernambuco","og_description":"Foi realizada na quinta-feira (14) em Lima, capital do Peru, a reuni\u00e3o ministerial da Coopera\u00e7\u00e3o Econ\u00f4mica \u00c1sia-Pac\u00edfico (Apec), copresidida pelo ministro das Rela\u00e7\u00f5es Exteriores do Peru, Elmer Schialer, e pela ministra peruana do Com\u00e9rcio Exterior e Turismo, \u00darsula Le\u00f3n Chemp\u00e9n....","og_url":"https:\/\/diariodepe.com.br\/cri\/2024\/11\/15\/reuniao-ministerial-da-apec-discute-fortalecimento-da-cooperacao-multilateral\/","og_site_name":"CRI e Diario de Pernambuco","article_published_time":"2024-11-15T08:22:34+00:00","article_modified_time":"2024-11-15T10:23:30+00:00","author":"Ismael Lucas S. Pereira","twitter_card":"summary_large_image","twitter_misc":{"Escrito por":"Ismael Lucas S. Pereira","Est. tempo de leitura":"2 minutos"},"schema":{"@context":"https:\/\/schema.org","@graph":[{"@type":"Article","@id":"https:\/\/diariodepe.com.br\/cri\/2024\/11\/15\/reuniao-ministerial-da-apec-discute-fortalecimento-da-cooperacao-multilateral\/#article","isPartOf":{"@id":"https:\/\/diariodepe.com.br\/cri\/2024\/11\/15\/reuniao-ministerial-da-apec-discute-fortalecimento-da-cooperacao-multilateral\/"},"author":{"name":"Ismael Lucas S. Pereira","@id":"https:\/\/diariodepe.com.br\/cri\/#\/schema\/person\/121bb28d84f1a5b1205ef4ce9c2e0c6b"},"headline":"Reuni\u00e3o ministerial da Apec discute fortalecimento da coopera\u00e7\u00e3o multilateral","datePublished":"2024-11-15T08:22:34+00:00","dateModified":"2024-11-15T10:23:30+00:00","mainEntityOfPage":{"@id":"https:\/\/diariodepe.com.br\/cri\/2024\/11\/15\/reuniao-ministerial-da-apec-discute-fortalecimento-da-cooperacao-multilateral\/"},"wordCount":223,"commentCount":0,"publisher":{"@id":"https:\/\/diariodepe.com.br\/cri\/#organization"},"articleSection":["Internacional"],"inLanguage":"pt-BR","potentialAction":[{"@type":"CommentAction","name":"Comment","target":["https:\/\/diariodepe.com.br\/cri\/2024\/11\/15\/reuniao-ministerial-da-apec-discute-fortalecimento-da-cooperacao-multilateral\/#respond"]}]},{"@type":"WebPage","@id":"https:\/\/diariodepe.com.br\/cri\/2024\/11\/15\/reuniao-ministerial-da-apec-discute-fortalecimento-da-cooperacao-multilateral\/","url":"https:\/\/diariodepe.com.br\/cri\/2024\/11\/15\/reuniao-ministerial-da-apec-discute-fortalecimento-da-cooperacao-multilateral\/","name":"Reuni\u00e3o ministerial da Apec discute fortalecimento da coopera\u00e7\u00e3o multilateral - CRI e Diario de Pernambuco","isPartOf":{"@id":"https:\/\/diariodepe.com.br\/cri\/#website"},"datePublished":"2024-11-15T08:22:34+00:00","dateModified":"2024-11-15T10:23:30+00:00","breadcrumb":{"@id":"https:\/\/diariodepe.com.br\/cri\/2024\/11\/15\/reuniao-ministerial-da-apec-discute-fortalecimento-da-cooperacao-multilateral\/#breadcrumb"},"inLanguage":"pt-BR","potentialAction":[{"@type":"ReadAction","target":["https:\/\/diariodepe.com.br\/cri\/2024\/11\/15\/reuniao-ministerial-da-apec-discute-fortalecimento-da-cooperacao-multilateral\/"]}]},{"@type":"BreadcrumbList","@id":"https:\/\/diariodepe.com.br\/cri\/2024\/11\/15\/reuniao-ministerial-da-apec-discute-fortalecimento-da-cooperacao-multilateral\/#breadcrumb","itemListElement":[{"@type":"ListItem","position":1,"name":"In\u00edcio","item":"https:\/\/diariodepe.com.br\/cri\/"},{"@type":"ListItem","position":2,"name":"Reuni\u00e3o ministerial da Apec discute fortalecimento da coopera\u00e7\u00e3o multilateral"}]},{"@type":"WebSite","@id":"https:\/\/diariodepe.com.br\/cri\/#website","url":"https:\/\/diariodepe.com.br\/cri\/","name":"CRI e Diario de Pernambuco","description":"R\u00e1dio Internacional da China","publisher":{"@id":"https:\/\/diariodepe.com.br\/cri\/#organization"},"potentialAction":[{"@type":"SearchAction","target":{"@type":"EntryPoint","urlTemplate":"https:\/\/diariodepe.com.br\/cri\/?s={search_term_string}"},"query-input":{"@type":"PropertyValueSpecification","valueRequired":true,"valueName":"search_term_string"}}],"inLanguage":"pt-BR"},{"@type":"Organization","@id":"https:\/\/diariodepe.com.br\/cri\/#organization","name":"CRI e Diario de Pernambuco","url":"https:\/\/diariodepe.com.br\/cri\/","logo":{"@type":"ImageObject","inLanguage":"pt-BR","@id":"https:\/\/diariodepe.com.br\/cri\/#\/schema\/logo\/image\/","url":"https:\/\/diariodepe.com.br\/cri\/wp-content\/uploads\/sites\/2\/2022\/12\/cropped-Logo.jpg","contentUrl":"https:\/\/diariodepe.com.br\/cri\/wp-content\/uploads\/sites\/2\/2022\/12\/cropped-Logo.jpg","width":700,"height":59,"caption":"CRI e Diario de Pernambuco"},"image":{"@id":"https:\/\/diariodepe.com.br\/cri\/#\/schema\/logo\/image\/"}},{"@type":"Person","@id":"https:\/\/diariodepe.com.br\/cri\/#\/schema\/person\/121bb28d84f1a5b1205ef4ce9c2e0c6b","name":"Ismael Lucas S. Pereira","image":{"@type":"ImageObject","inLanguage":"pt-BR","@id":"https:\/\/secure.gravatar.com\/avatar\/887a0f3b5a7ceea963a48499fb883ffce6b5037362def025c52c2505b15d63e4?s=96&d=mm&r=g","url":"https:\/\/secure.gravatar.com\/avatar\/887a0f3b5a7ceea963a48499fb883ffce6b5037362def025c52c2505b15d63e4?s=96&d=mm&r=g","contentUrl":"https:\/\/secure.gravatar.com\/avatar\/887a0f3b5a7ceea963a48499fb883ffce6b5037362def025c52c2505b15d63e4?s=96&d=mm&r=g","caption":"Ismael Lucas S. Pereira"},"url":"https:\/\/diariodepe.com.br\/cri\/author\/ismael-lucas\/"}]}},"cc_featured_image_caption":{"caption_text":false,"source_text":false,"source_url":false},"amp_enabled":true,"_links":{"self":[{"href":"https:\/\/diariodepe.com.br\/cri\/wp-json\/wp\/v2\/posts\/6679","targetHints":{"allow":["GET"]}}],"collection":[{"href":"https:\/\/diariodepe.com.br\/cri\/wp-json\/wp\/v2\/posts"}],"about":[{"href":"https:\/\/diariodepe.com.br\/cri\/wp-json\/wp\/v2\/types\/post"}],"author":[{"embeddable":true,"href":"https:\/\/diariodepe.com.br\/cri\/wp-json\/wp\/v2\/users\/2"}],"replies":[{"embeddable":true,"href":"https:\/\/diariodepe.com.br\/cri\/wp-json\/wp\/v2\/comments?post=6679"}],"version-history":[{"count":1,"href":"https:\/\/diariodepe.com.br\/cri\/wp-json\/wp\/v2\/posts\/6679\/revisions"}],"predecessor-version":[{"id":6680,"href":"https:\/\/diariodepe.com.br\/cri\/wp-json\/wp\/v2\/posts\/6679\/revisions\/6680"}],"wp:attachment":[{"href":"https:\/\/diariodepe.com.br\/cri\/wp-json\/wp\/v2\/media?parent=6679"}],"wp:term":[{"taxonomy":"category","embeddable":true,"href":"https:\/\/diariodepe.com.br\/cri\/wp-json\/wp\/v2\/categories?post=6679"},{"taxonomy":"post_tag","embeddable":true,"href":"https:\/\/diariodepe.com.br\/cri\/wp-json\/wp\/v2\/tags?post=6679"}],"curies":[{"name":"wp","href":"https:\/\/api.w.org\/{rel}","templated":true}]}}