{"id":6669,"date":"2024-11-15T02:44:53","date_gmt":"2024-11-15T05:44:53","guid":{"rendered":"https:\/\/diariodepe.com.br\/cri\/?p=6669"},"modified":"2024-11-15T06:47:16","modified_gmt":"2024-11-15T09:47:16","slug":"chefes-de-estado-da-china-e-do-peru-inauguram-novo-porto","status":"publish","type":"post","link":"https:\/\/diariodepe.com.br\/cri\/2024\/11\/15\/chefes-de-estado-da-china-e-do-peru-inauguram-novo-porto\/","title":{"rendered":"Chefes de Estado da China e do Peru inauguram novo porto"},"content":{"rendered":"<p data-spm-anchor-id=\"0.0.0.i1\">O presidente da China, Xi Jinping, e a presidente do Peru, Dina Boluarte, participaram virtualmente nesta quinta-feira (14) da cerim\u00f4nia de inaugura\u00e7\u00e3o do Porto de Chancay.<\/p>\n<p>Em seu discurso, o l\u00edder chin\u00eas parabenizou a abertura do porto e prestou homenagem aos construtores dos dois pa\u00edses por superarem as dificuldades da pandemia e trabalharem juntos para concluir v\u00e1rias tarefas com alta qualidade. Ele destacou que a finaliza\u00e7\u00e3o da constru\u00e7\u00e3o em apenas alguns anos \u00e9 emocionante e inspirador. Xi Jinping destacou que o Porto de Chancay n\u00e3o \u00e9 apenas uma infraestrutura de \u00e1guas profundas, ele \u00e9 o primeiro embarcadouro inteligente e verde da Am\u00e9rica do Sul, e trar\u00e1 enormes benef\u00edcios para o Peru, criar\u00e1 um grande n\u00famero de empregos e fortalecer\u00e1 a posi\u00e7\u00e3o do pa\u00eds como uma porta de entrada que conecta terra e mar, \u00c1sia e Am\u00e9rica Latina. H\u00e1 mais de 2 mil anos, ancestrais chineses atravessaram mares tempestuosos e criaram a Rota da Seda Mar\u00edtima, conectando o Oriente e o Ocidente. Mais de 500 anos atr\u00e1s, ancestrais peruanos, os Incas, escalaram montanhas e constru\u00edram a Estrada Inca que cruza o norte e o sul dos Andes. Hoje, o Porto de Chancay est\u00e1 se tornando um novo ponto de partida da &#8220;Estrada Inca na Nova Era&#8221;. Segundo o l\u00edder chin\u00eas, de Chancay para Shangai, n\u00e3o apenas testemunhamos a implementa\u00e7\u00e3o da Iniciativa Cintur\u00e3o e Rota no Peru, mas tamb\u00e9m o nascimento de um novo corredor terra-mar, da \u00c1sia at\u00e9 a Am\u00e9rica na nova era.<img fetchpriority=\"high\" decoding=\"async\" class=\"alignnone size-full wp-image-6671\" src=\"https:\/\/diariodepe.com.br\/cri\/wp-content\/uploads\/2024\/11\/\u51fa\u5e2d\u4eea\u5f0f2.jpeg\" alt=\"\" width=\"900\" height=\"557\" srcset=\"https:\/\/diariodepe.com.br\/cri\/wp-content\/uploads\/sites\/2\/2024\/11\/\u51fa\u5e2d\u4eea\u5f0f2.jpeg 900w, https:\/\/diariodepe.com.br\/cri\/wp-content\/uploads\/sites\/2\/2024\/11\/\u51fa\u5e2d\u4eea\u5f0f2-300x186.jpeg 300w, https:\/\/diariodepe.com.br\/cri\/wp-content\/uploads\/sites\/2\/2024\/11\/\u51fa\u5e2d\u4eea\u5f0f2-768x475.jpeg 768w\" sizes=\"(max-width: 900px) 100vw, 900px\" \/><\/p>\n<p>Xi Jinping enfatizou que as duas partes devem trabalhar juntas para construir, gerenciar e operar bem o Porto de Chancay, melhorar continuamente a capacidade de transporte e melhorar o n\u00edvel de servi\u00e7o abrangente. Ele apontou que \u00e9 necess\u00e1rio usar os canais para impulsionar a log\u00edstica, usar a log\u00edstica para impulsionar o com\u00e9rcio e usar o com\u00e9rcio para impulsionar as ind\u00fastrias econ\u00f4micas e comerciais. O presidente chin\u00eas destacou que \u00e9 necess\u00e1rio aderir a amplas consultas, contribui\u00e7\u00f5es conjuntas e compartilhamento para capacitar o desenvolvimento comum das economias costeiras do Pac\u00edfico, incluindo China e Peru, para que o porto possa realmente se tornar um caminho rumo a prosperidade e felicidade para o Peru e at\u00e9 mesmo para o grande n\u00famero dos pa\u00edses latino-americanos e caribenhos.<\/p>\n<p>Em seu discurso na inaugura\u00e7\u00e3o, a presidente Boluarte disse que a abertura do porto de Chancay \u00e9 um momento hist\u00f3rico de orgulho para todo o povo peruano. \u201cEste ambicioso projeto da Iniciativa Cintur\u00e3o e Rota marca um passo crucial em dire\u00e7\u00e3o ao objetivo do Peru de se tornar um centro internacional de transporte e com\u00e9rcio, o que far\u00e1 o Peru uma importante porta de entrada conectando a Am\u00e9rica Latina e a \u00c1sia\u201d, afirmou Boluarte. Ela destacou tamb\u00e9m a infraestrutura promover\u00e1 fortemente a integra\u00e7\u00e3o e a prosperidade da Am\u00e9rica Latina. Ele abrir\u00e1 um novo cap\u00edtulo no desenvolvimento econ\u00f4mico do Peru, aumentando ainda mais a competitividade do pa\u00eds e trazendo mais benef\u00edcios para todo o povo peruano.<img decoding=\"async\" class=\"alignnone size-full wp-image-6672\" src=\"https:\/\/diariodepe.com.br\/cri\/wp-content\/uploads\/2024\/11\/\u51fa\u5e2d\u4eea\u5f0f3.jpeg\" alt=\"\" width=\"900\" height=\"326\" srcset=\"https:\/\/diariodepe.com.br\/cri\/wp-content\/uploads\/sites\/2\/2024\/11\/\u51fa\u5e2d\u4eea\u5f0f3.jpeg 900w, https:\/\/diariodepe.com.br\/cri\/wp-content\/uploads\/sites\/2\/2024\/11\/\u51fa\u5e2d\u4eea\u5f0f3-300x109.jpeg 300w, https:\/\/diariodepe.com.br\/cri\/wp-content\/uploads\/sites\/2\/2024\/11\/\u51fa\u5e2d\u4eea\u5f0f3-768x278.jpeg 768w\" sizes=\"(max-width: 900px) 100vw, 900px\" \/><\/p>\n<p>Localizado a 80 quil\u00f4metros ao norte de Lima, capital do Peru, o porto de Chancay \u00e9 um projeto-chave da Iniciativa Cintur\u00e3o e Rota, constru\u00edda em conjunto pela China e pelo Peru. Ap\u00f3s a abertura do porto, o tempo de envio unidirecional entre a China e o Peru ser\u00e1 reduzido para 23 dias, economizando mais de 20% dos custos log\u00edsticos e criando mais de 8 mil empregos diretos no Peru todos os anos.<\/p>\n","protected":false},"excerpt":{"rendered":"<p>O presidente da China, Xi Jinping, e a presidente do Peru, Dina Boluarte, participaram virtualmente nesta quinta-feira (14) da cerim\u00f4nia de inaugura\u00e7\u00e3o do Porto de Chancay. Em seu discurso, o l\u00edder chin\u00eas parabenizou a abertura do porto e prestou homenagem&#8230;<\/p>\n","protected":false},"author":2,"featured_media":6670,"comment_status":"open","ping_status":"open","sticky":false,"template":"","format":"standard","meta":{"footnotes":""},"categories":[5,8],"tags":[],"class_list":["post-6669","post","type-post","status-publish","format-standard","has-post-thumbnail","hentry","category-destaques-capa","category-internacional"],"yoast_head":"<!-- This site is optimized with the Yoast SEO plugin v27.4 - https:\/\/yoast.com\/product\/yoast-seo-wordpress\/ -->\n<title>Chefes de Estado da China e do Peru inauguram novo porto - CRI e Diario de Pernambuco<\/title>\n<meta name=\"robots\" content=\"index, follow, max-snippet:-1, max-image-preview:large, max-video-preview:-1\" \/>\n<link rel=\"canonical\" href=\"https:\/\/diariodepe.com.br\/cri\/2024\/11\/15\/chefes-de-estado-da-china-e-do-peru-inauguram-novo-porto\/\" \/>\n<meta property=\"og:locale\" content=\"pt_BR\" \/>\n<meta property=\"og:type\" content=\"article\" \/>\n<meta property=\"og:title\" content=\"Chefes de Estado da China e do Peru inauguram novo porto - CRI e Diario de Pernambuco\" \/>\n<meta property=\"og:description\" content=\"O presidente da China, Xi Jinping, e a presidente do Peru, Dina Boluarte, participaram virtualmente nesta quinta-feira (14) da cerim\u00f4nia de inaugura\u00e7\u00e3o do Porto de Chancay. Em seu discurso, o l\u00edder chin\u00eas parabenizou a abertura do porto e prestou homenagem...\" \/>\n<meta property=\"og:url\" content=\"https:\/\/diariodepe.com.br\/cri\/2024\/11\/15\/chefes-de-estado-da-china-e-do-peru-inauguram-novo-porto\/\" \/>\n<meta property=\"og:site_name\" content=\"CRI e Diario de Pernambuco\" \/>\n<meta property=\"article:published_time\" content=\"2024-11-15T05:44:53+00:00\" \/>\n<meta property=\"article:modified_time\" content=\"2024-11-15T09:47:16+00:00\" \/>\n<meta property=\"og:image\" content=\"https:\/\/diariodepe.com.br\/cri\/wp-content\/uploads\/sites\/2\/2024\/11\/\u51fa\u5e2d\u5f00\u6e2f\u4eea\u5f0f1.jpeg\" \/>\n\t<meta property=\"og:image:width\" content=\"900\" \/>\n\t<meta property=\"og:image:height\" content=\"675\" \/>\n\t<meta property=\"og:image:type\" content=\"image\/jpeg\" \/>\n<meta name=\"author\" content=\"Ismael Lucas S. Pereira\" \/>\n<meta name=\"twitter:card\" content=\"summary_large_image\" \/>\n<meta name=\"twitter:label1\" content=\"Escrito por\" \/>\n\t<meta name=\"twitter:data1\" content=\"Ismael Lucas S. Pereira\" \/>\n\t<meta name=\"twitter:label2\" content=\"Est. tempo de leitura\" \/>\n\t<meta name=\"twitter:data2\" content=\"4 minutos\" \/>\n<script type=\"application\/ld+json\" class=\"yoast-schema-graph\">{\"@context\":\"https:\\\/\\\/schema.org\",\"@graph\":[{\"@type\":\"Article\",\"@id\":\"https:\\\/\\\/diariodepe.com.br\\\/cri\\\/2024\\\/11\\\/15\\\/chefes-de-estado-da-china-e-do-peru-inauguram-novo-porto\\\/#article\",\"isPartOf\":{\"@id\":\"https:\\\/\\\/diariodepe.com.br\\\/cri\\\/2024\\\/11\\\/15\\\/chefes-de-estado-da-china-e-do-peru-inauguram-novo-porto\\\/\"},\"author\":{\"name\":\"Ismael Lucas S. Pereira\",\"@id\":\"https:\\\/\\\/diariodepe.com.br\\\/cri\\\/#\\\/schema\\\/person\\\/121bb28d84f1a5b1205ef4ce9c2e0c6b\"},\"headline\":\"Chefes de Estado da China e do Peru inauguram novo porto\",\"datePublished\":\"2024-11-15T05:44:53+00:00\",\"dateModified\":\"2024-11-15T09:47:16+00:00\",\"mainEntityOfPage\":{\"@id\":\"https:\\\/\\\/diariodepe.com.br\\\/cri\\\/2024\\\/11\\\/15\\\/chefes-de-estado-da-china-e-do-peru-inauguram-novo-porto\\\/\"},\"wordCount\":606,\"commentCount\":0,\"publisher\":{\"@id\":\"https:\\\/\\\/diariodepe.com.br\\\/cri\\\/#organization\"},\"image\":{\"@id\":\"https:\\\/\\\/diariodepe.com.br\\\/cri\\\/2024\\\/11\\\/15\\\/chefes-de-estado-da-china-e-do-peru-inauguram-novo-porto\\\/#primaryimage\"},\"thumbnailUrl\":\"https:\\\/\\\/diariodepe.com.br\\\/cri\\\/wp-content\\\/uploads\\\/sites\\\/2\\\/2024\\\/11\\\/\u51fa\u5e2d\u5f00\u6e2f\u4eea\u5f0f1.jpeg\",\"articleSection\":[\"Destaques Capa\",\"Internacional\"],\"inLanguage\":\"pt-BR\",\"potentialAction\":[{\"@type\":\"CommentAction\",\"name\":\"Comment\",\"target\":[\"https:\\\/\\\/diariodepe.com.br\\\/cri\\\/2024\\\/11\\\/15\\\/chefes-de-estado-da-china-e-do-peru-inauguram-novo-porto\\\/#respond\"]}]},{\"@type\":\"WebPage\",\"@id\":\"https:\\\/\\\/diariodepe.com.br\\\/cri\\\/2024\\\/11\\\/15\\\/chefes-de-estado-da-china-e-do-peru-inauguram-novo-porto\\\/\",\"url\":\"https:\\\/\\\/diariodepe.com.br\\\/cri\\\/2024\\\/11\\\/15\\\/chefes-de-estado-da-china-e-do-peru-inauguram-novo-porto\\\/\",\"name\":\"Chefes de Estado da China e do Peru inauguram novo porto - CRI e Diario de Pernambuco\",\"isPartOf\":{\"@id\":\"https:\\\/\\\/diariodepe.com.br\\\/cri\\\/#website\"},\"primaryImageOfPage\":{\"@id\":\"https:\\\/\\\/diariodepe.com.br\\\/cri\\\/2024\\\/11\\\/15\\\/chefes-de-estado-da-china-e-do-peru-inauguram-novo-porto\\\/#primaryimage\"},\"image\":{\"@id\":\"https:\\\/\\\/diariodepe.com.br\\\/cri\\\/2024\\\/11\\\/15\\\/chefes-de-estado-da-china-e-do-peru-inauguram-novo-porto\\\/#primaryimage\"},\"thumbnailUrl\":\"https:\\\/\\\/diariodepe.com.br\\\/cri\\\/wp-content\\\/uploads\\\/sites\\\/2\\\/2024\\\/11\\\/\u51fa\u5e2d\u5f00\u6e2f\u4eea\u5f0f1.jpeg\",\"datePublished\":\"2024-11-15T05:44:53+00:00\",\"dateModified\":\"2024-11-15T09:47:16+00:00\",\"breadcrumb\":{\"@id\":\"https:\\\/\\\/diariodepe.com.br\\\/cri\\\/2024\\\/11\\\/15\\\/chefes-de-estado-da-china-e-do-peru-inauguram-novo-porto\\\/#breadcrumb\"},\"inLanguage\":\"pt-BR\",\"potentialAction\":[{\"@type\":\"ReadAction\",\"target\":[\"https:\\\/\\\/diariodepe.com.br\\\/cri\\\/2024\\\/11\\\/15\\\/chefes-de-estado-da-china-e-do-peru-inauguram-novo-porto\\\/\"]}]},{\"@type\":\"ImageObject\",\"inLanguage\":\"pt-BR\",\"@id\":\"https:\\\/\\\/diariodepe.com.br\\\/cri\\\/2024\\\/11\\\/15\\\/chefes-de-estado-da-china-e-do-peru-inauguram-novo-porto\\\/#primaryimage\",\"url\":\"https:\\\/\\\/diariodepe.com.br\\\/cri\\\/wp-content\\\/uploads\\\/sites\\\/2\\\/2024\\\/11\\\/\u51fa\u5e2d\u5f00\u6e2f\u4eea\u5f0f1.jpeg\",\"contentUrl\":\"https:\\\/\\\/diariodepe.com.br\\\/cri\\\/wp-content\\\/uploads\\\/sites\\\/2\\\/2024\\\/11\\\/\u51fa\u5e2d\u5f00\u6e2f\u4eea\u5f0f1.jpeg\",\"width\":900,\"height\":675},{\"@type\":\"BreadcrumbList\",\"@id\":\"https:\\\/\\\/diariodepe.com.br\\\/cri\\\/2024\\\/11\\\/15\\\/chefes-de-estado-da-china-e-do-peru-inauguram-novo-porto\\\/#breadcrumb\",\"itemListElement\":[{\"@type\":\"ListItem\",\"position\":1,\"name\":\"In\u00edcio\",\"item\":\"https:\\\/\\\/diariodepe.com.br\\\/cri\\\/\"},{\"@type\":\"ListItem\",\"position\":2,\"name\":\"Chefes de Estado da China e do Peru inauguram novo porto\"}]},{\"@type\":\"WebSite\",\"@id\":\"https:\\\/\\\/diariodepe.com.br\\\/cri\\\/#website\",\"url\":\"https:\\\/\\\/diariodepe.com.br\\\/cri\\\/\",\"name\":\"CRI e Diario de Pernambuco\",\"description\":\"R\u00e1dio Internacional da China\",\"publisher\":{\"@id\":\"https:\\\/\\\/diariodepe.com.br\\\/cri\\\/#organization\"},\"potentialAction\":[{\"@type\":\"SearchAction\",\"target\":{\"@type\":\"EntryPoint\",\"urlTemplate\":\"https:\\\/\\\/diariodepe.com.br\\\/cri\\\/?s={search_term_string}\"},\"query-input\":{\"@type\":\"PropertyValueSpecification\",\"valueRequired\":true,\"valueName\":\"search_term_string\"}}],\"inLanguage\":\"pt-BR\"},{\"@type\":\"Organization\",\"@id\":\"https:\\\/\\\/diariodepe.com.br\\\/cri\\\/#organization\",\"name\":\"CRI e Diario de Pernambuco\",\"url\":\"https:\\\/\\\/diariodepe.com.br\\\/cri\\\/\",\"logo\":{\"@type\":\"ImageObject\",\"inLanguage\":\"pt-BR\",\"@id\":\"https:\\\/\\\/diariodepe.com.br\\\/cri\\\/#\\\/schema\\\/logo\\\/image\\\/\",\"url\":\"https:\\\/\\\/diariodepe.com.br\\\/cri\\\/wp-content\\\/uploads\\\/sites\\\/2\\\/2022\\\/12\\\/cropped-Logo.jpg\",\"contentUrl\":\"https:\\\/\\\/diariodepe.com.br\\\/cri\\\/wp-content\\\/uploads\\\/sites\\\/2\\\/2022\\\/12\\\/cropped-Logo.jpg\",\"width\":700,\"height\":59,\"caption\":\"CRI e Diario de Pernambuco\"},\"image\":{\"@id\":\"https:\\\/\\\/diariodepe.com.br\\\/cri\\\/#\\\/schema\\\/logo\\\/image\\\/\"}},{\"@type\":\"Person\",\"@id\":\"https:\\\/\\\/diariodepe.com.br\\\/cri\\\/#\\\/schema\\\/person\\\/121bb28d84f1a5b1205ef4ce9c2e0c6b\",\"name\":\"Ismael Lucas S. Pereira\",\"image\":{\"@type\":\"ImageObject\",\"inLanguage\":\"pt-BR\",\"@id\":\"https:\\\/\\\/secure.gravatar.com\\\/avatar\\\/887a0f3b5a7ceea963a48499fb883ffce6b5037362def025c52c2505b15d63e4?s=96&d=mm&r=g\",\"url\":\"https:\\\/\\\/secure.gravatar.com\\\/avatar\\\/887a0f3b5a7ceea963a48499fb883ffce6b5037362def025c52c2505b15d63e4?s=96&d=mm&r=g\",\"contentUrl\":\"https:\\\/\\\/secure.gravatar.com\\\/avatar\\\/887a0f3b5a7ceea963a48499fb883ffce6b5037362def025c52c2505b15d63e4?s=96&d=mm&r=g\",\"caption\":\"Ismael Lucas S. Pereira\"},\"url\":\"https:\\\/\\\/diariodepe.com.br\\\/cri\\\/author\\\/ismael-lucas\\\/\"}]}<\/script>\n<!-- \/ Yoast SEO plugin. -->","yoast_head_json":{"title":"Chefes de Estado da China e do Peru inauguram novo porto - CRI e Diario de Pernambuco","robots":{"index":"index","follow":"follow","max-snippet":"max-snippet:-1","max-image-preview":"max-image-preview:large","max-video-preview":"max-video-preview:-1"},"canonical":"https:\/\/diariodepe.com.br\/cri\/2024\/11\/15\/chefes-de-estado-da-china-e-do-peru-inauguram-novo-porto\/","og_locale":"pt_BR","og_type":"article","og_title":"Chefes de Estado da China e do Peru inauguram novo porto - CRI e Diario de Pernambuco","og_description":"O presidente da China, Xi Jinping, e a presidente do Peru, Dina Boluarte, participaram virtualmente nesta quinta-feira (14) da cerim\u00f4nia de inaugura\u00e7\u00e3o do Porto de Chancay. Em seu discurso, o l\u00edder chin\u00eas parabenizou a abertura do porto e prestou homenagem...","og_url":"https:\/\/diariodepe.com.br\/cri\/2024\/11\/15\/chefes-de-estado-da-china-e-do-peru-inauguram-novo-porto\/","og_site_name":"CRI e Diario de Pernambuco","article_published_time":"2024-11-15T05:44:53+00:00","article_modified_time":"2024-11-15T09:47:16+00:00","og_image":[{"width":900,"height":675,"url":"https:\/\/diariodepe.com.br\/cri\/wp-content\/uploads\/sites\/2\/2024\/11\/\u51fa\u5e2d\u5f00\u6e2f\u4eea\u5f0f1.jpeg","type":"image\/jpeg"}],"author":"Ismael Lucas S. Pereira","twitter_card":"summary_large_image","twitter_misc":{"Escrito por":"Ismael Lucas S. Pereira","Est. tempo de leitura":"4 minutos"},"schema":{"@context":"https:\/\/schema.org","@graph":[{"@type":"Article","@id":"https:\/\/diariodepe.com.br\/cri\/2024\/11\/15\/chefes-de-estado-da-china-e-do-peru-inauguram-novo-porto\/#article","isPartOf":{"@id":"https:\/\/diariodepe.com.br\/cri\/2024\/11\/15\/chefes-de-estado-da-china-e-do-peru-inauguram-novo-porto\/"},"author":{"name":"Ismael Lucas S. Pereira","@id":"https:\/\/diariodepe.com.br\/cri\/#\/schema\/person\/121bb28d84f1a5b1205ef4ce9c2e0c6b"},"headline":"Chefes de Estado da China e do Peru inauguram novo porto","datePublished":"2024-11-15T05:44:53+00:00","dateModified":"2024-11-15T09:47:16+00:00","mainEntityOfPage":{"@id":"https:\/\/diariodepe.com.br\/cri\/2024\/11\/15\/chefes-de-estado-da-china-e-do-peru-inauguram-novo-porto\/"},"wordCount":606,"commentCount":0,"publisher":{"@id":"https:\/\/diariodepe.com.br\/cri\/#organization"},"image":{"@id":"https:\/\/diariodepe.com.br\/cri\/2024\/11\/15\/chefes-de-estado-da-china-e-do-peru-inauguram-novo-porto\/#primaryimage"},"thumbnailUrl":"https:\/\/diariodepe.com.br\/cri\/wp-content\/uploads\/sites\/2\/2024\/11\/\u51fa\u5e2d\u5f00\u6e2f\u4eea\u5f0f1.jpeg","articleSection":["Destaques Capa","Internacional"],"inLanguage":"pt-BR","potentialAction":[{"@type":"CommentAction","name":"Comment","target":["https:\/\/diariodepe.com.br\/cri\/2024\/11\/15\/chefes-de-estado-da-china-e-do-peru-inauguram-novo-porto\/#respond"]}]},{"@type":"WebPage","@id":"https:\/\/diariodepe.com.br\/cri\/2024\/11\/15\/chefes-de-estado-da-china-e-do-peru-inauguram-novo-porto\/","url":"https:\/\/diariodepe.com.br\/cri\/2024\/11\/15\/chefes-de-estado-da-china-e-do-peru-inauguram-novo-porto\/","name":"Chefes de Estado da China e do Peru inauguram novo porto - CRI e Diario de Pernambuco","isPartOf":{"@id":"https:\/\/diariodepe.com.br\/cri\/#website"},"primaryImageOfPage":{"@id":"https:\/\/diariodepe.com.br\/cri\/2024\/11\/15\/chefes-de-estado-da-china-e-do-peru-inauguram-novo-porto\/#primaryimage"},"image":{"@id":"https:\/\/diariodepe.com.br\/cri\/2024\/11\/15\/chefes-de-estado-da-china-e-do-peru-inauguram-novo-porto\/#primaryimage"},"thumbnailUrl":"https:\/\/diariodepe.com.br\/cri\/wp-content\/uploads\/sites\/2\/2024\/11\/\u51fa\u5e2d\u5f00\u6e2f\u4eea\u5f0f1.jpeg","datePublished":"2024-11-15T05:44:53+00:00","dateModified":"2024-11-15T09:47:16+00:00","breadcrumb":{"@id":"https:\/\/diariodepe.com.br\/cri\/2024\/11\/15\/chefes-de-estado-da-china-e-do-peru-inauguram-novo-porto\/#breadcrumb"},"inLanguage":"pt-BR","potentialAction":[{"@type":"ReadAction","target":["https:\/\/diariodepe.com.br\/cri\/2024\/11\/15\/chefes-de-estado-da-china-e-do-peru-inauguram-novo-porto\/"]}]},{"@type":"ImageObject","inLanguage":"pt-BR","@id":"https:\/\/diariodepe.com.br\/cri\/2024\/11\/15\/chefes-de-estado-da-china-e-do-peru-inauguram-novo-porto\/#primaryimage","url":"https:\/\/diariodepe.com.br\/cri\/wp-content\/uploads\/sites\/2\/2024\/11\/\u51fa\u5e2d\u5f00\u6e2f\u4eea\u5f0f1.jpeg","contentUrl":"https:\/\/diariodepe.com.br\/cri\/wp-content\/uploads\/sites\/2\/2024\/11\/\u51fa\u5e2d\u5f00\u6e2f\u4eea\u5f0f1.jpeg","width":900,"height":675},{"@type":"BreadcrumbList","@id":"https:\/\/diariodepe.com.br\/cri\/2024\/11\/15\/chefes-de-estado-da-china-e-do-peru-inauguram-novo-porto\/#breadcrumb","itemListElement":[{"@type":"ListItem","position":1,"name":"In\u00edcio","item":"https:\/\/diariodepe.com.br\/cri\/"},{"@type":"ListItem","position":2,"name":"Chefes de Estado da China e do Peru inauguram novo porto"}]},{"@type":"WebSite","@id":"https:\/\/diariodepe.com.br\/cri\/#website","url":"https:\/\/diariodepe.com.br\/cri\/","name":"CRI e Diario de Pernambuco","description":"R\u00e1dio Internacional da China","publisher":{"@id":"https:\/\/diariodepe.com.br\/cri\/#organization"},"potentialAction":[{"@type":"SearchAction","target":{"@type":"EntryPoint","urlTemplate":"https:\/\/diariodepe.com.br\/cri\/?s={search_term_string}"},"query-input":{"@type":"PropertyValueSpecification","valueRequired":true,"valueName":"search_term_string"}}],"inLanguage":"pt-BR"},{"@type":"Organization","@id":"https:\/\/diariodepe.com.br\/cri\/#organization","name":"CRI e Diario de Pernambuco","url":"https:\/\/diariodepe.com.br\/cri\/","logo":{"@type":"ImageObject","inLanguage":"pt-BR","@id":"https:\/\/diariodepe.com.br\/cri\/#\/schema\/logo\/image\/","url":"https:\/\/diariodepe.com.br\/cri\/wp-content\/uploads\/sites\/2\/2022\/12\/cropped-Logo.jpg","contentUrl":"https:\/\/diariodepe.com.br\/cri\/wp-content\/uploads\/sites\/2\/2022\/12\/cropped-Logo.jpg","width":700,"height":59,"caption":"CRI e Diario de Pernambuco"},"image":{"@id":"https:\/\/diariodepe.com.br\/cri\/#\/schema\/logo\/image\/"}},{"@type":"Person","@id":"https:\/\/diariodepe.com.br\/cri\/#\/schema\/person\/121bb28d84f1a5b1205ef4ce9c2e0c6b","name":"Ismael Lucas S. Pereira","image":{"@type":"ImageObject","inLanguage":"pt-BR","@id":"https:\/\/secure.gravatar.com\/avatar\/887a0f3b5a7ceea963a48499fb883ffce6b5037362def025c52c2505b15d63e4?s=96&d=mm&r=g","url":"https:\/\/secure.gravatar.com\/avatar\/887a0f3b5a7ceea963a48499fb883ffce6b5037362def025c52c2505b15d63e4?s=96&d=mm&r=g","contentUrl":"https:\/\/secure.gravatar.com\/avatar\/887a0f3b5a7ceea963a48499fb883ffce6b5037362def025c52c2505b15d63e4?s=96&d=mm&r=g","caption":"Ismael Lucas S. Pereira"},"url":"https:\/\/diariodepe.com.br\/cri\/author\/ismael-lucas\/"}]}},"cc_featured_image_caption":{"caption_text":false,"source_text":false,"source_url":false},"amp_enabled":true,"_links":{"self":[{"href":"https:\/\/diariodepe.com.br\/cri\/wp-json\/wp\/v2\/posts\/6669","targetHints":{"allow":["GET"]}}],"collection":[{"href":"https:\/\/diariodepe.com.br\/cri\/wp-json\/wp\/v2\/posts"}],"about":[{"href":"https:\/\/diariodepe.com.br\/cri\/wp-json\/wp\/v2\/types\/post"}],"author":[{"embeddable":true,"href":"https:\/\/diariodepe.com.br\/cri\/wp-json\/wp\/v2\/users\/2"}],"replies":[{"embeddable":true,"href":"https:\/\/diariodepe.com.br\/cri\/wp-json\/wp\/v2\/comments?post=6669"}],"version-history":[{"count":1,"href":"https:\/\/diariodepe.com.br\/cri\/wp-json\/wp\/v2\/posts\/6669\/revisions"}],"predecessor-version":[{"id":6673,"href":"https:\/\/diariodepe.com.br\/cri\/wp-json\/wp\/v2\/posts\/6669\/revisions\/6673"}],"wp:featuredmedia":[{"embeddable":true,"href":"https:\/\/diariodepe.com.br\/cri\/wp-json\/wp\/v2\/media\/6670"}],"wp:attachment":[{"href":"https:\/\/diariodepe.com.br\/cri\/wp-json\/wp\/v2\/media?parent=6669"}],"wp:term":[{"taxonomy":"category","embeddable":true,"href":"https:\/\/diariodepe.com.br\/cri\/wp-json\/wp\/v2\/categories?post=6669"},{"taxonomy":"post_tag","embeddable":true,"href":"https:\/\/diariodepe.com.br\/cri\/wp-json\/wp\/v2\/tags?post=6669"}],"curies":[{"name":"wp","href":"https:\/\/api.w.org\/{rel}","templated":true}]}}