{"id":6664,"date":"2024-11-15T02:39:38","date_gmt":"2024-11-15T05:39:38","guid":{"rendered":"https:\/\/diariodepe.com.br\/cri\/?p=6664"},"modified":"2024-11-15T06:43:23","modified_gmt":"2024-11-15T09:43:23","slug":"xi-jinping-reune-se-com-a-presidente-peruana","status":"publish","type":"post","link":"https:\/\/diariodepe.com.br\/cri\/2024\/11\/15\/xi-jinping-reune-se-com-a-presidente-peruana\/","title":{"rendered":"Xi Jinping re\u00fane-se com a presidente peruana"},"content":{"rendered":"<p data-spm-anchor-id=\"0.0.0.i1\">O presidente chin\u00eas, Xi Jinping, conversou nesta quinta-feira (14), hor\u00e1rio local, com a presidente peruana Dina Boluarte, no Pal\u00e1cio do Governo do Peru, em Lima.<\/p>\n<p>Xi Jinping afirmou estar muito contente com o convite que recebeu da presidente Dina Boluarte para sua visita de Estado ao Peru e para a Reuni\u00e3o dos L\u00edderes da Coopera\u00e7\u00e3o Econ\u00f4mica \u00c1sia-Pac\u00edfico (Apec). Ele destacou que \u00e9 sua terceira visita ao pa\u00eds sul-americano, e que em um ano j\u00e1 teve tr\u00eas encontros com Dina Boluarte.<\/p>\n<p data-spm-anchor-id=\"0.0.0.i2\">\u201cAssim que pisei nesta bela terra que \u00e9 o Peru, senti fortemente a amizade entre os povos peruano e chin\u00eas, isso aqueceu meu cora\u00e7\u00e3o\u201d, disse o l\u00edder chin\u00eas.<\/p>\n<p>Ele apontou que China e Peru s\u00e3o pa\u00edses com civiliza\u00e7\u00f5es antigas. O aprofundamento cultural proporcionou aos dois pa\u00edses sabedoria e um esp\u00edrito de abertura, permitindo a ambos conduzir suas respectivas trajet\u00f3rias com vis\u00e3o clara, seguir a tend\u00eancia de desenvolvimento dos tempos e persistir no tratamento igualit\u00e1rio, com respeito m\u00fatuo e troca de aprendizados. Por isso, o relacionamento China-Peru se tornou um modelo de solidariedade e coopera\u00e7\u00e3o entre pa\u00edses com dimens\u00f5es, sistemas ou culturas diferentes.<\/p>\n<p>Xi Jinping destacou que as rela\u00e7\u00f5es sino-peruanas t\u00eam mantido um cont\u00ednuo desenvolvimento desde o estabelecimento dos la\u00e7os diplom\u00e1ticos h\u00e1 53 anos. Especialmente ap\u00f3s sua primeira visita de Estado ao Peru em 2016, com os esfor\u00e7os conjuntos de ambos os lados, o volume do com\u00e9rcio bilateral aumentou 1,6 vez, enquanto o investimento de empresas chinesas no Peru duplicou e o acordo de livre com\u00e9rcio foi atualizado. Tudo isso trouxe benef\u00edcios tang\u00edveis para os povos de ambos os pa\u00edses.\u00a0Ele lembrou que as duas partes devem aprender com as experi\u00eancias mutuamente e promover a atualiza\u00e7\u00e3o de qualidade das coopera\u00e7\u00f5es pragm\u00e1ticas, a fim de elevar a parceria estrat\u00e9gica global China-Peru para um novo patamar e beneficiar da melhor forma os povos dos dois pa\u00edses.<\/p>\n<p>Segundo o presidente chin\u00eas, os dois lados devem alinhar suas estrat\u00e9gias de desenvolvimento, explorar o potencial de coopera\u00e7\u00e3o e criar um novo padr\u00e3o de coopera\u00e7\u00e3o pragm\u00e1tica. As duas na\u00e7\u00f5es precisam fortalecer a &#8220;motiva\u00e7\u00e3o pelas duas rodas&#8221; do com\u00e9rcio e do investimento, o &#8220;voo pelas duas asas\u201d da ind\u00fastria tradicional e da ind\u00fastria emergente e a &#8220;integra\u00e7\u00e3o das duas cadeias&#8221;, industrial e de suprimentos. A China est\u00e1 disposta a continuar a expandir a importa\u00e7\u00e3o de produtos agr\u00edcolas de alta qualidade com caracter\u00edsticas peruanas, incentivar poderosas empresas chinesas a investirem no Peru e fazer as devidas contribui\u00e7\u00f5es para o desenvolvimento local. Para Xi Jinping, os dois lados devem coordenar e promover a coopera\u00e7\u00e3o em \u00e1reas tradicionais, como energia mineral, infraestrutura, transporte e comunica\u00e7\u00f5es e expandir a coopera\u00e7\u00e3o em \u00e1reas emergentes, como economia digital, intelig\u00eancia artificial, transporte mar\u00edtimo verde, ve\u00edculos el\u00e9tricos e ind\u00fastrias fotovoltaicas. O governo chin\u00eas vai incentivar as empresas chinesas a participarem da &#8220;conectividade r\u00edgida&#8221;, na constru\u00e7\u00e3o de infraestrutura no Peru, e da &#8220;conectividade suave&#8221;, na constru\u00e7\u00e3o de alf\u00e2ndegas inteligentes. A conclus\u00e3o da primeira fase do projeto do Porto de Chancay por empresas chinesas superando as dificuldades e dentro do cronograma demonstrou plenamente a determina\u00e7\u00e3o da China em realizar uma coopera\u00e7\u00e3o estrat\u00e9gica de longo prazo com o lado peruano. O governo chin\u00eas est\u00e1 pronto para trabalhar com o lado peruano para aproveitar ao m\u00e1ximo as vantagens geogr\u00e1ficas do Porto de Chancay, construindo um novo corredor terra-mar entre a China e a Am\u00e9rica Latina, e explorar a constru\u00e7\u00e3o de um padr\u00e3o de conectividade tridimensional, diversificado e eficiente da costa ao interior, do Peru a outros pa\u00edses da Am\u00e9rica Latina, de modo a promover o desenvolvimento e a integra\u00e7\u00e3o geral da Am\u00e9rica Latina e do Caribe.<\/p>\n<p>Segundo Xi Jinping, a China apoia o estabelecimento de rela\u00e7\u00f5es de cidades-irm\u00e3s entre Suzhou e Chancay, e est\u00e1 disposta a trocar experi\u00eancias na constru\u00e7\u00e3o de parques industriais com o lado peruano, expandir a coopera\u00e7\u00e3o no com\u00e9rcio transfronteiri\u00e7o de servi\u00e7os e com\u00e9rcio eletr\u00f4nico, desempenhar plenamente os efeitos de cluster e de liga\u00e7\u00e3o, al\u00e9m de fortalecer a confian\u00e7a na coopera\u00e7\u00e3o de benef\u00edcio rec\u00edproco e amig\u00e1vel de longo prazo entre a China e o Peru com resultados mais pr\u00e1ticos. O governo chin\u00eas tamb\u00e9m est\u00e1 disposto a realizar a coopera\u00e7\u00e3o em educa\u00e7\u00e3o profissional como o pa\u00eds e criar a Oficina Luban e a Oficina de L\u00edngua Chinesa nas suas proximidades, com base nas necessidades de desenvolvimento do Peru para fornecer talentos e suporte intelectual e t\u00e9cnico ao pa\u00eds.<img fetchpriority=\"high\" decoding=\"async\" class=\"alignnone size-full wp-image-6666\" src=\"https:\/\/diariodepe.com.br\/cri\/wp-content\/uploads\/2024\/11\/\u4f1a\u8c082.jpeg\" alt=\"\" width=\"900\" height=\"605\" srcset=\"https:\/\/diariodepe.com.br\/cri\/wp-content\/uploads\/sites\/2\/2024\/11\/\u4f1a\u8c082.jpeg 900w, https:\/\/diariodepe.com.br\/cri\/wp-content\/uploads\/sites\/2\/2024\/11\/\u4f1a\u8c082-300x202.jpeg 300w, https:\/\/diariodepe.com.br\/cri\/wp-content\/uploads\/sites\/2\/2024\/11\/\u4f1a\u8c082-768x516.jpeg 768w\" sizes=\"(max-width: 900px) 100vw, 900px\" \/><\/p>\n<p>O presidente chin\u00eas tamb\u00e9m ressaltou que os dois lados devem fortalecer o interc\u00e2mbio de experi\u00eancias em governan\u00e7a, aumentar a confian\u00e7a m\u00fatua estrat\u00e9gica, se apoiarem firmemente nos interesses centrais e nas principais preocupa\u00e7\u00f5es um do outro e fortalecer a coopera\u00e7\u00e3o em \u00e1reas como combate \u00e0 corrup\u00e7\u00e3o e pesca ilegal. Segundo Xi Jinping, \u00e9 necess\u00e1rio assumir a responsabilidade da era do aprendizado m\u00fatuo entre as civiliza\u00e7\u00f5es, defender o fortalecimento do di\u00e1logo internacional entre as civiliza\u00e7\u00f5es e explorar o estabelecimento de uma rede global de di\u00e1logo e coopera\u00e7\u00e3o entre as civiliza\u00e7\u00f5es. Ele salientou que \u00e9 preciso fortalecer alinhamento das pol\u00edticas culturais e aprofundar os interc\u00e2mbios e a coopera\u00e7\u00e3o nas \u00e1reas cultural e art\u00edstica, educacional e de prote\u00e7\u00e3o do patrim\u00f4nio cultural. A China est\u00e1 disposta a aumentar o n\u00famero de bolsas de estudo para o Peru. Espera-se que os jovens dos dois pa\u00edses se conhe\u00e7am e transmitam a amizade entre a China e o Peru de gera\u00e7\u00e3o em gera\u00e7\u00e3o.<\/p>\n<p>Xi Jinping apontou que \u00e9 do interesse comum da fam\u00edlia \u00c1sia-Pac\u00edfico e do Sul Global que os pa\u00edses da regi\u00e3o estejam profundamente integrados em suas economias, fortale\u00e7am a solidariedade e a coopera\u00e7\u00e3o e mantenham a estabilidade e a prosperidade regionais. Tanto a China quanto o Peru defendem o multilateralismo e se op\u00f5em ao protecionismo. O lado chin\u00eas apoia totalmente o trabalho do lado peruano como anfitri\u00e3o e est\u00e1 pronto para trabalhar com todas as partes para tornar a Reuni\u00e3o de L\u00edderes Econ\u00f4micos da Apec um sucesso e para construir uma comunidade \u00c1sia-Pac\u00edfico com um futuro compartilhado. A China tamb\u00e9m est\u00e1 pronta para trabalhar com o lado peruano para continuar a fortalecer a comunica\u00e7\u00e3o e a coopera\u00e7\u00e3o no \u00e2mbito do F\u00f3rum China-Celac e fazer contribui\u00e7\u00f5es positivas para o desenvolvimento das rela\u00e7\u00f5es China-Celac.<\/p>\n<p>Por sua vez, a presidente Boluarte saudou calorosamente a visita de Xi Jinping e disse que os dois pa\u00edses s\u00e3o duas civiliza\u00e7\u00f5es antigas, salientando que um grande n\u00famero de chineses contribuiu positivamente para a constru\u00e7\u00e3o nacional do Peru, e ambos os povos t\u00eam uma profunda amizade e s\u00e3o irm\u00e3os e amigos. Ela destacou que a China tem sido o parceiro comercial mais importante do Peru, especialmente desde a constru\u00e7\u00e3o conjunta da Iniciativa Cintur\u00e3o e Rota entre os dois lados. Boluarte apontou que a coopera\u00e7\u00e3o frut\u00edfera em v\u00e1rios campos demonstrou plenamente o firme compromisso dos dois pa\u00edses em buscar uma coopera\u00e7\u00e3o mutuamente ben\u00e9fica e um desenvolvimento comum.<\/p>\n<p>Durante a visita, os dois lados assinaram uma s\u00e9rie de importantes acordos de coopera\u00e7\u00e3o, incluindo o protocolo de atualiza\u00e7\u00e3o do acordo de livre com\u00e9rcio. Ele promover\u00e1 efetivamente o desenvolvimento das rela\u00e7\u00f5es econ\u00f4micas e comerciais bilaterais e a coopera\u00e7\u00e3o em v\u00e1rios campos. Em particular, a abertura do porto de Chancay se tornar\u00e1 uma importante ponte entre a Am\u00e9rica Latina e a \u00c1sia e um importante motor de crescimento econ\u00f4mico do Peru. A infraestrutura promover\u00e1 efetivamente a conectividade e o com\u00e9rcio mais eficaz e conveniente entre o Peru e outros pa\u00edses da Am\u00e9rica Latina, bem como com a China e at\u00e9 mesmo a \u00c1sia, e contribuir\u00e1 para o desenvolvimento sustent\u00e1vel dos dois pa\u00edses e da regi\u00e3o.<\/p>\n<p>Segundo Boluarte, o Peru d\u00e1 as boas-vindas \u00e0s empresas chinesas que desejem investir no pa\u00eds e participar de projetos de coopera\u00e7\u00e3o em \u00e1reas importantes, como infraestrutura, recursos e energia e transporte. A presidente peruana reiterou que seu pa\u00eds adere firmemente ao princ\u00edpio de Uma S\u00f3 China. O governo peruano est\u00e1 disposto a fortalecer os interc\u00e2mbios e o aprendizado m\u00fatuo entre civiliza\u00e7\u00f5es e os interc\u00e2mbios e a coopera\u00e7\u00e3o entre pessoas com a China, e fortalecer os interc\u00e2mbios entre jovens e pessoas. A presidente agradeceu \u00e0 China por fornecer apoio importante e valioso ao Peru para sediar a Reuni\u00e3o de L\u00edderes Econ\u00f4micos da Apec. Ela afirmou que o pa\u00eds adere ao multilateralismo e espera fortalecer a comunica\u00e7\u00e3o e a coopera\u00e7\u00e3o com a China dentro da Apec e de outras estruturas, e contribuir para a realiza\u00e7\u00e3o da paz, estabilidade, desenvolvimento e prosperidade de longo prazo na regi\u00e3o \u00c1sia-Pac\u00edfico. Segundo ela, a visita do presidente Xi Jinping certamente se tornar\u00e1 um marco importante nas rela\u00e7\u00f5es entre os dois pa\u00edses, abrir\u00e1 um novo cap\u00edtulo na parceria estrat\u00e9gica abrangente sino-peruana, permitir\u00e1 que os dois povos construam e compartilhem conjuntamente um futuro mais duradouro e pr\u00f3spero, e promover\u00e1 a constru\u00e7\u00e3o de uma comunidade com um futuro compartilhado entre o Peru e a China.<\/p>\n<p>Ap\u00f3s as conversas, os dois chefes de Estado testemunharam a assinatura do Plano de Coopera\u00e7\u00e3o entre o Governo da Rep\u00fablica Popular da China e o Governo da Rep\u00fablica do Peru sobre a Iniciativa Cintur\u00e3o e Rota e o Protocolo sobre a Atualiza\u00e7\u00e3o do Acordo de Livre Com\u00e9rcio entre o Governo da Rep\u00fablica Popular da China e o Governo da Rep\u00fablica do Peru. Entre os documentos, tamb\u00e9m constava aqueles relacionados \u00e0 coopera\u00e7\u00e3o bilateral nas \u00e1reas econ\u00f4mica e comercial, de investimento industrial, de parques industriais, educa\u00e7\u00e3o e desenvolvimento verde.<\/p>\n<p>Os dois lados emitiram a Declara\u00e7\u00e3o Conjunta da Rep\u00fablica Popular da China e da Rep\u00fablica do Peru sobre o Aprofundamento da Parceria Estrat\u00e9gica Abrangente.<\/p>\n","protected":false},"excerpt":{"rendered":"<p>O presidente chin\u00eas, Xi Jinping, conversou nesta quinta-feira (14), hor\u00e1rio local, com a presidente peruana Dina Boluarte, no Pal\u00e1cio do Governo do Peru, em Lima. Xi Jinping afirmou estar muito contente com o convite que recebeu da presidente Dina Boluarte&#8230;<\/p>\n","protected":false},"author":2,"featured_media":6665,"comment_status":"open","ping_status":"open","sticky":false,"template":"","format":"standard","meta":{"footnotes":""},"categories":[5,8],"tags":[],"class_list":["post-6664","post","type-post","status-publish","format-standard","has-post-thumbnail","hentry","category-destaques-capa","category-internacional"],"yoast_head":"<!-- This site is optimized with the Yoast SEO plugin v27.4 - https:\/\/yoast.com\/product\/yoast-seo-wordpress\/ -->\n<title>Xi Jinping re\u00fane-se com a presidente peruana - CRI e Diario de Pernambuco<\/title>\n<meta name=\"robots\" content=\"index, follow, max-snippet:-1, max-image-preview:large, max-video-preview:-1\" \/>\n<link rel=\"canonical\" href=\"https:\/\/diariodepe.com.br\/cri\/2024\/11\/15\/xi-jinping-reune-se-com-a-presidente-peruana\/\" \/>\n<meta property=\"og:locale\" content=\"pt_BR\" \/>\n<meta property=\"og:type\" content=\"article\" \/>\n<meta property=\"og:title\" content=\"Xi Jinping re\u00fane-se com a presidente peruana - CRI e Diario de Pernambuco\" \/>\n<meta property=\"og:description\" content=\"O presidente chin\u00eas, Xi Jinping, conversou nesta quinta-feira (14), hor\u00e1rio local, com a presidente peruana Dina Boluarte, no Pal\u00e1cio do Governo do Peru, em Lima. Xi Jinping afirmou estar muito contente com o convite que recebeu da presidente Dina Boluarte...\" \/>\n<meta property=\"og:url\" content=\"https:\/\/diariodepe.com.br\/cri\/2024\/11\/15\/xi-jinping-reune-se-com-a-presidente-peruana\/\" \/>\n<meta property=\"og:site_name\" content=\"CRI e Diario de Pernambuco\" \/>\n<meta property=\"article:published_time\" content=\"2024-11-15T05:39:38+00:00\" \/>\n<meta property=\"article:modified_time\" content=\"2024-11-15T09:43:23+00:00\" \/>\n<meta property=\"og:image\" content=\"https:\/\/diariodepe.com.br\/cri\/wp-content\/uploads\/sites\/2\/2024\/11\/\u548c\u79d8\u9c81\u603b\u7edf\u4f1a\u8c08.jpeg\" \/>\n\t<meta property=\"og:image:width\" content=\"900\" \/>\n\t<meta property=\"og:image:height\" content=\"669\" \/>\n\t<meta property=\"og:image:type\" content=\"image\/jpeg\" \/>\n<meta name=\"author\" content=\"Ismael Lucas S. Pereira\" \/>\n<meta name=\"twitter:card\" content=\"summary_large_image\" \/>\n<meta name=\"twitter:label1\" content=\"Escrito por\" \/>\n\t<meta name=\"twitter:data1\" content=\"Ismael Lucas S. Pereira\" \/>\n\t<meta name=\"twitter:label2\" content=\"Est. tempo de leitura\" \/>\n\t<meta name=\"twitter:data2\" content=\"9 minutos\" \/>\n<script type=\"application\/ld+json\" class=\"yoast-schema-graph\">{\"@context\":\"https:\\\/\\\/schema.org\",\"@graph\":[{\"@type\":\"Article\",\"@id\":\"https:\\\/\\\/diariodepe.com.br\\\/cri\\\/2024\\\/11\\\/15\\\/xi-jinping-reune-se-com-a-presidente-peruana\\\/#article\",\"isPartOf\":{\"@id\":\"https:\\\/\\\/diariodepe.com.br\\\/cri\\\/2024\\\/11\\\/15\\\/xi-jinping-reune-se-com-a-presidente-peruana\\\/\"},\"author\":{\"name\":\"Ismael Lucas S. Pereira\",\"@id\":\"https:\\\/\\\/diariodepe.com.br\\\/cri\\\/#\\\/schema\\\/person\\\/121bb28d84f1a5b1205ef4ce9c2e0c6b\"},\"headline\":\"Xi Jinping re\u00fane-se com a presidente peruana\",\"datePublished\":\"2024-11-15T05:39:38+00:00\",\"dateModified\":\"2024-11-15T09:43:23+00:00\",\"mainEntityOfPage\":{\"@id\":\"https:\\\/\\\/diariodepe.com.br\\\/cri\\\/2024\\\/11\\\/15\\\/xi-jinping-reune-se-com-a-presidente-peruana\\\/\"},\"wordCount\":1766,\"commentCount\":0,\"publisher\":{\"@id\":\"https:\\\/\\\/diariodepe.com.br\\\/cri\\\/#organization\"},\"image\":{\"@id\":\"https:\\\/\\\/diariodepe.com.br\\\/cri\\\/2024\\\/11\\\/15\\\/xi-jinping-reune-se-com-a-presidente-peruana\\\/#primaryimage\"},\"thumbnailUrl\":\"https:\\\/\\\/diariodepe.com.br\\\/cri\\\/wp-content\\\/uploads\\\/sites\\\/2\\\/2024\\\/11\\\/\u548c\u79d8\u9c81\u603b\u7edf\u4f1a\u8c08.jpeg\",\"articleSection\":[\"Destaques Capa\",\"Internacional\"],\"inLanguage\":\"pt-BR\",\"potentialAction\":[{\"@type\":\"CommentAction\",\"name\":\"Comment\",\"target\":[\"https:\\\/\\\/diariodepe.com.br\\\/cri\\\/2024\\\/11\\\/15\\\/xi-jinping-reune-se-com-a-presidente-peruana\\\/#respond\"]}]},{\"@type\":\"WebPage\",\"@id\":\"https:\\\/\\\/diariodepe.com.br\\\/cri\\\/2024\\\/11\\\/15\\\/xi-jinping-reune-se-com-a-presidente-peruana\\\/\",\"url\":\"https:\\\/\\\/diariodepe.com.br\\\/cri\\\/2024\\\/11\\\/15\\\/xi-jinping-reune-se-com-a-presidente-peruana\\\/\",\"name\":\"Xi Jinping re\u00fane-se com a presidente peruana - CRI e Diario de Pernambuco\",\"isPartOf\":{\"@id\":\"https:\\\/\\\/diariodepe.com.br\\\/cri\\\/#website\"},\"primaryImageOfPage\":{\"@id\":\"https:\\\/\\\/diariodepe.com.br\\\/cri\\\/2024\\\/11\\\/15\\\/xi-jinping-reune-se-com-a-presidente-peruana\\\/#primaryimage\"},\"image\":{\"@id\":\"https:\\\/\\\/diariodepe.com.br\\\/cri\\\/2024\\\/11\\\/15\\\/xi-jinping-reune-se-com-a-presidente-peruana\\\/#primaryimage\"},\"thumbnailUrl\":\"https:\\\/\\\/diariodepe.com.br\\\/cri\\\/wp-content\\\/uploads\\\/sites\\\/2\\\/2024\\\/11\\\/\u548c\u79d8\u9c81\u603b\u7edf\u4f1a\u8c08.jpeg\",\"datePublished\":\"2024-11-15T05:39:38+00:00\",\"dateModified\":\"2024-11-15T09:43:23+00:00\",\"breadcrumb\":{\"@id\":\"https:\\\/\\\/diariodepe.com.br\\\/cri\\\/2024\\\/11\\\/15\\\/xi-jinping-reune-se-com-a-presidente-peruana\\\/#breadcrumb\"},\"inLanguage\":\"pt-BR\",\"potentialAction\":[{\"@type\":\"ReadAction\",\"target\":[\"https:\\\/\\\/diariodepe.com.br\\\/cri\\\/2024\\\/11\\\/15\\\/xi-jinping-reune-se-com-a-presidente-peruana\\\/\"]}]},{\"@type\":\"ImageObject\",\"inLanguage\":\"pt-BR\",\"@id\":\"https:\\\/\\\/diariodepe.com.br\\\/cri\\\/2024\\\/11\\\/15\\\/xi-jinping-reune-se-com-a-presidente-peruana\\\/#primaryimage\",\"url\":\"https:\\\/\\\/diariodepe.com.br\\\/cri\\\/wp-content\\\/uploads\\\/sites\\\/2\\\/2024\\\/11\\\/\u548c\u79d8\u9c81\u603b\u7edf\u4f1a\u8c08.jpeg\",\"contentUrl\":\"https:\\\/\\\/diariodepe.com.br\\\/cri\\\/wp-content\\\/uploads\\\/sites\\\/2\\\/2024\\\/11\\\/\u548c\u79d8\u9c81\u603b\u7edf\u4f1a\u8c08.jpeg\",\"width\":900,\"height\":669},{\"@type\":\"BreadcrumbList\",\"@id\":\"https:\\\/\\\/diariodepe.com.br\\\/cri\\\/2024\\\/11\\\/15\\\/xi-jinping-reune-se-com-a-presidente-peruana\\\/#breadcrumb\",\"itemListElement\":[{\"@type\":\"ListItem\",\"position\":1,\"name\":\"In\u00edcio\",\"item\":\"https:\\\/\\\/diariodepe.com.br\\\/cri\\\/\"},{\"@type\":\"ListItem\",\"position\":2,\"name\":\"Xi Jinping re\u00fane-se com a presidente peruana\"}]},{\"@type\":\"WebSite\",\"@id\":\"https:\\\/\\\/diariodepe.com.br\\\/cri\\\/#website\",\"url\":\"https:\\\/\\\/diariodepe.com.br\\\/cri\\\/\",\"name\":\"CRI e Diario de Pernambuco\",\"description\":\"R\u00e1dio Internacional da China\",\"publisher\":{\"@id\":\"https:\\\/\\\/diariodepe.com.br\\\/cri\\\/#organization\"},\"potentialAction\":[{\"@type\":\"SearchAction\",\"target\":{\"@type\":\"EntryPoint\",\"urlTemplate\":\"https:\\\/\\\/diariodepe.com.br\\\/cri\\\/?s={search_term_string}\"},\"query-input\":{\"@type\":\"PropertyValueSpecification\",\"valueRequired\":true,\"valueName\":\"search_term_string\"}}],\"inLanguage\":\"pt-BR\"},{\"@type\":\"Organization\",\"@id\":\"https:\\\/\\\/diariodepe.com.br\\\/cri\\\/#organization\",\"name\":\"CRI e Diario de Pernambuco\",\"url\":\"https:\\\/\\\/diariodepe.com.br\\\/cri\\\/\",\"logo\":{\"@type\":\"ImageObject\",\"inLanguage\":\"pt-BR\",\"@id\":\"https:\\\/\\\/diariodepe.com.br\\\/cri\\\/#\\\/schema\\\/logo\\\/image\\\/\",\"url\":\"https:\\\/\\\/diariodepe.com.br\\\/cri\\\/wp-content\\\/uploads\\\/sites\\\/2\\\/2022\\\/12\\\/cropped-Logo.jpg\",\"contentUrl\":\"https:\\\/\\\/diariodepe.com.br\\\/cri\\\/wp-content\\\/uploads\\\/sites\\\/2\\\/2022\\\/12\\\/cropped-Logo.jpg\",\"width\":700,\"height\":59,\"caption\":\"CRI e Diario de Pernambuco\"},\"image\":{\"@id\":\"https:\\\/\\\/diariodepe.com.br\\\/cri\\\/#\\\/schema\\\/logo\\\/image\\\/\"}},{\"@type\":\"Person\",\"@id\":\"https:\\\/\\\/diariodepe.com.br\\\/cri\\\/#\\\/schema\\\/person\\\/121bb28d84f1a5b1205ef4ce9c2e0c6b\",\"name\":\"Ismael Lucas S. Pereira\",\"image\":{\"@type\":\"ImageObject\",\"inLanguage\":\"pt-BR\",\"@id\":\"https:\\\/\\\/secure.gravatar.com\\\/avatar\\\/887a0f3b5a7ceea963a48499fb883ffce6b5037362def025c52c2505b15d63e4?s=96&d=mm&r=g\",\"url\":\"https:\\\/\\\/secure.gravatar.com\\\/avatar\\\/887a0f3b5a7ceea963a48499fb883ffce6b5037362def025c52c2505b15d63e4?s=96&d=mm&r=g\",\"contentUrl\":\"https:\\\/\\\/secure.gravatar.com\\\/avatar\\\/887a0f3b5a7ceea963a48499fb883ffce6b5037362def025c52c2505b15d63e4?s=96&d=mm&r=g\",\"caption\":\"Ismael Lucas S. Pereira\"},\"url\":\"https:\\\/\\\/diariodepe.com.br\\\/cri\\\/author\\\/ismael-lucas\\\/\"}]}<\/script>\n<!-- \/ Yoast SEO plugin. -->","yoast_head_json":{"title":"Xi Jinping re\u00fane-se com a presidente peruana - CRI e Diario de Pernambuco","robots":{"index":"index","follow":"follow","max-snippet":"max-snippet:-1","max-image-preview":"max-image-preview:large","max-video-preview":"max-video-preview:-1"},"canonical":"https:\/\/diariodepe.com.br\/cri\/2024\/11\/15\/xi-jinping-reune-se-com-a-presidente-peruana\/","og_locale":"pt_BR","og_type":"article","og_title":"Xi Jinping re\u00fane-se com a presidente peruana - CRI e Diario de Pernambuco","og_description":"O presidente chin\u00eas, Xi Jinping, conversou nesta quinta-feira (14), hor\u00e1rio local, com a presidente peruana Dina Boluarte, no Pal\u00e1cio do Governo do Peru, em Lima. Xi Jinping afirmou estar muito contente com o convite que recebeu da presidente Dina Boluarte...","og_url":"https:\/\/diariodepe.com.br\/cri\/2024\/11\/15\/xi-jinping-reune-se-com-a-presidente-peruana\/","og_site_name":"CRI e Diario de Pernambuco","article_published_time":"2024-11-15T05:39:38+00:00","article_modified_time":"2024-11-15T09:43:23+00:00","og_image":[{"width":900,"height":669,"url":"https:\/\/diariodepe.com.br\/cri\/wp-content\/uploads\/sites\/2\/2024\/11\/\u548c\u79d8\u9c81\u603b\u7edf\u4f1a\u8c08.jpeg","type":"image\/jpeg"}],"author":"Ismael Lucas S. Pereira","twitter_card":"summary_large_image","twitter_misc":{"Escrito por":"Ismael Lucas S. Pereira","Est. tempo de leitura":"9 minutos"},"schema":{"@context":"https:\/\/schema.org","@graph":[{"@type":"Article","@id":"https:\/\/diariodepe.com.br\/cri\/2024\/11\/15\/xi-jinping-reune-se-com-a-presidente-peruana\/#article","isPartOf":{"@id":"https:\/\/diariodepe.com.br\/cri\/2024\/11\/15\/xi-jinping-reune-se-com-a-presidente-peruana\/"},"author":{"name":"Ismael Lucas S. Pereira","@id":"https:\/\/diariodepe.com.br\/cri\/#\/schema\/person\/121bb28d84f1a5b1205ef4ce9c2e0c6b"},"headline":"Xi Jinping re\u00fane-se com a presidente peruana","datePublished":"2024-11-15T05:39:38+00:00","dateModified":"2024-11-15T09:43:23+00:00","mainEntityOfPage":{"@id":"https:\/\/diariodepe.com.br\/cri\/2024\/11\/15\/xi-jinping-reune-se-com-a-presidente-peruana\/"},"wordCount":1766,"commentCount":0,"publisher":{"@id":"https:\/\/diariodepe.com.br\/cri\/#organization"},"image":{"@id":"https:\/\/diariodepe.com.br\/cri\/2024\/11\/15\/xi-jinping-reune-se-com-a-presidente-peruana\/#primaryimage"},"thumbnailUrl":"https:\/\/diariodepe.com.br\/cri\/wp-content\/uploads\/sites\/2\/2024\/11\/\u548c\u79d8\u9c81\u603b\u7edf\u4f1a\u8c08.jpeg","articleSection":["Destaques Capa","Internacional"],"inLanguage":"pt-BR","potentialAction":[{"@type":"CommentAction","name":"Comment","target":["https:\/\/diariodepe.com.br\/cri\/2024\/11\/15\/xi-jinping-reune-se-com-a-presidente-peruana\/#respond"]}]},{"@type":"WebPage","@id":"https:\/\/diariodepe.com.br\/cri\/2024\/11\/15\/xi-jinping-reune-se-com-a-presidente-peruana\/","url":"https:\/\/diariodepe.com.br\/cri\/2024\/11\/15\/xi-jinping-reune-se-com-a-presidente-peruana\/","name":"Xi Jinping re\u00fane-se com a presidente peruana - CRI e Diario de Pernambuco","isPartOf":{"@id":"https:\/\/diariodepe.com.br\/cri\/#website"},"primaryImageOfPage":{"@id":"https:\/\/diariodepe.com.br\/cri\/2024\/11\/15\/xi-jinping-reune-se-com-a-presidente-peruana\/#primaryimage"},"image":{"@id":"https:\/\/diariodepe.com.br\/cri\/2024\/11\/15\/xi-jinping-reune-se-com-a-presidente-peruana\/#primaryimage"},"thumbnailUrl":"https:\/\/diariodepe.com.br\/cri\/wp-content\/uploads\/sites\/2\/2024\/11\/\u548c\u79d8\u9c81\u603b\u7edf\u4f1a\u8c08.jpeg","datePublished":"2024-11-15T05:39:38+00:00","dateModified":"2024-11-15T09:43:23+00:00","breadcrumb":{"@id":"https:\/\/diariodepe.com.br\/cri\/2024\/11\/15\/xi-jinping-reune-se-com-a-presidente-peruana\/#breadcrumb"},"inLanguage":"pt-BR","potentialAction":[{"@type":"ReadAction","target":["https:\/\/diariodepe.com.br\/cri\/2024\/11\/15\/xi-jinping-reune-se-com-a-presidente-peruana\/"]}]},{"@type":"ImageObject","inLanguage":"pt-BR","@id":"https:\/\/diariodepe.com.br\/cri\/2024\/11\/15\/xi-jinping-reune-se-com-a-presidente-peruana\/#primaryimage","url":"https:\/\/diariodepe.com.br\/cri\/wp-content\/uploads\/sites\/2\/2024\/11\/\u548c\u79d8\u9c81\u603b\u7edf\u4f1a\u8c08.jpeg","contentUrl":"https:\/\/diariodepe.com.br\/cri\/wp-content\/uploads\/sites\/2\/2024\/11\/\u548c\u79d8\u9c81\u603b\u7edf\u4f1a\u8c08.jpeg","width":900,"height":669},{"@type":"BreadcrumbList","@id":"https:\/\/diariodepe.com.br\/cri\/2024\/11\/15\/xi-jinping-reune-se-com-a-presidente-peruana\/#breadcrumb","itemListElement":[{"@type":"ListItem","position":1,"name":"In\u00edcio","item":"https:\/\/diariodepe.com.br\/cri\/"},{"@type":"ListItem","position":2,"name":"Xi Jinping re\u00fane-se com a presidente peruana"}]},{"@type":"WebSite","@id":"https:\/\/diariodepe.com.br\/cri\/#website","url":"https:\/\/diariodepe.com.br\/cri\/","name":"CRI e Diario de Pernambuco","description":"R\u00e1dio Internacional da China","publisher":{"@id":"https:\/\/diariodepe.com.br\/cri\/#organization"},"potentialAction":[{"@type":"SearchAction","target":{"@type":"EntryPoint","urlTemplate":"https:\/\/diariodepe.com.br\/cri\/?s={search_term_string}"},"query-input":{"@type":"PropertyValueSpecification","valueRequired":true,"valueName":"search_term_string"}}],"inLanguage":"pt-BR"},{"@type":"Organization","@id":"https:\/\/diariodepe.com.br\/cri\/#organization","name":"CRI e Diario de Pernambuco","url":"https:\/\/diariodepe.com.br\/cri\/","logo":{"@type":"ImageObject","inLanguage":"pt-BR","@id":"https:\/\/diariodepe.com.br\/cri\/#\/schema\/logo\/image\/","url":"https:\/\/diariodepe.com.br\/cri\/wp-content\/uploads\/sites\/2\/2022\/12\/cropped-Logo.jpg","contentUrl":"https:\/\/diariodepe.com.br\/cri\/wp-content\/uploads\/sites\/2\/2022\/12\/cropped-Logo.jpg","width":700,"height":59,"caption":"CRI e Diario de Pernambuco"},"image":{"@id":"https:\/\/diariodepe.com.br\/cri\/#\/schema\/logo\/image\/"}},{"@type":"Person","@id":"https:\/\/diariodepe.com.br\/cri\/#\/schema\/person\/121bb28d84f1a5b1205ef4ce9c2e0c6b","name":"Ismael Lucas S. Pereira","image":{"@type":"ImageObject","inLanguage":"pt-BR","@id":"https:\/\/secure.gravatar.com\/avatar\/887a0f3b5a7ceea963a48499fb883ffce6b5037362def025c52c2505b15d63e4?s=96&d=mm&r=g","url":"https:\/\/secure.gravatar.com\/avatar\/887a0f3b5a7ceea963a48499fb883ffce6b5037362def025c52c2505b15d63e4?s=96&d=mm&r=g","contentUrl":"https:\/\/secure.gravatar.com\/avatar\/887a0f3b5a7ceea963a48499fb883ffce6b5037362def025c52c2505b15d63e4?s=96&d=mm&r=g","caption":"Ismael Lucas S. Pereira"},"url":"https:\/\/diariodepe.com.br\/cri\/author\/ismael-lucas\/"}]}},"cc_featured_image_caption":{"caption_text":false,"source_text":false,"source_url":false},"amp_enabled":true,"_links":{"self":[{"href":"https:\/\/diariodepe.com.br\/cri\/wp-json\/wp\/v2\/posts\/6664","targetHints":{"allow":["GET"]}}],"collection":[{"href":"https:\/\/diariodepe.com.br\/cri\/wp-json\/wp\/v2\/posts"}],"about":[{"href":"https:\/\/diariodepe.com.br\/cri\/wp-json\/wp\/v2\/types\/post"}],"author":[{"embeddable":true,"href":"https:\/\/diariodepe.com.br\/cri\/wp-json\/wp\/v2\/users\/2"}],"replies":[{"embeddable":true,"href":"https:\/\/diariodepe.com.br\/cri\/wp-json\/wp\/v2\/comments?post=6664"}],"version-history":[{"count":2,"href":"https:\/\/diariodepe.com.br\/cri\/wp-json\/wp\/v2\/posts\/6664\/revisions"}],"predecessor-version":[{"id":6668,"href":"https:\/\/diariodepe.com.br\/cri\/wp-json\/wp\/v2\/posts\/6664\/revisions\/6668"}],"wp:featuredmedia":[{"embeddable":true,"href":"https:\/\/diariodepe.com.br\/cri\/wp-json\/wp\/v2\/media\/6665"}],"wp:attachment":[{"href":"https:\/\/diariodepe.com.br\/cri\/wp-json\/wp\/v2\/media?parent=6664"}],"wp:term":[{"taxonomy":"category","embeddable":true,"href":"https:\/\/diariodepe.com.br\/cri\/wp-json\/wp\/v2\/categories?post=6664"},{"taxonomy":"post_tag","embeddable":true,"href":"https:\/\/diariodepe.com.br\/cri\/wp-json\/wp\/v2\/tags?post=6664"}],"curies":[{"name":"wp","href":"https:\/\/api.w.org\/{rel}","templated":true}]}}