{"id":6656,"date":"2024-11-14T18:13:30","date_gmt":"2024-11-14T21:13:30","guid":{"rendered":"https:\/\/diariodepe.com.br\/cri\/?p=6656"},"modified":"2024-11-15T06:15:25","modified_gmt":"2024-11-15T09:15:25","slug":"terceira-temporada-de-classicos-citados-por-xi-jinping-sera-transmitida-nas-principais-midias-peruanas","status":"publish","type":"post","link":"https:\/\/diariodepe.com.br\/cri\/2024\/11\/14\/terceira-temporada-de-classicos-citados-por-xi-jinping-sera-transmitida-nas-principais-midias-peruanas\/","title":{"rendered":"Terceira temporada de Cl\u00e1ssicos Citados por Xi Jinping ser\u00e1 transmitida nas principais m\u00eddias peruanas"},"content":{"rendered":"<div class=\"column_wrapper\">\n<div class=\"col_w720\">\n<div class=\"portuguese_details\">\n<div id=\"abody\" class=\"abody\">\n<p class=\"photo_img_20190808\"><img decoding=\"async\" src=\"https:\/\/p5crires.cri.cn\/photoworkspace\/cri\/contentimg\/2024\/11\/15\/2024111502573184864.png\" alt=\"\" width=\"1000\" \/><\/p>\n<p>Por ocasi\u00e3o da visita de Estado do presidente da China, Xi Jinping, ao Peru, a convite da presidente Dina Boluarte, e da sua participa\u00e7\u00e3o na 31\u00aa Reuni\u00e3o de L\u00edderes Econ\u00f4micos da Coopera\u00e7\u00e3o Econ\u00f4mica \u00c1sia-Pac\u00edfico (Apec) em Lima, a vers\u00e3o em espanhol da terceira temporada do programa Cl\u00e1ssicos Citados por Xi Jinping ser\u00e1 transmitida em v\u00e1rias plataformas. Produzidos pelo Grupo de M\u00eddia da China (CMG, sigla em ingl\u00eas), os epis\u00f3dios ser\u00e3o veiculados pelo Instituto Nacional de R\u00e1dio e Televis\u00e3o do Peru, a rede de TV do Peru e a TV do Grupo de R\u00e1dio e Programa\u00e7\u00e3o do Peru, a partir de quinta-feira (14). Diversos ve\u00edculos de comunica\u00e7\u00e3o divulgaram trailers do programa, despertando grande expectativa e aten\u00e7\u00e3o de todos os setores no pa\u00eds.<\/p>\n<p class=\"photo_img_20190808\"><img decoding=\"async\" src=\"https:\/\/p1crires.cri.cn\/photoworkspace\/cri\/contentimg\/2024\/11\/15\/2024111502574488195.jpeg\" alt=\"\" width=\"1000\" \/><\/p>\n<p class=\"photo_img_20190808\"><img decoding=\"async\" src=\"https:\/\/p3crires.cri.cn\/photoworkspace\/cri\/contentimg\/2024\/11\/15\/2024111502574582972.png\" alt=\"\" \/><\/p>\n<\/div>\n<\/div>\n<\/div>\n<\/div>\n","protected":false},"excerpt":{"rendered":"<p>Por ocasi\u00e3o da visita de Estado do presidente da China, Xi Jinping, ao Peru, a convite da presidente Dina Boluarte, e da sua participa\u00e7\u00e3o na 31\u00aa Reuni\u00e3o de L\u00edderes Econ\u00f4micos da Coopera\u00e7\u00e3o Econ\u00f4mica \u00c1sia-Pac\u00edfico (Apec) em Lima, a vers\u00e3o em&#8230;<\/p>\n","protected":false},"author":2,"featured_media":0,"comment_status":"open","ping_status":"open","sticky":false,"template":"","format":"standard","meta":{"footnotes":""},"categories":[8],"tags":[],"class_list":["post-6656","post","type-post","status-publish","format-standard","hentry","category-internacional"],"yoast_head":"<!-- This site is optimized with the Yoast SEO plugin v27.4 - https:\/\/yoast.com\/product\/yoast-seo-wordpress\/ -->\n<title>Terceira temporada de Cl\u00e1ssicos Citados por Xi Jinping ser\u00e1 transmitida nas principais m\u00eddias peruanas - CRI e Diario de Pernambuco<\/title>\n<meta name=\"robots\" content=\"index, follow, max-snippet:-1, max-image-preview:large, max-video-preview:-1\" \/>\n<link rel=\"canonical\" href=\"https:\/\/diariodepe.com.br\/cri\/2024\/11\/14\/terceira-temporada-de-classicos-citados-por-xi-jinping-sera-transmitida-nas-principais-midias-peruanas\/\" \/>\n<meta property=\"og:locale\" content=\"pt_BR\" \/>\n<meta property=\"og:type\" content=\"article\" \/>\n<meta property=\"og:title\" content=\"Terceira temporada de Cl\u00e1ssicos Citados por Xi Jinping ser\u00e1 transmitida nas principais m\u00eddias peruanas - CRI e Diario de Pernambuco\" \/>\n<meta property=\"og:description\" content=\"Por ocasi\u00e3o da visita de Estado do presidente da China, Xi Jinping, ao Peru, a convite da presidente Dina Boluarte, e da sua participa\u00e7\u00e3o na 31\u00aa Reuni\u00e3o de L\u00edderes Econ\u00f4micos da Coopera\u00e7\u00e3o Econ\u00f4mica \u00c1sia-Pac\u00edfico (Apec) em Lima, a vers\u00e3o em...\" \/>\n<meta property=\"og:url\" content=\"https:\/\/diariodepe.com.br\/cri\/2024\/11\/14\/terceira-temporada-de-classicos-citados-por-xi-jinping-sera-transmitida-nas-principais-midias-peruanas\/\" \/>\n<meta property=\"og:site_name\" content=\"CRI e Diario de Pernambuco\" \/>\n<meta property=\"article:published_time\" content=\"2024-11-14T21:13:30+00:00\" \/>\n<meta property=\"article:modified_time\" content=\"2024-11-15T09:15:25+00:00\" \/>\n<meta property=\"og:image\" content=\"https:\/\/p5crires.cri.cn\/photoworkspace\/cri\/contentimg\/2024\/11\/15\/2024111502573184864.png\" \/>\n<meta name=\"author\" content=\"Ismael Lucas S. Pereira\" \/>\n<meta name=\"twitter:card\" content=\"summary_large_image\" \/>\n<meta name=\"twitter:label1\" content=\"Escrito por\" \/>\n\t<meta name=\"twitter:data1\" content=\"Ismael Lucas S. Pereira\" \/>\n\t<meta name=\"twitter:label2\" content=\"Est. tempo de leitura\" \/>\n\t<meta name=\"twitter:data2\" content=\"2 minutos\" \/>\n<script type=\"application\/ld+json\" class=\"yoast-schema-graph\">{\"@context\":\"https:\\\/\\\/schema.org\",\"@graph\":[{\"@type\":\"Article\",\"@id\":\"https:\\\/\\\/diariodepe.com.br\\\/cri\\\/2024\\\/11\\\/14\\\/terceira-temporada-de-classicos-citados-por-xi-jinping-sera-transmitida-nas-principais-midias-peruanas\\\/#article\",\"isPartOf\":{\"@id\":\"https:\\\/\\\/diariodepe.com.br\\\/cri\\\/2024\\\/11\\\/14\\\/terceira-temporada-de-classicos-citados-por-xi-jinping-sera-transmitida-nas-principais-midias-peruanas\\\/\"},\"author\":{\"name\":\"Ismael Lucas S. Pereira\",\"@id\":\"https:\\\/\\\/diariodepe.com.br\\\/cri\\\/#\\\/schema\\\/person\\\/121bb28d84f1a5b1205ef4ce9c2e0c6b\"},\"headline\":\"Terceira temporada de Cl\u00e1ssicos Citados por Xi Jinping ser\u00e1 transmitida nas principais m\u00eddias peruanas\",\"datePublished\":\"2024-11-14T21:13:30+00:00\",\"dateModified\":\"2024-11-15T09:15:25+00:00\",\"mainEntityOfPage\":{\"@id\":\"https:\\\/\\\/diariodepe.com.br\\\/cri\\\/2024\\\/11\\\/14\\\/terceira-temporada-de-classicos-citados-por-xi-jinping-sera-transmitida-nas-principais-midias-peruanas\\\/\"},\"wordCount\":158,\"commentCount\":0,\"publisher\":{\"@id\":\"https:\\\/\\\/diariodepe.com.br\\\/cri\\\/#organization\"},\"image\":{\"@id\":\"https:\\\/\\\/diariodepe.com.br\\\/cri\\\/2024\\\/11\\\/14\\\/terceira-temporada-de-classicos-citados-por-xi-jinping-sera-transmitida-nas-principais-midias-peruanas\\\/#primaryimage\"},\"thumbnailUrl\":\"https:\\\/\\\/p5crires.cri.cn\\\/photoworkspace\\\/cri\\\/contentimg\\\/2024\\\/11\\\/15\\\/2024111502573184864.png\",\"articleSection\":[\"Internacional\"],\"inLanguage\":\"pt-BR\",\"potentialAction\":[{\"@type\":\"CommentAction\",\"name\":\"Comment\",\"target\":[\"https:\\\/\\\/diariodepe.com.br\\\/cri\\\/2024\\\/11\\\/14\\\/terceira-temporada-de-classicos-citados-por-xi-jinping-sera-transmitida-nas-principais-midias-peruanas\\\/#respond\"]}]},{\"@type\":\"WebPage\",\"@id\":\"https:\\\/\\\/diariodepe.com.br\\\/cri\\\/2024\\\/11\\\/14\\\/terceira-temporada-de-classicos-citados-por-xi-jinping-sera-transmitida-nas-principais-midias-peruanas\\\/\",\"url\":\"https:\\\/\\\/diariodepe.com.br\\\/cri\\\/2024\\\/11\\\/14\\\/terceira-temporada-de-classicos-citados-por-xi-jinping-sera-transmitida-nas-principais-midias-peruanas\\\/\",\"name\":\"Terceira temporada de Cl\u00e1ssicos Citados por Xi Jinping ser\u00e1 transmitida nas principais m\u00eddias peruanas - CRI e Diario de Pernambuco\",\"isPartOf\":{\"@id\":\"https:\\\/\\\/diariodepe.com.br\\\/cri\\\/#website\"},\"primaryImageOfPage\":{\"@id\":\"https:\\\/\\\/diariodepe.com.br\\\/cri\\\/2024\\\/11\\\/14\\\/terceira-temporada-de-classicos-citados-por-xi-jinping-sera-transmitida-nas-principais-midias-peruanas\\\/#primaryimage\"},\"image\":{\"@id\":\"https:\\\/\\\/diariodepe.com.br\\\/cri\\\/2024\\\/11\\\/14\\\/terceira-temporada-de-classicos-citados-por-xi-jinping-sera-transmitida-nas-principais-midias-peruanas\\\/#primaryimage\"},\"thumbnailUrl\":\"https:\\\/\\\/p5crires.cri.cn\\\/photoworkspace\\\/cri\\\/contentimg\\\/2024\\\/11\\\/15\\\/2024111502573184864.png\",\"datePublished\":\"2024-11-14T21:13:30+00:00\",\"dateModified\":\"2024-11-15T09:15:25+00:00\",\"breadcrumb\":{\"@id\":\"https:\\\/\\\/diariodepe.com.br\\\/cri\\\/2024\\\/11\\\/14\\\/terceira-temporada-de-classicos-citados-por-xi-jinping-sera-transmitida-nas-principais-midias-peruanas\\\/#breadcrumb\"},\"inLanguage\":\"pt-BR\",\"potentialAction\":[{\"@type\":\"ReadAction\",\"target\":[\"https:\\\/\\\/diariodepe.com.br\\\/cri\\\/2024\\\/11\\\/14\\\/terceira-temporada-de-classicos-citados-por-xi-jinping-sera-transmitida-nas-principais-midias-peruanas\\\/\"]}]},{\"@type\":\"ImageObject\",\"inLanguage\":\"pt-BR\",\"@id\":\"https:\\\/\\\/diariodepe.com.br\\\/cri\\\/2024\\\/11\\\/14\\\/terceira-temporada-de-classicos-citados-por-xi-jinping-sera-transmitida-nas-principais-midias-peruanas\\\/#primaryimage\",\"url\":\"https:\\\/\\\/p5crires.cri.cn\\\/photoworkspace\\\/cri\\\/contentimg\\\/2024\\\/11\\\/15\\\/2024111502573184864.png\",\"contentUrl\":\"https:\\\/\\\/p5crires.cri.cn\\\/photoworkspace\\\/cri\\\/contentimg\\\/2024\\\/11\\\/15\\\/2024111502573184864.png\"},{\"@type\":\"BreadcrumbList\",\"@id\":\"https:\\\/\\\/diariodepe.com.br\\\/cri\\\/2024\\\/11\\\/14\\\/terceira-temporada-de-classicos-citados-por-xi-jinping-sera-transmitida-nas-principais-midias-peruanas\\\/#breadcrumb\",\"itemListElement\":[{\"@type\":\"ListItem\",\"position\":1,\"name\":\"In\u00edcio\",\"item\":\"https:\\\/\\\/diariodepe.com.br\\\/cri\\\/\"},{\"@type\":\"ListItem\",\"position\":2,\"name\":\"Terceira temporada de Cl\u00e1ssicos Citados por Xi Jinping ser\u00e1 transmitida nas principais m\u00eddias peruanas\"}]},{\"@type\":\"WebSite\",\"@id\":\"https:\\\/\\\/diariodepe.com.br\\\/cri\\\/#website\",\"url\":\"https:\\\/\\\/diariodepe.com.br\\\/cri\\\/\",\"name\":\"CRI e Diario de Pernambuco\",\"description\":\"R\u00e1dio Internacional da China\",\"publisher\":{\"@id\":\"https:\\\/\\\/diariodepe.com.br\\\/cri\\\/#organization\"},\"potentialAction\":[{\"@type\":\"SearchAction\",\"target\":{\"@type\":\"EntryPoint\",\"urlTemplate\":\"https:\\\/\\\/diariodepe.com.br\\\/cri\\\/?s={search_term_string}\"},\"query-input\":{\"@type\":\"PropertyValueSpecification\",\"valueRequired\":true,\"valueName\":\"search_term_string\"}}],\"inLanguage\":\"pt-BR\"},{\"@type\":\"Organization\",\"@id\":\"https:\\\/\\\/diariodepe.com.br\\\/cri\\\/#organization\",\"name\":\"CRI e Diario de Pernambuco\",\"url\":\"https:\\\/\\\/diariodepe.com.br\\\/cri\\\/\",\"logo\":{\"@type\":\"ImageObject\",\"inLanguage\":\"pt-BR\",\"@id\":\"https:\\\/\\\/diariodepe.com.br\\\/cri\\\/#\\\/schema\\\/logo\\\/image\\\/\",\"url\":\"https:\\\/\\\/diariodepe.com.br\\\/cri\\\/wp-content\\\/uploads\\\/sites\\\/2\\\/2022\\\/12\\\/cropped-Logo.jpg\",\"contentUrl\":\"https:\\\/\\\/diariodepe.com.br\\\/cri\\\/wp-content\\\/uploads\\\/sites\\\/2\\\/2022\\\/12\\\/cropped-Logo.jpg\",\"width\":700,\"height\":59,\"caption\":\"CRI e Diario de Pernambuco\"},\"image\":{\"@id\":\"https:\\\/\\\/diariodepe.com.br\\\/cri\\\/#\\\/schema\\\/logo\\\/image\\\/\"}},{\"@type\":\"Person\",\"@id\":\"https:\\\/\\\/diariodepe.com.br\\\/cri\\\/#\\\/schema\\\/person\\\/121bb28d84f1a5b1205ef4ce9c2e0c6b\",\"name\":\"Ismael Lucas S. Pereira\",\"image\":{\"@type\":\"ImageObject\",\"inLanguage\":\"pt-BR\",\"@id\":\"https:\\\/\\\/secure.gravatar.com\\\/avatar\\\/887a0f3b5a7ceea963a48499fb883ffce6b5037362def025c52c2505b15d63e4?s=96&d=mm&r=g\",\"url\":\"https:\\\/\\\/secure.gravatar.com\\\/avatar\\\/887a0f3b5a7ceea963a48499fb883ffce6b5037362def025c52c2505b15d63e4?s=96&d=mm&r=g\",\"contentUrl\":\"https:\\\/\\\/secure.gravatar.com\\\/avatar\\\/887a0f3b5a7ceea963a48499fb883ffce6b5037362def025c52c2505b15d63e4?s=96&d=mm&r=g\",\"caption\":\"Ismael Lucas S. Pereira\"},\"url\":\"https:\\\/\\\/diariodepe.com.br\\\/cri\\\/author\\\/ismael-lucas\\\/\"}]}<\/script>\n<!-- \/ Yoast SEO plugin. -->","yoast_head_json":{"title":"Terceira temporada de Cl\u00e1ssicos Citados por Xi Jinping ser\u00e1 transmitida nas principais m\u00eddias peruanas - CRI e Diario de Pernambuco","robots":{"index":"index","follow":"follow","max-snippet":"max-snippet:-1","max-image-preview":"max-image-preview:large","max-video-preview":"max-video-preview:-1"},"canonical":"https:\/\/diariodepe.com.br\/cri\/2024\/11\/14\/terceira-temporada-de-classicos-citados-por-xi-jinping-sera-transmitida-nas-principais-midias-peruanas\/","og_locale":"pt_BR","og_type":"article","og_title":"Terceira temporada de Cl\u00e1ssicos Citados por Xi Jinping ser\u00e1 transmitida nas principais m\u00eddias peruanas - CRI e Diario de Pernambuco","og_description":"Por ocasi\u00e3o da visita de Estado do presidente da China, Xi Jinping, ao Peru, a convite da presidente Dina Boluarte, e da sua participa\u00e7\u00e3o na 31\u00aa Reuni\u00e3o de L\u00edderes Econ\u00f4micos da Coopera\u00e7\u00e3o Econ\u00f4mica \u00c1sia-Pac\u00edfico (Apec) em Lima, a vers\u00e3o em...","og_url":"https:\/\/diariodepe.com.br\/cri\/2024\/11\/14\/terceira-temporada-de-classicos-citados-por-xi-jinping-sera-transmitida-nas-principais-midias-peruanas\/","og_site_name":"CRI e Diario de Pernambuco","article_published_time":"2024-11-14T21:13:30+00:00","article_modified_time":"2024-11-15T09:15:25+00:00","og_image":[{"url":"https:\/\/p5crires.cri.cn\/photoworkspace\/cri\/contentimg\/2024\/11\/15\/2024111502573184864.png","type":"","width":"","height":""}],"author":"Ismael Lucas S. Pereira","twitter_card":"summary_large_image","twitter_misc":{"Escrito por":"Ismael Lucas S. Pereira","Est. tempo de leitura":"2 minutos"},"schema":{"@context":"https:\/\/schema.org","@graph":[{"@type":"Article","@id":"https:\/\/diariodepe.com.br\/cri\/2024\/11\/14\/terceira-temporada-de-classicos-citados-por-xi-jinping-sera-transmitida-nas-principais-midias-peruanas\/#article","isPartOf":{"@id":"https:\/\/diariodepe.com.br\/cri\/2024\/11\/14\/terceira-temporada-de-classicos-citados-por-xi-jinping-sera-transmitida-nas-principais-midias-peruanas\/"},"author":{"name":"Ismael Lucas S. Pereira","@id":"https:\/\/diariodepe.com.br\/cri\/#\/schema\/person\/121bb28d84f1a5b1205ef4ce9c2e0c6b"},"headline":"Terceira temporada de Cl\u00e1ssicos Citados por Xi Jinping ser\u00e1 transmitida nas principais m\u00eddias peruanas","datePublished":"2024-11-14T21:13:30+00:00","dateModified":"2024-11-15T09:15:25+00:00","mainEntityOfPage":{"@id":"https:\/\/diariodepe.com.br\/cri\/2024\/11\/14\/terceira-temporada-de-classicos-citados-por-xi-jinping-sera-transmitida-nas-principais-midias-peruanas\/"},"wordCount":158,"commentCount":0,"publisher":{"@id":"https:\/\/diariodepe.com.br\/cri\/#organization"},"image":{"@id":"https:\/\/diariodepe.com.br\/cri\/2024\/11\/14\/terceira-temporada-de-classicos-citados-por-xi-jinping-sera-transmitida-nas-principais-midias-peruanas\/#primaryimage"},"thumbnailUrl":"https:\/\/p5crires.cri.cn\/photoworkspace\/cri\/contentimg\/2024\/11\/15\/2024111502573184864.png","articleSection":["Internacional"],"inLanguage":"pt-BR","potentialAction":[{"@type":"CommentAction","name":"Comment","target":["https:\/\/diariodepe.com.br\/cri\/2024\/11\/14\/terceira-temporada-de-classicos-citados-por-xi-jinping-sera-transmitida-nas-principais-midias-peruanas\/#respond"]}]},{"@type":"WebPage","@id":"https:\/\/diariodepe.com.br\/cri\/2024\/11\/14\/terceira-temporada-de-classicos-citados-por-xi-jinping-sera-transmitida-nas-principais-midias-peruanas\/","url":"https:\/\/diariodepe.com.br\/cri\/2024\/11\/14\/terceira-temporada-de-classicos-citados-por-xi-jinping-sera-transmitida-nas-principais-midias-peruanas\/","name":"Terceira temporada de Cl\u00e1ssicos Citados por Xi Jinping ser\u00e1 transmitida nas principais m\u00eddias peruanas - CRI e Diario de Pernambuco","isPartOf":{"@id":"https:\/\/diariodepe.com.br\/cri\/#website"},"primaryImageOfPage":{"@id":"https:\/\/diariodepe.com.br\/cri\/2024\/11\/14\/terceira-temporada-de-classicos-citados-por-xi-jinping-sera-transmitida-nas-principais-midias-peruanas\/#primaryimage"},"image":{"@id":"https:\/\/diariodepe.com.br\/cri\/2024\/11\/14\/terceira-temporada-de-classicos-citados-por-xi-jinping-sera-transmitida-nas-principais-midias-peruanas\/#primaryimage"},"thumbnailUrl":"https:\/\/p5crires.cri.cn\/photoworkspace\/cri\/contentimg\/2024\/11\/15\/2024111502573184864.png","datePublished":"2024-11-14T21:13:30+00:00","dateModified":"2024-11-15T09:15:25+00:00","breadcrumb":{"@id":"https:\/\/diariodepe.com.br\/cri\/2024\/11\/14\/terceira-temporada-de-classicos-citados-por-xi-jinping-sera-transmitida-nas-principais-midias-peruanas\/#breadcrumb"},"inLanguage":"pt-BR","potentialAction":[{"@type":"ReadAction","target":["https:\/\/diariodepe.com.br\/cri\/2024\/11\/14\/terceira-temporada-de-classicos-citados-por-xi-jinping-sera-transmitida-nas-principais-midias-peruanas\/"]}]},{"@type":"ImageObject","inLanguage":"pt-BR","@id":"https:\/\/diariodepe.com.br\/cri\/2024\/11\/14\/terceira-temporada-de-classicos-citados-por-xi-jinping-sera-transmitida-nas-principais-midias-peruanas\/#primaryimage","url":"https:\/\/p5crires.cri.cn\/photoworkspace\/cri\/contentimg\/2024\/11\/15\/2024111502573184864.png","contentUrl":"https:\/\/p5crires.cri.cn\/photoworkspace\/cri\/contentimg\/2024\/11\/15\/2024111502573184864.png"},{"@type":"BreadcrumbList","@id":"https:\/\/diariodepe.com.br\/cri\/2024\/11\/14\/terceira-temporada-de-classicos-citados-por-xi-jinping-sera-transmitida-nas-principais-midias-peruanas\/#breadcrumb","itemListElement":[{"@type":"ListItem","position":1,"name":"In\u00edcio","item":"https:\/\/diariodepe.com.br\/cri\/"},{"@type":"ListItem","position":2,"name":"Terceira temporada de Cl\u00e1ssicos Citados por Xi Jinping ser\u00e1 transmitida nas principais m\u00eddias peruanas"}]},{"@type":"WebSite","@id":"https:\/\/diariodepe.com.br\/cri\/#website","url":"https:\/\/diariodepe.com.br\/cri\/","name":"CRI e Diario de Pernambuco","description":"R\u00e1dio Internacional da China","publisher":{"@id":"https:\/\/diariodepe.com.br\/cri\/#organization"},"potentialAction":[{"@type":"SearchAction","target":{"@type":"EntryPoint","urlTemplate":"https:\/\/diariodepe.com.br\/cri\/?s={search_term_string}"},"query-input":{"@type":"PropertyValueSpecification","valueRequired":true,"valueName":"search_term_string"}}],"inLanguage":"pt-BR"},{"@type":"Organization","@id":"https:\/\/diariodepe.com.br\/cri\/#organization","name":"CRI e Diario de Pernambuco","url":"https:\/\/diariodepe.com.br\/cri\/","logo":{"@type":"ImageObject","inLanguage":"pt-BR","@id":"https:\/\/diariodepe.com.br\/cri\/#\/schema\/logo\/image\/","url":"https:\/\/diariodepe.com.br\/cri\/wp-content\/uploads\/sites\/2\/2022\/12\/cropped-Logo.jpg","contentUrl":"https:\/\/diariodepe.com.br\/cri\/wp-content\/uploads\/sites\/2\/2022\/12\/cropped-Logo.jpg","width":700,"height":59,"caption":"CRI e Diario de Pernambuco"},"image":{"@id":"https:\/\/diariodepe.com.br\/cri\/#\/schema\/logo\/image\/"}},{"@type":"Person","@id":"https:\/\/diariodepe.com.br\/cri\/#\/schema\/person\/121bb28d84f1a5b1205ef4ce9c2e0c6b","name":"Ismael Lucas S. Pereira","image":{"@type":"ImageObject","inLanguage":"pt-BR","@id":"https:\/\/secure.gravatar.com\/avatar\/887a0f3b5a7ceea963a48499fb883ffce6b5037362def025c52c2505b15d63e4?s=96&d=mm&r=g","url":"https:\/\/secure.gravatar.com\/avatar\/887a0f3b5a7ceea963a48499fb883ffce6b5037362def025c52c2505b15d63e4?s=96&d=mm&r=g","contentUrl":"https:\/\/secure.gravatar.com\/avatar\/887a0f3b5a7ceea963a48499fb883ffce6b5037362def025c52c2505b15d63e4?s=96&d=mm&r=g","caption":"Ismael Lucas S. Pereira"},"url":"https:\/\/diariodepe.com.br\/cri\/author\/ismael-lucas\/"}]}},"cc_featured_image_caption":{"caption_text":false,"source_text":false,"source_url":false},"amp_enabled":true,"_links":{"self":[{"href":"https:\/\/diariodepe.com.br\/cri\/wp-json\/wp\/v2\/posts\/6656","targetHints":{"allow":["GET"]}}],"collection":[{"href":"https:\/\/diariodepe.com.br\/cri\/wp-json\/wp\/v2\/posts"}],"about":[{"href":"https:\/\/diariodepe.com.br\/cri\/wp-json\/wp\/v2\/types\/post"}],"author":[{"embeddable":true,"href":"https:\/\/diariodepe.com.br\/cri\/wp-json\/wp\/v2\/users\/2"}],"replies":[{"embeddable":true,"href":"https:\/\/diariodepe.com.br\/cri\/wp-json\/wp\/v2\/comments?post=6656"}],"version-history":[{"count":2,"href":"https:\/\/diariodepe.com.br\/cri\/wp-json\/wp\/v2\/posts\/6656\/revisions"}],"predecessor-version":[{"id":6658,"href":"https:\/\/diariodepe.com.br\/cri\/wp-json\/wp\/v2\/posts\/6656\/revisions\/6658"}],"wp:attachment":[{"href":"https:\/\/diariodepe.com.br\/cri\/wp-json\/wp\/v2\/media?parent=6656"}],"wp:term":[{"taxonomy":"category","embeddable":true,"href":"https:\/\/diariodepe.com.br\/cri\/wp-json\/wp\/v2\/categories?post=6656"},{"taxonomy":"post_tag","embeddable":true,"href":"https:\/\/diariodepe.com.br\/cri\/wp-json\/wp\/v2\/tags?post=6656"}],"curies":[{"name":"wp","href":"https:\/\/api.w.org\/{rel}","templated":true}]}}