{"id":6654,"date":"2024-11-14T17:30:22","date_gmt":"2024-11-14T20:30:22","guid":{"rendered":"https:\/\/diariodepe.com.br\/cri\/?p=6654"},"modified":"2024-11-15T06:11:32","modified_gmt":"2024-11-15T09:11:32","slug":"discurso-escrito-de-xi-jinping-divulgado-na-base-aerea-de-callao-de-lima","status":"publish","type":"post","link":"https:\/\/diariodepe.com.br\/cri\/2024\/11\/14\/discurso-escrito-de-xi-jinping-divulgado-na-base-aerea-de-callao-de-lima\/","title":{"rendered":"Discurso escrito de Xi Jinping divulgado na Base A\u00e9rea de Callao de Lima"},"content":{"rendered":"<p data-spm-anchor-id=\"0.0.0.i1\">A convite da presidente Dina Boluarte, tenho o prazer de realizar mais uma visita de Estado \u00e0 Rep\u00fablica do Peru e participar da 31\u00aa Reuni\u00e3o de L\u00edderes Econ\u00f4micos da \u00a0Coopera\u00e7\u00e3o Econ\u00f4mica \u00c1sia-Pac\u00edfico (Apec). Sinto-me muito familiarizado por pisar mais uma vez nesta terra com uma longa hist\u00f3ria, beleza e riqueza. Em nome do governo e do povo chin\u00eas, gostaria de estender as minhas sinceras sauda\u00e7\u00f5es e meus bons votos ao governo e ao povo peruano.<\/p>\n<p>A amizade entre a China e o Peru tem uma longa hist\u00f3ria e a amizade m\u00fatua est\u00e1 profundamente enraizada nos cora\u00e7\u00f5es das pessoas. H\u00e1 mais de 400 anos, os dois povos iniciaram interc\u00e2mbios amistosos atrav\u00e9s da Rota Mar\u00edtima da Seda e de \u201cGale\u00f5es de Manila\u201d, tamb\u00e9m conhecido como \u201cNavios da China\u201d. H\u00e1 53 anos, a China e o Peru estabeleceram rela\u00e7\u00f5es diplom\u00e1ticas, e o Peru tornou-se um dos primeiros pa\u00edses latino-americanos a estabelecer rela\u00e7\u00f5es diplom\u00e1ticas com a Rep\u00fablica Popular da China. Nos \u00faltimos anos, com os esfor\u00e7os conjuntos de todos os setores dos dois pa\u00edses, as rela\u00e7\u00f5es China-Peru continuaram a se desenvolver profundamente. Os dois lados consolidaram cada vez mais a confian\u00e7a pol\u00edtica m\u00fatua e compreendem-se e apoiam-se mutuamente em quest\u00f5es que envolvem os interesses fundamentais e as principais preocupa\u00e7\u00f5es de cada um. A China tem sido o maior parceiro comercial e o maior destino das exporta\u00e7\u00f5es do Peru por 10 anos consecutivos. Os principais projetos de coopera\u00e7\u00e3o em minera\u00e7\u00e3o, constru\u00e7\u00e3o de infraestruturas e outros campos entre os dois pa\u00edses t\u00eam avan\u00e7ado constantemente, trazendo benef\u00edcios tang\u00edveis para os dois povos.<\/p>\n<p>Durante a visita, manterei conversa\u00e7\u00f5es com a presidente Boluarte e trocaremos pontos de vista sobre as rela\u00e7\u00f5es China-Peru de forma aprofundada, a coopera\u00e7\u00e3o pr\u00e1tica em v\u00e1rios dom\u00ednios e quest\u00f5es internacionais e regionais de interesse comum. Tamb\u00e9m participarei da cerim\u00f4nia de inaugura\u00e7\u00e3o do Porto de Chancay junto com a presidente Boluarte. Acredito que, com os esfor\u00e7os conjuntos de ambos os lados, esta visita vai promover a parceria estrat\u00e9gica abrangente China-Peru a um novo patamar e ajudar\u00e1 as coopera\u00e7\u00f5es pr\u00e1tica entre os dois pa\u00edses em v\u00e1rios dom\u00ednios a alcan\u00e7ar mais resultados novos.<\/p>\n<p>Estou tamb\u00e9m ansioso por participar da 31\u00aa Reuni\u00e3o dos L\u00edderes Econ\u00f3micos da Apec e trabalhar com todas as partes para promover o sucesso da reuni\u00e3o e fazer novas contribui\u00e7\u00f5es para a constru\u00e7\u00e3o de uma economia aberta da \u00c1sia-Pac\u00edfico, promovendo o crescimento econ\u00f4mico mundial e construindo conjuntamente uma comunidade de futuro compartilhado da regi\u00e3o \u00c1sia-pac\u00edfico.<\/p>\n","protected":false},"excerpt":{"rendered":"<p>A convite da presidente Dina Boluarte, tenho o prazer de realizar mais uma visita de Estado \u00e0 Rep\u00fablica do Peru e participar da 31\u00aa Reuni\u00e3o de L\u00edderes Econ\u00f4micos da \u00a0Coopera\u00e7\u00e3o Econ\u00f4mica \u00c1sia-Pac\u00edfico (Apec). Sinto-me muito familiarizado por pisar mais uma&#8230;<\/p>\n","protected":false},"author":2,"featured_media":0,"comment_status":"open","ping_status":"open","sticky":false,"template":"","format":"standard","meta":{"footnotes":""},"categories":[8],"tags":[],"class_list":["post-6654","post","type-post","status-publish","format-standard","hentry","category-internacional"],"yoast_head":"<!-- This site is optimized with the Yoast SEO plugin v27.4 - https:\/\/yoast.com\/product\/yoast-seo-wordpress\/ -->\n<title>Discurso escrito de Xi Jinping divulgado na Base A\u00e9rea de Callao de Lima - CRI e Diario de Pernambuco<\/title>\n<meta name=\"robots\" content=\"index, follow, max-snippet:-1, max-image-preview:large, max-video-preview:-1\" \/>\n<link rel=\"canonical\" href=\"https:\/\/diariodepe.com.br\/cri\/2024\/11\/14\/discurso-escrito-de-xi-jinping-divulgado-na-base-aerea-de-callao-de-lima\/\" \/>\n<meta property=\"og:locale\" content=\"pt_BR\" \/>\n<meta property=\"og:type\" content=\"article\" \/>\n<meta property=\"og:title\" content=\"Discurso escrito de Xi Jinping divulgado na Base A\u00e9rea de Callao de Lima - CRI e Diario de Pernambuco\" \/>\n<meta property=\"og:description\" content=\"A convite da presidente Dina Boluarte, tenho o prazer de realizar mais uma visita de Estado \u00e0 Rep\u00fablica do Peru e participar da 31\u00aa Reuni\u00e3o de L\u00edderes Econ\u00f4micos da \u00a0Coopera\u00e7\u00e3o Econ\u00f4mica \u00c1sia-Pac\u00edfico (Apec). Sinto-me muito familiarizado por pisar mais uma...\" \/>\n<meta property=\"og:url\" content=\"https:\/\/diariodepe.com.br\/cri\/2024\/11\/14\/discurso-escrito-de-xi-jinping-divulgado-na-base-aerea-de-callao-de-lima\/\" \/>\n<meta property=\"og:site_name\" content=\"CRI e Diario de Pernambuco\" \/>\n<meta property=\"article:published_time\" content=\"2024-11-14T20:30:22+00:00\" \/>\n<meta property=\"article:modified_time\" content=\"2024-11-15T09:11:32+00:00\" \/>\n<meta name=\"author\" content=\"Ismael Lucas S. Pereira\" \/>\n<meta name=\"twitter:card\" content=\"summary_large_image\" \/>\n<meta name=\"twitter:label1\" content=\"Escrito por\" \/>\n\t<meta name=\"twitter:data1\" content=\"Ismael Lucas S. Pereira\" \/>\n\t<meta name=\"twitter:label2\" content=\"Est. tempo de leitura\" \/>\n\t<meta name=\"twitter:data2\" content=\"3 minutos\" \/>\n<script type=\"application\/ld+json\" class=\"yoast-schema-graph\">{\"@context\":\"https:\\\/\\\/schema.org\",\"@graph\":[{\"@type\":\"Article\",\"@id\":\"https:\\\/\\\/diariodepe.com.br\\\/cri\\\/2024\\\/11\\\/14\\\/discurso-escrito-de-xi-jinping-divulgado-na-base-aerea-de-callao-de-lima\\\/#article\",\"isPartOf\":{\"@id\":\"https:\\\/\\\/diariodepe.com.br\\\/cri\\\/2024\\\/11\\\/14\\\/discurso-escrito-de-xi-jinping-divulgado-na-base-aerea-de-callao-de-lima\\\/\"},\"author\":{\"name\":\"Ismael Lucas S. Pereira\",\"@id\":\"https:\\\/\\\/diariodepe.com.br\\\/cri\\\/#\\\/schema\\\/person\\\/121bb28d84f1a5b1205ef4ce9c2e0c6b\"},\"headline\":\"Discurso escrito de Xi Jinping divulgado na Base A\u00e9rea de Callao de Lima\",\"datePublished\":\"2024-11-14T20:30:22+00:00\",\"dateModified\":\"2024-11-15T09:11:32+00:00\",\"mainEntityOfPage\":{\"@id\":\"https:\\\/\\\/diariodepe.com.br\\\/cri\\\/2024\\\/11\\\/14\\\/discurso-escrito-de-xi-jinping-divulgado-na-base-aerea-de-callao-de-lima\\\/\"},\"wordCount\":477,\"commentCount\":0,\"publisher\":{\"@id\":\"https:\\\/\\\/diariodepe.com.br\\\/cri\\\/#organization\"},\"articleSection\":[\"Internacional\"],\"inLanguage\":\"pt-BR\",\"potentialAction\":[{\"@type\":\"CommentAction\",\"name\":\"Comment\",\"target\":[\"https:\\\/\\\/diariodepe.com.br\\\/cri\\\/2024\\\/11\\\/14\\\/discurso-escrito-de-xi-jinping-divulgado-na-base-aerea-de-callao-de-lima\\\/#respond\"]}]},{\"@type\":\"WebPage\",\"@id\":\"https:\\\/\\\/diariodepe.com.br\\\/cri\\\/2024\\\/11\\\/14\\\/discurso-escrito-de-xi-jinping-divulgado-na-base-aerea-de-callao-de-lima\\\/\",\"url\":\"https:\\\/\\\/diariodepe.com.br\\\/cri\\\/2024\\\/11\\\/14\\\/discurso-escrito-de-xi-jinping-divulgado-na-base-aerea-de-callao-de-lima\\\/\",\"name\":\"Discurso escrito de Xi Jinping divulgado na Base A\u00e9rea de Callao de Lima - CRI e Diario de Pernambuco\",\"isPartOf\":{\"@id\":\"https:\\\/\\\/diariodepe.com.br\\\/cri\\\/#website\"},\"datePublished\":\"2024-11-14T20:30:22+00:00\",\"dateModified\":\"2024-11-15T09:11:32+00:00\",\"breadcrumb\":{\"@id\":\"https:\\\/\\\/diariodepe.com.br\\\/cri\\\/2024\\\/11\\\/14\\\/discurso-escrito-de-xi-jinping-divulgado-na-base-aerea-de-callao-de-lima\\\/#breadcrumb\"},\"inLanguage\":\"pt-BR\",\"potentialAction\":[{\"@type\":\"ReadAction\",\"target\":[\"https:\\\/\\\/diariodepe.com.br\\\/cri\\\/2024\\\/11\\\/14\\\/discurso-escrito-de-xi-jinping-divulgado-na-base-aerea-de-callao-de-lima\\\/\"]}]},{\"@type\":\"BreadcrumbList\",\"@id\":\"https:\\\/\\\/diariodepe.com.br\\\/cri\\\/2024\\\/11\\\/14\\\/discurso-escrito-de-xi-jinping-divulgado-na-base-aerea-de-callao-de-lima\\\/#breadcrumb\",\"itemListElement\":[{\"@type\":\"ListItem\",\"position\":1,\"name\":\"In\u00edcio\",\"item\":\"https:\\\/\\\/diariodepe.com.br\\\/cri\\\/\"},{\"@type\":\"ListItem\",\"position\":2,\"name\":\"Discurso escrito de Xi Jinping divulgado na Base A\u00e9rea de Callao de Lima\"}]},{\"@type\":\"WebSite\",\"@id\":\"https:\\\/\\\/diariodepe.com.br\\\/cri\\\/#website\",\"url\":\"https:\\\/\\\/diariodepe.com.br\\\/cri\\\/\",\"name\":\"CRI e Diario de Pernambuco\",\"description\":\"R\u00e1dio Internacional da China\",\"publisher\":{\"@id\":\"https:\\\/\\\/diariodepe.com.br\\\/cri\\\/#organization\"},\"potentialAction\":[{\"@type\":\"SearchAction\",\"target\":{\"@type\":\"EntryPoint\",\"urlTemplate\":\"https:\\\/\\\/diariodepe.com.br\\\/cri\\\/?s={search_term_string}\"},\"query-input\":{\"@type\":\"PropertyValueSpecification\",\"valueRequired\":true,\"valueName\":\"search_term_string\"}}],\"inLanguage\":\"pt-BR\"},{\"@type\":\"Organization\",\"@id\":\"https:\\\/\\\/diariodepe.com.br\\\/cri\\\/#organization\",\"name\":\"CRI e Diario de Pernambuco\",\"url\":\"https:\\\/\\\/diariodepe.com.br\\\/cri\\\/\",\"logo\":{\"@type\":\"ImageObject\",\"inLanguage\":\"pt-BR\",\"@id\":\"https:\\\/\\\/diariodepe.com.br\\\/cri\\\/#\\\/schema\\\/logo\\\/image\\\/\",\"url\":\"https:\\\/\\\/diariodepe.com.br\\\/cri\\\/wp-content\\\/uploads\\\/sites\\\/2\\\/2022\\\/12\\\/cropped-Logo.jpg\",\"contentUrl\":\"https:\\\/\\\/diariodepe.com.br\\\/cri\\\/wp-content\\\/uploads\\\/sites\\\/2\\\/2022\\\/12\\\/cropped-Logo.jpg\",\"width\":700,\"height\":59,\"caption\":\"CRI e Diario de Pernambuco\"},\"image\":{\"@id\":\"https:\\\/\\\/diariodepe.com.br\\\/cri\\\/#\\\/schema\\\/logo\\\/image\\\/\"}},{\"@type\":\"Person\",\"@id\":\"https:\\\/\\\/diariodepe.com.br\\\/cri\\\/#\\\/schema\\\/person\\\/121bb28d84f1a5b1205ef4ce9c2e0c6b\",\"name\":\"Ismael Lucas S. Pereira\",\"image\":{\"@type\":\"ImageObject\",\"inLanguage\":\"pt-BR\",\"@id\":\"https:\\\/\\\/secure.gravatar.com\\\/avatar\\\/887a0f3b5a7ceea963a48499fb883ffce6b5037362def025c52c2505b15d63e4?s=96&d=mm&r=g\",\"url\":\"https:\\\/\\\/secure.gravatar.com\\\/avatar\\\/887a0f3b5a7ceea963a48499fb883ffce6b5037362def025c52c2505b15d63e4?s=96&d=mm&r=g\",\"contentUrl\":\"https:\\\/\\\/secure.gravatar.com\\\/avatar\\\/887a0f3b5a7ceea963a48499fb883ffce6b5037362def025c52c2505b15d63e4?s=96&d=mm&r=g\",\"caption\":\"Ismael Lucas S. Pereira\"},\"url\":\"https:\\\/\\\/diariodepe.com.br\\\/cri\\\/author\\\/ismael-lucas\\\/\"}]}<\/script>\n<!-- \/ Yoast SEO plugin. -->","yoast_head_json":{"title":"Discurso escrito de Xi Jinping divulgado na Base A\u00e9rea de Callao de Lima - CRI e Diario de Pernambuco","robots":{"index":"index","follow":"follow","max-snippet":"max-snippet:-1","max-image-preview":"max-image-preview:large","max-video-preview":"max-video-preview:-1"},"canonical":"https:\/\/diariodepe.com.br\/cri\/2024\/11\/14\/discurso-escrito-de-xi-jinping-divulgado-na-base-aerea-de-callao-de-lima\/","og_locale":"pt_BR","og_type":"article","og_title":"Discurso escrito de Xi Jinping divulgado na Base A\u00e9rea de Callao de Lima - CRI e Diario de Pernambuco","og_description":"A convite da presidente Dina Boluarte, tenho o prazer de realizar mais uma visita de Estado \u00e0 Rep\u00fablica do Peru e participar da 31\u00aa Reuni\u00e3o de L\u00edderes Econ\u00f4micos da \u00a0Coopera\u00e7\u00e3o Econ\u00f4mica \u00c1sia-Pac\u00edfico (Apec). Sinto-me muito familiarizado por pisar mais uma...","og_url":"https:\/\/diariodepe.com.br\/cri\/2024\/11\/14\/discurso-escrito-de-xi-jinping-divulgado-na-base-aerea-de-callao-de-lima\/","og_site_name":"CRI e Diario de Pernambuco","article_published_time":"2024-11-14T20:30:22+00:00","article_modified_time":"2024-11-15T09:11:32+00:00","author":"Ismael Lucas S. Pereira","twitter_card":"summary_large_image","twitter_misc":{"Escrito por":"Ismael Lucas S. Pereira","Est. tempo de leitura":"3 minutos"},"schema":{"@context":"https:\/\/schema.org","@graph":[{"@type":"Article","@id":"https:\/\/diariodepe.com.br\/cri\/2024\/11\/14\/discurso-escrito-de-xi-jinping-divulgado-na-base-aerea-de-callao-de-lima\/#article","isPartOf":{"@id":"https:\/\/diariodepe.com.br\/cri\/2024\/11\/14\/discurso-escrito-de-xi-jinping-divulgado-na-base-aerea-de-callao-de-lima\/"},"author":{"name":"Ismael Lucas S. Pereira","@id":"https:\/\/diariodepe.com.br\/cri\/#\/schema\/person\/121bb28d84f1a5b1205ef4ce9c2e0c6b"},"headline":"Discurso escrito de Xi Jinping divulgado na Base A\u00e9rea de Callao de Lima","datePublished":"2024-11-14T20:30:22+00:00","dateModified":"2024-11-15T09:11:32+00:00","mainEntityOfPage":{"@id":"https:\/\/diariodepe.com.br\/cri\/2024\/11\/14\/discurso-escrito-de-xi-jinping-divulgado-na-base-aerea-de-callao-de-lima\/"},"wordCount":477,"commentCount":0,"publisher":{"@id":"https:\/\/diariodepe.com.br\/cri\/#organization"},"articleSection":["Internacional"],"inLanguage":"pt-BR","potentialAction":[{"@type":"CommentAction","name":"Comment","target":["https:\/\/diariodepe.com.br\/cri\/2024\/11\/14\/discurso-escrito-de-xi-jinping-divulgado-na-base-aerea-de-callao-de-lima\/#respond"]}]},{"@type":"WebPage","@id":"https:\/\/diariodepe.com.br\/cri\/2024\/11\/14\/discurso-escrito-de-xi-jinping-divulgado-na-base-aerea-de-callao-de-lima\/","url":"https:\/\/diariodepe.com.br\/cri\/2024\/11\/14\/discurso-escrito-de-xi-jinping-divulgado-na-base-aerea-de-callao-de-lima\/","name":"Discurso escrito de Xi Jinping divulgado na Base A\u00e9rea de Callao de Lima - CRI e Diario de Pernambuco","isPartOf":{"@id":"https:\/\/diariodepe.com.br\/cri\/#website"},"datePublished":"2024-11-14T20:30:22+00:00","dateModified":"2024-11-15T09:11:32+00:00","breadcrumb":{"@id":"https:\/\/diariodepe.com.br\/cri\/2024\/11\/14\/discurso-escrito-de-xi-jinping-divulgado-na-base-aerea-de-callao-de-lima\/#breadcrumb"},"inLanguage":"pt-BR","potentialAction":[{"@type":"ReadAction","target":["https:\/\/diariodepe.com.br\/cri\/2024\/11\/14\/discurso-escrito-de-xi-jinping-divulgado-na-base-aerea-de-callao-de-lima\/"]}]},{"@type":"BreadcrumbList","@id":"https:\/\/diariodepe.com.br\/cri\/2024\/11\/14\/discurso-escrito-de-xi-jinping-divulgado-na-base-aerea-de-callao-de-lima\/#breadcrumb","itemListElement":[{"@type":"ListItem","position":1,"name":"In\u00edcio","item":"https:\/\/diariodepe.com.br\/cri\/"},{"@type":"ListItem","position":2,"name":"Discurso escrito de Xi Jinping divulgado na Base A\u00e9rea de Callao de Lima"}]},{"@type":"WebSite","@id":"https:\/\/diariodepe.com.br\/cri\/#website","url":"https:\/\/diariodepe.com.br\/cri\/","name":"CRI e Diario de Pernambuco","description":"R\u00e1dio Internacional da China","publisher":{"@id":"https:\/\/diariodepe.com.br\/cri\/#organization"},"potentialAction":[{"@type":"SearchAction","target":{"@type":"EntryPoint","urlTemplate":"https:\/\/diariodepe.com.br\/cri\/?s={search_term_string}"},"query-input":{"@type":"PropertyValueSpecification","valueRequired":true,"valueName":"search_term_string"}}],"inLanguage":"pt-BR"},{"@type":"Organization","@id":"https:\/\/diariodepe.com.br\/cri\/#organization","name":"CRI e Diario de Pernambuco","url":"https:\/\/diariodepe.com.br\/cri\/","logo":{"@type":"ImageObject","inLanguage":"pt-BR","@id":"https:\/\/diariodepe.com.br\/cri\/#\/schema\/logo\/image\/","url":"https:\/\/diariodepe.com.br\/cri\/wp-content\/uploads\/sites\/2\/2022\/12\/cropped-Logo.jpg","contentUrl":"https:\/\/diariodepe.com.br\/cri\/wp-content\/uploads\/sites\/2\/2022\/12\/cropped-Logo.jpg","width":700,"height":59,"caption":"CRI e Diario de Pernambuco"},"image":{"@id":"https:\/\/diariodepe.com.br\/cri\/#\/schema\/logo\/image\/"}},{"@type":"Person","@id":"https:\/\/diariodepe.com.br\/cri\/#\/schema\/person\/121bb28d84f1a5b1205ef4ce9c2e0c6b","name":"Ismael Lucas S. Pereira","image":{"@type":"ImageObject","inLanguage":"pt-BR","@id":"https:\/\/secure.gravatar.com\/avatar\/887a0f3b5a7ceea963a48499fb883ffce6b5037362def025c52c2505b15d63e4?s=96&d=mm&r=g","url":"https:\/\/secure.gravatar.com\/avatar\/887a0f3b5a7ceea963a48499fb883ffce6b5037362def025c52c2505b15d63e4?s=96&d=mm&r=g","contentUrl":"https:\/\/secure.gravatar.com\/avatar\/887a0f3b5a7ceea963a48499fb883ffce6b5037362def025c52c2505b15d63e4?s=96&d=mm&r=g","caption":"Ismael Lucas S. Pereira"},"url":"https:\/\/diariodepe.com.br\/cri\/author\/ismael-lucas\/"}]}},"cc_featured_image_caption":{"caption_text":false,"source_text":false,"source_url":false},"amp_enabled":true,"_links":{"self":[{"href":"https:\/\/diariodepe.com.br\/cri\/wp-json\/wp\/v2\/posts\/6654","targetHints":{"allow":["GET"]}}],"collection":[{"href":"https:\/\/diariodepe.com.br\/cri\/wp-json\/wp\/v2\/posts"}],"about":[{"href":"https:\/\/diariodepe.com.br\/cri\/wp-json\/wp\/v2\/types\/post"}],"author":[{"embeddable":true,"href":"https:\/\/diariodepe.com.br\/cri\/wp-json\/wp\/v2\/users\/2"}],"replies":[{"embeddable":true,"href":"https:\/\/diariodepe.com.br\/cri\/wp-json\/wp\/v2\/comments?post=6654"}],"version-history":[{"count":1,"href":"https:\/\/diariodepe.com.br\/cri\/wp-json\/wp\/v2\/posts\/6654\/revisions"}],"predecessor-version":[{"id":6655,"href":"https:\/\/diariodepe.com.br\/cri\/wp-json\/wp\/v2\/posts\/6654\/revisions\/6655"}],"wp:attachment":[{"href":"https:\/\/diariodepe.com.br\/cri\/wp-json\/wp\/v2\/media?parent=6654"}],"wp:term":[{"taxonomy":"category","embeddable":true,"href":"https:\/\/diariodepe.com.br\/cri\/wp-json\/wp\/v2\/categories?post=6654"},{"taxonomy":"post_tag","embeddable":true,"href":"https:\/\/diariodepe.com.br\/cri\/wp-json\/wp\/v2\/tags?post=6654"}],"curies":[{"name":"wp","href":"https:\/\/api.w.org\/{rel}","templated":true}]}}