{"id":6648,"date":"2024-11-14T09:59:28","date_gmt":"2024-11-14T12:59:28","guid":{"rendered":"https:\/\/diariodepe.com.br\/cri\/?p=6648"},"modified":"2024-11-14T09:59:28","modified_gmt":"2024-11-14T12:59:28","slug":"nanjing-sedia-2o-dialogo-de-think-tanks-do-sul-global","status":"publish","type":"post","link":"https:\/\/diariodepe.com.br\/cri\/2024\/11\/14\/nanjing-sedia-2o-dialogo-de-think-tanks-do-sul-global\/","title":{"rendered":"Nanjing sedia 2\u00ba Di\u00e1logo de Think Tanks do Sul Global"},"content":{"rendered":"<p data-spm-anchor-id=\"0.0.0.i2\">O segundo Di\u00e1logo de Think Tanks do Sul Global foi aberto hoje (14) em Nanjing, cidade da prov\u00edncia de Jiangsu, na China. Coorganizado pelo Departamento Internacional do Comit\u00ea Central do Partido Comunista da China (PCCh), pelo Comit\u00ea do PCCh na prov\u00edncia de Jiangsu e pelo Conselho Chin\u00eas para a Coopera\u00e7\u00e3o de Think Tanks do BRICS, o evento, tendo por tema \u201digualdade, abertura e coopera\u00e7\u00e3o\u201d, contou com a participa\u00e7\u00e3o de mais de 400 representantes de mais de 100 pa\u00edses.<\/p>\n<p>O diretor do Departamento Internacional do Comit\u00ea Central do PCCh, Liu Jianchao, afirmou que este di\u00e1logo visa implementar a importante iniciativa proposta pelo presidente Xi Jinping no Encontro de L\u00edderes do &#8220;BRICS+&#8221;, lan\u00e7ando formalmente a Alian\u00e7a de Coopera\u00e7\u00e3o de Think Tanks do Sul Global. A China est\u00e1 disposta a trabalhar com os demais pa\u00edses do Sul Global para levar adiante seu esp\u00edrito compartilhado de independ\u00eancia, solidariedade, ajuda m\u00fatua, equidade, justi\u00e7a, abertura e inclus\u00e3o. Al\u00e9m disso, o pa\u00eds asi\u00e1tico abre-se a construir conjuntamente uma comunidade de futuro compartilhado do Sul Global. A Alian\u00e7a de Think Tanks far\u00e1 proveito de suas vantagens \u00fanicas, e contribuir\u00e1 com mais aportes de conhecimento para que o Sul Global trabalhe em conjunto.<\/p>\n","protected":false},"excerpt":{"rendered":"<p>O segundo Di\u00e1logo de Think Tanks do Sul Global foi aberto hoje (14) em Nanjing, cidade da prov\u00edncia de Jiangsu, na China. Coorganizado pelo Departamento Internacional do Comit\u00ea Central do Partido Comunista da China (PCCh), pelo Comit\u00ea do PCCh na&#8230;<\/p>\n","protected":false},"author":2,"featured_media":0,"comment_status":"open","ping_status":"open","sticky":false,"template":"","format":"standard","meta":{"footnotes":""},"categories":[3],"tags":[],"class_list":["post-6648","post","type-post","status-publish","format-standard","hentry","category-china"],"yoast_head":"<!-- This site is optimized with the Yoast SEO plugin v27.4 - https:\/\/yoast.com\/product\/yoast-seo-wordpress\/ -->\n<title>Nanjing sedia 2\u00ba Di\u00e1logo de Think Tanks do Sul Global - CRI e Diario de Pernambuco<\/title>\n<meta name=\"robots\" content=\"index, follow, max-snippet:-1, max-image-preview:large, max-video-preview:-1\" \/>\n<link rel=\"canonical\" href=\"https:\/\/diariodepe.com.br\/cri\/2024\/11\/14\/nanjing-sedia-2o-dialogo-de-think-tanks-do-sul-global\/\" \/>\n<meta property=\"og:locale\" content=\"pt_BR\" \/>\n<meta property=\"og:type\" content=\"article\" \/>\n<meta property=\"og:title\" content=\"Nanjing sedia 2\u00ba Di\u00e1logo de Think Tanks do Sul Global - CRI e Diario de Pernambuco\" \/>\n<meta property=\"og:description\" content=\"O segundo Di\u00e1logo de Think Tanks do Sul Global foi aberto hoje (14) em Nanjing, cidade da prov\u00edncia de Jiangsu, na China. Coorganizado pelo Departamento Internacional do Comit\u00ea Central do Partido Comunista da China (PCCh), pelo Comit\u00ea do PCCh na...\" \/>\n<meta property=\"og:url\" content=\"https:\/\/diariodepe.com.br\/cri\/2024\/11\/14\/nanjing-sedia-2o-dialogo-de-think-tanks-do-sul-global\/\" \/>\n<meta property=\"og:site_name\" content=\"CRI e Diario de Pernambuco\" \/>\n<meta property=\"article:published_time\" content=\"2024-11-14T12:59:28+00:00\" \/>\n<meta name=\"author\" content=\"Ismael Lucas S. Pereira\" \/>\n<meta name=\"twitter:card\" content=\"summary_large_image\" \/>\n<meta name=\"twitter:label1\" content=\"Escrito por\" \/>\n\t<meta name=\"twitter:data1\" content=\"Ismael Lucas S. Pereira\" \/>\n\t<meta name=\"twitter:label2\" content=\"Est. tempo de leitura\" \/>\n\t<meta name=\"twitter:data2\" content=\"2 minutos\" \/>\n<script type=\"application\/ld+json\" class=\"yoast-schema-graph\">{\"@context\":\"https:\\\/\\\/schema.org\",\"@graph\":[{\"@type\":\"Article\",\"@id\":\"https:\\\/\\\/diariodepe.com.br\\\/cri\\\/2024\\\/11\\\/14\\\/nanjing-sedia-2o-dialogo-de-think-tanks-do-sul-global\\\/#article\",\"isPartOf\":{\"@id\":\"https:\\\/\\\/diariodepe.com.br\\\/cri\\\/2024\\\/11\\\/14\\\/nanjing-sedia-2o-dialogo-de-think-tanks-do-sul-global\\\/\"},\"author\":{\"name\":\"Ismael Lucas S. Pereira\",\"@id\":\"https:\\\/\\\/diariodepe.com.br\\\/cri\\\/#\\\/schema\\\/person\\\/121bb28d84f1a5b1205ef4ce9c2e0c6b\"},\"headline\":\"Nanjing sedia 2\u00ba Di\u00e1logo de Think Tanks do Sul Global\",\"datePublished\":\"2024-11-14T12:59:28+00:00\",\"mainEntityOfPage\":{\"@id\":\"https:\\\/\\\/diariodepe.com.br\\\/cri\\\/2024\\\/11\\\/14\\\/nanjing-sedia-2o-dialogo-de-think-tanks-do-sul-global\\\/\"},\"wordCount\":224,\"commentCount\":0,\"publisher\":{\"@id\":\"https:\\\/\\\/diariodepe.com.br\\\/cri\\\/#organization\"},\"articleSection\":[\"China\"],\"inLanguage\":\"pt-BR\",\"potentialAction\":[{\"@type\":\"CommentAction\",\"name\":\"Comment\",\"target\":[\"https:\\\/\\\/diariodepe.com.br\\\/cri\\\/2024\\\/11\\\/14\\\/nanjing-sedia-2o-dialogo-de-think-tanks-do-sul-global\\\/#respond\"]}]},{\"@type\":\"WebPage\",\"@id\":\"https:\\\/\\\/diariodepe.com.br\\\/cri\\\/2024\\\/11\\\/14\\\/nanjing-sedia-2o-dialogo-de-think-tanks-do-sul-global\\\/\",\"url\":\"https:\\\/\\\/diariodepe.com.br\\\/cri\\\/2024\\\/11\\\/14\\\/nanjing-sedia-2o-dialogo-de-think-tanks-do-sul-global\\\/\",\"name\":\"Nanjing sedia 2\u00ba Di\u00e1logo de Think Tanks do Sul Global - CRI e Diario de Pernambuco\",\"isPartOf\":{\"@id\":\"https:\\\/\\\/diariodepe.com.br\\\/cri\\\/#website\"},\"datePublished\":\"2024-11-14T12:59:28+00:00\",\"breadcrumb\":{\"@id\":\"https:\\\/\\\/diariodepe.com.br\\\/cri\\\/2024\\\/11\\\/14\\\/nanjing-sedia-2o-dialogo-de-think-tanks-do-sul-global\\\/#breadcrumb\"},\"inLanguage\":\"pt-BR\",\"potentialAction\":[{\"@type\":\"ReadAction\",\"target\":[\"https:\\\/\\\/diariodepe.com.br\\\/cri\\\/2024\\\/11\\\/14\\\/nanjing-sedia-2o-dialogo-de-think-tanks-do-sul-global\\\/\"]}]},{\"@type\":\"BreadcrumbList\",\"@id\":\"https:\\\/\\\/diariodepe.com.br\\\/cri\\\/2024\\\/11\\\/14\\\/nanjing-sedia-2o-dialogo-de-think-tanks-do-sul-global\\\/#breadcrumb\",\"itemListElement\":[{\"@type\":\"ListItem\",\"position\":1,\"name\":\"In\u00edcio\",\"item\":\"https:\\\/\\\/diariodepe.com.br\\\/cri\\\/\"},{\"@type\":\"ListItem\",\"position\":2,\"name\":\"Nanjing sedia 2\u00ba Di\u00e1logo de Think Tanks do Sul Global\"}]},{\"@type\":\"WebSite\",\"@id\":\"https:\\\/\\\/diariodepe.com.br\\\/cri\\\/#website\",\"url\":\"https:\\\/\\\/diariodepe.com.br\\\/cri\\\/\",\"name\":\"CRI e Diario de Pernambuco\",\"description\":\"R\u00e1dio Internacional da China\",\"publisher\":{\"@id\":\"https:\\\/\\\/diariodepe.com.br\\\/cri\\\/#organization\"},\"potentialAction\":[{\"@type\":\"SearchAction\",\"target\":{\"@type\":\"EntryPoint\",\"urlTemplate\":\"https:\\\/\\\/diariodepe.com.br\\\/cri\\\/?s={search_term_string}\"},\"query-input\":{\"@type\":\"PropertyValueSpecification\",\"valueRequired\":true,\"valueName\":\"search_term_string\"}}],\"inLanguage\":\"pt-BR\"},{\"@type\":\"Organization\",\"@id\":\"https:\\\/\\\/diariodepe.com.br\\\/cri\\\/#organization\",\"name\":\"CRI e Diario de Pernambuco\",\"url\":\"https:\\\/\\\/diariodepe.com.br\\\/cri\\\/\",\"logo\":{\"@type\":\"ImageObject\",\"inLanguage\":\"pt-BR\",\"@id\":\"https:\\\/\\\/diariodepe.com.br\\\/cri\\\/#\\\/schema\\\/logo\\\/image\\\/\",\"url\":\"https:\\\/\\\/diariodepe.com.br\\\/cri\\\/wp-content\\\/uploads\\\/sites\\\/2\\\/2022\\\/12\\\/cropped-Logo.jpg\",\"contentUrl\":\"https:\\\/\\\/diariodepe.com.br\\\/cri\\\/wp-content\\\/uploads\\\/sites\\\/2\\\/2022\\\/12\\\/cropped-Logo.jpg\",\"width\":700,\"height\":59,\"caption\":\"CRI e Diario de Pernambuco\"},\"image\":{\"@id\":\"https:\\\/\\\/diariodepe.com.br\\\/cri\\\/#\\\/schema\\\/logo\\\/image\\\/\"}},{\"@type\":\"Person\",\"@id\":\"https:\\\/\\\/diariodepe.com.br\\\/cri\\\/#\\\/schema\\\/person\\\/121bb28d84f1a5b1205ef4ce9c2e0c6b\",\"name\":\"Ismael Lucas S. Pereira\",\"image\":{\"@type\":\"ImageObject\",\"inLanguage\":\"pt-BR\",\"@id\":\"https:\\\/\\\/secure.gravatar.com\\\/avatar\\\/887a0f3b5a7ceea963a48499fb883ffce6b5037362def025c52c2505b15d63e4?s=96&d=mm&r=g\",\"url\":\"https:\\\/\\\/secure.gravatar.com\\\/avatar\\\/887a0f3b5a7ceea963a48499fb883ffce6b5037362def025c52c2505b15d63e4?s=96&d=mm&r=g\",\"contentUrl\":\"https:\\\/\\\/secure.gravatar.com\\\/avatar\\\/887a0f3b5a7ceea963a48499fb883ffce6b5037362def025c52c2505b15d63e4?s=96&d=mm&r=g\",\"caption\":\"Ismael Lucas S. Pereira\"},\"url\":\"https:\\\/\\\/diariodepe.com.br\\\/cri\\\/author\\\/ismael-lucas\\\/\"}]}<\/script>\n<!-- \/ Yoast SEO plugin. -->","yoast_head_json":{"title":"Nanjing sedia 2\u00ba Di\u00e1logo de Think Tanks do Sul Global - CRI e Diario de Pernambuco","robots":{"index":"index","follow":"follow","max-snippet":"max-snippet:-1","max-image-preview":"max-image-preview:large","max-video-preview":"max-video-preview:-1"},"canonical":"https:\/\/diariodepe.com.br\/cri\/2024\/11\/14\/nanjing-sedia-2o-dialogo-de-think-tanks-do-sul-global\/","og_locale":"pt_BR","og_type":"article","og_title":"Nanjing sedia 2\u00ba Di\u00e1logo de Think Tanks do Sul Global - CRI e Diario de Pernambuco","og_description":"O segundo Di\u00e1logo de Think Tanks do Sul Global foi aberto hoje (14) em Nanjing, cidade da prov\u00edncia de Jiangsu, na China. Coorganizado pelo Departamento Internacional do Comit\u00ea Central do Partido Comunista da China (PCCh), pelo Comit\u00ea do PCCh na...","og_url":"https:\/\/diariodepe.com.br\/cri\/2024\/11\/14\/nanjing-sedia-2o-dialogo-de-think-tanks-do-sul-global\/","og_site_name":"CRI e Diario de Pernambuco","article_published_time":"2024-11-14T12:59:28+00:00","author":"Ismael Lucas S. Pereira","twitter_card":"summary_large_image","twitter_misc":{"Escrito por":"Ismael Lucas S. Pereira","Est. tempo de leitura":"2 minutos"},"schema":{"@context":"https:\/\/schema.org","@graph":[{"@type":"Article","@id":"https:\/\/diariodepe.com.br\/cri\/2024\/11\/14\/nanjing-sedia-2o-dialogo-de-think-tanks-do-sul-global\/#article","isPartOf":{"@id":"https:\/\/diariodepe.com.br\/cri\/2024\/11\/14\/nanjing-sedia-2o-dialogo-de-think-tanks-do-sul-global\/"},"author":{"name":"Ismael Lucas S. Pereira","@id":"https:\/\/diariodepe.com.br\/cri\/#\/schema\/person\/121bb28d84f1a5b1205ef4ce9c2e0c6b"},"headline":"Nanjing sedia 2\u00ba Di\u00e1logo de Think Tanks do Sul Global","datePublished":"2024-11-14T12:59:28+00:00","mainEntityOfPage":{"@id":"https:\/\/diariodepe.com.br\/cri\/2024\/11\/14\/nanjing-sedia-2o-dialogo-de-think-tanks-do-sul-global\/"},"wordCount":224,"commentCount":0,"publisher":{"@id":"https:\/\/diariodepe.com.br\/cri\/#organization"},"articleSection":["China"],"inLanguage":"pt-BR","potentialAction":[{"@type":"CommentAction","name":"Comment","target":["https:\/\/diariodepe.com.br\/cri\/2024\/11\/14\/nanjing-sedia-2o-dialogo-de-think-tanks-do-sul-global\/#respond"]}]},{"@type":"WebPage","@id":"https:\/\/diariodepe.com.br\/cri\/2024\/11\/14\/nanjing-sedia-2o-dialogo-de-think-tanks-do-sul-global\/","url":"https:\/\/diariodepe.com.br\/cri\/2024\/11\/14\/nanjing-sedia-2o-dialogo-de-think-tanks-do-sul-global\/","name":"Nanjing sedia 2\u00ba Di\u00e1logo de Think Tanks do Sul Global - CRI e Diario de Pernambuco","isPartOf":{"@id":"https:\/\/diariodepe.com.br\/cri\/#website"},"datePublished":"2024-11-14T12:59:28+00:00","breadcrumb":{"@id":"https:\/\/diariodepe.com.br\/cri\/2024\/11\/14\/nanjing-sedia-2o-dialogo-de-think-tanks-do-sul-global\/#breadcrumb"},"inLanguage":"pt-BR","potentialAction":[{"@type":"ReadAction","target":["https:\/\/diariodepe.com.br\/cri\/2024\/11\/14\/nanjing-sedia-2o-dialogo-de-think-tanks-do-sul-global\/"]}]},{"@type":"BreadcrumbList","@id":"https:\/\/diariodepe.com.br\/cri\/2024\/11\/14\/nanjing-sedia-2o-dialogo-de-think-tanks-do-sul-global\/#breadcrumb","itemListElement":[{"@type":"ListItem","position":1,"name":"In\u00edcio","item":"https:\/\/diariodepe.com.br\/cri\/"},{"@type":"ListItem","position":2,"name":"Nanjing sedia 2\u00ba Di\u00e1logo de Think Tanks do Sul Global"}]},{"@type":"WebSite","@id":"https:\/\/diariodepe.com.br\/cri\/#website","url":"https:\/\/diariodepe.com.br\/cri\/","name":"CRI e Diario de Pernambuco","description":"R\u00e1dio Internacional da China","publisher":{"@id":"https:\/\/diariodepe.com.br\/cri\/#organization"},"potentialAction":[{"@type":"SearchAction","target":{"@type":"EntryPoint","urlTemplate":"https:\/\/diariodepe.com.br\/cri\/?s={search_term_string}"},"query-input":{"@type":"PropertyValueSpecification","valueRequired":true,"valueName":"search_term_string"}}],"inLanguage":"pt-BR"},{"@type":"Organization","@id":"https:\/\/diariodepe.com.br\/cri\/#organization","name":"CRI e Diario de Pernambuco","url":"https:\/\/diariodepe.com.br\/cri\/","logo":{"@type":"ImageObject","inLanguage":"pt-BR","@id":"https:\/\/diariodepe.com.br\/cri\/#\/schema\/logo\/image\/","url":"https:\/\/diariodepe.com.br\/cri\/wp-content\/uploads\/sites\/2\/2022\/12\/cropped-Logo.jpg","contentUrl":"https:\/\/diariodepe.com.br\/cri\/wp-content\/uploads\/sites\/2\/2022\/12\/cropped-Logo.jpg","width":700,"height":59,"caption":"CRI e Diario de Pernambuco"},"image":{"@id":"https:\/\/diariodepe.com.br\/cri\/#\/schema\/logo\/image\/"}},{"@type":"Person","@id":"https:\/\/diariodepe.com.br\/cri\/#\/schema\/person\/121bb28d84f1a5b1205ef4ce9c2e0c6b","name":"Ismael Lucas S. Pereira","image":{"@type":"ImageObject","inLanguage":"pt-BR","@id":"https:\/\/secure.gravatar.com\/avatar\/887a0f3b5a7ceea963a48499fb883ffce6b5037362def025c52c2505b15d63e4?s=96&d=mm&r=g","url":"https:\/\/secure.gravatar.com\/avatar\/887a0f3b5a7ceea963a48499fb883ffce6b5037362def025c52c2505b15d63e4?s=96&d=mm&r=g","contentUrl":"https:\/\/secure.gravatar.com\/avatar\/887a0f3b5a7ceea963a48499fb883ffce6b5037362def025c52c2505b15d63e4?s=96&d=mm&r=g","caption":"Ismael Lucas S. Pereira"},"url":"https:\/\/diariodepe.com.br\/cri\/author\/ismael-lucas\/"}]}},"cc_featured_image_caption":{"caption_text":false,"source_text":false,"source_url":false},"amp_enabled":true,"_links":{"self":[{"href":"https:\/\/diariodepe.com.br\/cri\/wp-json\/wp\/v2\/posts\/6648","targetHints":{"allow":["GET"]}}],"collection":[{"href":"https:\/\/diariodepe.com.br\/cri\/wp-json\/wp\/v2\/posts"}],"about":[{"href":"https:\/\/diariodepe.com.br\/cri\/wp-json\/wp\/v2\/types\/post"}],"author":[{"embeddable":true,"href":"https:\/\/diariodepe.com.br\/cri\/wp-json\/wp\/v2\/users\/2"}],"replies":[{"embeddable":true,"href":"https:\/\/diariodepe.com.br\/cri\/wp-json\/wp\/v2\/comments?post=6648"}],"version-history":[{"count":1,"href":"https:\/\/diariodepe.com.br\/cri\/wp-json\/wp\/v2\/posts\/6648\/revisions"}],"predecessor-version":[{"id":6649,"href":"https:\/\/diariodepe.com.br\/cri\/wp-json\/wp\/v2\/posts\/6648\/revisions\/6649"}],"wp:attachment":[{"href":"https:\/\/diariodepe.com.br\/cri\/wp-json\/wp\/v2\/media?parent=6648"}],"wp:term":[{"taxonomy":"category","embeddable":true,"href":"https:\/\/diariodepe.com.br\/cri\/wp-json\/wp\/v2\/categories?post=6648"},{"taxonomy":"post_tag","embeddable":true,"href":"https:\/\/diariodepe.com.br\/cri\/wp-json\/wp\/v2\/tags?post=6648"}],"curies":[{"name":"wp","href":"https:\/\/api.w.org\/{rel}","templated":true}]}}